{"id":13128,"date":"2026-03-21T22:17:15","date_gmt":"2026-03-21T21:17:15","guid":{"rendered":"https:\/\/vieassociative.be\/actualites\/liran-convoque-le-footballeur-allemand-du-standard-de-liege-dans-son-equipe-nationale-avant-la-coupe-du-monde\/"},"modified":"2026-03-21T22:17:15","modified_gmt":"2026-03-21T21:17:15","slug":"liran-convoque-le-footballeur-allemand-du-standard-de-liege-dans-son-equipe-nationale-avant-la-coupe-du-monde","status":"publish","type":"post","link":"https:\/\/vieassociative.be\/actualites\/liran-convoque-le-footballeur-allemand-du-standard-de-liege-dans-son-equipe-nationale-avant-la-coupe-du-monde\/","title":{"rendered":"L&rsquo;Iran convoque le footballeur allemand du Standard de Li\u00e8ge dans son \u00e9quipe nationale avant la Coupe du monde"},"content":{"rendered":"<p><strong>L&rsquo;ancien joueur national allemand U19 Dennis Eckert-Ayensa est sur le point de faire ses d\u00e9buts en tant que joueur national senior \u2013 mais pas pour l&rsquo;Allemagne, mais pour l&rsquo;Iran.<\/strong><\/p>\n<p><span id=\"more-437896\"><\/span>L&rsquo;attaquant allemand Dennis Eckert Ayensa, qui a jou\u00e9 \u00e0 l&rsquo;Union Saint-Gilloise de 2022 \u00e0 2024 et est depuis sous contrat avec le Standard de Li\u00e8ge, a \u00e9t\u00e9 nomm\u00e9 dans l&rsquo;\u00e9quipe de l&rsquo;\u00e9quipe nationale iranienne de football, qui appartiendra au groupe belge si elle participe \u00e0 la Coupe du monde aux Etats-Unis, au Mexique et au Canada, ainsi qu&rsquo;en Egypte et en Nouvelle-Z\u00e9lande.<\/p>\n<p>\u00ab\u00a0Eckert a \u00e9t\u00e9 invit\u00e9 au camp d&rsquo;entra\u00eenement et aura l&rsquo;opportunit\u00e9 de jouer pour l&rsquo;\u00e9quipe nationale iranienne apr\u00e8s avoir re\u00e7u les approbations n\u00e9cessaires de la FIFA\u00a0\u00bb, a d\u00e9clar\u00e9 la F\u00e9d\u00e9ration iranienne de football (FFI) dans un communiqu\u00e9.<\/p>\n<p>L&rsquo;homme de 29 ans a un p\u00e8re allemand d&rsquo;origine persane et une m\u00e8re espagnole. Sa tante est la c\u00e9l\u00e8bre actrice iranienne Anahita Dargahi. <\/p>\n<\/p>\n<div id=\"attachment_431229\" class=\"wp-caption alignleft\" style=\"max-width: 300px\"><img fetchpriority=\"high\" decoding=\"async\" class=\"wp-image-431229 size-medium\" src=\"https:\/\/vieassociative.be\/actualites\/wp-content\/uploads\/2025\/12\/Coupe-du-monde-de-football-2026-les-Diables-Rouges.jpg\" alt=\"\" width=\"300\" height=\"200\"><\/div>\n<p>Eckert Ayensa a jou\u00e9, entre autres, pour l&rsquo;\u00e9quipe espagnole de premi\u00e8re division du Celta Vigo et pour le FC Ingolstadt en deuxi\u00e8me et troisi\u00e8me division. Apr\u00e8s deux ann\u00e9es \u00e0 l&rsquo;Union Saint-Gilloise, le joueur de 29 ans est sous contrat avec le Standard de Li\u00e8ge depuis 2024.<\/p>\n<p>L&rsquo;\u00e9quipe de 35 joueurs d\u00e9sign\u00e9e par l&rsquo;entra\u00eeneur-chef Amir Ghalenoei se rendra en Turquie pour deux matchs pr\u00e9paratoires, au cours desquels des matchs contre le Nigeria et le Costa Rica sont pr\u00e9vus, selon la FFI selon l&rsquo;agence de presse Isna.<\/p>\n<p>Apr\u00e8s les r\u00e9centes attaques militaires des \u00c9tats-Unis et d&rsquo;Isra\u00ebl, les FFI ont initialement annonc\u00e9 qu&rsquo;elles ne participeraient pas \u00e0 la Coupe du monde. Cependant, il a \u00e9t\u00e9 annonc\u00e9 plus tard que l&rsquo;Iran participerait \u00e0 la comp\u00e9tition, mais \u00e0 condition qu&rsquo;il veuille disputer les trois matchs du tour pr\u00e9liminaire au Mexique. <\/p>\n<p>Eckert Ayensa est le cinqui\u00e8me joueur allemand d&rsquo;origine persane dans l&rsquo;histoire de l&rsquo;\u00e9quipe nationale iranienne. Avant lui, Ferydoon Zandi, Amir Shapourzadeh, Daniel Davari et Ashkan Dejagah ont jou\u00e9 pour le pays. M\u00eame si Dejagah \u00e9tait parfois capitaine, les trois autres ont eu moins de succ\u00e8s.<br \/>\n(dpa\/cr\u00e9)<\/p>\n","protected":false},"excerpt":{"rendered":"<p>L&rsquo;ancien joueur national allemand U19 Dennis Eckert-Ayensa est sur le point de faire ses d\u00e9buts en tant que joueur national senior \u2013 mais pas pour<\/p>\n","protected":false},"author":1,"featured_media":13129,"comment_status":"","ping_status":"","sticky":false,"template":"","format":"standard","meta":{"footnotes":""},"categories":[298],"tags":[2732,142,9177,2472,166,3875,4079,6554,7426,237,538,800,6549],"class_list":["post-13128","post","type-post","status-publish","format-standard","has-post-thumbnail","hentry","category-belgique","tag-allemand","tag-avant","tag-convoque","tag-coupe","tag-dans","tag-equipe","tag-footballeur","tag-liege","tag-liran","tag-monde","tag-nationale","tag-son","tag-standard","generate-columns","tablet-grid-50","mobile-grid-100","grid-parent","grid-33"],"yoast_head":"<!-- This site is optimized with the Yoast SEO plugin v24.0 - https:\/\/yoast.com\/wordpress\/plugins\/seo\/ -->\n<title>L&#039;Iran convoque le footballeur allemand du Standard de Li\u00e8ge dans son \u00e9quipe nationale avant la Coupe du monde | Vie Associative<\/title>\n<meta name=\"robots\" content=\"index, follow, max-snippet:-1, max-image-preview:large, max-video-preview:-1\" \/>\n<link rel=\"canonical\" href=\"https:\/\/vieassociative.be\/actualites\/liran-convoque-le-footballeur-allemand-du-standard-de-liege-dans-son-equipe-nationale-avant-la-coupe-du-monde\/\" \/>\n<meta property=\"og:locale\" content=\"fr_FR\" \/>\n<meta property=\"og:type\" content=\"article\" \/>\n<meta property=\"og:title\" content=\"L&#039;Iran convoque le footballeur allemand du Standard de Li\u00e8ge dans son \u00e9quipe nationale avant la Coupe du monde | Vie Associative\" \/>\n<meta property=\"og:description\" content=\"L&rsquo;ancien joueur national allemand U19 Dennis Eckert-Ayensa est sur le point de faire ses d\u00e9buts en tant que joueur national senior \u2013 mais pas pour\" \/>\n<meta property=\"og:url\" content=\"https:\/\/vieassociative.be\/actualites\/liran-convoque-le-footballeur-allemand-du-standard-de-liege-dans-son-equipe-nationale-avant-la-coupe-du-monde\/\" \/>\n<meta property=\"og:site_name\" content=\"Vie Associative\" \/>\n<meta property=\"article:published_time\" content=\"2026-03-21T21:17:15+00:00\" \/>\n<meta property=\"og:image\" content=\"https:\/\/vieassociative.be\/actualites\/wp-content\/uploads\/2024\/09\/header_backgroundk-01-e1726694325946.png\" \/>\n\t<meta property=\"og:image:width\" content=\"279\" \/>\n\t<meta property=\"og:image:height\" content=\"92\" \/>\n\t<meta property=\"og:image:type\" content=\"image\/png\" \/>\n<meta name=\"author\" content=\"Julien\" \/>\n<meta name=\"twitter:card\" content=\"summary_large_image\" \/>\n<meta name=\"twitter:label1\" content=\"\u00c9crit par\" \/>\n\t<meta name=\"twitter:data1\" content=\"Julien\" \/>\n\t<meta name=\"twitter:label2\" content=\"Dur\u00e9e de lecture est.\" \/>\n\t<meta name=\"twitter:data2\" content=\"2 minutes\" \/>\n<script type=\"application\/ld+json\" class=\"yoast-schema-graph\">{\"@context\":\"https:\/\/schema.org\",\"@graph\":[{\"@type\":\"Article\",\"@id\":\"https:\/\/vieassociative.be\/actualites\/liran-convoque-le-footballeur-allemand-du-standard-de-liege-dans-son-equipe-nationale-avant-la-coupe-du-monde\/#article\",\"isPartOf\":{\"@id\":\"https:\/\/vieassociative.be\/actualites\/liran-convoque-le-footballeur-allemand-du-standard-de-liege-dans-son-equipe-nationale-avant-la-coupe-du-monde\/\"},\"author\":{\"name\":\"Julien\",\"@id\":\"https:\/\/vieassociative.be\/actualites\/#\/schema\/person\/b87ac4f82f9d4e7b7cec7395b679edc4\"},\"headline\":\"L&rsquo;Iran convoque le footballeur allemand du Standard de Li\u00e8ge dans son \u00e9quipe nationale avant la Coupe du monde\",\"datePublished\":\"2026-03-21T21:17:15+00:00\",\"dateModified\":\"2026-03-21T21:17:15+00:00\",\"mainEntityOfPage\":{\"@id\":\"https:\/\/vieassociative.be\/actualites\/liran-convoque-le-footballeur-allemand-du-standard-de-liege-dans-son-equipe-nationale-avant-la-coupe-du-monde\/\"},\"wordCount\":396,\"publisher\":{\"@id\":\"https:\/\/vieassociative.be\/actualites\/#organization\"},\"image\":{\"@id\":\"https:\/\/vieassociative.be\/actualites\/liran-convoque-le-footballeur-allemand-du-standard-de-liege-dans-son-equipe-nationale-avant-la-coupe-du-monde\/#primaryimage\"},\"thumbnailUrl\":\"https:\/\/vieassociative.be\/actualites\/wp-content\/uploads\/2026\/03\/LIran-convoque-le-footballeur-allemand-du-Standard-de-Liege-dans.jpg\",\"keywords\":[\"allemand\",\"avant\",\"convoqu\u00e9\",\"Coupe\",\"dans\",\"\u00e9quipe\",\"footballeur\",\"Li\u00e8ge\",\"lIran\",\"monde\",\"nationale\",\"son\",\"standard\"],\"articleSection\":[\"Belgique\"],\"inLanguage\":\"fr-BE\"},{\"@type\":\"WebPage\",\"@id\":\"https:\/\/vieassociative.be\/actualites\/liran-convoque-le-footballeur-allemand-du-standard-de-liege-dans-son-equipe-nationale-avant-la-coupe-du-monde\/\",\"url\":\"https:\/\/vieassociative.be\/actualites\/liran-convoque-le-footballeur-allemand-du-standard-de-liege-dans-son-equipe-nationale-avant-la-coupe-du-monde\/\",\"name\":\"L'Iran convoque le footballeur allemand du Standard de Li\u00e8ge dans son \u00e9quipe nationale avant la Coupe du monde | Vie Associative\",\"isPartOf\":{\"@id\":\"https:\/\/vieassociative.be\/actualites\/#website\"},\"primaryImageOfPage\":{\"@id\":\"https:\/\/vieassociative.be\/actualites\/liran-convoque-le-footballeur-allemand-du-standard-de-liege-dans-son-equipe-nationale-avant-la-coupe-du-monde\/#primaryimage\"},\"image\":{\"@id\":\"https:\/\/vieassociative.be\/actualites\/liran-convoque-le-footballeur-allemand-du-standard-de-liege-dans-son-equipe-nationale-avant-la-coupe-du-monde\/#primaryimage\"},\"thumbnailUrl\":\"https:\/\/vieassociative.be\/actualites\/wp-content\/uploads\/2026\/03\/LIran-convoque-le-footballeur-allemand-du-Standard-de-Liege-dans.jpg\",\"datePublished\":\"2026-03-21T21:17:15+00:00\",\"dateModified\":\"2026-03-21T21:17:15+00:00\",\"breadcrumb\":{\"@id\":\"https:\/\/vieassociative.be\/actualites\/liran-convoque-le-footballeur-allemand-du-standard-de-liege-dans-son-equipe-nationale-avant-la-coupe-du-monde\/#breadcrumb\"},\"inLanguage\":\"fr-BE\",\"potentialAction\":[{\"@type\":\"ReadAction\",\"target\":[\"https:\/\/vieassociative.be\/actualites\/liran-convoque-le-footballeur-allemand-du-standard-de-liege-dans-son-equipe-nationale-avant-la-coupe-du-monde\/\"]}]},{\"@type\":\"ImageObject\",\"inLanguage\":\"fr-BE\",\"@id\":\"https:\/\/vieassociative.be\/actualites\/liran-convoque-le-footballeur-allemand-du-standard-de-liege-dans-son-equipe-nationale-avant-la-coupe-du-monde\/#primaryimage\",\"url\":\"https:\/\/vieassociative.be\/actualites\/wp-content\/uploads\/2026\/03\/LIran-convoque-le-footballeur-allemand-du-Standard-de-Liege-dans.jpg\",\"contentUrl\":\"https:\/\/vieassociative.be\/actualites\/wp-content\/uploads\/2026\/03\/LIran-convoque-le-footballeur-allemand-du-Standard-de-Liege-dans.jpg\",\"width\":1200,\"height\":800,\"caption\":\"L'Iran convoque le footballeur allemand du Standard de Li\u00e8ge dans son \u00e9quipe nationale avant la Coupe du monde\"},{\"@type\":\"BreadcrumbList\",\"@id\":\"https:\/\/vieassociative.be\/actualites\/liran-convoque-le-footballeur-allemand-du-standard-de-liege-dans-son-equipe-nationale-avant-la-coupe-du-monde\/#breadcrumb\",\"itemListElement\":[{\"@type\":\"ListItem\",\"position\":1,\"name\":\"Accueil\",\"item\":\"https:\/\/vieassociative.be\/actualites\/\"},{\"@type\":\"ListItem\",\"position\":2,\"name\":\"L&rsquo;Iran convoque le footballeur allemand du Standard de Li\u00e8ge dans son \u00e9quipe nationale avant la Coupe du monde\"}]},{\"@type\":\"WebSite\",\"@id\":\"https:\/\/vieassociative.be\/actualites\/#website\",\"url\":\"https:\/\/vieassociative.be\/actualites\/\",\"name\":\"Vie Associative\",\"description\":\"\",\"publisher\":{\"@id\":\"https:\/\/vieassociative.be\/actualites\/#organization\"},\"potentialAction\":[{\"@type\":\"SearchAction\",\"target\":{\"@type\":\"EntryPoint\",\"urlTemplate\":\"https:\/\/vieassociative.be\/actualites\/?s={search_term_string}\"},\"query-input\":{\"@type\":\"PropertyValueSpecification\",\"valueRequired\":true,\"valueName\":\"search_term_string\"}}],\"inLanguage\":\"fr-BE\"},{\"@type\":\"Organization\",\"@id\":\"https:\/\/vieassociative.be\/actualites\/#organization\",\"name\":\"Vie Associative\",\"url\":\"https:\/\/vieassociative.be\/actualites\/\",\"logo\":{\"@type\":\"ImageObject\",\"inLanguage\":\"fr-BE\",\"@id\":\"https:\/\/vieassociative.be\/actualites\/#\/schema\/logo\/image\/\",\"url\":\"https:\/\/vieassociative.be\/actualites\/wp-content\/uploads\/2024\/09\/cropped-vieassociative_favicon.ico.png\",\"contentUrl\":\"https:\/\/vieassociative.be\/actualites\/wp-content\/uploads\/2024\/09\/cropped-vieassociative_favicon.ico.png\",\"width\":512,\"height\":512,\"caption\":\"Vie Associative\"},\"image\":{\"@id\":\"https:\/\/vieassociative.be\/actualites\/#\/schema\/logo\/image\/\"}},{\"@type\":\"Person\",\"@id\":\"https:\/\/vieassociative.be\/actualites\/#\/schema\/person\/b87ac4f82f9d4e7b7cec7395b679edc4\",\"name\":\"Julien\",\"image\":{\"@type\":\"ImageObject\",\"inLanguage\":\"fr-BE\",\"@id\":\"https:\/\/vieassociative.be\/actualites\/#\/schema\/person\/image\/\",\"url\":\"https:\/\/vieassociative.be\/actualites\/wp-content\/uploads\/2024\/09\/vie-associative-1-150x150.jpg\",\"contentUrl\":\"https:\/\/vieassociative.be\/actualites\/wp-content\/uploads\/2024\/09\/vie-associative-1-150x150.jpg\",\"caption\":\"Julien\"},\"description\":\"Je suis Julien, r\u00e9dacteur pour Vie Associative. Passionn\u00e9 par le monde associatif depuis plus de 10 ans, j'ai \u00e0 c\u0153ur de partager des histoires inspirantes et de mettre en lumi\u00e8re les initiatives locales. Mon objectif est de sensibiliser et d'encourager l'engagement communautaire \u00e0 travers mes articles.\",\"sameAs\":[\"https:\/\/vieassociative.be\/\"]}]}<\/script>\n<!-- \/ Yoast SEO plugin. -->","yoast_head_json":{"title":"L'Iran convoque le footballeur allemand du Standard de Li\u00e8ge dans son \u00e9quipe nationale avant la Coupe du monde | Vie Associative","robots":{"index":"index","follow":"follow","max-snippet":"max-snippet:-1","max-image-preview":"max-image-preview:large","max-video-preview":"max-video-preview:-1"},"canonical":"https:\/\/vieassociative.be\/actualites\/liran-convoque-le-footballeur-allemand-du-standard-de-liege-dans-son-equipe-nationale-avant-la-coupe-du-monde\/","og_locale":"fr_FR","og_type":"article","og_title":"L'Iran convoque le footballeur allemand du Standard de Li\u00e8ge dans son \u00e9quipe nationale avant la Coupe du monde | Vie Associative","og_description":"L&rsquo;ancien joueur national allemand U19 Dennis Eckert-Ayensa est sur le point de faire ses d\u00e9buts en tant que joueur national senior \u2013 mais pas pour","og_url":"https:\/\/vieassociative.be\/actualites\/liran-convoque-le-footballeur-allemand-du-standard-de-liege-dans-son-equipe-nationale-avant-la-coupe-du-monde\/","og_site_name":"Vie Associative","article_published_time":"2026-03-21T21:17:15+00:00","og_image":[{"width":279,"height":92,"url":"https:\/\/vieassociative.be\/actualites\/wp-content\/uploads\/2024\/09\/header_backgroundk-01-e1726694325946.png","type":"image\/png"}],"author":"Julien","twitter_card":"summary_large_image","twitter_misc":{"\u00c9crit par":"Julien","Dur\u00e9e de lecture est.":"2 minutes"},"schema":{"@context":"https:\/\/schema.org","@graph":[{"@type":"Article","@id":"https:\/\/vieassociative.be\/actualites\/liran-convoque-le-footballeur-allemand-du-standard-de-liege-dans-son-equipe-nationale-avant-la-coupe-du-monde\/#article","isPartOf":{"@id":"https:\/\/vieassociative.be\/actualites\/liran-convoque-le-footballeur-allemand-du-standard-de-liege-dans-son-equipe-nationale-avant-la-coupe-du-monde\/"},"author":{"name":"Julien","@id":"https:\/\/vieassociative.be\/actualites\/#\/schema\/person\/b87ac4f82f9d4e7b7cec7395b679edc4"},"headline":"L&rsquo;Iran convoque le footballeur allemand du Standard de Li\u00e8ge dans son \u00e9quipe nationale avant la Coupe du monde","datePublished":"2026-03-21T21:17:15+00:00","dateModified":"2026-03-21T21:17:15+00:00","mainEntityOfPage":{"@id":"https:\/\/vieassociative.be\/actualites\/liran-convoque-le-footballeur-allemand-du-standard-de-liege-dans-son-equipe-nationale-avant-la-coupe-du-monde\/"},"wordCount":396,"publisher":{"@id":"https:\/\/vieassociative.be\/actualites\/#organization"},"image":{"@id":"https:\/\/vieassociative.be\/actualites\/liran-convoque-le-footballeur-allemand-du-standard-de-liege-dans-son-equipe-nationale-avant-la-coupe-du-monde\/#primaryimage"},"thumbnailUrl":"https:\/\/vieassociative.be\/actualites\/wp-content\/uploads\/2026\/03\/LIran-convoque-le-footballeur-allemand-du-Standard-de-Liege-dans.jpg","keywords":["allemand","avant","convoqu\u00e9","Coupe","dans","\u00e9quipe","footballeur","Li\u00e8ge","lIran","monde","nationale","son","standard"],"articleSection":["Belgique"],"inLanguage":"fr-BE"},{"@type":"WebPage","@id":"https:\/\/vieassociative.be\/actualites\/liran-convoque-le-footballeur-allemand-du-standard-de-liege-dans-son-equipe-nationale-avant-la-coupe-du-monde\/","url":"https:\/\/vieassociative.be\/actualites\/liran-convoque-le-footballeur-allemand-du-standard-de-liege-dans-son-equipe-nationale-avant-la-coupe-du-monde\/","name":"L'Iran convoque le footballeur allemand du Standard de Li\u00e8ge dans son \u00e9quipe nationale avant la Coupe du monde | Vie Associative","isPartOf":{"@id":"https:\/\/vieassociative.be\/actualites\/#website"},"primaryImageOfPage":{"@id":"https:\/\/vieassociative.be\/actualites\/liran-convoque-le-footballeur-allemand-du-standard-de-liege-dans-son-equipe-nationale-avant-la-coupe-du-monde\/#primaryimage"},"image":{"@id":"https:\/\/vieassociative.be\/actualites\/liran-convoque-le-footballeur-allemand-du-standard-de-liege-dans-son-equipe-nationale-avant-la-coupe-du-monde\/#primaryimage"},"thumbnailUrl":"https:\/\/vieassociative.be\/actualites\/wp-content\/uploads\/2026\/03\/LIran-convoque-le-footballeur-allemand-du-Standard-de-Liege-dans.jpg","datePublished":"2026-03-21T21:17:15+00:00","dateModified":"2026-03-21T21:17:15+00:00","breadcrumb":{"@id":"https:\/\/vieassociative.be\/actualites\/liran-convoque-le-footballeur-allemand-du-standard-de-liege-dans-son-equipe-nationale-avant-la-coupe-du-monde\/#breadcrumb"},"inLanguage":"fr-BE","potentialAction":[{"@type":"ReadAction","target":["https:\/\/vieassociative.be\/actualites\/liran-convoque-le-footballeur-allemand-du-standard-de-liege-dans-son-equipe-nationale-avant-la-coupe-du-monde\/"]}]},{"@type":"ImageObject","inLanguage":"fr-BE","@id":"https:\/\/vieassociative.be\/actualites\/liran-convoque-le-footballeur-allemand-du-standard-de-liege-dans-son-equipe-nationale-avant-la-coupe-du-monde\/#primaryimage","url":"https:\/\/vieassociative.be\/actualites\/wp-content\/uploads\/2026\/03\/LIran-convoque-le-footballeur-allemand-du-Standard-de-Liege-dans.jpg","contentUrl":"https:\/\/vieassociative.be\/actualites\/wp-content\/uploads\/2026\/03\/LIran-convoque-le-footballeur-allemand-du-Standard-de-Liege-dans.jpg","width":1200,"height":800,"caption":"L'Iran convoque le footballeur allemand du Standard de Li\u00e8ge dans son \u00e9quipe nationale avant la Coupe du monde"},{"@type":"BreadcrumbList","@id":"https:\/\/vieassociative.be\/actualites\/liran-convoque-le-footballeur-allemand-du-standard-de-liege-dans-son-equipe-nationale-avant-la-coupe-du-monde\/#breadcrumb","itemListElement":[{"@type":"ListItem","position":1,"name":"Accueil","item":"https:\/\/vieassociative.be\/actualites\/"},{"@type":"ListItem","position":2,"name":"L&rsquo;Iran convoque le footballeur allemand du Standard de Li\u00e8ge dans son \u00e9quipe nationale avant la Coupe du monde"}]},{"@type":"WebSite","@id":"https:\/\/vieassociative.be\/actualites\/#website","url":"https:\/\/vieassociative.be\/actualites\/","name":"Vie Associative","description":"","publisher":{"@id":"https:\/\/vieassociative.be\/actualites\/#organization"},"potentialAction":[{"@type":"SearchAction","target":{"@type":"EntryPoint","urlTemplate":"https:\/\/vieassociative.be\/actualites\/?s={search_term_string}"},"query-input":{"@type":"PropertyValueSpecification","valueRequired":true,"valueName":"search_term_string"}}],"inLanguage":"fr-BE"},{"@type":"Organization","@id":"https:\/\/vieassociative.be\/actualites\/#organization","name":"Vie Associative","url":"https:\/\/vieassociative.be\/actualites\/","logo":{"@type":"ImageObject","inLanguage":"fr-BE","@id":"https:\/\/vieassociative.be\/actualites\/#\/schema\/logo\/image\/","url":"https:\/\/vieassociative.be\/actualites\/wp-content\/uploads\/2024\/09\/cropped-vieassociative_favicon.ico.png","contentUrl":"https:\/\/vieassociative.be\/actualites\/wp-content\/uploads\/2024\/09\/cropped-vieassociative_favicon.ico.png","width":512,"height":512,"caption":"Vie Associative"},"image":{"@id":"https:\/\/vieassociative.be\/actualites\/#\/schema\/logo\/image\/"}},{"@type":"Person","@id":"https:\/\/vieassociative.be\/actualites\/#\/schema\/person\/b87ac4f82f9d4e7b7cec7395b679edc4","name":"Julien","image":{"@type":"ImageObject","inLanguage":"fr-BE","@id":"https:\/\/vieassociative.be\/actualites\/#\/schema\/person\/image\/","url":"https:\/\/vieassociative.be\/actualites\/wp-content\/uploads\/2024\/09\/vie-associative-1-150x150.jpg","contentUrl":"https:\/\/vieassociative.be\/actualites\/wp-content\/uploads\/2024\/09\/vie-associative-1-150x150.jpg","caption":"Julien"},"description":"Je suis Julien, r\u00e9dacteur pour Vie Associative. Passionn\u00e9 par le monde associatif depuis plus de 10 ans, j'ai \u00e0 c\u0153ur de partager des histoires inspirantes et de mettre en lumi\u00e8re les initiatives locales. Mon objectif est de sensibiliser et d'encourager l'engagement communautaire \u00e0 travers mes articles.","sameAs":["https:\/\/vieassociative.be\/"]}]}},"_links":{"self":[{"href":"https:\/\/vieassociative.be\/actualites\/wp-json\/wp\/v2\/posts\/13128"}],"collection":[{"href":"https:\/\/vieassociative.be\/actualites\/wp-json\/wp\/v2\/posts"}],"about":[{"href":"https:\/\/vieassociative.be\/actualites\/wp-json\/wp\/v2\/types\/post"}],"author":[{"embeddable":true,"href":"https:\/\/vieassociative.be\/actualites\/wp-json\/wp\/v2\/users\/1"}],"replies":[{"embeddable":true,"href":"https:\/\/vieassociative.be\/actualites\/wp-json\/wp\/v2\/comments?post=13128"}],"version-history":[{"count":0,"href":"https:\/\/vieassociative.be\/actualites\/wp-json\/wp\/v2\/posts\/13128\/revisions"}],"wp:featuredmedia":[{"embeddable":true,"href":"https:\/\/vieassociative.be\/actualites\/wp-json\/wp\/v2\/media\/13129"}],"wp:attachment":[{"href":"https:\/\/vieassociative.be\/actualites\/wp-json\/wp\/v2\/media?parent=13128"}],"wp:term":[{"taxonomy":"category","embeddable":true,"href":"https:\/\/vieassociative.be\/actualites\/wp-json\/wp\/v2\/categories?post=13128"},{"taxonomy":"post_tag","embeddable":true,"href":"https:\/\/vieassociative.be\/actualites\/wp-json\/wp\/v2\/tags?post=13128"}],"curies":[{"name":"wp","href":"https:\/\/api.w.org\/{rel}","templated":true}]}}