{"id":13126,"date":"2026-03-21T21:17:16","date_gmt":"2026-03-21T20:17:16","guid":{"rendered":"https:\/\/vieassociative.be\/actualites\/mon-projecteur-portable-prefere-beneficie-dune-reduction-de-130-lors-des-premieres-grandes-ventes-de-printemps-damazon\/"},"modified":"2026-03-21T21:17:16","modified_gmt":"2026-03-21T20:17:16","slug":"mon-projecteur-portable-prefere-beneficie-dune-reduction-de-130-lors-des-premieres-grandes-ventes-de-printemps-damazon","status":"publish","type":"post","link":"https:\/\/vieassociative.be\/actualites\/mon-projecteur-portable-prefere-beneficie-dune-reduction-de-130-lors-des-premieres-grandes-ventes-de-printemps-damazon\/","title":{"rendered":"Mon projecteur portable pr\u00e9f\u00e9r\u00e9 b\u00e9n\u00e9ficie d&rsquo;une r\u00e9duction de 130 $ lors des premi\u00e8res grandes ventes de printemps d&rsquo;Amazon"},"content":{"rendered":"<p>Nous pouvons gagner une commission sur les liens sur cette page. Les prix et la disponibilit\u00e9 de l&rsquo;offre sont sujets \u00e0 changement apr\u00e8s la publication.<\/p>\n<p>Les soldes de printemps d&rsquo;Amazon approchent \u00e0 grands pas, mais vous pouvez d\u00e9j\u00e0 profiter de bonnes affaires en avant-premi\u00e8re. J&rsquo;ai test\u00e9 des projecteurs portables pour de nombreux cas d&rsquo;utilisation diff\u00e9rents, mais peu, voire aucun, se rapprochent du package complet propos\u00e9 par le XGIMI MoGo 3 Pro. C&rsquo;est mon pr\u00e9f\u00e9r\u00e9 du lot, et pour le moment, vous pouvez l&rsquo;obtenir dans un joli pack avec le XGIMI MoGo 3 Pro et le support PowerBase (dont vous avez honn\u00eatement besoin pour tirer le meilleur parti de l&rsquo;appareil) pour <strong>368,99 $, <\/strong>en baisse de 130 $ par rapport \u00e0 son prix au lancement \u00e0 l\u2019automne 2024. Il s\u2019agit d\u2019un prix historiquement bas, selon les outils de suivi des prix.  <\/p>\n<div class=\"pogoClear mb-12 mt-10 rounded-md border-2 border-gray-100 py-7 shadow-xl md:py-6\">\n<div class=\"flex flex-wrap justify-between px-7 text-black no-underline md:flex-nowrap md:px-8\">\n<div class=\"order-1 mx-auto flex flex-col justify-center md:order-2 md:ml-4 md:w-full md:grow\">\n<div class=\"block cursor-pointer text-center font-akshar text-2xl font-medium leading-7 text-brand-green duration-200 ease-in-out hover:text-brand-green-700 md:text-left md:text-xl md:leading-6\">Pack XGIMI MoGo 3 Pro\n                <\/div>\n<div class=\"mt-4 block font-sans text-sm font-medium leading-4 text-gray-900 md:mx-0 md:mt-2\">Avec support PowerBase\n                    <\/div>\n<div class=\"mt-4 hidden md:flex md:justify-between\">\n<div class=\"self-end\">\n<div class=\"mb-0 h-11 md:flex md:flex-col md:justify-center\">\n<div class=\" font-sans leading-4 text-black\">\n<div class=\"flex flex-wrap items-center justify-center gap-1 md:justify-start\">\n        <span class=\"font-bold\"><\/p>\n<p>            368,98\u00a0$<br \/>\n                            <span class=\"font-medium\">chez Amazon<\/span><br \/>\n                    <\/span>\n            <\/div>\n<div class=\"flex items-center justify-center gap-x-1 font-bold md:justify-start\">\n            <span class=\"text-sm line-through\">439,00\u00a0$<\/span><br \/>\n            <span class=\"text-sm text-brand-green\">\u00c9conomisez 70,02\u00a0$<\/span>\n        <\/div>\n<\/p><\/div>\n<\/p><\/div>\n<\/p><\/div>\n<div class=\"w-44 self-end\">\n                            <button class=\"flex justify-center items-center w-full bg-brand-green text-white text-base font-sans font-medium rounded-md hover:bg-brand-green-700 hover:cursor-pointer md:text-sm h-11\"><\/p>\n<p>    Obtenez une offre<br \/>\n<\/button>\n                        <\/div>\n<\/p><\/div>\n<\/p><\/div>\n<div class=\"order-2 mt-5 h-auto w-full md:order-1 md:mt-0 md:hidden\">\n<div class=\"flex aspect-video items-center justify-center\">\n                                            <img decoding=\"async\" class=\"m-0 max-h-full max-w-full rounded-md\" src=\"https:\/\/vieassociative.be\/actualites\/wp-content\/uploads\/2026\/03\/Mon-projecteur-portable-prefere-beneficie-dune-reduction-de-130.jpg\" alt=\"XGIMI MoGo 3 Pro avec support PowerBase\" width=\"auto\" height=\"auto\" loading=\"lazy\">\n                                    <\/div>\n<\/p><\/div>\n<div class=\"order-2 ml-2 hidden w-32 shrink-0 items-center md:order-1 md:ml-0 md:flex\">\n<div class=\"flex aspect-video items-center justify-center\">\n                                            <img decoding=\"async\" class=\"m-0 max-h-full max-w-full rounded-md\" src=\"https:\/\/vieassociative.be\/actualites\/wp-content\/uploads\/2026\/03\/Mon-projecteur-portable-prefere-beneficie-dune-reduction-de-130.jpg\" alt=\"XGIMI MoGo 3 Pro avec support PowerBase\" width=\"auto\" height=\"auto\" loading=\"lazy\">\n                                    <\/div>\n<\/p><\/div>\n<div class=\"order-3 flex grow flex-wrap md:hidden md:grow-0\">\n<div class=\"mt-4 w-full\">\n                        <button class=\"flex justify-center items-center w-full bg-brand-green text-white text-base font-sans font-medium rounded-md hover:bg-brand-green-700 hover:cursor-pointer md:text-sm h-11\"><\/p>\n<p>    Obtenez une offre<br \/>\n<\/button>\n                    <\/div>\n<div class=\"mx-2 mt-4 w-full\">\n<div class=\" font-sans leading-4 text-black\">\n<div class=\"flex flex-wrap items-center justify-center gap-1 md:justify-start\">\n        <span class=\"font-bold\"><\/p>\n<p>            368,98\u00a0$<br \/>\n                            <span class=\"font-medium\">chez Amazon<\/span><br \/>\n                    <\/span>\n            <\/div>\n<div class=\"flex items-center justify-center gap-x-1 font-bold md:justify-start\">\n            <span class=\"text-sm line-through\">439,00\u00a0$<\/span><br \/>\n            <span class=\"text-sm text-brand-green\">\u00c9conomisez 70,02\u00a0$<\/span>\n        <\/div>\n<\/p><\/div>\n<\/p><\/div>\n<\/p><\/div>\n<\/p><\/div>\n<\/div>\n<p>Le projecteur dispose de deux ports : un USB et un micro HDMI, ce qui vous permet de projeter \u00e0 partir d&rsquo;un ordinateur portable ou d&rsquo;un t\u00e9l\u00e9phone, ou vous pouvez simplement cr\u00e9er un miroir d&rsquo;\u00e9cran depuis vos appareils via le syst\u00e8me d&rsquo;exploitation Google TV. De plus, comme le projecteur est \u00ab intelligent \u00bb, il est d\u00e9j\u00e0 livr\u00e9 avec les applications typiques comme Netflix, YouTube et Amazon, et vous pouvez en t\u00e9l\u00e9charger davantage sur le Google Play Store et le contr\u00f4ler avec une t\u00e9l\u00e9commande. Avec 450 lumens et 1080p, il est pr\u00e9f\u00e9rable de l&rsquo;utiliser dans les pi\u00e8ces sombres, mais vous pouvez vous en sortir avec un peu de lumi\u00e8re ambiante (j&rsquo;en fais bon usage dans mon jardin).<\/p>\n<p>L\u00e0 o\u00f9 ce projecteur brille vraiment, c&rsquo;est avec la fonction de mise au point automatique Keystone. Si vous le d\u00e9placez n&rsquo;importe o\u00f9, il se corrigera automatiquement pour donner \u00e0 l&rsquo;image son meilleur aspect, quel que soit l&rsquo;endroit o\u00f9 elle est configur\u00e9e. Il est convivial et con\u00e7u pour \u00eatre configur\u00e9 rapidement, sans trop de manipulations. Il est \u00e9galement livr\u00e9 avec un puissant haut-parleur Harman Kardon de 5 W, qui sonne bien, \u00e0 peu pr\u00e8s \u00e0 \u00e9galit\u00e9 avec un haut-parleur comme l&rsquo;Echo Dot.<\/p>\n<p>Une mise en garde : ce projecteur n\u2019a pas de batterie interne, ce qui est une \u00e9norme d\u00e9ception. Vous devrez utiliser un chargeur portable, le brancher sur une prise ou, si vous l&rsquo;obtenez dans cet ensemble, le support PowerBase, qui peut offrir 2,5 heures d&rsquo;autonomie. (Si vous envisagez de l&rsquo;utiliser principalement \u00e0 l&rsquo;int\u00e9rieur, vous pouvez choisir uniquement le projecteur pour <strong>318,99\u00a0$<\/strong>.)<\/p>\n<div class=\" relative flex justify-center py-16 md:left-1\/2 md:w-(780px) md:max-w-max md:-translate-x-1\/2\">\n<div class=\"w-max text-center sm:text-left\">\n<div class=\"custom-gradient-background mb-6 rounded-md p-(2px) sm:rounded-tl-none\">\n<div class=\"flex flex-col rounded bg-white sm:rounded-tl-none\">\n                    <span class=\"-mt-4 block w-fit max-w-(calc(100%-1rem)) self-center bg-white px-3 text-center font-akshar text-xl font-medium capitalize text-gray-800 sm:max-w-(calc(100%-2.5rem)) sm:self-start sm:px-10 sm:text-left sm:text-2xl\">Nos meilleures offres de vente de printemps Amazon approuv\u00e9es par les \u00e9diteurs en ce moment<\/span><\/p>\n<div class=\"flex flex-col gap-3 p-3 pb-4 text-sm sm:p-10 sm:pt-6 sm:text-justify sm:text-base\">\n<div>\n<p>    \u00c9couteurs sans fil \u00e0 suppression active du bruit Apple AirPods 4<\/p>\n<p>                                <span class=\"text-black\"><br \/>\n                                    \u2014<br \/>\n                                    <span class=\"font-bold\">148,99\u00a0$<\/span><br \/>\n                                    <span class=\"!text-xs italic sm:!text-sm\"><\/p>\n<p>                                        (Prix catalogue 179,00 $)<br \/>\n                                    <\/span><br \/>\n                                <\/span>\n                            <\/div>\n<div>\n<p>    Apple iPad 11&Prime; 128 Go A16 WiFi Tablette (Bleu, 2025)<\/p>\n<p>                                <span class=\"text-black\"><br \/>\n                                    \u2014<br \/>\n                                    <span class=\"font-bold\">299,00\u00a0$<\/span><br \/>\n                                    <span class=\"!text-xs italic sm:!text-sm\"><\/p>\n<p>                                        (Prix catalogue 349,00 $)<br \/>\n                                    <\/span><br \/>\n                                <\/span>\n                            <\/div>\n<div>\n<p>    Sony WH1000XM6 \u2013 Meilleur casque sans fil \u00e0 r\u00e9duction de bruit<\/p>\n<p>                                <span class=\"text-black\"><br \/>\n                                    \u2014<br \/>\n                                    <span class=\"font-bold\">398,00\u00a0$<\/span><br \/>\n                                    <span class=\"!text-xs italic sm:!text-sm\"><\/p>\n<p>                                        (Prix catalogue 459,99 $)<br \/>\n                                    <\/span><br \/>\n                                <\/span>\n                            <\/div>\n<div>\n<p>    Apple Watch Series 11 (GPS, 42 mm, bracelet sport noir S\/M)<\/p>\n<p>                                <span class=\"text-black\"><br \/>\n                                    \u2014<br \/>\n                                    <span class=\"font-bold\">299,00\u00a0$<\/span><br \/>\n                                    <span class=\"!text-xs italic sm:!text-sm\"><\/p>\n<p>                                        (Prix catalogue 399,00 $)<br \/>\n                                    <\/span><br \/>\n                                <\/span>\n                            <\/div>\n<div>\n<p>    Sonnette vid\u00e9o sans fil Blink (mod\u00e8le le plus r\u00e9cent) + module de synchronisation<\/p>\n<p>                                <span class=\"text-black\"><br \/>\n                                    \u2014<br \/>\n                                    <span class=\"font-bold\">35,99\u00a0$<\/span><br \/>\n                                    <span class=\"!text-xs italic sm:!text-sm\"><\/p>\n<p>                                        (Prix catalogue 69,99 $)<br \/>\n                                    <\/span><br \/>\n                                <\/span>\n                            <\/div>\n<div>\n<p>    Cam\u00e9ra de s\u00e9curit\u00e9 filaire Ring Indoor Cam Plus 2K (Blanc)<\/p>\n<p>                                <span class=\"text-black\"><br \/>\n                                    \u2014<br \/>\n                                    <span class=\"font-bold\">39,99\u00a0$<\/span><br \/>\n                                    <span class=\"!text-xs italic sm:!text-sm\"><\/p>\n<p>                                        (Prix catalogue 59,99 $)<br \/>\n                                    <\/span><br \/>\n                                <\/span>\n                            <\/div>\n<div>\n<p>    Lecteur de streaming Fire TV Stick 4K Max avec t\u00e9l\u00e9commande<\/p>\n<p>                                <span class=\"text-black\"><br \/>\n                                    \u2014<br \/>\n                                    <span class=\"font-bold\">34,99\u00a0$<\/span><br \/>\n                                    <span class=\"!text-xs italic sm:!text-sm\"><\/p>\n<p>                                        (Prix catalogue 59,99 $)<br \/>\n                                    <\/span><br \/>\n                                <\/span>\n                            <\/div>\n<\/p><\/div>\n<\/p><\/div>\n<\/p><\/div>\n<div class=\"flex flex-col items-center justify-between text-black sm:flex-row sm:px-6\">\n                <span class=\"text-xs italic sm:ml-7 sm:text-sm\">Les offres sont s\u00e9lectionn\u00e9es par notre \u00e9quipe commerciale<\/span><\/p><\/div>\n<\/p><\/div>\n<\/p><\/div>\n","protected":false},"excerpt":{"rendered":"<p>Nous pouvons gagner une commission sur les liens sur cette page. Les prix et la disponibilit\u00e9 de l&rsquo;offre sont sujets \u00e0 changement apr\u00e8s la publication.<\/p>\n","protected":false},"author":1,"featured_media":13127,"comment_status":"","ping_status":"","sticky":false,"template":"","format":"standard","meta":{"footnotes":""},"categories":[13],"tags":[3546,1154,29,698,2098,353,49,170,1561,597,4943,1560,308,1448],"class_list":["post-13126","post","type-post","status-publish","format-standard","has-post-thumbnail","hentry","category-technologie","tag-beneficie","tag-damazon","tag-des","tag-dune","tag-grandes","tag-lors","tag-mon","tag-portable","tag-prefere","tag-premieres","tag-printemps","tag-projecteur","tag-reduction","tag-ventes","generate-columns","tablet-grid-50","mobile-grid-100","grid-parent","grid-33"],"yoast_head":"<!-- This site is optimized with the Yoast SEO plugin v24.0 - https:\/\/yoast.com\/wordpress\/plugins\/seo\/ -->\n<title>Mon projecteur portable pr\u00e9f\u00e9r\u00e9 b\u00e9n\u00e9ficie d&#039;une r\u00e9duction de 130 $ lors des premi\u00e8res grandes ventes de printemps d&#039;Amazon | Vie Associative<\/title>\n<meta name=\"robots\" content=\"index, follow, max-snippet:-1, max-image-preview:large, max-video-preview:-1\" \/>\n<link rel=\"canonical\" href=\"https:\/\/vieassociative.be\/actualites\/mon-projecteur-portable-prefere-beneficie-dune-reduction-de-130-lors-des-premieres-grandes-ventes-de-printemps-damazon\/\" \/>\n<meta property=\"og:locale\" content=\"fr_FR\" \/>\n<meta property=\"og:type\" content=\"article\" \/>\n<meta property=\"og:title\" content=\"Mon projecteur portable pr\u00e9f\u00e9r\u00e9 b\u00e9n\u00e9ficie d&#039;une r\u00e9duction de 130 $ lors des premi\u00e8res grandes ventes de printemps d&#039;Amazon | Vie Associative\" \/>\n<meta property=\"og:description\" content=\"Nous pouvons gagner une commission sur les liens sur cette page. Les prix et la disponibilit\u00e9 de l&rsquo;offre sont sujets \u00e0 changement apr\u00e8s la publication.\" \/>\n<meta property=\"og:url\" content=\"https:\/\/vieassociative.be\/actualites\/mon-projecteur-portable-prefere-beneficie-dune-reduction-de-130-lors-des-premieres-grandes-ventes-de-printemps-damazon\/\" \/>\n<meta property=\"og:site_name\" content=\"Vie Associative\" \/>\n<meta property=\"article:published_time\" content=\"2026-03-21T20:17:16+00:00\" \/>\n<meta property=\"og:image\" content=\"https:\/\/vieassociative.be\/actualites\/wp-content\/uploads\/2026\/03\/Mon-projecteur-portable-prefere-beneficie-dune-reduction-de-130.jpg\" \/>\n<meta name=\"author\" content=\"Julien\" \/>\n<meta name=\"twitter:card\" content=\"summary_large_image\" \/>\n<meta name=\"twitter:label1\" content=\"\u00c9crit par\" \/>\n\t<meta name=\"twitter:data1\" content=\"Julien\" \/>\n\t<meta name=\"twitter:label2\" content=\"Dur\u00e9e de lecture est.\" \/>\n\t<meta name=\"twitter:data2\" content=\"3 minutes\" \/>\n<script type=\"application\/ld+json\" class=\"yoast-schema-graph\">{\"@context\":\"https:\/\/schema.org\",\"@graph\":[{\"@type\":\"Article\",\"@id\":\"https:\/\/vieassociative.be\/actualites\/mon-projecteur-portable-prefere-beneficie-dune-reduction-de-130-lors-des-premieres-grandes-ventes-de-printemps-damazon\/#article\",\"isPartOf\":{\"@id\":\"https:\/\/vieassociative.be\/actualites\/mon-projecteur-portable-prefere-beneficie-dune-reduction-de-130-lors-des-premieres-grandes-ventes-de-printemps-damazon\/\"},\"author\":{\"name\":\"Julien\",\"@id\":\"https:\/\/vieassociative.be\/actualites\/#\/schema\/person\/b87ac4f82f9d4e7b7cec7395b679edc4\"},\"headline\":\"Mon projecteur portable pr\u00e9f\u00e9r\u00e9 b\u00e9n\u00e9ficie d&rsquo;une r\u00e9duction de 130 $ lors des premi\u00e8res grandes ventes de printemps d&rsquo;Amazon\",\"datePublished\":\"2026-03-21T20:17:16+00:00\",\"dateModified\":\"2026-03-21T20:17:16+00:00\",\"mainEntityOfPage\":{\"@id\":\"https:\/\/vieassociative.be\/actualites\/mon-projecteur-portable-prefere-beneficie-dune-reduction-de-130-lors-des-premieres-grandes-ventes-de-printemps-damazon\/\"},\"wordCount\":586,\"publisher\":{\"@id\":\"https:\/\/vieassociative.be\/actualites\/#organization\"},\"image\":{\"@id\":\"https:\/\/vieassociative.be\/actualites\/mon-projecteur-portable-prefere-beneficie-dune-reduction-de-130-lors-des-premieres-grandes-ventes-de-printemps-damazon\/#primaryimage\"},\"thumbnailUrl\":\"https:\/\/vieassociative.be\/actualites\/wp-content\/uploads\/2026\/03\/Mon-projecteur-portable-prefere-beneficie-dune-reduction-de-130.png\",\"keywords\":[\"b\u00e9n\u00e9ficie\",\"dAmazon\",\"Des\",\"dune\",\"grandes\",\"lors\",\"Mon\",\"portable\",\"pr\u00e9f\u00e9r\u00e9\",\"premi\u00e8res\",\"printemps\",\"projecteur\",\"r\u00e9duction\",\"ventes\"],\"articleSection\":[\"Technologie\"],\"inLanguage\":\"fr-BE\"},{\"@type\":\"WebPage\",\"@id\":\"https:\/\/vieassociative.be\/actualites\/mon-projecteur-portable-prefere-beneficie-dune-reduction-de-130-lors-des-premieres-grandes-ventes-de-printemps-damazon\/\",\"url\":\"https:\/\/vieassociative.be\/actualites\/mon-projecteur-portable-prefere-beneficie-dune-reduction-de-130-lors-des-premieres-grandes-ventes-de-printemps-damazon\/\",\"name\":\"Mon projecteur portable pr\u00e9f\u00e9r\u00e9 b\u00e9n\u00e9ficie d'une r\u00e9duction de 130 $ lors des premi\u00e8res grandes ventes de printemps d'Amazon | Vie Associative\",\"isPartOf\":{\"@id\":\"https:\/\/vieassociative.be\/actualites\/#website\"},\"primaryImageOfPage\":{\"@id\":\"https:\/\/vieassociative.be\/actualites\/mon-projecteur-portable-prefere-beneficie-dune-reduction-de-130-lors-des-premieres-grandes-ventes-de-printemps-damazon\/#primaryimage\"},\"image\":{\"@id\":\"https:\/\/vieassociative.be\/actualites\/mon-projecteur-portable-prefere-beneficie-dune-reduction-de-130-lors-des-premieres-grandes-ventes-de-printemps-damazon\/#primaryimage\"},\"thumbnailUrl\":\"https:\/\/vieassociative.be\/actualites\/wp-content\/uploads\/2026\/03\/Mon-projecteur-portable-prefere-beneficie-dune-reduction-de-130.png\",\"datePublished\":\"2026-03-21T20:17:16+00:00\",\"dateModified\":\"2026-03-21T20:17:16+00:00\",\"breadcrumb\":{\"@id\":\"https:\/\/vieassociative.be\/actualites\/mon-projecteur-portable-prefere-beneficie-dune-reduction-de-130-lors-des-premieres-grandes-ventes-de-printemps-damazon\/#breadcrumb\"},\"inLanguage\":\"fr-BE\",\"potentialAction\":[{\"@type\":\"ReadAction\",\"target\":[\"https:\/\/vieassociative.be\/actualites\/mon-projecteur-portable-prefere-beneficie-dune-reduction-de-130-lors-des-premieres-grandes-ventes-de-printemps-damazon\/\"]}]},{\"@type\":\"ImageObject\",\"inLanguage\":\"fr-BE\",\"@id\":\"https:\/\/vieassociative.be\/actualites\/mon-projecteur-portable-prefere-beneficie-dune-reduction-de-130-lors-des-premieres-grandes-ventes-de-printemps-damazon\/#primaryimage\",\"url\":\"https:\/\/vieassociative.be\/actualites\/wp-content\/uploads\/2026\/03\/Mon-projecteur-portable-prefere-beneficie-dune-reduction-de-130.png\",\"contentUrl\":\"https:\/\/vieassociative.be\/actualites\/wp-content\/uploads\/2026\/03\/Mon-projecteur-portable-prefere-beneficie-dune-reduction-de-130.png\",\"width\":1200,\"height\":675,\"caption\":\"Mon projecteur portable pr\u00e9f\u00e9r\u00e9 b\u00e9n\u00e9ficie d'une r\u00e9duction de 130 $ lors des premi\u00e8res grandes ventes de printemps d'Amazon\"},{\"@type\":\"BreadcrumbList\",\"@id\":\"https:\/\/vieassociative.be\/actualites\/mon-projecteur-portable-prefere-beneficie-dune-reduction-de-130-lors-des-premieres-grandes-ventes-de-printemps-damazon\/#breadcrumb\",\"itemListElement\":[{\"@type\":\"ListItem\",\"position\":1,\"name\":\"Accueil\",\"item\":\"https:\/\/vieassociative.be\/actualites\/\"},{\"@type\":\"ListItem\",\"position\":2,\"name\":\"Mon projecteur portable pr\u00e9f\u00e9r\u00e9 b\u00e9n\u00e9ficie d&rsquo;une r\u00e9duction de 130 $ lors des premi\u00e8res grandes ventes de printemps d&rsquo;Amazon\"}]},{\"@type\":\"WebSite\",\"@id\":\"https:\/\/vieassociative.be\/actualites\/#website\",\"url\":\"https:\/\/vieassociative.be\/actualites\/\",\"name\":\"Vie Associative\",\"description\":\"\",\"publisher\":{\"@id\":\"https:\/\/vieassociative.be\/actualites\/#organization\"},\"potentialAction\":[{\"@type\":\"SearchAction\",\"target\":{\"@type\":\"EntryPoint\",\"urlTemplate\":\"https:\/\/vieassociative.be\/actualites\/?s={search_term_string}\"},\"query-input\":{\"@type\":\"PropertyValueSpecification\",\"valueRequired\":true,\"valueName\":\"search_term_string\"}}],\"inLanguage\":\"fr-BE\"},{\"@type\":\"Organization\",\"@id\":\"https:\/\/vieassociative.be\/actualites\/#organization\",\"name\":\"Vie Associative\",\"url\":\"https:\/\/vieassociative.be\/actualites\/\",\"logo\":{\"@type\":\"ImageObject\",\"inLanguage\":\"fr-BE\",\"@id\":\"https:\/\/vieassociative.be\/actualites\/#\/schema\/logo\/image\/\",\"url\":\"https:\/\/vieassociative.be\/actualites\/wp-content\/uploads\/2024\/09\/cropped-vieassociative_favicon.ico.png\",\"contentUrl\":\"https:\/\/vieassociative.be\/actualites\/wp-content\/uploads\/2024\/09\/cropped-vieassociative_favicon.ico.png\",\"width\":512,\"height\":512,\"caption\":\"Vie Associative\"},\"image\":{\"@id\":\"https:\/\/vieassociative.be\/actualites\/#\/schema\/logo\/image\/\"}},{\"@type\":\"Person\",\"@id\":\"https:\/\/vieassociative.be\/actualites\/#\/schema\/person\/b87ac4f82f9d4e7b7cec7395b679edc4\",\"name\":\"Julien\",\"image\":{\"@type\":\"ImageObject\",\"inLanguage\":\"fr-BE\",\"@id\":\"https:\/\/vieassociative.be\/actualites\/#\/schema\/person\/image\/\",\"url\":\"https:\/\/vieassociative.be\/actualites\/wp-content\/uploads\/2024\/09\/vie-associative-1-150x150.jpg\",\"contentUrl\":\"https:\/\/vieassociative.be\/actualites\/wp-content\/uploads\/2024\/09\/vie-associative-1-150x150.jpg\",\"caption\":\"Julien\"},\"description\":\"Je suis Julien, r\u00e9dacteur pour Vie Associative. Passionn\u00e9 par le monde associatif depuis plus de 10 ans, j'ai \u00e0 c\u0153ur de partager des histoires inspirantes et de mettre en lumi\u00e8re les initiatives locales. Mon objectif est de sensibiliser et d'encourager l'engagement communautaire \u00e0 travers mes articles.\",\"sameAs\":[\"https:\/\/vieassociative.be\/\"]}]}<\/script>\n<!-- \/ Yoast SEO plugin. -->","yoast_head_json":{"title":"Mon projecteur portable pr\u00e9f\u00e9r\u00e9 b\u00e9n\u00e9ficie d'une r\u00e9duction de 130 $ lors des premi\u00e8res grandes ventes de printemps d'Amazon | Vie Associative","robots":{"index":"index","follow":"follow","max-snippet":"max-snippet:-1","max-image-preview":"max-image-preview:large","max-video-preview":"max-video-preview:-1"},"canonical":"https:\/\/vieassociative.be\/actualites\/mon-projecteur-portable-prefere-beneficie-dune-reduction-de-130-lors-des-premieres-grandes-ventes-de-printemps-damazon\/","og_locale":"fr_FR","og_type":"article","og_title":"Mon projecteur portable pr\u00e9f\u00e9r\u00e9 b\u00e9n\u00e9ficie d'une r\u00e9duction de 130 $ lors des premi\u00e8res grandes ventes de printemps d'Amazon | Vie Associative","og_description":"Nous pouvons gagner une commission sur les liens sur cette page. Les prix et la disponibilit\u00e9 de l&rsquo;offre sont sujets \u00e0 changement apr\u00e8s la publication.","og_url":"https:\/\/vieassociative.be\/actualites\/mon-projecteur-portable-prefere-beneficie-dune-reduction-de-130-lors-des-premieres-grandes-ventes-de-printemps-damazon\/","og_site_name":"Vie Associative","article_published_time":"2026-03-21T20:17:16+00:00","og_image":[{"url":"https:\/\/vieassociative.be\/actualites\/wp-content\/uploads\/2026\/03\/Mon-projecteur-portable-prefere-beneficie-dune-reduction-de-130.jpg","type":"","width":"","height":""}],"author":"Julien","twitter_card":"summary_large_image","twitter_misc":{"\u00c9crit par":"Julien","Dur\u00e9e de lecture est.":"3 minutes"},"schema":{"@context":"https:\/\/schema.org","@graph":[{"@type":"Article","@id":"https:\/\/vieassociative.be\/actualites\/mon-projecteur-portable-prefere-beneficie-dune-reduction-de-130-lors-des-premieres-grandes-ventes-de-printemps-damazon\/#article","isPartOf":{"@id":"https:\/\/vieassociative.be\/actualites\/mon-projecteur-portable-prefere-beneficie-dune-reduction-de-130-lors-des-premieres-grandes-ventes-de-printemps-damazon\/"},"author":{"name":"Julien","@id":"https:\/\/vieassociative.be\/actualites\/#\/schema\/person\/b87ac4f82f9d4e7b7cec7395b679edc4"},"headline":"Mon projecteur portable pr\u00e9f\u00e9r\u00e9 b\u00e9n\u00e9ficie d&rsquo;une r\u00e9duction de 130 $ lors des premi\u00e8res grandes ventes de printemps d&rsquo;Amazon","datePublished":"2026-03-21T20:17:16+00:00","dateModified":"2026-03-21T20:17:16+00:00","mainEntityOfPage":{"@id":"https:\/\/vieassociative.be\/actualites\/mon-projecteur-portable-prefere-beneficie-dune-reduction-de-130-lors-des-premieres-grandes-ventes-de-printemps-damazon\/"},"wordCount":586,"publisher":{"@id":"https:\/\/vieassociative.be\/actualites\/#organization"},"image":{"@id":"https:\/\/vieassociative.be\/actualites\/mon-projecteur-portable-prefere-beneficie-dune-reduction-de-130-lors-des-premieres-grandes-ventes-de-printemps-damazon\/#primaryimage"},"thumbnailUrl":"https:\/\/vieassociative.be\/actualites\/wp-content\/uploads\/2026\/03\/Mon-projecteur-portable-prefere-beneficie-dune-reduction-de-130.png","keywords":["b\u00e9n\u00e9ficie","dAmazon","Des","dune","grandes","lors","Mon","portable","pr\u00e9f\u00e9r\u00e9","premi\u00e8res","printemps","projecteur","r\u00e9duction","ventes"],"articleSection":["Technologie"],"inLanguage":"fr-BE"},{"@type":"WebPage","@id":"https:\/\/vieassociative.be\/actualites\/mon-projecteur-portable-prefere-beneficie-dune-reduction-de-130-lors-des-premieres-grandes-ventes-de-printemps-damazon\/","url":"https:\/\/vieassociative.be\/actualites\/mon-projecteur-portable-prefere-beneficie-dune-reduction-de-130-lors-des-premieres-grandes-ventes-de-printemps-damazon\/","name":"Mon projecteur portable pr\u00e9f\u00e9r\u00e9 b\u00e9n\u00e9ficie d'une r\u00e9duction de 130 $ lors des premi\u00e8res grandes ventes de printemps d'Amazon | Vie Associative","isPartOf":{"@id":"https:\/\/vieassociative.be\/actualites\/#website"},"primaryImageOfPage":{"@id":"https:\/\/vieassociative.be\/actualites\/mon-projecteur-portable-prefere-beneficie-dune-reduction-de-130-lors-des-premieres-grandes-ventes-de-printemps-damazon\/#primaryimage"},"image":{"@id":"https:\/\/vieassociative.be\/actualites\/mon-projecteur-portable-prefere-beneficie-dune-reduction-de-130-lors-des-premieres-grandes-ventes-de-printemps-damazon\/#primaryimage"},"thumbnailUrl":"https:\/\/vieassociative.be\/actualites\/wp-content\/uploads\/2026\/03\/Mon-projecteur-portable-prefere-beneficie-dune-reduction-de-130.png","datePublished":"2026-03-21T20:17:16+00:00","dateModified":"2026-03-21T20:17:16+00:00","breadcrumb":{"@id":"https:\/\/vieassociative.be\/actualites\/mon-projecteur-portable-prefere-beneficie-dune-reduction-de-130-lors-des-premieres-grandes-ventes-de-printemps-damazon\/#breadcrumb"},"inLanguage":"fr-BE","potentialAction":[{"@type":"ReadAction","target":["https:\/\/vieassociative.be\/actualites\/mon-projecteur-portable-prefere-beneficie-dune-reduction-de-130-lors-des-premieres-grandes-ventes-de-printemps-damazon\/"]}]},{"@type":"ImageObject","inLanguage":"fr-BE","@id":"https:\/\/vieassociative.be\/actualites\/mon-projecteur-portable-prefere-beneficie-dune-reduction-de-130-lors-des-premieres-grandes-ventes-de-printemps-damazon\/#primaryimage","url":"https:\/\/vieassociative.be\/actualites\/wp-content\/uploads\/2026\/03\/Mon-projecteur-portable-prefere-beneficie-dune-reduction-de-130.png","contentUrl":"https:\/\/vieassociative.be\/actualites\/wp-content\/uploads\/2026\/03\/Mon-projecteur-portable-prefere-beneficie-dune-reduction-de-130.png","width":1200,"height":675,"caption":"Mon projecteur portable pr\u00e9f\u00e9r\u00e9 b\u00e9n\u00e9ficie d'une r\u00e9duction de 130 $ lors des premi\u00e8res grandes ventes de printemps d'Amazon"},{"@type":"BreadcrumbList","@id":"https:\/\/vieassociative.be\/actualites\/mon-projecteur-portable-prefere-beneficie-dune-reduction-de-130-lors-des-premieres-grandes-ventes-de-printemps-damazon\/#breadcrumb","itemListElement":[{"@type":"ListItem","position":1,"name":"Accueil","item":"https:\/\/vieassociative.be\/actualites\/"},{"@type":"ListItem","position":2,"name":"Mon projecteur portable pr\u00e9f\u00e9r\u00e9 b\u00e9n\u00e9ficie d&rsquo;une r\u00e9duction de 130 $ lors des premi\u00e8res grandes ventes de printemps d&rsquo;Amazon"}]},{"@type":"WebSite","@id":"https:\/\/vieassociative.be\/actualites\/#website","url":"https:\/\/vieassociative.be\/actualites\/","name":"Vie Associative","description":"","publisher":{"@id":"https:\/\/vieassociative.be\/actualites\/#organization"},"potentialAction":[{"@type":"SearchAction","target":{"@type":"EntryPoint","urlTemplate":"https:\/\/vieassociative.be\/actualites\/?s={search_term_string}"},"query-input":{"@type":"PropertyValueSpecification","valueRequired":true,"valueName":"search_term_string"}}],"inLanguage":"fr-BE"},{"@type":"Organization","@id":"https:\/\/vieassociative.be\/actualites\/#organization","name":"Vie Associative","url":"https:\/\/vieassociative.be\/actualites\/","logo":{"@type":"ImageObject","inLanguage":"fr-BE","@id":"https:\/\/vieassociative.be\/actualites\/#\/schema\/logo\/image\/","url":"https:\/\/vieassociative.be\/actualites\/wp-content\/uploads\/2024\/09\/cropped-vieassociative_favicon.ico.png","contentUrl":"https:\/\/vieassociative.be\/actualites\/wp-content\/uploads\/2024\/09\/cropped-vieassociative_favicon.ico.png","width":512,"height":512,"caption":"Vie Associative"},"image":{"@id":"https:\/\/vieassociative.be\/actualites\/#\/schema\/logo\/image\/"}},{"@type":"Person","@id":"https:\/\/vieassociative.be\/actualites\/#\/schema\/person\/b87ac4f82f9d4e7b7cec7395b679edc4","name":"Julien","image":{"@type":"ImageObject","inLanguage":"fr-BE","@id":"https:\/\/vieassociative.be\/actualites\/#\/schema\/person\/image\/","url":"https:\/\/vieassociative.be\/actualites\/wp-content\/uploads\/2024\/09\/vie-associative-1-150x150.jpg","contentUrl":"https:\/\/vieassociative.be\/actualites\/wp-content\/uploads\/2024\/09\/vie-associative-1-150x150.jpg","caption":"Julien"},"description":"Je suis Julien, r\u00e9dacteur pour Vie Associative. Passionn\u00e9 par le monde associatif depuis plus de 10 ans, j'ai \u00e0 c\u0153ur de partager des histoires inspirantes et de mettre en lumi\u00e8re les initiatives locales. Mon objectif est de sensibiliser et d'encourager l'engagement communautaire \u00e0 travers mes articles.","sameAs":["https:\/\/vieassociative.be\/"]}]}},"_links":{"self":[{"href":"https:\/\/vieassociative.be\/actualites\/wp-json\/wp\/v2\/posts\/13126"}],"collection":[{"href":"https:\/\/vieassociative.be\/actualites\/wp-json\/wp\/v2\/posts"}],"about":[{"href":"https:\/\/vieassociative.be\/actualites\/wp-json\/wp\/v2\/types\/post"}],"author":[{"embeddable":true,"href":"https:\/\/vieassociative.be\/actualites\/wp-json\/wp\/v2\/users\/1"}],"replies":[{"embeddable":true,"href":"https:\/\/vieassociative.be\/actualites\/wp-json\/wp\/v2\/comments?post=13126"}],"version-history":[{"count":0,"href":"https:\/\/vieassociative.be\/actualites\/wp-json\/wp\/v2\/posts\/13126\/revisions"}],"wp:featuredmedia":[{"embeddable":true,"href":"https:\/\/vieassociative.be\/actualites\/wp-json\/wp\/v2\/media\/13127"}],"wp:attachment":[{"href":"https:\/\/vieassociative.be\/actualites\/wp-json\/wp\/v2\/media?parent=13126"}],"wp:term":[{"taxonomy":"category","embeddable":true,"href":"https:\/\/vieassociative.be\/actualites\/wp-json\/wp\/v2\/categories?post=13126"},{"taxonomy":"post_tag","embeddable":true,"href":"https:\/\/vieassociative.be\/actualites\/wp-json\/wp\/v2\/tags?post=13126"}],"curies":[{"name":"wp","href":"https:\/\/api.w.org\/{rel}","templated":true}]}}