{"id":13124,"date":"2026-03-21T16:17:20","date_gmt":"2026-03-21T15:17:20","guid":{"rendered":"https:\/\/vieassociative.be\/actualites\/un-ancien-commissaire-europeen-doit-comparaitre-devant-la-justice-pour-le-meurtre-de-lumumba\/"},"modified":"2026-03-21T16:17:20","modified_gmt":"2026-03-21T15:17:20","slug":"un-ancien-commissaire-europeen-doit-comparaitre-devant-la-justice-pour-le-meurtre-de-lumumba","status":"publish","type":"post","link":"https:\/\/vieassociative.be\/actualites\/un-ancien-commissaire-europeen-doit-comparaitre-devant-la-justice-pour-le-meurtre-de-lumumba\/","title":{"rendered":"Un ancien commissaire europ\u00e9en doit compara\u00eetre devant la justice pour le meurtre de Lumumba"},"content":{"rendered":"<p><strong>La Belgique a reconnu sa culpabilit\u00e9 pour les atrocit\u00e9s commises pendant la p\u00e9riode coloniale au Congo. La question devant le tribunal est le r\u00f4le d&rsquo;un Belge dans l&rsquo;assassinat du premier Premier ministre Patrice Lumumba.<\/strong><\/p>\n<p><span id=\"more-437887\"><\/span>L&rsquo;ancien homme politique belge \u00c9tienne Davignon doit aller en justice parce qu&rsquo;il aurait jou\u00e9 un r\u00f4le dans l&rsquo;assassinat du premier Premier ministre congolais, Patrice Lumumba. La Chambre du Conseil de Bruxelles a d\u00e9cid\u00e9 que Davignon, aujourd&rsquo;hui \u00e2g\u00e9 de 93 ans, devait faire l&rsquo;objet d&rsquo;un proc\u00e8s p\u00e9nal, comme le rapporte l&rsquo;agence de presse Belga.<\/p>\n<p>\u00c9tienne Davignon (n\u00e9 en 1932) est un diplomate, homme politique et entrepreneur belge influent qui a jou\u00e9 un r\u00f4le important, notamment en Europe. <\/p>\n<\/p>\n<div id=\"attachment_437889\" class=\"wp-caption alignleft\" style=\"max-width: 300px\"><img fetchpriority=\"high\" decoding=\"async\" class=\"wp-image-437889 size-medium\" src=\"https:\/\/vieassociative.be\/actualites\/wp-content\/uploads\/2026\/03\/Un-ancien-commissaire-europeen-doit-comparaitre-devant-la-justice-pour.jpg\" alt=\"\" width=\"300\" height=\"200\"  ><\/div>\n<p>Le parquet avait requis la comparution de Davignon devant le tribunal correctionnel, notamment pour certaines formes de participation \u00e0 des crimes de guerre et \u00e0 des privations ill\u00e9gales de libert\u00e9.<\/p>\n<p><strong>\u2013 La Belgique a gouvern\u00e9 avec les m\u00e9thodes les plus brutales :<\/strong> Il s&rsquo;agit plus pr\u00e9cis\u00e9ment du r\u00f4le de Davignon dans l&rsquo;assassinat de Lumumba en 1961. Le premier Premier ministre du Congo, devenu ind\u00e9pendant de la Belgique en 1960, a \u00e9t\u00e9 abattu apr\u00e8s sa chute. Selon certaines all\u00e9gations, la Belgique et les \u00c9tats-Unis y auraient contribu\u00e9 et Davignon aurait jou\u00e9 un r\u00f4le en tant que jeune diplomate belge. La Belgique \u00e9tait la puissance coloniale du Congo sous L\u00e9opold II et gouvernait avec les m\u00e9thodes les plus brutales.<\/p>\n<p>Il y a environ 15 ans, un fils de Lumumba a intent\u00e9 une action en justice contre une douzaine de Belges qui, selon lui, pourraient avoir un lien avec la mort. Davignon, qui a \u00e9t\u00e9 commissaire europ\u00e9en de 1977 \u00e0 1985 et \u00e9galement vice-pr\u00e9sident de l&rsquo;autorit\u00e9, est le seul accus\u00e9 encore en vie.<\/p>\n<p>Patrice Lumumba \u00e9tait consid\u00e9r\u00e9 comme un socialiste charismatique et est encore v\u00e9n\u00e9r\u00e9 dans de nombreux endroits comme une figure symbolique de l&rsquo;ind\u00e9pendance africaine. (dpa\/cr\u00e9)<\/p>\n","protected":false},"excerpt":{"rendered":"<p>La Belgique a reconnu sa culpabilit\u00e9 pour les atrocit\u00e9s commises pendant la p\u00e9riode coloniale au Congo. La question devant le tribunal est le r\u00f4le d&rsquo;un<\/p>\n","protected":false},"author":1,"featured_media":13125,"comment_status":"","ping_status":"","sticky":false,"template":"","format":"standard","meta":{"footnotes":""},"categories":[298],"tags":[2252,5765,10303,2381,2552,2896,3710,10305,10304,81],"class_list":["post-13124","post","type-post","status-publish","format-standard","has-post-thumbnail","hentry","category-belgique","tag-ancien","tag-commissaire","tag-comparaitre","tag-devant","tag-doit","tag-europeen","tag-justice","tag-lumumba","tag-meurtre","tag-pour","generate-columns","tablet-grid-50","mobile-grid-100","grid-parent","grid-33"],"yoast_head":"<!-- This site is optimized with the Yoast SEO plugin v24.0 - https:\/\/yoast.com\/wordpress\/plugins\/seo\/ -->\n<title>Un ancien commissaire europ\u00e9en doit compara\u00eetre devant la justice pour le meurtre de Lumumba | Vie Associative<\/title>\n<meta name=\"robots\" content=\"index, follow, max-snippet:-1, max-image-preview:large, max-video-preview:-1\" \/>\n<link rel=\"canonical\" href=\"https:\/\/vieassociative.be\/actualites\/un-ancien-commissaire-europeen-doit-comparaitre-devant-la-justice-pour-le-meurtre-de-lumumba\/\" \/>\n<meta property=\"og:locale\" content=\"fr_FR\" \/>\n<meta property=\"og:type\" content=\"article\" \/>\n<meta property=\"og:title\" content=\"Un ancien commissaire europ\u00e9en doit compara\u00eetre devant la justice pour le meurtre de Lumumba | Vie Associative\" \/>\n<meta property=\"og:description\" content=\"La Belgique a reconnu sa culpabilit\u00e9 pour les atrocit\u00e9s commises pendant la p\u00e9riode coloniale au Congo. La question devant le tribunal est le r\u00f4le d&rsquo;un\" \/>\n<meta property=\"og:url\" content=\"https:\/\/vieassociative.be\/actualites\/un-ancien-commissaire-europeen-doit-comparaitre-devant-la-justice-pour-le-meurtre-de-lumumba\/\" \/>\n<meta property=\"og:site_name\" content=\"Vie Associative\" \/>\n<meta property=\"article:published_time\" content=\"2026-03-21T15:17:20+00:00\" \/>\n<meta property=\"og:image\" content=\"https:\/\/vieassociative.be\/actualites\/wp-content\/uploads\/2024\/09\/header_backgroundk-01-e1726694325946.png\" \/>\n\t<meta property=\"og:image:width\" content=\"279\" \/>\n\t<meta property=\"og:image:height\" content=\"92\" \/>\n\t<meta property=\"og:image:type\" content=\"image\/png\" \/>\n<meta name=\"author\" content=\"Julien\" \/>\n<meta name=\"twitter:card\" content=\"summary_large_image\" \/>\n<meta name=\"twitter:label1\" content=\"\u00c9crit par\" \/>\n\t<meta name=\"twitter:data1\" content=\"Julien\" \/>\n\t<meta name=\"twitter:label2\" content=\"Dur\u00e9e de lecture est.\" \/>\n\t<meta name=\"twitter:data2\" content=\"2 minutes\" \/>\n<script type=\"application\/ld+json\" class=\"yoast-schema-graph\">{\"@context\":\"https:\/\/schema.org\",\"@graph\":[{\"@type\":\"Article\",\"@id\":\"https:\/\/vieassociative.be\/actualites\/un-ancien-commissaire-europeen-doit-comparaitre-devant-la-justice-pour-le-meurtre-de-lumumba\/#article\",\"isPartOf\":{\"@id\":\"https:\/\/vieassociative.be\/actualites\/un-ancien-commissaire-europeen-doit-comparaitre-devant-la-justice-pour-le-meurtre-de-lumumba\/\"},\"author\":{\"name\":\"Julien\",\"@id\":\"https:\/\/vieassociative.be\/actualites\/#\/schema\/person\/b87ac4f82f9d4e7b7cec7395b679edc4\"},\"headline\":\"Un ancien commissaire europ\u00e9en doit compara\u00eetre devant la justice pour le meurtre de Lumumba\",\"datePublished\":\"2026-03-21T15:17:20+00:00\",\"dateModified\":\"2026-03-21T15:17:20+00:00\",\"mainEntityOfPage\":{\"@id\":\"https:\/\/vieassociative.be\/actualites\/un-ancien-commissaire-europeen-doit-comparaitre-devant-la-justice-pour-le-meurtre-de-lumumba\/\"},\"wordCount\":347,\"publisher\":{\"@id\":\"https:\/\/vieassociative.be\/actualites\/#organization\"},\"image\":{\"@id\":\"https:\/\/vieassociative.be\/actualites\/un-ancien-commissaire-europeen-doit-comparaitre-devant-la-justice-pour-le-meurtre-de-lumumba\/#primaryimage\"},\"thumbnailUrl\":\"https:\/\/vieassociative.be\/actualites\/wp-content\/uploads\/2026\/03\/1774106241_Un-ancien-commissaire-europeen-doit-comparaitre-devant-la-justice-pour.jpg\",\"keywords\":[\"ancien\",\"commissaire\",\"compara\u00eetre\",\"devant\",\"doit\",\"europ\u00e9en\",\"justice\",\"Lumumba\",\"meurtre\",\"pour\"],\"articleSection\":[\"Belgique\"],\"inLanguage\":\"fr-BE\"},{\"@type\":\"WebPage\",\"@id\":\"https:\/\/vieassociative.be\/actualites\/un-ancien-commissaire-europeen-doit-comparaitre-devant-la-justice-pour-le-meurtre-de-lumumba\/\",\"url\":\"https:\/\/vieassociative.be\/actualites\/un-ancien-commissaire-europeen-doit-comparaitre-devant-la-justice-pour-le-meurtre-de-lumumba\/\",\"name\":\"Un ancien commissaire europ\u00e9en doit compara\u00eetre devant la justice pour le meurtre de Lumumba | Vie Associative\",\"isPartOf\":{\"@id\":\"https:\/\/vieassociative.be\/actualites\/#website\"},\"primaryImageOfPage\":{\"@id\":\"https:\/\/vieassociative.be\/actualites\/un-ancien-commissaire-europeen-doit-comparaitre-devant-la-justice-pour-le-meurtre-de-lumumba\/#primaryimage\"},\"image\":{\"@id\":\"https:\/\/vieassociative.be\/actualites\/un-ancien-commissaire-europeen-doit-comparaitre-devant-la-justice-pour-le-meurtre-de-lumumba\/#primaryimage\"},\"thumbnailUrl\":\"https:\/\/vieassociative.be\/actualites\/wp-content\/uploads\/2026\/03\/1774106241_Un-ancien-commissaire-europeen-doit-comparaitre-devant-la-justice-pour.jpg\",\"datePublished\":\"2026-03-21T15:17:20+00:00\",\"dateModified\":\"2026-03-21T15:17:20+00:00\",\"breadcrumb\":{\"@id\":\"https:\/\/vieassociative.be\/actualites\/un-ancien-commissaire-europeen-doit-comparaitre-devant-la-justice-pour-le-meurtre-de-lumumba\/#breadcrumb\"},\"inLanguage\":\"fr-BE\",\"potentialAction\":[{\"@type\":\"ReadAction\",\"target\":[\"https:\/\/vieassociative.be\/actualites\/un-ancien-commissaire-europeen-doit-comparaitre-devant-la-justice-pour-le-meurtre-de-lumumba\/\"]}]},{\"@type\":\"ImageObject\",\"inLanguage\":\"fr-BE\",\"@id\":\"https:\/\/vieassociative.be\/actualites\/un-ancien-commissaire-europeen-doit-comparaitre-devant-la-justice-pour-le-meurtre-de-lumumba\/#primaryimage\",\"url\":\"https:\/\/vieassociative.be\/actualites\/wp-content\/uploads\/2026\/03\/1774106241_Un-ancien-commissaire-europeen-doit-comparaitre-devant-la-justice-pour.jpg\",\"contentUrl\":\"https:\/\/vieassociative.be\/actualites\/wp-content\/uploads\/2026\/03\/1774106241_Un-ancien-commissaire-europeen-doit-comparaitre-devant-la-justice-pour.jpg\",\"width\":1200,\"height\":801,\"caption\":\"Un ancien commissaire europ\u00e9en doit compara\u00eetre devant la justice pour le meurtre de Lumumba\"},{\"@type\":\"BreadcrumbList\",\"@id\":\"https:\/\/vieassociative.be\/actualites\/un-ancien-commissaire-europeen-doit-comparaitre-devant-la-justice-pour-le-meurtre-de-lumumba\/#breadcrumb\",\"itemListElement\":[{\"@type\":\"ListItem\",\"position\":1,\"name\":\"Accueil\",\"item\":\"https:\/\/vieassociative.be\/actualites\/\"},{\"@type\":\"ListItem\",\"position\":2,\"name\":\"Un ancien commissaire europ\u00e9en doit compara\u00eetre devant la justice pour le meurtre de Lumumba\"}]},{\"@type\":\"WebSite\",\"@id\":\"https:\/\/vieassociative.be\/actualites\/#website\",\"url\":\"https:\/\/vieassociative.be\/actualites\/\",\"name\":\"Vie Associative\",\"description\":\"\",\"publisher\":{\"@id\":\"https:\/\/vieassociative.be\/actualites\/#organization\"},\"potentialAction\":[{\"@type\":\"SearchAction\",\"target\":{\"@type\":\"EntryPoint\",\"urlTemplate\":\"https:\/\/vieassociative.be\/actualites\/?s={search_term_string}\"},\"query-input\":{\"@type\":\"PropertyValueSpecification\",\"valueRequired\":true,\"valueName\":\"search_term_string\"}}],\"inLanguage\":\"fr-BE\"},{\"@type\":\"Organization\",\"@id\":\"https:\/\/vieassociative.be\/actualites\/#organization\",\"name\":\"Vie Associative\",\"url\":\"https:\/\/vieassociative.be\/actualites\/\",\"logo\":{\"@type\":\"ImageObject\",\"inLanguage\":\"fr-BE\",\"@id\":\"https:\/\/vieassociative.be\/actualites\/#\/schema\/logo\/image\/\",\"url\":\"https:\/\/vieassociative.be\/actualites\/wp-content\/uploads\/2024\/09\/cropped-vieassociative_favicon.ico.png\",\"contentUrl\":\"https:\/\/vieassociative.be\/actualites\/wp-content\/uploads\/2024\/09\/cropped-vieassociative_favicon.ico.png\",\"width\":512,\"height\":512,\"caption\":\"Vie Associative\"},\"image\":{\"@id\":\"https:\/\/vieassociative.be\/actualites\/#\/schema\/logo\/image\/\"}},{\"@type\":\"Person\",\"@id\":\"https:\/\/vieassociative.be\/actualites\/#\/schema\/person\/b87ac4f82f9d4e7b7cec7395b679edc4\",\"name\":\"Julien\",\"image\":{\"@type\":\"ImageObject\",\"inLanguage\":\"fr-BE\",\"@id\":\"https:\/\/vieassociative.be\/actualites\/#\/schema\/person\/image\/\",\"url\":\"https:\/\/vieassociative.be\/actualites\/wp-content\/uploads\/2024\/09\/vie-associative-1-150x150.jpg\",\"contentUrl\":\"https:\/\/vieassociative.be\/actualites\/wp-content\/uploads\/2024\/09\/vie-associative-1-150x150.jpg\",\"caption\":\"Julien\"},\"description\":\"Je suis Julien, r\u00e9dacteur pour Vie Associative. Passionn\u00e9 par le monde associatif depuis plus de 10 ans, j'ai \u00e0 c\u0153ur de partager des histoires inspirantes et de mettre en lumi\u00e8re les initiatives locales. Mon objectif est de sensibiliser et d'encourager l'engagement communautaire \u00e0 travers mes articles.\",\"sameAs\":[\"https:\/\/vieassociative.be\/\"]}]}<\/script>\n<!-- \/ Yoast SEO plugin. -->","yoast_head_json":{"title":"Un ancien commissaire europ\u00e9en doit compara\u00eetre devant la justice pour le meurtre de Lumumba | Vie Associative","robots":{"index":"index","follow":"follow","max-snippet":"max-snippet:-1","max-image-preview":"max-image-preview:large","max-video-preview":"max-video-preview:-1"},"canonical":"https:\/\/vieassociative.be\/actualites\/un-ancien-commissaire-europeen-doit-comparaitre-devant-la-justice-pour-le-meurtre-de-lumumba\/","og_locale":"fr_FR","og_type":"article","og_title":"Un ancien commissaire europ\u00e9en doit compara\u00eetre devant la justice pour le meurtre de Lumumba | Vie Associative","og_description":"La Belgique a reconnu sa culpabilit\u00e9 pour les atrocit\u00e9s commises pendant la p\u00e9riode coloniale au Congo. La question devant le tribunal est le r\u00f4le d&rsquo;un","og_url":"https:\/\/vieassociative.be\/actualites\/un-ancien-commissaire-europeen-doit-comparaitre-devant-la-justice-pour-le-meurtre-de-lumumba\/","og_site_name":"Vie Associative","article_published_time":"2026-03-21T15:17:20+00:00","og_image":[{"width":279,"height":92,"url":"https:\/\/vieassociative.be\/actualites\/wp-content\/uploads\/2024\/09\/header_backgroundk-01-e1726694325946.png","type":"image\/png"}],"author":"Julien","twitter_card":"summary_large_image","twitter_misc":{"\u00c9crit par":"Julien","Dur\u00e9e de lecture est.":"2 minutes"},"schema":{"@context":"https:\/\/schema.org","@graph":[{"@type":"Article","@id":"https:\/\/vieassociative.be\/actualites\/un-ancien-commissaire-europeen-doit-comparaitre-devant-la-justice-pour-le-meurtre-de-lumumba\/#article","isPartOf":{"@id":"https:\/\/vieassociative.be\/actualites\/un-ancien-commissaire-europeen-doit-comparaitre-devant-la-justice-pour-le-meurtre-de-lumumba\/"},"author":{"name":"Julien","@id":"https:\/\/vieassociative.be\/actualites\/#\/schema\/person\/b87ac4f82f9d4e7b7cec7395b679edc4"},"headline":"Un ancien commissaire europ\u00e9en doit compara\u00eetre devant la justice pour le meurtre de Lumumba","datePublished":"2026-03-21T15:17:20+00:00","dateModified":"2026-03-21T15:17:20+00:00","mainEntityOfPage":{"@id":"https:\/\/vieassociative.be\/actualites\/un-ancien-commissaire-europeen-doit-comparaitre-devant-la-justice-pour-le-meurtre-de-lumumba\/"},"wordCount":347,"publisher":{"@id":"https:\/\/vieassociative.be\/actualites\/#organization"},"image":{"@id":"https:\/\/vieassociative.be\/actualites\/un-ancien-commissaire-europeen-doit-comparaitre-devant-la-justice-pour-le-meurtre-de-lumumba\/#primaryimage"},"thumbnailUrl":"https:\/\/vieassociative.be\/actualites\/wp-content\/uploads\/2026\/03\/1774106241_Un-ancien-commissaire-europeen-doit-comparaitre-devant-la-justice-pour.jpg","keywords":["ancien","commissaire","compara\u00eetre","devant","doit","europ\u00e9en","justice","Lumumba","meurtre","pour"],"articleSection":["Belgique"],"inLanguage":"fr-BE"},{"@type":"WebPage","@id":"https:\/\/vieassociative.be\/actualites\/un-ancien-commissaire-europeen-doit-comparaitre-devant-la-justice-pour-le-meurtre-de-lumumba\/","url":"https:\/\/vieassociative.be\/actualites\/un-ancien-commissaire-europeen-doit-comparaitre-devant-la-justice-pour-le-meurtre-de-lumumba\/","name":"Un ancien commissaire europ\u00e9en doit compara\u00eetre devant la justice pour le meurtre de Lumumba | Vie Associative","isPartOf":{"@id":"https:\/\/vieassociative.be\/actualites\/#website"},"primaryImageOfPage":{"@id":"https:\/\/vieassociative.be\/actualites\/un-ancien-commissaire-europeen-doit-comparaitre-devant-la-justice-pour-le-meurtre-de-lumumba\/#primaryimage"},"image":{"@id":"https:\/\/vieassociative.be\/actualites\/un-ancien-commissaire-europeen-doit-comparaitre-devant-la-justice-pour-le-meurtre-de-lumumba\/#primaryimage"},"thumbnailUrl":"https:\/\/vieassociative.be\/actualites\/wp-content\/uploads\/2026\/03\/1774106241_Un-ancien-commissaire-europeen-doit-comparaitre-devant-la-justice-pour.jpg","datePublished":"2026-03-21T15:17:20+00:00","dateModified":"2026-03-21T15:17:20+00:00","breadcrumb":{"@id":"https:\/\/vieassociative.be\/actualites\/un-ancien-commissaire-europeen-doit-comparaitre-devant-la-justice-pour-le-meurtre-de-lumumba\/#breadcrumb"},"inLanguage":"fr-BE","potentialAction":[{"@type":"ReadAction","target":["https:\/\/vieassociative.be\/actualites\/un-ancien-commissaire-europeen-doit-comparaitre-devant-la-justice-pour-le-meurtre-de-lumumba\/"]}]},{"@type":"ImageObject","inLanguage":"fr-BE","@id":"https:\/\/vieassociative.be\/actualites\/un-ancien-commissaire-europeen-doit-comparaitre-devant-la-justice-pour-le-meurtre-de-lumumba\/#primaryimage","url":"https:\/\/vieassociative.be\/actualites\/wp-content\/uploads\/2026\/03\/1774106241_Un-ancien-commissaire-europeen-doit-comparaitre-devant-la-justice-pour.jpg","contentUrl":"https:\/\/vieassociative.be\/actualites\/wp-content\/uploads\/2026\/03\/1774106241_Un-ancien-commissaire-europeen-doit-comparaitre-devant-la-justice-pour.jpg","width":1200,"height":801,"caption":"Un ancien commissaire europ\u00e9en doit compara\u00eetre devant la justice pour le meurtre de Lumumba"},{"@type":"BreadcrumbList","@id":"https:\/\/vieassociative.be\/actualites\/un-ancien-commissaire-europeen-doit-comparaitre-devant-la-justice-pour-le-meurtre-de-lumumba\/#breadcrumb","itemListElement":[{"@type":"ListItem","position":1,"name":"Accueil","item":"https:\/\/vieassociative.be\/actualites\/"},{"@type":"ListItem","position":2,"name":"Un ancien commissaire europ\u00e9en doit compara\u00eetre devant la justice pour le meurtre de Lumumba"}]},{"@type":"WebSite","@id":"https:\/\/vieassociative.be\/actualites\/#website","url":"https:\/\/vieassociative.be\/actualites\/","name":"Vie Associative","description":"","publisher":{"@id":"https:\/\/vieassociative.be\/actualites\/#organization"},"potentialAction":[{"@type":"SearchAction","target":{"@type":"EntryPoint","urlTemplate":"https:\/\/vieassociative.be\/actualites\/?s={search_term_string}"},"query-input":{"@type":"PropertyValueSpecification","valueRequired":true,"valueName":"search_term_string"}}],"inLanguage":"fr-BE"},{"@type":"Organization","@id":"https:\/\/vieassociative.be\/actualites\/#organization","name":"Vie Associative","url":"https:\/\/vieassociative.be\/actualites\/","logo":{"@type":"ImageObject","inLanguage":"fr-BE","@id":"https:\/\/vieassociative.be\/actualites\/#\/schema\/logo\/image\/","url":"https:\/\/vieassociative.be\/actualites\/wp-content\/uploads\/2024\/09\/cropped-vieassociative_favicon.ico.png","contentUrl":"https:\/\/vieassociative.be\/actualites\/wp-content\/uploads\/2024\/09\/cropped-vieassociative_favicon.ico.png","width":512,"height":512,"caption":"Vie Associative"},"image":{"@id":"https:\/\/vieassociative.be\/actualites\/#\/schema\/logo\/image\/"}},{"@type":"Person","@id":"https:\/\/vieassociative.be\/actualites\/#\/schema\/person\/b87ac4f82f9d4e7b7cec7395b679edc4","name":"Julien","image":{"@type":"ImageObject","inLanguage":"fr-BE","@id":"https:\/\/vieassociative.be\/actualites\/#\/schema\/person\/image\/","url":"https:\/\/vieassociative.be\/actualites\/wp-content\/uploads\/2024\/09\/vie-associative-1-150x150.jpg","contentUrl":"https:\/\/vieassociative.be\/actualites\/wp-content\/uploads\/2024\/09\/vie-associative-1-150x150.jpg","caption":"Julien"},"description":"Je suis Julien, r\u00e9dacteur pour Vie Associative. Passionn\u00e9 par le monde associatif depuis plus de 10 ans, j'ai \u00e0 c\u0153ur de partager des histoires inspirantes et de mettre en lumi\u00e8re les initiatives locales. Mon objectif est de sensibiliser et d'encourager l'engagement communautaire \u00e0 travers mes articles.","sameAs":["https:\/\/vieassociative.be\/"]}]}},"_links":{"self":[{"href":"https:\/\/vieassociative.be\/actualites\/wp-json\/wp\/v2\/posts\/13124"}],"collection":[{"href":"https:\/\/vieassociative.be\/actualites\/wp-json\/wp\/v2\/posts"}],"about":[{"href":"https:\/\/vieassociative.be\/actualites\/wp-json\/wp\/v2\/types\/post"}],"author":[{"embeddable":true,"href":"https:\/\/vieassociative.be\/actualites\/wp-json\/wp\/v2\/users\/1"}],"replies":[{"embeddable":true,"href":"https:\/\/vieassociative.be\/actualites\/wp-json\/wp\/v2\/comments?post=13124"}],"version-history":[{"count":0,"href":"https:\/\/vieassociative.be\/actualites\/wp-json\/wp\/v2\/posts\/13124\/revisions"}],"wp:featuredmedia":[{"embeddable":true,"href":"https:\/\/vieassociative.be\/actualites\/wp-json\/wp\/v2\/media\/13125"}],"wp:attachment":[{"href":"https:\/\/vieassociative.be\/actualites\/wp-json\/wp\/v2\/media?parent=13124"}],"wp:term":[{"taxonomy":"category","embeddable":true,"href":"https:\/\/vieassociative.be\/actualites\/wp-json\/wp\/v2\/categories?post=13124"},{"taxonomy":"post_tag","embeddable":true,"href":"https:\/\/vieassociative.be\/actualites\/wp-json\/wp\/v2\/tags?post=13124"}],"curies":[{"name":"wp","href":"https:\/\/api.w.org\/{rel}","templated":true}]}}