{"id":13121,"date":"2026-03-21T10:17:28","date_gmt":"2026-03-21T09:17:28","guid":{"rendered":"https:\/\/vieassociative.be\/actualites\/las-eupen-peut-au-moins-provisoirement-acceder-au-top-6-avec-une-victoire-contre-seraing-ce-soir\/"},"modified":"2026-03-21T10:17:28","modified_gmt":"2026-03-21T09:17:28","slug":"las-eupen-peut-au-moins-provisoirement-acceder-au-top-6-avec-une-victoire-contre-seraing-ce-soir","status":"publish","type":"post","link":"https:\/\/vieassociative.be\/actualites\/las-eupen-peut-au-moins-provisoirement-acceder-au-top-6-avec-une-victoire-contre-seraing-ce-soir\/","title":{"rendered":"L&rsquo;AS Eupen peut au moins provisoirement acc\u00e9der au top 6 avec une victoire contre Seraing ce soir"},"content":{"rendered":"<p><strong>Avec une victoire ce vendredi soir contre le RFC Seraing, l&rsquo;\u00e9quipe de football de deuxi\u00e8me division de l&rsquo;AS Eupen peut figurer parmi les 6 premiers de la Challenger Pro League &#8211; du moins temporairement, puisque son concurrent du FC Li\u00e8ge n&rsquo;affrontera samedi que les leaders, promus et champions du SK Beveren.<\/strong><\/p>\n<p><span id=\"more-437849\"><\/span>Une victoire d&rsquo;Eupen ce soir contre le RFC Seraing (20h \/ en direct sur l&rsquo;application DAZN) est tout sauf acquis, car les \u00ab\u00a0M\u00e9tallos\u00a0\u00bb sont de tr\u00e8s bonne humeur depuis qu&rsquo;Arnauld Mercier a pris ses fonctions d&rsquo;entra\u00eeneur \u00e0 Seraing le 19 f\u00e9vrier. Seraing est invaincu depuis cinq matchs. Sur les cinq derniers matchs, quatre ont \u00e9t\u00e9 gagn\u00e9s et un s&rsquo;est sold\u00e9 par un match nul.<\/p>\n<p>Les \u00ab Pandas \u00bb ont remport\u00e9 le match aller au Stade du Pairay de Seraing le 5 d\u00e9cembre 2025 1-0 gr\u00e2ce \u00e0 un but d&rsquo;Isaac Nuhu.<\/p>\n<div id=\"attachment_421575\" class=\"wp-caption alignleft\" style=\"max-width: 300px\"><img fetchpriority=\"high\" decoding=\"async\" class=\"wp-image-421575 size-medium\" src=\"https:\/\/vieassociative.be\/actualites\/wp-content\/uploads\/2026\/02\/Si-la-competition-gagne-et-bat-le-KV-Courtrai-lAS.jpg\" alt=\"\" width=\"300\" height=\"200\"  ><\/div>\n<p>L&rsquo;entra\u00eeneur de l&rsquo;AS Bruno Pinheiro devra encore se passer de Logan Delaurier-Choodet et Ga\u00ebtan Hendrickx, bless\u00e9s, ainsi que de Merveille Bokadi, suspendue. Le fait qu&rsquo;AS se soit rapproch\u00e9 du top 6 est moins d\u00fb \u00e0 ses m\u00e9rites qu&rsquo;au fait que ses concurrents ont r\u00e9cemment perdu du terrain dans la lutte pour les \u00e9liminatoires des promotions.<\/p>\n<p>Apr\u00e8s le match contre Seraing, Eupen doit concourir au Club NXT. Ensuite, le Beerschot se rendra au Kehrweg avant la finale du top 6 lors de la derni\u00e8re journ\u00e9e de la phase r\u00e9guli\u00e8re du championnat au FC Li\u00e8ge \u00e0 Rocourt. Avant le match contre Eupen lors de la derni\u00e8re journ\u00e9e, l&rsquo;\u00e9quipe li\u00e9geoise affrontera le SK Beveren, l&rsquo;Olympic Charleroi et Jong Gent, d\u00e9j\u00e0 champions.<\/p>\n<p>L&rsquo;AS Eupen ne peut qu&rsquo;esp\u00e9rer que le SK Beveren joue la victoire contre Li\u00e8ge ce samedi, m\u00eame s&rsquo;il est d\u00e9j\u00e0 promu et champion. Christian Br\u00fcls et ses co\u00e9quipiers pourraient rendre un grand service \u00e0 l&rsquo;AS s&rsquo;ils abordent le match contre Li\u00e8ge avec la m\u00eame concentration que lors des 28 matches pr\u00e9c\u00e9dents. (cr\u00e9er)<\/p>\n","protected":false},"excerpt":{"rendered":"<p>Avec une victoire ce vendredi soir contre le RFC Seraing, l&rsquo;\u00e9quipe de football de deuxi\u00e8me division de l&rsquo;AS Eupen peut figurer parmi les 6 premiers<\/p>\n","protected":false},"author":1,"featured_media":11715,"comment_status":"","ping_status":"","sticky":false,"template":"","format":"standard","meta":{"footnotes":""},"categories":[298],"tags":[333,61,796,2329,2353,469,22,10301,6360,1795,3169,110,784],"class_list":["post-13121","post","type-post","status-publish","format-standard","has-post-thumbnail","hentry","category-belgique","tag-acceder","tag-avec","tag-contre","tag-eupen","tag-las","tag-moins","tag-peut","tag-provisoirement","tag-seraing","tag-soir","tag-top","tag-une","tag-victoire","generate-columns","tablet-grid-50","mobile-grid-100","grid-parent","grid-33"],"yoast_head":"<!-- This site is optimized with the Yoast SEO plugin v24.0 - https:\/\/yoast.com\/wordpress\/plugins\/seo\/ -->\n<title>L&#039;AS Eupen peut au moins provisoirement acc\u00e9der au top 6 avec une victoire contre Seraing ce soir | Vie Associative<\/title>\n<meta name=\"robots\" content=\"index, follow, max-snippet:-1, max-image-preview:large, max-video-preview:-1\" \/>\n<link rel=\"canonical\" href=\"https:\/\/vieassociative.be\/actualites\/las-eupen-peut-au-moins-provisoirement-acceder-au-top-6-avec-une-victoire-contre-seraing-ce-soir\/\" \/>\n<meta property=\"og:locale\" content=\"fr_FR\" \/>\n<meta property=\"og:type\" content=\"article\" \/>\n<meta property=\"og:title\" content=\"L&#039;AS Eupen peut au moins provisoirement acc\u00e9der au top 6 avec une victoire contre Seraing ce soir | Vie Associative\" \/>\n<meta property=\"og:description\" content=\"Avec une victoire ce vendredi soir contre le RFC Seraing, l&rsquo;\u00e9quipe de football de deuxi\u00e8me division de l&rsquo;AS Eupen peut figurer parmi les 6 premiers\" \/>\n<meta property=\"og:url\" content=\"https:\/\/vieassociative.be\/actualites\/las-eupen-peut-au-moins-provisoirement-acceder-au-top-6-avec-une-victoire-contre-seraing-ce-soir\/\" \/>\n<meta property=\"og:site_name\" content=\"Vie Associative\" \/>\n<meta property=\"article:published_time\" content=\"2026-03-21T09:17:28+00:00\" \/>\n<meta property=\"og:image\" content=\"https:\/\/vieassociative.be\/actualites\/wp-content\/uploads\/2024\/09\/header_backgroundk-01-e1726694325946.png\" \/>\n\t<meta property=\"og:image:width\" content=\"279\" \/>\n\t<meta property=\"og:image:height\" content=\"92\" \/>\n\t<meta property=\"og:image:type\" content=\"image\/png\" \/>\n<meta name=\"author\" content=\"Julien\" \/>\n<meta name=\"twitter:card\" content=\"summary_large_image\" \/>\n<meta name=\"twitter:label1\" content=\"\u00c9crit par\" \/>\n\t<meta name=\"twitter:data1\" content=\"Julien\" \/>\n\t<meta name=\"twitter:label2\" content=\"Dur\u00e9e de lecture est.\" \/>\n\t<meta name=\"twitter:data2\" content=\"2 minutes\" \/>\n<script type=\"application\/ld+json\" class=\"yoast-schema-graph\">{\"@context\":\"https:\/\/schema.org\",\"@graph\":[{\"@type\":\"Article\",\"@id\":\"https:\/\/vieassociative.be\/actualites\/las-eupen-peut-au-moins-provisoirement-acceder-au-top-6-avec-une-victoire-contre-seraing-ce-soir\/#article\",\"isPartOf\":{\"@id\":\"https:\/\/vieassociative.be\/actualites\/las-eupen-peut-au-moins-provisoirement-acceder-au-top-6-avec-une-victoire-contre-seraing-ce-soir\/\"},\"author\":{\"name\":\"Julien\",\"@id\":\"https:\/\/vieassociative.be\/actualites\/#\/schema\/person\/b87ac4f82f9d4e7b7cec7395b679edc4\"},\"headline\":\"L&rsquo;AS Eupen peut au moins provisoirement acc\u00e9der au top 6 avec une victoire contre Seraing ce soir\",\"datePublished\":\"2026-03-21T09:17:28+00:00\",\"dateModified\":\"2026-03-21T09:17:28+00:00\",\"mainEntityOfPage\":{\"@id\":\"https:\/\/vieassociative.be\/actualites\/las-eupen-peut-au-moins-provisoirement-acceder-au-top-6-avec-une-victoire-contre-seraing-ce-soir\/\"},\"wordCount\":369,\"publisher\":{\"@id\":\"https:\/\/vieassociative.be\/actualites\/#organization\"},\"image\":{\"@id\":\"https:\/\/vieassociative.be\/actualites\/las-eupen-peut-au-moins-provisoirement-acceder-au-top-6-avec-une-victoire-contre-seraing-ce-soir\/#primaryimage\"},\"thumbnailUrl\":\"https:\/\/vieassociative.be\/actualites\/wp-content\/uploads\/2025\/12\/1764987446_LAS-Eupen-simpose-1-0-au-RFC-Seraing-et-reste-candidat.jpg\",\"keywords\":[\"acc\u00e9der\",\"avec\",\"contre\",\"Eupen\",\"lAS\",\"moins\",\"peut\",\"provisoirement\",\"SerAing\",\"soir\",\"top\",\"une\",\"victoire\"],\"articleSection\":[\"Belgique\"],\"inLanguage\":\"fr-BE\"},{\"@type\":\"WebPage\",\"@id\":\"https:\/\/vieassociative.be\/actualites\/las-eupen-peut-au-moins-provisoirement-acceder-au-top-6-avec-une-victoire-contre-seraing-ce-soir\/\",\"url\":\"https:\/\/vieassociative.be\/actualites\/las-eupen-peut-au-moins-provisoirement-acceder-au-top-6-avec-une-victoire-contre-seraing-ce-soir\/\",\"name\":\"L'AS Eupen peut au moins provisoirement acc\u00e9der au top 6 avec une victoire contre Seraing ce soir | Vie Associative\",\"isPartOf\":{\"@id\":\"https:\/\/vieassociative.be\/actualites\/#website\"},\"primaryImageOfPage\":{\"@id\":\"https:\/\/vieassociative.be\/actualites\/las-eupen-peut-au-moins-provisoirement-acceder-au-top-6-avec-une-victoire-contre-seraing-ce-soir\/#primaryimage\"},\"image\":{\"@id\":\"https:\/\/vieassociative.be\/actualites\/las-eupen-peut-au-moins-provisoirement-acceder-au-top-6-avec-une-victoire-contre-seraing-ce-soir\/#primaryimage\"},\"thumbnailUrl\":\"https:\/\/vieassociative.be\/actualites\/wp-content\/uploads\/2025\/12\/1764987446_LAS-Eupen-simpose-1-0-au-RFC-Seraing-et-reste-candidat.jpg\",\"datePublished\":\"2026-03-21T09:17:28+00:00\",\"dateModified\":\"2026-03-21T09:17:28+00:00\",\"breadcrumb\":{\"@id\":\"https:\/\/vieassociative.be\/actualites\/las-eupen-peut-au-moins-provisoirement-acceder-au-top-6-avec-une-victoire-contre-seraing-ce-soir\/#breadcrumb\"},\"inLanguage\":\"fr-BE\",\"potentialAction\":[{\"@type\":\"ReadAction\",\"target\":[\"https:\/\/vieassociative.be\/actualites\/las-eupen-peut-au-moins-provisoirement-acceder-au-top-6-avec-une-victoire-contre-seraing-ce-soir\/\"]}]},{\"@type\":\"ImageObject\",\"inLanguage\":\"fr-BE\",\"@id\":\"https:\/\/vieassociative.be\/actualites\/las-eupen-peut-au-moins-provisoirement-acceder-au-top-6-avec-une-victoire-contre-seraing-ce-soir\/#primaryimage\",\"url\":\"https:\/\/vieassociative.be\/actualites\/wp-content\/uploads\/2025\/12\/1764987446_LAS-Eupen-simpose-1-0-au-RFC-Seraing-et-reste-candidat.jpg\",\"contentUrl\":\"https:\/\/vieassociative.be\/actualites\/wp-content\/uploads\/2025\/12\/1764987446_LAS-Eupen-simpose-1-0-au-RFC-Seraing-et-reste-candidat.jpg\",\"width\":1200,\"height\":801,\"caption\":\"L'AS Eupen s'impose 1-0 au RFC Seraing et reste candidat au top 6 \u2013 but gagnant de Nuhu\"},{\"@type\":\"BreadcrumbList\",\"@id\":\"https:\/\/vieassociative.be\/actualites\/las-eupen-peut-au-moins-provisoirement-acceder-au-top-6-avec-une-victoire-contre-seraing-ce-soir\/#breadcrumb\",\"itemListElement\":[{\"@type\":\"ListItem\",\"position\":1,\"name\":\"Accueil\",\"item\":\"https:\/\/vieassociative.be\/actualites\/\"},{\"@type\":\"ListItem\",\"position\":2,\"name\":\"L&rsquo;AS Eupen peut au moins provisoirement acc\u00e9der au top 6 avec une victoire contre Seraing ce soir\"}]},{\"@type\":\"WebSite\",\"@id\":\"https:\/\/vieassociative.be\/actualites\/#website\",\"url\":\"https:\/\/vieassociative.be\/actualites\/\",\"name\":\"Vie Associative\",\"description\":\"\",\"publisher\":{\"@id\":\"https:\/\/vieassociative.be\/actualites\/#organization\"},\"potentialAction\":[{\"@type\":\"SearchAction\",\"target\":{\"@type\":\"EntryPoint\",\"urlTemplate\":\"https:\/\/vieassociative.be\/actualites\/?s={search_term_string}\"},\"query-input\":{\"@type\":\"PropertyValueSpecification\",\"valueRequired\":true,\"valueName\":\"search_term_string\"}}],\"inLanguage\":\"fr-BE\"},{\"@type\":\"Organization\",\"@id\":\"https:\/\/vieassociative.be\/actualites\/#organization\",\"name\":\"Vie Associative\",\"url\":\"https:\/\/vieassociative.be\/actualites\/\",\"logo\":{\"@type\":\"ImageObject\",\"inLanguage\":\"fr-BE\",\"@id\":\"https:\/\/vieassociative.be\/actualites\/#\/schema\/logo\/image\/\",\"url\":\"https:\/\/vieassociative.be\/actualites\/wp-content\/uploads\/2024\/09\/cropped-vieassociative_favicon.ico.png\",\"contentUrl\":\"https:\/\/vieassociative.be\/actualites\/wp-content\/uploads\/2024\/09\/cropped-vieassociative_favicon.ico.png\",\"width\":512,\"height\":512,\"caption\":\"Vie Associative\"},\"image\":{\"@id\":\"https:\/\/vieassociative.be\/actualites\/#\/schema\/logo\/image\/\"}},{\"@type\":\"Person\",\"@id\":\"https:\/\/vieassociative.be\/actualites\/#\/schema\/person\/b87ac4f82f9d4e7b7cec7395b679edc4\",\"name\":\"Julien\",\"image\":{\"@type\":\"ImageObject\",\"inLanguage\":\"fr-BE\",\"@id\":\"https:\/\/vieassociative.be\/actualites\/#\/schema\/person\/image\/\",\"url\":\"https:\/\/vieassociative.be\/actualites\/wp-content\/uploads\/2024\/09\/vie-associative-1-150x150.jpg\",\"contentUrl\":\"https:\/\/vieassociative.be\/actualites\/wp-content\/uploads\/2024\/09\/vie-associative-1-150x150.jpg\",\"caption\":\"Julien\"},\"description\":\"Je suis Julien, r\u00e9dacteur pour Vie Associative. Passionn\u00e9 par le monde associatif depuis plus de 10 ans, j'ai \u00e0 c\u0153ur de partager des histoires inspirantes et de mettre en lumi\u00e8re les initiatives locales. Mon objectif est de sensibiliser et d'encourager l'engagement communautaire \u00e0 travers mes articles.\",\"sameAs\":[\"https:\/\/vieassociative.be\/\"]}]}<\/script>\n<!-- \/ Yoast SEO plugin. -->","yoast_head_json":{"title":"L'AS Eupen peut au moins provisoirement acc\u00e9der au top 6 avec une victoire contre Seraing ce soir | Vie Associative","robots":{"index":"index","follow":"follow","max-snippet":"max-snippet:-1","max-image-preview":"max-image-preview:large","max-video-preview":"max-video-preview:-1"},"canonical":"https:\/\/vieassociative.be\/actualites\/las-eupen-peut-au-moins-provisoirement-acceder-au-top-6-avec-une-victoire-contre-seraing-ce-soir\/","og_locale":"fr_FR","og_type":"article","og_title":"L'AS Eupen peut au moins provisoirement acc\u00e9der au top 6 avec une victoire contre Seraing ce soir | Vie Associative","og_description":"Avec une victoire ce vendredi soir contre le RFC Seraing, l&rsquo;\u00e9quipe de football de deuxi\u00e8me division de l&rsquo;AS Eupen peut figurer parmi les 6 premiers","og_url":"https:\/\/vieassociative.be\/actualites\/las-eupen-peut-au-moins-provisoirement-acceder-au-top-6-avec-une-victoire-contre-seraing-ce-soir\/","og_site_name":"Vie Associative","article_published_time":"2026-03-21T09:17:28+00:00","og_image":[{"width":279,"height":92,"url":"https:\/\/vieassociative.be\/actualites\/wp-content\/uploads\/2024\/09\/header_backgroundk-01-e1726694325946.png","type":"image\/png"}],"author":"Julien","twitter_card":"summary_large_image","twitter_misc":{"\u00c9crit par":"Julien","Dur\u00e9e de lecture est.":"2 minutes"},"schema":{"@context":"https:\/\/schema.org","@graph":[{"@type":"Article","@id":"https:\/\/vieassociative.be\/actualites\/las-eupen-peut-au-moins-provisoirement-acceder-au-top-6-avec-une-victoire-contre-seraing-ce-soir\/#article","isPartOf":{"@id":"https:\/\/vieassociative.be\/actualites\/las-eupen-peut-au-moins-provisoirement-acceder-au-top-6-avec-une-victoire-contre-seraing-ce-soir\/"},"author":{"name":"Julien","@id":"https:\/\/vieassociative.be\/actualites\/#\/schema\/person\/b87ac4f82f9d4e7b7cec7395b679edc4"},"headline":"L&rsquo;AS Eupen peut au moins provisoirement acc\u00e9der au top 6 avec une victoire contre Seraing ce soir","datePublished":"2026-03-21T09:17:28+00:00","dateModified":"2026-03-21T09:17:28+00:00","mainEntityOfPage":{"@id":"https:\/\/vieassociative.be\/actualites\/las-eupen-peut-au-moins-provisoirement-acceder-au-top-6-avec-une-victoire-contre-seraing-ce-soir\/"},"wordCount":369,"publisher":{"@id":"https:\/\/vieassociative.be\/actualites\/#organization"},"image":{"@id":"https:\/\/vieassociative.be\/actualites\/las-eupen-peut-au-moins-provisoirement-acceder-au-top-6-avec-une-victoire-contre-seraing-ce-soir\/#primaryimage"},"thumbnailUrl":"https:\/\/vieassociative.be\/actualites\/wp-content\/uploads\/2025\/12\/1764987446_LAS-Eupen-simpose-1-0-au-RFC-Seraing-et-reste-candidat.jpg","keywords":["acc\u00e9der","avec","contre","Eupen","lAS","moins","peut","provisoirement","SerAing","soir","top","une","victoire"],"articleSection":["Belgique"],"inLanguage":"fr-BE"},{"@type":"WebPage","@id":"https:\/\/vieassociative.be\/actualites\/las-eupen-peut-au-moins-provisoirement-acceder-au-top-6-avec-une-victoire-contre-seraing-ce-soir\/","url":"https:\/\/vieassociative.be\/actualites\/las-eupen-peut-au-moins-provisoirement-acceder-au-top-6-avec-une-victoire-contre-seraing-ce-soir\/","name":"L'AS Eupen peut au moins provisoirement acc\u00e9der au top 6 avec une victoire contre Seraing ce soir | Vie Associative","isPartOf":{"@id":"https:\/\/vieassociative.be\/actualites\/#website"},"primaryImageOfPage":{"@id":"https:\/\/vieassociative.be\/actualites\/las-eupen-peut-au-moins-provisoirement-acceder-au-top-6-avec-une-victoire-contre-seraing-ce-soir\/#primaryimage"},"image":{"@id":"https:\/\/vieassociative.be\/actualites\/las-eupen-peut-au-moins-provisoirement-acceder-au-top-6-avec-une-victoire-contre-seraing-ce-soir\/#primaryimage"},"thumbnailUrl":"https:\/\/vieassociative.be\/actualites\/wp-content\/uploads\/2025\/12\/1764987446_LAS-Eupen-simpose-1-0-au-RFC-Seraing-et-reste-candidat.jpg","datePublished":"2026-03-21T09:17:28+00:00","dateModified":"2026-03-21T09:17:28+00:00","breadcrumb":{"@id":"https:\/\/vieassociative.be\/actualites\/las-eupen-peut-au-moins-provisoirement-acceder-au-top-6-avec-une-victoire-contre-seraing-ce-soir\/#breadcrumb"},"inLanguage":"fr-BE","potentialAction":[{"@type":"ReadAction","target":["https:\/\/vieassociative.be\/actualites\/las-eupen-peut-au-moins-provisoirement-acceder-au-top-6-avec-une-victoire-contre-seraing-ce-soir\/"]}]},{"@type":"ImageObject","inLanguage":"fr-BE","@id":"https:\/\/vieassociative.be\/actualites\/las-eupen-peut-au-moins-provisoirement-acceder-au-top-6-avec-une-victoire-contre-seraing-ce-soir\/#primaryimage","url":"https:\/\/vieassociative.be\/actualites\/wp-content\/uploads\/2025\/12\/1764987446_LAS-Eupen-simpose-1-0-au-RFC-Seraing-et-reste-candidat.jpg","contentUrl":"https:\/\/vieassociative.be\/actualites\/wp-content\/uploads\/2025\/12\/1764987446_LAS-Eupen-simpose-1-0-au-RFC-Seraing-et-reste-candidat.jpg","width":1200,"height":801,"caption":"L'AS Eupen s'impose 1-0 au RFC Seraing et reste candidat au top 6 \u2013 but gagnant de Nuhu"},{"@type":"BreadcrumbList","@id":"https:\/\/vieassociative.be\/actualites\/las-eupen-peut-au-moins-provisoirement-acceder-au-top-6-avec-une-victoire-contre-seraing-ce-soir\/#breadcrumb","itemListElement":[{"@type":"ListItem","position":1,"name":"Accueil","item":"https:\/\/vieassociative.be\/actualites\/"},{"@type":"ListItem","position":2,"name":"L&rsquo;AS Eupen peut au moins provisoirement acc\u00e9der au top 6 avec une victoire contre Seraing ce soir"}]},{"@type":"WebSite","@id":"https:\/\/vieassociative.be\/actualites\/#website","url":"https:\/\/vieassociative.be\/actualites\/","name":"Vie Associative","description":"","publisher":{"@id":"https:\/\/vieassociative.be\/actualites\/#organization"},"potentialAction":[{"@type":"SearchAction","target":{"@type":"EntryPoint","urlTemplate":"https:\/\/vieassociative.be\/actualites\/?s={search_term_string}"},"query-input":{"@type":"PropertyValueSpecification","valueRequired":true,"valueName":"search_term_string"}}],"inLanguage":"fr-BE"},{"@type":"Organization","@id":"https:\/\/vieassociative.be\/actualites\/#organization","name":"Vie Associative","url":"https:\/\/vieassociative.be\/actualites\/","logo":{"@type":"ImageObject","inLanguage":"fr-BE","@id":"https:\/\/vieassociative.be\/actualites\/#\/schema\/logo\/image\/","url":"https:\/\/vieassociative.be\/actualites\/wp-content\/uploads\/2024\/09\/cropped-vieassociative_favicon.ico.png","contentUrl":"https:\/\/vieassociative.be\/actualites\/wp-content\/uploads\/2024\/09\/cropped-vieassociative_favicon.ico.png","width":512,"height":512,"caption":"Vie Associative"},"image":{"@id":"https:\/\/vieassociative.be\/actualites\/#\/schema\/logo\/image\/"}},{"@type":"Person","@id":"https:\/\/vieassociative.be\/actualites\/#\/schema\/person\/b87ac4f82f9d4e7b7cec7395b679edc4","name":"Julien","image":{"@type":"ImageObject","inLanguage":"fr-BE","@id":"https:\/\/vieassociative.be\/actualites\/#\/schema\/person\/image\/","url":"https:\/\/vieassociative.be\/actualites\/wp-content\/uploads\/2024\/09\/vie-associative-1-150x150.jpg","contentUrl":"https:\/\/vieassociative.be\/actualites\/wp-content\/uploads\/2024\/09\/vie-associative-1-150x150.jpg","caption":"Julien"},"description":"Je suis Julien, r\u00e9dacteur pour Vie Associative. Passionn\u00e9 par le monde associatif depuis plus de 10 ans, j'ai \u00e0 c\u0153ur de partager des histoires inspirantes et de mettre en lumi\u00e8re les initiatives locales. Mon objectif est de sensibiliser et d'encourager l'engagement communautaire \u00e0 travers mes articles.","sameAs":["https:\/\/vieassociative.be\/"]}]}},"_links":{"self":[{"href":"https:\/\/vieassociative.be\/actualites\/wp-json\/wp\/v2\/posts\/13121"}],"collection":[{"href":"https:\/\/vieassociative.be\/actualites\/wp-json\/wp\/v2\/posts"}],"about":[{"href":"https:\/\/vieassociative.be\/actualites\/wp-json\/wp\/v2\/types\/post"}],"author":[{"embeddable":true,"href":"https:\/\/vieassociative.be\/actualites\/wp-json\/wp\/v2\/users\/1"}],"replies":[{"embeddable":true,"href":"https:\/\/vieassociative.be\/actualites\/wp-json\/wp\/v2\/comments?post=13121"}],"version-history":[{"count":0,"href":"https:\/\/vieassociative.be\/actualites\/wp-json\/wp\/v2\/posts\/13121\/revisions"}],"wp:featuredmedia":[{"embeddable":true,"href":"https:\/\/vieassociative.be\/actualites\/wp-json\/wp\/v2\/media\/11715"}],"wp:attachment":[{"href":"https:\/\/vieassociative.be\/actualites\/wp-json\/wp\/v2\/media?parent=13121"}],"wp:term":[{"taxonomy":"category","embeddable":true,"href":"https:\/\/vieassociative.be\/actualites\/wp-json\/wp\/v2\/categories?post=13121"},{"taxonomy":"post_tag","embeddable":true,"href":"https:\/\/vieassociative.be\/actualites\/wp-json\/wp\/v2\/tags?post=13121"}],"curies":[{"name":"wp","href":"https:\/\/api.w.org\/{rel}","templated":true}]}}