{"id":13119,"date":"2026-03-21T09:17:21","date_gmt":"2026-03-21T08:17:21","guid":{"rendered":"https:\/\/vieassociative.be\/actualites\/cette-violation-massive-de-donnees-a-fait-fuir-27-millions-de-numeros-de-securite-sociale\/"},"modified":"2026-03-21T09:17:21","modified_gmt":"2026-03-21T08:17:21","slug":"cette-violation-massive-de-donnees-a-fait-fuir-27-millions-de-numeros-de-securite-sociale","status":"publish","type":"post","link":"https:\/\/vieassociative.be\/actualites\/cette-violation-massive-de-donnees-a-fait-fuir-27-millions-de-numeros-de-securite-sociale\/","title":{"rendered":"Cette violation massive de donn\u00e9es a fait fuir 2,7 millions de num\u00e9ros de s\u00e9curit\u00e9 sociale"},"content":{"rendered":"<p>Une autre violation massive de donn\u00e9es a compromis les donn\u00e9es de sant\u00e9 et les informations sensibles de millions d\u2019Am\u00e9ricains. Navia Benefit Solutions, un administrateur d&rsquo;avantages sociaux pour plus de 10 000 employeurs am\u00e9ricains, a r\u00e9v\u00e9l\u00e9 un piratage qui affecte pr\u00e8s de 2,7 millions de personnes, selon un dossier d\u00e9pos\u00e9 le 18 mars aupr\u00e8s du procureur g\u00e9n\u00e9ral du Maine. <\/p>\n<p>Les services de Navia comprennent des logiciels et un support client pour l&rsquo;administration de tout, des comptes de d\u00e9penses flexibles (FSA) et des comptes d&rsquo;\u00e9pargne sant\u00e9 (HSA) aux avantages sociaux et \u00e9ducatifs.<\/p>\n<h2 id=\"what-happened-with-the-navia-benefit-solutions-data-breach\">Que s\u2019est-il pass\u00e9 avec la violation de donn\u00e9es de Navia Benefit Solutions\u00a0?<\/h2>\n<p>Le 23 janvier, Navia a identifi\u00e9 une \u00ab activit\u00e9 suspecte \u00bb sur ses syst\u00e8mes, ce qui a conduit \u00e0 la d\u00e9couverte que des pirates informatiques avaient eu acc\u00e8s \u00e0 certaines donn\u00e9es de l&rsquo;organisation entre le 22 d\u00e9cembre 2025 et le 15 janvier 2026. Pendant cette p\u00e9riode, les acteurs malveillants ont pu exfiltrer une quantit\u00e9 importante d&rsquo;informations personnelles identifiables (PII), qui peuvent inclure les \u00e9l\u00e9ments suivants : <\/p>\n<ul>\n<li>\n<p>Nom et pr\u00e9nom<\/p>\n<\/li>\n<li>\n<p>Date de naissance<\/p>\n<\/li>\n<li>\n<p>Num\u00e9ro de s\u00e9curit\u00e9 sociale (SSN)<\/p>\n<\/li>\n<li>\n<p>Num\u00e9ro de t\u00e9l\u00e9phone<\/p>\n<\/li>\n<li>\n<p>Adresse email<\/p>\n<\/li>\n<li>\n<p>Informations sur le plan de sant\u00e9<\/p>\n<\/li>\n<\/ul>\n<p>Les donn\u00e9es compromises du plan de sant\u00e9 peuvent inclure la participation au Health Reimbursement Arrangement (HRA), les informations d&rsquo;inscription au Consolidated Omnibus Budget Reconciliation Act (COBRA) et des informations sur les FSA des utilisateurs.<\/p>\n<p>Navia a d\u00e9clar\u00e9 qu&rsquo;aucune r\u00e9clamation ou donn\u00e9e financi\u00e8re n&rsquo;avait \u00e9t\u00e9 incluse dans la violation, bien que les informations vol\u00e9es soient couramment utilis\u00e9es pour des attaques d&rsquo;ing\u00e9nierie sociale et le vol d&rsquo;identit\u00e9. <\/p>\n<h2 id=\"what-to-do-if-you-were-affected-by-the-navia-benefit-solutions-security-breach\">Que faire si vous avez \u00e9t\u00e9 affect\u00e9 par la faille de s\u00e9curit\u00e9 de Navia Benefit Solutions<\/h2>\n<p>Navia a commenc\u00e9 \u00e0 informer les personnes concern\u00e9es le 18 mars, alors gardez un \u0153il sur une lettre de Navia Benefit Solutions. Si vos donn\u00e9es ont \u00e9t\u00e9 incluses dans la violation, vous avez droit \u00e0 un an de services de surveillance d&rsquo;identit\u00e9 via Kroll. Votre lettre comprendra des informations sur la mani\u00e8re de s&rsquo;inscrire, y compris la date limite d&rsquo;inscription aux services et votre code d&rsquo;activation unique. Vous devrez activer votre compte en ligne sur enroll.krollmonitoring.com\/redeem. <\/p>\n<p>Comme toujours, une violation majeure de donn\u00e9es est un bon rappel pour verrouiller votre identit\u00e9. Gelez votre cr\u00e9dit (cela devrait \u00eatre votre choix par d\u00e9faut, sauf si vous demandez activement une nouvelle ligne de cr\u00e9dit) et configurez une alerte de fraude d&rsquo;un an, ce qui ajoute des frictions suppl\u00e9mentaires si quelqu&rsquo;un tente de demander un cr\u00e9dit en votre nom. V\u00e9rifiez r\u00e9guli\u00e8rement votre dossier de cr\u00e9dit et vos comptes financiers pour d\u00e9tecter toute activit\u00e9 suspecte et signalez imm\u00e9diatement toute fraude \u00e0 votre institution financi\u00e8re. Vous pouvez \u00e9galement d\u00e9poser un rapport de vol d&rsquo;identit\u00e9 aupr\u00e8s de la Federal Trade Commission et de votre service de police local. <\/p>\n","protected":false},"excerpt":{"rendered":"<p>Une autre violation massive de donn\u00e9es a compromis les donn\u00e9es de sant\u00e9 et les informations sensibles de millions d\u2019Am\u00e9ricains. Navia Benefit Solutions, un administrateur d&rsquo;avantages<\/p>\n","protected":false},"author":1,"featured_media":13120,"comment_status":"","ping_status":"","sticky":false,"template":"","format":"standard","meta":{"footnotes":""},"categories":[10223],"tags":[206,154,635,95,1138,1751,6732,151,4208,5095],"class_list":["post-13119","post","type-post","status-publish","format-standard","has-post-thumbnail","hentry","category-privacy","tag-cette","tag-donnees","tag-fait","tag-fuir","tag-massive","tag-millions","tag-numeros","tag-securite","tag-sociale","tag-violation","generate-columns","tablet-grid-50","mobile-grid-100","grid-parent","grid-33"],"yoast_head":"<!-- This site is optimized with the Yoast SEO plugin v24.0 - https:\/\/yoast.com\/wordpress\/plugins\/seo\/ -->\n<title>Cette violation massive de donn\u00e9es a fait fuir 2,7 millions de num\u00e9ros de s\u00e9curit\u00e9 sociale | Vie Associative<\/title>\n<meta name=\"robots\" content=\"index, follow, max-snippet:-1, max-image-preview:large, max-video-preview:-1\" \/>\n<link rel=\"canonical\" href=\"https:\/\/vieassociative.be\/actualites\/cette-violation-massive-de-donnees-a-fait-fuir-27-millions-de-numeros-de-securite-sociale\/\" \/>\n<meta property=\"og:locale\" content=\"fr_FR\" \/>\n<meta property=\"og:type\" content=\"article\" \/>\n<meta property=\"og:title\" content=\"Cette violation massive de donn\u00e9es a fait fuir 2,7 millions de num\u00e9ros de s\u00e9curit\u00e9 sociale | Vie Associative\" \/>\n<meta property=\"og:description\" content=\"Une autre violation massive de donn\u00e9es a compromis les donn\u00e9es de sant\u00e9 et les informations sensibles de millions d\u2019Am\u00e9ricains. Navia Benefit Solutions, un administrateur d&rsquo;avantages\" \/>\n<meta property=\"og:url\" content=\"https:\/\/vieassociative.be\/actualites\/cette-violation-massive-de-donnees-a-fait-fuir-27-millions-de-numeros-de-securite-sociale\/\" \/>\n<meta property=\"og:site_name\" content=\"Vie Associative\" \/>\n<meta property=\"article:published_time\" content=\"2026-03-21T08:17:21+00:00\" \/>\n<meta property=\"og:image\" content=\"https:\/\/vieassociative.be\/actualites\/wp-content\/uploads\/2024\/09\/header_backgroundk-01-e1726694325946.png\" \/>\n\t<meta property=\"og:image:width\" content=\"279\" \/>\n\t<meta property=\"og:image:height\" content=\"92\" \/>\n\t<meta property=\"og:image:type\" content=\"image\/png\" \/>\n<meta name=\"author\" content=\"Julien\" \/>\n<meta name=\"twitter:card\" content=\"summary_large_image\" \/>\n<meta name=\"twitter:label1\" content=\"\u00c9crit par\" \/>\n\t<meta name=\"twitter:data1\" content=\"Julien\" \/>\n\t<meta name=\"twitter:label2\" content=\"Dur\u00e9e de lecture est.\" \/>\n\t<meta name=\"twitter:data2\" content=\"2 minutes\" \/>\n<script type=\"application\/ld+json\" class=\"yoast-schema-graph\">{\"@context\":\"https:\/\/schema.org\",\"@graph\":[{\"@type\":\"Article\",\"@id\":\"https:\/\/vieassociative.be\/actualites\/cette-violation-massive-de-donnees-a-fait-fuir-27-millions-de-numeros-de-securite-sociale\/#article\",\"isPartOf\":{\"@id\":\"https:\/\/vieassociative.be\/actualites\/cette-violation-massive-de-donnees-a-fait-fuir-27-millions-de-numeros-de-securite-sociale\/\"},\"author\":{\"name\":\"Julien\",\"@id\":\"https:\/\/vieassociative.be\/actualites\/#\/schema\/person\/b87ac4f82f9d4e7b7cec7395b679edc4\"},\"headline\":\"Cette violation massive de donn\u00e9es a fait fuir 2,7 millions de num\u00e9ros de s\u00e9curit\u00e9 sociale\",\"datePublished\":\"2026-03-21T08:17:21+00:00\",\"dateModified\":\"2026-03-21T08:17:21+00:00\",\"mainEntityOfPage\":{\"@id\":\"https:\/\/vieassociative.be\/actualites\/cette-violation-massive-de-donnees-a-fait-fuir-27-millions-de-numeros-de-securite-sociale\/\"},\"wordCount\":526,\"publisher\":{\"@id\":\"https:\/\/vieassociative.be\/actualites\/#organization\"},\"image\":{\"@id\":\"https:\/\/vieassociative.be\/actualites\/cette-violation-massive-de-donnees-a-fait-fuir-27-millions-de-numeros-de-securite-sociale\/#primaryimage\"},\"thumbnailUrl\":\"https:\/\/vieassociative.be\/actualites\/wp-content\/uploads\/2026\/03\/Cette-violation-massive-de-donnees-a-fait-fuir-27-millions.png\",\"keywords\":[\"cette\",\"donn\u00e9es\",\"fait\",\"fuir\",\"massive\",\"millions\",\"num\u00e9ros\",\"s\u00e9curit\u00e9\",\"sociale\",\"violation\"],\"articleSection\":[\"Privacy\"],\"inLanguage\":\"fr-BE\"},{\"@type\":\"WebPage\",\"@id\":\"https:\/\/vieassociative.be\/actualites\/cette-violation-massive-de-donnees-a-fait-fuir-27-millions-de-numeros-de-securite-sociale\/\",\"url\":\"https:\/\/vieassociative.be\/actualites\/cette-violation-massive-de-donnees-a-fait-fuir-27-millions-de-numeros-de-securite-sociale\/\",\"name\":\"Cette violation massive de donn\u00e9es a fait fuir 2,7 millions de num\u00e9ros de s\u00e9curit\u00e9 sociale | Vie Associative\",\"isPartOf\":{\"@id\":\"https:\/\/vieassociative.be\/actualites\/#website\"},\"primaryImageOfPage\":{\"@id\":\"https:\/\/vieassociative.be\/actualites\/cette-violation-massive-de-donnees-a-fait-fuir-27-millions-de-numeros-de-securite-sociale\/#primaryimage\"},\"image\":{\"@id\":\"https:\/\/vieassociative.be\/actualites\/cette-violation-massive-de-donnees-a-fait-fuir-27-millions-de-numeros-de-securite-sociale\/#primaryimage\"},\"thumbnailUrl\":\"https:\/\/vieassociative.be\/actualites\/wp-content\/uploads\/2026\/03\/Cette-violation-massive-de-donnees-a-fait-fuir-27-millions.png\",\"datePublished\":\"2026-03-21T08:17:21+00:00\",\"dateModified\":\"2026-03-21T08:17:21+00:00\",\"breadcrumb\":{\"@id\":\"https:\/\/vieassociative.be\/actualites\/cette-violation-massive-de-donnees-a-fait-fuir-27-millions-de-numeros-de-securite-sociale\/#breadcrumb\"},\"inLanguage\":\"fr-BE\",\"potentialAction\":[{\"@type\":\"ReadAction\",\"target\":[\"https:\/\/vieassociative.be\/actualites\/cette-violation-massive-de-donnees-a-fait-fuir-27-millions-de-numeros-de-securite-sociale\/\"]}]},{\"@type\":\"ImageObject\",\"inLanguage\":\"fr-BE\",\"@id\":\"https:\/\/vieassociative.be\/actualites\/cette-violation-massive-de-donnees-a-fait-fuir-27-millions-de-numeros-de-securite-sociale\/#primaryimage\",\"url\":\"https:\/\/vieassociative.be\/actualites\/wp-content\/uploads\/2026\/03\/Cette-violation-massive-de-donnees-a-fait-fuir-27-millions.png\",\"contentUrl\":\"https:\/\/vieassociative.be\/actualites\/wp-content\/uploads\/2026\/03\/Cette-violation-massive-de-donnees-a-fait-fuir-27-millions.png\",\"width\":1200,\"height\":675,\"caption\":\"Cette violation massive de donn\u00e9es a fait fuir 2,7 millions de num\u00e9ros de s\u00e9curit\u00e9 sociale\"},{\"@type\":\"BreadcrumbList\",\"@id\":\"https:\/\/vieassociative.be\/actualites\/cette-violation-massive-de-donnees-a-fait-fuir-27-millions-de-numeros-de-securite-sociale\/#breadcrumb\",\"itemListElement\":[{\"@type\":\"ListItem\",\"position\":1,\"name\":\"Accueil\",\"item\":\"https:\/\/vieassociative.be\/actualites\/\"},{\"@type\":\"ListItem\",\"position\":2,\"name\":\"Cette violation massive de donn\u00e9es a fait fuir 2,7 millions de num\u00e9ros de s\u00e9curit\u00e9 sociale\"}]},{\"@type\":\"WebSite\",\"@id\":\"https:\/\/vieassociative.be\/actualites\/#website\",\"url\":\"https:\/\/vieassociative.be\/actualites\/\",\"name\":\"Vie Associative\",\"description\":\"\",\"publisher\":{\"@id\":\"https:\/\/vieassociative.be\/actualites\/#organization\"},\"potentialAction\":[{\"@type\":\"SearchAction\",\"target\":{\"@type\":\"EntryPoint\",\"urlTemplate\":\"https:\/\/vieassociative.be\/actualites\/?s={search_term_string}\"},\"query-input\":{\"@type\":\"PropertyValueSpecification\",\"valueRequired\":true,\"valueName\":\"search_term_string\"}}],\"inLanguage\":\"fr-BE\"},{\"@type\":\"Organization\",\"@id\":\"https:\/\/vieassociative.be\/actualites\/#organization\",\"name\":\"Vie Associative\",\"url\":\"https:\/\/vieassociative.be\/actualites\/\",\"logo\":{\"@type\":\"ImageObject\",\"inLanguage\":\"fr-BE\",\"@id\":\"https:\/\/vieassociative.be\/actualites\/#\/schema\/logo\/image\/\",\"url\":\"https:\/\/vieassociative.be\/actualites\/wp-content\/uploads\/2024\/09\/cropped-vieassociative_favicon.ico.png\",\"contentUrl\":\"https:\/\/vieassociative.be\/actualites\/wp-content\/uploads\/2024\/09\/cropped-vieassociative_favicon.ico.png\",\"width\":512,\"height\":512,\"caption\":\"Vie Associative\"},\"image\":{\"@id\":\"https:\/\/vieassociative.be\/actualites\/#\/schema\/logo\/image\/\"}},{\"@type\":\"Person\",\"@id\":\"https:\/\/vieassociative.be\/actualites\/#\/schema\/person\/b87ac4f82f9d4e7b7cec7395b679edc4\",\"name\":\"Julien\",\"image\":{\"@type\":\"ImageObject\",\"inLanguage\":\"fr-BE\",\"@id\":\"https:\/\/vieassociative.be\/actualites\/#\/schema\/person\/image\/\",\"url\":\"https:\/\/vieassociative.be\/actualites\/wp-content\/uploads\/2024\/09\/vie-associative-1-150x150.jpg\",\"contentUrl\":\"https:\/\/vieassociative.be\/actualites\/wp-content\/uploads\/2024\/09\/vie-associative-1-150x150.jpg\",\"caption\":\"Julien\"},\"description\":\"Je suis Julien, r\u00e9dacteur pour Vie Associative. Passionn\u00e9 par le monde associatif depuis plus de 10 ans, j'ai \u00e0 c\u0153ur de partager des histoires inspirantes et de mettre en lumi\u00e8re les initiatives locales. Mon objectif est de sensibiliser et d'encourager l'engagement communautaire \u00e0 travers mes articles.\",\"sameAs\":[\"https:\/\/vieassociative.be\/\"]}]}<\/script>\n<!-- \/ Yoast SEO plugin. -->","yoast_head_json":{"title":"Cette violation massive de donn\u00e9es a fait fuir 2,7 millions de num\u00e9ros de s\u00e9curit\u00e9 sociale | Vie Associative","robots":{"index":"index","follow":"follow","max-snippet":"max-snippet:-1","max-image-preview":"max-image-preview:large","max-video-preview":"max-video-preview:-1"},"canonical":"https:\/\/vieassociative.be\/actualites\/cette-violation-massive-de-donnees-a-fait-fuir-27-millions-de-numeros-de-securite-sociale\/","og_locale":"fr_FR","og_type":"article","og_title":"Cette violation massive de donn\u00e9es a fait fuir 2,7 millions de num\u00e9ros de s\u00e9curit\u00e9 sociale | Vie Associative","og_description":"Une autre violation massive de donn\u00e9es a compromis les donn\u00e9es de sant\u00e9 et les informations sensibles de millions d\u2019Am\u00e9ricains. Navia Benefit Solutions, un administrateur d&rsquo;avantages","og_url":"https:\/\/vieassociative.be\/actualites\/cette-violation-massive-de-donnees-a-fait-fuir-27-millions-de-numeros-de-securite-sociale\/","og_site_name":"Vie Associative","article_published_time":"2026-03-21T08:17:21+00:00","og_image":[{"width":279,"height":92,"url":"https:\/\/vieassociative.be\/actualites\/wp-content\/uploads\/2024\/09\/header_backgroundk-01-e1726694325946.png","type":"image\/png"}],"author":"Julien","twitter_card":"summary_large_image","twitter_misc":{"\u00c9crit par":"Julien","Dur\u00e9e de lecture est.":"2 minutes"},"schema":{"@context":"https:\/\/schema.org","@graph":[{"@type":"Article","@id":"https:\/\/vieassociative.be\/actualites\/cette-violation-massive-de-donnees-a-fait-fuir-27-millions-de-numeros-de-securite-sociale\/#article","isPartOf":{"@id":"https:\/\/vieassociative.be\/actualites\/cette-violation-massive-de-donnees-a-fait-fuir-27-millions-de-numeros-de-securite-sociale\/"},"author":{"name":"Julien","@id":"https:\/\/vieassociative.be\/actualites\/#\/schema\/person\/b87ac4f82f9d4e7b7cec7395b679edc4"},"headline":"Cette violation massive de donn\u00e9es a fait fuir 2,7 millions de num\u00e9ros de s\u00e9curit\u00e9 sociale","datePublished":"2026-03-21T08:17:21+00:00","dateModified":"2026-03-21T08:17:21+00:00","mainEntityOfPage":{"@id":"https:\/\/vieassociative.be\/actualites\/cette-violation-massive-de-donnees-a-fait-fuir-27-millions-de-numeros-de-securite-sociale\/"},"wordCount":526,"publisher":{"@id":"https:\/\/vieassociative.be\/actualites\/#organization"},"image":{"@id":"https:\/\/vieassociative.be\/actualites\/cette-violation-massive-de-donnees-a-fait-fuir-27-millions-de-numeros-de-securite-sociale\/#primaryimage"},"thumbnailUrl":"https:\/\/vieassociative.be\/actualites\/wp-content\/uploads\/2026\/03\/Cette-violation-massive-de-donnees-a-fait-fuir-27-millions.png","keywords":["cette","donn\u00e9es","fait","fuir","massive","millions","num\u00e9ros","s\u00e9curit\u00e9","sociale","violation"],"articleSection":["Privacy"],"inLanguage":"fr-BE"},{"@type":"WebPage","@id":"https:\/\/vieassociative.be\/actualites\/cette-violation-massive-de-donnees-a-fait-fuir-27-millions-de-numeros-de-securite-sociale\/","url":"https:\/\/vieassociative.be\/actualites\/cette-violation-massive-de-donnees-a-fait-fuir-27-millions-de-numeros-de-securite-sociale\/","name":"Cette violation massive de donn\u00e9es a fait fuir 2,7 millions de num\u00e9ros de s\u00e9curit\u00e9 sociale | Vie Associative","isPartOf":{"@id":"https:\/\/vieassociative.be\/actualites\/#website"},"primaryImageOfPage":{"@id":"https:\/\/vieassociative.be\/actualites\/cette-violation-massive-de-donnees-a-fait-fuir-27-millions-de-numeros-de-securite-sociale\/#primaryimage"},"image":{"@id":"https:\/\/vieassociative.be\/actualites\/cette-violation-massive-de-donnees-a-fait-fuir-27-millions-de-numeros-de-securite-sociale\/#primaryimage"},"thumbnailUrl":"https:\/\/vieassociative.be\/actualites\/wp-content\/uploads\/2026\/03\/Cette-violation-massive-de-donnees-a-fait-fuir-27-millions.png","datePublished":"2026-03-21T08:17:21+00:00","dateModified":"2026-03-21T08:17:21+00:00","breadcrumb":{"@id":"https:\/\/vieassociative.be\/actualites\/cette-violation-massive-de-donnees-a-fait-fuir-27-millions-de-numeros-de-securite-sociale\/#breadcrumb"},"inLanguage":"fr-BE","potentialAction":[{"@type":"ReadAction","target":["https:\/\/vieassociative.be\/actualites\/cette-violation-massive-de-donnees-a-fait-fuir-27-millions-de-numeros-de-securite-sociale\/"]}]},{"@type":"ImageObject","inLanguage":"fr-BE","@id":"https:\/\/vieassociative.be\/actualites\/cette-violation-massive-de-donnees-a-fait-fuir-27-millions-de-numeros-de-securite-sociale\/#primaryimage","url":"https:\/\/vieassociative.be\/actualites\/wp-content\/uploads\/2026\/03\/Cette-violation-massive-de-donnees-a-fait-fuir-27-millions.png","contentUrl":"https:\/\/vieassociative.be\/actualites\/wp-content\/uploads\/2026\/03\/Cette-violation-massive-de-donnees-a-fait-fuir-27-millions.png","width":1200,"height":675,"caption":"Cette violation massive de donn\u00e9es a fait fuir 2,7 millions de num\u00e9ros de s\u00e9curit\u00e9 sociale"},{"@type":"BreadcrumbList","@id":"https:\/\/vieassociative.be\/actualites\/cette-violation-massive-de-donnees-a-fait-fuir-27-millions-de-numeros-de-securite-sociale\/#breadcrumb","itemListElement":[{"@type":"ListItem","position":1,"name":"Accueil","item":"https:\/\/vieassociative.be\/actualites\/"},{"@type":"ListItem","position":2,"name":"Cette violation massive de donn\u00e9es a fait fuir 2,7 millions de num\u00e9ros de s\u00e9curit\u00e9 sociale"}]},{"@type":"WebSite","@id":"https:\/\/vieassociative.be\/actualites\/#website","url":"https:\/\/vieassociative.be\/actualites\/","name":"Vie Associative","description":"","publisher":{"@id":"https:\/\/vieassociative.be\/actualites\/#organization"},"potentialAction":[{"@type":"SearchAction","target":{"@type":"EntryPoint","urlTemplate":"https:\/\/vieassociative.be\/actualites\/?s={search_term_string}"},"query-input":{"@type":"PropertyValueSpecification","valueRequired":true,"valueName":"search_term_string"}}],"inLanguage":"fr-BE"},{"@type":"Organization","@id":"https:\/\/vieassociative.be\/actualites\/#organization","name":"Vie Associative","url":"https:\/\/vieassociative.be\/actualites\/","logo":{"@type":"ImageObject","inLanguage":"fr-BE","@id":"https:\/\/vieassociative.be\/actualites\/#\/schema\/logo\/image\/","url":"https:\/\/vieassociative.be\/actualites\/wp-content\/uploads\/2024\/09\/cropped-vieassociative_favicon.ico.png","contentUrl":"https:\/\/vieassociative.be\/actualites\/wp-content\/uploads\/2024\/09\/cropped-vieassociative_favicon.ico.png","width":512,"height":512,"caption":"Vie Associative"},"image":{"@id":"https:\/\/vieassociative.be\/actualites\/#\/schema\/logo\/image\/"}},{"@type":"Person","@id":"https:\/\/vieassociative.be\/actualites\/#\/schema\/person\/b87ac4f82f9d4e7b7cec7395b679edc4","name":"Julien","image":{"@type":"ImageObject","inLanguage":"fr-BE","@id":"https:\/\/vieassociative.be\/actualites\/#\/schema\/person\/image\/","url":"https:\/\/vieassociative.be\/actualites\/wp-content\/uploads\/2024\/09\/vie-associative-1-150x150.jpg","contentUrl":"https:\/\/vieassociative.be\/actualites\/wp-content\/uploads\/2024\/09\/vie-associative-1-150x150.jpg","caption":"Julien"},"description":"Je suis Julien, r\u00e9dacteur pour Vie Associative. Passionn\u00e9 par le monde associatif depuis plus de 10 ans, j'ai \u00e0 c\u0153ur de partager des histoires inspirantes et de mettre en lumi\u00e8re les initiatives locales. Mon objectif est de sensibiliser et d'encourager l'engagement communautaire \u00e0 travers mes articles.","sameAs":["https:\/\/vieassociative.be\/"]}]}},"_links":{"self":[{"href":"https:\/\/vieassociative.be\/actualites\/wp-json\/wp\/v2\/posts\/13119"}],"collection":[{"href":"https:\/\/vieassociative.be\/actualites\/wp-json\/wp\/v2\/posts"}],"about":[{"href":"https:\/\/vieassociative.be\/actualites\/wp-json\/wp\/v2\/types\/post"}],"author":[{"embeddable":true,"href":"https:\/\/vieassociative.be\/actualites\/wp-json\/wp\/v2\/users\/1"}],"replies":[{"embeddable":true,"href":"https:\/\/vieassociative.be\/actualites\/wp-json\/wp\/v2\/comments?post=13119"}],"version-history":[{"count":0,"href":"https:\/\/vieassociative.be\/actualites\/wp-json\/wp\/v2\/posts\/13119\/revisions"}],"wp:featuredmedia":[{"embeddable":true,"href":"https:\/\/vieassociative.be\/actualites\/wp-json\/wp\/v2\/media\/13120"}],"wp:attachment":[{"href":"https:\/\/vieassociative.be\/actualites\/wp-json\/wp\/v2\/media?parent=13119"}],"wp:term":[{"taxonomy":"category","embeddable":true,"href":"https:\/\/vieassociative.be\/actualites\/wp-json\/wp\/v2\/categories?post=13119"},{"taxonomy":"post_tag","embeddable":true,"href":"https:\/\/vieassociative.be\/actualites\/wp-json\/wp\/v2\/tags?post=13119"}],"curies":[{"name":"wp","href":"https:\/\/api.w.org\/{rel}","templated":true}]}}