{"id":13117,"date":"2026-03-21T04:17:16","date_gmt":"2026-03-21T03:17:16","guid":{"rendered":"https:\/\/vieassociative.be\/actualites\/orban-bloque-laide-a-lukraine-lors-du-sommet-de-lue-le-depute-hongrois-dans-son-role-de-fauteur-de-troubles\/"},"modified":"2026-03-21T04:17:16","modified_gmt":"2026-03-21T03:17:16","slug":"orban-bloque-laide-a-lukraine-lors-du-sommet-de-lue-le-depute-hongrois-dans-son-role-de-fauteur-de-troubles","status":"publish","type":"post","link":"https:\/\/vieassociative.be\/actualites\/orban-bloque-laide-a-lukraine-lors-du-sommet-de-lue-le-depute-hongrois-dans-son-role-de-fauteur-de-troubles\/","title":{"rendered":"Orban bloque l&rsquo;aide \u00e0 l&rsquo;Ukraine lors du sommet de l&rsquo;UE &#8211; le d\u00e9put\u00e9 hongrois dans son r\u00f4le de fauteur de troubles"},"content":{"rendered":"<p><strong>Malgr\u00e9 d&rsquo;\u00e9normes vents contraires, le Premier ministre hongrois Viktor Orban a annonc\u00e9 lors du sommet europ\u00e9en qu&rsquo;il maintiendrait son veto contre les milliards d&rsquo;aide financi\u00e8re europ\u00e9enne \u00e0 l&rsquo;Ukraine.<\/strong><\/p>\n<p><span id=\"more-437859\"><\/span>Le populiste de droite, qui lutte pour sa r\u00e9\u00e9lection dans son pays, a d\u00e9clar\u00e9 que son pays ne soutiendrait \u00e0 nouveau les projets pro-ukrainiens que lorsqu&rsquo;il recevrait \u00e0 nouveau des livraisons de p\u00e9trole russe via l&rsquo;ol\u00e9oduc Drouzhba. Il a affirm\u00e9 que sans le p\u00e9trole russe, les m\u00e9nages et les entreprises hongrois feraient faillite.<\/p>\n<p>Plusieurs chefs d&rsquo;\u00c9tat et de gouvernement ont critiqu\u00e9 la position d&rsquo;Orban comme \u00e9tant inacceptable et ont soulign\u00e9 qu&rsquo;il avait d\u00e9j\u00e0 approuv\u00e9 lors du sommet de d\u00e9cembre un plan d&rsquo;aide \u00e0 l&rsquo;Ukraine d&rsquo;un montant pouvant atteindre 90 milliards d&rsquo;euros. Le chancelier allemand Friedrich Merz a d\u00e9clar\u00e9 : \u00ab Le principe du travail dans l\u2019Union europ\u00e9enne est le principe de loyaut\u00e9 et de fiabilit\u00e9. \u00bb Tous les \u00c9tats membres doivent y adh\u00e9rer. Selon un responsable europ\u00e9en, le pr\u00e9sident du Conseil, Ant\u00f3nio Costa, a \u00e9galement tenu des propos similaires \u00e0 huis clos.<\/p>\n<div id=\"attachment_437864\" class=\"wp-caption alignleft\" style=\"max-width: 300px\"><img fetchpriority=\"high\" decoding=\"async\" class=\"wp-image-437864 size-medium\" src=\"https:\/\/vieassociative.be\/actualites\/wp-content\/uploads\/2026\/03\/Orban-bloque-laide-a-lUkraine-lors-du-sommet-de-lUE.jpg\" alt=\"\" width=\"300\" height=\"200\"><\/div>\n<p><strong>\u2013 Avez-vous besoin d&rsquo;une solution d&rsquo;urgence ?<\/strong> Le Premier ministre finlandais Petteri Orpo a accus\u00e9 Orban d&rsquo;utiliser l&rsquo;Ukraine comme une arme dans sa campagne pour les \u00e9lections l\u00e9gislatives du 12 avril. \u00ab\u00a0Nous avions un accord et je pense qu&rsquo;il nous a trahis\u00a0\u00bb, a-t-il d\u00e9clar\u00e9. Vous devez maintenant trouver une solution pour continuer.<\/p>\n<p>Au d\u00e9but, personne ne voulait parler publiquement d\u2019options concr\u00e8tes. Il est concevable qu&rsquo;en cas de blocus prolong\u00e9, les \u00c9tats de l&rsquo;UE cherchent d&rsquo;autres moyens de fournir la garantie n\u00e9cessaire pour le pr\u00eat pr\u00e9vu \u00e0 l&rsquo;Ukraine. Le budget de l\u2019UE doit actuellement \u00eatre utilis\u00e9, c\u2019est pourquoi la Hongrie dispose d\u2019un droit de veto. Cet argent est destin\u00e9 \u00e0 couvrir les besoins financiers les plus urgents de l&rsquo;Ukraine jusqu&rsquo;\u00e0 fin 2027 et \u00e0 permettre au pays de poursuivre sa lutte d\u00e9fensive contre la Russie.<\/p>\n<p>Le Premier ministre belge Bart De Wever a d\u00e9clar\u00e9 qu&rsquo;il pensait qu&rsquo;il existait un \u00ab plan B \u00bb. Mais ce n&rsquo;est pas sage d&rsquo;en parler. Le pr\u00e9sident ukrainien Volodymyr Zelenskyj a rejoint temporairement le sommet par liaison vid\u00e9o. Il n\u2019a pas encore fait de d\u00e9claration claire sur la question de savoir quand au plus tard l\u2019Ukraine aura besoin de nouveaux fonds europ\u00e9ens.<\/p>\n<div id=\"attachment_437868\" class=\"wp-caption alignleft\" style=\"max-width: 300px\"><img decoding=\"async\" class=\"wp-image-437868 size-medium\" src=\"https:\/\/vieassociative.be\/actualites\/wp-content\/uploads\/2026\/03\/1774063036_146_Orban-bloque-laide-a-lUkraine-lors-du-sommet-de-lUE.jpg\" alt=\"\" width=\"300\" height=\"200\"><\/div>\n<p><strong>\u2013 La Hongrie et l\u2019Ukraine s\u2019accusent mutuellement :<\/strong> Le diff\u00e9rend concernant l&rsquo;interruption des livraisons de p\u00e9trole via l&rsquo;ol\u00e9oduc Drouzhba concerne la Hongrie qui accuse l&rsquo;Ukraine d&#8217;emp\u00eacher la reprise de l&rsquo;exploitation du pipeline. Cela m\u00e8ne de la Russie \u00e0 la Hongrie et \u00e0 la Slovaquie en passant par la Bi\u00e9lorussie et l\u2019Ukraine.<\/p>\n<p>L&rsquo;Ukraine rejette ces all\u00e9gations et souligne que le gazoduc est actuellement inutilisable en raison des frappes a\u00e9riennes russes. Mardi, elle a estim\u00e9 encore un mois et demi pour les r\u00e9parations n\u00e9cessaires.<\/p>\n<p>Zelenskyj a d\u00e9clar\u00e9 dans sa liaison vid\u00e9o avec les chefs d&rsquo;\u00c9tat et de gouvernement des \u00c9tats de l&rsquo;UE que l&rsquo;Ukraine faisait le n\u00e9cessaire pour obtenir le pr\u00eat &#8211; \u00e9galement en vue de r\u00e9parer le pipeline. Dans le m\u00eame temps, il a averti l\u2019UE que la poursuite des importations de p\u00e9trole russe aiderait l\u2019agresseur.<\/p>\n<div id=\"attachment_389905\" class=\"wp-caption alignleft\" style=\"max-width: 300px\"><img decoding=\"async\" class=\"wp-image-389905 size-medium\" src=\"https:\/\/vieassociative.be\/actualites\/wp-content\/uploads\/2026\/03\/1774063036_880_Orban-bloque-laide-a-lUkraine-lors-du-sommet-de-lUE.jpg\" alt=\"\" width=\"300\" height=\"200\"><\/div>\n<p>Une mission ind\u00e9pendante compos\u00e9e d&rsquo;experts de l&rsquo;UE devrait d\u00e9sormais clarifier l&rsquo;\u00e9tat exact du gazoduc. Il n\u2019est toutefois pas certain que leurs r\u00e9sultats puissent r\u00e9ellement conduire \u00e0 des concessions de la part d\u2019Orban. Parce que dans son pays natal, il se bat pour sa r\u00e9\u00e9lection avec une campagne anti-Ukraine et attise les craintes que la Hongrie ne soit entra\u00een\u00e9e dans la guerre.<\/p>\n<p>Les sondages pour les \u00e9lections l\u00e9gislatives en Hongrie ont r\u00e9cemment montr\u00e9 que le parti d&rsquo;Orban \u00e9tait \u00e0 la tra\u00eene de celui de son adversaire P\u00e9ter Magyar. Si Magyar remporte les \u00e9lections, le sommet pourrait \u00eatre le dernier sommet r\u00e9gulier d&rsquo;Orban. Il est actuellement le chef d\u2019\u00c9tat ou de gouvernement ayant si\u00e9g\u00e9 le plus longtemps au Conseil europ\u00e9en. Le populiste de droite est au pouvoir depuis 2010.<\/p>\n<p>Cependant, dans de nombreux domaines, il s\u2019est \u00e9loign\u00e9 depuis des ann\u00e9es de la ligne majoritaire au sein de l\u2019UE. Orban est accus\u00e9 de ne pas respecter les normes et les valeurs fondamentales de l\u2019UE. Le pays a r\u00e9cemment perdu des milliards d\u2019aide de l\u2019UE en raison de violations de l\u2019\u00c9tat de droit.<\/p>\n<p>Th\u00e9oriquement, il serait \u00e9galement possible que son droit de vote au sein de l\u2019UE lui soit retir\u00e9. Toutefois, la Hongrie n\u2019a pas \u00e0 en avoir tr\u00e8s peur pour le moment. Orban peut n\u00e9anmoins \u00eatre s\u00fbr qu&rsquo;une telle d\u00e9cision ne serait pas possible en raison d&rsquo;un veto du Premier ministre slovaque Robert Fico.<\/p>\n<p>Comme la Hongrie, la Slovaquie est toujours un acheteur de p\u00e9trole russe et souffre \u00e9galement de la perte de livraisons via l&rsquo;ol\u00e9oduc Drouzhba. Les deux pays bloquent depuis longtemps une d\u00e9cision sur un 20e paquet de sanctions UE-Russie. Lors du sommet, ils ont emp\u00each\u00e9 tous les \u00c9tats de l\u2019UE de d\u00e9clarer la guerre \u00e0 l\u2019Ukraine. (dpa)<\/p>\n","protected":false},"excerpt":{"rendered":"<p>Malgr\u00e9 d&rsquo;\u00e9normes vents contraires, le Premier ministre hongrois Viktor Orban a annonc\u00e9 lors du sommet europ\u00e9en qu&rsquo;il maintiendrait son veto contre les milliards d&rsquo;aide financi\u00e8re<\/p>\n","protected":false},"author":1,"featured_media":13118,"comment_status":"","ping_status":"","sticky":false,"template":"","format":"standard","meta":{"footnotes":""},"categories":[298],"tags":[6132,166,6922,4255,10300,1289,353,3578,3403,7060,1016,4040,800,3190],"class_list":["post-13117","post","type-post","status-publish","format-standard","has-post-thumbnail","hentry","category-belgique","tag-bloque","tag-dans","tag-depute","tag-fauteur","tag-hongrois","tag-laide","tag-lors","tag-lue","tag-lukraine","tag-orban","tag-role","tag-sommet","tag-son","tag-troubles","generate-columns","tablet-grid-50","mobile-grid-100","grid-parent","grid-33"],"yoast_head":"<!-- This site is optimized with the Yoast SEO plugin v24.0 - https:\/\/yoast.com\/wordpress\/plugins\/seo\/ -->\n<title>Orban bloque l&#039;aide \u00e0 l&#039;Ukraine lors du sommet de l&#039;UE - le d\u00e9put\u00e9 hongrois dans son r\u00f4le de fauteur de troubles | Vie Associative<\/title>\n<meta name=\"robots\" content=\"index, follow, max-snippet:-1, max-image-preview:large, max-video-preview:-1\" \/>\n<link rel=\"canonical\" href=\"https:\/\/vieassociative.be\/actualites\/orban-bloque-laide-a-lukraine-lors-du-sommet-de-lue-le-depute-hongrois-dans-son-role-de-fauteur-de-troubles\/\" \/>\n<meta property=\"og:locale\" content=\"fr_FR\" \/>\n<meta property=\"og:type\" content=\"article\" \/>\n<meta property=\"og:title\" content=\"Orban bloque l&#039;aide \u00e0 l&#039;Ukraine lors du sommet de l&#039;UE - le d\u00e9put\u00e9 hongrois dans son r\u00f4le de fauteur de troubles | Vie Associative\" \/>\n<meta property=\"og:description\" content=\"Malgr\u00e9 d&rsquo;\u00e9normes vents contraires, le Premier ministre hongrois Viktor Orban a annonc\u00e9 lors du sommet europ\u00e9en qu&rsquo;il maintiendrait son veto contre les milliards d&rsquo;aide financi\u00e8re\" \/>\n<meta property=\"og:url\" content=\"https:\/\/vieassociative.be\/actualites\/orban-bloque-laide-a-lukraine-lors-du-sommet-de-lue-le-depute-hongrois-dans-son-role-de-fauteur-de-troubles\/\" \/>\n<meta property=\"og:site_name\" content=\"Vie Associative\" \/>\n<meta property=\"article:published_time\" content=\"2026-03-21T03:17:16+00:00\" \/>\n<meta property=\"og:image\" content=\"https:\/\/vieassociative.be\/actualites\/wp-content\/uploads\/2024\/09\/header_backgroundk-01-e1726694325946.png\" \/>\n\t<meta property=\"og:image:width\" content=\"279\" \/>\n\t<meta property=\"og:image:height\" content=\"92\" \/>\n\t<meta property=\"og:image:type\" content=\"image\/png\" \/>\n<meta name=\"author\" content=\"Julien\" \/>\n<meta name=\"twitter:card\" content=\"summary_large_image\" \/>\n<meta name=\"twitter:label1\" content=\"\u00c9crit par\" \/>\n\t<meta name=\"twitter:data1\" content=\"Julien\" \/>\n\t<meta name=\"twitter:label2\" content=\"Dur\u00e9e de lecture est.\" \/>\n\t<meta name=\"twitter:data2\" content=\"4 minutes\" \/>\n<script type=\"application\/ld+json\" class=\"yoast-schema-graph\">{\"@context\":\"https:\/\/schema.org\",\"@graph\":[{\"@type\":\"Article\",\"@id\":\"https:\/\/vieassociative.be\/actualites\/orban-bloque-laide-a-lukraine-lors-du-sommet-de-lue-le-depute-hongrois-dans-son-role-de-fauteur-de-troubles\/#article\",\"isPartOf\":{\"@id\":\"https:\/\/vieassociative.be\/actualites\/orban-bloque-laide-a-lukraine-lors-du-sommet-de-lue-le-depute-hongrois-dans-son-role-de-fauteur-de-troubles\/\"},\"author\":{\"name\":\"Julien\",\"@id\":\"https:\/\/vieassociative.be\/actualites\/#\/schema\/person\/b87ac4f82f9d4e7b7cec7395b679edc4\"},\"headline\":\"Orban bloque l&rsquo;aide \u00e0 l&rsquo;Ukraine lors du sommet de l&rsquo;UE &#8211; le d\u00e9put\u00e9 hongrois dans son r\u00f4le de fauteur de troubles\",\"datePublished\":\"2026-03-21T03:17:16+00:00\",\"dateModified\":\"2026-03-21T03:17:16+00:00\",\"mainEntityOfPage\":{\"@id\":\"https:\/\/vieassociative.be\/actualites\/orban-bloque-laide-a-lukraine-lors-du-sommet-de-lue-le-depute-hongrois-dans-son-role-de-fauteur-de-troubles\/\"},\"wordCount\":929,\"publisher\":{\"@id\":\"https:\/\/vieassociative.be\/actualites\/#organization\"},\"image\":{\"@id\":\"https:\/\/vieassociative.be\/actualites\/orban-bloque-laide-a-lukraine-lors-du-sommet-de-lue-le-depute-hongrois-dans-son-role-de-fauteur-de-troubles\/#primaryimage\"},\"thumbnailUrl\":\"https:\/\/vieassociative.be\/actualites\/wp-content\/uploads\/2026\/03\/1774063036_Orban-bloque-laide-a-lUkraine-lors-du-sommet-de-lUE.jpg\",\"keywords\":[\"bloqu\u00e9\",\"dans\",\"d\u00e9put\u00e9\",\"fauteur\",\"hongrois\",\"laide\",\"lors\",\"LUE\",\"lUkraine\",\"orban\",\"r\u00f4le\",\"Sommet\",\"son\",\"troubles\"],\"articleSection\":[\"Belgique\"],\"inLanguage\":\"fr-BE\"},{\"@type\":\"WebPage\",\"@id\":\"https:\/\/vieassociative.be\/actualites\/orban-bloque-laide-a-lukraine-lors-du-sommet-de-lue-le-depute-hongrois-dans-son-role-de-fauteur-de-troubles\/\",\"url\":\"https:\/\/vieassociative.be\/actualites\/orban-bloque-laide-a-lukraine-lors-du-sommet-de-lue-le-depute-hongrois-dans-son-role-de-fauteur-de-troubles\/\",\"name\":\"Orban bloque l'aide \u00e0 l'Ukraine lors du sommet de l'UE - le d\u00e9put\u00e9 hongrois dans son r\u00f4le de fauteur de troubles | Vie Associative\",\"isPartOf\":{\"@id\":\"https:\/\/vieassociative.be\/actualites\/#website\"},\"primaryImageOfPage\":{\"@id\":\"https:\/\/vieassociative.be\/actualites\/orban-bloque-laide-a-lukraine-lors-du-sommet-de-lue-le-depute-hongrois-dans-son-role-de-fauteur-de-troubles\/#primaryimage\"},\"image\":{\"@id\":\"https:\/\/vieassociative.be\/actualites\/orban-bloque-laide-a-lukraine-lors-du-sommet-de-lue-le-depute-hongrois-dans-son-role-de-fauteur-de-troubles\/#primaryimage\"},\"thumbnailUrl\":\"https:\/\/vieassociative.be\/actualites\/wp-content\/uploads\/2026\/03\/1774063036_Orban-bloque-laide-a-lUkraine-lors-du-sommet-de-lUE.jpg\",\"datePublished\":\"2026-03-21T03:17:16+00:00\",\"dateModified\":\"2026-03-21T03:17:16+00:00\",\"breadcrumb\":{\"@id\":\"https:\/\/vieassociative.be\/actualites\/orban-bloque-laide-a-lukraine-lors-du-sommet-de-lue-le-depute-hongrois-dans-son-role-de-fauteur-de-troubles\/#breadcrumb\"},\"inLanguage\":\"fr-BE\",\"potentialAction\":[{\"@type\":\"ReadAction\",\"target\":[\"https:\/\/vieassociative.be\/actualites\/orban-bloque-laide-a-lukraine-lors-du-sommet-de-lue-le-depute-hongrois-dans-son-role-de-fauteur-de-troubles\/\"]}]},{\"@type\":\"ImageObject\",\"inLanguage\":\"fr-BE\",\"@id\":\"https:\/\/vieassociative.be\/actualites\/orban-bloque-laide-a-lukraine-lors-du-sommet-de-lue-le-depute-hongrois-dans-son-role-de-fauteur-de-troubles\/#primaryimage\",\"url\":\"https:\/\/vieassociative.be\/actualites\/wp-content\/uploads\/2026\/03\/1774063036_Orban-bloque-laide-a-lUkraine-lors-du-sommet-de-lUE.jpg\",\"contentUrl\":\"https:\/\/vieassociative.be\/actualites\/wp-content\/uploads\/2026\/03\/1774063036_Orban-bloque-laide-a-lUkraine-lors-du-sommet-de-lUE.jpg\",\"width\":2560,\"height\":1706,\"caption\":\"Orban bloque l'aide \u00e0 l'Ukraine lors du sommet de l'UE - le d\u00e9put\u00e9 hongrois dans son r\u00f4le de fauteur de troubles\"},{\"@type\":\"BreadcrumbList\",\"@id\":\"https:\/\/vieassociative.be\/actualites\/orban-bloque-laide-a-lukraine-lors-du-sommet-de-lue-le-depute-hongrois-dans-son-role-de-fauteur-de-troubles\/#breadcrumb\",\"itemListElement\":[{\"@type\":\"ListItem\",\"position\":1,\"name\":\"Accueil\",\"item\":\"https:\/\/vieassociative.be\/actualites\/\"},{\"@type\":\"ListItem\",\"position\":2,\"name\":\"Orban bloque l&rsquo;aide \u00e0 l&rsquo;Ukraine lors du sommet de l&rsquo;UE &#8211; le d\u00e9put\u00e9 hongrois dans son r\u00f4le de fauteur de troubles\"}]},{\"@type\":\"WebSite\",\"@id\":\"https:\/\/vieassociative.be\/actualites\/#website\",\"url\":\"https:\/\/vieassociative.be\/actualites\/\",\"name\":\"Vie Associative\",\"description\":\"\",\"publisher\":{\"@id\":\"https:\/\/vieassociative.be\/actualites\/#organization\"},\"potentialAction\":[{\"@type\":\"SearchAction\",\"target\":{\"@type\":\"EntryPoint\",\"urlTemplate\":\"https:\/\/vieassociative.be\/actualites\/?s={search_term_string}\"},\"query-input\":{\"@type\":\"PropertyValueSpecification\",\"valueRequired\":true,\"valueName\":\"search_term_string\"}}],\"inLanguage\":\"fr-BE\"},{\"@type\":\"Organization\",\"@id\":\"https:\/\/vieassociative.be\/actualites\/#organization\",\"name\":\"Vie Associative\",\"url\":\"https:\/\/vieassociative.be\/actualites\/\",\"logo\":{\"@type\":\"ImageObject\",\"inLanguage\":\"fr-BE\",\"@id\":\"https:\/\/vieassociative.be\/actualites\/#\/schema\/logo\/image\/\",\"url\":\"https:\/\/vieassociative.be\/actualites\/wp-content\/uploads\/2024\/09\/cropped-vieassociative_favicon.ico.png\",\"contentUrl\":\"https:\/\/vieassociative.be\/actualites\/wp-content\/uploads\/2024\/09\/cropped-vieassociative_favicon.ico.png\",\"width\":512,\"height\":512,\"caption\":\"Vie Associative\"},\"image\":{\"@id\":\"https:\/\/vieassociative.be\/actualites\/#\/schema\/logo\/image\/\"}},{\"@type\":\"Person\",\"@id\":\"https:\/\/vieassociative.be\/actualites\/#\/schema\/person\/b87ac4f82f9d4e7b7cec7395b679edc4\",\"name\":\"Julien\",\"image\":{\"@type\":\"ImageObject\",\"inLanguage\":\"fr-BE\",\"@id\":\"https:\/\/vieassociative.be\/actualites\/#\/schema\/person\/image\/\",\"url\":\"https:\/\/vieassociative.be\/actualites\/wp-content\/uploads\/2024\/09\/vie-associative-1-150x150.jpg\",\"contentUrl\":\"https:\/\/vieassociative.be\/actualites\/wp-content\/uploads\/2024\/09\/vie-associative-1-150x150.jpg\",\"caption\":\"Julien\"},\"description\":\"Je suis Julien, r\u00e9dacteur pour Vie Associative. Passionn\u00e9 par le monde associatif depuis plus de 10 ans, j'ai \u00e0 c\u0153ur de partager des histoires inspirantes et de mettre en lumi\u00e8re les initiatives locales. Mon objectif est de sensibiliser et d'encourager l'engagement communautaire \u00e0 travers mes articles.\",\"sameAs\":[\"https:\/\/vieassociative.be\/\"]}]}<\/script>\n<!-- \/ Yoast SEO plugin. -->","yoast_head_json":{"title":"Orban bloque l'aide \u00e0 l'Ukraine lors du sommet de l'UE - le d\u00e9put\u00e9 hongrois dans son r\u00f4le de fauteur de troubles | Vie Associative","robots":{"index":"index","follow":"follow","max-snippet":"max-snippet:-1","max-image-preview":"max-image-preview:large","max-video-preview":"max-video-preview:-1"},"canonical":"https:\/\/vieassociative.be\/actualites\/orban-bloque-laide-a-lukraine-lors-du-sommet-de-lue-le-depute-hongrois-dans-son-role-de-fauteur-de-troubles\/","og_locale":"fr_FR","og_type":"article","og_title":"Orban bloque l'aide \u00e0 l'Ukraine lors du sommet de l'UE - le d\u00e9put\u00e9 hongrois dans son r\u00f4le de fauteur de troubles | Vie Associative","og_description":"Malgr\u00e9 d&rsquo;\u00e9normes vents contraires, le Premier ministre hongrois Viktor Orban a annonc\u00e9 lors du sommet europ\u00e9en qu&rsquo;il maintiendrait son veto contre les milliards d&rsquo;aide financi\u00e8re","og_url":"https:\/\/vieassociative.be\/actualites\/orban-bloque-laide-a-lukraine-lors-du-sommet-de-lue-le-depute-hongrois-dans-son-role-de-fauteur-de-troubles\/","og_site_name":"Vie Associative","article_published_time":"2026-03-21T03:17:16+00:00","og_image":[{"width":279,"height":92,"url":"https:\/\/vieassociative.be\/actualites\/wp-content\/uploads\/2024\/09\/header_backgroundk-01-e1726694325946.png","type":"image\/png"}],"author":"Julien","twitter_card":"summary_large_image","twitter_misc":{"\u00c9crit par":"Julien","Dur\u00e9e de lecture est.":"4 minutes"},"schema":{"@context":"https:\/\/schema.org","@graph":[{"@type":"Article","@id":"https:\/\/vieassociative.be\/actualites\/orban-bloque-laide-a-lukraine-lors-du-sommet-de-lue-le-depute-hongrois-dans-son-role-de-fauteur-de-troubles\/#article","isPartOf":{"@id":"https:\/\/vieassociative.be\/actualites\/orban-bloque-laide-a-lukraine-lors-du-sommet-de-lue-le-depute-hongrois-dans-son-role-de-fauteur-de-troubles\/"},"author":{"name":"Julien","@id":"https:\/\/vieassociative.be\/actualites\/#\/schema\/person\/b87ac4f82f9d4e7b7cec7395b679edc4"},"headline":"Orban bloque l&rsquo;aide \u00e0 l&rsquo;Ukraine lors du sommet de l&rsquo;UE &#8211; le d\u00e9put\u00e9 hongrois dans son r\u00f4le de fauteur de troubles","datePublished":"2026-03-21T03:17:16+00:00","dateModified":"2026-03-21T03:17:16+00:00","mainEntityOfPage":{"@id":"https:\/\/vieassociative.be\/actualites\/orban-bloque-laide-a-lukraine-lors-du-sommet-de-lue-le-depute-hongrois-dans-son-role-de-fauteur-de-troubles\/"},"wordCount":929,"publisher":{"@id":"https:\/\/vieassociative.be\/actualites\/#organization"},"image":{"@id":"https:\/\/vieassociative.be\/actualites\/orban-bloque-laide-a-lukraine-lors-du-sommet-de-lue-le-depute-hongrois-dans-son-role-de-fauteur-de-troubles\/#primaryimage"},"thumbnailUrl":"https:\/\/vieassociative.be\/actualites\/wp-content\/uploads\/2026\/03\/1774063036_Orban-bloque-laide-a-lUkraine-lors-du-sommet-de-lUE.jpg","keywords":["bloqu\u00e9","dans","d\u00e9put\u00e9","fauteur","hongrois","laide","lors","LUE","lUkraine","orban","r\u00f4le","Sommet","son","troubles"],"articleSection":["Belgique"],"inLanguage":"fr-BE"},{"@type":"WebPage","@id":"https:\/\/vieassociative.be\/actualites\/orban-bloque-laide-a-lukraine-lors-du-sommet-de-lue-le-depute-hongrois-dans-son-role-de-fauteur-de-troubles\/","url":"https:\/\/vieassociative.be\/actualites\/orban-bloque-laide-a-lukraine-lors-du-sommet-de-lue-le-depute-hongrois-dans-son-role-de-fauteur-de-troubles\/","name":"Orban bloque l'aide \u00e0 l'Ukraine lors du sommet de l'UE - le d\u00e9put\u00e9 hongrois dans son r\u00f4le de fauteur de troubles | Vie Associative","isPartOf":{"@id":"https:\/\/vieassociative.be\/actualites\/#website"},"primaryImageOfPage":{"@id":"https:\/\/vieassociative.be\/actualites\/orban-bloque-laide-a-lukraine-lors-du-sommet-de-lue-le-depute-hongrois-dans-son-role-de-fauteur-de-troubles\/#primaryimage"},"image":{"@id":"https:\/\/vieassociative.be\/actualites\/orban-bloque-laide-a-lukraine-lors-du-sommet-de-lue-le-depute-hongrois-dans-son-role-de-fauteur-de-troubles\/#primaryimage"},"thumbnailUrl":"https:\/\/vieassociative.be\/actualites\/wp-content\/uploads\/2026\/03\/1774063036_Orban-bloque-laide-a-lUkraine-lors-du-sommet-de-lUE.jpg","datePublished":"2026-03-21T03:17:16+00:00","dateModified":"2026-03-21T03:17:16+00:00","breadcrumb":{"@id":"https:\/\/vieassociative.be\/actualites\/orban-bloque-laide-a-lukraine-lors-du-sommet-de-lue-le-depute-hongrois-dans-son-role-de-fauteur-de-troubles\/#breadcrumb"},"inLanguage":"fr-BE","potentialAction":[{"@type":"ReadAction","target":["https:\/\/vieassociative.be\/actualites\/orban-bloque-laide-a-lukraine-lors-du-sommet-de-lue-le-depute-hongrois-dans-son-role-de-fauteur-de-troubles\/"]}]},{"@type":"ImageObject","inLanguage":"fr-BE","@id":"https:\/\/vieassociative.be\/actualites\/orban-bloque-laide-a-lukraine-lors-du-sommet-de-lue-le-depute-hongrois-dans-son-role-de-fauteur-de-troubles\/#primaryimage","url":"https:\/\/vieassociative.be\/actualites\/wp-content\/uploads\/2026\/03\/1774063036_Orban-bloque-laide-a-lUkraine-lors-du-sommet-de-lUE.jpg","contentUrl":"https:\/\/vieassociative.be\/actualites\/wp-content\/uploads\/2026\/03\/1774063036_Orban-bloque-laide-a-lUkraine-lors-du-sommet-de-lUE.jpg","width":2560,"height":1706,"caption":"Orban bloque l'aide \u00e0 l'Ukraine lors du sommet de l'UE - le d\u00e9put\u00e9 hongrois dans son r\u00f4le de fauteur de troubles"},{"@type":"BreadcrumbList","@id":"https:\/\/vieassociative.be\/actualites\/orban-bloque-laide-a-lukraine-lors-du-sommet-de-lue-le-depute-hongrois-dans-son-role-de-fauteur-de-troubles\/#breadcrumb","itemListElement":[{"@type":"ListItem","position":1,"name":"Accueil","item":"https:\/\/vieassociative.be\/actualites\/"},{"@type":"ListItem","position":2,"name":"Orban bloque l&rsquo;aide \u00e0 l&rsquo;Ukraine lors du sommet de l&rsquo;UE &#8211; le d\u00e9put\u00e9 hongrois dans son r\u00f4le de fauteur de troubles"}]},{"@type":"WebSite","@id":"https:\/\/vieassociative.be\/actualites\/#website","url":"https:\/\/vieassociative.be\/actualites\/","name":"Vie Associative","description":"","publisher":{"@id":"https:\/\/vieassociative.be\/actualites\/#organization"},"potentialAction":[{"@type":"SearchAction","target":{"@type":"EntryPoint","urlTemplate":"https:\/\/vieassociative.be\/actualites\/?s={search_term_string}"},"query-input":{"@type":"PropertyValueSpecification","valueRequired":true,"valueName":"search_term_string"}}],"inLanguage":"fr-BE"},{"@type":"Organization","@id":"https:\/\/vieassociative.be\/actualites\/#organization","name":"Vie Associative","url":"https:\/\/vieassociative.be\/actualites\/","logo":{"@type":"ImageObject","inLanguage":"fr-BE","@id":"https:\/\/vieassociative.be\/actualites\/#\/schema\/logo\/image\/","url":"https:\/\/vieassociative.be\/actualites\/wp-content\/uploads\/2024\/09\/cropped-vieassociative_favicon.ico.png","contentUrl":"https:\/\/vieassociative.be\/actualites\/wp-content\/uploads\/2024\/09\/cropped-vieassociative_favicon.ico.png","width":512,"height":512,"caption":"Vie Associative"},"image":{"@id":"https:\/\/vieassociative.be\/actualites\/#\/schema\/logo\/image\/"}},{"@type":"Person","@id":"https:\/\/vieassociative.be\/actualites\/#\/schema\/person\/b87ac4f82f9d4e7b7cec7395b679edc4","name":"Julien","image":{"@type":"ImageObject","inLanguage":"fr-BE","@id":"https:\/\/vieassociative.be\/actualites\/#\/schema\/person\/image\/","url":"https:\/\/vieassociative.be\/actualites\/wp-content\/uploads\/2024\/09\/vie-associative-1-150x150.jpg","contentUrl":"https:\/\/vieassociative.be\/actualites\/wp-content\/uploads\/2024\/09\/vie-associative-1-150x150.jpg","caption":"Julien"},"description":"Je suis Julien, r\u00e9dacteur pour Vie Associative. Passionn\u00e9 par le monde associatif depuis plus de 10 ans, j'ai \u00e0 c\u0153ur de partager des histoires inspirantes et de mettre en lumi\u00e8re les initiatives locales. Mon objectif est de sensibiliser et d'encourager l'engagement communautaire \u00e0 travers mes articles.","sameAs":["https:\/\/vieassociative.be\/"]}]}},"_links":{"self":[{"href":"https:\/\/vieassociative.be\/actualites\/wp-json\/wp\/v2\/posts\/13117"}],"collection":[{"href":"https:\/\/vieassociative.be\/actualites\/wp-json\/wp\/v2\/posts"}],"about":[{"href":"https:\/\/vieassociative.be\/actualites\/wp-json\/wp\/v2\/types\/post"}],"author":[{"embeddable":true,"href":"https:\/\/vieassociative.be\/actualites\/wp-json\/wp\/v2\/users\/1"}],"replies":[{"embeddable":true,"href":"https:\/\/vieassociative.be\/actualites\/wp-json\/wp\/v2\/comments?post=13117"}],"version-history":[{"count":0,"href":"https:\/\/vieassociative.be\/actualites\/wp-json\/wp\/v2\/posts\/13117\/revisions"}],"wp:featuredmedia":[{"embeddable":true,"href":"https:\/\/vieassociative.be\/actualites\/wp-json\/wp\/v2\/media\/13118"}],"wp:attachment":[{"href":"https:\/\/vieassociative.be\/actualites\/wp-json\/wp\/v2\/media?parent=13117"}],"wp:term":[{"taxonomy":"category","embeddable":true,"href":"https:\/\/vieassociative.be\/actualites\/wp-json\/wp\/v2\/categories?post=13117"},{"taxonomy":"post_tag","embeddable":true,"href":"https:\/\/vieassociative.be\/actualites\/wp-json\/wp\/v2\/tags?post=13117"}],"curies":[{"name":"wp","href":"https:\/\/api.w.org\/{rel}","templated":true}]}}