{"id":13113,"date":"2026-03-20T22:17:26","date_gmt":"2026-03-20T21:17:26","guid":{"rendered":"https:\/\/vieassociative.be\/actualites\/0-0-contre-seraing-las-eupen-toujours-bien-servi-avec-le-nul-seul-hiller-est-qualifie-pour-le-tour-de-promotion\/"},"modified":"2026-03-20T22:17:26","modified_gmt":"2026-03-20T21:17:26","slug":"0-0-contre-seraing-las-eupen-toujours-bien-servi-avec-le-nul-seul-hiller-est-qualifie-pour-le-tour-de-promotion","status":"publish","type":"post","link":"https:\/\/vieassociative.be\/actualites\/0-0-contre-seraing-las-eupen-toujours-bien-servi-avec-le-nul-seul-hiller-est-qualifie-pour-le-tour-de-promotion\/","title":{"rendered":"0-0 contre Seraing : l&rsquo;AS Eupen toujours bien servi avec le nul &#8211; seul Hiller est qualifi\u00e9 pour le tour de promotion"},"content":{"rendered":"<p><strong>L&rsquo;AS Eupen est toujours en course pour une place dans le top 6. Mais les noirs et blancs n&rsquo;ont pas non plus bien jou\u00e9 face au RFC Seraing vendredi. La rencontre au stade Kehrweg s&rsquo;est termin\u00e9e sur un score de 0-0. Dans les rangs des h\u00f4tes, seul le gardien Marco Hiller s&rsquo;est montr\u00e9 convaincant. Avec un point, AS \u00e9tait encore bien servi.<\/strong><\/p>\n<p><span id=\"more-437869\"><\/span>L&rsquo;\u00e9quipe d&rsquo;Eupen \u00e9tait pr\u00e9venue : le RFC Seraing \u00e9tait invaincu depuis cinq matches et avait m\u00eame remport\u00e9 quatre matches.<\/p>\n<p>L&rsquo;entra\u00eeneur de l&rsquo;AS, Bruno Pinheiro, a d\u00fb proc\u00e9der \u00e0 quelques changements. Son onze de d\u00e9part ressemblait \u00e0 ceci : Hiller \u2013 Van Genechten, Paeshuyse, Plastun, Gavory \u2013 Busquets, Caliskan, M\u00f6hwald, M\u00fcller \u2013 Nuhu, Kikas.<\/p>\n<div id=\"attachment_437153\" class=\"wp-caption alignleft\" style=\"max-width: 300px\"><img fetchpriority=\"high\" decoding=\"async\" class=\"wp-image-437153 size-medium\" src=\"https:\/\/vieassociative.be\/actualites\/wp-content\/uploads\/2026\/03\/1772443097_455_LAS-Eupen-a-perdu-deux-avances-et-a-concede-legalisation.jpg\" alt=\"\" width=\"300\" height=\"244\"><\/div>\n<p>La tenue des invit\u00e9s \u00e9tait un peu sp\u00e9ciale : un m\u00e9lange de maillots domicile rouge et noir et de pantalons ext\u00e9rieur bleu clair.<\/p>\n<p>La premi\u00e8re excitation est survenue \u00e0 la 12e minute lorsque le gardien de Seraing, Gillekens, a r\u00e9alis\u00e9 un arr\u00eat sur un tir lointain de M\u00f6hwald. Seraing avait une chance similaire de marquer quelques minutes plus tard. Hiller a pu se distinguer pour la premi\u00e8re fois.<\/p>\n<p>Les invit\u00e9s comptaient sur des combinaisons rapides. Seraing a agi et Eupen a r\u00e9agi. Les h\u00f4tes ont d\u00fb proc\u00e9der \u00e0 un remplacement \u00e0 la 27e minute apr\u00e8s que le d\u00e9fenseur central Plastun s&rsquo;est bless\u00e9 au visage lors d&rsquo;une collision avec Akpa-Chukwu. Le Canadien Kennedy a remplac\u00e9 l&rsquo;Ukrainien. Peu de temps apr\u00e8s, le m\u00eame Akpa-Chukwu a \u00e9galement bless\u00e9 le deuxi\u00e8me d\u00e9fenseur central d&rsquo;Eupen, Paeshuyse, et a \u00e9t\u00e9 \u00e0 juste titre jaune.<\/p>\n<p>\u00c0 la 32e minute, le gardien de l&rsquo;AS Hiller fut de nouveau sollicit\u00e9. On ne voyait nulle part qu&rsquo;Eupen avait cinq places de mieux que Seraing au classement. Seraing \u00e9tait m\u00eame un peu meilleur que les h\u00f4tes.<\/p>\n<\/p>\n<div id=\"attachment_437872\" class=\"wp-caption alignleft\" style=\"max-width: 200px\"><img decoding=\"async\" class=\"wp-image-437872 size-medium\" src=\"https:\/\/vieassociative.be\/actualites\/wp-content\/uploads\/2026\/03\/0-0-contre-Seraing-lAS-Eupen-toujours-bien-servi-avec.jpg\" alt=\"\" width=\"200\" height=\"300\"  ><\/div>\n<p>Dans les arr\u00eats de jeu, Kikas a eu une autre occasion avec une contre-attaque rapide, mais l&rsquo;attaquant de l&rsquo;AS a rapidement plac\u00e9 le ballon \u00e0 c\u00f4t\u00e9 du but de Gillekens. Le score \u00e0 la mi-temps \u00e9tait de 0-0. AS n\u2019a jamais vraiment pu prouver ses ambitions de promotion.<\/p>\n<p>Cinq minutes apr\u00e8s la reprise, les visiteurs ont marqu\u00e9 un but, mais celui-ci a \u00e9t\u00e9 refus\u00e9 pour hors-jeu. Et peu de temps apr\u00e8s, Hiller a brillamment emp\u00each\u00e9 qu&rsquo;un but soit encaiss\u00e9. Seraing \u00e9tait d\u00e9sormais la meilleure \u00e9quipe sur le terrain.<\/p>\n<p>\u00c0 la 71e minute, il y a eu un double remplacement chez AS. Youndje et Keita sont venus chercher Gavory et M\u00f6hwald. Ce n&rsquo;est qu&rsquo;\u00e0 la 83e minute qu&rsquo;un attaquant suppl\u00e9mentaire, Atteri, est entr\u00e9 en jeu. \u00c0 la 88e minute, Hiller a maintenu l&rsquo;\u00e9quipe d&rsquo;Eupen dans le match gr\u00e2ce \u00e0 un arr\u00eat fantastique. Peu de temps apr\u00e8s, Youndje \u00e9conomisait sur la ligne.<\/p>\n<p>C&rsquo;est rest\u00e9 0-0. L&rsquo;AS Eupen reste \u00e0 la 7\u00e8me place, \u00e0 un point du FC L\u00fcttich, qui doit affronter samedi le champion du SK Beveren. La seule chose positive du point de vue d&rsquo;Eupen est la d\u00e9faite 4-0 du Patro Eisden \u00e0 domicile contre le Beerschot. <\/p>\n<p>Avec cinq points d&rsquo;\u00e9cart et un match en moins, Eupen peut encore d\u00e9passer Eisden. Cependant, les Noirs et Blancs devraient jouer diff\u00e9remment de ce qu&rsquo;ils ont fait vendredi contre le RFC Seraing. Apr\u00e8s la tr\u00eave internationale, AS sera l&rsquo;invit\u00e9 du Club NXT le 4 avril \u00e0 20h. (cr\u00e9er)<\/p>\n","protected":false},"excerpt":{"rendered":"<p>L&rsquo;AS Eupen est toujours en course pour une place dans le top 6. Mais les noirs et blancs n&rsquo;ont pas non plus bien jou\u00e9 face<\/p>\n","protected":false},"author":1,"featured_media":13114,"comment_status":"","ping_status":"","sticky":false,"template":"","format":"standard","meta":{"footnotes":""},"categories":[298],"tags":[61,254,796,76,2329,10241,2353,4158,81,270,4062,6360,6717,1236,572,2443],"class_list":["post-13113","post","type-post","status-publish","format-standard","has-post-thumbnail","hentry","category-belgique","tag-avec","tag-bien","tag-contre","tag-est","tag-eupen","tag-hiller","tag-las","tag-nul","tag-pour","tag-promotion","tag-qualifie","tag-seraing","tag-servi","tag-seul","tag-toujours","tag-tour","generate-columns","tablet-grid-50","mobile-grid-100","grid-parent","grid-33"],"yoast_head":"<!-- This site is optimized with the Yoast SEO plugin v24.0 - https:\/\/yoast.com\/wordpress\/plugins\/seo\/ -->\n<title>0-0 contre Seraing : l&#039;AS Eupen toujours bien servi avec le nul - seul Hiller est qualifi\u00e9 pour le tour de promotion | Vie Associative<\/title>\n<meta name=\"robots\" content=\"index, follow, max-snippet:-1, max-image-preview:large, max-video-preview:-1\" \/>\n<link rel=\"canonical\" href=\"https:\/\/vieassociative.be\/actualites\/0-0-contre-seraing-las-eupen-toujours-bien-servi-avec-le-nul-seul-hiller-est-qualifie-pour-le-tour-de-promotion\/\" \/>\n<meta property=\"og:locale\" content=\"fr_FR\" \/>\n<meta property=\"og:type\" content=\"article\" \/>\n<meta property=\"og:title\" content=\"0-0 contre Seraing : l&#039;AS Eupen toujours bien servi avec le nul - seul Hiller est qualifi\u00e9 pour le tour de promotion | Vie Associative\" \/>\n<meta property=\"og:description\" content=\"L&rsquo;AS Eupen est toujours en course pour une place dans le top 6. Mais les noirs et blancs n&rsquo;ont pas non plus bien jou\u00e9 face\" \/>\n<meta property=\"og:url\" content=\"https:\/\/vieassociative.be\/actualites\/0-0-contre-seraing-las-eupen-toujours-bien-servi-avec-le-nul-seul-hiller-est-qualifie-pour-le-tour-de-promotion\/\" \/>\n<meta property=\"og:site_name\" content=\"Vie Associative\" \/>\n<meta property=\"article:published_time\" content=\"2026-03-20T21:17:26+00:00\" \/>\n<meta property=\"og:image\" content=\"https:\/\/vieassociative.be\/actualites\/wp-content\/uploads\/2024\/09\/header_backgroundk-01-e1726694325946.png\" \/>\n\t<meta property=\"og:image:width\" content=\"279\" \/>\n\t<meta property=\"og:image:height\" content=\"92\" \/>\n\t<meta property=\"og:image:type\" content=\"image\/png\" \/>\n<meta name=\"author\" content=\"Julien\" \/>\n<meta name=\"twitter:card\" content=\"summary_large_image\" \/>\n<meta name=\"twitter:label1\" content=\"\u00c9crit par\" \/>\n\t<meta name=\"twitter:data1\" content=\"Julien\" \/>\n\t<meta name=\"twitter:label2\" content=\"Dur\u00e9e de lecture est.\" \/>\n\t<meta name=\"twitter:data2\" content=\"3 minutes\" \/>\n<script type=\"application\/ld+json\" class=\"yoast-schema-graph\">{\"@context\":\"https:\/\/schema.org\",\"@graph\":[{\"@type\":\"Article\",\"@id\":\"https:\/\/vieassociative.be\/actualites\/0-0-contre-seraing-las-eupen-toujours-bien-servi-avec-le-nul-seul-hiller-est-qualifie-pour-le-tour-de-promotion\/#article\",\"isPartOf\":{\"@id\":\"https:\/\/vieassociative.be\/actualites\/0-0-contre-seraing-las-eupen-toujours-bien-servi-avec-le-nul-seul-hiller-est-qualifie-pour-le-tour-de-promotion\/\"},\"author\":{\"name\":\"Julien\",\"@id\":\"https:\/\/vieassociative.be\/actualites\/#\/schema\/person\/b87ac4f82f9d4e7b7cec7395b679edc4\"},\"headline\":\"0-0 contre Seraing : l&rsquo;AS Eupen toujours bien servi avec le nul &#8211; seul Hiller est qualifi\u00e9 pour le tour de promotion\",\"datePublished\":\"2026-03-20T21:17:26+00:00\",\"dateModified\":\"2026-03-20T21:17:26+00:00\",\"mainEntityOfPage\":{\"@id\":\"https:\/\/vieassociative.be\/actualites\/0-0-contre-seraing-las-eupen-toujours-bien-servi-avec-le-nul-seul-hiller-est-qualifie-pour-le-tour-de-promotion\/\"},\"wordCount\":608,\"publisher\":{\"@id\":\"https:\/\/vieassociative.be\/actualites\/#organization\"},\"image\":{\"@id\":\"https:\/\/vieassociative.be\/actualites\/0-0-contre-seraing-las-eupen-toujours-bien-servi-avec-le-nul-seul-hiller-est-qualifie-pour-le-tour-de-promotion\/#primaryimage\"},\"thumbnailUrl\":\"https:\/\/vieassociative.be\/actualites\/wp-content\/uploads\/2026\/03\/1774041447_0-0-contre-Seraing-lAS-Eupen-toujours-bien-servi-avec.jpg\",\"keywords\":[\"avec\",\"bien\",\"contre\",\"est\",\"Eupen\",\"Hiller\",\"lAS\",\"nul\",\"pour\",\"promotion\",\"qualifie\",\"SerAing\",\"servi\",\"seul\",\"toujours\",\"Tour\"],\"articleSection\":[\"Belgique\"],\"inLanguage\":\"fr-BE\"},{\"@type\":\"WebPage\",\"@id\":\"https:\/\/vieassociative.be\/actualites\/0-0-contre-seraing-las-eupen-toujours-bien-servi-avec-le-nul-seul-hiller-est-qualifie-pour-le-tour-de-promotion\/\",\"url\":\"https:\/\/vieassociative.be\/actualites\/0-0-contre-seraing-las-eupen-toujours-bien-servi-avec-le-nul-seul-hiller-est-qualifie-pour-le-tour-de-promotion\/\",\"name\":\"0-0 contre Seraing : l'AS Eupen toujours bien servi avec le nul - seul Hiller est qualifi\u00e9 pour le tour de promotion | Vie Associative\",\"isPartOf\":{\"@id\":\"https:\/\/vieassociative.be\/actualites\/#website\"},\"primaryImageOfPage\":{\"@id\":\"https:\/\/vieassociative.be\/actualites\/0-0-contre-seraing-las-eupen-toujours-bien-servi-avec-le-nul-seul-hiller-est-qualifie-pour-le-tour-de-promotion\/#primaryimage\"},\"image\":{\"@id\":\"https:\/\/vieassociative.be\/actualites\/0-0-contre-seraing-las-eupen-toujours-bien-servi-avec-le-nul-seul-hiller-est-qualifie-pour-le-tour-de-promotion\/#primaryimage\"},\"thumbnailUrl\":\"https:\/\/vieassociative.be\/actualites\/wp-content\/uploads\/2026\/03\/1774041447_0-0-contre-Seraing-lAS-Eupen-toujours-bien-servi-avec.jpg\",\"datePublished\":\"2026-03-20T21:17:26+00:00\",\"dateModified\":\"2026-03-20T21:17:26+00:00\",\"breadcrumb\":{\"@id\":\"https:\/\/vieassociative.be\/actualites\/0-0-contre-seraing-las-eupen-toujours-bien-servi-avec-le-nul-seul-hiller-est-qualifie-pour-le-tour-de-promotion\/#breadcrumb\"},\"inLanguage\":\"fr-BE\",\"potentialAction\":[{\"@type\":\"ReadAction\",\"target\":[\"https:\/\/vieassociative.be\/actualites\/0-0-contre-seraing-las-eupen-toujours-bien-servi-avec-le-nul-seul-hiller-est-qualifie-pour-le-tour-de-promotion\/\"]}]},{\"@type\":\"ImageObject\",\"inLanguage\":\"fr-BE\",\"@id\":\"https:\/\/vieassociative.be\/actualites\/0-0-contre-seraing-las-eupen-toujours-bien-servi-avec-le-nul-seul-hiller-est-qualifie-pour-le-tour-de-promotion\/#primaryimage\",\"url\":\"https:\/\/vieassociative.be\/actualites\/wp-content\/uploads\/2026\/03\/1774041447_0-0-contre-Seraing-lAS-Eupen-toujours-bien-servi-avec.jpg\",\"contentUrl\":\"https:\/\/vieassociative.be\/actualites\/wp-content\/uploads\/2026\/03\/1774041447_0-0-contre-Seraing-lAS-Eupen-toujours-bien-servi-avec.jpg\",\"width\":1200,\"height\":801,\"caption\":\"0-0 contre Seraing : l'AS Eupen toujours bien servi avec le nul - seul Hiller est qualifi\u00e9 pour le tour de promotion\"},{\"@type\":\"BreadcrumbList\",\"@id\":\"https:\/\/vieassociative.be\/actualites\/0-0-contre-seraing-las-eupen-toujours-bien-servi-avec-le-nul-seul-hiller-est-qualifie-pour-le-tour-de-promotion\/#breadcrumb\",\"itemListElement\":[{\"@type\":\"ListItem\",\"position\":1,\"name\":\"Accueil\",\"item\":\"https:\/\/vieassociative.be\/actualites\/\"},{\"@type\":\"ListItem\",\"position\":2,\"name\":\"0-0 contre Seraing : l&rsquo;AS Eupen toujours bien servi avec le nul &#8211; seul Hiller est qualifi\u00e9 pour le tour de promotion\"}]},{\"@type\":\"WebSite\",\"@id\":\"https:\/\/vieassociative.be\/actualites\/#website\",\"url\":\"https:\/\/vieassociative.be\/actualites\/\",\"name\":\"Vie Associative\",\"description\":\"\",\"publisher\":{\"@id\":\"https:\/\/vieassociative.be\/actualites\/#organization\"},\"potentialAction\":[{\"@type\":\"SearchAction\",\"target\":{\"@type\":\"EntryPoint\",\"urlTemplate\":\"https:\/\/vieassociative.be\/actualites\/?s={search_term_string}\"},\"query-input\":{\"@type\":\"PropertyValueSpecification\",\"valueRequired\":true,\"valueName\":\"search_term_string\"}}],\"inLanguage\":\"fr-BE\"},{\"@type\":\"Organization\",\"@id\":\"https:\/\/vieassociative.be\/actualites\/#organization\",\"name\":\"Vie Associative\",\"url\":\"https:\/\/vieassociative.be\/actualites\/\",\"logo\":{\"@type\":\"ImageObject\",\"inLanguage\":\"fr-BE\",\"@id\":\"https:\/\/vieassociative.be\/actualites\/#\/schema\/logo\/image\/\",\"url\":\"https:\/\/vieassociative.be\/actualites\/wp-content\/uploads\/2024\/09\/cropped-vieassociative_favicon.ico.png\",\"contentUrl\":\"https:\/\/vieassociative.be\/actualites\/wp-content\/uploads\/2024\/09\/cropped-vieassociative_favicon.ico.png\",\"width\":512,\"height\":512,\"caption\":\"Vie Associative\"},\"image\":{\"@id\":\"https:\/\/vieassociative.be\/actualites\/#\/schema\/logo\/image\/\"}},{\"@type\":\"Person\",\"@id\":\"https:\/\/vieassociative.be\/actualites\/#\/schema\/person\/b87ac4f82f9d4e7b7cec7395b679edc4\",\"name\":\"Julien\",\"image\":{\"@type\":\"ImageObject\",\"inLanguage\":\"fr-BE\",\"@id\":\"https:\/\/vieassociative.be\/actualites\/#\/schema\/person\/image\/\",\"url\":\"https:\/\/vieassociative.be\/actualites\/wp-content\/uploads\/2024\/09\/vie-associative-1-150x150.jpg\",\"contentUrl\":\"https:\/\/vieassociative.be\/actualites\/wp-content\/uploads\/2024\/09\/vie-associative-1-150x150.jpg\",\"caption\":\"Julien\"},\"description\":\"Je suis Julien, r\u00e9dacteur pour Vie Associative. Passionn\u00e9 par le monde associatif depuis plus de 10 ans, j'ai \u00e0 c\u0153ur de partager des histoires inspirantes et de mettre en lumi\u00e8re les initiatives locales. Mon objectif est de sensibiliser et d'encourager l'engagement communautaire \u00e0 travers mes articles.\",\"sameAs\":[\"https:\/\/vieassociative.be\/\"]}]}<\/script>\n<!-- \/ Yoast SEO plugin. -->","yoast_head_json":{"title":"0-0 contre Seraing : l'AS Eupen toujours bien servi avec le nul - seul Hiller est qualifi\u00e9 pour le tour de promotion | Vie Associative","robots":{"index":"index","follow":"follow","max-snippet":"max-snippet:-1","max-image-preview":"max-image-preview:large","max-video-preview":"max-video-preview:-1"},"canonical":"https:\/\/vieassociative.be\/actualites\/0-0-contre-seraing-las-eupen-toujours-bien-servi-avec-le-nul-seul-hiller-est-qualifie-pour-le-tour-de-promotion\/","og_locale":"fr_FR","og_type":"article","og_title":"0-0 contre Seraing : l'AS Eupen toujours bien servi avec le nul - seul Hiller est qualifi\u00e9 pour le tour de promotion | Vie Associative","og_description":"L&rsquo;AS Eupen est toujours en course pour une place dans le top 6. Mais les noirs et blancs n&rsquo;ont pas non plus bien jou\u00e9 face","og_url":"https:\/\/vieassociative.be\/actualites\/0-0-contre-seraing-las-eupen-toujours-bien-servi-avec-le-nul-seul-hiller-est-qualifie-pour-le-tour-de-promotion\/","og_site_name":"Vie Associative","article_published_time":"2026-03-20T21:17:26+00:00","og_image":[{"width":279,"height":92,"url":"https:\/\/vieassociative.be\/actualites\/wp-content\/uploads\/2024\/09\/header_backgroundk-01-e1726694325946.png","type":"image\/png"}],"author":"Julien","twitter_card":"summary_large_image","twitter_misc":{"\u00c9crit par":"Julien","Dur\u00e9e de lecture est.":"3 minutes"},"schema":{"@context":"https:\/\/schema.org","@graph":[{"@type":"Article","@id":"https:\/\/vieassociative.be\/actualites\/0-0-contre-seraing-las-eupen-toujours-bien-servi-avec-le-nul-seul-hiller-est-qualifie-pour-le-tour-de-promotion\/#article","isPartOf":{"@id":"https:\/\/vieassociative.be\/actualites\/0-0-contre-seraing-las-eupen-toujours-bien-servi-avec-le-nul-seul-hiller-est-qualifie-pour-le-tour-de-promotion\/"},"author":{"name":"Julien","@id":"https:\/\/vieassociative.be\/actualites\/#\/schema\/person\/b87ac4f82f9d4e7b7cec7395b679edc4"},"headline":"0-0 contre Seraing : l&rsquo;AS Eupen toujours bien servi avec le nul &#8211; seul Hiller est qualifi\u00e9 pour le tour de promotion","datePublished":"2026-03-20T21:17:26+00:00","dateModified":"2026-03-20T21:17:26+00:00","mainEntityOfPage":{"@id":"https:\/\/vieassociative.be\/actualites\/0-0-contre-seraing-las-eupen-toujours-bien-servi-avec-le-nul-seul-hiller-est-qualifie-pour-le-tour-de-promotion\/"},"wordCount":608,"publisher":{"@id":"https:\/\/vieassociative.be\/actualites\/#organization"},"image":{"@id":"https:\/\/vieassociative.be\/actualites\/0-0-contre-seraing-las-eupen-toujours-bien-servi-avec-le-nul-seul-hiller-est-qualifie-pour-le-tour-de-promotion\/#primaryimage"},"thumbnailUrl":"https:\/\/vieassociative.be\/actualites\/wp-content\/uploads\/2026\/03\/1774041447_0-0-contre-Seraing-lAS-Eupen-toujours-bien-servi-avec.jpg","keywords":["avec","bien","contre","est","Eupen","Hiller","lAS","nul","pour","promotion","qualifie","SerAing","servi","seul","toujours","Tour"],"articleSection":["Belgique"],"inLanguage":"fr-BE"},{"@type":"WebPage","@id":"https:\/\/vieassociative.be\/actualites\/0-0-contre-seraing-las-eupen-toujours-bien-servi-avec-le-nul-seul-hiller-est-qualifie-pour-le-tour-de-promotion\/","url":"https:\/\/vieassociative.be\/actualites\/0-0-contre-seraing-las-eupen-toujours-bien-servi-avec-le-nul-seul-hiller-est-qualifie-pour-le-tour-de-promotion\/","name":"0-0 contre Seraing : l'AS Eupen toujours bien servi avec le nul - seul Hiller est qualifi\u00e9 pour le tour de promotion | Vie Associative","isPartOf":{"@id":"https:\/\/vieassociative.be\/actualites\/#website"},"primaryImageOfPage":{"@id":"https:\/\/vieassociative.be\/actualites\/0-0-contre-seraing-las-eupen-toujours-bien-servi-avec-le-nul-seul-hiller-est-qualifie-pour-le-tour-de-promotion\/#primaryimage"},"image":{"@id":"https:\/\/vieassociative.be\/actualites\/0-0-contre-seraing-las-eupen-toujours-bien-servi-avec-le-nul-seul-hiller-est-qualifie-pour-le-tour-de-promotion\/#primaryimage"},"thumbnailUrl":"https:\/\/vieassociative.be\/actualites\/wp-content\/uploads\/2026\/03\/1774041447_0-0-contre-Seraing-lAS-Eupen-toujours-bien-servi-avec.jpg","datePublished":"2026-03-20T21:17:26+00:00","dateModified":"2026-03-20T21:17:26+00:00","breadcrumb":{"@id":"https:\/\/vieassociative.be\/actualites\/0-0-contre-seraing-las-eupen-toujours-bien-servi-avec-le-nul-seul-hiller-est-qualifie-pour-le-tour-de-promotion\/#breadcrumb"},"inLanguage":"fr-BE","potentialAction":[{"@type":"ReadAction","target":["https:\/\/vieassociative.be\/actualites\/0-0-contre-seraing-las-eupen-toujours-bien-servi-avec-le-nul-seul-hiller-est-qualifie-pour-le-tour-de-promotion\/"]}]},{"@type":"ImageObject","inLanguage":"fr-BE","@id":"https:\/\/vieassociative.be\/actualites\/0-0-contre-seraing-las-eupen-toujours-bien-servi-avec-le-nul-seul-hiller-est-qualifie-pour-le-tour-de-promotion\/#primaryimage","url":"https:\/\/vieassociative.be\/actualites\/wp-content\/uploads\/2026\/03\/1774041447_0-0-contre-Seraing-lAS-Eupen-toujours-bien-servi-avec.jpg","contentUrl":"https:\/\/vieassociative.be\/actualites\/wp-content\/uploads\/2026\/03\/1774041447_0-0-contre-Seraing-lAS-Eupen-toujours-bien-servi-avec.jpg","width":1200,"height":801,"caption":"0-0 contre Seraing : l'AS Eupen toujours bien servi avec le nul - seul Hiller est qualifi\u00e9 pour le tour de promotion"},{"@type":"BreadcrumbList","@id":"https:\/\/vieassociative.be\/actualites\/0-0-contre-seraing-las-eupen-toujours-bien-servi-avec-le-nul-seul-hiller-est-qualifie-pour-le-tour-de-promotion\/#breadcrumb","itemListElement":[{"@type":"ListItem","position":1,"name":"Accueil","item":"https:\/\/vieassociative.be\/actualites\/"},{"@type":"ListItem","position":2,"name":"0-0 contre Seraing : l&rsquo;AS Eupen toujours bien servi avec le nul &#8211; seul Hiller est qualifi\u00e9 pour le tour de promotion"}]},{"@type":"WebSite","@id":"https:\/\/vieassociative.be\/actualites\/#website","url":"https:\/\/vieassociative.be\/actualites\/","name":"Vie Associative","description":"","publisher":{"@id":"https:\/\/vieassociative.be\/actualites\/#organization"},"potentialAction":[{"@type":"SearchAction","target":{"@type":"EntryPoint","urlTemplate":"https:\/\/vieassociative.be\/actualites\/?s={search_term_string}"},"query-input":{"@type":"PropertyValueSpecification","valueRequired":true,"valueName":"search_term_string"}}],"inLanguage":"fr-BE"},{"@type":"Organization","@id":"https:\/\/vieassociative.be\/actualites\/#organization","name":"Vie Associative","url":"https:\/\/vieassociative.be\/actualites\/","logo":{"@type":"ImageObject","inLanguage":"fr-BE","@id":"https:\/\/vieassociative.be\/actualites\/#\/schema\/logo\/image\/","url":"https:\/\/vieassociative.be\/actualites\/wp-content\/uploads\/2024\/09\/cropped-vieassociative_favicon.ico.png","contentUrl":"https:\/\/vieassociative.be\/actualites\/wp-content\/uploads\/2024\/09\/cropped-vieassociative_favicon.ico.png","width":512,"height":512,"caption":"Vie Associative"},"image":{"@id":"https:\/\/vieassociative.be\/actualites\/#\/schema\/logo\/image\/"}},{"@type":"Person","@id":"https:\/\/vieassociative.be\/actualites\/#\/schema\/person\/b87ac4f82f9d4e7b7cec7395b679edc4","name":"Julien","image":{"@type":"ImageObject","inLanguage":"fr-BE","@id":"https:\/\/vieassociative.be\/actualites\/#\/schema\/person\/image\/","url":"https:\/\/vieassociative.be\/actualites\/wp-content\/uploads\/2024\/09\/vie-associative-1-150x150.jpg","contentUrl":"https:\/\/vieassociative.be\/actualites\/wp-content\/uploads\/2024\/09\/vie-associative-1-150x150.jpg","caption":"Julien"},"description":"Je suis Julien, r\u00e9dacteur pour Vie Associative. Passionn\u00e9 par le monde associatif depuis plus de 10 ans, j'ai \u00e0 c\u0153ur de partager des histoires inspirantes et de mettre en lumi\u00e8re les initiatives locales. Mon objectif est de sensibiliser et d'encourager l'engagement communautaire \u00e0 travers mes articles.","sameAs":["https:\/\/vieassociative.be\/"]}]}},"_links":{"self":[{"href":"https:\/\/vieassociative.be\/actualites\/wp-json\/wp\/v2\/posts\/13113"}],"collection":[{"href":"https:\/\/vieassociative.be\/actualites\/wp-json\/wp\/v2\/posts"}],"about":[{"href":"https:\/\/vieassociative.be\/actualites\/wp-json\/wp\/v2\/types\/post"}],"author":[{"embeddable":true,"href":"https:\/\/vieassociative.be\/actualites\/wp-json\/wp\/v2\/users\/1"}],"replies":[{"embeddable":true,"href":"https:\/\/vieassociative.be\/actualites\/wp-json\/wp\/v2\/comments?post=13113"}],"version-history":[{"count":0,"href":"https:\/\/vieassociative.be\/actualites\/wp-json\/wp\/v2\/posts\/13113\/revisions"}],"wp:featuredmedia":[{"embeddable":true,"href":"https:\/\/vieassociative.be\/actualites\/wp-json\/wp\/v2\/media\/13114"}],"wp:attachment":[{"href":"https:\/\/vieassociative.be\/actualites\/wp-json\/wp\/v2\/media?parent=13113"}],"wp:term":[{"taxonomy":"category","embeddable":true,"href":"https:\/\/vieassociative.be\/actualites\/wp-json\/wp\/v2\/categories?post=13113"},{"taxonomy":"post_tag","embeddable":true,"href":"https:\/\/vieassociative.be\/actualites\/wp-json\/wp\/v2\/tags?post=13113"}],"curies":[{"name":"wp","href":"https:\/\/api.w.org\/{rel}","templated":true}]}}