{"id":13109,"date":"2026-03-20T16:17:27","date_gmt":"2026-03-20T15:17:27","guid":{"rendered":"https:\/\/vieassociative.be\/actualites\/diables-rouges-garcia-convoque-de-jeunes-talents-comme-de-cat-godts-et-stassin-pour-le-camp-dentrainement-aux-usa\/"},"modified":"2026-03-20T16:17:27","modified_gmt":"2026-03-20T15:17:27","slug":"diables-rouges-garcia-convoque-de-jeunes-talents-comme-de-cat-godts-et-stassin-pour-le-camp-dentrainement-aux-usa","status":"publish","type":"post","link":"https:\/\/vieassociative.be\/actualites\/diables-rouges-garcia-convoque-de-jeunes-talents-comme-de-cat-godts-et-stassin-pour-le-camp-dentrainement-aux-usa\/","title":{"rendered":"Diables Rouges : Garcia convoque de \u00ab jeunes talents \u00bb comme De Cat, Godts et Stassin pour le camp d&rsquo;entra\u00eenement aux USA"},"content":{"rendered":"<p><strong>Le s\u00e9lectionneur national belge Rudi Garcia a annonc\u00e9 vendredi une liste de 28 joueurs des Diables Rouges pour le camp d&rsquo;entra\u00eenement aux Etats-Unis fin mars. Les Belges y affronteront deux des trois pays h\u00f4tes de la Coupe du Monde.<\/strong><\/p>\n<p><span id=\"more-437852\"><\/span>Le 28 mars (20h30 heure belge) les Diables Rouges affronteront les USA \u00e0 Atlanta et trois jours plus tard (1er avril \u00e0 3h00 heure belge) ils affronteront le Mexique \u00e0 Chicago.<\/p>\n<p>Rudi Garcia a annonc\u00e9 un effectif nombreux pour cette r\u00e9p\u00e9tition g\u00e9n\u00e9rale avant la Coupe du monde. Si l&rsquo;absence du gardien Thibaut Courtois (ischio-jambiers) est confirm\u00e9e, tous les autres joueurs r\u00e9guliers seront pr\u00e9sents, notamment Arthur Theate (m\u00e9nisque), Youri Tielemans (cheville), Romelu Lukaku et Kevin De Bruyne.<\/p>\n<div id=\"attachment_400914\" class=\"wp-caption alignleft\" style=\"max-width: 300px\"><img fetchpriority=\"high\" decoding=\"async\" class=\"wp-image-400914 size-medium\" src=\"https:\/\/vieassociative.be\/actualites\/wp-content\/uploads\/2025\/07\/1752589042_669_Les-matchs-de-la-ligue-As-Eupen-et-Jupiler-ne.jpg\" alt=\"\" width=\"300\" height=\"184\"><\/div>\n<p>Du c\u00f4t\u00e9 des nouvelles recrues, Lucas Stassin (AS Saint-Etienne), Nathan De Cat (RSC Anderlecht) et Mika Godts (Ajax Amsterdam) feront leurs d\u00e9buts en \u00e9quipe nationale. \u00ab\u00a0C&rsquo;est la derni\u00e8re occasion de voir et de conna\u00eetre de nouveaux joueurs. C&rsquo;est pourquoi il y aura trois nouveaux joueurs dans l&rsquo;\u00e9quipe\u00a0\u00bb, a expliqu\u00e9 Garcia.<\/p>\n<p>L&rsquo;\u00e9quipe de Garcia pour le voyage aux \u00c9tats-Unis comprend \u00e9galement de nombreux joueurs bless\u00e9s. \u00ab\u00a0Il faut donner du temps de jeu \u00e0 ceux qui reviennent de blessure. Kevin De Bruyne et Romelu Lukaku en font partie, tout comme Dodi Lukebakio, Leandro Trossard et Charles De Ketelaere. Arthur Theate pourrait \u00eatre sur le terrain d\u00e8s ce week-end. Youri Tielemans reprend aujourd&rsquo;hui l&rsquo;entra\u00eenement en \u00e9quipe \u00e0 Aston Villa. Il est important qu&rsquo;il voyage avec nous. Hans Vanaken (hanche) est discutable pour le match contre Malines, je ne sais pas s&rsquo;il vraiment Cela peut venir, mais pour le moment il est dans l&rsquo;\u00e9quipe. Mais il est certain que beaucoup de joueurs ne peuvent pas jouer 90 minutes.<\/p>\n<p>Garcia a ajout\u00e9 : \u00ab\u00a0Il est important que tous ces joueurs profitent du camp d&rsquo;entra\u00eenement pour retrouver le rythme et \u00eatre pr\u00eats \u00e0 bien terminer la saison avec leur club, ce qui nous sera b\u00e9n\u00e9fique avant la Coupe du Monde.\u00a0\u00bb (cr\u00e9er)<\/p>\n<h3>L&rsquo;effectif des 28 Diables Rouges<\/h3>\n<p><strong>Gardien de but:<\/strong> Senne Lammens (Manchester United), Matz Sels (Nottingham Forest), Maarten Vandevoordt (RB Leipzig)<\/p>\n<p><strong>D\u00e9fenseur:<\/strong> Timothy Castagne (Fulham), Zeno Debast (Sporting Lisbonne), Maxim De Cuyper (Brighton), Koni De Winter (AC Milan), Brandon Mechele (FC Bruges), Thomas Meunier (Lille), Nathan Ngoy (Lille), Joaquin Seys (FC Bruges), Arthur Theate (Eintracht Francfort)<\/p>\n<p><strong>Milieu de terrain :<\/strong> Kevin De Bruyne (Naples), Nathan De Cat (Anderlecht), Amadou Onana (Aston Villa), Nicolas Raskin (Rangersp), Youri Tielemans (Aston Villa), Hans Vanaken (FC Bruges), Axel Witsel (G\u00e9rone)<\/p>\n<p><strong>Gr\u00e9viste:<\/strong> Charles De Ketelaere (Atalanta), J\u00e9r\u00e9my Doku (Manchester City), Mika Godts (Ajax Amsterdam), Romelu Lukaku (Naples), Dodi Lukebakio (Benfica), Lois Openda (Juventus), Alexis Saelemaekers (AC Milan), Lucas Stassin (Saint-\u00c9tienne), Leandro Trossard (Arsenal).<\/p>\n","protected":false},"excerpt":{"rendered":"<p>Le s\u00e9lectionneur national belge Rudi Garcia a annonc\u00e9 vendredi une liste de 28 joueurs des Diables Rouges pour le camp d&rsquo;entra\u00eenement aux Etats-Unis fin mars.<\/p>\n","protected":false},"author":1,"featured_media":13110,"comment_status":"","ping_status":"","sticky":false,"template":"","format":"standard","meta":{"footnotes":""},"categories":[298],"tags":[289,8768,74,1254,9177,888,2389,4939,10297,5859,81,2366,10298,6468,2664],"class_list":["post-13109","post","type-post","status-publish","format-standard","has-post-thumbnail","hentry","category-belgique","tag-aux","tag-camp","tag-cat","tag-comme","tag-convoque","tag-dentrainement","tag-diables","tag-garcia","tag-godts","tag-jeunes","tag-pour","tag-rouges","tag-stassin","tag-talents","tag-usa","generate-columns","tablet-grid-50","mobile-grid-100","grid-parent","grid-33"],"yoast_head":"<!-- This site is optimized with the Yoast SEO plugin v24.0 - https:\/\/yoast.com\/wordpress\/plugins\/seo\/ -->\n<title>Diables Rouges : Garcia convoque de \u00ab jeunes talents \u00bb comme De Cat, Godts et Stassin pour le camp d&#039;entra\u00eenement aux USA | Vie Associative<\/title>\n<meta name=\"robots\" content=\"index, follow, max-snippet:-1, max-image-preview:large, max-video-preview:-1\" \/>\n<link rel=\"canonical\" href=\"https:\/\/vieassociative.be\/actualites\/diables-rouges-garcia-convoque-de-jeunes-talents-comme-de-cat-godts-et-stassin-pour-le-camp-dentrainement-aux-usa\/\" \/>\n<meta property=\"og:locale\" content=\"fr_FR\" \/>\n<meta property=\"og:type\" content=\"article\" \/>\n<meta property=\"og:title\" content=\"Diables Rouges : Garcia convoque de \u00ab jeunes talents \u00bb comme De Cat, Godts et Stassin pour le camp d&#039;entra\u00eenement aux USA | Vie Associative\" \/>\n<meta property=\"og:description\" content=\"Le s\u00e9lectionneur national belge Rudi Garcia a annonc\u00e9 vendredi une liste de 28 joueurs des Diables Rouges pour le camp d&rsquo;entra\u00eenement aux Etats-Unis fin mars.\" \/>\n<meta property=\"og:url\" content=\"https:\/\/vieassociative.be\/actualites\/diables-rouges-garcia-convoque-de-jeunes-talents-comme-de-cat-godts-et-stassin-pour-le-camp-dentrainement-aux-usa\/\" \/>\n<meta property=\"og:site_name\" content=\"Vie Associative\" \/>\n<meta property=\"article:published_time\" content=\"2026-03-20T15:17:27+00:00\" \/>\n<meta property=\"og:image\" content=\"https:\/\/vieassociative.be\/actualites\/wp-content\/uploads\/2024\/09\/header_backgroundk-01-e1726694325946.png\" \/>\n\t<meta property=\"og:image:width\" content=\"279\" \/>\n\t<meta property=\"og:image:height\" content=\"92\" \/>\n\t<meta property=\"og:image:type\" content=\"image\/png\" \/>\n<meta name=\"author\" content=\"Julien\" \/>\n<meta name=\"twitter:card\" content=\"summary_large_image\" \/>\n<meta name=\"twitter:label1\" content=\"\u00c9crit par\" \/>\n\t<meta name=\"twitter:data1\" content=\"Julien\" \/>\n\t<meta name=\"twitter:label2\" content=\"Dur\u00e9e de lecture est.\" \/>\n\t<meta name=\"twitter:data2\" content=\"2 minutes\" \/>\n<script type=\"application\/ld+json\" class=\"yoast-schema-graph\">{\"@context\":\"https:\/\/schema.org\",\"@graph\":[{\"@type\":\"Article\",\"@id\":\"https:\/\/vieassociative.be\/actualites\/diables-rouges-garcia-convoque-de-jeunes-talents-comme-de-cat-godts-et-stassin-pour-le-camp-dentrainement-aux-usa\/#article\",\"isPartOf\":{\"@id\":\"https:\/\/vieassociative.be\/actualites\/diables-rouges-garcia-convoque-de-jeunes-talents-comme-de-cat-godts-et-stassin-pour-le-camp-dentrainement-aux-usa\/\"},\"author\":{\"name\":\"Julien\",\"@id\":\"https:\/\/vieassociative.be\/actualites\/#\/schema\/person\/b87ac4f82f9d4e7b7cec7395b679edc4\"},\"headline\":\"Diables Rouges : Garcia convoque de \u00ab jeunes talents \u00bb comme De Cat, Godts et Stassin pour le camp d&rsquo;entra\u00eenement aux USA\",\"datePublished\":\"2026-03-20T15:17:27+00:00\",\"dateModified\":\"2026-03-20T15:17:27+00:00\",\"mainEntityOfPage\":{\"@id\":\"https:\/\/vieassociative.be\/actualites\/diables-rouges-garcia-convoque-de-jeunes-talents-comme-de-cat-godts-et-stassin-pour-le-camp-dentrainement-aux-usa\/\"},\"wordCount\":488,\"publisher\":{\"@id\":\"https:\/\/vieassociative.be\/actualites\/#organization\"},\"image\":{\"@id\":\"https:\/\/vieassociative.be\/actualites\/diables-rouges-garcia-convoque-de-jeunes-talents-comme-de-cat-godts-et-stassin-pour-le-camp-dentrainement-aux-usa\/#primaryimage\"},\"thumbnailUrl\":\"https:\/\/vieassociative.be\/actualites\/wp-content\/uploads\/2026\/03\/Diables-Rouges-Garcia-convoque-de-jeunes-talents.jpg\",\"keywords\":[\"aux\",\"camp\",\"Cat\",\"comme\",\"convoqu\u00e9\",\"dentra\u00eenement\",\"Diables\",\"Garcia\",\"Godts\",\"jeunes\",\"pour\",\"rouges\",\"Stassin\",\"talents\",\"USA\"],\"articleSection\":[\"Belgique\"],\"inLanguage\":\"fr-BE\"},{\"@type\":\"WebPage\",\"@id\":\"https:\/\/vieassociative.be\/actualites\/diables-rouges-garcia-convoque-de-jeunes-talents-comme-de-cat-godts-et-stassin-pour-le-camp-dentrainement-aux-usa\/\",\"url\":\"https:\/\/vieassociative.be\/actualites\/diables-rouges-garcia-convoque-de-jeunes-talents-comme-de-cat-godts-et-stassin-pour-le-camp-dentrainement-aux-usa\/\",\"name\":\"Diables Rouges : Garcia convoque de \u00ab jeunes talents \u00bb comme De Cat, Godts et Stassin pour le camp d'entra\u00eenement aux USA | Vie Associative\",\"isPartOf\":{\"@id\":\"https:\/\/vieassociative.be\/actualites\/#website\"},\"primaryImageOfPage\":{\"@id\":\"https:\/\/vieassociative.be\/actualites\/diables-rouges-garcia-convoque-de-jeunes-talents-comme-de-cat-godts-et-stassin-pour-le-camp-dentrainement-aux-usa\/#primaryimage\"},\"image\":{\"@id\":\"https:\/\/vieassociative.be\/actualites\/diables-rouges-garcia-convoque-de-jeunes-talents-comme-de-cat-godts-et-stassin-pour-le-camp-dentrainement-aux-usa\/#primaryimage\"},\"thumbnailUrl\":\"https:\/\/vieassociative.be\/actualites\/wp-content\/uploads\/2026\/03\/Diables-Rouges-Garcia-convoque-de-jeunes-talents.jpg\",\"datePublished\":\"2026-03-20T15:17:27+00:00\",\"dateModified\":\"2026-03-20T15:17:27+00:00\",\"breadcrumb\":{\"@id\":\"https:\/\/vieassociative.be\/actualites\/diables-rouges-garcia-convoque-de-jeunes-talents-comme-de-cat-godts-et-stassin-pour-le-camp-dentrainement-aux-usa\/#breadcrumb\"},\"inLanguage\":\"fr-BE\",\"potentialAction\":[{\"@type\":\"ReadAction\",\"target\":[\"https:\/\/vieassociative.be\/actualites\/diables-rouges-garcia-convoque-de-jeunes-talents-comme-de-cat-godts-et-stassin-pour-le-camp-dentrainement-aux-usa\/\"]}]},{\"@type\":\"ImageObject\",\"inLanguage\":\"fr-BE\",\"@id\":\"https:\/\/vieassociative.be\/actualites\/diables-rouges-garcia-convoque-de-jeunes-talents-comme-de-cat-godts-et-stassin-pour-le-camp-dentrainement-aux-usa\/#primaryimage\",\"url\":\"https:\/\/vieassociative.be\/actualites\/wp-content\/uploads\/2026\/03\/Diables-Rouges-Garcia-convoque-de-jeunes-talents.jpg\",\"contentUrl\":\"https:\/\/vieassociative.be\/actualites\/wp-content\/uploads\/2026\/03\/Diables-Rouges-Garcia-convoque-de-jeunes-talents.jpg\",\"width\":1200,\"height\":800,\"caption\":\"Diables Rouges : Garcia convoque de \u00ab jeunes talents \u00bb comme De Cat, Godts et Stassin pour le camp d'entra\u00eenement aux USA\"},{\"@type\":\"BreadcrumbList\",\"@id\":\"https:\/\/vieassociative.be\/actualites\/diables-rouges-garcia-convoque-de-jeunes-talents-comme-de-cat-godts-et-stassin-pour-le-camp-dentrainement-aux-usa\/#breadcrumb\",\"itemListElement\":[{\"@type\":\"ListItem\",\"position\":1,\"name\":\"Accueil\",\"item\":\"https:\/\/vieassociative.be\/actualites\/\"},{\"@type\":\"ListItem\",\"position\":2,\"name\":\"Diables Rouges : Garcia convoque de \u00ab jeunes talents \u00bb comme De Cat, Godts et Stassin pour le camp d&rsquo;entra\u00eenement aux USA\"}]},{\"@type\":\"WebSite\",\"@id\":\"https:\/\/vieassociative.be\/actualites\/#website\",\"url\":\"https:\/\/vieassociative.be\/actualites\/\",\"name\":\"Vie Associative\",\"description\":\"\",\"publisher\":{\"@id\":\"https:\/\/vieassociative.be\/actualites\/#organization\"},\"potentialAction\":[{\"@type\":\"SearchAction\",\"target\":{\"@type\":\"EntryPoint\",\"urlTemplate\":\"https:\/\/vieassociative.be\/actualites\/?s={search_term_string}\"},\"query-input\":{\"@type\":\"PropertyValueSpecification\",\"valueRequired\":true,\"valueName\":\"search_term_string\"}}],\"inLanguage\":\"fr-BE\"},{\"@type\":\"Organization\",\"@id\":\"https:\/\/vieassociative.be\/actualites\/#organization\",\"name\":\"Vie Associative\",\"url\":\"https:\/\/vieassociative.be\/actualites\/\",\"logo\":{\"@type\":\"ImageObject\",\"inLanguage\":\"fr-BE\",\"@id\":\"https:\/\/vieassociative.be\/actualites\/#\/schema\/logo\/image\/\",\"url\":\"https:\/\/vieassociative.be\/actualites\/wp-content\/uploads\/2024\/09\/cropped-vieassociative_favicon.ico.png\",\"contentUrl\":\"https:\/\/vieassociative.be\/actualites\/wp-content\/uploads\/2024\/09\/cropped-vieassociative_favicon.ico.png\",\"width\":512,\"height\":512,\"caption\":\"Vie Associative\"},\"image\":{\"@id\":\"https:\/\/vieassociative.be\/actualites\/#\/schema\/logo\/image\/\"}},{\"@type\":\"Person\",\"@id\":\"https:\/\/vieassociative.be\/actualites\/#\/schema\/person\/b87ac4f82f9d4e7b7cec7395b679edc4\",\"name\":\"Julien\",\"image\":{\"@type\":\"ImageObject\",\"inLanguage\":\"fr-BE\",\"@id\":\"https:\/\/vieassociative.be\/actualites\/#\/schema\/person\/image\/\",\"url\":\"https:\/\/vieassociative.be\/actualites\/wp-content\/uploads\/2024\/09\/vie-associative-1-150x150.jpg\",\"contentUrl\":\"https:\/\/vieassociative.be\/actualites\/wp-content\/uploads\/2024\/09\/vie-associative-1-150x150.jpg\",\"caption\":\"Julien\"},\"description\":\"Je suis Julien, r\u00e9dacteur pour Vie Associative. Passionn\u00e9 par le monde associatif depuis plus de 10 ans, j'ai \u00e0 c\u0153ur de partager des histoires inspirantes et de mettre en lumi\u00e8re les initiatives locales. Mon objectif est de sensibiliser et d'encourager l'engagement communautaire \u00e0 travers mes articles.\",\"sameAs\":[\"https:\/\/vieassociative.be\/\"]}]}<\/script>\n<!-- \/ Yoast SEO plugin. -->","yoast_head_json":{"title":"Diables Rouges : Garcia convoque de \u00ab jeunes talents \u00bb comme De Cat, Godts et Stassin pour le camp d'entra\u00eenement aux USA | Vie Associative","robots":{"index":"index","follow":"follow","max-snippet":"max-snippet:-1","max-image-preview":"max-image-preview:large","max-video-preview":"max-video-preview:-1"},"canonical":"https:\/\/vieassociative.be\/actualites\/diables-rouges-garcia-convoque-de-jeunes-talents-comme-de-cat-godts-et-stassin-pour-le-camp-dentrainement-aux-usa\/","og_locale":"fr_FR","og_type":"article","og_title":"Diables Rouges : Garcia convoque de \u00ab jeunes talents \u00bb comme De Cat, Godts et Stassin pour le camp d'entra\u00eenement aux USA | Vie Associative","og_description":"Le s\u00e9lectionneur national belge Rudi Garcia a annonc\u00e9 vendredi une liste de 28 joueurs des Diables Rouges pour le camp d&rsquo;entra\u00eenement aux Etats-Unis fin mars.","og_url":"https:\/\/vieassociative.be\/actualites\/diables-rouges-garcia-convoque-de-jeunes-talents-comme-de-cat-godts-et-stassin-pour-le-camp-dentrainement-aux-usa\/","og_site_name":"Vie Associative","article_published_time":"2026-03-20T15:17:27+00:00","og_image":[{"width":279,"height":92,"url":"https:\/\/vieassociative.be\/actualites\/wp-content\/uploads\/2024\/09\/header_backgroundk-01-e1726694325946.png","type":"image\/png"}],"author":"Julien","twitter_card":"summary_large_image","twitter_misc":{"\u00c9crit par":"Julien","Dur\u00e9e de lecture est.":"2 minutes"},"schema":{"@context":"https:\/\/schema.org","@graph":[{"@type":"Article","@id":"https:\/\/vieassociative.be\/actualites\/diables-rouges-garcia-convoque-de-jeunes-talents-comme-de-cat-godts-et-stassin-pour-le-camp-dentrainement-aux-usa\/#article","isPartOf":{"@id":"https:\/\/vieassociative.be\/actualites\/diables-rouges-garcia-convoque-de-jeunes-talents-comme-de-cat-godts-et-stassin-pour-le-camp-dentrainement-aux-usa\/"},"author":{"name":"Julien","@id":"https:\/\/vieassociative.be\/actualites\/#\/schema\/person\/b87ac4f82f9d4e7b7cec7395b679edc4"},"headline":"Diables Rouges : Garcia convoque de \u00ab jeunes talents \u00bb comme De Cat, Godts et Stassin pour le camp d&rsquo;entra\u00eenement aux USA","datePublished":"2026-03-20T15:17:27+00:00","dateModified":"2026-03-20T15:17:27+00:00","mainEntityOfPage":{"@id":"https:\/\/vieassociative.be\/actualites\/diables-rouges-garcia-convoque-de-jeunes-talents-comme-de-cat-godts-et-stassin-pour-le-camp-dentrainement-aux-usa\/"},"wordCount":488,"publisher":{"@id":"https:\/\/vieassociative.be\/actualites\/#organization"},"image":{"@id":"https:\/\/vieassociative.be\/actualites\/diables-rouges-garcia-convoque-de-jeunes-talents-comme-de-cat-godts-et-stassin-pour-le-camp-dentrainement-aux-usa\/#primaryimage"},"thumbnailUrl":"https:\/\/vieassociative.be\/actualites\/wp-content\/uploads\/2026\/03\/Diables-Rouges-Garcia-convoque-de-jeunes-talents.jpg","keywords":["aux","camp","Cat","comme","convoqu\u00e9","dentra\u00eenement","Diables","Garcia","Godts","jeunes","pour","rouges","Stassin","talents","USA"],"articleSection":["Belgique"],"inLanguage":"fr-BE"},{"@type":"WebPage","@id":"https:\/\/vieassociative.be\/actualites\/diables-rouges-garcia-convoque-de-jeunes-talents-comme-de-cat-godts-et-stassin-pour-le-camp-dentrainement-aux-usa\/","url":"https:\/\/vieassociative.be\/actualites\/diables-rouges-garcia-convoque-de-jeunes-talents-comme-de-cat-godts-et-stassin-pour-le-camp-dentrainement-aux-usa\/","name":"Diables Rouges : Garcia convoque de \u00ab jeunes talents \u00bb comme De Cat, Godts et Stassin pour le camp d'entra\u00eenement aux USA | Vie Associative","isPartOf":{"@id":"https:\/\/vieassociative.be\/actualites\/#website"},"primaryImageOfPage":{"@id":"https:\/\/vieassociative.be\/actualites\/diables-rouges-garcia-convoque-de-jeunes-talents-comme-de-cat-godts-et-stassin-pour-le-camp-dentrainement-aux-usa\/#primaryimage"},"image":{"@id":"https:\/\/vieassociative.be\/actualites\/diables-rouges-garcia-convoque-de-jeunes-talents-comme-de-cat-godts-et-stassin-pour-le-camp-dentrainement-aux-usa\/#primaryimage"},"thumbnailUrl":"https:\/\/vieassociative.be\/actualites\/wp-content\/uploads\/2026\/03\/Diables-Rouges-Garcia-convoque-de-jeunes-talents.jpg","datePublished":"2026-03-20T15:17:27+00:00","dateModified":"2026-03-20T15:17:27+00:00","breadcrumb":{"@id":"https:\/\/vieassociative.be\/actualites\/diables-rouges-garcia-convoque-de-jeunes-talents-comme-de-cat-godts-et-stassin-pour-le-camp-dentrainement-aux-usa\/#breadcrumb"},"inLanguage":"fr-BE","potentialAction":[{"@type":"ReadAction","target":["https:\/\/vieassociative.be\/actualites\/diables-rouges-garcia-convoque-de-jeunes-talents-comme-de-cat-godts-et-stassin-pour-le-camp-dentrainement-aux-usa\/"]}]},{"@type":"ImageObject","inLanguage":"fr-BE","@id":"https:\/\/vieassociative.be\/actualites\/diables-rouges-garcia-convoque-de-jeunes-talents-comme-de-cat-godts-et-stassin-pour-le-camp-dentrainement-aux-usa\/#primaryimage","url":"https:\/\/vieassociative.be\/actualites\/wp-content\/uploads\/2026\/03\/Diables-Rouges-Garcia-convoque-de-jeunes-talents.jpg","contentUrl":"https:\/\/vieassociative.be\/actualites\/wp-content\/uploads\/2026\/03\/Diables-Rouges-Garcia-convoque-de-jeunes-talents.jpg","width":1200,"height":800,"caption":"Diables Rouges : Garcia convoque de \u00ab jeunes talents \u00bb comme De Cat, Godts et Stassin pour le camp d'entra\u00eenement aux USA"},{"@type":"BreadcrumbList","@id":"https:\/\/vieassociative.be\/actualites\/diables-rouges-garcia-convoque-de-jeunes-talents-comme-de-cat-godts-et-stassin-pour-le-camp-dentrainement-aux-usa\/#breadcrumb","itemListElement":[{"@type":"ListItem","position":1,"name":"Accueil","item":"https:\/\/vieassociative.be\/actualites\/"},{"@type":"ListItem","position":2,"name":"Diables Rouges : Garcia convoque de \u00ab jeunes talents \u00bb comme De Cat, Godts et Stassin pour le camp d&rsquo;entra\u00eenement aux USA"}]},{"@type":"WebSite","@id":"https:\/\/vieassociative.be\/actualites\/#website","url":"https:\/\/vieassociative.be\/actualites\/","name":"Vie Associative","description":"","publisher":{"@id":"https:\/\/vieassociative.be\/actualites\/#organization"},"potentialAction":[{"@type":"SearchAction","target":{"@type":"EntryPoint","urlTemplate":"https:\/\/vieassociative.be\/actualites\/?s={search_term_string}"},"query-input":{"@type":"PropertyValueSpecification","valueRequired":true,"valueName":"search_term_string"}}],"inLanguage":"fr-BE"},{"@type":"Organization","@id":"https:\/\/vieassociative.be\/actualites\/#organization","name":"Vie Associative","url":"https:\/\/vieassociative.be\/actualites\/","logo":{"@type":"ImageObject","inLanguage":"fr-BE","@id":"https:\/\/vieassociative.be\/actualites\/#\/schema\/logo\/image\/","url":"https:\/\/vieassociative.be\/actualites\/wp-content\/uploads\/2024\/09\/cropped-vieassociative_favicon.ico.png","contentUrl":"https:\/\/vieassociative.be\/actualites\/wp-content\/uploads\/2024\/09\/cropped-vieassociative_favicon.ico.png","width":512,"height":512,"caption":"Vie Associative"},"image":{"@id":"https:\/\/vieassociative.be\/actualites\/#\/schema\/logo\/image\/"}},{"@type":"Person","@id":"https:\/\/vieassociative.be\/actualites\/#\/schema\/person\/b87ac4f82f9d4e7b7cec7395b679edc4","name":"Julien","image":{"@type":"ImageObject","inLanguage":"fr-BE","@id":"https:\/\/vieassociative.be\/actualites\/#\/schema\/person\/image\/","url":"https:\/\/vieassociative.be\/actualites\/wp-content\/uploads\/2024\/09\/vie-associative-1-150x150.jpg","contentUrl":"https:\/\/vieassociative.be\/actualites\/wp-content\/uploads\/2024\/09\/vie-associative-1-150x150.jpg","caption":"Julien"},"description":"Je suis Julien, r\u00e9dacteur pour Vie Associative. Passionn\u00e9 par le monde associatif depuis plus de 10 ans, j'ai \u00e0 c\u0153ur de partager des histoires inspirantes et de mettre en lumi\u00e8re les initiatives locales. Mon objectif est de sensibiliser et d'encourager l'engagement communautaire \u00e0 travers mes articles.","sameAs":["https:\/\/vieassociative.be\/"]}]}},"_links":{"self":[{"href":"https:\/\/vieassociative.be\/actualites\/wp-json\/wp\/v2\/posts\/13109"}],"collection":[{"href":"https:\/\/vieassociative.be\/actualites\/wp-json\/wp\/v2\/posts"}],"about":[{"href":"https:\/\/vieassociative.be\/actualites\/wp-json\/wp\/v2\/types\/post"}],"author":[{"embeddable":true,"href":"https:\/\/vieassociative.be\/actualites\/wp-json\/wp\/v2\/users\/1"}],"replies":[{"embeddable":true,"href":"https:\/\/vieassociative.be\/actualites\/wp-json\/wp\/v2\/comments?post=13109"}],"version-history":[{"count":0,"href":"https:\/\/vieassociative.be\/actualites\/wp-json\/wp\/v2\/posts\/13109\/revisions"}],"wp:featuredmedia":[{"embeddable":true,"href":"https:\/\/vieassociative.be\/actualites\/wp-json\/wp\/v2\/media\/13110"}],"wp:attachment":[{"href":"https:\/\/vieassociative.be\/actualites\/wp-json\/wp\/v2\/media?parent=13109"}],"wp:term":[{"taxonomy":"category","embeddable":true,"href":"https:\/\/vieassociative.be\/actualites\/wp-json\/wp\/v2\/categories?post=13109"},{"taxonomy":"post_tag","embeddable":true,"href":"https:\/\/vieassociative.be\/actualites\/wp-json\/wp\/v2\/tags?post=13109"}],"curies":[{"name":"wp","href":"https:\/\/api.w.org\/{rel}","templated":true}]}}