{"id":13107,"date":"2026-03-20T15:18:10","date_gmt":"2026-03-20T14:18:10","guid":{"rendered":"https:\/\/vieassociative.be\/actualites\/ces-ecouteurs-powerbeats-pro-2-tres-apprecies-sont-en-vente-a-60-de-reduction-des-maintenant\/"},"modified":"2026-03-20T15:18:10","modified_gmt":"2026-03-20T14:18:10","slug":"ces-ecouteurs-powerbeats-pro-2-tres-apprecies-sont-en-vente-a-60-de-reduction-des-maintenant","status":"publish","type":"post","link":"https:\/\/vieassociative.be\/actualites\/ces-ecouteurs-powerbeats-pro-2-tres-apprecies-sont-en-vente-a-60-de-reduction-des-maintenant\/","title":{"rendered":"Ces \u00e9couteurs Powerbeats Pro 2 tr\u00e8s appr\u00e9ci\u00e9s sont en vente \u00e0 60 % de r\u00e9duction d\u00e8s maintenant"},"content":{"rendered":"<p>Nous pouvons gagner une commission sur les liens sur cette page. Les prix et la disponibilit\u00e9 de l&rsquo;offre sont sujets \u00e0 changement apr\u00e8s la publication.<\/p>\n<p>Les Beats Powerbeats Pro 2 ont \u00e9t\u00e9 lanc\u00e9s en f\u00e9vrier 2025 \u00e0 249,99 $, les mettant en concurrence directe avec les AirPods Pro 2. Ils sont actuellement \u00e0 249,99 $. <strong>99,99\u00a0$<\/strong> sur Woot \u2013 une baisse de 150 $, soit environ 60 % de r\u00e9duction \u2013 et le prix le plus bas enregistr\u00e9 jusqu&rsquo;\u00e0 pr\u00e9sent, selon les trackers de prix. L&rsquo;accord devrait durer trois jours ou jusqu&rsquo;\u00e0 \u00e9puisement des stocks. La livraison est gratuite pour les membres Prime (ou 6 $ sinon), mais Woot ne livre pas aux adresses de l&rsquo;Alaska, d&rsquo;Hawa\u00ef ou des bo\u00eetes postales.<\/p>\n<div class=\"pogoClear mb-12 mt-10 rounded-md border-2 border-gray-100 py-7 shadow-xl md:py-6\">\n<div class=\"flex flex-wrap justify-between px-7 text-black no-underline md:flex-nowrap md:px-8\">\n<div class=\"order-1 mx-auto flex flex-col justify-center md:order-2 md:ml-4 md:w-full md:grow\">\n<div class=\"block cursor-pointer text-center font-akshar text-2xl font-medium leading-7 text-brand-green duration-200 ease-in-out hover:text-brand-green-700 md:text-left md:text-xl md:leading-6\">Beats Powerbeats Pro 2\n                <\/div>\n<div class=\"mt-4 hidden md:flex md:justify-between\">\n<div class=\"self-end\">\n<div class=\"mb-0 h-11 md:flex md:flex-col md:justify-center\">\n<div class=\" font-sans leading-4 text-black\">\n<div class=\"flex flex-wrap items-center justify-center gap-1 md:justify-start\">\n        <span class=\"font-bold\"><\/p>\n<p>            99,99\u00a0$<br \/>\n                    <\/span>\n            <\/div>\n<div class=\"flex items-center justify-center gap-x-1 font-bold md:justify-start\">\n            <span class=\"text-sm line-through\">249,99\u00a0$<\/span><br \/>\n            <span class=\"text-sm text-brand-green\">\u00c9conomisez 150,00\u00a0$<\/span>\n        <\/div>\n<\/p><\/div>\n<\/p><\/div>\n<\/p><\/div>\n<div class=\"w-44 self-end\">\n                            <button class=\"flex justify-center items-center w-full bg-brand-green text-white text-base font-sans font-medium rounded-md hover:bg-brand-green-700 hover:cursor-pointer md:text-sm h-11\"><\/p>\n<p>    Obtenez une offre<br \/>\n<\/button>\n                        <\/div>\n<\/p><\/div>\n<\/p><\/div>\n<div class=\"order-2 mt-5 h-auto w-full md:order-1 md:mt-0 md:hidden\">\n<div class=\"flex aspect-video items-center justify-center\">\n                                            <img decoding=\"async\" class=\"m-0 max-h-full max-w-full rounded-md\" src=\"https:\/\/vieassociative.be\/actualites\/wp-content\/uploads\/2026\/03\/Ces-ecouteurs-Powerbeats-Pro-2-tres-apprecies-sont-en-vente.png\" alt=\"Beats Powerbeats Pro 2\" width=\"auto\" height=\"auto\" loading=\"lazy\">\n                                    <\/div>\n<\/p><\/div>\n<div class=\"order-2 ml-2 hidden w-32 shrink-0 items-center md:order-1 md:ml-0 md:flex\">\n<div class=\"flex aspect-video items-center justify-center\">\n                                            <img decoding=\"async\" class=\"m-0 max-h-full max-w-full rounded-md\" src=\"https:\/\/vieassociative.be\/actualites\/wp-content\/uploads\/2026\/03\/Ces-ecouteurs-Powerbeats-Pro-2-tres-apprecies-sont-en-vente.png\" alt=\"Beats Powerbeats Pro 2\" width=\"auto\" height=\"auto\" loading=\"lazy\">\n                                    <\/div>\n<\/p><\/div>\n<div class=\"order-3 flex grow flex-wrap md:hidden md:grow-0\">\n<div class=\"mt-4 w-full\">\n                        <button class=\"flex justify-center items-center w-full bg-brand-green text-white text-base font-sans font-medium rounded-md hover:bg-brand-green-700 hover:cursor-pointer md:text-sm h-11\"><\/p>\n<p>    Obtenez une offre<br \/>\n<\/button>\n                    <\/div>\n<div class=\"mx-2 mt-4 w-full\">\n<div class=\" font-sans leading-4 text-black\">\n<div class=\"flex flex-wrap items-center justify-center gap-1 md:justify-start\">\n        <span class=\"font-bold\"><\/p>\n<p>            99,99\u00a0$<br \/>\n                    <\/span>\n            <\/div>\n<div class=\"flex items-center justify-center gap-x-1 font-bold md:justify-start\">\n            <span class=\"text-sm line-through\">249,99\u00a0$<\/span><br \/>\n            <span class=\"text-sm text-brand-green\">\u00c9conomisez 150,00\u00a0$<\/span>\n        <\/div>\n<\/p><\/div>\n<\/p><\/div>\n<\/p><\/div>\n<\/p><\/div>\n<\/div>\n<p>Ceux-ci sont d\u2019abord con\u00e7us pour les entra\u00eenements, et vous pouvez le ressentir dans la conception. Les crochets d&rsquo;oreille en alliage de nickel et de titane s&rsquo;incurvent autour de vos oreilles et restent en place, que vous couriez, souleviez des poids ou que vous vous d\u00e9placiez beaucoup, sans cette sensation de rigidit\u00e9 et de serrage excessif que procurent certains \u00e9couteurs de sport. De plus, vous disposez de quatre tailles d\u2019embouts auriculaires, qui contribuent \u00e0 cr\u00e9er une \u00e9tanch\u00e9it\u00e9 appropri\u00e9e pour une suppression active du bruit et un meilleur son. Il existe \u00e9galement un mode transparence, utile si vous courez \u00e0 l&rsquo;ext\u00e9rieur et avez besoin d&rsquo;entendre la circulation. En ce qui concerne les commandes, les Powerbeats 2 Pro disposent de boutons physiques sur chaque \u00e9couteur, ce qui les rend plus faciles \u00e0 utiliser en cours d&rsquo;entra\u00eenement lorsque vos mains sont moites. Ils sont class\u00e9s IPX4, donc la sueur ou un peu de pluie ne sera pas un probl\u00e8me.<\/p>\n<p>Les mettre en service est simple, et si vous souhaitez une proc\u00e9dure pas \u00e0 pas, Vie Associative propose un guide d\u00e9taill\u00e9 qui explique comment configurer et affiner chaque fonctionnalit\u00e9 du Powerbeats Pro 2. En termes de son, ils penchent vers un profil plus percutant et plus grave, qui fonctionne bien si vos listes de lecture sont riches en hip-hop ou en musique \u00e9lectronique, mais peut sembler un peu trop bruyant si vous pr\u00e9f\u00e9rez quelque chose de plus plat. Et comme il n\u2019y a pas d\u2019\u00e9galiseur, vous \u00eates coinc\u00e9 avec le r\u00e9glage par d\u00e9faut. <\/p>\n<p>Le suivi de la fr\u00e9quence cardiaque semble \u00eatre un bonus appr\u00e9ciable, mais il ne reste pas toujours coh\u00e9rent, surtout si votre t\u00e9l\u00e9phone jongle simultan\u00e9ment avec la musique et les applications d&rsquo;entra\u00eenement, selon notre r\u00e9dactrice en chef de la sant\u00e9, Beth Skwarecki. Du c\u00f4t\u00e9 positif, vous obtenez environ huit \u00e0 10 heures avec une seule charge, et le bo\u00eetier \u00e9tend cette dur\u00e9e \u00e0 environ 45 heures, vous ne pensez donc pas constamment \u00e0 la dur\u00e9e de vie de la batterie.<\/p>\n<hr>\n<div class=\" relative flex justify-center py-16 md:left-1\/2 md:w-(780px) md:max-w-max md:-translate-x-1\/2\">\n<div class=\"w-max text-center sm:text-left\">\n<div class=\"custom-gradient-background mb-6 rounded-md p-(2px) sm:rounded-tl-none\">\n<div class=\"flex flex-col rounded bg-white sm:rounded-tl-none\">\n                    <span class=\"-mt-4 block w-fit max-w-(calc(100%-1rem)) self-center bg-white px-3 text-center font-akshar text-xl font-medium capitalize text-gray-800 sm:max-w-(calc(100%-2.5rem)) sm:self-start sm:px-10 sm:text-left sm:text-2xl\">Nos meilleures offres technologiques approuv\u00e9es par les \u00e9diteurs en ce moment<\/span><\/p>\n<div class=\"flex flex-col gap-3 p-3 pb-4 text-sm sm:p-10 sm:pt-6 sm:text-justify sm:text-base\">\n<div>\n<p>    \u00c9couteurs sans fil \u00e0 suppression active du bruit Apple AirPods 4<\/p>\n<p>                                <span class=\"text-black\"><br \/>\n                                    \u2014<br \/>\n                                    <span class=\"font-bold\">148,99\u00a0$<\/span><br \/>\n                                    <span class=\"!text-xs italic sm:!text-sm\"><\/p>\n<p>                                        (Prix catalogue 179,00 $)<br \/>\n                                    <\/span><br \/>\n                                <\/span>\n                            <\/div>\n<div>\n<p>    Apple iPad 11&Prime; 128 Go A16 WiFi Tablette (Bleu, 2025)<\/p>\n<p>                                <span class=\"text-black\"><br \/>\n                                    \u2014<br \/>\n                                    <span class=\"font-bold\">299,00\u00a0$<\/span><br \/>\n                                    <span class=\"!text-xs italic sm:!text-sm\"><\/p>\n<p>                                        (Prix catalogue 349,00 $)<br \/>\n                                    <\/span><br \/>\n                                <\/span>\n                            <\/div>\n<div>\n<p>    Sony WH1000XM6 \u2013 Meilleur casque sans fil \u00e0 r\u00e9duction de bruit<\/p>\n<p>                                <span class=\"text-black\"><br \/>\n                                    \u2014<br \/>\n                                    <span class=\"font-bold\">398,00\u00a0$<\/span><br \/>\n                                    <span class=\"!text-xs italic sm:!text-sm\"><\/p>\n<p>                                        (Prix catalogue 459,99 $)<br \/>\n                                    <\/span><br \/>\n                                <\/span>\n                            <\/div>\n<div>\n<p>    Apple Watch Series 11 (GPS, 42 mm, bracelet sport noir S\/M)<\/p>\n<p>                                <span class=\"text-black\"><br \/>\n                                    \u2014<br \/>\n                                    <span class=\"font-bold\">299,00\u00a0$<\/span><br \/>\n                                    <span class=\"!text-xs italic sm:!text-sm\"><\/p>\n<p>                                        (Prix catalogue 399,00 $)<br \/>\n                                    <\/span><br \/>\n                                <\/span>\n                            <\/div>\n<div>\n<p>    Sonnette vid\u00e9o sans fil Blink (mod\u00e8le le plus r\u00e9cent) + module de synchronisation<\/p>\n<p>                                <span class=\"text-black\"><br \/>\n                                    \u2014<br \/>\n                                    <span class=\"font-bold\">35,99\u00a0$<\/span><br \/>\n                                    <span class=\"!text-xs italic sm:!text-sm\"><\/p>\n<p>                                        (Prix catalogue 69,99 $)<br \/>\n                                    <\/span><br \/>\n                                <\/span>\n                            <\/div>\n<div>\n<p>    Cam\u00e9ra de s\u00e9curit\u00e9 filaire Ring Indoor Cam Plus 2K (Blanc)<\/p>\n<p>                                <span class=\"text-black\"><br \/>\n                                    \u2014<br \/>\n                                    <span class=\"font-bold\">39,99\u00a0$<\/span><br \/>\n                                    <span class=\"!text-xs italic sm:!text-sm\"><\/p>\n<p>                                        (Prix catalogue 59,99 $)<br \/>\n                                    <\/span><br \/>\n                                <\/span>\n                            <\/div>\n<div>\n<p>    Lecteur de streaming Fire TV Stick 4K Max avec t\u00e9l\u00e9commande<\/p>\n<p>                                <span class=\"text-black\"><br \/>\n                                    \u2014<br \/>\n                                    <span class=\"font-bold\">34,99\u00a0$<\/span><br \/>\n                                    <span class=\"!text-xs italic sm:!text-sm\"><\/p>\n<p>                                        (Prix catalogue 59,99 $)<br \/>\n                                    <\/span><br \/>\n                                <\/span>\n                            <\/div>\n<\/p><\/div>\n<\/p><\/div>\n<\/p><\/div>\n<div class=\"flex flex-col items-center justify-between text-black sm:flex-row sm:px-6\">\n                <span class=\"text-xs italic sm:ml-7 sm:text-sm\">Les offres sont s\u00e9lectionn\u00e9es par notre \u00e9quipe commerciale<\/span><\/p><\/div>\n<\/p><\/div>\n<\/p><\/div>\n","protected":false},"excerpt":{"rendered":"<p>Nous pouvons gagner une commission sur les liens sur cette page. Les prix et la disponibilit\u00e9 de l&rsquo;offre sont sujets \u00e0 changement apr\u00e8s la publication.<\/p>\n","protected":false},"author":1,"featured_media":13108,"comment_status":"","ping_status":"","sticky":false,"template":"","format":"standard","meta":{"footnotes":""},"categories":[13],"tags":[10296,248,29,1537,233,5296,630,308,18,2493,223],"class_list":["post-13107","post","type-post","status-publish","format-standard","has-post-thumbnail","hentry","category-technologie","tag-apprecies","tag-ces","tag-des","tag-ecouteurs","tag-maintenant","tag-powerbeats","tag-pro","tag-reduction","tag-sont","tag-tres","tag-vente","generate-columns","tablet-grid-50","mobile-grid-100","grid-parent","grid-33"],"yoast_head":"<!-- This site is optimized with the Yoast SEO plugin v24.0 - https:\/\/yoast.com\/wordpress\/plugins\/seo\/ -->\n<title>Ces \u00e9couteurs Powerbeats Pro 2 tr\u00e8s appr\u00e9ci\u00e9s sont en vente \u00e0 60 % de r\u00e9duction d\u00e8s maintenant | Vie Associative<\/title>\n<meta name=\"robots\" content=\"index, follow, max-snippet:-1, max-image-preview:large, max-video-preview:-1\" \/>\n<link rel=\"canonical\" href=\"https:\/\/vieassociative.be\/actualites\/ces-ecouteurs-powerbeats-pro-2-tres-apprecies-sont-en-vente-a-60-de-reduction-des-maintenant\/\" \/>\n<meta property=\"og:locale\" content=\"fr_FR\" \/>\n<meta property=\"og:type\" content=\"article\" \/>\n<meta property=\"og:title\" content=\"Ces \u00e9couteurs Powerbeats Pro 2 tr\u00e8s appr\u00e9ci\u00e9s sont en vente \u00e0 60 % de r\u00e9duction d\u00e8s maintenant | Vie Associative\" \/>\n<meta property=\"og:description\" content=\"Nous pouvons gagner une commission sur les liens sur cette page. Les prix et la disponibilit\u00e9 de l&rsquo;offre sont sujets \u00e0 changement apr\u00e8s la publication.\" \/>\n<meta property=\"og:url\" content=\"https:\/\/vieassociative.be\/actualites\/ces-ecouteurs-powerbeats-pro-2-tres-apprecies-sont-en-vente-a-60-de-reduction-des-maintenant\/\" \/>\n<meta property=\"og:site_name\" content=\"Vie Associative\" \/>\n<meta property=\"article:published_time\" content=\"2026-03-20T14:18:10+00:00\" \/>\n<meta property=\"og:image\" content=\"https:\/\/vieassociative.be\/actualites\/wp-content\/uploads\/2026\/03\/Ces-ecouteurs-Powerbeats-Pro-2-tres-apprecies-sont-en-vente.png\" \/>\n<meta name=\"author\" content=\"Julien\" \/>\n<meta name=\"twitter:card\" content=\"summary_large_image\" \/>\n<meta name=\"twitter:label1\" content=\"\u00c9crit par\" \/>\n\t<meta name=\"twitter:data1\" content=\"Julien\" \/>\n\t<meta name=\"twitter:label2\" content=\"Dur\u00e9e de lecture est.\" \/>\n\t<meta name=\"twitter:data2\" content=\"3 minutes\" \/>\n<script type=\"application\/ld+json\" class=\"yoast-schema-graph\">{\"@context\":\"https:\/\/schema.org\",\"@graph\":[{\"@type\":\"Article\",\"@id\":\"https:\/\/vieassociative.be\/actualites\/ces-ecouteurs-powerbeats-pro-2-tres-apprecies-sont-en-vente-a-60-de-reduction-des-maintenant\/#article\",\"isPartOf\":{\"@id\":\"https:\/\/vieassociative.be\/actualites\/ces-ecouteurs-powerbeats-pro-2-tres-apprecies-sont-en-vente-a-60-de-reduction-des-maintenant\/\"},\"author\":{\"name\":\"Julien\",\"@id\":\"https:\/\/vieassociative.be\/actualites\/#\/schema\/person\/b87ac4f82f9d4e7b7cec7395b679edc4\"},\"headline\":\"Ces \u00e9couteurs Powerbeats Pro 2 tr\u00e8s appr\u00e9ci\u00e9s sont en vente \u00e0 60 % de r\u00e9duction d\u00e8s maintenant\",\"datePublished\":\"2026-03-20T14:18:10+00:00\",\"dateModified\":\"2026-03-20T14:18:10+00:00\",\"mainEntityOfPage\":{\"@id\":\"https:\/\/vieassociative.be\/actualites\/ces-ecouteurs-powerbeats-pro-2-tres-apprecies-sont-en-vente-a-60-de-reduction-des-maintenant\/\"},\"wordCount\":607,\"publisher\":{\"@id\":\"https:\/\/vieassociative.be\/actualites\/#organization\"},\"image\":{\"@id\":\"https:\/\/vieassociative.be\/actualites\/ces-ecouteurs-powerbeats-pro-2-tres-apprecies-sont-en-vente-a-60-de-reduction-des-maintenant\/#primaryimage\"},\"thumbnailUrl\":\"https:\/\/vieassociative.be\/actualites\/wp-content\/uploads\/2026\/03\/1774016291_Ces-ecouteurs-Powerbeats-Pro-2-tres-apprecies-sont-en-vente.png\",\"keywords\":[\"appr\u00e9ci\u00e9s\",\"ces\",\"Des\",\"\u00e9couteurs\",\"maintenant\",\"Powerbeats\",\"Pro\",\"r\u00e9duction\",\"sont\",\"tr\u00e8s\",\"vente\"],\"articleSection\":[\"Technologie\"],\"inLanguage\":\"fr-BE\"},{\"@type\":\"WebPage\",\"@id\":\"https:\/\/vieassociative.be\/actualites\/ces-ecouteurs-powerbeats-pro-2-tres-apprecies-sont-en-vente-a-60-de-reduction-des-maintenant\/\",\"url\":\"https:\/\/vieassociative.be\/actualites\/ces-ecouteurs-powerbeats-pro-2-tres-apprecies-sont-en-vente-a-60-de-reduction-des-maintenant\/\",\"name\":\"Ces \u00e9couteurs Powerbeats Pro 2 tr\u00e8s appr\u00e9ci\u00e9s sont en vente \u00e0 60 % de r\u00e9duction d\u00e8s maintenant | Vie Associative\",\"isPartOf\":{\"@id\":\"https:\/\/vieassociative.be\/actualites\/#website\"},\"primaryImageOfPage\":{\"@id\":\"https:\/\/vieassociative.be\/actualites\/ces-ecouteurs-powerbeats-pro-2-tres-apprecies-sont-en-vente-a-60-de-reduction-des-maintenant\/#primaryimage\"},\"image\":{\"@id\":\"https:\/\/vieassociative.be\/actualites\/ces-ecouteurs-powerbeats-pro-2-tres-apprecies-sont-en-vente-a-60-de-reduction-des-maintenant\/#primaryimage\"},\"thumbnailUrl\":\"https:\/\/vieassociative.be\/actualites\/wp-content\/uploads\/2026\/03\/1774016291_Ces-ecouteurs-Powerbeats-Pro-2-tres-apprecies-sont-en-vente.png\",\"datePublished\":\"2026-03-20T14:18:10+00:00\",\"dateModified\":\"2026-03-20T14:18:10+00:00\",\"breadcrumb\":{\"@id\":\"https:\/\/vieassociative.be\/actualites\/ces-ecouteurs-powerbeats-pro-2-tres-apprecies-sont-en-vente-a-60-de-reduction-des-maintenant\/#breadcrumb\"},\"inLanguage\":\"fr-BE\",\"potentialAction\":[{\"@type\":\"ReadAction\",\"target\":[\"https:\/\/vieassociative.be\/actualites\/ces-ecouteurs-powerbeats-pro-2-tres-apprecies-sont-en-vente-a-60-de-reduction-des-maintenant\/\"]}]},{\"@type\":\"ImageObject\",\"inLanguage\":\"fr-BE\",\"@id\":\"https:\/\/vieassociative.be\/actualites\/ces-ecouteurs-powerbeats-pro-2-tres-apprecies-sont-en-vente-a-60-de-reduction-des-maintenant\/#primaryimage\",\"url\":\"https:\/\/vieassociative.be\/actualites\/wp-content\/uploads\/2026\/03\/1774016291_Ces-ecouteurs-Powerbeats-Pro-2-tres-apprecies-sont-en-vente.png\",\"contentUrl\":\"https:\/\/vieassociative.be\/actualites\/wp-content\/uploads\/2026\/03\/1774016291_Ces-ecouteurs-Powerbeats-Pro-2-tres-apprecies-sont-en-vente.png\",\"width\":1200,\"height\":675,\"caption\":\"Ces \u00e9couteurs Powerbeats Pro 2 tr\u00e8s appr\u00e9ci\u00e9s sont en vente \u00e0 60 % de r\u00e9duction d\u00e8s maintenant\"},{\"@type\":\"BreadcrumbList\",\"@id\":\"https:\/\/vieassociative.be\/actualites\/ces-ecouteurs-powerbeats-pro-2-tres-apprecies-sont-en-vente-a-60-de-reduction-des-maintenant\/#breadcrumb\",\"itemListElement\":[{\"@type\":\"ListItem\",\"position\":1,\"name\":\"Accueil\",\"item\":\"https:\/\/vieassociative.be\/actualites\/\"},{\"@type\":\"ListItem\",\"position\":2,\"name\":\"Ces \u00e9couteurs Powerbeats Pro 2 tr\u00e8s appr\u00e9ci\u00e9s sont en vente \u00e0 60 % de r\u00e9duction d\u00e8s maintenant\"}]},{\"@type\":\"WebSite\",\"@id\":\"https:\/\/vieassociative.be\/actualites\/#website\",\"url\":\"https:\/\/vieassociative.be\/actualites\/\",\"name\":\"Vie Associative\",\"description\":\"\",\"publisher\":{\"@id\":\"https:\/\/vieassociative.be\/actualites\/#organization\"},\"potentialAction\":[{\"@type\":\"SearchAction\",\"target\":{\"@type\":\"EntryPoint\",\"urlTemplate\":\"https:\/\/vieassociative.be\/actualites\/?s={search_term_string}\"},\"query-input\":{\"@type\":\"PropertyValueSpecification\",\"valueRequired\":true,\"valueName\":\"search_term_string\"}}],\"inLanguage\":\"fr-BE\"},{\"@type\":\"Organization\",\"@id\":\"https:\/\/vieassociative.be\/actualites\/#organization\",\"name\":\"Vie Associative\",\"url\":\"https:\/\/vieassociative.be\/actualites\/\",\"logo\":{\"@type\":\"ImageObject\",\"inLanguage\":\"fr-BE\",\"@id\":\"https:\/\/vieassociative.be\/actualites\/#\/schema\/logo\/image\/\",\"url\":\"https:\/\/vieassociative.be\/actualites\/wp-content\/uploads\/2024\/09\/cropped-vieassociative_favicon.ico.png\",\"contentUrl\":\"https:\/\/vieassociative.be\/actualites\/wp-content\/uploads\/2024\/09\/cropped-vieassociative_favicon.ico.png\",\"width\":512,\"height\":512,\"caption\":\"Vie Associative\"},\"image\":{\"@id\":\"https:\/\/vieassociative.be\/actualites\/#\/schema\/logo\/image\/\"}},{\"@type\":\"Person\",\"@id\":\"https:\/\/vieassociative.be\/actualites\/#\/schema\/person\/b87ac4f82f9d4e7b7cec7395b679edc4\",\"name\":\"Julien\",\"image\":{\"@type\":\"ImageObject\",\"inLanguage\":\"fr-BE\",\"@id\":\"https:\/\/vieassociative.be\/actualites\/#\/schema\/person\/image\/\",\"url\":\"https:\/\/vieassociative.be\/actualites\/wp-content\/uploads\/2024\/09\/vie-associative-1-150x150.jpg\",\"contentUrl\":\"https:\/\/vieassociative.be\/actualites\/wp-content\/uploads\/2024\/09\/vie-associative-1-150x150.jpg\",\"caption\":\"Julien\"},\"description\":\"Je suis Julien, r\u00e9dacteur pour Vie Associative. Passionn\u00e9 par le monde associatif depuis plus de 10 ans, j'ai \u00e0 c\u0153ur de partager des histoires inspirantes et de mettre en lumi\u00e8re les initiatives locales. Mon objectif est de sensibiliser et d'encourager l'engagement communautaire \u00e0 travers mes articles.\",\"sameAs\":[\"https:\/\/vieassociative.be\/\"]}]}<\/script>\n<!-- \/ Yoast SEO plugin. -->","yoast_head_json":{"title":"Ces \u00e9couteurs Powerbeats Pro 2 tr\u00e8s appr\u00e9ci\u00e9s sont en vente \u00e0 60 % de r\u00e9duction d\u00e8s maintenant | Vie Associative","robots":{"index":"index","follow":"follow","max-snippet":"max-snippet:-1","max-image-preview":"max-image-preview:large","max-video-preview":"max-video-preview:-1"},"canonical":"https:\/\/vieassociative.be\/actualites\/ces-ecouteurs-powerbeats-pro-2-tres-apprecies-sont-en-vente-a-60-de-reduction-des-maintenant\/","og_locale":"fr_FR","og_type":"article","og_title":"Ces \u00e9couteurs Powerbeats Pro 2 tr\u00e8s appr\u00e9ci\u00e9s sont en vente \u00e0 60 % de r\u00e9duction d\u00e8s maintenant | Vie Associative","og_description":"Nous pouvons gagner une commission sur les liens sur cette page. Les prix et la disponibilit\u00e9 de l&rsquo;offre sont sujets \u00e0 changement apr\u00e8s la publication.","og_url":"https:\/\/vieassociative.be\/actualites\/ces-ecouteurs-powerbeats-pro-2-tres-apprecies-sont-en-vente-a-60-de-reduction-des-maintenant\/","og_site_name":"Vie Associative","article_published_time":"2026-03-20T14:18:10+00:00","og_image":[{"url":"https:\/\/vieassociative.be\/actualites\/wp-content\/uploads\/2026\/03\/Ces-ecouteurs-Powerbeats-Pro-2-tres-apprecies-sont-en-vente.png","type":"","width":"","height":""}],"author":"Julien","twitter_card":"summary_large_image","twitter_misc":{"\u00c9crit par":"Julien","Dur\u00e9e de lecture est.":"3 minutes"},"schema":{"@context":"https:\/\/schema.org","@graph":[{"@type":"Article","@id":"https:\/\/vieassociative.be\/actualites\/ces-ecouteurs-powerbeats-pro-2-tres-apprecies-sont-en-vente-a-60-de-reduction-des-maintenant\/#article","isPartOf":{"@id":"https:\/\/vieassociative.be\/actualites\/ces-ecouteurs-powerbeats-pro-2-tres-apprecies-sont-en-vente-a-60-de-reduction-des-maintenant\/"},"author":{"name":"Julien","@id":"https:\/\/vieassociative.be\/actualites\/#\/schema\/person\/b87ac4f82f9d4e7b7cec7395b679edc4"},"headline":"Ces \u00e9couteurs Powerbeats Pro 2 tr\u00e8s appr\u00e9ci\u00e9s sont en vente \u00e0 60 % de r\u00e9duction d\u00e8s maintenant","datePublished":"2026-03-20T14:18:10+00:00","dateModified":"2026-03-20T14:18:10+00:00","mainEntityOfPage":{"@id":"https:\/\/vieassociative.be\/actualites\/ces-ecouteurs-powerbeats-pro-2-tres-apprecies-sont-en-vente-a-60-de-reduction-des-maintenant\/"},"wordCount":607,"publisher":{"@id":"https:\/\/vieassociative.be\/actualites\/#organization"},"image":{"@id":"https:\/\/vieassociative.be\/actualites\/ces-ecouteurs-powerbeats-pro-2-tres-apprecies-sont-en-vente-a-60-de-reduction-des-maintenant\/#primaryimage"},"thumbnailUrl":"https:\/\/vieassociative.be\/actualites\/wp-content\/uploads\/2026\/03\/1774016291_Ces-ecouteurs-Powerbeats-Pro-2-tres-apprecies-sont-en-vente.png","keywords":["appr\u00e9ci\u00e9s","ces","Des","\u00e9couteurs","maintenant","Powerbeats","Pro","r\u00e9duction","sont","tr\u00e8s","vente"],"articleSection":["Technologie"],"inLanguage":"fr-BE"},{"@type":"WebPage","@id":"https:\/\/vieassociative.be\/actualites\/ces-ecouteurs-powerbeats-pro-2-tres-apprecies-sont-en-vente-a-60-de-reduction-des-maintenant\/","url":"https:\/\/vieassociative.be\/actualites\/ces-ecouteurs-powerbeats-pro-2-tres-apprecies-sont-en-vente-a-60-de-reduction-des-maintenant\/","name":"Ces \u00e9couteurs Powerbeats Pro 2 tr\u00e8s appr\u00e9ci\u00e9s sont en vente \u00e0 60 % de r\u00e9duction d\u00e8s maintenant | Vie Associative","isPartOf":{"@id":"https:\/\/vieassociative.be\/actualites\/#website"},"primaryImageOfPage":{"@id":"https:\/\/vieassociative.be\/actualites\/ces-ecouteurs-powerbeats-pro-2-tres-apprecies-sont-en-vente-a-60-de-reduction-des-maintenant\/#primaryimage"},"image":{"@id":"https:\/\/vieassociative.be\/actualites\/ces-ecouteurs-powerbeats-pro-2-tres-apprecies-sont-en-vente-a-60-de-reduction-des-maintenant\/#primaryimage"},"thumbnailUrl":"https:\/\/vieassociative.be\/actualites\/wp-content\/uploads\/2026\/03\/1774016291_Ces-ecouteurs-Powerbeats-Pro-2-tres-apprecies-sont-en-vente.png","datePublished":"2026-03-20T14:18:10+00:00","dateModified":"2026-03-20T14:18:10+00:00","breadcrumb":{"@id":"https:\/\/vieassociative.be\/actualites\/ces-ecouteurs-powerbeats-pro-2-tres-apprecies-sont-en-vente-a-60-de-reduction-des-maintenant\/#breadcrumb"},"inLanguage":"fr-BE","potentialAction":[{"@type":"ReadAction","target":["https:\/\/vieassociative.be\/actualites\/ces-ecouteurs-powerbeats-pro-2-tres-apprecies-sont-en-vente-a-60-de-reduction-des-maintenant\/"]}]},{"@type":"ImageObject","inLanguage":"fr-BE","@id":"https:\/\/vieassociative.be\/actualites\/ces-ecouteurs-powerbeats-pro-2-tres-apprecies-sont-en-vente-a-60-de-reduction-des-maintenant\/#primaryimage","url":"https:\/\/vieassociative.be\/actualites\/wp-content\/uploads\/2026\/03\/1774016291_Ces-ecouteurs-Powerbeats-Pro-2-tres-apprecies-sont-en-vente.png","contentUrl":"https:\/\/vieassociative.be\/actualites\/wp-content\/uploads\/2026\/03\/1774016291_Ces-ecouteurs-Powerbeats-Pro-2-tres-apprecies-sont-en-vente.png","width":1200,"height":675,"caption":"Ces \u00e9couteurs Powerbeats Pro 2 tr\u00e8s appr\u00e9ci\u00e9s sont en vente \u00e0 60 % de r\u00e9duction d\u00e8s maintenant"},{"@type":"BreadcrumbList","@id":"https:\/\/vieassociative.be\/actualites\/ces-ecouteurs-powerbeats-pro-2-tres-apprecies-sont-en-vente-a-60-de-reduction-des-maintenant\/#breadcrumb","itemListElement":[{"@type":"ListItem","position":1,"name":"Accueil","item":"https:\/\/vieassociative.be\/actualites\/"},{"@type":"ListItem","position":2,"name":"Ces \u00e9couteurs Powerbeats Pro 2 tr\u00e8s appr\u00e9ci\u00e9s sont en vente \u00e0 60 % de r\u00e9duction d\u00e8s maintenant"}]},{"@type":"WebSite","@id":"https:\/\/vieassociative.be\/actualites\/#website","url":"https:\/\/vieassociative.be\/actualites\/","name":"Vie Associative","description":"","publisher":{"@id":"https:\/\/vieassociative.be\/actualites\/#organization"},"potentialAction":[{"@type":"SearchAction","target":{"@type":"EntryPoint","urlTemplate":"https:\/\/vieassociative.be\/actualites\/?s={search_term_string}"},"query-input":{"@type":"PropertyValueSpecification","valueRequired":true,"valueName":"search_term_string"}}],"inLanguage":"fr-BE"},{"@type":"Organization","@id":"https:\/\/vieassociative.be\/actualites\/#organization","name":"Vie Associative","url":"https:\/\/vieassociative.be\/actualites\/","logo":{"@type":"ImageObject","inLanguage":"fr-BE","@id":"https:\/\/vieassociative.be\/actualites\/#\/schema\/logo\/image\/","url":"https:\/\/vieassociative.be\/actualites\/wp-content\/uploads\/2024\/09\/cropped-vieassociative_favicon.ico.png","contentUrl":"https:\/\/vieassociative.be\/actualites\/wp-content\/uploads\/2024\/09\/cropped-vieassociative_favicon.ico.png","width":512,"height":512,"caption":"Vie Associative"},"image":{"@id":"https:\/\/vieassociative.be\/actualites\/#\/schema\/logo\/image\/"}},{"@type":"Person","@id":"https:\/\/vieassociative.be\/actualites\/#\/schema\/person\/b87ac4f82f9d4e7b7cec7395b679edc4","name":"Julien","image":{"@type":"ImageObject","inLanguage":"fr-BE","@id":"https:\/\/vieassociative.be\/actualites\/#\/schema\/person\/image\/","url":"https:\/\/vieassociative.be\/actualites\/wp-content\/uploads\/2024\/09\/vie-associative-1-150x150.jpg","contentUrl":"https:\/\/vieassociative.be\/actualites\/wp-content\/uploads\/2024\/09\/vie-associative-1-150x150.jpg","caption":"Julien"},"description":"Je suis Julien, r\u00e9dacteur pour Vie Associative. Passionn\u00e9 par le monde associatif depuis plus de 10 ans, j'ai \u00e0 c\u0153ur de partager des histoires inspirantes et de mettre en lumi\u00e8re les initiatives locales. Mon objectif est de sensibiliser et d'encourager l'engagement communautaire \u00e0 travers mes articles.","sameAs":["https:\/\/vieassociative.be\/"]}]}},"_links":{"self":[{"href":"https:\/\/vieassociative.be\/actualites\/wp-json\/wp\/v2\/posts\/13107"}],"collection":[{"href":"https:\/\/vieassociative.be\/actualites\/wp-json\/wp\/v2\/posts"}],"about":[{"href":"https:\/\/vieassociative.be\/actualites\/wp-json\/wp\/v2\/types\/post"}],"author":[{"embeddable":true,"href":"https:\/\/vieassociative.be\/actualites\/wp-json\/wp\/v2\/users\/1"}],"replies":[{"embeddable":true,"href":"https:\/\/vieassociative.be\/actualites\/wp-json\/wp\/v2\/comments?post=13107"}],"version-history":[{"count":0,"href":"https:\/\/vieassociative.be\/actualites\/wp-json\/wp\/v2\/posts\/13107\/revisions"}],"wp:featuredmedia":[{"embeddable":true,"href":"https:\/\/vieassociative.be\/actualites\/wp-json\/wp\/v2\/media\/13108"}],"wp:attachment":[{"href":"https:\/\/vieassociative.be\/actualites\/wp-json\/wp\/v2\/media?parent=13107"}],"wp:term":[{"taxonomy":"category","embeddable":true,"href":"https:\/\/vieassociative.be\/actualites\/wp-json\/wp\/v2\/categories?post=13107"},{"taxonomy":"post_tag","embeddable":true,"href":"https:\/\/vieassociative.be\/actualites\/wp-json\/wp\/v2\/tags?post=13107"}],"curies":[{"name":"wp","href":"https:\/\/api.w.org\/{rel}","templated":true}]}}