{"id":13105,"date":"2026-03-20T10:16:56","date_gmt":"2026-03-20T09:16:56","guid":{"rendered":"https:\/\/vieassociative.be\/actualites\/kelmis-un-conducteur-rate-et-heurte-un-eleve-pilote\/"},"modified":"2026-03-20T10:16:56","modified_gmt":"2026-03-20T09:16:56","slug":"kelmis-un-conducteur-rate-et-heurte-un-eleve-pilote","status":"publish","type":"post","link":"https:\/\/vieassociative.be\/actualites\/kelmis-un-conducteur-rate-et-heurte-un-eleve-pilote\/","title":{"rendered":"Kelmis\u00a0: un conducteur rate et heurte un \u00e9l\u00e8ve-pilote"},"content":{"rendered":"<p><strong>La zone de police de Weser-G\u00f6hl a fait \u00e9tat de trois op\u00e9rations dans son rapport du jeudi 19 mars.<\/strong><\/p>\n<p><span id=\"more-437835\"><\/span><strong>\u2013 El\u00e8ve pilote approch\u00e9 :<\/strong> Le 18 mars, les services de la zone de police Weser-G\u00f6hl ont \u00e9t\u00e9 appel\u00e9s \u00e0 12h19 dans la Moresneter Stra\u00dfe \u00e0 Kelmis. car un accident de la route avec des bless\u00e9s s&rsquo;y \u00e9tait produit. Ici, un homme (74 ans) conduisait sa voiture dans la Moreseneter Stra\u00dfe en direction du centre de Kelmis. Il a n\u00e9glig\u00e9 un \u00e9l\u00e8ve-pilote (homme de 49 ans) qui se trouvait au passage pi\u00e9ton et l&rsquo;a heurt\u00e9. L&rsquo;\u00e9l\u00e8ve-pilote a \u00e9t\u00e9 transport\u00e9 \u00e0 l&rsquo;h\u00f4pital d&rsquo;Eupen par les secours avec des blessures l\u00e9g\u00e8res.<\/p>\n<p><strong>\u2013 V\u00e9hicule non immatricul\u00e9 :<\/strong> Le 18 mars \u00e0 16h53, une patrouille de police a remarqu\u00e9 une voiture gravement endommag\u00e9e dans la Herbesthaler Stra\u00dfe \u00e0 Eupen. Lors d&rsquo;un contr\u00f4le pr\u00e9liminaire des plaques d&rsquo;immatriculation appos\u00e9es, il s&rsquo;av\u00e8re que le v\u00e9hicule n&rsquo;est pas immatricul\u00e9. La voiture peut \u00eatre arr\u00eat\u00e9e. Lors d&rsquo;une v\u00e9rification plus approfondie des documents du v\u00e9hicule, il s&rsquo;av\u00e8re que le contr\u00f4le technique est expir\u00e9 depuis longtemps. Un proc\u00e8s-verbal sera \u00e9tabli aux frais du chauffeur.<\/p>\n<p><strong>\u2013 Trottinette \u00e9lectrique vol\u00e9e\u00a0:<\/strong> Le 18 mars 2026, un habitant de Kelmis, Hagenfeuer, signale que le scooter \u00e9lectrique, qui se trouvait dans le garage ouvert de sa r\u00e9sidence, a \u00e9t\u00e9 vol\u00e9 entre 16h00 et 17h00. et 20h00 le m\u00eame jour.<\/p>\n","protected":false},"excerpt":{"rendered":"<p>La zone de police de Weser-G\u00f6hl a fait \u00e9tat de trois op\u00e9rations dans son rapport du jeudi 19 mars. \u2013 El\u00e8ve pilote approch\u00e9 : Le<\/p>\n","protected":false},"author":1,"featured_media":13106,"comment_status":"","ping_status":"","sticky":false,"template":"","format":"standard","meta":{"footnotes":""},"categories":[298],"tags":[2646,10295,10048,3719,10294],"class_list":["post-13105","post","type-post","status-publish","format-standard","has-post-thumbnail","hentry","category-belgique","tag-conducteur","tag-elevepilote","tag-heurte","tag-kelmis","tag-rate","generate-columns","tablet-grid-50","mobile-grid-100","grid-parent","grid-33"],"yoast_head":"<!-- This site is optimized with the Yoast SEO plugin v24.0 - https:\/\/yoast.com\/wordpress\/plugins\/seo\/ -->\n<title>Kelmis\u00a0: un conducteur rate et heurte un \u00e9l\u00e8ve-pilote | Vie Associative<\/title>\n<meta name=\"robots\" content=\"index, follow, max-snippet:-1, max-image-preview:large, max-video-preview:-1\" \/>\n<link rel=\"canonical\" href=\"https:\/\/vieassociative.be\/actualites\/kelmis-un-conducteur-rate-et-heurte-un-eleve-pilote\/\" \/>\n<meta property=\"og:locale\" content=\"fr_FR\" \/>\n<meta property=\"og:type\" content=\"article\" \/>\n<meta property=\"og:title\" content=\"Kelmis\u00a0: un conducteur rate et heurte un \u00e9l\u00e8ve-pilote | Vie Associative\" \/>\n<meta property=\"og:description\" content=\"La zone de police de Weser-G\u00f6hl a fait \u00e9tat de trois op\u00e9rations dans son rapport du jeudi 19 mars. \u2013 El\u00e8ve pilote approch\u00e9 : Le\" \/>\n<meta property=\"og:url\" content=\"https:\/\/vieassociative.be\/actualites\/kelmis-un-conducteur-rate-et-heurte-un-eleve-pilote\/\" \/>\n<meta property=\"og:site_name\" content=\"Vie Associative\" \/>\n<meta property=\"article:published_time\" content=\"2026-03-20T09:16:56+00:00\" \/>\n<meta property=\"og:image\" content=\"https:\/\/vieassociative.be\/actualites\/wp-content\/uploads\/2024\/09\/header_backgroundk-01-e1726694325946.png\" \/>\n\t<meta property=\"og:image:width\" content=\"279\" \/>\n\t<meta property=\"og:image:height\" content=\"92\" \/>\n\t<meta property=\"og:image:type\" content=\"image\/png\" \/>\n<meta name=\"author\" content=\"Julien\" \/>\n<meta name=\"twitter:card\" content=\"summary_large_image\" \/>\n<meta name=\"twitter:label1\" content=\"\u00c9crit par\" \/>\n\t<meta name=\"twitter:data1\" content=\"Julien\" \/>\n\t<meta name=\"twitter:label2\" content=\"Dur\u00e9e de lecture est.\" \/>\n\t<meta name=\"twitter:data2\" content=\"1 minute\" \/>\n<script type=\"application\/ld+json\" class=\"yoast-schema-graph\">{\"@context\":\"https:\/\/schema.org\",\"@graph\":[{\"@type\":\"Article\",\"@id\":\"https:\/\/vieassociative.be\/actualites\/kelmis-un-conducteur-rate-et-heurte-un-eleve-pilote\/#article\",\"isPartOf\":{\"@id\":\"https:\/\/vieassociative.be\/actualites\/kelmis-un-conducteur-rate-et-heurte-un-eleve-pilote\/\"},\"author\":{\"name\":\"Julien\",\"@id\":\"https:\/\/vieassociative.be\/actualites\/#\/schema\/person\/b87ac4f82f9d4e7b7cec7395b679edc4\"},\"headline\":\"Kelmis\u00a0: un conducteur rate et heurte un \u00e9l\u00e8ve-pilote\",\"datePublished\":\"2026-03-20T09:16:56+00:00\",\"dateModified\":\"2026-03-20T09:16:56+00:00\",\"mainEntityOfPage\":{\"@id\":\"https:\/\/vieassociative.be\/actualites\/kelmis-un-conducteur-rate-et-heurte-un-eleve-pilote\/\"},\"wordCount\":258,\"publisher\":{\"@id\":\"https:\/\/vieassociative.be\/actualites\/#organization\"},\"image\":{\"@id\":\"https:\/\/vieassociative.be\/actualites\/kelmis-un-conducteur-rate-et-heurte-un-eleve-pilote\/#primaryimage\"},\"thumbnailUrl\":\"https:\/\/vieassociative.be\/actualites\/wp-content\/uploads\/2026\/03\/Kelmis-un-conducteur-rate-et-heurte-un-eleve-pilote.jpeg\",\"keywords\":[\"conducteur\",\"\u00e9l\u00e8vepilote\",\"heurte\",\"Kelmis\",\"rate\"],\"articleSection\":[\"Belgique\"],\"inLanguage\":\"fr-BE\"},{\"@type\":\"WebPage\",\"@id\":\"https:\/\/vieassociative.be\/actualites\/kelmis-un-conducteur-rate-et-heurte-un-eleve-pilote\/\",\"url\":\"https:\/\/vieassociative.be\/actualites\/kelmis-un-conducteur-rate-et-heurte-un-eleve-pilote\/\",\"name\":\"Kelmis\u00a0: un conducteur rate et heurte un \u00e9l\u00e8ve-pilote | Vie Associative\",\"isPartOf\":{\"@id\":\"https:\/\/vieassociative.be\/actualites\/#website\"},\"primaryImageOfPage\":{\"@id\":\"https:\/\/vieassociative.be\/actualites\/kelmis-un-conducteur-rate-et-heurte-un-eleve-pilote\/#primaryimage\"},\"image\":{\"@id\":\"https:\/\/vieassociative.be\/actualites\/kelmis-un-conducteur-rate-et-heurte-un-eleve-pilote\/#primaryimage\"},\"thumbnailUrl\":\"https:\/\/vieassociative.be\/actualites\/wp-content\/uploads\/2026\/03\/Kelmis-un-conducteur-rate-et-heurte-un-eleve-pilote.jpeg\",\"datePublished\":\"2026-03-20T09:16:56+00:00\",\"dateModified\":\"2026-03-20T09:16:56+00:00\",\"breadcrumb\":{\"@id\":\"https:\/\/vieassociative.be\/actualites\/kelmis-un-conducteur-rate-et-heurte-un-eleve-pilote\/#breadcrumb\"},\"inLanguage\":\"fr-BE\",\"potentialAction\":[{\"@type\":\"ReadAction\",\"target\":[\"https:\/\/vieassociative.be\/actualites\/kelmis-un-conducteur-rate-et-heurte-un-eleve-pilote\/\"]}]},{\"@type\":\"ImageObject\",\"inLanguage\":\"fr-BE\",\"@id\":\"https:\/\/vieassociative.be\/actualites\/kelmis-un-conducteur-rate-et-heurte-un-eleve-pilote\/#primaryimage\",\"url\":\"https:\/\/vieassociative.be\/actualites\/wp-content\/uploads\/2026\/03\/Kelmis-un-conducteur-rate-et-heurte-un-eleve-pilote.jpeg\",\"contentUrl\":\"https:\/\/vieassociative.be\/actualites\/wp-content\/uploads\/2026\/03\/Kelmis-un-conducteur-rate-et-heurte-un-eleve-pilote.jpeg\",\"width\":1200,\"height\":800,\"caption\":\"Kelmis\u00a0: un conducteur rate et heurte un \u00e9l\u00e8ve-pilote\"},{\"@type\":\"BreadcrumbList\",\"@id\":\"https:\/\/vieassociative.be\/actualites\/kelmis-un-conducteur-rate-et-heurte-un-eleve-pilote\/#breadcrumb\",\"itemListElement\":[{\"@type\":\"ListItem\",\"position\":1,\"name\":\"Accueil\",\"item\":\"https:\/\/vieassociative.be\/actualites\/\"},{\"@type\":\"ListItem\",\"position\":2,\"name\":\"Kelmis\u00a0: un conducteur rate et heurte un \u00e9l\u00e8ve-pilote\"}]},{\"@type\":\"WebSite\",\"@id\":\"https:\/\/vieassociative.be\/actualites\/#website\",\"url\":\"https:\/\/vieassociative.be\/actualites\/\",\"name\":\"Vie Associative\",\"description\":\"\",\"publisher\":{\"@id\":\"https:\/\/vieassociative.be\/actualites\/#organization\"},\"potentialAction\":[{\"@type\":\"SearchAction\",\"target\":{\"@type\":\"EntryPoint\",\"urlTemplate\":\"https:\/\/vieassociative.be\/actualites\/?s={search_term_string}\"},\"query-input\":{\"@type\":\"PropertyValueSpecification\",\"valueRequired\":true,\"valueName\":\"search_term_string\"}}],\"inLanguage\":\"fr-BE\"},{\"@type\":\"Organization\",\"@id\":\"https:\/\/vieassociative.be\/actualites\/#organization\",\"name\":\"Vie Associative\",\"url\":\"https:\/\/vieassociative.be\/actualites\/\",\"logo\":{\"@type\":\"ImageObject\",\"inLanguage\":\"fr-BE\",\"@id\":\"https:\/\/vieassociative.be\/actualites\/#\/schema\/logo\/image\/\",\"url\":\"https:\/\/vieassociative.be\/actualites\/wp-content\/uploads\/2024\/09\/cropped-vieassociative_favicon.ico.png\",\"contentUrl\":\"https:\/\/vieassociative.be\/actualites\/wp-content\/uploads\/2024\/09\/cropped-vieassociative_favicon.ico.png\",\"width\":512,\"height\":512,\"caption\":\"Vie Associative\"},\"image\":{\"@id\":\"https:\/\/vieassociative.be\/actualites\/#\/schema\/logo\/image\/\"}},{\"@type\":\"Person\",\"@id\":\"https:\/\/vieassociative.be\/actualites\/#\/schema\/person\/b87ac4f82f9d4e7b7cec7395b679edc4\",\"name\":\"Julien\",\"image\":{\"@type\":\"ImageObject\",\"inLanguage\":\"fr-BE\",\"@id\":\"https:\/\/vieassociative.be\/actualites\/#\/schema\/person\/image\/\",\"url\":\"https:\/\/vieassociative.be\/actualites\/wp-content\/uploads\/2024\/09\/vie-associative-1-150x150.jpg\",\"contentUrl\":\"https:\/\/vieassociative.be\/actualites\/wp-content\/uploads\/2024\/09\/vie-associative-1-150x150.jpg\",\"caption\":\"Julien\"},\"description\":\"Je suis Julien, r\u00e9dacteur pour Vie Associative. Passionn\u00e9 par le monde associatif depuis plus de 10 ans, j'ai \u00e0 c\u0153ur de partager des histoires inspirantes et de mettre en lumi\u00e8re les initiatives locales. Mon objectif est de sensibiliser et d'encourager l'engagement communautaire \u00e0 travers mes articles.\",\"sameAs\":[\"https:\/\/vieassociative.be\/\"]}]}<\/script>\n<!-- \/ Yoast SEO plugin. -->","yoast_head_json":{"title":"Kelmis\u00a0: un conducteur rate et heurte un \u00e9l\u00e8ve-pilote | Vie Associative","robots":{"index":"index","follow":"follow","max-snippet":"max-snippet:-1","max-image-preview":"max-image-preview:large","max-video-preview":"max-video-preview:-1"},"canonical":"https:\/\/vieassociative.be\/actualites\/kelmis-un-conducteur-rate-et-heurte-un-eleve-pilote\/","og_locale":"fr_FR","og_type":"article","og_title":"Kelmis\u00a0: un conducteur rate et heurte un \u00e9l\u00e8ve-pilote | Vie Associative","og_description":"La zone de police de Weser-G\u00f6hl a fait \u00e9tat de trois op\u00e9rations dans son rapport du jeudi 19 mars. \u2013 El\u00e8ve pilote approch\u00e9 : Le","og_url":"https:\/\/vieassociative.be\/actualites\/kelmis-un-conducteur-rate-et-heurte-un-eleve-pilote\/","og_site_name":"Vie Associative","article_published_time":"2026-03-20T09:16:56+00:00","og_image":[{"width":279,"height":92,"url":"https:\/\/vieassociative.be\/actualites\/wp-content\/uploads\/2024\/09\/header_backgroundk-01-e1726694325946.png","type":"image\/png"}],"author":"Julien","twitter_card":"summary_large_image","twitter_misc":{"\u00c9crit par":"Julien","Dur\u00e9e de lecture est.":"1 minute"},"schema":{"@context":"https:\/\/schema.org","@graph":[{"@type":"Article","@id":"https:\/\/vieassociative.be\/actualites\/kelmis-un-conducteur-rate-et-heurte-un-eleve-pilote\/#article","isPartOf":{"@id":"https:\/\/vieassociative.be\/actualites\/kelmis-un-conducteur-rate-et-heurte-un-eleve-pilote\/"},"author":{"name":"Julien","@id":"https:\/\/vieassociative.be\/actualites\/#\/schema\/person\/b87ac4f82f9d4e7b7cec7395b679edc4"},"headline":"Kelmis\u00a0: un conducteur rate et heurte un \u00e9l\u00e8ve-pilote","datePublished":"2026-03-20T09:16:56+00:00","dateModified":"2026-03-20T09:16:56+00:00","mainEntityOfPage":{"@id":"https:\/\/vieassociative.be\/actualites\/kelmis-un-conducteur-rate-et-heurte-un-eleve-pilote\/"},"wordCount":258,"publisher":{"@id":"https:\/\/vieassociative.be\/actualites\/#organization"},"image":{"@id":"https:\/\/vieassociative.be\/actualites\/kelmis-un-conducteur-rate-et-heurte-un-eleve-pilote\/#primaryimage"},"thumbnailUrl":"https:\/\/vieassociative.be\/actualites\/wp-content\/uploads\/2026\/03\/Kelmis-un-conducteur-rate-et-heurte-un-eleve-pilote.jpeg","keywords":["conducteur","\u00e9l\u00e8vepilote","heurte","Kelmis","rate"],"articleSection":["Belgique"],"inLanguage":"fr-BE"},{"@type":"WebPage","@id":"https:\/\/vieassociative.be\/actualites\/kelmis-un-conducteur-rate-et-heurte-un-eleve-pilote\/","url":"https:\/\/vieassociative.be\/actualites\/kelmis-un-conducteur-rate-et-heurte-un-eleve-pilote\/","name":"Kelmis\u00a0: un conducteur rate et heurte un \u00e9l\u00e8ve-pilote | Vie Associative","isPartOf":{"@id":"https:\/\/vieassociative.be\/actualites\/#website"},"primaryImageOfPage":{"@id":"https:\/\/vieassociative.be\/actualites\/kelmis-un-conducteur-rate-et-heurte-un-eleve-pilote\/#primaryimage"},"image":{"@id":"https:\/\/vieassociative.be\/actualites\/kelmis-un-conducteur-rate-et-heurte-un-eleve-pilote\/#primaryimage"},"thumbnailUrl":"https:\/\/vieassociative.be\/actualites\/wp-content\/uploads\/2026\/03\/Kelmis-un-conducteur-rate-et-heurte-un-eleve-pilote.jpeg","datePublished":"2026-03-20T09:16:56+00:00","dateModified":"2026-03-20T09:16:56+00:00","breadcrumb":{"@id":"https:\/\/vieassociative.be\/actualites\/kelmis-un-conducteur-rate-et-heurte-un-eleve-pilote\/#breadcrumb"},"inLanguage":"fr-BE","potentialAction":[{"@type":"ReadAction","target":["https:\/\/vieassociative.be\/actualites\/kelmis-un-conducteur-rate-et-heurte-un-eleve-pilote\/"]}]},{"@type":"ImageObject","inLanguage":"fr-BE","@id":"https:\/\/vieassociative.be\/actualites\/kelmis-un-conducteur-rate-et-heurte-un-eleve-pilote\/#primaryimage","url":"https:\/\/vieassociative.be\/actualites\/wp-content\/uploads\/2026\/03\/Kelmis-un-conducteur-rate-et-heurte-un-eleve-pilote.jpeg","contentUrl":"https:\/\/vieassociative.be\/actualites\/wp-content\/uploads\/2026\/03\/Kelmis-un-conducteur-rate-et-heurte-un-eleve-pilote.jpeg","width":1200,"height":800,"caption":"Kelmis\u00a0: un conducteur rate et heurte un \u00e9l\u00e8ve-pilote"},{"@type":"BreadcrumbList","@id":"https:\/\/vieassociative.be\/actualites\/kelmis-un-conducteur-rate-et-heurte-un-eleve-pilote\/#breadcrumb","itemListElement":[{"@type":"ListItem","position":1,"name":"Accueil","item":"https:\/\/vieassociative.be\/actualites\/"},{"@type":"ListItem","position":2,"name":"Kelmis\u00a0: un conducteur rate et heurte un \u00e9l\u00e8ve-pilote"}]},{"@type":"WebSite","@id":"https:\/\/vieassociative.be\/actualites\/#website","url":"https:\/\/vieassociative.be\/actualites\/","name":"Vie Associative","description":"","publisher":{"@id":"https:\/\/vieassociative.be\/actualites\/#organization"},"potentialAction":[{"@type":"SearchAction","target":{"@type":"EntryPoint","urlTemplate":"https:\/\/vieassociative.be\/actualites\/?s={search_term_string}"},"query-input":{"@type":"PropertyValueSpecification","valueRequired":true,"valueName":"search_term_string"}}],"inLanguage":"fr-BE"},{"@type":"Organization","@id":"https:\/\/vieassociative.be\/actualites\/#organization","name":"Vie Associative","url":"https:\/\/vieassociative.be\/actualites\/","logo":{"@type":"ImageObject","inLanguage":"fr-BE","@id":"https:\/\/vieassociative.be\/actualites\/#\/schema\/logo\/image\/","url":"https:\/\/vieassociative.be\/actualites\/wp-content\/uploads\/2024\/09\/cropped-vieassociative_favicon.ico.png","contentUrl":"https:\/\/vieassociative.be\/actualites\/wp-content\/uploads\/2024\/09\/cropped-vieassociative_favicon.ico.png","width":512,"height":512,"caption":"Vie Associative"},"image":{"@id":"https:\/\/vieassociative.be\/actualites\/#\/schema\/logo\/image\/"}},{"@type":"Person","@id":"https:\/\/vieassociative.be\/actualites\/#\/schema\/person\/b87ac4f82f9d4e7b7cec7395b679edc4","name":"Julien","image":{"@type":"ImageObject","inLanguage":"fr-BE","@id":"https:\/\/vieassociative.be\/actualites\/#\/schema\/person\/image\/","url":"https:\/\/vieassociative.be\/actualites\/wp-content\/uploads\/2024\/09\/vie-associative-1-150x150.jpg","contentUrl":"https:\/\/vieassociative.be\/actualites\/wp-content\/uploads\/2024\/09\/vie-associative-1-150x150.jpg","caption":"Julien"},"description":"Je suis Julien, r\u00e9dacteur pour Vie Associative. Passionn\u00e9 par le monde associatif depuis plus de 10 ans, j'ai \u00e0 c\u0153ur de partager des histoires inspirantes et de mettre en lumi\u00e8re les initiatives locales. Mon objectif est de sensibiliser et d'encourager l'engagement communautaire \u00e0 travers mes articles.","sameAs":["https:\/\/vieassociative.be\/"]}]}},"_links":{"self":[{"href":"https:\/\/vieassociative.be\/actualites\/wp-json\/wp\/v2\/posts\/13105"}],"collection":[{"href":"https:\/\/vieassociative.be\/actualites\/wp-json\/wp\/v2\/posts"}],"about":[{"href":"https:\/\/vieassociative.be\/actualites\/wp-json\/wp\/v2\/types\/post"}],"author":[{"embeddable":true,"href":"https:\/\/vieassociative.be\/actualites\/wp-json\/wp\/v2\/users\/1"}],"replies":[{"embeddable":true,"href":"https:\/\/vieassociative.be\/actualites\/wp-json\/wp\/v2\/comments?post=13105"}],"version-history":[{"count":0,"href":"https:\/\/vieassociative.be\/actualites\/wp-json\/wp\/v2\/posts\/13105\/revisions"}],"wp:featuredmedia":[{"embeddable":true,"href":"https:\/\/vieassociative.be\/actualites\/wp-json\/wp\/v2\/media\/13106"}],"wp:attachment":[{"href":"https:\/\/vieassociative.be\/actualites\/wp-json\/wp\/v2\/media?parent=13105"}],"wp:term":[{"taxonomy":"category","embeddable":true,"href":"https:\/\/vieassociative.be\/actualites\/wp-json\/wp\/v2\/categories?post=13105"},{"taxonomy":"post_tag","embeddable":true,"href":"https:\/\/vieassociative.be\/actualites\/wp-json\/wp\/v2\/tags?post=13105"}],"curies":[{"name":"wp","href":"https:\/\/api.w.org\/{rel}","templated":true}]}}