{"id":13101,"date":"2026-03-20T04:17:28","date_gmt":"2026-03-20T03:17:28","guid":{"rendered":"https:\/\/vieassociative.be\/actualites\/limperatrice-des-roses-nouveau-roman-de-marcel-bauer\/"},"modified":"2026-03-20T04:17:28","modified_gmt":"2026-03-20T03:17:28","slug":"limperatrice-des-roses-nouveau-roman-de-marcel-bauer","status":"publish","type":"post","link":"https:\/\/vieassociative.be\/actualites\/limperatrice-des-roses-nouveau-roman-de-marcel-bauer\/","title":{"rendered":"\u00ab L&rsquo;Imp\u00e9ratrice des roses \u00bb : nouveau roman de Marcel Bauer"},"content":{"rendered":"<p><strong>Un roman historique de Marcel Bauer est actuellement publi\u00e9 aux \u00e9ditions Rhein-Mosel-Verlag. Il s&rsquo;agit de la liaison secr\u00e8te entre Jos\u00e9phine Bonaparte, l&rsquo;\u00e9pouse de l&#8217;empereur Napol\u00e9on, et Jakob Couven, le fils de Johann Joseph Couven. Seules quelques personnes au courant \u00e9taient au courant de cette romance entre la l\u00e9gendaire \u00ab Imp\u00e9ratrice des roses \u00bb et le discret secr\u00e9taire de la ville d\u2019Aix-la-Chapelle.<\/strong><\/p>\n<p><span id=\"more-437840\"><\/span>Napol\u00e9on Bonaparte s\u00e9journa dans la ville imp\u00e9riale du 2 au 11 septembre 1804. Il envisageait de c\u00e9l\u00e9brer son prochain couronnement imp\u00e9rial \u00e0 Aix-la-Chapelle. Napol\u00e9on \u00e9tait un admirateur de Charlemagne et se consid\u00e9rait comme son successeur et son h\u00e9ritier. A cet effet, le conseil municipal confia \u00e0 son premier secr\u00e9taire municipal la t\u00e2che d\u00e9licate de conduire Napol\u00e9on \u00e0 travers la ville sur les traces de l&#8217;empereur franconien.<\/p>\n<p>Jakob Couven avait auparavant servi comme partenaire et animateur de l&rsquo;\u00e9pouse de Napol\u00e9on, Jos\u00e9phine de Beauharnais, qui s\u00e9journait \u00e0 Bad Aix-la-Chapelle pour une cure. L\u2019\u00e9ph\u00e9m\u00e8re \u00ab ombre de groseille \u00bb est devenue une proche confidente. Surtout apr\u00e8s que Jos\u00e9phine Beauharnais fut chass\u00e9e par Napol\u00e9on en 1808, Jakob Couven devint son \u00ab confident \u00bb dans toutes les situations.<\/p>\n<p>Ce lien intime n&rsquo;est devenu public que lorsque leur correspondance a \u00e9t\u00e9 d\u00e9couverte dans un hospice pour pauvres \u00e0 Aix-la-Chapelle en 2018. Les lettres t\u00e9moignent d&rsquo;une relation intime et des sentiments contradictoires de deux personnes dont les origines et les destins n&rsquo;auraient pu \u00eatre plus diff\u00e9rents.<\/p>\n<div id=\"attachment_412203\" class=\"wp-caption alignleft\" style=\"max-width: 300px\"><img fetchpriority=\"high\" decoding=\"async\" class=\"wp-image-412203 size-medium\" src=\"https:\/\/vieassociative.be\/actualites\/wp-content\/uploads\/2026\/03\/LImperatrice-des-roses-nouveau-roman-de-Marcel.jpg\" alt=\"\" width=\"300\" height=\"200\"><\/div>\n<p>Marcel Bauer a \u00e9tudi\u00e9 le sujet pendant deux ans. Dans le roman, la personnalit\u00e9 de Napol\u00e9on, avec ses forces et ses faiblesses, devient visible, car si les reportages sur ses batailles et ses r\u00e9formes juridiques et administratives remplissent des biblioth\u00e8ques enti\u00e8res, on sait peu de choses sur sa vie priv\u00e9e.<\/p>\n<p>Il en va de m\u00eame avec Jos\u00e9phine de Beauharnais, l&rsquo;amour de sa vie. La cr\u00e9ole d&rsquo;origine devient une ic\u00f4ne de la mode et marque durablement la vie sociale du Directoire et de l&rsquo;Empire. Elle est entr\u00e9e dans l\u2019histoire comme une fleuriste passionn\u00e9e.<\/p>\n<p>Jakob Couven est jusqu&rsquo;\u00e0 pr\u00e9sent rest\u00e9 \u00ab une page vierge \u00bb : alors qu&rsquo;il existe \u00e0 la Biblioth\u00e8que nationale allemande plus d&rsquo;une centaine d&rsquo;ouvrages traitant de la vie et de l&rsquo;\u0153uvre de son p\u00e8re Johann Joseph, aucune monographie ne lui est consacr\u00e9e, m\u00eame s&rsquo;il a assist\u00e9 son p\u00e8re tout au long de sa vie et a poursuivi son \u0153uvre.<\/p>\n<p>Dans la ville d&rsquo;Eupen, dont le centre-ville a \u00e9t\u00e9 fortement influenc\u00e9 par Couven p\u00e8re et fils, on attribue \u00e0 Jakob Couven l&rsquo;am\u00e9nagement int\u00e9rieur de la chapelle Nispert et la r\u00e9alisation du Palais Grand Ry sur la Kl\u00f6tzerbahn en 1763, l&rsquo;ann\u00e9e de la mort de son p\u00e8re.<\/p>\n<p>Marcel Bauer a trait\u00e9 \u00e0 plusieurs reprises de l&rsquo;\u0153uvre de Johann Joseph Couven : en 2001, une monographie a \u00e9t\u00e9 publi\u00e9e qui a d\u00e9clar\u00e9 la comptabilit\u00e9 Mayersche \u00e0 Aix-la-Chapelle parmi les dix meilleurs livres de l&rsquo;ann\u00e9e et a re\u00e7u le prix de la Communaut\u00e9 germanophone. En 2005, Bauer a publi\u00e9 en tant qu&rsquo;\u00e9diteur et auteur un guide de voyage et de randonn\u00e9e \u00ab Sur les traces de Couven \u00bb, qui a \u00e9t\u00e9 publi\u00e9 en trois langues et a fait conna\u00eetre l&rsquo;architecte d&rsquo;Aix-la-Chapelle bien au-del\u00e0 des fronti\u00e8res de sa ville natale.<\/p>\n","protected":false},"excerpt":{"rendered":"<p>Un roman historique de Marcel Bauer est actuellement publi\u00e9 aux \u00e9ditions Rhein-Mosel-Verlag. Il s&rsquo;agit de la liaison secr\u00e8te entre Jos\u00e9phine Bonaparte, l&rsquo;\u00e9pouse de l&#8217;empereur Napol\u00e9on,<\/p>\n","protected":false},"author":1,"featured_media":13102,"comment_status":"","ping_status":"","sticky":false,"template":"","format":"standard","meta":{"footnotes":""},"categories":[298],"tags":[3652,29,10292,3651,553,3653,2152],"class_list":["post-13101","post","type-post","status-publish","format-standard","has-post-thumbnail","hentry","category-belgique","tag-bauer","tag-des","tag-limperatrice","tag-marcel","tag-nouveau","tag-roman","tag-roses","generate-columns","tablet-grid-50","mobile-grid-100","grid-parent","grid-33"],"yoast_head":"<!-- This site is optimized with the Yoast SEO plugin v24.0 - https:\/\/yoast.com\/wordpress\/plugins\/seo\/ -->\n<title>\u00ab L&#039;Imp\u00e9ratrice des roses \u00bb : nouveau roman de Marcel Bauer | Vie Associative<\/title>\n<meta name=\"robots\" content=\"index, follow, max-snippet:-1, max-image-preview:large, max-video-preview:-1\" \/>\n<link rel=\"canonical\" href=\"https:\/\/vieassociative.be\/actualites\/limperatrice-des-roses-nouveau-roman-de-marcel-bauer\/\" \/>\n<meta property=\"og:locale\" content=\"fr_FR\" \/>\n<meta property=\"og:type\" content=\"article\" \/>\n<meta property=\"og:title\" content=\"\u00ab L&#039;Imp\u00e9ratrice des roses \u00bb : nouveau roman de Marcel Bauer | Vie Associative\" \/>\n<meta property=\"og:description\" content=\"Un roman historique de Marcel Bauer est actuellement publi\u00e9 aux \u00e9ditions Rhein-Mosel-Verlag. Il s&rsquo;agit de la liaison secr\u00e8te entre Jos\u00e9phine Bonaparte, l&rsquo;\u00e9pouse de l&#8217;empereur Napol\u00e9on,\" \/>\n<meta property=\"og:url\" content=\"https:\/\/vieassociative.be\/actualites\/limperatrice-des-roses-nouveau-roman-de-marcel-bauer\/\" \/>\n<meta property=\"og:site_name\" content=\"Vie Associative\" \/>\n<meta property=\"article:published_time\" content=\"2026-03-20T03:17:28+00:00\" \/>\n<meta property=\"og:image\" content=\"https:\/\/vieassociative.be\/actualites\/wp-content\/uploads\/2024\/09\/header_backgroundk-01-e1726694325946.png\" \/>\n\t<meta property=\"og:image:width\" content=\"279\" \/>\n\t<meta property=\"og:image:height\" content=\"92\" \/>\n\t<meta property=\"og:image:type\" content=\"image\/png\" \/>\n<meta name=\"author\" content=\"Julien\" \/>\n<meta name=\"twitter:card\" content=\"summary_large_image\" \/>\n<meta name=\"twitter:label1\" content=\"\u00c9crit par\" \/>\n\t<meta name=\"twitter:data1\" content=\"Julien\" \/>\n\t<meta name=\"twitter:label2\" content=\"Dur\u00e9e de lecture est.\" \/>\n\t<meta name=\"twitter:data2\" content=\"3 minutes\" \/>\n<script type=\"application\/ld+json\" class=\"yoast-schema-graph\">{\"@context\":\"https:\/\/schema.org\",\"@graph\":[{\"@type\":\"Article\",\"@id\":\"https:\/\/vieassociative.be\/actualites\/limperatrice-des-roses-nouveau-roman-de-marcel-bauer\/#article\",\"isPartOf\":{\"@id\":\"https:\/\/vieassociative.be\/actualites\/limperatrice-des-roses-nouveau-roman-de-marcel-bauer\/\"},\"author\":{\"name\":\"Julien\",\"@id\":\"https:\/\/vieassociative.be\/actualites\/#\/schema\/person\/b87ac4f82f9d4e7b7cec7395b679edc4\"},\"headline\":\"\u00ab L&rsquo;Imp\u00e9ratrice des roses \u00bb : nouveau roman de Marcel Bauer\",\"datePublished\":\"2026-03-20T03:17:28+00:00\",\"dateModified\":\"2026-03-20T03:17:28+00:00\",\"mainEntityOfPage\":{\"@id\":\"https:\/\/vieassociative.be\/actualites\/limperatrice-des-roses-nouveau-roman-de-marcel-bauer\/\"},\"wordCount\":587,\"publisher\":{\"@id\":\"https:\/\/vieassociative.be\/actualites\/#organization\"},\"image\":{\"@id\":\"https:\/\/vieassociative.be\/actualites\/limperatrice-des-roses-nouveau-roman-de-marcel-bauer\/#primaryimage\"},\"thumbnailUrl\":\"https:\/\/vieassociative.be\/actualites\/wp-content\/uploads\/2026\/03\/1773976649_LImperatrice-des-roses-nouveau-roman-de-Marcel.jpg\",\"keywords\":[\"Bauer\",\"Des\",\"LImp\u00e9ratrice\",\"Marcel\",\"nouveau\",\"roman\",\"roses\"],\"articleSection\":[\"Belgique\"],\"inLanguage\":\"fr-BE\"},{\"@type\":\"WebPage\",\"@id\":\"https:\/\/vieassociative.be\/actualites\/limperatrice-des-roses-nouveau-roman-de-marcel-bauer\/\",\"url\":\"https:\/\/vieassociative.be\/actualites\/limperatrice-des-roses-nouveau-roman-de-marcel-bauer\/\",\"name\":\"\u00ab L'Imp\u00e9ratrice des roses \u00bb : nouveau roman de Marcel Bauer | Vie Associative\",\"isPartOf\":{\"@id\":\"https:\/\/vieassociative.be\/actualites\/#website\"},\"primaryImageOfPage\":{\"@id\":\"https:\/\/vieassociative.be\/actualites\/limperatrice-des-roses-nouveau-roman-de-marcel-bauer\/#primaryimage\"},\"image\":{\"@id\":\"https:\/\/vieassociative.be\/actualites\/limperatrice-des-roses-nouveau-roman-de-marcel-bauer\/#primaryimage\"},\"thumbnailUrl\":\"https:\/\/vieassociative.be\/actualites\/wp-content\/uploads\/2026\/03\/1773976649_LImperatrice-des-roses-nouveau-roman-de-Marcel.jpg\",\"datePublished\":\"2026-03-20T03:17:28+00:00\",\"dateModified\":\"2026-03-20T03:17:28+00:00\",\"breadcrumb\":{\"@id\":\"https:\/\/vieassociative.be\/actualites\/limperatrice-des-roses-nouveau-roman-de-marcel-bauer\/#breadcrumb\"},\"inLanguage\":\"fr-BE\",\"potentialAction\":[{\"@type\":\"ReadAction\",\"target\":[\"https:\/\/vieassociative.be\/actualites\/limperatrice-des-roses-nouveau-roman-de-marcel-bauer\/\"]}]},{\"@type\":\"ImageObject\",\"inLanguage\":\"fr-BE\",\"@id\":\"https:\/\/vieassociative.be\/actualites\/limperatrice-des-roses-nouveau-roman-de-marcel-bauer\/#primaryimage\",\"url\":\"https:\/\/vieassociative.be\/actualites\/wp-content\/uploads\/2026\/03\/1773976649_LImperatrice-des-roses-nouveau-roman-de-Marcel.jpg\",\"contentUrl\":\"https:\/\/vieassociative.be\/actualites\/wp-content\/uploads\/2026\/03\/1773976649_LImperatrice-des-roses-nouveau-roman-de-Marcel.jpg\",\"width\":775,\"height\":1200,\"caption\":\"\u00ab L'Imp\u00e9ratrice des roses \u00bb : nouveau roman de Marcel Bauer\"},{\"@type\":\"BreadcrumbList\",\"@id\":\"https:\/\/vieassociative.be\/actualites\/limperatrice-des-roses-nouveau-roman-de-marcel-bauer\/#breadcrumb\",\"itemListElement\":[{\"@type\":\"ListItem\",\"position\":1,\"name\":\"Accueil\",\"item\":\"https:\/\/vieassociative.be\/actualites\/\"},{\"@type\":\"ListItem\",\"position\":2,\"name\":\"\u00ab L&rsquo;Imp\u00e9ratrice des roses \u00bb : nouveau roman de Marcel Bauer\"}]},{\"@type\":\"WebSite\",\"@id\":\"https:\/\/vieassociative.be\/actualites\/#website\",\"url\":\"https:\/\/vieassociative.be\/actualites\/\",\"name\":\"Vie Associative\",\"description\":\"\",\"publisher\":{\"@id\":\"https:\/\/vieassociative.be\/actualites\/#organization\"},\"potentialAction\":[{\"@type\":\"SearchAction\",\"target\":{\"@type\":\"EntryPoint\",\"urlTemplate\":\"https:\/\/vieassociative.be\/actualites\/?s={search_term_string}\"},\"query-input\":{\"@type\":\"PropertyValueSpecification\",\"valueRequired\":true,\"valueName\":\"search_term_string\"}}],\"inLanguage\":\"fr-BE\"},{\"@type\":\"Organization\",\"@id\":\"https:\/\/vieassociative.be\/actualites\/#organization\",\"name\":\"Vie Associative\",\"url\":\"https:\/\/vieassociative.be\/actualites\/\",\"logo\":{\"@type\":\"ImageObject\",\"inLanguage\":\"fr-BE\",\"@id\":\"https:\/\/vieassociative.be\/actualites\/#\/schema\/logo\/image\/\",\"url\":\"https:\/\/vieassociative.be\/actualites\/wp-content\/uploads\/2024\/09\/cropped-vieassociative_favicon.ico.png\",\"contentUrl\":\"https:\/\/vieassociative.be\/actualites\/wp-content\/uploads\/2024\/09\/cropped-vieassociative_favicon.ico.png\",\"width\":512,\"height\":512,\"caption\":\"Vie Associative\"},\"image\":{\"@id\":\"https:\/\/vieassociative.be\/actualites\/#\/schema\/logo\/image\/\"}},{\"@type\":\"Person\",\"@id\":\"https:\/\/vieassociative.be\/actualites\/#\/schema\/person\/b87ac4f82f9d4e7b7cec7395b679edc4\",\"name\":\"Julien\",\"image\":{\"@type\":\"ImageObject\",\"inLanguage\":\"fr-BE\",\"@id\":\"https:\/\/vieassociative.be\/actualites\/#\/schema\/person\/image\/\",\"url\":\"https:\/\/vieassociative.be\/actualites\/wp-content\/uploads\/2024\/09\/vie-associative-1-150x150.jpg\",\"contentUrl\":\"https:\/\/vieassociative.be\/actualites\/wp-content\/uploads\/2024\/09\/vie-associative-1-150x150.jpg\",\"caption\":\"Julien\"},\"description\":\"Je suis Julien, r\u00e9dacteur pour Vie Associative. Passionn\u00e9 par le monde associatif depuis plus de 10 ans, j'ai \u00e0 c\u0153ur de partager des histoires inspirantes et de mettre en lumi\u00e8re les initiatives locales. Mon objectif est de sensibiliser et d'encourager l'engagement communautaire \u00e0 travers mes articles.\",\"sameAs\":[\"https:\/\/vieassociative.be\/\"]}]}<\/script>\n<!-- \/ Yoast SEO plugin. -->","yoast_head_json":{"title":"\u00ab L'Imp\u00e9ratrice des roses \u00bb : nouveau roman de Marcel Bauer | Vie Associative","robots":{"index":"index","follow":"follow","max-snippet":"max-snippet:-1","max-image-preview":"max-image-preview:large","max-video-preview":"max-video-preview:-1"},"canonical":"https:\/\/vieassociative.be\/actualites\/limperatrice-des-roses-nouveau-roman-de-marcel-bauer\/","og_locale":"fr_FR","og_type":"article","og_title":"\u00ab L'Imp\u00e9ratrice des roses \u00bb : nouveau roman de Marcel Bauer | Vie Associative","og_description":"Un roman historique de Marcel Bauer est actuellement publi\u00e9 aux \u00e9ditions Rhein-Mosel-Verlag. Il s&rsquo;agit de la liaison secr\u00e8te entre Jos\u00e9phine Bonaparte, l&rsquo;\u00e9pouse de l&#8217;empereur Napol\u00e9on,","og_url":"https:\/\/vieassociative.be\/actualites\/limperatrice-des-roses-nouveau-roman-de-marcel-bauer\/","og_site_name":"Vie Associative","article_published_time":"2026-03-20T03:17:28+00:00","og_image":[{"width":279,"height":92,"url":"https:\/\/vieassociative.be\/actualites\/wp-content\/uploads\/2024\/09\/header_backgroundk-01-e1726694325946.png","type":"image\/png"}],"author":"Julien","twitter_card":"summary_large_image","twitter_misc":{"\u00c9crit par":"Julien","Dur\u00e9e de lecture est.":"3 minutes"},"schema":{"@context":"https:\/\/schema.org","@graph":[{"@type":"Article","@id":"https:\/\/vieassociative.be\/actualites\/limperatrice-des-roses-nouveau-roman-de-marcel-bauer\/#article","isPartOf":{"@id":"https:\/\/vieassociative.be\/actualites\/limperatrice-des-roses-nouveau-roman-de-marcel-bauer\/"},"author":{"name":"Julien","@id":"https:\/\/vieassociative.be\/actualites\/#\/schema\/person\/b87ac4f82f9d4e7b7cec7395b679edc4"},"headline":"\u00ab L&rsquo;Imp\u00e9ratrice des roses \u00bb : nouveau roman de Marcel Bauer","datePublished":"2026-03-20T03:17:28+00:00","dateModified":"2026-03-20T03:17:28+00:00","mainEntityOfPage":{"@id":"https:\/\/vieassociative.be\/actualites\/limperatrice-des-roses-nouveau-roman-de-marcel-bauer\/"},"wordCount":587,"publisher":{"@id":"https:\/\/vieassociative.be\/actualites\/#organization"},"image":{"@id":"https:\/\/vieassociative.be\/actualites\/limperatrice-des-roses-nouveau-roman-de-marcel-bauer\/#primaryimage"},"thumbnailUrl":"https:\/\/vieassociative.be\/actualites\/wp-content\/uploads\/2026\/03\/1773976649_LImperatrice-des-roses-nouveau-roman-de-Marcel.jpg","keywords":["Bauer","Des","LImp\u00e9ratrice","Marcel","nouveau","roman","roses"],"articleSection":["Belgique"],"inLanguage":"fr-BE"},{"@type":"WebPage","@id":"https:\/\/vieassociative.be\/actualites\/limperatrice-des-roses-nouveau-roman-de-marcel-bauer\/","url":"https:\/\/vieassociative.be\/actualites\/limperatrice-des-roses-nouveau-roman-de-marcel-bauer\/","name":"\u00ab L'Imp\u00e9ratrice des roses \u00bb : nouveau roman de Marcel Bauer | Vie Associative","isPartOf":{"@id":"https:\/\/vieassociative.be\/actualites\/#website"},"primaryImageOfPage":{"@id":"https:\/\/vieassociative.be\/actualites\/limperatrice-des-roses-nouveau-roman-de-marcel-bauer\/#primaryimage"},"image":{"@id":"https:\/\/vieassociative.be\/actualites\/limperatrice-des-roses-nouveau-roman-de-marcel-bauer\/#primaryimage"},"thumbnailUrl":"https:\/\/vieassociative.be\/actualites\/wp-content\/uploads\/2026\/03\/1773976649_LImperatrice-des-roses-nouveau-roman-de-Marcel.jpg","datePublished":"2026-03-20T03:17:28+00:00","dateModified":"2026-03-20T03:17:28+00:00","breadcrumb":{"@id":"https:\/\/vieassociative.be\/actualites\/limperatrice-des-roses-nouveau-roman-de-marcel-bauer\/#breadcrumb"},"inLanguage":"fr-BE","potentialAction":[{"@type":"ReadAction","target":["https:\/\/vieassociative.be\/actualites\/limperatrice-des-roses-nouveau-roman-de-marcel-bauer\/"]}]},{"@type":"ImageObject","inLanguage":"fr-BE","@id":"https:\/\/vieassociative.be\/actualites\/limperatrice-des-roses-nouveau-roman-de-marcel-bauer\/#primaryimage","url":"https:\/\/vieassociative.be\/actualites\/wp-content\/uploads\/2026\/03\/1773976649_LImperatrice-des-roses-nouveau-roman-de-Marcel.jpg","contentUrl":"https:\/\/vieassociative.be\/actualites\/wp-content\/uploads\/2026\/03\/1773976649_LImperatrice-des-roses-nouveau-roman-de-Marcel.jpg","width":775,"height":1200,"caption":"\u00ab L'Imp\u00e9ratrice des roses \u00bb : nouveau roman de Marcel Bauer"},{"@type":"BreadcrumbList","@id":"https:\/\/vieassociative.be\/actualites\/limperatrice-des-roses-nouveau-roman-de-marcel-bauer\/#breadcrumb","itemListElement":[{"@type":"ListItem","position":1,"name":"Accueil","item":"https:\/\/vieassociative.be\/actualites\/"},{"@type":"ListItem","position":2,"name":"\u00ab L&rsquo;Imp\u00e9ratrice des roses \u00bb : nouveau roman de Marcel Bauer"}]},{"@type":"WebSite","@id":"https:\/\/vieassociative.be\/actualites\/#website","url":"https:\/\/vieassociative.be\/actualites\/","name":"Vie Associative","description":"","publisher":{"@id":"https:\/\/vieassociative.be\/actualites\/#organization"},"potentialAction":[{"@type":"SearchAction","target":{"@type":"EntryPoint","urlTemplate":"https:\/\/vieassociative.be\/actualites\/?s={search_term_string}"},"query-input":{"@type":"PropertyValueSpecification","valueRequired":true,"valueName":"search_term_string"}}],"inLanguage":"fr-BE"},{"@type":"Organization","@id":"https:\/\/vieassociative.be\/actualites\/#organization","name":"Vie Associative","url":"https:\/\/vieassociative.be\/actualites\/","logo":{"@type":"ImageObject","inLanguage":"fr-BE","@id":"https:\/\/vieassociative.be\/actualites\/#\/schema\/logo\/image\/","url":"https:\/\/vieassociative.be\/actualites\/wp-content\/uploads\/2024\/09\/cropped-vieassociative_favicon.ico.png","contentUrl":"https:\/\/vieassociative.be\/actualites\/wp-content\/uploads\/2024\/09\/cropped-vieassociative_favicon.ico.png","width":512,"height":512,"caption":"Vie Associative"},"image":{"@id":"https:\/\/vieassociative.be\/actualites\/#\/schema\/logo\/image\/"}},{"@type":"Person","@id":"https:\/\/vieassociative.be\/actualites\/#\/schema\/person\/b87ac4f82f9d4e7b7cec7395b679edc4","name":"Julien","image":{"@type":"ImageObject","inLanguage":"fr-BE","@id":"https:\/\/vieassociative.be\/actualites\/#\/schema\/person\/image\/","url":"https:\/\/vieassociative.be\/actualites\/wp-content\/uploads\/2024\/09\/vie-associative-1-150x150.jpg","contentUrl":"https:\/\/vieassociative.be\/actualites\/wp-content\/uploads\/2024\/09\/vie-associative-1-150x150.jpg","caption":"Julien"},"description":"Je suis Julien, r\u00e9dacteur pour Vie Associative. Passionn\u00e9 par le monde associatif depuis plus de 10 ans, j'ai \u00e0 c\u0153ur de partager des histoires inspirantes et de mettre en lumi\u00e8re les initiatives locales. Mon objectif est de sensibiliser et d'encourager l'engagement communautaire \u00e0 travers mes articles.","sameAs":["https:\/\/vieassociative.be\/"]}]}},"_links":{"self":[{"href":"https:\/\/vieassociative.be\/actualites\/wp-json\/wp\/v2\/posts\/13101"}],"collection":[{"href":"https:\/\/vieassociative.be\/actualites\/wp-json\/wp\/v2\/posts"}],"about":[{"href":"https:\/\/vieassociative.be\/actualites\/wp-json\/wp\/v2\/types\/post"}],"author":[{"embeddable":true,"href":"https:\/\/vieassociative.be\/actualites\/wp-json\/wp\/v2\/users\/1"}],"replies":[{"embeddable":true,"href":"https:\/\/vieassociative.be\/actualites\/wp-json\/wp\/v2\/comments?post=13101"}],"version-history":[{"count":0,"href":"https:\/\/vieassociative.be\/actualites\/wp-json\/wp\/v2\/posts\/13101\/revisions"}],"wp:featuredmedia":[{"embeddable":true,"href":"https:\/\/vieassociative.be\/actualites\/wp-json\/wp\/v2\/media\/13102"}],"wp:attachment":[{"href":"https:\/\/vieassociative.be\/actualites\/wp-json\/wp\/v2\/media?parent=13101"}],"wp:term":[{"taxonomy":"category","embeddable":true,"href":"https:\/\/vieassociative.be\/actualites\/wp-json\/wp\/v2\/categories?post=13101"},{"taxonomy":"post_tag","embeddable":true,"href":"https:\/\/vieassociative.be\/actualites\/wp-json\/wp\/v2\/tags?post=13101"}],"curies":[{"name":"wp","href":"https:\/\/api.w.org\/{rel}","templated":true}]}}