{"id":13097,"date":"2026-03-19T22:16:59","date_gmt":"2026-03-19T21:16:59","guid":{"rendered":"https:\/\/vieassociative.be\/actualites\/defaite-5-1-a-fribourg-le-krc-genk-derniere-equipe-belge-a-dire-au-revoir-a-la-coupe-deurope\/"},"modified":"2026-03-19T22:16:59","modified_gmt":"2026-03-19T21:16:59","slug":"defaite-5-1-a-fribourg-le-krc-genk-derniere-equipe-belge-a-dire-au-revoir-a-la-coupe-deurope","status":"publish","type":"post","link":"https:\/\/vieassociative.be\/actualites\/defaite-5-1-a-fribourg-le-krc-genk-derniere-equipe-belge-a-dire-au-revoir-a-la-coupe-deurope\/","title":{"rendered":"D\u00e9faite 5-1 \u00e0 Fribourg : le KRC Genk, derni\u00e8re \u00e9quipe belge \u00e0 dire au revoir \u00e0 la Coupe d&rsquo;Europe"},"content":{"rendered":"<p><strong>De! Le jeu est termin\u00e9 ! Le KRC Genk est de sortie ! Le quadruple champion national de Belgique, le KRC Genk, s&rsquo;est inclin\u00e9 tranquillement jeudi apr\u00e8s sa victoire 1-0 au match aller il y a une semaine chez le club de Bundesliga du SC Freiburg. Les Limbourgeois ont perdu 1:5 \u00e0 Breisgau.<\/strong><\/p>\n<p><span id=\"more-437843\"><\/span>Cela signifie que le dernier repr\u00e9sentant belge a \u00e9t\u00e9 \u00e9limin\u00e9 de la Coupe d&rsquo;Europe. D&rsquo;un point de vue belge, les r\u00e9sultats ne sont pas si mauvais, mais on pourrait quand m\u00eame s&rsquo;attendre \u00e0 mieux.<\/p>\n<p>A l&rsquo;exception du FC Bruges, qui a au moins atteint les \u00e9liminatoires des huiti\u00e8mes de finale de la Ligue des Champions, et de l&rsquo;Union Saint-Gilloise, qui s&rsquo;en sort honorablement pour sa toute premi\u00e8re saison dans la cat\u00e9gorie reine, les trois autres repr\u00e9sentants belges n&rsquo;ont pas r\u00e9pondu aux attentes, notamment le SC Charleroi et le RSC Anderlecht. Genk a au moins atteint les huiti\u00e8mes de finale de la Ligue Europa.<\/p>\n<div id=\"attachment_437845\" class=\"wp-caption alignleft\" style=\"max-width: 300px\"><img fetchpriority=\"high\" decoding=\"async\" class=\"wp-image-437845 size-medium\" src=\"https:\/\/vieassociative.be\/actualites\/wp-content\/uploads\/2026\/03\/Defaite-5-1-a-Fribourg-le-KRC-Genk-derniere-equipe.jpg\" alt=\"\" width=\"300\" height=\"200\"><\/div>\n<p>Au SC Fribourg, malgr\u00e9 un d\u00e9but faible avec deux buts rapides encaiss\u00e9s \u00e0 la mi-temps, Genk avait encore toutes les chances pour les h\u00f4tes lorsque le score \u00e9tait de 2-1, mais en seconde p\u00e9riode les Belges ont commis des erreurs flagrantes qui ont entra\u00een\u00e9 leur perte.<\/p>\n<p>Alors que les invit\u00e9s de Genk manquaient l&rsquo;un des meilleurs en la personne de l&rsquo;arri\u00e8re droit suspendu Zakaria El Ouahdi, Eggestein, suspendu au match aller, \u00e9tait de retour dans le double six pour Fribourg.<\/p>\n<p>Apr\u00e8s une premi\u00e8re phase nerveuse des deux c\u00f4t\u00e9s, Fribourg, qui n&rsquo;avait remport\u00e9 aucune victoire en quatre matches de comp\u00e9tition, a pris le contr\u00f4le du match &#8211; et le match s&rsquo;est acc\u00e9l\u00e9r\u00e9. Tout d&rsquo;abord, Yuito Suzuki n&rsquo;a pas r\u00e9ussi \u00e0 contr\u00f4ler le ballon directement devant le but de Genk apr\u00e8s un centre de Vincenzo Grifo (18e). Mais peu de temps apr\u00e8s, c&rsquo;est Matthias Ginter qui reprenait de la t\u00eate un coup franc de Grifo pour porter le score \u00e0 1-0. Et \u00e0 peine cinq minutes plus tard, Igor Matanovic portait le score \u00e0 2-0 apr\u00e8s une t\u00eate de Ginter.<\/p>\n<p>Le club sportif a mis en \u0153uvre ce que Julian Schuster avait demand\u00e9 : s&rsquo;engager avec passion dans des duels sans perdre l&rsquo;\u00e9quilibre entre attaque et d\u00e9fense. <\/p>\n<\/p>\n<div id=\"attachment_437847\" class=\"wp-caption alignleft\" style=\"max-width: 300px\"><img decoding=\"async\" class=\"wp-image-437847 size-medium\" src=\"https:\/\/vieassociative.be\/actualites\/wp-content\/uploads\/2026\/03\/1773955019_188_Defaite-5-1-a-Fribourg-le-KRC-Genk-derniere-equipe.jpg\" alt=\"\" width=\"300\" height=\"200\"><\/div>\n<p>Bien que Genk se soit plac\u00e9 devant le but de l&rsquo;\u00e9quipe locale \u00e0 plusieurs reprises, ils n&rsquo;ont pas toujours r\u00e9ussi leurs occasions &#8211; jusqu&rsquo;\u00e0 ce que Konstantinos Karetsas frappe le poteau int\u00e9rieur et que Matte Smets marque son deuxi\u00e8me essai \u00e0 bout portant pour porter le score \u00e0 2-1.<\/p>\n<p><strong>\u2013 Graves erreurs de Genk :<\/strong> Apr\u00e8s la pause, la d\u00e9cision a rapidement suivi en faveur de Fribourg. Apr\u00e8s une erreur majeure de Smets, Grifo a marqu\u00e9 \u00e0 bout portant pour porter le score \u00e0 3-1. Suzuki a compl\u00e9t\u00e9 une contre-attaque apr\u00e8s une passe d\u00e9cisive de Johan Manzambi pour porter le score \u00e0 4-1. Fribourg a d\u00e9sormais \u00e0 nouveau contr\u00f4l\u00e9 la rencontre et assur\u00e9 le succ\u00e8s sur la dur\u00e9e. Genk n&rsquo;avait plus rien \u00e0 opposer. Maximilian Eggestein a m\u00eame port\u00e9 le score \u00e0 5:1 d&rsquo;un tir puissant.<\/p>\n<p>Le KRC Genk ne peut pas pleurer longtemps la d\u00e9faite de Fribourg, car dimanche, alors que se d\u00e9roulera \u00e0 18h30 la derni\u00e8re journ\u00e9e du championnat r\u00e9gulier de la Jupiler Pro League, l&rsquo;\u00e9quipe de l&rsquo;entra\u00eeneur Nicky Hayen a encore une chance minime dans la course aux Champions Playoffs (places 1-6). Cependant, Genk doit gagner \u00e0 La Louvi\u00e8re et en m\u00eame temps esp\u00e9rer une aide ext\u00e9rieure pour pouvoir d\u00e9passer l&rsquo;AA Gent ou le RSC Anderlecht. (cr\u00e9\/dpa)<\/p>\n","protected":false},"excerpt":{"rendered":"<p>De! Le jeu est termin\u00e9 ! Le KRC Genk est de sortie ! Le quadruple champion national de Belgique, le KRC Genk, s&rsquo;est inclin\u00e9 tranquillement<\/p>\n","protected":false},"author":1,"featured_media":13098,"comment_status":"","ping_status":"","sticky":false,"template":"","format":"standard","meta":{"footnotes":""},"categories":[298],"tags":[410,2472,2350,139,3976,1074,3875,10123,932,931,3167],"class_list":["post-13097","post","type-post","status-publish","format-standard","has-post-thumbnail","hentry","category-belgique","tag-belge","tag-coupe","tag-defaite","tag-derniere","tag-deurope","tag-dire","tag-equipe","tag-fribourg","tag-genk","tag-krc","tag-revoir","generate-columns","tablet-grid-50","mobile-grid-100","grid-parent","grid-33"],"yoast_head":"<!-- This site is optimized with the Yoast SEO plugin v24.0 - https:\/\/yoast.com\/wordpress\/plugins\/seo\/ -->\n<title>D\u00e9faite 5-1 \u00e0 Fribourg : le KRC Genk, derni\u00e8re \u00e9quipe belge \u00e0 dire au revoir \u00e0 la Coupe d&#039;Europe | Vie Associative<\/title>\n<meta name=\"robots\" content=\"index, follow, max-snippet:-1, max-image-preview:large, max-video-preview:-1\" \/>\n<link rel=\"canonical\" href=\"https:\/\/vieassociative.be\/actualites\/defaite-5-1-a-fribourg-le-krc-genk-derniere-equipe-belge-a-dire-au-revoir-a-la-coupe-deurope\/\" \/>\n<meta property=\"og:locale\" content=\"fr_FR\" \/>\n<meta property=\"og:type\" content=\"article\" \/>\n<meta property=\"og:title\" content=\"D\u00e9faite 5-1 \u00e0 Fribourg : le KRC Genk, derni\u00e8re \u00e9quipe belge \u00e0 dire au revoir \u00e0 la Coupe d&#039;Europe | Vie Associative\" \/>\n<meta property=\"og:description\" content=\"De! Le jeu est termin\u00e9 ! Le KRC Genk est de sortie ! Le quadruple champion national de Belgique, le KRC Genk, s&rsquo;est inclin\u00e9 tranquillement\" \/>\n<meta property=\"og:url\" content=\"https:\/\/vieassociative.be\/actualites\/defaite-5-1-a-fribourg-le-krc-genk-derniere-equipe-belge-a-dire-au-revoir-a-la-coupe-deurope\/\" \/>\n<meta property=\"og:site_name\" content=\"Vie Associative\" \/>\n<meta property=\"article:published_time\" content=\"2026-03-19T21:16:59+00:00\" \/>\n<meta property=\"og:image\" content=\"https:\/\/vieassociative.be\/actualites\/wp-content\/uploads\/2024\/09\/header_backgroundk-01-e1726694325946.png\" \/>\n\t<meta property=\"og:image:width\" content=\"279\" \/>\n\t<meta property=\"og:image:height\" content=\"92\" \/>\n\t<meta property=\"og:image:type\" content=\"image\/png\" \/>\n<meta name=\"author\" content=\"Julien\" \/>\n<meta name=\"twitter:card\" content=\"summary_large_image\" \/>\n<meta name=\"twitter:label1\" content=\"\u00c9crit par\" \/>\n\t<meta name=\"twitter:data1\" content=\"Julien\" \/>\n\t<meta name=\"twitter:label2\" content=\"Dur\u00e9e de lecture est.\" \/>\n\t<meta name=\"twitter:data2\" content=\"3 minutes\" \/>\n<script type=\"application\/ld+json\" class=\"yoast-schema-graph\">{\"@context\":\"https:\/\/schema.org\",\"@graph\":[{\"@type\":\"Article\",\"@id\":\"https:\/\/vieassociative.be\/actualites\/defaite-5-1-a-fribourg-le-krc-genk-derniere-equipe-belge-a-dire-au-revoir-a-la-coupe-deurope\/#article\",\"isPartOf\":{\"@id\":\"https:\/\/vieassociative.be\/actualites\/defaite-5-1-a-fribourg-le-krc-genk-derniere-equipe-belge-a-dire-au-revoir-a-la-coupe-deurope\/\"},\"author\":{\"name\":\"Julien\",\"@id\":\"https:\/\/vieassociative.be\/actualites\/#\/schema\/person\/b87ac4f82f9d4e7b7cec7395b679edc4\"},\"headline\":\"D\u00e9faite 5-1 \u00e0 Fribourg : le KRC Genk, derni\u00e8re \u00e9quipe belge \u00e0 dire au revoir \u00e0 la Coupe d&rsquo;Europe\",\"datePublished\":\"2026-03-19T21:16:59+00:00\",\"dateModified\":\"2026-03-19T21:16:59+00:00\",\"mainEntityOfPage\":{\"@id\":\"https:\/\/vieassociative.be\/actualites\/defaite-5-1-a-fribourg-le-krc-genk-derniere-equipe-belge-a-dire-au-revoir-a-la-coupe-deurope\/\"},\"wordCount\":647,\"publisher\":{\"@id\":\"https:\/\/vieassociative.be\/actualites\/#organization\"},\"image\":{\"@id\":\"https:\/\/vieassociative.be\/actualites\/defaite-5-1-a-fribourg-le-krc-genk-derniere-equipe-belge-a-dire-au-revoir-a-la-coupe-deurope\/#primaryimage\"},\"thumbnailUrl\":\"https:\/\/vieassociative.be\/actualites\/wp-content\/uploads\/2026\/03\/1773955020_Defaite-5-1-a-Fribourg-le-KRC-Genk-derniere-equipe.jpg\",\"keywords\":[\"belge\",\"Coupe\",\"D\u00e9faite\",\"derni\u00e8re\",\"dEurope\",\"dire\",\"\u00e9quipe\",\"Fribourg\",\"Genk\",\"KRC\",\"revoir\"],\"articleSection\":[\"Belgique\"],\"inLanguage\":\"fr-BE\"},{\"@type\":\"WebPage\",\"@id\":\"https:\/\/vieassociative.be\/actualites\/defaite-5-1-a-fribourg-le-krc-genk-derniere-equipe-belge-a-dire-au-revoir-a-la-coupe-deurope\/\",\"url\":\"https:\/\/vieassociative.be\/actualites\/defaite-5-1-a-fribourg-le-krc-genk-derniere-equipe-belge-a-dire-au-revoir-a-la-coupe-deurope\/\",\"name\":\"D\u00e9faite 5-1 \u00e0 Fribourg : le KRC Genk, derni\u00e8re \u00e9quipe belge \u00e0 dire au revoir \u00e0 la Coupe d'Europe | Vie Associative\",\"isPartOf\":{\"@id\":\"https:\/\/vieassociative.be\/actualites\/#website\"},\"primaryImageOfPage\":{\"@id\":\"https:\/\/vieassociative.be\/actualites\/defaite-5-1-a-fribourg-le-krc-genk-derniere-equipe-belge-a-dire-au-revoir-a-la-coupe-deurope\/#primaryimage\"},\"image\":{\"@id\":\"https:\/\/vieassociative.be\/actualites\/defaite-5-1-a-fribourg-le-krc-genk-derniere-equipe-belge-a-dire-au-revoir-a-la-coupe-deurope\/#primaryimage\"},\"thumbnailUrl\":\"https:\/\/vieassociative.be\/actualites\/wp-content\/uploads\/2026\/03\/1773955020_Defaite-5-1-a-Fribourg-le-KRC-Genk-derniere-equipe.jpg\",\"datePublished\":\"2026-03-19T21:16:59+00:00\",\"dateModified\":\"2026-03-19T21:16:59+00:00\",\"breadcrumb\":{\"@id\":\"https:\/\/vieassociative.be\/actualites\/defaite-5-1-a-fribourg-le-krc-genk-derniere-equipe-belge-a-dire-au-revoir-a-la-coupe-deurope\/#breadcrumb\"},\"inLanguage\":\"fr-BE\",\"potentialAction\":[{\"@type\":\"ReadAction\",\"target\":[\"https:\/\/vieassociative.be\/actualites\/defaite-5-1-a-fribourg-le-krc-genk-derniere-equipe-belge-a-dire-au-revoir-a-la-coupe-deurope\/\"]}]},{\"@type\":\"ImageObject\",\"inLanguage\":\"fr-BE\",\"@id\":\"https:\/\/vieassociative.be\/actualites\/defaite-5-1-a-fribourg-le-krc-genk-derniere-equipe-belge-a-dire-au-revoir-a-la-coupe-deurope\/#primaryimage\",\"url\":\"https:\/\/vieassociative.be\/actualites\/wp-content\/uploads\/2026\/03\/1773955020_Defaite-5-1-a-Fribourg-le-KRC-Genk-derniere-equipe.jpg\",\"contentUrl\":\"https:\/\/vieassociative.be\/actualites\/wp-content\/uploads\/2026\/03\/1773955020_Defaite-5-1-a-Fribourg-le-KRC-Genk-derniere-equipe.jpg\",\"width\":1200,\"height\":800,\"caption\":\"D\u00e9faite 5-1 \u00e0 Fribourg : le KRC Genk, derni\u00e8re \u00e9quipe belge \u00e0 dire au revoir \u00e0 la Coupe d'Europe\"},{\"@type\":\"BreadcrumbList\",\"@id\":\"https:\/\/vieassociative.be\/actualites\/defaite-5-1-a-fribourg-le-krc-genk-derniere-equipe-belge-a-dire-au-revoir-a-la-coupe-deurope\/#breadcrumb\",\"itemListElement\":[{\"@type\":\"ListItem\",\"position\":1,\"name\":\"Accueil\",\"item\":\"https:\/\/vieassociative.be\/actualites\/\"},{\"@type\":\"ListItem\",\"position\":2,\"name\":\"D\u00e9faite 5-1 \u00e0 Fribourg : le KRC Genk, derni\u00e8re \u00e9quipe belge \u00e0 dire au revoir \u00e0 la Coupe d&rsquo;Europe\"}]},{\"@type\":\"WebSite\",\"@id\":\"https:\/\/vieassociative.be\/actualites\/#website\",\"url\":\"https:\/\/vieassociative.be\/actualites\/\",\"name\":\"Vie Associative\",\"description\":\"\",\"publisher\":{\"@id\":\"https:\/\/vieassociative.be\/actualites\/#organization\"},\"potentialAction\":[{\"@type\":\"SearchAction\",\"target\":{\"@type\":\"EntryPoint\",\"urlTemplate\":\"https:\/\/vieassociative.be\/actualites\/?s={search_term_string}\"},\"query-input\":{\"@type\":\"PropertyValueSpecification\",\"valueRequired\":true,\"valueName\":\"search_term_string\"}}],\"inLanguage\":\"fr-BE\"},{\"@type\":\"Organization\",\"@id\":\"https:\/\/vieassociative.be\/actualites\/#organization\",\"name\":\"Vie Associative\",\"url\":\"https:\/\/vieassociative.be\/actualites\/\",\"logo\":{\"@type\":\"ImageObject\",\"inLanguage\":\"fr-BE\",\"@id\":\"https:\/\/vieassociative.be\/actualites\/#\/schema\/logo\/image\/\",\"url\":\"https:\/\/vieassociative.be\/actualites\/wp-content\/uploads\/2024\/09\/cropped-vieassociative_favicon.ico.png\",\"contentUrl\":\"https:\/\/vieassociative.be\/actualites\/wp-content\/uploads\/2024\/09\/cropped-vieassociative_favicon.ico.png\",\"width\":512,\"height\":512,\"caption\":\"Vie Associative\"},\"image\":{\"@id\":\"https:\/\/vieassociative.be\/actualites\/#\/schema\/logo\/image\/\"}},{\"@type\":\"Person\",\"@id\":\"https:\/\/vieassociative.be\/actualites\/#\/schema\/person\/b87ac4f82f9d4e7b7cec7395b679edc4\",\"name\":\"Julien\",\"image\":{\"@type\":\"ImageObject\",\"inLanguage\":\"fr-BE\",\"@id\":\"https:\/\/vieassociative.be\/actualites\/#\/schema\/person\/image\/\",\"url\":\"https:\/\/vieassociative.be\/actualites\/wp-content\/uploads\/2024\/09\/vie-associative-1-150x150.jpg\",\"contentUrl\":\"https:\/\/vieassociative.be\/actualites\/wp-content\/uploads\/2024\/09\/vie-associative-1-150x150.jpg\",\"caption\":\"Julien\"},\"description\":\"Je suis Julien, r\u00e9dacteur pour Vie Associative. Passionn\u00e9 par le monde associatif depuis plus de 10 ans, j'ai \u00e0 c\u0153ur de partager des histoires inspirantes et de mettre en lumi\u00e8re les initiatives locales. Mon objectif est de sensibiliser et d'encourager l'engagement communautaire \u00e0 travers mes articles.\",\"sameAs\":[\"https:\/\/vieassociative.be\/\"]}]}<\/script>\n<!-- \/ Yoast SEO plugin. -->","yoast_head_json":{"title":"D\u00e9faite 5-1 \u00e0 Fribourg : le KRC Genk, derni\u00e8re \u00e9quipe belge \u00e0 dire au revoir \u00e0 la Coupe d'Europe | Vie Associative","robots":{"index":"index","follow":"follow","max-snippet":"max-snippet:-1","max-image-preview":"max-image-preview:large","max-video-preview":"max-video-preview:-1"},"canonical":"https:\/\/vieassociative.be\/actualites\/defaite-5-1-a-fribourg-le-krc-genk-derniere-equipe-belge-a-dire-au-revoir-a-la-coupe-deurope\/","og_locale":"fr_FR","og_type":"article","og_title":"D\u00e9faite 5-1 \u00e0 Fribourg : le KRC Genk, derni\u00e8re \u00e9quipe belge \u00e0 dire au revoir \u00e0 la Coupe d'Europe | Vie Associative","og_description":"De! Le jeu est termin\u00e9 ! Le KRC Genk est de sortie ! Le quadruple champion national de Belgique, le KRC Genk, s&rsquo;est inclin\u00e9 tranquillement","og_url":"https:\/\/vieassociative.be\/actualites\/defaite-5-1-a-fribourg-le-krc-genk-derniere-equipe-belge-a-dire-au-revoir-a-la-coupe-deurope\/","og_site_name":"Vie Associative","article_published_time":"2026-03-19T21:16:59+00:00","og_image":[{"width":279,"height":92,"url":"https:\/\/vieassociative.be\/actualites\/wp-content\/uploads\/2024\/09\/header_backgroundk-01-e1726694325946.png","type":"image\/png"}],"author":"Julien","twitter_card":"summary_large_image","twitter_misc":{"\u00c9crit par":"Julien","Dur\u00e9e de lecture est.":"3 minutes"},"schema":{"@context":"https:\/\/schema.org","@graph":[{"@type":"Article","@id":"https:\/\/vieassociative.be\/actualites\/defaite-5-1-a-fribourg-le-krc-genk-derniere-equipe-belge-a-dire-au-revoir-a-la-coupe-deurope\/#article","isPartOf":{"@id":"https:\/\/vieassociative.be\/actualites\/defaite-5-1-a-fribourg-le-krc-genk-derniere-equipe-belge-a-dire-au-revoir-a-la-coupe-deurope\/"},"author":{"name":"Julien","@id":"https:\/\/vieassociative.be\/actualites\/#\/schema\/person\/b87ac4f82f9d4e7b7cec7395b679edc4"},"headline":"D\u00e9faite 5-1 \u00e0 Fribourg : le KRC Genk, derni\u00e8re \u00e9quipe belge \u00e0 dire au revoir \u00e0 la Coupe d&rsquo;Europe","datePublished":"2026-03-19T21:16:59+00:00","dateModified":"2026-03-19T21:16:59+00:00","mainEntityOfPage":{"@id":"https:\/\/vieassociative.be\/actualites\/defaite-5-1-a-fribourg-le-krc-genk-derniere-equipe-belge-a-dire-au-revoir-a-la-coupe-deurope\/"},"wordCount":647,"publisher":{"@id":"https:\/\/vieassociative.be\/actualites\/#organization"},"image":{"@id":"https:\/\/vieassociative.be\/actualites\/defaite-5-1-a-fribourg-le-krc-genk-derniere-equipe-belge-a-dire-au-revoir-a-la-coupe-deurope\/#primaryimage"},"thumbnailUrl":"https:\/\/vieassociative.be\/actualites\/wp-content\/uploads\/2026\/03\/1773955020_Defaite-5-1-a-Fribourg-le-KRC-Genk-derniere-equipe.jpg","keywords":["belge","Coupe","D\u00e9faite","derni\u00e8re","dEurope","dire","\u00e9quipe","Fribourg","Genk","KRC","revoir"],"articleSection":["Belgique"],"inLanguage":"fr-BE"},{"@type":"WebPage","@id":"https:\/\/vieassociative.be\/actualites\/defaite-5-1-a-fribourg-le-krc-genk-derniere-equipe-belge-a-dire-au-revoir-a-la-coupe-deurope\/","url":"https:\/\/vieassociative.be\/actualites\/defaite-5-1-a-fribourg-le-krc-genk-derniere-equipe-belge-a-dire-au-revoir-a-la-coupe-deurope\/","name":"D\u00e9faite 5-1 \u00e0 Fribourg : le KRC Genk, derni\u00e8re \u00e9quipe belge \u00e0 dire au revoir \u00e0 la Coupe d'Europe | Vie Associative","isPartOf":{"@id":"https:\/\/vieassociative.be\/actualites\/#website"},"primaryImageOfPage":{"@id":"https:\/\/vieassociative.be\/actualites\/defaite-5-1-a-fribourg-le-krc-genk-derniere-equipe-belge-a-dire-au-revoir-a-la-coupe-deurope\/#primaryimage"},"image":{"@id":"https:\/\/vieassociative.be\/actualites\/defaite-5-1-a-fribourg-le-krc-genk-derniere-equipe-belge-a-dire-au-revoir-a-la-coupe-deurope\/#primaryimage"},"thumbnailUrl":"https:\/\/vieassociative.be\/actualites\/wp-content\/uploads\/2026\/03\/1773955020_Defaite-5-1-a-Fribourg-le-KRC-Genk-derniere-equipe.jpg","datePublished":"2026-03-19T21:16:59+00:00","dateModified":"2026-03-19T21:16:59+00:00","breadcrumb":{"@id":"https:\/\/vieassociative.be\/actualites\/defaite-5-1-a-fribourg-le-krc-genk-derniere-equipe-belge-a-dire-au-revoir-a-la-coupe-deurope\/#breadcrumb"},"inLanguage":"fr-BE","potentialAction":[{"@type":"ReadAction","target":["https:\/\/vieassociative.be\/actualites\/defaite-5-1-a-fribourg-le-krc-genk-derniere-equipe-belge-a-dire-au-revoir-a-la-coupe-deurope\/"]}]},{"@type":"ImageObject","inLanguage":"fr-BE","@id":"https:\/\/vieassociative.be\/actualites\/defaite-5-1-a-fribourg-le-krc-genk-derniere-equipe-belge-a-dire-au-revoir-a-la-coupe-deurope\/#primaryimage","url":"https:\/\/vieassociative.be\/actualites\/wp-content\/uploads\/2026\/03\/1773955020_Defaite-5-1-a-Fribourg-le-KRC-Genk-derniere-equipe.jpg","contentUrl":"https:\/\/vieassociative.be\/actualites\/wp-content\/uploads\/2026\/03\/1773955020_Defaite-5-1-a-Fribourg-le-KRC-Genk-derniere-equipe.jpg","width":1200,"height":800,"caption":"D\u00e9faite 5-1 \u00e0 Fribourg : le KRC Genk, derni\u00e8re \u00e9quipe belge \u00e0 dire au revoir \u00e0 la Coupe d'Europe"},{"@type":"BreadcrumbList","@id":"https:\/\/vieassociative.be\/actualites\/defaite-5-1-a-fribourg-le-krc-genk-derniere-equipe-belge-a-dire-au-revoir-a-la-coupe-deurope\/#breadcrumb","itemListElement":[{"@type":"ListItem","position":1,"name":"Accueil","item":"https:\/\/vieassociative.be\/actualites\/"},{"@type":"ListItem","position":2,"name":"D\u00e9faite 5-1 \u00e0 Fribourg : le KRC Genk, derni\u00e8re \u00e9quipe belge \u00e0 dire au revoir \u00e0 la Coupe d&rsquo;Europe"}]},{"@type":"WebSite","@id":"https:\/\/vieassociative.be\/actualites\/#website","url":"https:\/\/vieassociative.be\/actualites\/","name":"Vie Associative","description":"","publisher":{"@id":"https:\/\/vieassociative.be\/actualites\/#organization"},"potentialAction":[{"@type":"SearchAction","target":{"@type":"EntryPoint","urlTemplate":"https:\/\/vieassociative.be\/actualites\/?s={search_term_string}"},"query-input":{"@type":"PropertyValueSpecification","valueRequired":true,"valueName":"search_term_string"}}],"inLanguage":"fr-BE"},{"@type":"Organization","@id":"https:\/\/vieassociative.be\/actualites\/#organization","name":"Vie Associative","url":"https:\/\/vieassociative.be\/actualites\/","logo":{"@type":"ImageObject","inLanguage":"fr-BE","@id":"https:\/\/vieassociative.be\/actualites\/#\/schema\/logo\/image\/","url":"https:\/\/vieassociative.be\/actualites\/wp-content\/uploads\/2024\/09\/cropped-vieassociative_favicon.ico.png","contentUrl":"https:\/\/vieassociative.be\/actualites\/wp-content\/uploads\/2024\/09\/cropped-vieassociative_favicon.ico.png","width":512,"height":512,"caption":"Vie Associative"},"image":{"@id":"https:\/\/vieassociative.be\/actualites\/#\/schema\/logo\/image\/"}},{"@type":"Person","@id":"https:\/\/vieassociative.be\/actualites\/#\/schema\/person\/b87ac4f82f9d4e7b7cec7395b679edc4","name":"Julien","image":{"@type":"ImageObject","inLanguage":"fr-BE","@id":"https:\/\/vieassociative.be\/actualites\/#\/schema\/person\/image\/","url":"https:\/\/vieassociative.be\/actualites\/wp-content\/uploads\/2024\/09\/vie-associative-1-150x150.jpg","contentUrl":"https:\/\/vieassociative.be\/actualites\/wp-content\/uploads\/2024\/09\/vie-associative-1-150x150.jpg","caption":"Julien"},"description":"Je suis Julien, r\u00e9dacteur pour Vie Associative. Passionn\u00e9 par le monde associatif depuis plus de 10 ans, j'ai \u00e0 c\u0153ur de partager des histoires inspirantes et de mettre en lumi\u00e8re les initiatives locales. Mon objectif est de sensibiliser et d'encourager l'engagement communautaire \u00e0 travers mes articles.","sameAs":["https:\/\/vieassociative.be\/"]}]}},"_links":{"self":[{"href":"https:\/\/vieassociative.be\/actualites\/wp-json\/wp\/v2\/posts\/13097"}],"collection":[{"href":"https:\/\/vieassociative.be\/actualites\/wp-json\/wp\/v2\/posts"}],"about":[{"href":"https:\/\/vieassociative.be\/actualites\/wp-json\/wp\/v2\/types\/post"}],"author":[{"embeddable":true,"href":"https:\/\/vieassociative.be\/actualites\/wp-json\/wp\/v2\/users\/1"}],"replies":[{"embeddable":true,"href":"https:\/\/vieassociative.be\/actualites\/wp-json\/wp\/v2\/comments?post=13097"}],"version-history":[{"count":0,"href":"https:\/\/vieassociative.be\/actualites\/wp-json\/wp\/v2\/posts\/13097\/revisions"}],"wp:featuredmedia":[{"embeddable":true,"href":"https:\/\/vieassociative.be\/actualites\/wp-json\/wp\/v2\/media\/13098"}],"wp:attachment":[{"href":"https:\/\/vieassociative.be\/actualites\/wp-json\/wp\/v2\/media?parent=13097"}],"wp:term":[{"taxonomy":"category","embeddable":true,"href":"https:\/\/vieassociative.be\/actualites\/wp-json\/wp\/v2\/categories?post=13097"},{"taxonomy":"post_tag","embeddable":true,"href":"https:\/\/vieassociative.be\/actualites\/wp-json\/wp\/v2\/tags?post=13097"}],"curies":[{"name":"wp","href":"https:\/\/api.w.org\/{rel}","templated":true}]}}