{"id":13095,"date":"2026-03-19T21:18:29","date_gmt":"2026-03-19T20:18:29","guid":{"rendered":"https:\/\/vieassociative.be\/actualites\/dapres-mon-experience-ce-bidet-a-460-vaut-chaque-centime\/"},"modified":"2026-03-19T21:18:29","modified_gmt":"2026-03-19T20:18:29","slug":"dapres-mon-experience-ce-bidet-a-460-vaut-chaque-centime","status":"publish","type":"post","link":"https:\/\/vieassociative.be\/actualites\/dapres-mon-experience-ce-bidet-a-460-vaut-chaque-centime\/","title":{"rendered":"D&rsquo;apr\u00e8s mon exp\u00e9rience, ce bidet \u00e0 460 $ vaut chaque centime"},"content":{"rendered":"<p>Nous pouvons gagner une commission sur les liens sur cette page.<\/p>\n<p>Depuis que je rentre d&rsquo;un voyage au Japon en 2019, j&rsquo;utilise un bidet. Le Japon prend au s\u00e9rieux son jeu d\u2019hygi\u00e8ne et de bidet. Leurs bidets \u00e9taient incroyables, avec des fonctionnalit\u00e9s et une technologie que je n&rsquo;aurais jamais imagin\u00e9 que les gens utilisaient dans leurs toilettes. Mais j&rsquo;ai d\u00e9cid\u00e9 de commencer simplement, avec un bidet de base \u00e0 56 $ qui a fait le travail. Mais \u00e0 l\u2019arriv\u00e9e de l\u2019hiver, l\u2019eau et les si\u00e8ges de toilettes de notre salle de bains non isol\u00e9e sont devenus intol\u00e9rables. Nous avons donc d\u00e9cid\u00e9 qu\u2019il \u00e9tait temps de les am\u00e9liorer. Le Coway Bidetmega 500S a tellement impressionn\u00e9 ma femme et moi que nous gardons parfois nos n\u00e9cessit\u00e9s jusqu&rsquo;\u00e0 notre retour \u00e0 la maison juste pour utiliser notre tout nouveau bidet.<\/p>\n<div class=\"shadow-b-2 mb-12 mt-10 rounded-md border-2 border-(#F0F0F0) px-6 py-2 shadow-lg md:px-12\" role=\"region\" aria-label=\"Products List\">\n<div class=\"flex w-full gap-x-5\">\n<div class=\"flex w-full flex-col flex-nowrap justify-center gap-2 text-black no-underline md:order-2 md:gap-y-6\">\n<div class=\"flex flex-col justify-between gap-y-2 md:w-full md:gap-y-1\">\n<div class=\"block font-sans text-xs font-semibold capitalize leading-3 text-gray-900 md:leading-4\">Taille allong\u00e9e.<\/div>\n<div class=\"block w-fit cursor-pointer font-akshar text-lg font-medium leading-5 text-brand-green duration-200 ease-in-out hover:text-brand-green-700 md:text-xl md:leading-6\">\n<p>                            Coway Bidetmega 500S\n                        <\/p><\/div>\n<\/p><\/div>\n<div class=\"hidden md:flex md:justify-between md:gap-x-4\">\n<div class=\"w-full mb-0 md:flex md:flex-col md:justify-center font-sans leading-4 text-black\">\n<div class=\"flex flex-wrap items-center justify-center gap-1 md:justify-start\">\n        <span class=\"font-bold\"><\/p>\n<p>            460,49\u00a0$<br \/>\n                            <span class=\"font-medium\">chez Amazon<\/span><br \/>\n                    <\/span>\n            <\/div>\n<div class=\"flex items-center justify-center gap-x-1 font-bold md:justify-start\">\n            <span class=\"text-sm line-through\">512,02\u00a0$<\/span><br \/>\n            <span class=\"text-sm text-brand-green\">\u00c9conomisez 51,53 $<\/span>\n        <\/div>\n<\/p><\/div>\n<p>                            <button class=\"flex justify-center items-center w-full bg-brand-green text-white text-base font-sans font-medium rounded-md hover:bg-brand-green-700 hover:cursor-pointer md:text-sm hidden self-end h-12 max-w-(10rem) duration-200 ease-in-out hover:bg-brand-green-700 md:flex md:h-10\"><\/p>\n<p>    Obtenez une offre<br \/>\n<\/button>\n                        <\/div>\n<\/p><\/div>\n<div class=\"flex aspect-video h-(90px) shrink-0 items-center justify-center self-center md:order-1\">\n                        <img decoding=\"async\" class=\"m-0 max-h-full max-w-full rounded-md\" src=\"https:\/\/vieassociative.be\/actualites\/wp-content\/uploads\/2026\/03\/Dapres-mon-experience-ce-bidet-a-460-vaut-chaque.jpg\" alt=\"Coway Bidet \u00e9lectronique allong\u00e9 avec chauffage instantan\u00e9 de l'eau, si\u00e8ge chauffant et s\u00e8che-linge, couvercle \u00e0 ouverture et fermeture automatique, veilleuse, d\u00e9sodorisant, buse en acier inoxydable, t\u00e9l\u00e9commande 500S\" width=\"auto\" height=\"auto\" loading=\"lazy\">\n                    <\/div>\n<\/p><\/div>\n<p>                            <button class=\"flex justify-center items-center w-full bg-brand-green text-white text-base font-sans font-medium rounded-md hover:bg-brand-green-700 hover:cursor-pointer md:text-sm w-full h-12 duration-200 ease-in-out hover:bg-brand-green-700 md:hidden md:h-10\"><\/p>\n<p>    Obtenez une offre<br \/>\n<\/button><\/p>\n<div class=\"flex flex-col items-center w-full md:hidden font-sans leading-4 text-black\">\n<div class=\"flex flex-wrap items-center justify-center gap-1 md:justify-start\">\n        <span class=\"font-bold\"><\/p>\n<p>            460,49\u00a0$<br \/>\n                            <span class=\"font-medium\">chez Amazon<\/span><br \/>\n                    <\/span>\n            <\/div>\n<div class=\"flex items-center justify-center gap-x-1 font-bold md:justify-start\">\n            <span class=\"text-sm line-through\">512,02\u00a0$<\/span><br \/>\n            <span class=\"text-sm text-brand-green\">\u00c9conomisez 51,53 $<\/span>\n        <\/div>\n<\/p><\/div>\n<div class=\"flex w-full gap-x-5\">\n<div class=\"flex w-full flex-col flex-nowrap justify-center gap-2 text-black no-underline md:order-2 md:gap-y-6\">\n<div class=\"flex flex-col justify-between gap-y-2 md:w-full md:gap-y-1\">\n<div class=\"block font-sans text-xs font-semibold capitalize leading-3 text-gray-900 md:leading-4\">Taille ronde.<\/div>\n<div class=\"block w-fit cursor-pointer font-akshar text-lg font-medium leading-5 text-brand-green duration-200 ease-in-out hover:text-brand-green-700 md:text-xl md:leading-6\">\n<p>                            Coway Bidetmega 500S\n                        <\/p><\/div>\n<\/p><\/div>\n<div class=\"hidden md:flex md:justify-between md:gap-x-4\">\n<div class=\"w-full mb-0 md:flex md:flex-col md:justify-center font-sans leading-4 text-black\">\n<div class=\"flex flex-wrap items-center justify-center gap-1 md:justify-start\">\n        <span class=\"font-bold\"><\/p>\n<p>            429,00\u00a0$<br \/>\n                            <span class=\"font-medium\">chez Amazon<\/span><br \/>\n                    <\/span>\n            <\/div>\n<div class=\"flex items-center justify-center gap-x-1 font-bold md:justify-start\">\n            <span class=\"text-sm line-through\">699,00\u00a0$<\/span><br \/>\n            <span class=\"text-sm text-brand-green\">\u00c9conomisez 270,00\u00a0$<\/span>\n        <\/div>\n<\/p><\/div>\n<p>                            <button class=\"flex justify-center items-center w-full bg-brand-green text-white text-base font-sans font-medium rounded-md hover:bg-brand-green-700 hover:cursor-pointer md:text-sm hidden self-end h-12 max-w-(10rem) duration-200 ease-in-out hover:bg-brand-green-700 md:flex md:h-10\"><\/p>\n<p>    Obtenez une offre<br \/>\n<\/button>\n                        <\/div>\n<\/p><\/div>\n<div class=\"flex aspect-video h-(90px) shrink-0 items-center justify-center self-center md:order-1\">\n                        <img decoding=\"async\" class=\"m-0 max-h-full max-w-full rounded-md\" src=\"https:\/\/vieassociative.be\/actualites\/wp-content\/uploads\/2026\/03\/1773951509_680_Dapres-mon-experience-ce-bidet-a-460-vaut-chaque.jpg\" alt=\"Coway Bidet \u00e9lectronique rond avec chauffage instantan\u00e9 de l'eau, si\u00e8ge chauffant et s\u00e8che-linge, couvercle \u00e0 ouverture et fermeture automatique, veilleuse, d\u00e9sodorisant, buse en acier inoxydable, t\u00e9l\u00e9commande 500S\" width=\"auto\" height=\"auto\" loading=\"lazy\">\n                    <\/div>\n<\/p><\/div>\n<p>                            <button class=\"flex justify-center items-center w-full bg-brand-green text-white text-base font-sans font-medium rounded-md hover:bg-brand-green-700 hover:cursor-pointer md:text-sm w-full h-12 duration-200 ease-in-out hover:bg-brand-green-700 md:hidden md:h-10\"><\/p>\n<p>    Obtenez une offre<br \/>\n<\/button><\/p>\n<div class=\"flex flex-col items-center w-full md:hidden font-sans leading-4 text-black\">\n<div class=\"flex flex-wrap items-center justify-center gap-1 md:justify-start\">\n        <span class=\"font-bold\"><\/p>\n<p>            429,00\u00a0$<br \/>\n                            <span class=\"font-medium\">chez Amazon<\/span><br \/>\n                    <\/span>\n            <\/div>\n<div class=\"flex items-center justify-center gap-x-1 font-bold md:justify-start\">\n            <span class=\"text-sm line-through\">699,00\u00a0$<\/span><br \/>\n            <span class=\"text-sm text-brand-green\">\u00c9conomisez 270,00\u00a0$<\/span>\n        <\/div>\n<\/p><\/div>\n<p>        <button class=\"mb-4 mt-6 pr-4 font-akshar text-sm font-medium text-gray-900 hover:cursor-pointer hover:text-brand-green md:pr-8\"><\/p>\n<p>        VOIR -1 PLUS<\/p>\n<p>    <\/button>\n<\/div>\n<p>Le Coway 500S est disponible dans des tailles rondes allong\u00e9es et plus petites, toutes deux faciles \u00e0 installer. Mais j&rsquo;exhorte toute personne d\u00e9pensant plus de 400 $ pour un bidet de luxe \u00e0 passer d&rsquo;abord \u00e0 des toilettes allong\u00e9es, que vous pouvez trouver pour 100 $ chez Home Depot. L&rsquo;installation n&rsquo;est pas difficile : je l&rsquo;ai fait moi-m\u00eame en regardant des vid\u00e9os YouTube, mais vous pouvez toujours demander \u00e0 un plombier de le faire pour vous pour environ 150\u00a0$. L\u2019exp\u00e9rience sur des toilettes allong\u00e9es fait une grande diff\u00e9rence. Les si\u00e8ges de toilettes des bidets sont d\u00e9j\u00e0 plus petits que les si\u00e8ges ordinaires, donc un si\u00e8ge rond plus petit rend les choses plut\u00f4t exigu\u00ebs (j&rsquo;ai d&rsquo;abord essay\u00e9 la version ronde et je ne l&rsquo;ai pas appr\u00e9ci\u00e9). Une chose importante \u00e0 garder \u00e0 l\u2019esprit est que vous aurez besoin d\u2019une prise de terre \u00e0 proximit\u00e9 des toilettes pour brancher le bidet.<\/p>\n<div class=\"eloquent-imagery-image\">\n<div class=\"flex justify-center\">\n                    <img decoding=\"async\" class=\"border border-gray-100\" src=\"https:\/\/vieassociative.be\/actualites\/wp-content\/uploads\/2026\/03\/1773951509_61_Dapres-mon-experience-ce-bidet-a-460-vaut-chaque.jpg\" alt=\"Coway 500S dans ma salle de bain\" width=\"2000\" height=\"1500\" loading=\"lazy\">\n            <\/div>\n<div class=\"mt-2 font-akshar\">\n                            <span class=\"image-caption block text-sm leading-4 tracking-wide text-(#1F2937)\"><\/span><br \/>\n                                        <span class=\"mt-1 block font-sans text-xs tracking-normal text-gray-600\">Cr\u00e9dit : Daniel Oropeza<\/span>\n                    <\/div>\n<\/p><\/div>\n<p>Comme je l&rsquo;ai mentionn\u00e9 plus t\u00f4t, ma salle de bain n&rsquo;est pas isol\u00e9e, donc les matin\u00e9es sont glaciales. Cela nous a fait beaucoup appr\u00e9cier les fonctions de si\u00e8ge et de chauffage de l\u2019eau. Il existe trois niveaux que vous pouvez utiliser pour r\u00e9gler les niveaux de temp\u00e9rature avec la t\u00e9l\u00e9commande : vert, orange et rouge, chacun devenant progressivement plus chaud. Il existe \u00e9galement un profil utilisateur soign\u00e9 sur la t\u00e9l\u00e9commande qui enregistre les param\u00e8tres sous cet utilisateur, de cette fa\u00e7on, ma femme et moi n&rsquo;avons pas \u00e0 continuer \u00e0 nous battre pour les param\u00e8tres. <\/p>\n<div class=\"eloquent-imagery-image\">\n<div class=\"flex justify-center\">\n                    <img decoding=\"async\" class=\"border border-gray-100\" src=\"https:\/\/vieassociative.be\/actualites\/wp-content\/uploads\/2026\/03\/1773951509_476_Dapres-mon-experience-ce-bidet-a-460-vaut-chaque.jpg\" alt=\"T\u00e9l\u00e9commande Coway 500S dans ma salle de bain\" width=\"2000\" height=\"1500\" loading=\"lazy\">\n            <\/div>\n<div class=\"mt-2 font-akshar\">\n                            <span class=\"image-caption block text-sm leading-4 tracking-wide text-(#1F2937)\"><\/span><br \/>\n                                        <span class=\"mt-1 block font-sans text-xs tracking-normal text-gray-600\">Cr\u00e9dit : Daniel Oropeza<\/span>\n                    <\/div>\n<\/p><\/div>\n<p>M\u00eame si j&rsquo;appr\u00e9cie les fonctions de chauffage, il y a un autre aspect qui fait que ce bidet vaut chaque centime : la buse autonettoyante. Avec mes anciens bidets, les autonettoyages n&rsquo;\u00e9taient pas excellents, ce qui signifie que de temps en temps, je devais mettre un peu d&rsquo;huile de coude sur le bidet pour qu&rsquo;il redevienne d\u00e9cent (je d\u00e9testais \u00e7a). Le Coway 500S effectue l&rsquo;autonettoyage automatiquement et lui donne un aspect neuf gr\u00e2ce \u00e0 trois m\u00e9thodes : une lumi\u00e8re UV, un spray de nettoyage de buse et un bouclier d&rsquo;eau qui retient les particules qui remontent et sortent du bol. Jusqu&rsquo;\u00e0 pr\u00e9sent, j&rsquo;ai \u00e9t\u00e9 tr\u00e8s impressionn\u00e9 par cette fonctionnalit\u00e9.<\/p>\n<p>Il existe \u00e9galement d&rsquo;autres fonctionnalit\u00e9s, notamment un s\u00e9cheur d&rsquo;air (personnellement, je ne trouve pas cela particuli\u00e8rement efficace), un bouton tactile sur la t\u00e9l\u00e9commande pour ouvrir le couvercle (fonctionne environ 80 % du temps), une veilleuse et un d\u00e9sodorisant. Si vous \u00eates amateur de bidet, le Coway 500S est un bidet incroyable qui me ram\u00e8ne au Japon. Cela a am\u00e9lior\u00e9 ma qualit\u00e9 de vie et, pour moi, cela valait chaque centime.<\/p>\n<div class=\" relative flex justify-center py-16 md:left-1\/2 md:w-(780px) md:max-w-max md:-translate-x-1\/2\">\n<div class=\"w-max text-center sm:text-left\">\n<div class=\"custom-gradient-background mb-6 rounded-md p-(2px) sm:rounded-tl-none\">\n<div class=\"flex flex-col rounded bg-white sm:rounded-tl-none\">\n                    <span class=\"-mt-4 block w-fit max-w-(calc(100%-1rem)) self-center bg-white px-3 text-center font-akshar text-xl font-medium capitalize text-gray-800 sm:max-w-(calc(100%-2.5rem)) sm:self-start sm:px-10 sm:text-left sm:text-2xl\">Nos meilleures offres de vente de printemps Amazon approuv\u00e9es par les \u00e9diteurs en ce moment<\/span><\/p>\n<div class=\"flex flex-col gap-3 p-3 pb-4 text-sm sm:p-10 sm:pt-6 sm:text-justify sm:text-base\">\n<div>\n<p>    \u00c9couteurs sans fil \u00e0 suppression active du bruit Apple AirPods 4<\/p>\n<p>                                <span class=\"text-black\"><br \/>\n                                    \u2014<br \/>\n                                    <span class=\"font-bold\">148,99\u00a0$<\/span><br \/>\n                                    <span class=\"!text-xs italic sm:!text-sm\"><\/p>\n<p>                                        (Prix catalogue 179,00 $)<br \/>\n                                    <\/span><br \/>\n                                <\/span>\n                            <\/div>\n<div>\n<p>    Apple iPad 11&Prime; 128 Go A16 WiFi Tablette (Bleu, 2025)<\/p>\n<p>                                <span class=\"text-black\"><br \/>\n                                    \u2014<br \/>\n                                    <span class=\"font-bold\">299,00\u00a0$<\/span><br \/>\n                                    <span class=\"!text-xs italic sm:!text-sm\"><\/p>\n<p>                                        (Prix catalogue 349,00 $)<br \/>\n                                    <\/span><br \/>\n                                <\/span>\n                            <\/div>\n<div>\n<p>    Sony WH1000XM6 \u2013 Meilleur casque sans fil \u00e0 r\u00e9duction de bruit<\/p>\n<p>                                <span class=\"text-black\"><br \/>\n                                    \u2014<br \/>\n                                    <span class=\"font-bold\">398,00\u00a0$<\/span><br \/>\n                                    <span class=\"!text-xs italic sm:!text-sm\"><\/p>\n<p>                                        (Prix catalogue 459,99 $)<br \/>\n                                    <\/span><br \/>\n                                <\/span>\n                            <\/div>\n<div>\n<p>    Apple Watch Series 11 (GPS, 42 mm, bracelet sport noir S\/M)<\/p>\n<p>                                <span class=\"text-black\"><br \/>\n                                    \u2014<br \/>\n                                    <span class=\"font-bold\">299,00\u00a0$<\/span><br \/>\n                                    <span class=\"!text-xs italic sm:!text-sm\"><\/p>\n<p>                                        (Prix catalogue 399,00 $)<br \/>\n                                    <\/span><br \/>\n                                <\/span>\n                            <\/div>\n<div>\n<p>    Sonnette vid\u00e9o sans fil Blink (mod\u00e8le le plus r\u00e9cent) + module de synchronisation<\/p>\n<p>                                <span class=\"text-black\"><br \/>\n                                    \u2014<br \/>\n                                    <span class=\"font-bold\">35,99\u00a0$<\/span><br \/>\n                                    <span class=\"!text-xs italic sm:!text-sm\"><\/p>\n<p>                                        (Prix catalogue 69,99 $)<br \/>\n                                    <\/span><br \/>\n                                <\/span>\n                            <\/div>\n<div>\n<p>    Cam\u00e9ra de s\u00e9curit\u00e9 filaire Ring Indoor Cam Plus 2K (Blanc)<\/p>\n<p>                                <span class=\"text-black\"><br \/>\n                                    \u2014<br \/>\n                                    <span class=\"font-bold\">39,99\u00a0$<\/span><br \/>\n                                    <span class=\"!text-xs italic sm:!text-sm\"><\/p>\n<p>                                        (Prix catalogue 59,99 $)<br \/>\n                                    <\/span><br \/>\n                                <\/span>\n                            <\/div>\n<div>\n<p>    Lecteur de streaming Fire TV Stick 4K Max avec t\u00e9l\u00e9commande<\/p>\n<p>                                <span class=\"text-black\"><br \/>\n                                    \u2014<br \/>\n                                    <span class=\"font-bold\">34,99\u00a0$<\/span><br \/>\n                                    <span class=\"!text-xs italic sm:!text-sm\"><\/p>\n<p>                                        (Prix catalogue 59,99 $)<br \/>\n                                    <\/span><br \/>\n                                <\/span>\n                            <\/div>\n<\/p><\/div>\n<\/p><\/div>\n<\/p><\/div>\n<div class=\"flex flex-col items-center justify-between text-black sm:flex-row sm:px-6\">\n                <span class=\"text-xs italic sm:ml-7 sm:text-sm\">Les offres sont s\u00e9lectionn\u00e9es par notre \u00e9quipe commerciale<\/span><\/p><\/div>\n<\/p><\/div>\n<\/p><\/div>\n","protected":false},"excerpt":{"rendered":"<p>Nous pouvons gagner une commission sur les liens sur cette page. Depuis que je rentre d&rsquo;un voyage au Japon en 2019, j&rsquo;utilise un bidet. Le<\/p>\n","protected":false},"author":1,"featured_media":13096,"comment_status":"","ping_status":"","sticky":false,"template":"","format":"standard","meta":{"footnotes":""},"categories":[13],"tags":[10290,10291,90,10289,1477,49,522],"class_list":["post-13095","post","type-post","status-publish","format-standard","has-post-thumbnail","hentry","category-technologie","tag-bidet","tag-centime","tag-chaque","tag-dapres","tag-experience","tag-mon","tag-vaut","generate-columns","tablet-grid-50","mobile-grid-100","grid-parent","grid-33"],"yoast_head":"<!-- This site is optimized with the Yoast SEO plugin v24.0 - https:\/\/yoast.com\/wordpress\/plugins\/seo\/ -->\n<title>D&#039;apr\u00e8s mon exp\u00e9rience, ce bidet \u00e0 460 $ vaut chaque centime | Vie Associative<\/title>\n<meta name=\"robots\" content=\"index, follow, max-snippet:-1, max-image-preview:large, max-video-preview:-1\" \/>\n<link rel=\"canonical\" href=\"https:\/\/vieassociative.be\/actualites\/dapres-mon-experience-ce-bidet-a-460-vaut-chaque-centime\/\" \/>\n<meta property=\"og:locale\" content=\"fr_FR\" \/>\n<meta property=\"og:type\" content=\"article\" \/>\n<meta property=\"og:title\" content=\"D&#039;apr\u00e8s mon exp\u00e9rience, ce bidet \u00e0 460 $ vaut chaque centime | Vie Associative\" \/>\n<meta property=\"og:description\" content=\"Nous pouvons gagner une commission sur les liens sur cette page. Depuis que je rentre d&rsquo;un voyage au Japon en 2019, j&rsquo;utilise un bidet. Le\" \/>\n<meta property=\"og:url\" content=\"https:\/\/vieassociative.be\/actualites\/dapres-mon-experience-ce-bidet-a-460-vaut-chaque-centime\/\" \/>\n<meta property=\"og:site_name\" content=\"Vie Associative\" \/>\n<meta property=\"article:published_time\" content=\"2026-03-19T20:18:29+00:00\" \/>\n<meta property=\"og:image\" content=\"https:\/\/vieassociative.be\/actualites\/wp-content\/uploads\/2026\/03\/Dapres-mon-experience-ce-bidet-a-460-vaut-chaque.jpg\" \/>\n<meta name=\"author\" content=\"Julien\" \/>\n<meta name=\"twitter:card\" content=\"summary_large_image\" \/>\n<meta name=\"twitter:label1\" content=\"\u00c9crit par\" \/>\n\t<meta name=\"twitter:data1\" content=\"Julien\" \/>\n\t<meta name=\"twitter:label2\" content=\"Dur\u00e9e de lecture est.\" \/>\n\t<meta name=\"twitter:data2\" content=\"4 minutes\" \/>\n<script type=\"application\/ld+json\" class=\"yoast-schema-graph\">{\"@context\":\"https:\/\/schema.org\",\"@graph\":[{\"@type\":\"Article\",\"@id\":\"https:\/\/vieassociative.be\/actualites\/dapres-mon-experience-ce-bidet-a-460-vaut-chaque-centime\/#article\",\"isPartOf\":{\"@id\":\"https:\/\/vieassociative.be\/actualites\/dapres-mon-experience-ce-bidet-a-460-vaut-chaque-centime\/\"},\"author\":{\"name\":\"Julien\",\"@id\":\"https:\/\/vieassociative.be\/actualites\/#\/schema\/person\/b87ac4f82f9d4e7b7cec7395b679edc4\"},\"headline\":\"D&rsquo;apr\u00e8s mon exp\u00e9rience, ce bidet \u00e0 460 $ vaut chaque centime\",\"datePublished\":\"2026-03-19T20:18:29+00:00\",\"dateModified\":\"2026-03-19T20:18:29+00:00\",\"mainEntityOfPage\":{\"@id\":\"https:\/\/vieassociative.be\/actualites\/dapres-mon-experience-ce-bidet-a-460-vaut-chaque-centime\/\"},\"wordCount\":796,\"publisher\":{\"@id\":\"https:\/\/vieassociative.be\/actualites\/#organization\"},\"image\":{\"@id\":\"https:\/\/vieassociative.be\/actualites\/dapres-mon-experience-ce-bidet-a-460-vaut-chaque-centime\/#primaryimage\"},\"thumbnailUrl\":\"https:\/\/vieassociative.be\/actualites\/wp-content\/uploads\/2026\/03\/Dapres-mon-experience-ce-bidet-a-460-vaut-chaque.png\",\"keywords\":[\"bidet\",\"centime\",\"chaque\",\"Dapr\u00e8s\",\"exp\u00e9rience\",\"Mon\",\"vaut\"],\"articleSection\":[\"Technologie\"],\"inLanguage\":\"fr-BE\"},{\"@type\":\"WebPage\",\"@id\":\"https:\/\/vieassociative.be\/actualites\/dapres-mon-experience-ce-bidet-a-460-vaut-chaque-centime\/\",\"url\":\"https:\/\/vieassociative.be\/actualites\/dapres-mon-experience-ce-bidet-a-460-vaut-chaque-centime\/\",\"name\":\"D'apr\u00e8s mon exp\u00e9rience, ce bidet \u00e0 460 $ vaut chaque centime | Vie Associative\",\"isPartOf\":{\"@id\":\"https:\/\/vieassociative.be\/actualites\/#website\"},\"primaryImageOfPage\":{\"@id\":\"https:\/\/vieassociative.be\/actualites\/dapres-mon-experience-ce-bidet-a-460-vaut-chaque-centime\/#primaryimage\"},\"image\":{\"@id\":\"https:\/\/vieassociative.be\/actualites\/dapres-mon-experience-ce-bidet-a-460-vaut-chaque-centime\/#primaryimage\"},\"thumbnailUrl\":\"https:\/\/vieassociative.be\/actualites\/wp-content\/uploads\/2026\/03\/Dapres-mon-experience-ce-bidet-a-460-vaut-chaque.png\",\"datePublished\":\"2026-03-19T20:18:29+00:00\",\"dateModified\":\"2026-03-19T20:18:29+00:00\",\"breadcrumb\":{\"@id\":\"https:\/\/vieassociative.be\/actualites\/dapres-mon-experience-ce-bidet-a-460-vaut-chaque-centime\/#breadcrumb\"},\"inLanguage\":\"fr-BE\",\"potentialAction\":[{\"@type\":\"ReadAction\",\"target\":[\"https:\/\/vieassociative.be\/actualites\/dapres-mon-experience-ce-bidet-a-460-vaut-chaque-centime\/\"]}]},{\"@type\":\"ImageObject\",\"inLanguage\":\"fr-BE\",\"@id\":\"https:\/\/vieassociative.be\/actualites\/dapres-mon-experience-ce-bidet-a-460-vaut-chaque-centime\/#primaryimage\",\"url\":\"https:\/\/vieassociative.be\/actualites\/wp-content\/uploads\/2026\/03\/Dapres-mon-experience-ce-bidet-a-460-vaut-chaque.png\",\"contentUrl\":\"https:\/\/vieassociative.be\/actualites\/wp-content\/uploads\/2026\/03\/Dapres-mon-experience-ce-bidet-a-460-vaut-chaque.png\",\"width\":1200,\"height\":675,\"caption\":\"D'apr\u00e8s mon exp\u00e9rience, ce bidet \u00e0 460 $ vaut chaque centime\"},{\"@type\":\"BreadcrumbList\",\"@id\":\"https:\/\/vieassociative.be\/actualites\/dapres-mon-experience-ce-bidet-a-460-vaut-chaque-centime\/#breadcrumb\",\"itemListElement\":[{\"@type\":\"ListItem\",\"position\":1,\"name\":\"Accueil\",\"item\":\"https:\/\/vieassociative.be\/actualites\/\"},{\"@type\":\"ListItem\",\"position\":2,\"name\":\"D&rsquo;apr\u00e8s mon exp\u00e9rience, ce bidet \u00e0 460 $ vaut chaque centime\"}]},{\"@type\":\"WebSite\",\"@id\":\"https:\/\/vieassociative.be\/actualites\/#website\",\"url\":\"https:\/\/vieassociative.be\/actualites\/\",\"name\":\"Vie Associative\",\"description\":\"\",\"publisher\":{\"@id\":\"https:\/\/vieassociative.be\/actualites\/#organization\"},\"potentialAction\":[{\"@type\":\"SearchAction\",\"target\":{\"@type\":\"EntryPoint\",\"urlTemplate\":\"https:\/\/vieassociative.be\/actualites\/?s={search_term_string}\"},\"query-input\":{\"@type\":\"PropertyValueSpecification\",\"valueRequired\":true,\"valueName\":\"search_term_string\"}}],\"inLanguage\":\"fr-BE\"},{\"@type\":\"Organization\",\"@id\":\"https:\/\/vieassociative.be\/actualites\/#organization\",\"name\":\"Vie Associative\",\"url\":\"https:\/\/vieassociative.be\/actualites\/\",\"logo\":{\"@type\":\"ImageObject\",\"inLanguage\":\"fr-BE\",\"@id\":\"https:\/\/vieassociative.be\/actualites\/#\/schema\/logo\/image\/\",\"url\":\"https:\/\/vieassociative.be\/actualites\/wp-content\/uploads\/2024\/09\/cropped-vieassociative_favicon.ico.png\",\"contentUrl\":\"https:\/\/vieassociative.be\/actualites\/wp-content\/uploads\/2024\/09\/cropped-vieassociative_favicon.ico.png\",\"width\":512,\"height\":512,\"caption\":\"Vie Associative\"},\"image\":{\"@id\":\"https:\/\/vieassociative.be\/actualites\/#\/schema\/logo\/image\/\"}},{\"@type\":\"Person\",\"@id\":\"https:\/\/vieassociative.be\/actualites\/#\/schema\/person\/b87ac4f82f9d4e7b7cec7395b679edc4\",\"name\":\"Julien\",\"image\":{\"@type\":\"ImageObject\",\"inLanguage\":\"fr-BE\",\"@id\":\"https:\/\/vieassociative.be\/actualites\/#\/schema\/person\/image\/\",\"url\":\"https:\/\/vieassociative.be\/actualites\/wp-content\/uploads\/2024\/09\/vie-associative-1-150x150.jpg\",\"contentUrl\":\"https:\/\/vieassociative.be\/actualites\/wp-content\/uploads\/2024\/09\/vie-associative-1-150x150.jpg\",\"caption\":\"Julien\"},\"description\":\"Je suis Julien, r\u00e9dacteur pour Vie Associative. Passionn\u00e9 par le monde associatif depuis plus de 10 ans, j'ai \u00e0 c\u0153ur de partager des histoires inspirantes et de mettre en lumi\u00e8re les initiatives locales. Mon objectif est de sensibiliser et d'encourager l'engagement communautaire \u00e0 travers mes articles.\",\"sameAs\":[\"https:\/\/vieassociative.be\/\"]}]}<\/script>\n<!-- \/ Yoast SEO plugin. -->","yoast_head_json":{"title":"D'apr\u00e8s mon exp\u00e9rience, ce bidet \u00e0 460 $ vaut chaque centime | Vie Associative","robots":{"index":"index","follow":"follow","max-snippet":"max-snippet:-1","max-image-preview":"max-image-preview:large","max-video-preview":"max-video-preview:-1"},"canonical":"https:\/\/vieassociative.be\/actualites\/dapres-mon-experience-ce-bidet-a-460-vaut-chaque-centime\/","og_locale":"fr_FR","og_type":"article","og_title":"D'apr\u00e8s mon exp\u00e9rience, ce bidet \u00e0 460 $ vaut chaque centime | Vie Associative","og_description":"Nous pouvons gagner une commission sur les liens sur cette page. Depuis que je rentre d&rsquo;un voyage au Japon en 2019, j&rsquo;utilise un bidet. Le","og_url":"https:\/\/vieassociative.be\/actualites\/dapres-mon-experience-ce-bidet-a-460-vaut-chaque-centime\/","og_site_name":"Vie Associative","article_published_time":"2026-03-19T20:18:29+00:00","og_image":[{"url":"https:\/\/vieassociative.be\/actualites\/wp-content\/uploads\/2026\/03\/Dapres-mon-experience-ce-bidet-a-460-vaut-chaque.jpg","type":"","width":"","height":""}],"author":"Julien","twitter_card":"summary_large_image","twitter_misc":{"\u00c9crit par":"Julien","Dur\u00e9e de lecture est.":"4 minutes"},"schema":{"@context":"https:\/\/schema.org","@graph":[{"@type":"Article","@id":"https:\/\/vieassociative.be\/actualites\/dapres-mon-experience-ce-bidet-a-460-vaut-chaque-centime\/#article","isPartOf":{"@id":"https:\/\/vieassociative.be\/actualites\/dapres-mon-experience-ce-bidet-a-460-vaut-chaque-centime\/"},"author":{"name":"Julien","@id":"https:\/\/vieassociative.be\/actualites\/#\/schema\/person\/b87ac4f82f9d4e7b7cec7395b679edc4"},"headline":"D&rsquo;apr\u00e8s mon exp\u00e9rience, ce bidet \u00e0 460 $ vaut chaque centime","datePublished":"2026-03-19T20:18:29+00:00","dateModified":"2026-03-19T20:18:29+00:00","mainEntityOfPage":{"@id":"https:\/\/vieassociative.be\/actualites\/dapres-mon-experience-ce-bidet-a-460-vaut-chaque-centime\/"},"wordCount":796,"publisher":{"@id":"https:\/\/vieassociative.be\/actualites\/#organization"},"image":{"@id":"https:\/\/vieassociative.be\/actualites\/dapres-mon-experience-ce-bidet-a-460-vaut-chaque-centime\/#primaryimage"},"thumbnailUrl":"https:\/\/vieassociative.be\/actualites\/wp-content\/uploads\/2026\/03\/Dapres-mon-experience-ce-bidet-a-460-vaut-chaque.png","keywords":["bidet","centime","chaque","Dapr\u00e8s","exp\u00e9rience","Mon","vaut"],"articleSection":["Technologie"],"inLanguage":"fr-BE"},{"@type":"WebPage","@id":"https:\/\/vieassociative.be\/actualites\/dapres-mon-experience-ce-bidet-a-460-vaut-chaque-centime\/","url":"https:\/\/vieassociative.be\/actualites\/dapres-mon-experience-ce-bidet-a-460-vaut-chaque-centime\/","name":"D'apr\u00e8s mon exp\u00e9rience, ce bidet \u00e0 460 $ vaut chaque centime | Vie Associative","isPartOf":{"@id":"https:\/\/vieassociative.be\/actualites\/#website"},"primaryImageOfPage":{"@id":"https:\/\/vieassociative.be\/actualites\/dapres-mon-experience-ce-bidet-a-460-vaut-chaque-centime\/#primaryimage"},"image":{"@id":"https:\/\/vieassociative.be\/actualites\/dapres-mon-experience-ce-bidet-a-460-vaut-chaque-centime\/#primaryimage"},"thumbnailUrl":"https:\/\/vieassociative.be\/actualites\/wp-content\/uploads\/2026\/03\/Dapres-mon-experience-ce-bidet-a-460-vaut-chaque.png","datePublished":"2026-03-19T20:18:29+00:00","dateModified":"2026-03-19T20:18:29+00:00","breadcrumb":{"@id":"https:\/\/vieassociative.be\/actualites\/dapres-mon-experience-ce-bidet-a-460-vaut-chaque-centime\/#breadcrumb"},"inLanguage":"fr-BE","potentialAction":[{"@type":"ReadAction","target":["https:\/\/vieassociative.be\/actualites\/dapres-mon-experience-ce-bidet-a-460-vaut-chaque-centime\/"]}]},{"@type":"ImageObject","inLanguage":"fr-BE","@id":"https:\/\/vieassociative.be\/actualites\/dapres-mon-experience-ce-bidet-a-460-vaut-chaque-centime\/#primaryimage","url":"https:\/\/vieassociative.be\/actualites\/wp-content\/uploads\/2026\/03\/Dapres-mon-experience-ce-bidet-a-460-vaut-chaque.png","contentUrl":"https:\/\/vieassociative.be\/actualites\/wp-content\/uploads\/2026\/03\/Dapres-mon-experience-ce-bidet-a-460-vaut-chaque.png","width":1200,"height":675,"caption":"D'apr\u00e8s mon exp\u00e9rience, ce bidet \u00e0 460 $ vaut chaque centime"},{"@type":"BreadcrumbList","@id":"https:\/\/vieassociative.be\/actualites\/dapres-mon-experience-ce-bidet-a-460-vaut-chaque-centime\/#breadcrumb","itemListElement":[{"@type":"ListItem","position":1,"name":"Accueil","item":"https:\/\/vieassociative.be\/actualites\/"},{"@type":"ListItem","position":2,"name":"D&rsquo;apr\u00e8s mon exp\u00e9rience, ce bidet \u00e0 460 $ vaut chaque centime"}]},{"@type":"WebSite","@id":"https:\/\/vieassociative.be\/actualites\/#website","url":"https:\/\/vieassociative.be\/actualites\/","name":"Vie Associative","description":"","publisher":{"@id":"https:\/\/vieassociative.be\/actualites\/#organization"},"potentialAction":[{"@type":"SearchAction","target":{"@type":"EntryPoint","urlTemplate":"https:\/\/vieassociative.be\/actualites\/?s={search_term_string}"},"query-input":{"@type":"PropertyValueSpecification","valueRequired":true,"valueName":"search_term_string"}}],"inLanguage":"fr-BE"},{"@type":"Organization","@id":"https:\/\/vieassociative.be\/actualites\/#organization","name":"Vie Associative","url":"https:\/\/vieassociative.be\/actualites\/","logo":{"@type":"ImageObject","inLanguage":"fr-BE","@id":"https:\/\/vieassociative.be\/actualites\/#\/schema\/logo\/image\/","url":"https:\/\/vieassociative.be\/actualites\/wp-content\/uploads\/2024\/09\/cropped-vieassociative_favicon.ico.png","contentUrl":"https:\/\/vieassociative.be\/actualites\/wp-content\/uploads\/2024\/09\/cropped-vieassociative_favicon.ico.png","width":512,"height":512,"caption":"Vie Associative"},"image":{"@id":"https:\/\/vieassociative.be\/actualites\/#\/schema\/logo\/image\/"}},{"@type":"Person","@id":"https:\/\/vieassociative.be\/actualites\/#\/schema\/person\/b87ac4f82f9d4e7b7cec7395b679edc4","name":"Julien","image":{"@type":"ImageObject","inLanguage":"fr-BE","@id":"https:\/\/vieassociative.be\/actualites\/#\/schema\/person\/image\/","url":"https:\/\/vieassociative.be\/actualites\/wp-content\/uploads\/2024\/09\/vie-associative-1-150x150.jpg","contentUrl":"https:\/\/vieassociative.be\/actualites\/wp-content\/uploads\/2024\/09\/vie-associative-1-150x150.jpg","caption":"Julien"},"description":"Je suis Julien, r\u00e9dacteur pour Vie Associative. Passionn\u00e9 par le monde associatif depuis plus de 10 ans, j'ai \u00e0 c\u0153ur de partager des histoires inspirantes et de mettre en lumi\u00e8re les initiatives locales. Mon objectif est de sensibiliser et d'encourager l'engagement communautaire \u00e0 travers mes articles.","sameAs":["https:\/\/vieassociative.be\/"]}]}},"_links":{"self":[{"href":"https:\/\/vieassociative.be\/actualites\/wp-json\/wp\/v2\/posts\/13095"}],"collection":[{"href":"https:\/\/vieassociative.be\/actualites\/wp-json\/wp\/v2\/posts"}],"about":[{"href":"https:\/\/vieassociative.be\/actualites\/wp-json\/wp\/v2\/types\/post"}],"author":[{"embeddable":true,"href":"https:\/\/vieassociative.be\/actualites\/wp-json\/wp\/v2\/users\/1"}],"replies":[{"embeddable":true,"href":"https:\/\/vieassociative.be\/actualites\/wp-json\/wp\/v2\/comments?post=13095"}],"version-history":[{"count":0,"href":"https:\/\/vieassociative.be\/actualites\/wp-json\/wp\/v2\/posts\/13095\/revisions"}],"wp:featuredmedia":[{"embeddable":true,"href":"https:\/\/vieassociative.be\/actualites\/wp-json\/wp\/v2\/media\/13096"}],"wp:attachment":[{"href":"https:\/\/vieassociative.be\/actualites\/wp-json\/wp\/v2\/media?parent=13095"}],"wp:term":[{"taxonomy":"category","embeddable":true,"href":"https:\/\/vieassociative.be\/actualites\/wp-json\/wp\/v2\/categories?post=13095"},{"taxonomy":"post_tag","embeddable":true,"href":"https:\/\/vieassociative.be\/actualites\/wp-json\/wp\/v2\/tags?post=13095"}],"curies":[{"name":"wp","href":"https:\/\/api.w.org\/{rel}","templated":true}]}}