{"id":13093,"date":"2026-03-19T16:17:12","date_gmt":"2026-03-19T15:17:12","guid":{"rendered":"https:\/\/vieassociative.be\/actualites\/les-gilets-fluorescents-jaunes-avec-un-symbole-bleu-offrent-plus-de-securite-aux-personnes-malentendantes\/"},"modified":"2026-03-19T16:17:12","modified_gmt":"2026-03-19T15:17:12","slug":"les-gilets-fluorescents-jaunes-avec-un-symbole-bleu-offrent-plus-de-securite-aux-personnes-malentendantes","status":"publish","type":"post","link":"https:\/\/vieassociative.be\/actualites\/les-gilets-fluorescents-jaunes-avec-un-symbole-bleu-offrent-plus-de-securite-aux-personnes-malentendantes\/","title":{"rendered":"Les gilets fluorescents jaunes avec un symbole bleu offrent plus de s\u00e9curit\u00e9 aux personnes malentendantes"},"content":{"rendered":"<p><strong>Une situation quotidienne qui peut se terminer dangereusement : un marcheur malentendant se d\u00e9tend sur le parcours RAVEL quand soudain un cycliste passe devant lui d&rsquo;une mani\u00e8re mena\u00e7ante. Tous deux sont irrit\u00e9s \u2013 mais ni l\u2019un ni l\u2019autre n\u2019est \u00e0 bl\u00e2mer.<\/strong><\/p>\n<p><span id=\"more-437833\"><\/span>Le cycliste a signal\u00e9 sa pr\u00e9sence \u00e0 temps en sonnant bruyamment la cloche. Le marcheur ne l&rsquo;avait tout simplement pas entendu. S\u2019ensuit une incompr\u00e9hension mutuelle, m\u00eame si tous deux ont fait le bon choix.<\/p>\n<p>Les personnes souffrant d\u2019une perte auditive s\u00e9v\u00e8re \u2013 dont de nombreux porteurs d\u2019implants cochl\u00e9aires \u2013 rapportent r\u00e9guli\u00e8rement de telles exp\u00e9riences. M\u00eame avec les syst\u00e8mes auditifs les plus modernes, une bonne audition n\u2019est pas toujours garantie. En particulier, les bruits venant de l\u2019arri\u00e8re ou du c\u00f4t\u00e9 ne sont souvent m\u00eame pas remarqu\u00e9s.<\/p>\n<div id=\"attachment_437839\" class=\"wp-caption alignleft\" style=\"max-width: 300px\"><img fetchpriority=\"high\" decoding=\"async\" class=\"wp-image-437839 size-medium\" src=\"https:\/\/vieassociative.be\/actualites\/wp-content\/uploads\/2026\/03\/Les-gilets-fluorescents-jaunes-avec-un-symbole-bleu-offrent-plus.jpg\" alt=\"\" width=\"300\" height=\"202\"><\/div>\n<p>De nombreuses personnes concern\u00e9es \u00e9vitent certains itin\u00e9raires parce qu\u2019elles ne s\u2019y sentent pas en s\u00e9curit\u00e9. Cela r\u00e9duit consid\u00e9rablement leur qualit\u00e9 de vie, m\u00eame si les autres usagers de la route n&rsquo;agissent souvent pas de mani\u00e8re malveillante, mais ne savent tout simplement pas que quelqu&rsquo;un ne peut pas entendre.<\/p>\n<p><strong>\u2013 La solution est un signe visible :<\/strong> C\u2019est ici qu\u2019intervient l\u2019Association des Malentendants de l\u2019Est de la Belgique (HOB). Elle porte des gilets de s\u00e9curit\u00e9 jaune fluo portant le symbole international bleu de la perte auditive clairement imprim\u00e9 au dos. Cela signifie que les autres usagers de la route peuvent voir d&rsquo;un seul coup d&rsquo;\u0153il : cette personne n&rsquo;entend peut-\u00eatre pas.<\/p>\n<p>Pour une somme modique de 10 euros, ces gilets sont disponibles en diff\u00e9rentes tailles parmi :<\/p>\n<p>\u2022 DSL Eupen (D\u00e9partement pour la Vie Autonome), Hostert<br \/>\n\u2022 DSL Saint-Vith<br \/>\n\u2022 PRT Eupen (Conseil aux patients &#038; Treff), Aachener Stra\u00dfe 6<\/p>\n<p>Avec cette initiative, le HOB esp\u00e8re contribuer \u00e0 une meilleure compr\u00e9hension mutuelle et \u00e0 une plus grande s\u00e9curit\u00e9 au quotidien &#8211; sur tous les sentiers cyclables et de randonn\u00e9e, mais aussi bien au-del\u00e0.<\/p>\n","protected":false},"excerpt":{"rendered":"<p>Une situation quotidienne qui peut se terminer dangereusement : un marcheur malentendant se d\u00e9tend sur le parcours RAVEL quand soudain un cycliste passe devant lui<\/p>\n","protected":false},"author":1,"featured_media":13094,"comment_status":"","ping_status":"","sticky":false,"template":"","format":"standard","meta":{"footnotes":""},"categories":[298],"tags":[289,61,1474,10286,10285,1764,14,10288,10287,714,151,9482],"class_list":["post-13093","post","type-post","status-publish","format-standard","has-post-thumbnail","hentry","category-belgique","tag-aux","tag-avec","tag-bleu","tag-fluorescents","tag-gilets","tag-jaunes","tag-les","tag-malentendantes","tag-offrent","tag-personnes","tag-securite","tag-symbole","generate-columns","tablet-grid-50","mobile-grid-100","grid-parent","grid-33"],"yoast_head":"<!-- This site is optimized with the Yoast SEO plugin v24.0 - https:\/\/yoast.com\/wordpress\/plugins\/seo\/ -->\n<title>Les gilets fluorescents jaunes avec un symbole bleu offrent plus de s\u00e9curit\u00e9 aux personnes malentendantes | Vie Associative<\/title>\n<meta name=\"robots\" content=\"index, follow, max-snippet:-1, max-image-preview:large, max-video-preview:-1\" \/>\n<link rel=\"canonical\" href=\"https:\/\/vieassociative.be\/actualites\/les-gilets-fluorescents-jaunes-avec-un-symbole-bleu-offrent-plus-de-securite-aux-personnes-malentendantes\/\" \/>\n<meta property=\"og:locale\" content=\"fr_FR\" \/>\n<meta property=\"og:type\" content=\"article\" \/>\n<meta property=\"og:title\" content=\"Les gilets fluorescents jaunes avec un symbole bleu offrent plus de s\u00e9curit\u00e9 aux personnes malentendantes | Vie Associative\" \/>\n<meta property=\"og:description\" content=\"Une situation quotidienne qui peut se terminer dangereusement : un marcheur malentendant se d\u00e9tend sur le parcours RAVEL quand soudain un cycliste passe devant lui\" \/>\n<meta property=\"og:url\" content=\"https:\/\/vieassociative.be\/actualites\/les-gilets-fluorescents-jaunes-avec-un-symbole-bleu-offrent-plus-de-securite-aux-personnes-malentendantes\/\" \/>\n<meta property=\"og:site_name\" content=\"Vie Associative\" \/>\n<meta property=\"article:published_time\" content=\"2026-03-19T15:17:12+00:00\" \/>\n<meta property=\"og:image\" content=\"https:\/\/vieassociative.be\/actualites\/wp-content\/uploads\/2024\/09\/header_backgroundk-01-e1726694325946.png\" \/>\n\t<meta property=\"og:image:width\" content=\"279\" \/>\n\t<meta property=\"og:image:height\" content=\"92\" \/>\n\t<meta property=\"og:image:type\" content=\"image\/png\" \/>\n<meta name=\"author\" content=\"Julien\" \/>\n<meta name=\"twitter:card\" content=\"summary_large_image\" \/>\n<meta name=\"twitter:label1\" content=\"\u00c9crit par\" \/>\n\t<meta name=\"twitter:data1\" content=\"Julien\" \/>\n\t<meta name=\"twitter:label2\" content=\"Dur\u00e9e de lecture est.\" \/>\n\t<meta name=\"twitter:data2\" content=\"2 minutes\" \/>\n<script type=\"application\/ld+json\" class=\"yoast-schema-graph\">{\"@context\":\"https:\/\/schema.org\",\"@graph\":[{\"@type\":\"Article\",\"@id\":\"https:\/\/vieassociative.be\/actualites\/les-gilets-fluorescents-jaunes-avec-un-symbole-bleu-offrent-plus-de-securite-aux-personnes-malentendantes\/#article\",\"isPartOf\":{\"@id\":\"https:\/\/vieassociative.be\/actualites\/les-gilets-fluorescents-jaunes-avec-un-symbole-bleu-offrent-plus-de-securite-aux-personnes-malentendantes\/\"},\"author\":{\"name\":\"Julien\",\"@id\":\"https:\/\/vieassociative.be\/actualites\/#\/schema\/person\/b87ac4f82f9d4e7b7cec7395b679edc4\"},\"headline\":\"Les gilets fluorescents jaunes avec un symbole bleu offrent plus de s\u00e9curit\u00e9 aux personnes malentendantes\",\"datePublished\":\"2026-03-19T15:17:12+00:00\",\"dateModified\":\"2026-03-19T15:17:12+00:00\",\"mainEntityOfPage\":{\"@id\":\"https:\/\/vieassociative.be\/actualites\/les-gilets-fluorescents-jaunes-avec-un-symbole-bleu-offrent-plus-de-securite-aux-personnes-malentendantes\/\"},\"wordCount\":363,\"publisher\":{\"@id\":\"https:\/\/vieassociative.be\/actualites\/#organization\"},\"image\":{\"@id\":\"https:\/\/vieassociative.be\/actualites\/les-gilets-fluorescents-jaunes-avec-un-symbole-bleu-offrent-plus-de-securite-aux-personnes-malentendantes\/#primaryimage\"},\"thumbnailUrl\":\"https:\/\/vieassociative.be\/actualites\/wp-content\/uploads\/2026\/03\/1773933432_Les-gilets-fluorescents-jaunes-avec-un-symbole-bleu-offrent-plus.jpg\",\"keywords\":[\"aux\",\"avec\",\"bleu\",\"fluorescents\",\"gilets\",\"jaunes\",\"Les\",\"malentendantes\",\"offrent\",\"personnes\",\"s\u00e9curit\u00e9\",\"symbole\"],\"articleSection\":[\"Belgique\"],\"inLanguage\":\"fr-BE\"},{\"@type\":\"WebPage\",\"@id\":\"https:\/\/vieassociative.be\/actualites\/les-gilets-fluorescents-jaunes-avec-un-symbole-bleu-offrent-plus-de-securite-aux-personnes-malentendantes\/\",\"url\":\"https:\/\/vieassociative.be\/actualites\/les-gilets-fluorescents-jaunes-avec-un-symbole-bleu-offrent-plus-de-securite-aux-personnes-malentendantes\/\",\"name\":\"Les gilets fluorescents jaunes avec un symbole bleu offrent plus de s\u00e9curit\u00e9 aux personnes malentendantes | Vie Associative\",\"isPartOf\":{\"@id\":\"https:\/\/vieassociative.be\/actualites\/#website\"},\"primaryImageOfPage\":{\"@id\":\"https:\/\/vieassociative.be\/actualites\/les-gilets-fluorescents-jaunes-avec-un-symbole-bleu-offrent-plus-de-securite-aux-personnes-malentendantes\/#primaryimage\"},\"image\":{\"@id\":\"https:\/\/vieassociative.be\/actualites\/les-gilets-fluorescents-jaunes-avec-un-symbole-bleu-offrent-plus-de-securite-aux-personnes-malentendantes\/#primaryimage\"},\"thumbnailUrl\":\"https:\/\/vieassociative.be\/actualites\/wp-content\/uploads\/2026\/03\/1773933432_Les-gilets-fluorescents-jaunes-avec-un-symbole-bleu-offrent-plus.jpg\",\"datePublished\":\"2026-03-19T15:17:12+00:00\",\"dateModified\":\"2026-03-19T15:17:12+00:00\",\"breadcrumb\":{\"@id\":\"https:\/\/vieassociative.be\/actualites\/les-gilets-fluorescents-jaunes-avec-un-symbole-bleu-offrent-plus-de-securite-aux-personnes-malentendantes\/#breadcrumb\"},\"inLanguage\":\"fr-BE\",\"potentialAction\":[{\"@type\":\"ReadAction\",\"target\":[\"https:\/\/vieassociative.be\/actualites\/les-gilets-fluorescents-jaunes-avec-un-symbole-bleu-offrent-plus-de-securite-aux-personnes-malentendantes\/\"]}]},{\"@type\":\"ImageObject\",\"inLanguage\":\"fr-BE\",\"@id\":\"https:\/\/vieassociative.be\/actualites\/les-gilets-fluorescents-jaunes-avec-un-symbole-bleu-offrent-plus-de-securite-aux-personnes-malentendantes\/#primaryimage\",\"url\":\"https:\/\/vieassociative.be\/actualites\/wp-content\/uploads\/2026\/03\/1773933432_Les-gilets-fluorescents-jaunes-avec-un-symbole-bleu-offrent-plus.jpg\",\"contentUrl\":\"https:\/\/vieassociative.be\/actualites\/wp-content\/uploads\/2026\/03\/1773933432_Les-gilets-fluorescents-jaunes-avec-un-symbole-bleu-offrent-plus.jpg\",\"width\":1800,\"height\":1929,\"caption\":\"Les gilets fluorescents jaunes avec un symbole bleu offrent plus de s\u00e9curit\u00e9 aux personnes malentendantes\"},{\"@type\":\"BreadcrumbList\",\"@id\":\"https:\/\/vieassociative.be\/actualites\/les-gilets-fluorescents-jaunes-avec-un-symbole-bleu-offrent-plus-de-securite-aux-personnes-malentendantes\/#breadcrumb\",\"itemListElement\":[{\"@type\":\"ListItem\",\"position\":1,\"name\":\"Accueil\",\"item\":\"https:\/\/vieassociative.be\/actualites\/\"},{\"@type\":\"ListItem\",\"position\":2,\"name\":\"Les gilets fluorescents jaunes avec un symbole bleu offrent plus de s\u00e9curit\u00e9 aux personnes malentendantes\"}]},{\"@type\":\"WebSite\",\"@id\":\"https:\/\/vieassociative.be\/actualites\/#website\",\"url\":\"https:\/\/vieassociative.be\/actualites\/\",\"name\":\"Vie Associative\",\"description\":\"\",\"publisher\":{\"@id\":\"https:\/\/vieassociative.be\/actualites\/#organization\"},\"potentialAction\":[{\"@type\":\"SearchAction\",\"target\":{\"@type\":\"EntryPoint\",\"urlTemplate\":\"https:\/\/vieassociative.be\/actualites\/?s={search_term_string}\"},\"query-input\":{\"@type\":\"PropertyValueSpecification\",\"valueRequired\":true,\"valueName\":\"search_term_string\"}}],\"inLanguage\":\"fr-BE\"},{\"@type\":\"Organization\",\"@id\":\"https:\/\/vieassociative.be\/actualites\/#organization\",\"name\":\"Vie Associative\",\"url\":\"https:\/\/vieassociative.be\/actualites\/\",\"logo\":{\"@type\":\"ImageObject\",\"inLanguage\":\"fr-BE\",\"@id\":\"https:\/\/vieassociative.be\/actualites\/#\/schema\/logo\/image\/\",\"url\":\"https:\/\/vieassociative.be\/actualites\/wp-content\/uploads\/2024\/09\/cropped-vieassociative_favicon.ico.png\",\"contentUrl\":\"https:\/\/vieassociative.be\/actualites\/wp-content\/uploads\/2024\/09\/cropped-vieassociative_favicon.ico.png\",\"width\":512,\"height\":512,\"caption\":\"Vie Associative\"},\"image\":{\"@id\":\"https:\/\/vieassociative.be\/actualites\/#\/schema\/logo\/image\/\"}},{\"@type\":\"Person\",\"@id\":\"https:\/\/vieassociative.be\/actualites\/#\/schema\/person\/b87ac4f82f9d4e7b7cec7395b679edc4\",\"name\":\"Julien\",\"image\":{\"@type\":\"ImageObject\",\"inLanguage\":\"fr-BE\",\"@id\":\"https:\/\/vieassociative.be\/actualites\/#\/schema\/person\/image\/\",\"url\":\"https:\/\/vieassociative.be\/actualites\/wp-content\/uploads\/2024\/09\/vie-associative-1-150x150.jpg\",\"contentUrl\":\"https:\/\/vieassociative.be\/actualites\/wp-content\/uploads\/2024\/09\/vie-associative-1-150x150.jpg\",\"caption\":\"Julien\"},\"description\":\"Je suis Julien, r\u00e9dacteur pour Vie Associative. Passionn\u00e9 par le monde associatif depuis plus de 10 ans, j'ai \u00e0 c\u0153ur de partager des histoires inspirantes et de mettre en lumi\u00e8re les initiatives locales. Mon objectif est de sensibiliser et d'encourager l'engagement communautaire \u00e0 travers mes articles.\",\"sameAs\":[\"https:\/\/vieassociative.be\/\"]}]}<\/script>\n<!-- \/ Yoast SEO plugin. -->","yoast_head_json":{"title":"Les gilets fluorescents jaunes avec un symbole bleu offrent plus de s\u00e9curit\u00e9 aux personnes malentendantes | Vie Associative","robots":{"index":"index","follow":"follow","max-snippet":"max-snippet:-1","max-image-preview":"max-image-preview:large","max-video-preview":"max-video-preview:-1"},"canonical":"https:\/\/vieassociative.be\/actualites\/les-gilets-fluorescents-jaunes-avec-un-symbole-bleu-offrent-plus-de-securite-aux-personnes-malentendantes\/","og_locale":"fr_FR","og_type":"article","og_title":"Les gilets fluorescents jaunes avec un symbole bleu offrent plus de s\u00e9curit\u00e9 aux personnes malentendantes | Vie Associative","og_description":"Une situation quotidienne qui peut se terminer dangereusement : un marcheur malentendant se d\u00e9tend sur le parcours RAVEL quand soudain un cycliste passe devant lui","og_url":"https:\/\/vieassociative.be\/actualites\/les-gilets-fluorescents-jaunes-avec-un-symbole-bleu-offrent-plus-de-securite-aux-personnes-malentendantes\/","og_site_name":"Vie Associative","article_published_time":"2026-03-19T15:17:12+00:00","og_image":[{"width":279,"height":92,"url":"https:\/\/vieassociative.be\/actualites\/wp-content\/uploads\/2024\/09\/header_backgroundk-01-e1726694325946.png","type":"image\/png"}],"author":"Julien","twitter_card":"summary_large_image","twitter_misc":{"\u00c9crit par":"Julien","Dur\u00e9e de lecture est.":"2 minutes"},"schema":{"@context":"https:\/\/schema.org","@graph":[{"@type":"Article","@id":"https:\/\/vieassociative.be\/actualites\/les-gilets-fluorescents-jaunes-avec-un-symbole-bleu-offrent-plus-de-securite-aux-personnes-malentendantes\/#article","isPartOf":{"@id":"https:\/\/vieassociative.be\/actualites\/les-gilets-fluorescents-jaunes-avec-un-symbole-bleu-offrent-plus-de-securite-aux-personnes-malentendantes\/"},"author":{"name":"Julien","@id":"https:\/\/vieassociative.be\/actualites\/#\/schema\/person\/b87ac4f82f9d4e7b7cec7395b679edc4"},"headline":"Les gilets fluorescents jaunes avec un symbole bleu offrent plus de s\u00e9curit\u00e9 aux personnes malentendantes","datePublished":"2026-03-19T15:17:12+00:00","dateModified":"2026-03-19T15:17:12+00:00","mainEntityOfPage":{"@id":"https:\/\/vieassociative.be\/actualites\/les-gilets-fluorescents-jaunes-avec-un-symbole-bleu-offrent-plus-de-securite-aux-personnes-malentendantes\/"},"wordCount":363,"publisher":{"@id":"https:\/\/vieassociative.be\/actualites\/#organization"},"image":{"@id":"https:\/\/vieassociative.be\/actualites\/les-gilets-fluorescents-jaunes-avec-un-symbole-bleu-offrent-plus-de-securite-aux-personnes-malentendantes\/#primaryimage"},"thumbnailUrl":"https:\/\/vieassociative.be\/actualites\/wp-content\/uploads\/2026\/03\/1773933432_Les-gilets-fluorescents-jaunes-avec-un-symbole-bleu-offrent-plus.jpg","keywords":["aux","avec","bleu","fluorescents","gilets","jaunes","Les","malentendantes","offrent","personnes","s\u00e9curit\u00e9","symbole"],"articleSection":["Belgique"],"inLanguage":"fr-BE"},{"@type":"WebPage","@id":"https:\/\/vieassociative.be\/actualites\/les-gilets-fluorescents-jaunes-avec-un-symbole-bleu-offrent-plus-de-securite-aux-personnes-malentendantes\/","url":"https:\/\/vieassociative.be\/actualites\/les-gilets-fluorescents-jaunes-avec-un-symbole-bleu-offrent-plus-de-securite-aux-personnes-malentendantes\/","name":"Les gilets fluorescents jaunes avec un symbole bleu offrent plus de s\u00e9curit\u00e9 aux personnes malentendantes | Vie Associative","isPartOf":{"@id":"https:\/\/vieassociative.be\/actualites\/#website"},"primaryImageOfPage":{"@id":"https:\/\/vieassociative.be\/actualites\/les-gilets-fluorescents-jaunes-avec-un-symbole-bleu-offrent-plus-de-securite-aux-personnes-malentendantes\/#primaryimage"},"image":{"@id":"https:\/\/vieassociative.be\/actualites\/les-gilets-fluorescents-jaunes-avec-un-symbole-bleu-offrent-plus-de-securite-aux-personnes-malentendantes\/#primaryimage"},"thumbnailUrl":"https:\/\/vieassociative.be\/actualites\/wp-content\/uploads\/2026\/03\/1773933432_Les-gilets-fluorescents-jaunes-avec-un-symbole-bleu-offrent-plus.jpg","datePublished":"2026-03-19T15:17:12+00:00","dateModified":"2026-03-19T15:17:12+00:00","breadcrumb":{"@id":"https:\/\/vieassociative.be\/actualites\/les-gilets-fluorescents-jaunes-avec-un-symbole-bleu-offrent-plus-de-securite-aux-personnes-malentendantes\/#breadcrumb"},"inLanguage":"fr-BE","potentialAction":[{"@type":"ReadAction","target":["https:\/\/vieassociative.be\/actualites\/les-gilets-fluorescents-jaunes-avec-un-symbole-bleu-offrent-plus-de-securite-aux-personnes-malentendantes\/"]}]},{"@type":"ImageObject","inLanguage":"fr-BE","@id":"https:\/\/vieassociative.be\/actualites\/les-gilets-fluorescents-jaunes-avec-un-symbole-bleu-offrent-plus-de-securite-aux-personnes-malentendantes\/#primaryimage","url":"https:\/\/vieassociative.be\/actualites\/wp-content\/uploads\/2026\/03\/1773933432_Les-gilets-fluorescents-jaunes-avec-un-symbole-bleu-offrent-plus.jpg","contentUrl":"https:\/\/vieassociative.be\/actualites\/wp-content\/uploads\/2026\/03\/1773933432_Les-gilets-fluorescents-jaunes-avec-un-symbole-bleu-offrent-plus.jpg","width":1800,"height":1929,"caption":"Les gilets fluorescents jaunes avec un symbole bleu offrent plus de s\u00e9curit\u00e9 aux personnes malentendantes"},{"@type":"BreadcrumbList","@id":"https:\/\/vieassociative.be\/actualites\/les-gilets-fluorescents-jaunes-avec-un-symbole-bleu-offrent-plus-de-securite-aux-personnes-malentendantes\/#breadcrumb","itemListElement":[{"@type":"ListItem","position":1,"name":"Accueil","item":"https:\/\/vieassociative.be\/actualites\/"},{"@type":"ListItem","position":2,"name":"Les gilets fluorescents jaunes avec un symbole bleu offrent plus de s\u00e9curit\u00e9 aux personnes malentendantes"}]},{"@type":"WebSite","@id":"https:\/\/vieassociative.be\/actualites\/#website","url":"https:\/\/vieassociative.be\/actualites\/","name":"Vie Associative","description":"","publisher":{"@id":"https:\/\/vieassociative.be\/actualites\/#organization"},"potentialAction":[{"@type":"SearchAction","target":{"@type":"EntryPoint","urlTemplate":"https:\/\/vieassociative.be\/actualites\/?s={search_term_string}"},"query-input":{"@type":"PropertyValueSpecification","valueRequired":true,"valueName":"search_term_string"}}],"inLanguage":"fr-BE"},{"@type":"Organization","@id":"https:\/\/vieassociative.be\/actualites\/#organization","name":"Vie Associative","url":"https:\/\/vieassociative.be\/actualites\/","logo":{"@type":"ImageObject","inLanguage":"fr-BE","@id":"https:\/\/vieassociative.be\/actualites\/#\/schema\/logo\/image\/","url":"https:\/\/vieassociative.be\/actualites\/wp-content\/uploads\/2024\/09\/cropped-vieassociative_favicon.ico.png","contentUrl":"https:\/\/vieassociative.be\/actualites\/wp-content\/uploads\/2024\/09\/cropped-vieassociative_favicon.ico.png","width":512,"height":512,"caption":"Vie Associative"},"image":{"@id":"https:\/\/vieassociative.be\/actualites\/#\/schema\/logo\/image\/"}},{"@type":"Person","@id":"https:\/\/vieassociative.be\/actualites\/#\/schema\/person\/b87ac4f82f9d4e7b7cec7395b679edc4","name":"Julien","image":{"@type":"ImageObject","inLanguage":"fr-BE","@id":"https:\/\/vieassociative.be\/actualites\/#\/schema\/person\/image\/","url":"https:\/\/vieassociative.be\/actualites\/wp-content\/uploads\/2024\/09\/vie-associative-1-150x150.jpg","contentUrl":"https:\/\/vieassociative.be\/actualites\/wp-content\/uploads\/2024\/09\/vie-associative-1-150x150.jpg","caption":"Julien"},"description":"Je suis Julien, r\u00e9dacteur pour Vie Associative. Passionn\u00e9 par le monde associatif depuis plus de 10 ans, j'ai \u00e0 c\u0153ur de partager des histoires inspirantes et de mettre en lumi\u00e8re les initiatives locales. Mon objectif est de sensibiliser et d'encourager l'engagement communautaire \u00e0 travers mes articles.","sameAs":["https:\/\/vieassociative.be\/"]}]}},"_links":{"self":[{"href":"https:\/\/vieassociative.be\/actualites\/wp-json\/wp\/v2\/posts\/13093"}],"collection":[{"href":"https:\/\/vieassociative.be\/actualites\/wp-json\/wp\/v2\/posts"}],"about":[{"href":"https:\/\/vieassociative.be\/actualites\/wp-json\/wp\/v2\/types\/post"}],"author":[{"embeddable":true,"href":"https:\/\/vieassociative.be\/actualites\/wp-json\/wp\/v2\/users\/1"}],"replies":[{"embeddable":true,"href":"https:\/\/vieassociative.be\/actualites\/wp-json\/wp\/v2\/comments?post=13093"}],"version-history":[{"count":0,"href":"https:\/\/vieassociative.be\/actualites\/wp-json\/wp\/v2\/posts\/13093\/revisions"}],"wp:featuredmedia":[{"embeddable":true,"href":"https:\/\/vieassociative.be\/actualites\/wp-json\/wp\/v2\/media\/13094"}],"wp:attachment":[{"href":"https:\/\/vieassociative.be\/actualites\/wp-json\/wp\/v2\/media?parent=13093"}],"wp:term":[{"taxonomy":"category","embeddable":true,"href":"https:\/\/vieassociative.be\/actualites\/wp-json\/wp\/v2\/categories?post=13093"},{"taxonomy":"post_tag","embeddable":true,"href":"https:\/\/vieassociative.be\/actualites\/wp-json\/wp\/v2\/tags?post=13093"}],"curies":[{"name":"wp","href":"https:\/\/api.w.org\/{rel}","templated":true}]}}