{"id":13091,"date":"2026-03-19T15:17:02","date_gmt":"2026-03-19T14:17:02","guid":{"rendered":"https:\/\/vieassociative.be\/actualites\/le-meta-quest-pro-est-actuellement-a-plus-de-300-de-reduction\/"},"modified":"2026-03-19T15:17:02","modified_gmt":"2026-03-19T14:17:02","slug":"le-meta-quest-pro-est-actuellement-a-plus-de-300-de-reduction","status":"publish","type":"post","link":"https:\/\/vieassociative.be\/actualites\/le-meta-quest-pro-est-actuellement-a-plus-de-300-de-reduction\/","title":{"rendered":"Le Meta Quest Pro est actuellement \u00e0 plus de 300 $ de r\u00e9duction"},"content":{"rendered":"<p>Nous pouvons gagner une commission sur les liens sur cette page. Les prix et la disponibilit\u00e9 de l&rsquo;offre sont sujets \u00e0 changement apr\u00e8s la publication.<\/p>\n<p>Le Meta Quest Pro a \u00e9t\u00e9 lanc\u00e9 comme la vision de Meta de ce \u00e0 quoi pourrait ressembler la r\u00e9alit\u00e9 virtuelle et mixte haut de gamme sans impliquer un PC de jeu dans l&rsquo;\u00e9quation. \u00c0 679,99 $ sur Woot, c&rsquo;est maintenant 320 $ de moins que son prix initial de 999 $ et toujours plus de 100 $ moins cher qu&rsquo;Amazon au moment de la r\u00e9daction. Cette offre dure les quatre prochains jours ou jusqu&rsquo;\u00e0 \u00e9puisement des stocks, avec une livraison standard gratuite pour les membres Prime et des frais de 6 $ pour tous les autres. <\/p>\n<div class=\"pogoClear mb-12 mt-10 rounded-md border-2 border-gray-100 py-7 shadow-xl md:py-6\">\n<div class=\"flex flex-wrap justify-between px-7 text-black no-underline md:flex-nowrap md:px-8\">\n<div class=\"order-1 mx-auto flex flex-col justify-center md:order-2 md:ml-4 md:w-full md:grow\">\n<div class=\"block cursor-pointer text-center font-akshar text-2xl font-medium leading-7 text-brand-green duration-200 ease-in-out hover:text-brand-green-700 md:text-left md:text-xl md:leading-6\">M\u00e9ta Qu\u00eate Pro\n                <\/div>\n<div class=\"mt-4 hidden md:flex md:justify-between\">\n<div class=\"self-end\">\n<div class=\"mb-0 h-11 md:flex md:flex-col md:justify-center\">\n<div class=\" font-sans leading-4 text-black\">\n<div class=\"flex flex-wrap items-center justify-center gap-1 md:justify-start\">\n        <span class=\"font-bold\"><\/p>\n<p>            679,99\u00a0$<br \/>\n                            <span class=\"font-medium\">chez Woot<\/span><br \/>\n                    <\/span>\n            <\/div>\n<div class=\"flex items-center justify-center gap-x-1 font-bold md:justify-start\">\n            <span class=\"text-sm line-through\">999,99\u00a0$<\/span><br \/>\n            <span class=\"text-sm text-brand-green\">\u00c9conomisez 320,00\u00a0$<\/span>\n        <\/div>\n<\/p><\/div>\n<\/p><\/div>\n<\/p><\/div>\n<div class=\"w-44 self-end\">\n                            <button class=\"flex justify-center items-center w-full bg-brand-green text-white text-base font-sans font-medium rounded-md hover:bg-brand-green-700 hover:cursor-pointer md:text-sm h-11\"><\/p>\n<p>    Obtenez une offre<br \/>\n<\/button>\n                        <\/div>\n<\/p><\/div>\n<\/p><\/div>\n<div class=\"order-2 mt-5 h-auto w-full md:order-1 md:mt-0 md:hidden\">\n<div class=\"flex aspect-video items-center justify-center\">\n                                            <img decoding=\"async\" class=\"m-0 max-h-full max-w-full rounded-md\" src=\"https:\/\/vieassociative.be\/actualites\/wp-content\/uploads\/2026\/03\/Le-Meta-Quest-Pro-est-actuellement-a-plus-de-300.png\" alt=\"M\u00e9ta Qu\u00eate Pro\" width=\"auto\" height=\"auto\" loading=\"lazy\">\n                                    <\/div>\n<\/p><\/div>\n<div class=\"order-2 ml-2 hidden w-32 shrink-0 items-center md:order-1 md:ml-0 md:flex\">\n<div class=\"flex aspect-video items-center justify-center\">\n                                            <img decoding=\"async\" class=\"m-0 max-h-full max-w-full rounded-md\" src=\"https:\/\/vieassociative.be\/actualites\/wp-content\/uploads\/2026\/03\/Le-Meta-Quest-Pro-est-actuellement-a-plus-de-300.png\" alt=\"M\u00e9ta Qu\u00eate Pro\" width=\"auto\" height=\"auto\" loading=\"lazy\">\n                                    <\/div>\n<\/p><\/div>\n<div class=\"order-3 flex grow flex-wrap md:hidden md:grow-0\">\n<div class=\"mt-4 w-full\">\n                        <button class=\"flex justify-center items-center w-full bg-brand-green text-white text-base font-sans font-medium rounded-md hover:bg-brand-green-700 hover:cursor-pointer md:text-sm h-11\"><\/p>\n<p>    Obtenez une offre<br \/>\n<\/button>\n                    <\/div>\n<div class=\"mx-2 mt-4 w-full\">\n<div class=\" font-sans leading-4 text-black\">\n<div class=\"flex flex-wrap items-center justify-center gap-1 md:justify-start\">\n        <span class=\"font-bold\"><\/p>\n<p>            679,99\u00a0$<br \/>\n                            <span class=\"font-medium\">chez Woot<\/span><br \/>\n                    <\/span>\n            <\/div>\n<div class=\"flex items-center justify-center gap-x-1 font-bold md:justify-start\">\n            <span class=\"text-sm line-through\">999,99\u00a0$<\/span><br \/>\n            <span class=\"text-sm text-brand-green\">\u00c9conomisez 320,00\u00a0$<\/span>\n        <\/div>\n<\/p><\/div>\n<\/p><\/div>\n<\/p><\/div>\n<\/p><\/div>\n<\/div>\n<p>Ce casque a remport\u00e9 le prix du meilleur casque VR de PCMag en 2022, et bien qu&rsquo;il ne s&rsquo;agisse plus de la nouveaut\u00e9 vendue par Meta, il est toujours positionn\u00e9 bien au-dessus de nombreux ensembles VR d&rsquo;entr\u00e9e de gamme : le plus r\u00e9cent Meta Quest 3 offre des performances plus rapides et des fonctionnalit\u00e9s de r\u00e9alit\u00e9 mixte plus avanc\u00e9es \u00e0 un prix inf\u00e9rieur, mais le Quest Pro tient toujours sa position si vous privil\u00e9giez le confort, la pr\u00e9cision du suivi et sa construction plus haut de gamme par rapport \u00e0 la puissance brute.<\/p>\n<p>Le Quest Pro utilise une sangle de style halo \u00e9quilibr\u00e9e avec la batterie plac\u00e9e \u00e0 l&rsquo;arri\u00e8re, ce qui r\u00e9partit le poids plus uniform\u00e9ment que les casques lourds \u00e0 l&rsquo;avant. Cela rend les sessions plus longues plus tol\u00e9rables, m\u00eame si \u00ab\u00a0longue\u00a0\u00bb est relative\u00a0: la batterie dure environ deux heures, ce qui peut sembler limitant si vous \u00eates profond\u00e9ment impliqu\u00e9 dans le travail ou les applications cr\u00e9atives. \u00c0 l\u2019int\u00e9rieur, vous obtenez une puce Snapdragon XR2+, 12 Go de RAM et 256 Go de stockage, ce qui est g\u00e9n\u00e9reux pour un casque autonome. Les \u00e9crans poussent 1\u00a0920 x 1\u00a0800 pixels par \u0153il, avec un meilleur contraste et des couleurs plus riches gr\u00e2ce \u00e0 la gradation locale. En pratique, cela signifie un texte plus net, des noirs plus profonds et moins de sc\u00e8nes d\u00e9lav\u00e9es par rapport aux anciens mod\u00e8les Quest, en particulier dans les applications de r\u00e9alit\u00e9 mixte.<\/p>\n<p>Les contr\u00f4leurs sont une autre mise \u00e0 niveau. Meta a supprim\u00e9 les anneaux de suivi et a donn\u00e9 \u00e0 chaque contr\u00f4leur ses propres cam\u00e9ras, de sorte que le suivi ne d\u00e9pend pas de l&rsquo;endroit o\u00f9 pointe votre casque. Cela s&rsquo;av\u00e8re payant dans des t\u00e2ches telles que la sculpture 3D, la peinture ou les applications de productivit\u00e9 exigeantes en pr\u00e9cision, o\u00f9 le mouvement de la main semble plus stable et plus pr\u00e9visible. Le suivi des yeux et du visage est \u00e9galement int\u00e9gr\u00e9, ce qui permet aux avatars de refl\u00e9ter vos expressions dans les applications prises en charge. C&rsquo;est impressionnant, mais pas indispensable pour tout le monde. <\/p>\n<p>Un inconv\u00e9nient, selon cette revue PCMag, est l&rsquo;immersion : l&rsquo;interface frontale ouverte par d\u00e9faut laisse entrer la lumi\u00e8re des c\u00f4t\u00e9s, et une isolation compl\u00e8te n\u00e9cessite un bloqueur de lumi\u00e8re en option qui co\u00fbte plus cher. N\u00e9anmoins, si vous recherchez un casque VR autonome, c&rsquo;est le prix le plus bas jamais vu par le Quest Pro.<\/p>\n<hr>\n<div class=\" relative flex justify-center py-16 md:left-1\/2 md:w-(780px) md:max-w-max md:-translate-x-1\/2\">\n<div class=\"w-max text-center sm:text-left\">\n<div class=\"custom-gradient-background mb-6 rounded-md p-(2px) sm:rounded-tl-none\">\n<div class=\"flex flex-col rounded bg-white sm:rounded-tl-none\">\n                    <span class=\"-mt-4 block w-fit max-w-(calc(100%-1rem)) self-center bg-white px-3 text-center font-akshar text-xl font-medium capitalize text-gray-800 sm:max-w-(calc(100%-2.5rem)) sm:self-start sm:px-10 sm:text-left sm:text-2xl\">Nos meilleures offres technologiques approuv\u00e9es par les \u00e9diteurs en ce moment<\/span><\/p>\n<div class=\"flex flex-col gap-3 p-3 pb-4 text-sm sm:p-10 sm:pt-6 sm:text-justify sm:text-base\">\n<div>\n<p>    \u00c9couteurs sans fil \u00e0 suppression active du bruit Apple AirPods 4<\/p>\n<p>                                <span class=\"text-black\"><br \/>\n                                    \u2014<br \/>\n                                    <span class=\"font-bold\">148,99\u00a0$<\/span><br \/>\n                                    <span class=\"!text-xs italic sm:!text-sm\"><\/p>\n<p>                                        (Prix catalogue 179,00 $)<br \/>\n                                    <\/span><br \/>\n                                <\/span>\n                            <\/div>\n<div>\n<p>    Apple iPad 11&Prime; 128 Go A16 WiFi Tablette (Bleu, 2025)<\/p>\n<p>                                <span class=\"text-black\"><br \/>\n                                    \u2014<br \/>\n                                    <span class=\"font-bold\">299,00\u00a0$<\/span><br \/>\n                                    <span class=\"!text-xs italic sm:!text-sm\"><\/p>\n<p>                                        (Prix catalogue 349,00 $)<br \/>\n                                    <\/span><br \/>\n                                <\/span>\n                            <\/div>\n<div>\n<p>    Sony WH1000XM6 \u2013 Meilleur casque sans fil \u00e0 r\u00e9duction de bruit<\/p>\n<p>                                <span class=\"text-black\"><br \/>\n                                    \u2014<br \/>\n                                    <span class=\"font-bold\">398,00\u00a0$<\/span><br \/>\n                                    <span class=\"!text-xs italic sm:!text-sm\"><\/p>\n<p>                                        (Prix catalogue 459,99 $)<br \/>\n                                    <\/span><br \/>\n                                <\/span>\n                            <\/div>\n<div>\n<p>    Apple Watch Series 11 (GPS, 42 mm, bracelet sport noir S\/M)<\/p>\n<p>                                <span class=\"text-black\"><br \/>\n                                    \u2014<br \/>\n                                    <span class=\"font-bold\">299,00\u00a0$<\/span><br \/>\n                                    <span class=\"!text-xs italic sm:!text-sm\"><\/p>\n<p>                                        (Prix catalogue 399,00 $)<br \/>\n                                    <\/span><br \/>\n                                <\/span>\n                            <\/div>\n<div>\n<p>    Sonnette vid\u00e9o sans fil Blink (mod\u00e8le le plus r\u00e9cent) + module de synchronisation<\/p>\n<p>                                <span class=\"text-black\"><br \/>\n                                    \u2014<br \/>\n                                    <span class=\"font-bold\">35,99\u00a0$<\/span><br \/>\n                                    <span class=\"!text-xs italic sm:!text-sm\"><\/p>\n<p>                                        (Prix catalogue 69,99 $)<br \/>\n                                    <\/span><br \/>\n                                <\/span>\n                            <\/div>\n<div>\n<p>    Ring Cam\u00e9ra int\u00e9rieure Plus (2025)<\/p>\n<p>                                <span class=\"text-black\"><br \/>\n                                    \u2014<br \/>\n                                    <span class=\"font-bold\">39,99\u00a0$<\/span><br \/>\n                                    <span class=\"!text-xs italic sm:!text-sm\"><\/p>\n<p>                                        (Prix catalogue 59,99 $)<br \/>\n                                    <\/span><br \/>\n                                <\/span>\n                            <\/div>\n<div>\n<p>    Lecteur de streaming Fire TV Stick 4K Max avec t\u00e9l\u00e9commande<\/p>\n<p>                                <span class=\"text-black\"><br \/>\n                                    \u2014<br \/>\n                                    <span class=\"font-bold\">34,99\u00a0$<\/span><br \/>\n                                    <span class=\"!text-xs italic sm:!text-sm\"><\/p>\n<p>                                        (Prix catalogue 59,99 $)<br \/>\n                                    <\/span><br \/>\n                                <\/span>\n                            <\/div>\n<\/p><\/div>\n<\/p><\/div>\n<\/p><\/div>\n<div class=\"flex flex-col items-center justify-between text-black sm:flex-row sm:px-6\">\n                <span class=\"text-xs italic sm:ml-7 sm:text-sm\">Les offres sont s\u00e9lectionn\u00e9es par notre \u00e9quipe commerciale<\/span><\/p><\/div>\n<\/p><\/div>\n<\/p><\/div>\n","protected":false},"excerpt":{"rendered":"<p>Nous pouvons gagner une commission sur les liens sur cette page. Les prix et la disponibilit\u00e9 de l&rsquo;offre sont sujets \u00e0 changement apr\u00e8s la publication.<\/p>\n","protected":false},"author":1,"featured_media":13092,"comment_status":"","ping_status":"","sticky":false,"template":"","format":"standard","meta":{"footnotes":""},"categories":[13],"tags":[19,76,487,630,955,308],"class_list":["post-13091","post","type-post","status-publish","format-standard","has-post-thumbnail","hentry","category-technologie","tag-actuellement","tag-est","tag-meta","tag-pro","tag-quest","tag-reduction","generate-columns","tablet-grid-50","mobile-grid-100","grid-parent","grid-33"],"yoast_head":"<!-- This site is optimized with the Yoast SEO plugin v24.0 - https:\/\/yoast.com\/wordpress\/plugins\/seo\/ -->\n<title>Le Meta Quest Pro est actuellement \u00e0 plus de 300 $ de r\u00e9duction | Vie Associative<\/title>\n<meta name=\"robots\" content=\"index, follow, max-snippet:-1, max-image-preview:large, max-video-preview:-1\" \/>\n<link rel=\"canonical\" href=\"https:\/\/vieassociative.be\/actualites\/le-meta-quest-pro-est-actuellement-a-plus-de-300-de-reduction\/\" \/>\n<meta property=\"og:locale\" content=\"fr_FR\" \/>\n<meta property=\"og:type\" content=\"article\" \/>\n<meta property=\"og:title\" content=\"Le Meta Quest Pro est actuellement \u00e0 plus de 300 $ de r\u00e9duction | Vie Associative\" \/>\n<meta property=\"og:description\" content=\"Nous pouvons gagner une commission sur les liens sur cette page. Les prix et la disponibilit\u00e9 de l&rsquo;offre sont sujets \u00e0 changement apr\u00e8s la publication.\" \/>\n<meta property=\"og:url\" content=\"https:\/\/vieassociative.be\/actualites\/le-meta-quest-pro-est-actuellement-a-plus-de-300-de-reduction\/\" \/>\n<meta property=\"og:site_name\" content=\"Vie Associative\" \/>\n<meta property=\"article:published_time\" content=\"2026-03-19T14:17:02+00:00\" \/>\n<meta property=\"og:image\" content=\"https:\/\/vieassociative.be\/actualites\/wp-content\/uploads\/2026\/03\/Le-Meta-Quest-Pro-est-actuellement-a-plus-de-300.png\" \/>\n<meta name=\"author\" content=\"Julien\" \/>\n<meta name=\"twitter:card\" content=\"summary_large_image\" \/>\n<meta name=\"twitter:label1\" content=\"\u00c9crit par\" \/>\n\t<meta name=\"twitter:data1\" content=\"Julien\" \/>\n\t<meta name=\"twitter:label2\" content=\"Dur\u00e9e de lecture est.\" \/>\n\t<meta name=\"twitter:data2\" content=\"3 minutes\" \/>\n<script type=\"application\/ld+json\" class=\"yoast-schema-graph\">{\"@context\":\"https:\/\/schema.org\",\"@graph\":[{\"@type\":\"Article\",\"@id\":\"https:\/\/vieassociative.be\/actualites\/le-meta-quest-pro-est-actuellement-a-plus-de-300-de-reduction\/#article\",\"isPartOf\":{\"@id\":\"https:\/\/vieassociative.be\/actualites\/le-meta-quest-pro-est-actuellement-a-plus-de-300-de-reduction\/\"},\"author\":{\"name\":\"Julien\",\"@id\":\"https:\/\/vieassociative.be\/actualites\/#\/schema\/person\/b87ac4f82f9d4e7b7cec7395b679edc4\"},\"headline\":\"Le Meta Quest Pro est actuellement \u00e0 plus de 300 $ de r\u00e9duction\",\"datePublished\":\"2026-03-19T14:17:02+00:00\",\"dateModified\":\"2026-03-19T14:17:02+00:00\",\"mainEntityOfPage\":{\"@id\":\"https:\/\/vieassociative.be\/actualites\/le-meta-quest-pro-est-actuellement-a-plus-de-300-de-reduction\/\"},\"wordCount\":689,\"publisher\":{\"@id\":\"https:\/\/vieassociative.be\/actualites\/#organization\"},\"image\":{\"@id\":\"https:\/\/vieassociative.be\/actualites\/le-meta-quest-pro-est-actuellement-a-plus-de-300-de-reduction\/#primaryimage\"},\"thumbnailUrl\":\"https:\/\/vieassociative.be\/actualites\/wp-content\/uploads\/2026\/03\/1773929824_Le-Meta-Quest-Pro-est-actuellement-a-plus-de-300.png\",\"keywords\":[\"actuellement\",\"est\",\"Meta\",\"Pro\",\"Quest\",\"r\u00e9duction\"],\"articleSection\":[\"Technologie\"],\"inLanguage\":\"fr-BE\"},{\"@type\":\"WebPage\",\"@id\":\"https:\/\/vieassociative.be\/actualites\/le-meta-quest-pro-est-actuellement-a-plus-de-300-de-reduction\/\",\"url\":\"https:\/\/vieassociative.be\/actualites\/le-meta-quest-pro-est-actuellement-a-plus-de-300-de-reduction\/\",\"name\":\"Le Meta Quest Pro est actuellement \u00e0 plus de 300 $ de r\u00e9duction | Vie Associative\",\"isPartOf\":{\"@id\":\"https:\/\/vieassociative.be\/actualites\/#website\"},\"primaryImageOfPage\":{\"@id\":\"https:\/\/vieassociative.be\/actualites\/le-meta-quest-pro-est-actuellement-a-plus-de-300-de-reduction\/#primaryimage\"},\"image\":{\"@id\":\"https:\/\/vieassociative.be\/actualites\/le-meta-quest-pro-est-actuellement-a-plus-de-300-de-reduction\/#primaryimage\"},\"thumbnailUrl\":\"https:\/\/vieassociative.be\/actualites\/wp-content\/uploads\/2026\/03\/1773929824_Le-Meta-Quest-Pro-est-actuellement-a-plus-de-300.png\",\"datePublished\":\"2026-03-19T14:17:02+00:00\",\"dateModified\":\"2026-03-19T14:17:02+00:00\",\"breadcrumb\":{\"@id\":\"https:\/\/vieassociative.be\/actualites\/le-meta-quest-pro-est-actuellement-a-plus-de-300-de-reduction\/#breadcrumb\"},\"inLanguage\":\"fr-BE\",\"potentialAction\":[{\"@type\":\"ReadAction\",\"target\":[\"https:\/\/vieassociative.be\/actualites\/le-meta-quest-pro-est-actuellement-a-plus-de-300-de-reduction\/\"]}]},{\"@type\":\"ImageObject\",\"inLanguage\":\"fr-BE\",\"@id\":\"https:\/\/vieassociative.be\/actualites\/le-meta-quest-pro-est-actuellement-a-plus-de-300-de-reduction\/#primaryimage\",\"url\":\"https:\/\/vieassociative.be\/actualites\/wp-content\/uploads\/2026\/03\/1773929824_Le-Meta-Quest-Pro-est-actuellement-a-plus-de-300.png\",\"contentUrl\":\"https:\/\/vieassociative.be\/actualites\/wp-content\/uploads\/2026\/03\/1773929824_Le-Meta-Quest-Pro-est-actuellement-a-plus-de-300.png\",\"width\":1200,\"height\":675,\"caption\":\"Le Meta Quest Pro est actuellement \u00e0 plus de 300 $ de r\u00e9duction\"},{\"@type\":\"BreadcrumbList\",\"@id\":\"https:\/\/vieassociative.be\/actualites\/le-meta-quest-pro-est-actuellement-a-plus-de-300-de-reduction\/#breadcrumb\",\"itemListElement\":[{\"@type\":\"ListItem\",\"position\":1,\"name\":\"Accueil\",\"item\":\"https:\/\/vieassociative.be\/actualites\/\"},{\"@type\":\"ListItem\",\"position\":2,\"name\":\"Le Meta Quest Pro est actuellement \u00e0 plus de 300 $ de r\u00e9duction\"}]},{\"@type\":\"WebSite\",\"@id\":\"https:\/\/vieassociative.be\/actualites\/#website\",\"url\":\"https:\/\/vieassociative.be\/actualites\/\",\"name\":\"Vie Associative\",\"description\":\"\",\"publisher\":{\"@id\":\"https:\/\/vieassociative.be\/actualites\/#organization\"},\"potentialAction\":[{\"@type\":\"SearchAction\",\"target\":{\"@type\":\"EntryPoint\",\"urlTemplate\":\"https:\/\/vieassociative.be\/actualites\/?s={search_term_string}\"},\"query-input\":{\"@type\":\"PropertyValueSpecification\",\"valueRequired\":true,\"valueName\":\"search_term_string\"}}],\"inLanguage\":\"fr-BE\"},{\"@type\":\"Organization\",\"@id\":\"https:\/\/vieassociative.be\/actualites\/#organization\",\"name\":\"Vie Associative\",\"url\":\"https:\/\/vieassociative.be\/actualites\/\",\"logo\":{\"@type\":\"ImageObject\",\"inLanguage\":\"fr-BE\",\"@id\":\"https:\/\/vieassociative.be\/actualites\/#\/schema\/logo\/image\/\",\"url\":\"https:\/\/vieassociative.be\/actualites\/wp-content\/uploads\/2024\/09\/cropped-vieassociative_favicon.ico.png\",\"contentUrl\":\"https:\/\/vieassociative.be\/actualites\/wp-content\/uploads\/2024\/09\/cropped-vieassociative_favicon.ico.png\",\"width\":512,\"height\":512,\"caption\":\"Vie Associative\"},\"image\":{\"@id\":\"https:\/\/vieassociative.be\/actualites\/#\/schema\/logo\/image\/\"}},{\"@type\":\"Person\",\"@id\":\"https:\/\/vieassociative.be\/actualites\/#\/schema\/person\/b87ac4f82f9d4e7b7cec7395b679edc4\",\"name\":\"Julien\",\"image\":{\"@type\":\"ImageObject\",\"inLanguage\":\"fr-BE\",\"@id\":\"https:\/\/vieassociative.be\/actualites\/#\/schema\/person\/image\/\",\"url\":\"https:\/\/vieassociative.be\/actualites\/wp-content\/uploads\/2024\/09\/vie-associative-1-150x150.jpg\",\"contentUrl\":\"https:\/\/vieassociative.be\/actualites\/wp-content\/uploads\/2024\/09\/vie-associative-1-150x150.jpg\",\"caption\":\"Julien\"},\"description\":\"Je suis Julien, r\u00e9dacteur pour Vie Associative. Passionn\u00e9 par le monde associatif depuis plus de 10 ans, j'ai \u00e0 c\u0153ur de partager des histoires inspirantes et de mettre en lumi\u00e8re les initiatives locales. Mon objectif est de sensibiliser et d'encourager l'engagement communautaire \u00e0 travers mes articles.\",\"sameAs\":[\"https:\/\/vieassociative.be\/\"]}]}<\/script>\n<!-- \/ Yoast SEO plugin. -->","yoast_head_json":{"title":"Le Meta Quest Pro est actuellement \u00e0 plus de 300 $ de r\u00e9duction | Vie Associative","robots":{"index":"index","follow":"follow","max-snippet":"max-snippet:-1","max-image-preview":"max-image-preview:large","max-video-preview":"max-video-preview:-1"},"canonical":"https:\/\/vieassociative.be\/actualites\/le-meta-quest-pro-est-actuellement-a-plus-de-300-de-reduction\/","og_locale":"fr_FR","og_type":"article","og_title":"Le Meta Quest Pro est actuellement \u00e0 plus de 300 $ de r\u00e9duction | Vie Associative","og_description":"Nous pouvons gagner une commission sur les liens sur cette page. Les prix et la disponibilit\u00e9 de l&rsquo;offre sont sujets \u00e0 changement apr\u00e8s la publication.","og_url":"https:\/\/vieassociative.be\/actualites\/le-meta-quest-pro-est-actuellement-a-plus-de-300-de-reduction\/","og_site_name":"Vie Associative","article_published_time":"2026-03-19T14:17:02+00:00","og_image":[{"url":"https:\/\/vieassociative.be\/actualites\/wp-content\/uploads\/2026\/03\/Le-Meta-Quest-Pro-est-actuellement-a-plus-de-300.png","type":"","width":"","height":""}],"author":"Julien","twitter_card":"summary_large_image","twitter_misc":{"\u00c9crit par":"Julien","Dur\u00e9e de lecture est.":"3 minutes"},"schema":{"@context":"https:\/\/schema.org","@graph":[{"@type":"Article","@id":"https:\/\/vieassociative.be\/actualites\/le-meta-quest-pro-est-actuellement-a-plus-de-300-de-reduction\/#article","isPartOf":{"@id":"https:\/\/vieassociative.be\/actualites\/le-meta-quest-pro-est-actuellement-a-plus-de-300-de-reduction\/"},"author":{"name":"Julien","@id":"https:\/\/vieassociative.be\/actualites\/#\/schema\/person\/b87ac4f82f9d4e7b7cec7395b679edc4"},"headline":"Le Meta Quest Pro est actuellement \u00e0 plus de 300 $ de r\u00e9duction","datePublished":"2026-03-19T14:17:02+00:00","dateModified":"2026-03-19T14:17:02+00:00","mainEntityOfPage":{"@id":"https:\/\/vieassociative.be\/actualites\/le-meta-quest-pro-est-actuellement-a-plus-de-300-de-reduction\/"},"wordCount":689,"publisher":{"@id":"https:\/\/vieassociative.be\/actualites\/#organization"},"image":{"@id":"https:\/\/vieassociative.be\/actualites\/le-meta-quest-pro-est-actuellement-a-plus-de-300-de-reduction\/#primaryimage"},"thumbnailUrl":"https:\/\/vieassociative.be\/actualites\/wp-content\/uploads\/2026\/03\/1773929824_Le-Meta-Quest-Pro-est-actuellement-a-plus-de-300.png","keywords":["actuellement","est","Meta","Pro","Quest","r\u00e9duction"],"articleSection":["Technologie"],"inLanguage":"fr-BE"},{"@type":"WebPage","@id":"https:\/\/vieassociative.be\/actualites\/le-meta-quest-pro-est-actuellement-a-plus-de-300-de-reduction\/","url":"https:\/\/vieassociative.be\/actualites\/le-meta-quest-pro-est-actuellement-a-plus-de-300-de-reduction\/","name":"Le Meta Quest Pro est actuellement \u00e0 plus de 300 $ de r\u00e9duction | Vie Associative","isPartOf":{"@id":"https:\/\/vieassociative.be\/actualites\/#website"},"primaryImageOfPage":{"@id":"https:\/\/vieassociative.be\/actualites\/le-meta-quest-pro-est-actuellement-a-plus-de-300-de-reduction\/#primaryimage"},"image":{"@id":"https:\/\/vieassociative.be\/actualites\/le-meta-quest-pro-est-actuellement-a-plus-de-300-de-reduction\/#primaryimage"},"thumbnailUrl":"https:\/\/vieassociative.be\/actualites\/wp-content\/uploads\/2026\/03\/1773929824_Le-Meta-Quest-Pro-est-actuellement-a-plus-de-300.png","datePublished":"2026-03-19T14:17:02+00:00","dateModified":"2026-03-19T14:17:02+00:00","breadcrumb":{"@id":"https:\/\/vieassociative.be\/actualites\/le-meta-quest-pro-est-actuellement-a-plus-de-300-de-reduction\/#breadcrumb"},"inLanguage":"fr-BE","potentialAction":[{"@type":"ReadAction","target":["https:\/\/vieassociative.be\/actualites\/le-meta-quest-pro-est-actuellement-a-plus-de-300-de-reduction\/"]}]},{"@type":"ImageObject","inLanguage":"fr-BE","@id":"https:\/\/vieassociative.be\/actualites\/le-meta-quest-pro-est-actuellement-a-plus-de-300-de-reduction\/#primaryimage","url":"https:\/\/vieassociative.be\/actualites\/wp-content\/uploads\/2026\/03\/1773929824_Le-Meta-Quest-Pro-est-actuellement-a-plus-de-300.png","contentUrl":"https:\/\/vieassociative.be\/actualites\/wp-content\/uploads\/2026\/03\/1773929824_Le-Meta-Quest-Pro-est-actuellement-a-plus-de-300.png","width":1200,"height":675,"caption":"Le Meta Quest Pro est actuellement \u00e0 plus de 300 $ de r\u00e9duction"},{"@type":"BreadcrumbList","@id":"https:\/\/vieassociative.be\/actualites\/le-meta-quest-pro-est-actuellement-a-plus-de-300-de-reduction\/#breadcrumb","itemListElement":[{"@type":"ListItem","position":1,"name":"Accueil","item":"https:\/\/vieassociative.be\/actualites\/"},{"@type":"ListItem","position":2,"name":"Le Meta Quest Pro est actuellement \u00e0 plus de 300 $ de r\u00e9duction"}]},{"@type":"WebSite","@id":"https:\/\/vieassociative.be\/actualites\/#website","url":"https:\/\/vieassociative.be\/actualites\/","name":"Vie Associative","description":"","publisher":{"@id":"https:\/\/vieassociative.be\/actualites\/#organization"},"potentialAction":[{"@type":"SearchAction","target":{"@type":"EntryPoint","urlTemplate":"https:\/\/vieassociative.be\/actualites\/?s={search_term_string}"},"query-input":{"@type":"PropertyValueSpecification","valueRequired":true,"valueName":"search_term_string"}}],"inLanguage":"fr-BE"},{"@type":"Organization","@id":"https:\/\/vieassociative.be\/actualites\/#organization","name":"Vie Associative","url":"https:\/\/vieassociative.be\/actualites\/","logo":{"@type":"ImageObject","inLanguage":"fr-BE","@id":"https:\/\/vieassociative.be\/actualites\/#\/schema\/logo\/image\/","url":"https:\/\/vieassociative.be\/actualites\/wp-content\/uploads\/2024\/09\/cropped-vieassociative_favicon.ico.png","contentUrl":"https:\/\/vieassociative.be\/actualites\/wp-content\/uploads\/2024\/09\/cropped-vieassociative_favicon.ico.png","width":512,"height":512,"caption":"Vie Associative"},"image":{"@id":"https:\/\/vieassociative.be\/actualites\/#\/schema\/logo\/image\/"}},{"@type":"Person","@id":"https:\/\/vieassociative.be\/actualites\/#\/schema\/person\/b87ac4f82f9d4e7b7cec7395b679edc4","name":"Julien","image":{"@type":"ImageObject","inLanguage":"fr-BE","@id":"https:\/\/vieassociative.be\/actualites\/#\/schema\/person\/image\/","url":"https:\/\/vieassociative.be\/actualites\/wp-content\/uploads\/2024\/09\/vie-associative-1-150x150.jpg","contentUrl":"https:\/\/vieassociative.be\/actualites\/wp-content\/uploads\/2024\/09\/vie-associative-1-150x150.jpg","caption":"Julien"},"description":"Je suis Julien, r\u00e9dacteur pour Vie Associative. Passionn\u00e9 par le monde associatif depuis plus de 10 ans, j'ai \u00e0 c\u0153ur de partager des histoires inspirantes et de mettre en lumi\u00e8re les initiatives locales. Mon objectif est de sensibiliser et d'encourager l'engagement communautaire \u00e0 travers mes articles.","sameAs":["https:\/\/vieassociative.be\/"]}]}},"_links":{"self":[{"href":"https:\/\/vieassociative.be\/actualites\/wp-json\/wp\/v2\/posts\/13091"}],"collection":[{"href":"https:\/\/vieassociative.be\/actualites\/wp-json\/wp\/v2\/posts"}],"about":[{"href":"https:\/\/vieassociative.be\/actualites\/wp-json\/wp\/v2\/types\/post"}],"author":[{"embeddable":true,"href":"https:\/\/vieassociative.be\/actualites\/wp-json\/wp\/v2\/users\/1"}],"replies":[{"embeddable":true,"href":"https:\/\/vieassociative.be\/actualites\/wp-json\/wp\/v2\/comments?post=13091"}],"version-history":[{"count":0,"href":"https:\/\/vieassociative.be\/actualites\/wp-json\/wp\/v2\/posts\/13091\/revisions"}],"wp:featuredmedia":[{"embeddable":true,"href":"https:\/\/vieassociative.be\/actualites\/wp-json\/wp\/v2\/media\/13092"}],"wp:attachment":[{"href":"https:\/\/vieassociative.be\/actualites\/wp-json\/wp\/v2\/media?parent=13091"}],"wp:term":[{"taxonomy":"category","embeddable":true,"href":"https:\/\/vieassociative.be\/actualites\/wp-json\/wp\/v2\/categories?post=13091"},{"taxonomy":"post_tag","embeddable":true,"href":"https:\/\/vieassociative.be\/actualites\/wp-json\/wp\/v2\/tags?post=13091"}],"curies":[{"name":"wp","href":"https:\/\/api.w.org\/{rel}","templated":true}]}}