{"id":13089,"date":"2026-03-19T10:17:06","date_gmt":"2026-03-19T09:17:06","guid":{"rendered":"https:\/\/vieassociative.be\/actualites\/crash-dune-gondole-dans-une-station-de-ski-suisse-un-mort\/"},"modified":"2026-03-19T10:17:06","modified_gmt":"2026-03-19T09:17:06","slug":"crash-dune-gondole-dans-une-station-de-ski-suisse-un-mort","status":"publish","type":"post","link":"https:\/\/vieassociative.be\/actualites\/crash-dune-gondole-dans-une-station-de-ski-suisse-un-mort\/","title":{"rendered":"Crash d&rsquo;une gondole dans une station de ski suisse \u2013 un mort"},"content":{"rendered":"<p><strong>Une femme est d\u00e9c\u00e9d\u00e9e dans l&rsquo;accident d&rsquo;une gondole dans une station de ski en Suisse. La cabane s&rsquo;\u00e9tait apparemment d\u00e9tach\u00e9e de la corde suite \u00e0 des vents violents, \u00e9tait tomb\u00e9e, avait gliss\u00e9 sur une pente enneig\u00e9e et s&rsquo;\u00e9tait renvers\u00e9e \u00e0 plusieurs reprises avant de s&rsquo;arr\u00eater sur un buisson.<\/strong><\/p>\n<p><span id=\"more-437817\"><\/span>Quelqu\u2019un a film\u00e9 l\u2019accident et a mis la vid\u00e9o dramatique \u00e0 la disposition du journal \u00ab Blick \u00bb.<\/p>\n<p>La police cantonale de Nidwald a signal\u00e9 qu&rsquo;il n&rsquo;y avait qu&rsquo;un seul homme de 61 ans originaire de la r\u00e9gion dans la t\u00e9l\u00e9cabine autoris\u00e9e pour huit personnes. Dans un premier temps, elle n&rsquo;a fait aucun commentaire sur les causes de l&rsquo;accident. \u00ab\u00a0Les circonstances qui ont conduit \u00e0 l&rsquo;accident ne sont pas claires pour l&rsquo;instant\u00a0\u00bb, a indiqu\u00e9 la police en d\u00e9but de soir\u00e9e. \u00ab\u00a0L&rsquo;enqu\u00eate \u00e0 ce sujet a \u00e9t\u00e9 ouverte sous la direction du parquet de Nidwald.\u00a0\u00bb<\/p>\n<p><strong>\u2013 Accident \u00e0 2 000 m\u00e8tres d\u2019altitude :<\/strong> L&rsquo;accident s&rsquo;est produit \u00e0 une altitude d&rsquo;environ 2 000 m\u00e8tres, ce qui a rendu difficile l&rsquo;acc\u00e8s des secours et de la police. Entre autres choses, un h\u00e9licopt\u00e8re de sauvetage de la Garde a\u00e9rienne suisse Rega \u00e9tait utilis\u00e9.<\/p>\n<\/p>\n<div id=\"attachment_437820\" class=\"wp-caption alignleft\" style=\"max-width: 300px\"><img fetchpriority=\"high\" decoding=\"async\" class=\"wp-image-437820 size-medium\" src=\"https:\/\/vieassociative.be\/actualites\/wp-content\/uploads\/2026\/03\/Crash-dune-gondole-dans-une-station-de-ski-suisse-\u2013.jpg\" alt=\"\" width=\"300\" height=\"200\"><\/div>\n<p>La t\u00e9l\u00e9cabine Titlis Xpress Engelberg-Stand situ\u00e9e dans le plus grand domaine skiable de Suisse centrale, Engelberg-Titlis, au sud du lac des Quatre-Cantons, a \u00e9t\u00e9 touch\u00e9e. L&rsquo;accident s&rsquo;est produit peu apr\u00e8s la gare interm\u00e9diaire de Tr\u00fcbsee, comme l&rsquo;a indiqu\u00e9 le porte-parole de la police. Les t\u00e9l\u00e9cabines transportent les amateurs de sports d&rsquo;hiver jusqu&rsquo;\u00e0 environ 2 400 m\u00e8tres d&rsquo;altitude.<\/p>\n<p><strong>\u2013 Avertissement de vent l\u2019apr\u00e8s-midi :<\/strong> Les policiers ont \u00e9t\u00e9 alert\u00e9s peu apr\u00e8s 11 heures du matin. Entre 100 et 200 personnes circulaient dans d&rsquo;autres gondoles le long du parcours. Ils ont \u00e9t\u00e9 mis en s\u00e9curit\u00e9 dans l&rsquo;apr\u00e8s-midi, a d\u00e9clar\u00e9 Norbert Patt, PDG de Titlis Bergbahnen. Dans l&rsquo;apr\u00e8s-midi, la t\u00e9l\u00e9cabine et plusieurs autres \u00e9taient ferm\u00e9es en raison de vents violents, selon le site Internet du domaine skiable.<\/p>\n<p>Le service m\u00e9t\u00e9orologique M\u00e9t\u00e9oschweiz a indiqu\u00e9 sur son site Internet un ensoleillement et des temp\u00e9ratures d&rsquo;environ 8 degr\u00e9s \u00e0 midi pour Engelberg. Il y a \u00e9galement eu un avertissement de vent, avec des \u00ab pointes de vent dans les endroits expos\u00e9s au-dessus de 1\u00a0800 m\u00e8tres \u00bb pouvant atteindre 130 kilom\u00e8tres par heure.<\/p>\n<p>Suisse Tourisme consid\u00e8re la r\u00e9gion situ\u00e9e sur la plus haute montagne de Suisse centrale, le Titlis, comme l&rsquo;un des domaines skiables les plus populaires de Suisse, aux c\u00f4t\u00e9s de Zermatt, Davos, Saint-Moritz et d&rsquo;autres. Il est consid\u00e9r\u00e9 comme enneig\u00e9 d&rsquo;octobre \u00e0 mai et propose, entre autres, une descente en vall\u00e9e \u00e0 2 000 m\u00e8tres d&rsquo;altitude. La zone se situe \u00e0 130 kilom\u00e8tres au sud-est de B\u00e2le. Il est accessible depuis l&rsquo;a\u00e9roport de Zurich en une heure et demie. (dpa)<\/p>\n","protected":false},"excerpt":{"rendered":"<p>Une femme est d\u00e9c\u00e9d\u00e9e dans l&rsquo;accident d&rsquo;une gondole dans une station de ski en Suisse. La cabane s&rsquo;\u00e9tait apparemment d\u00e9tach\u00e9e de la corde suite \u00e0<\/p>\n","protected":false},"author":1,"featured_media":13090,"comment_status":"","ping_status":"","sticky":false,"template":"","format":"standard","meta":{"footnotes":""},"categories":[298],"tags":[4381,166,698,10284,1717,9667,4713,7603,110],"class_list":["post-13089","post","type-post","status-publish","format-standard","has-post-thumbnail","hentry","category-belgique","tag-crash","tag-dans","tag-dune","tag-gondole","tag-mort","tag-ski","tag-station","tag-suisse","tag-une","generate-columns","tablet-grid-50","mobile-grid-100","grid-parent","grid-33"],"yoast_head":"<!-- This site is optimized with the Yoast SEO plugin v24.0 - https:\/\/yoast.com\/wordpress\/plugins\/seo\/ -->\n<title>Crash d&#039;une gondole dans une station de ski suisse \u2013 un mort | Vie Associative<\/title>\n<meta name=\"robots\" content=\"index, follow, max-snippet:-1, max-image-preview:large, max-video-preview:-1\" \/>\n<link rel=\"canonical\" href=\"https:\/\/vieassociative.be\/actualites\/crash-dune-gondole-dans-une-station-de-ski-suisse-un-mort\/\" \/>\n<meta property=\"og:locale\" content=\"fr_FR\" \/>\n<meta property=\"og:type\" content=\"article\" \/>\n<meta property=\"og:title\" content=\"Crash d&#039;une gondole dans une station de ski suisse \u2013 un mort | Vie Associative\" \/>\n<meta property=\"og:description\" content=\"Une femme est d\u00e9c\u00e9d\u00e9e dans l&rsquo;accident d&rsquo;une gondole dans une station de ski en Suisse. La cabane s&rsquo;\u00e9tait apparemment d\u00e9tach\u00e9e de la corde suite \u00e0\" \/>\n<meta property=\"og:url\" content=\"https:\/\/vieassociative.be\/actualites\/crash-dune-gondole-dans-une-station-de-ski-suisse-un-mort\/\" \/>\n<meta property=\"og:site_name\" content=\"Vie Associative\" \/>\n<meta property=\"article:published_time\" content=\"2026-03-19T09:17:06+00:00\" \/>\n<meta property=\"og:image\" content=\"https:\/\/vieassociative.be\/actualites\/wp-content\/uploads\/2024\/09\/header_backgroundk-01-e1726694325946.png\" \/>\n\t<meta property=\"og:image:width\" content=\"279\" \/>\n\t<meta property=\"og:image:height\" content=\"92\" \/>\n\t<meta property=\"og:image:type\" content=\"image\/png\" \/>\n<meta name=\"author\" content=\"Julien\" \/>\n<meta name=\"twitter:card\" content=\"summary_large_image\" \/>\n<meta name=\"twitter:label1\" content=\"\u00c9crit par\" \/>\n\t<meta name=\"twitter:data1\" content=\"Julien\" \/>\n\t<meta name=\"twitter:label2\" content=\"Dur\u00e9e de lecture est.\" \/>\n\t<meta name=\"twitter:data2\" content=\"2 minutes\" \/>\n<script type=\"application\/ld+json\" class=\"yoast-schema-graph\">{\"@context\":\"https:\/\/schema.org\",\"@graph\":[{\"@type\":\"Article\",\"@id\":\"https:\/\/vieassociative.be\/actualites\/crash-dune-gondole-dans-une-station-de-ski-suisse-un-mort\/#article\",\"isPartOf\":{\"@id\":\"https:\/\/vieassociative.be\/actualites\/crash-dune-gondole-dans-une-station-de-ski-suisse-un-mort\/\"},\"author\":{\"name\":\"Julien\",\"@id\":\"https:\/\/vieassociative.be\/actualites\/#\/schema\/person\/b87ac4f82f9d4e7b7cec7395b679edc4\"},\"headline\":\"Crash d&rsquo;une gondole dans une station de ski suisse \u2013 un mort\",\"datePublished\":\"2026-03-19T09:17:06+00:00\",\"dateModified\":\"2026-03-19T09:17:06+00:00\",\"mainEntityOfPage\":{\"@id\":\"https:\/\/vieassociative.be\/actualites\/crash-dune-gondole-dans-une-station-de-ski-suisse-un-mort\/\"},\"wordCount\":517,\"publisher\":{\"@id\":\"https:\/\/vieassociative.be\/actualites\/#organization\"},\"image\":{\"@id\":\"https:\/\/vieassociative.be\/actualites\/crash-dune-gondole-dans-une-station-de-ski-suisse-un-mort\/#primaryimage\"},\"thumbnailUrl\":\"https:\/\/vieassociative.be\/actualites\/wp-content\/uploads\/2026\/03\/1773911827_Crash-dune-gondole-dans-une-station-de-ski-suisse-\u2013.jpg\",\"keywords\":[\"Crash\",\"dans\",\"dune\",\"gondole\",\"mort\",\"ski\",\"station\",\"Suisse\",\"une\"],\"articleSection\":[\"Belgique\"],\"inLanguage\":\"fr-BE\"},{\"@type\":\"WebPage\",\"@id\":\"https:\/\/vieassociative.be\/actualites\/crash-dune-gondole-dans-une-station-de-ski-suisse-un-mort\/\",\"url\":\"https:\/\/vieassociative.be\/actualites\/crash-dune-gondole-dans-une-station-de-ski-suisse-un-mort\/\",\"name\":\"Crash d'une gondole dans une station de ski suisse \u2013 un mort | Vie Associative\",\"isPartOf\":{\"@id\":\"https:\/\/vieassociative.be\/actualites\/#website\"},\"primaryImageOfPage\":{\"@id\":\"https:\/\/vieassociative.be\/actualites\/crash-dune-gondole-dans-une-station-de-ski-suisse-un-mort\/#primaryimage\"},\"image\":{\"@id\":\"https:\/\/vieassociative.be\/actualites\/crash-dune-gondole-dans-une-station-de-ski-suisse-un-mort\/#primaryimage\"},\"thumbnailUrl\":\"https:\/\/vieassociative.be\/actualites\/wp-content\/uploads\/2026\/03\/1773911827_Crash-dune-gondole-dans-une-station-de-ski-suisse-\u2013.jpg\",\"datePublished\":\"2026-03-19T09:17:06+00:00\",\"dateModified\":\"2026-03-19T09:17:06+00:00\",\"breadcrumb\":{\"@id\":\"https:\/\/vieassociative.be\/actualites\/crash-dune-gondole-dans-une-station-de-ski-suisse-un-mort\/#breadcrumb\"},\"inLanguage\":\"fr-BE\",\"potentialAction\":[{\"@type\":\"ReadAction\",\"target\":[\"https:\/\/vieassociative.be\/actualites\/crash-dune-gondole-dans-une-station-de-ski-suisse-un-mort\/\"]}]},{\"@type\":\"ImageObject\",\"inLanguage\":\"fr-BE\",\"@id\":\"https:\/\/vieassociative.be\/actualites\/crash-dune-gondole-dans-une-station-de-ski-suisse-un-mort\/#primaryimage\",\"url\":\"https:\/\/vieassociative.be\/actualites\/wp-content\/uploads\/2026\/03\/1773911827_Crash-dune-gondole-dans-une-station-de-ski-suisse-\u2013.jpg\",\"contentUrl\":\"https:\/\/vieassociative.be\/actualites\/wp-content\/uploads\/2026\/03\/1773911827_Crash-dune-gondole-dans-une-station-de-ski-suisse-\u2013.jpg\",\"width\":1200,\"height\":800,\"caption\":\"Crash d'une gondole dans une station de ski suisse \u2013 un mort\"},{\"@type\":\"BreadcrumbList\",\"@id\":\"https:\/\/vieassociative.be\/actualites\/crash-dune-gondole-dans-une-station-de-ski-suisse-un-mort\/#breadcrumb\",\"itemListElement\":[{\"@type\":\"ListItem\",\"position\":1,\"name\":\"Accueil\",\"item\":\"https:\/\/vieassociative.be\/actualites\/\"},{\"@type\":\"ListItem\",\"position\":2,\"name\":\"Crash d&rsquo;une gondole dans une station de ski suisse \u2013 un mort\"}]},{\"@type\":\"WebSite\",\"@id\":\"https:\/\/vieassociative.be\/actualites\/#website\",\"url\":\"https:\/\/vieassociative.be\/actualites\/\",\"name\":\"Vie Associative\",\"description\":\"\",\"publisher\":{\"@id\":\"https:\/\/vieassociative.be\/actualites\/#organization\"},\"potentialAction\":[{\"@type\":\"SearchAction\",\"target\":{\"@type\":\"EntryPoint\",\"urlTemplate\":\"https:\/\/vieassociative.be\/actualites\/?s={search_term_string}\"},\"query-input\":{\"@type\":\"PropertyValueSpecification\",\"valueRequired\":true,\"valueName\":\"search_term_string\"}}],\"inLanguage\":\"fr-BE\"},{\"@type\":\"Organization\",\"@id\":\"https:\/\/vieassociative.be\/actualites\/#organization\",\"name\":\"Vie Associative\",\"url\":\"https:\/\/vieassociative.be\/actualites\/\",\"logo\":{\"@type\":\"ImageObject\",\"inLanguage\":\"fr-BE\",\"@id\":\"https:\/\/vieassociative.be\/actualites\/#\/schema\/logo\/image\/\",\"url\":\"https:\/\/vieassociative.be\/actualites\/wp-content\/uploads\/2024\/09\/cropped-vieassociative_favicon.ico.png\",\"contentUrl\":\"https:\/\/vieassociative.be\/actualites\/wp-content\/uploads\/2024\/09\/cropped-vieassociative_favicon.ico.png\",\"width\":512,\"height\":512,\"caption\":\"Vie Associative\"},\"image\":{\"@id\":\"https:\/\/vieassociative.be\/actualites\/#\/schema\/logo\/image\/\"}},{\"@type\":\"Person\",\"@id\":\"https:\/\/vieassociative.be\/actualites\/#\/schema\/person\/b87ac4f82f9d4e7b7cec7395b679edc4\",\"name\":\"Julien\",\"image\":{\"@type\":\"ImageObject\",\"inLanguage\":\"fr-BE\",\"@id\":\"https:\/\/vieassociative.be\/actualites\/#\/schema\/person\/image\/\",\"url\":\"https:\/\/vieassociative.be\/actualites\/wp-content\/uploads\/2024\/09\/vie-associative-1-150x150.jpg\",\"contentUrl\":\"https:\/\/vieassociative.be\/actualites\/wp-content\/uploads\/2024\/09\/vie-associative-1-150x150.jpg\",\"caption\":\"Julien\"},\"description\":\"Je suis Julien, r\u00e9dacteur pour Vie Associative. Passionn\u00e9 par le monde associatif depuis plus de 10 ans, j'ai \u00e0 c\u0153ur de partager des histoires inspirantes et de mettre en lumi\u00e8re les initiatives locales. Mon objectif est de sensibiliser et d'encourager l'engagement communautaire \u00e0 travers mes articles.\",\"sameAs\":[\"https:\/\/vieassociative.be\/\"]}]}<\/script>\n<!-- \/ Yoast SEO plugin. -->","yoast_head_json":{"title":"Crash d'une gondole dans une station de ski suisse \u2013 un mort | Vie Associative","robots":{"index":"index","follow":"follow","max-snippet":"max-snippet:-1","max-image-preview":"max-image-preview:large","max-video-preview":"max-video-preview:-1"},"canonical":"https:\/\/vieassociative.be\/actualites\/crash-dune-gondole-dans-une-station-de-ski-suisse-un-mort\/","og_locale":"fr_FR","og_type":"article","og_title":"Crash d'une gondole dans une station de ski suisse \u2013 un mort | Vie Associative","og_description":"Une femme est d\u00e9c\u00e9d\u00e9e dans l&rsquo;accident d&rsquo;une gondole dans une station de ski en Suisse. La cabane s&rsquo;\u00e9tait apparemment d\u00e9tach\u00e9e de la corde suite \u00e0","og_url":"https:\/\/vieassociative.be\/actualites\/crash-dune-gondole-dans-une-station-de-ski-suisse-un-mort\/","og_site_name":"Vie Associative","article_published_time":"2026-03-19T09:17:06+00:00","og_image":[{"width":279,"height":92,"url":"https:\/\/vieassociative.be\/actualites\/wp-content\/uploads\/2024\/09\/header_backgroundk-01-e1726694325946.png","type":"image\/png"}],"author":"Julien","twitter_card":"summary_large_image","twitter_misc":{"\u00c9crit par":"Julien","Dur\u00e9e de lecture est.":"2 minutes"},"schema":{"@context":"https:\/\/schema.org","@graph":[{"@type":"Article","@id":"https:\/\/vieassociative.be\/actualites\/crash-dune-gondole-dans-une-station-de-ski-suisse-un-mort\/#article","isPartOf":{"@id":"https:\/\/vieassociative.be\/actualites\/crash-dune-gondole-dans-une-station-de-ski-suisse-un-mort\/"},"author":{"name":"Julien","@id":"https:\/\/vieassociative.be\/actualites\/#\/schema\/person\/b87ac4f82f9d4e7b7cec7395b679edc4"},"headline":"Crash d&rsquo;une gondole dans une station de ski suisse \u2013 un mort","datePublished":"2026-03-19T09:17:06+00:00","dateModified":"2026-03-19T09:17:06+00:00","mainEntityOfPage":{"@id":"https:\/\/vieassociative.be\/actualites\/crash-dune-gondole-dans-une-station-de-ski-suisse-un-mort\/"},"wordCount":517,"publisher":{"@id":"https:\/\/vieassociative.be\/actualites\/#organization"},"image":{"@id":"https:\/\/vieassociative.be\/actualites\/crash-dune-gondole-dans-une-station-de-ski-suisse-un-mort\/#primaryimage"},"thumbnailUrl":"https:\/\/vieassociative.be\/actualites\/wp-content\/uploads\/2026\/03\/1773911827_Crash-dune-gondole-dans-une-station-de-ski-suisse-\u2013.jpg","keywords":["Crash","dans","dune","gondole","mort","ski","station","Suisse","une"],"articleSection":["Belgique"],"inLanguage":"fr-BE"},{"@type":"WebPage","@id":"https:\/\/vieassociative.be\/actualites\/crash-dune-gondole-dans-une-station-de-ski-suisse-un-mort\/","url":"https:\/\/vieassociative.be\/actualites\/crash-dune-gondole-dans-une-station-de-ski-suisse-un-mort\/","name":"Crash d'une gondole dans une station de ski suisse \u2013 un mort | Vie Associative","isPartOf":{"@id":"https:\/\/vieassociative.be\/actualites\/#website"},"primaryImageOfPage":{"@id":"https:\/\/vieassociative.be\/actualites\/crash-dune-gondole-dans-une-station-de-ski-suisse-un-mort\/#primaryimage"},"image":{"@id":"https:\/\/vieassociative.be\/actualites\/crash-dune-gondole-dans-une-station-de-ski-suisse-un-mort\/#primaryimage"},"thumbnailUrl":"https:\/\/vieassociative.be\/actualites\/wp-content\/uploads\/2026\/03\/1773911827_Crash-dune-gondole-dans-une-station-de-ski-suisse-\u2013.jpg","datePublished":"2026-03-19T09:17:06+00:00","dateModified":"2026-03-19T09:17:06+00:00","breadcrumb":{"@id":"https:\/\/vieassociative.be\/actualites\/crash-dune-gondole-dans-une-station-de-ski-suisse-un-mort\/#breadcrumb"},"inLanguage":"fr-BE","potentialAction":[{"@type":"ReadAction","target":["https:\/\/vieassociative.be\/actualites\/crash-dune-gondole-dans-une-station-de-ski-suisse-un-mort\/"]}]},{"@type":"ImageObject","inLanguage":"fr-BE","@id":"https:\/\/vieassociative.be\/actualites\/crash-dune-gondole-dans-une-station-de-ski-suisse-un-mort\/#primaryimage","url":"https:\/\/vieassociative.be\/actualites\/wp-content\/uploads\/2026\/03\/1773911827_Crash-dune-gondole-dans-une-station-de-ski-suisse-\u2013.jpg","contentUrl":"https:\/\/vieassociative.be\/actualites\/wp-content\/uploads\/2026\/03\/1773911827_Crash-dune-gondole-dans-une-station-de-ski-suisse-\u2013.jpg","width":1200,"height":800,"caption":"Crash d'une gondole dans une station de ski suisse \u2013 un mort"},{"@type":"BreadcrumbList","@id":"https:\/\/vieassociative.be\/actualites\/crash-dune-gondole-dans-une-station-de-ski-suisse-un-mort\/#breadcrumb","itemListElement":[{"@type":"ListItem","position":1,"name":"Accueil","item":"https:\/\/vieassociative.be\/actualites\/"},{"@type":"ListItem","position":2,"name":"Crash d&rsquo;une gondole dans une station de ski suisse \u2013 un mort"}]},{"@type":"WebSite","@id":"https:\/\/vieassociative.be\/actualites\/#website","url":"https:\/\/vieassociative.be\/actualites\/","name":"Vie Associative","description":"","publisher":{"@id":"https:\/\/vieassociative.be\/actualites\/#organization"},"potentialAction":[{"@type":"SearchAction","target":{"@type":"EntryPoint","urlTemplate":"https:\/\/vieassociative.be\/actualites\/?s={search_term_string}"},"query-input":{"@type":"PropertyValueSpecification","valueRequired":true,"valueName":"search_term_string"}}],"inLanguage":"fr-BE"},{"@type":"Organization","@id":"https:\/\/vieassociative.be\/actualites\/#organization","name":"Vie Associative","url":"https:\/\/vieassociative.be\/actualites\/","logo":{"@type":"ImageObject","inLanguage":"fr-BE","@id":"https:\/\/vieassociative.be\/actualites\/#\/schema\/logo\/image\/","url":"https:\/\/vieassociative.be\/actualites\/wp-content\/uploads\/2024\/09\/cropped-vieassociative_favicon.ico.png","contentUrl":"https:\/\/vieassociative.be\/actualites\/wp-content\/uploads\/2024\/09\/cropped-vieassociative_favicon.ico.png","width":512,"height":512,"caption":"Vie Associative"},"image":{"@id":"https:\/\/vieassociative.be\/actualites\/#\/schema\/logo\/image\/"}},{"@type":"Person","@id":"https:\/\/vieassociative.be\/actualites\/#\/schema\/person\/b87ac4f82f9d4e7b7cec7395b679edc4","name":"Julien","image":{"@type":"ImageObject","inLanguage":"fr-BE","@id":"https:\/\/vieassociative.be\/actualites\/#\/schema\/person\/image\/","url":"https:\/\/vieassociative.be\/actualites\/wp-content\/uploads\/2024\/09\/vie-associative-1-150x150.jpg","contentUrl":"https:\/\/vieassociative.be\/actualites\/wp-content\/uploads\/2024\/09\/vie-associative-1-150x150.jpg","caption":"Julien"},"description":"Je suis Julien, r\u00e9dacteur pour Vie Associative. Passionn\u00e9 par le monde associatif depuis plus de 10 ans, j'ai \u00e0 c\u0153ur de partager des histoires inspirantes et de mettre en lumi\u00e8re les initiatives locales. Mon objectif est de sensibiliser et d'encourager l'engagement communautaire \u00e0 travers mes articles.","sameAs":["https:\/\/vieassociative.be\/"]}]}},"_links":{"self":[{"href":"https:\/\/vieassociative.be\/actualites\/wp-json\/wp\/v2\/posts\/13089"}],"collection":[{"href":"https:\/\/vieassociative.be\/actualites\/wp-json\/wp\/v2\/posts"}],"about":[{"href":"https:\/\/vieassociative.be\/actualites\/wp-json\/wp\/v2\/types\/post"}],"author":[{"embeddable":true,"href":"https:\/\/vieassociative.be\/actualites\/wp-json\/wp\/v2\/users\/1"}],"replies":[{"embeddable":true,"href":"https:\/\/vieassociative.be\/actualites\/wp-json\/wp\/v2\/comments?post=13089"}],"version-history":[{"count":0,"href":"https:\/\/vieassociative.be\/actualites\/wp-json\/wp\/v2\/posts\/13089\/revisions"}],"wp:featuredmedia":[{"embeddable":true,"href":"https:\/\/vieassociative.be\/actualites\/wp-json\/wp\/v2\/media\/13090"}],"wp:attachment":[{"href":"https:\/\/vieassociative.be\/actualites\/wp-json\/wp\/v2\/media?parent=13089"}],"wp:term":[{"taxonomy":"category","embeddable":true,"href":"https:\/\/vieassociative.be\/actualites\/wp-json\/wp\/v2\/categories?post=13089"},{"taxonomy":"post_tag","embeddable":true,"href":"https:\/\/vieassociative.be\/actualites\/wp-json\/wp\/v2\/tags?post=13089"}],"curies":[{"name":"wp","href":"https:\/\/api.w.org\/{rel}","templated":true}]}}