{"id":13085,"date":"2026-03-19T04:17:08","date_gmt":"2026-03-19T03:17:08","guid":{"rendered":"https:\/\/vieassociative.be\/actualites\/real-madrid-contre-fc-bayern-le-moment-fort-des-quarts-de-finale-de-la-categorie-reine\/"},"modified":"2026-03-19T04:17:08","modified_gmt":"2026-03-19T03:17:08","slug":"real-madrid-contre-fc-bayern-le-moment-fort-des-quarts-de-finale-de-la-categorie-reine","status":"publish","type":"post","link":"https:\/\/vieassociative.be\/actualites\/real-madrid-contre-fc-bayern-le-moment-fort-des-quarts-de-finale-de-la-categorie-reine\/","title":{"rendered":"Real Madrid contre FC Bayern : le moment fort des quarts de finale de la cat\u00e9gorie reine"},"content":{"rendered":"<p><strong>Men\u00e9 par son capitaine Harry Kane, auteur d&rsquo;un doubl\u00e9, le FC Bayern a c\u00e9l\u00e9br\u00e9 son deuxi\u00e8me but contre l&rsquo;Atalanta Bergame et peut d\u00e9sormais se r\u00e9jouir du duel g\u00e9ant avec le Real Madrid.<\/strong><\/p>\n<p><span id=\"more-437824\"><\/span>Apr\u00e8s le gala 6-1 en Italie, les champions allemands du record de football ont \u00e9galement domin\u00e9 le match retour contre les vainqueurs de Dortmund 4-1 (1-0) et ont pris au s\u00e9rieux leur place en quarts de finale de la Ligue des champions.<\/p>\n<p>L&rsquo;homme de la soir\u00e9e \u00e9tait le buteur Kane, toujours bless\u00e9 au match aller. L&rsquo;Anglais a d&rsquo;abord transform\u00e9 un penalty de la main lors de sa deuxi\u00e8me tentative (25e minute). Kane a ensuite ravi les 75 000 spectateurs de l&rsquo;Allianz Arena avec une belle performance individuelle, qu&rsquo;il a couronn\u00e9 d&rsquo;un but de r\u00eave (54e).<\/p>\n<div id=\"attachment_437829\" class=\"wp-caption alignleft\" style=\"max-width: 300px\"><img fetchpriority=\"high\" decoding=\"async\" class=\"wp-image-437829 size-medium\" src=\"https:\/\/vieassociative.be\/actualites\/wp-content\/uploads\/2026\/03\/Real-Madrid-contre-FC-Bayern-le-moment-fort-des.jpg\" alt=\"\" width=\"300\" height=\"200\"><\/div>\n<p>Le jeune Lennart Karl, travailleur mais longtemps malchanceux, a imm\u00e9diatement augment\u00e9 (56e). Le joueur de 18 ans peut apparemment s&rsquo;attendre \u00e0 sa premi\u00e8re nomination en \u00e9quipe nationale ce jeudi. Apr\u00e8s une superbe passe de Karl, Luis D\u00edaz marquait \u00e9galement (70e). \u00c0 la 85e minute, le Berlinois Lazar Samardzic a ouvert le score pour les visiteurs.<\/p>\n<p>\u00ab\u00a0Nous voulons \u00e0 nouveau faire une d\u00e9claration\u00a0\u00bb, a annonc\u00e9 le directeur sportif Max Eberl sur le service de streaming DAZN avant le coup d&rsquo;envoi. La performance du Bayern n&rsquo;a pas \u00e9t\u00e9 aussi spectaculaire qu&rsquo;une semaine plus t\u00f4t en Italie. Mais m\u00eame le Real Madrid, vainqueur du record de la Ligue des champions, devrait \u00eatre mis en garde contre les avides chasseurs de triples munichois de l&rsquo;entra\u00eeneur Vincent Kompany. Les supporters du Bayern ont scand\u00e9 dans les derni\u00e8res minutes : \u00ab FCB, vainqueur de la Coupe d&rsquo;Europe \u00bb.<\/p>\n<p>Outre le FC Bayern, le FC Liverpool, l&rsquo;Atl\u00e9tico Madrid et le FC Barcelone se sont \u00e9galement qualifi\u00e9s mercredi pour les quarts de finale de la cat\u00e9gorie reine, apr\u00e8s que le Sporting Lisbonne, le Real Madrid, l&rsquo;Arsenal Londres et le champion en titre du Paris Saint-Germain se soient qualifi\u00e9s pour les huiti\u00e8mes de finale mardi. (dpa\/cr\u00e9)<\/p>\n","protected":false},"excerpt":{"rendered":"<p>Men\u00e9 par son capitaine Harry Kane, auteur d&rsquo;un doubl\u00e9, le FC Bayern a c\u00e9l\u00e9br\u00e9 son deuxi\u00e8me but contre l&rsquo;Atalanta Bergame et peut d\u00e9sormais se r\u00e9jouir<\/p>\n","protected":false},"author":1,"featured_media":13086,"comment_status":"","ping_status":"","sticky":false,"template":"","format":"standard","meta":{"footnotes":""},"categories":[298],"tags":[2298,7054,796,29,879,5225,2301,1429,5437,369,7586],"class_list":["post-13085","post","type-post","status-publish","format-standard","has-post-thumbnail","hentry","category-belgique","tag-bayern","tag-categorie","tag-contre","tag-des","tag-finale","tag-fort","tag-madrid","tag-moment","tag-quarts","tag-real","tag-reine","generate-columns","tablet-grid-50","mobile-grid-100","grid-parent","grid-33"],"yoast_head":"<!-- This site is optimized with the Yoast SEO plugin v24.0 - https:\/\/yoast.com\/wordpress\/plugins\/seo\/ -->\n<title>Real Madrid contre FC Bayern : le moment fort des quarts de finale de la cat\u00e9gorie reine | Vie Associative<\/title>\n<meta name=\"robots\" content=\"index, follow, max-snippet:-1, max-image-preview:large, max-video-preview:-1\" \/>\n<link rel=\"canonical\" href=\"https:\/\/vieassociative.be\/actualites\/real-madrid-contre-fc-bayern-le-moment-fort-des-quarts-de-finale-de-la-categorie-reine\/\" \/>\n<meta property=\"og:locale\" content=\"fr_FR\" \/>\n<meta property=\"og:type\" content=\"article\" \/>\n<meta property=\"og:title\" content=\"Real Madrid contre FC Bayern : le moment fort des quarts de finale de la cat\u00e9gorie reine | Vie Associative\" \/>\n<meta property=\"og:description\" content=\"Men\u00e9 par son capitaine Harry Kane, auteur d&rsquo;un doubl\u00e9, le FC Bayern a c\u00e9l\u00e9br\u00e9 son deuxi\u00e8me but contre l&rsquo;Atalanta Bergame et peut d\u00e9sormais se r\u00e9jouir\" \/>\n<meta property=\"og:url\" content=\"https:\/\/vieassociative.be\/actualites\/real-madrid-contre-fc-bayern-le-moment-fort-des-quarts-de-finale-de-la-categorie-reine\/\" \/>\n<meta property=\"og:site_name\" content=\"Vie Associative\" \/>\n<meta property=\"article:published_time\" content=\"2026-03-19T03:17:08+00:00\" \/>\n<meta property=\"og:image\" content=\"https:\/\/vieassociative.be\/actualites\/wp-content\/uploads\/2024\/09\/header_backgroundk-01-e1726694325946.png\" \/>\n\t<meta property=\"og:image:width\" content=\"279\" \/>\n\t<meta property=\"og:image:height\" content=\"92\" \/>\n\t<meta property=\"og:image:type\" content=\"image\/png\" \/>\n<meta name=\"author\" content=\"Julien\" \/>\n<meta name=\"twitter:card\" content=\"summary_large_image\" \/>\n<meta name=\"twitter:label1\" content=\"\u00c9crit par\" \/>\n\t<meta name=\"twitter:data1\" content=\"Julien\" \/>\n\t<meta name=\"twitter:label2\" content=\"Dur\u00e9e de lecture est.\" \/>\n\t<meta name=\"twitter:data2\" content=\"2 minutes\" \/>\n<script type=\"application\/ld+json\" class=\"yoast-schema-graph\">{\"@context\":\"https:\/\/schema.org\",\"@graph\":[{\"@type\":\"Article\",\"@id\":\"https:\/\/vieassociative.be\/actualites\/real-madrid-contre-fc-bayern-le-moment-fort-des-quarts-de-finale-de-la-categorie-reine\/#article\",\"isPartOf\":{\"@id\":\"https:\/\/vieassociative.be\/actualites\/real-madrid-contre-fc-bayern-le-moment-fort-des-quarts-de-finale-de-la-categorie-reine\/\"},\"author\":{\"name\":\"Julien\",\"@id\":\"https:\/\/vieassociative.be\/actualites\/#\/schema\/person\/b87ac4f82f9d4e7b7cec7395b679edc4\"},\"headline\":\"Real Madrid contre FC Bayern : le moment fort des quarts de finale de la cat\u00e9gorie reine\",\"datePublished\":\"2026-03-19T03:17:08+00:00\",\"dateModified\":\"2026-03-19T03:17:08+00:00\",\"mainEntityOfPage\":{\"@id\":\"https:\/\/vieassociative.be\/actualites\/real-madrid-contre-fc-bayern-le-moment-fort-des-quarts-de-finale-de-la-categorie-reine\/\"},\"wordCount\":375,\"publisher\":{\"@id\":\"https:\/\/vieassociative.be\/actualites\/#organization\"},\"image\":{\"@id\":\"https:\/\/vieassociative.be\/actualites\/real-madrid-contre-fc-bayern-le-moment-fort-des-quarts-de-finale-de-la-categorie-reine\/#primaryimage\"},\"thumbnailUrl\":\"https:\/\/vieassociative.be\/actualites\/wp-content\/uploads\/2026\/03\/1773890229_Real-Madrid-contre-FC-Bayern-le-moment-fort-des.jpg\",\"keywords\":[\"Bayern\",\"cat\u00e9gorie\",\"contre\",\"Des\",\"finale\",\"fort\",\"Madrid\",\"moment\",\"quarts\",\"Real\",\"reine\"],\"articleSection\":[\"Belgique\"],\"inLanguage\":\"fr-BE\"},{\"@type\":\"WebPage\",\"@id\":\"https:\/\/vieassociative.be\/actualites\/real-madrid-contre-fc-bayern-le-moment-fort-des-quarts-de-finale-de-la-categorie-reine\/\",\"url\":\"https:\/\/vieassociative.be\/actualites\/real-madrid-contre-fc-bayern-le-moment-fort-des-quarts-de-finale-de-la-categorie-reine\/\",\"name\":\"Real Madrid contre FC Bayern : le moment fort des quarts de finale de la cat\u00e9gorie reine | Vie Associative\",\"isPartOf\":{\"@id\":\"https:\/\/vieassociative.be\/actualites\/#website\"},\"primaryImageOfPage\":{\"@id\":\"https:\/\/vieassociative.be\/actualites\/real-madrid-contre-fc-bayern-le-moment-fort-des-quarts-de-finale-de-la-categorie-reine\/#primaryimage\"},\"image\":{\"@id\":\"https:\/\/vieassociative.be\/actualites\/real-madrid-contre-fc-bayern-le-moment-fort-des-quarts-de-finale-de-la-categorie-reine\/#primaryimage\"},\"thumbnailUrl\":\"https:\/\/vieassociative.be\/actualites\/wp-content\/uploads\/2026\/03\/1773890229_Real-Madrid-contre-FC-Bayern-le-moment-fort-des.jpg\",\"datePublished\":\"2026-03-19T03:17:08+00:00\",\"dateModified\":\"2026-03-19T03:17:08+00:00\",\"breadcrumb\":{\"@id\":\"https:\/\/vieassociative.be\/actualites\/real-madrid-contre-fc-bayern-le-moment-fort-des-quarts-de-finale-de-la-categorie-reine\/#breadcrumb\"},\"inLanguage\":\"fr-BE\",\"potentialAction\":[{\"@type\":\"ReadAction\",\"target\":[\"https:\/\/vieassociative.be\/actualites\/real-madrid-contre-fc-bayern-le-moment-fort-des-quarts-de-finale-de-la-categorie-reine\/\"]}]},{\"@type\":\"ImageObject\",\"inLanguage\":\"fr-BE\",\"@id\":\"https:\/\/vieassociative.be\/actualites\/real-madrid-contre-fc-bayern-le-moment-fort-des-quarts-de-finale-de-la-categorie-reine\/#primaryimage\",\"url\":\"https:\/\/vieassociative.be\/actualites\/wp-content\/uploads\/2026\/03\/1773890229_Real-Madrid-contre-FC-Bayern-le-moment-fort-des.jpg\",\"contentUrl\":\"https:\/\/vieassociative.be\/actualites\/wp-content\/uploads\/2026\/03\/1773890229_Real-Madrid-contre-FC-Bayern-le-moment-fort-des.jpg\",\"width\":1200,\"height\":800,\"caption\":\"Real Madrid contre FC Bayern : le moment fort des quarts de finale de la cat\u00e9gorie reine\"},{\"@type\":\"BreadcrumbList\",\"@id\":\"https:\/\/vieassociative.be\/actualites\/real-madrid-contre-fc-bayern-le-moment-fort-des-quarts-de-finale-de-la-categorie-reine\/#breadcrumb\",\"itemListElement\":[{\"@type\":\"ListItem\",\"position\":1,\"name\":\"Accueil\",\"item\":\"https:\/\/vieassociative.be\/actualites\/\"},{\"@type\":\"ListItem\",\"position\":2,\"name\":\"Real Madrid contre FC Bayern : le moment fort des quarts de finale de la cat\u00e9gorie reine\"}]},{\"@type\":\"WebSite\",\"@id\":\"https:\/\/vieassociative.be\/actualites\/#website\",\"url\":\"https:\/\/vieassociative.be\/actualites\/\",\"name\":\"Vie Associative\",\"description\":\"\",\"publisher\":{\"@id\":\"https:\/\/vieassociative.be\/actualites\/#organization\"},\"potentialAction\":[{\"@type\":\"SearchAction\",\"target\":{\"@type\":\"EntryPoint\",\"urlTemplate\":\"https:\/\/vieassociative.be\/actualites\/?s={search_term_string}\"},\"query-input\":{\"@type\":\"PropertyValueSpecification\",\"valueRequired\":true,\"valueName\":\"search_term_string\"}}],\"inLanguage\":\"fr-BE\"},{\"@type\":\"Organization\",\"@id\":\"https:\/\/vieassociative.be\/actualites\/#organization\",\"name\":\"Vie Associative\",\"url\":\"https:\/\/vieassociative.be\/actualites\/\",\"logo\":{\"@type\":\"ImageObject\",\"inLanguage\":\"fr-BE\",\"@id\":\"https:\/\/vieassociative.be\/actualites\/#\/schema\/logo\/image\/\",\"url\":\"https:\/\/vieassociative.be\/actualites\/wp-content\/uploads\/2024\/09\/cropped-vieassociative_favicon.ico.png\",\"contentUrl\":\"https:\/\/vieassociative.be\/actualites\/wp-content\/uploads\/2024\/09\/cropped-vieassociative_favicon.ico.png\",\"width\":512,\"height\":512,\"caption\":\"Vie Associative\"},\"image\":{\"@id\":\"https:\/\/vieassociative.be\/actualites\/#\/schema\/logo\/image\/\"}},{\"@type\":\"Person\",\"@id\":\"https:\/\/vieassociative.be\/actualites\/#\/schema\/person\/b87ac4f82f9d4e7b7cec7395b679edc4\",\"name\":\"Julien\",\"image\":{\"@type\":\"ImageObject\",\"inLanguage\":\"fr-BE\",\"@id\":\"https:\/\/vieassociative.be\/actualites\/#\/schema\/person\/image\/\",\"url\":\"https:\/\/vieassociative.be\/actualites\/wp-content\/uploads\/2024\/09\/vie-associative-1-150x150.jpg\",\"contentUrl\":\"https:\/\/vieassociative.be\/actualites\/wp-content\/uploads\/2024\/09\/vie-associative-1-150x150.jpg\",\"caption\":\"Julien\"},\"description\":\"Je suis Julien, r\u00e9dacteur pour Vie Associative. Passionn\u00e9 par le monde associatif depuis plus de 10 ans, j'ai \u00e0 c\u0153ur de partager des histoires inspirantes et de mettre en lumi\u00e8re les initiatives locales. Mon objectif est de sensibiliser et d'encourager l'engagement communautaire \u00e0 travers mes articles.\",\"sameAs\":[\"https:\/\/vieassociative.be\/\"]}]}<\/script>\n<!-- \/ Yoast SEO plugin. -->","yoast_head_json":{"title":"Real Madrid contre FC Bayern : le moment fort des quarts de finale de la cat\u00e9gorie reine | Vie Associative","robots":{"index":"index","follow":"follow","max-snippet":"max-snippet:-1","max-image-preview":"max-image-preview:large","max-video-preview":"max-video-preview:-1"},"canonical":"https:\/\/vieassociative.be\/actualites\/real-madrid-contre-fc-bayern-le-moment-fort-des-quarts-de-finale-de-la-categorie-reine\/","og_locale":"fr_FR","og_type":"article","og_title":"Real Madrid contre FC Bayern : le moment fort des quarts de finale de la cat\u00e9gorie reine | Vie Associative","og_description":"Men\u00e9 par son capitaine Harry Kane, auteur d&rsquo;un doubl\u00e9, le FC Bayern a c\u00e9l\u00e9br\u00e9 son deuxi\u00e8me but contre l&rsquo;Atalanta Bergame et peut d\u00e9sormais se r\u00e9jouir","og_url":"https:\/\/vieassociative.be\/actualites\/real-madrid-contre-fc-bayern-le-moment-fort-des-quarts-de-finale-de-la-categorie-reine\/","og_site_name":"Vie Associative","article_published_time":"2026-03-19T03:17:08+00:00","og_image":[{"width":279,"height":92,"url":"https:\/\/vieassociative.be\/actualites\/wp-content\/uploads\/2024\/09\/header_backgroundk-01-e1726694325946.png","type":"image\/png"}],"author":"Julien","twitter_card":"summary_large_image","twitter_misc":{"\u00c9crit par":"Julien","Dur\u00e9e de lecture est.":"2 minutes"},"schema":{"@context":"https:\/\/schema.org","@graph":[{"@type":"Article","@id":"https:\/\/vieassociative.be\/actualites\/real-madrid-contre-fc-bayern-le-moment-fort-des-quarts-de-finale-de-la-categorie-reine\/#article","isPartOf":{"@id":"https:\/\/vieassociative.be\/actualites\/real-madrid-contre-fc-bayern-le-moment-fort-des-quarts-de-finale-de-la-categorie-reine\/"},"author":{"name":"Julien","@id":"https:\/\/vieassociative.be\/actualites\/#\/schema\/person\/b87ac4f82f9d4e7b7cec7395b679edc4"},"headline":"Real Madrid contre FC Bayern : le moment fort des quarts de finale de la cat\u00e9gorie reine","datePublished":"2026-03-19T03:17:08+00:00","dateModified":"2026-03-19T03:17:08+00:00","mainEntityOfPage":{"@id":"https:\/\/vieassociative.be\/actualites\/real-madrid-contre-fc-bayern-le-moment-fort-des-quarts-de-finale-de-la-categorie-reine\/"},"wordCount":375,"publisher":{"@id":"https:\/\/vieassociative.be\/actualites\/#organization"},"image":{"@id":"https:\/\/vieassociative.be\/actualites\/real-madrid-contre-fc-bayern-le-moment-fort-des-quarts-de-finale-de-la-categorie-reine\/#primaryimage"},"thumbnailUrl":"https:\/\/vieassociative.be\/actualites\/wp-content\/uploads\/2026\/03\/1773890229_Real-Madrid-contre-FC-Bayern-le-moment-fort-des.jpg","keywords":["Bayern","cat\u00e9gorie","contre","Des","finale","fort","Madrid","moment","quarts","Real","reine"],"articleSection":["Belgique"],"inLanguage":"fr-BE"},{"@type":"WebPage","@id":"https:\/\/vieassociative.be\/actualites\/real-madrid-contre-fc-bayern-le-moment-fort-des-quarts-de-finale-de-la-categorie-reine\/","url":"https:\/\/vieassociative.be\/actualites\/real-madrid-contre-fc-bayern-le-moment-fort-des-quarts-de-finale-de-la-categorie-reine\/","name":"Real Madrid contre FC Bayern : le moment fort des quarts de finale de la cat\u00e9gorie reine | Vie Associative","isPartOf":{"@id":"https:\/\/vieassociative.be\/actualites\/#website"},"primaryImageOfPage":{"@id":"https:\/\/vieassociative.be\/actualites\/real-madrid-contre-fc-bayern-le-moment-fort-des-quarts-de-finale-de-la-categorie-reine\/#primaryimage"},"image":{"@id":"https:\/\/vieassociative.be\/actualites\/real-madrid-contre-fc-bayern-le-moment-fort-des-quarts-de-finale-de-la-categorie-reine\/#primaryimage"},"thumbnailUrl":"https:\/\/vieassociative.be\/actualites\/wp-content\/uploads\/2026\/03\/1773890229_Real-Madrid-contre-FC-Bayern-le-moment-fort-des.jpg","datePublished":"2026-03-19T03:17:08+00:00","dateModified":"2026-03-19T03:17:08+00:00","breadcrumb":{"@id":"https:\/\/vieassociative.be\/actualites\/real-madrid-contre-fc-bayern-le-moment-fort-des-quarts-de-finale-de-la-categorie-reine\/#breadcrumb"},"inLanguage":"fr-BE","potentialAction":[{"@type":"ReadAction","target":["https:\/\/vieassociative.be\/actualites\/real-madrid-contre-fc-bayern-le-moment-fort-des-quarts-de-finale-de-la-categorie-reine\/"]}]},{"@type":"ImageObject","inLanguage":"fr-BE","@id":"https:\/\/vieassociative.be\/actualites\/real-madrid-contre-fc-bayern-le-moment-fort-des-quarts-de-finale-de-la-categorie-reine\/#primaryimage","url":"https:\/\/vieassociative.be\/actualites\/wp-content\/uploads\/2026\/03\/1773890229_Real-Madrid-contre-FC-Bayern-le-moment-fort-des.jpg","contentUrl":"https:\/\/vieassociative.be\/actualites\/wp-content\/uploads\/2026\/03\/1773890229_Real-Madrid-contre-FC-Bayern-le-moment-fort-des.jpg","width":1200,"height":800,"caption":"Real Madrid contre FC Bayern : le moment fort des quarts de finale de la cat\u00e9gorie reine"},{"@type":"BreadcrumbList","@id":"https:\/\/vieassociative.be\/actualites\/real-madrid-contre-fc-bayern-le-moment-fort-des-quarts-de-finale-de-la-categorie-reine\/#breadcrumb","itemListElement":[{"@type":"ListItem","position":1,"name":"Accueil","item":"https:\/\/vieassociative.be\/actualites\/"},{"@type":"ListItem","position":2,"name":"Real Madrid contre FC Bayern : le moment fort des quarts de finale de la cat\u00e9gorie reine"}]},{"@type":"WebSite","@id":"https:\/\/vieassociative.be\/actualites\/#website","url":"https:\/\/vieassociative.be\/actualites\/","name":"Vie Associative","description":"","publisher":{"@id":"https:\/\/vieassociative.be\/actualites\/#organization"},"potentialAction":[{"@type":"SearchAction","target":{"@type":"EntryPoint","urlTemplate":"https:\/\/vieassociative.be\/actualites\/?s={search_term_string}"},"query-input":{"@type":"PropertyValueSpecification","valueRequired":true,"valueName":"search_term_string"}}],"inLanguage":"fr-BE"},{"@type":"Organization","@id":"https:\/\/vieassociative.be\/actualites\/#organization","name":"Vie Associative","url":"https:\/\/vieassociative.be\/actualites\/","logo":{"@type":"ImageObject","inLanguage":"fr-BE","@id":"https:\/\/vieassociative.be\/actualites\/#\/schema\/logo\/image\/","url":"https:\/\/vieassociative.be\/actualites\/wp-content\/uploads\/2024\/09\/cropped-vieassociative_favicon.ico.png","contentUrl":"https:\/\/vieassociative.be\/actualites\/wp-content\/uploads\/2024\/09\/cropped-vieassociative_favicon.ico.png","width":512,"height":512,"caption":"Vie Associative"},"image":{"@id":"https:\/\/vieassociative.be\/actualites\/#\/schema\/logo\/image\/"}},{"@type":"Person","@id":"https:\/\/vieassociative.be\/actualites\/#\/schema\/person\/b87ac4f82f9d4e7b7cec7395b679edc4","name":"Julien","image":{"@type":"ImageObject","inLanguage":"fr-BE","@id":"https:\/\/vieassociative.be\/actualites\/#\/schema\/person\/image\/","url":"https:\/\/vieassociative.be\/actualites\/wp-content\/uploads\/2024\/09\/vie-associative-1-150x150.jpg","contentUrl":"https:\/\/vieassociative.be\/actualites\/wp-content\/uploads\/2024\/09\/vie-associative-1-150x150.jpg","caption":"Julien"},"description":"Je suis Julien, r\u00e9dacteur pour Vie Associative. Passionn\u00e9 par le monde associatif depuis plus de 10 ans, j'ai \u00e0 c\u0153ur de partager des histoires inspirantes et de mettre en lumi\u00e8re les initiatives locales. Mon objectif est de sensibiliser et d'encourager l'engagement communautaire \u00e0 travers mes articles.","sameAs":["https:\/\/vieassociative.be\/"]}]}},"_links":{"self":[{"href":"https:\/\/vieassociative.be\/actualites\/wp-json\/wp\/v2\/posts\/13085"}],"collection":[{"href":"https:\/\/vieassociative.be\/actualites\/wp-json\/wp\/v2\/posts"}],"about":[{"href":"https:\/\/vieassociative.be\/actualites\/wp-json\/wp\/v2\/types\/post"}],"author":[{"embeddable":true,"href":"https:\/\/vieassociative.be\/actualites\/wp-json\/wp\/v2\/users\/1"}],"replies":[{"embeddable":true,"href":"https:\/\/vieassociative.be\/actualites\/wp-json\/wp\/v2\/comments?post=13085"}],"version-history":[{"count":0,"href":"https:\/\/vieassociative.be\/actualites\/wp-json\/wp\/v2\/posts\/13085\/revisions"}],"wp:featuredmedia":[{"embeddable":true,"href":"https:\/\/vieassociative.be\/actualites\/wp-json\/wp\/v2\/media\/13086"}],"wp:attachment":[{"href":"https:\/\/vieassociative.be\/actualites\/wp-json\/wp\/v2\/media?parent=13085"}],"wp:term":[{"taxonomy":"category","embeddable":true,"href":"https:\/\/vieassociative.be\/actualites\/wp-json\/wp\/v2\/categories?post=13085"},{"taxonomy":"post_tag","embeddable":true,"href":"https:\/\/vieassociative.be\/actualites\/wp-json\/wp\/v2\/tags?post=13085"}],"curies":[{"name":"wp","href":"https:\/\/api.w.org\/{rel}","templated":true}]}}