{"id":13083,"date":"2026-03-19T03:17:21","date_gmt":"2026-03-19T02:17:21","guid":{"rendered":"https:\/\/vieassociative.be\/actualites\/meta-a-annonce-la-fin-du-metaverse-et-je-suis-un-peu-triste\/"},"modified":"2026-03-19T03:17:21","modified_gmt":"2026-03-19T02:17:21","slug":"meta-a-annonce-la-fin-du-metaverse-et-je-suis-un-peu-triste","status":"publish","type":"post","link":"https:\/\/vieassociative.be\/actualites\/meta-a-annonce-la-fin-du-metaverse-et-je-suis-un-peu-triste\/","title":{"rendered":"Meta a annonc\u00e9 la fin du m\u00e9taverse et je suis un peu triste"},"content":{"rendered":"<p>Dans un article publi\u00e9 aujourd&rsquo;hui sur son blog communautaire, Meta a annonc\u00e9 le calendrier de fermeture de <em>Mondes Horizon <\/em>pour les utilisateurs de r\u00e9alit\u00e9 virtuelle. Le <em>Mondes Horizon<\/em> L&rsquo;application et les \u00e9v\u00e9nements associ\u00e9s dispara\u00eetront des casques Quest d&rsquo;ici le 31 mars, et les utilisateurs de VR ne pourront plus du tout utiliser le hub social apr\u00e8s le 15 juin 2026. <em>Mondes Horizon<\/em> continuera, dit Meta, mais uniquement pour les utilisateurs mobiles. <\/p>\n<p>\u00ab\u00a0Nous s\u00e9parons les deux plates-formes afin que chacune puisse se d\u00e9velopper de mani\u00e8re plus cibl\u00e9e, et la plate-forme Horizon Worlds deviendra une exp\u00e9rience uniquement mobile\u00a0\u00bb, a expliqu\u00e9 la soci\u00e9t\u00e9 dans le message. \u00ab\u00a0Cette s\u00e9paration s&rsquo;\u00e9tendra \u00e0 l&rsquo;ensemble de notre \u00e9cosyst\u00e8me, y compris notre application mobile.\u00a0\u00bb<\/p>\n<p><em>Mondes Horizon<\/em> lanc\u00e9e en 2021 en tant que plate-forme uniquement VR o\u00f9 les utilisateurs pouvaient interagir dans un espace virtuel, mais elle a \u00e9t\u00e9 confront\u00e9e aux premi\u00e8res limitations technologiques et de conception (le plus c\u00e9l\u00e8bre est que les avatars Metaverse de cet utilisateur n&rsquo;avaient pas de jambes). Pourtant, \u00e0 l\u2019\u00e9poque, la soci\u00e9t\u00e9 esp\u00e9rait que le Metaverse attirerait \u00e0 terme plus d\u2019un milliard d\u2019utilisateurs, et <em>Mondes Horizon <\/em>\u00e9tait consid\u00e9r\u00e9e comme en faisant partie int\u00e9grante. \u00c9videmment, cela ne s&rsquo;est pas produit. \u00c0 son apog\u00e9e, <em>Mondes Horizon<\/em>Le nombre mensuel d&rsquo;utilisateurs n&rsquo;\u00e9tait que d&rsquo;environ 200 000. <\/p>\n<h2 id=\"what-happens-to-users-digital-purchases-and-creations\">Qu\u2019arrive-t-il aux achats et cr\u00e9ations num\u00e9riques des utilisateurs\u00a0?<\/h2>\n<p>Longue dur\u00e9e <em>Mondes Horizon<\/em> les utilisateurs se demandent s\u00fbrement ce qu\u2019il adviendra de leurs objets num\u00e9riques dans le monde. La bonne nouvelle est que votre <em>Mondes<\/em>-les achats et cr\u00e9ations sp\u00e9cifiques ne seront pas instantan\u00e9ment effac\u00e9s\u00a0; Meta indique que vos objets num\u00e9riques ou votre devise resteront li\u00e9s \u00e0 votre compte. La mauvaise nouvelle est que vous ne pourrez y acc\u00e9der via l&rsquo;application mobile que dans les mondes \u00ab optimis\u00e9s pour les mobiles \u00bb, donc si un cr\u00e9ateur n&rsquo;a pas mis \u00e0 jour son monde pour mobile, vos \u00e9l\u00e9ments peuvent effectivement devenir inaccessibles. <\/p>\n<p>Apr\u00e8s le 15 juin, vous ne pourrez plus cr\u00e9er ou modifier des mondes en VR. Meta encourage l&rsquo;utilisation de ses outils Web, mais l&rsquo;exp\u00e9rience de construction immersive qui d\u00e9finissait la plateforme prend officiellement fin.<\/p>\n<h2 id=\"meta-is-shifting-focus-from-vr-to-ai\">Meta passe de la VR \u00e0 l\u2019IA<\/h2>\n<p>Ce changement fait partie d\u2019un changement de strat\u00e9gie globale de Meta, qui consacrera davantage de ressources \u00e0 l\u2019IA et aux lunettes intelligentes. En janvier, Meta a ferm\u00e9 ses soci\u00e9t\u00e9s de d\u00e9veloppement de jeux AAA VR et a arr\u00eat\u00e9 de mettre \u00e0 jour son application de fitness propri\u00e9taire par abonnement. <em>Surnaturel, <\/em>et licenci\u00e9 1 500 personnes de sa division VR Reality Labs. <\/p>\n<p>M\u00eame compte tenu de tout cela, Meta dit qu\u2019il ne se retire pas compl\u00e8tement du jeu VR. Dans un article de blog du 19 f\u00e9vrier, Samantha Ryan, vice-pr\u00e9sidente du contenu chez Reality Labs, a promis que Meta \u00ab\u00a0doublerait la mise sur la r\u00e9alit\u00e9 virtuelle\u00a0\u00bb, mais s&rsquo;\u00e9loignerait n\u00e9anmoins du d\u00e9veloppement propri\u00e9taire pour se concentrer sur le mat\u00e9riel, prendre en charge les d\u00e9veloppeurs tiers et ajouter des fonctionnalit\u00e9s au Quest lui-m\u00eame. \u00ab\u00a0Ce n&rsquo;est un secret pour personne que nous sommes toujours dans le jeu du mat\u00e9riel\u00a0\u00bb, a \u00e9crit Ryan. \u00ab\u00a0Nous disposons d&rsquo;une feuille de route solide pour les futurs casques VR qui seront adapt\u00e9s aux diff\u00e9rents segments d&rsquo;audience \u00e0 mesure que le march\u00e9 se d\u00e9veloppe et m\u00fbrit.\u00a0\u00bb<\/p>\n<h2 id=\"the-kinda-sad-end-of-horizon-worlds\">La fin un peu triste de <em>Mondes Horizon<\/em><\/h2>\n<p>J&rsquo;ai fouill\u00e9 <em>Mondes Horizon<\/em> lorsque j&rsquo;ai achet\u00e9 mon casque Quest 3 il y a quelques ann\u00e9es. \u00ab\u00a0Oh, je peux d\u00e9corer une petite maison ou rencontrer des gens\u00a0\u00bb, ai-je pens\u00e9\u00a0; puis je me suis d\u00e9connect\u00e9 et je n&rsquo;y suis jamais retourn\u00e9 \u2013 j&rsquo;ai une vraie maison que je peux d\u00e9corer et j&rsquo;utilise la r\u00e9alit\u00e9 virtuelle parce que je ne le fais pas <em>comme<\/em> personnes. Mais il y a quelques mois, quand il est devenu clair que Meta s&rsquo;\u00e9loignait de l&rsquo;espace VR qu&rsquo;il avait cr\u00e9\u00e9, je suis devenu curieux, j&rsquo;ai attach\u00e9 l&rsquo;ordinateur facial, j&rsquo;ai d\u00e9poussi\u00e9r\u00e9 l&rsquo;ancien avatar et je suis parti pour un safari Horizon Worlds. Je suis content de l&rsquo;avoir fait. <\/p>\n<p>Aller \u00e0 <em>Mondes Horizon<\/em> c&rsquo;est \u00e9trange. C&rsquo;est comme visiter les r\u00eaves de quelqu&rsquo;un d&rsquo;autre, en particulier le r\u00eave de Mark Zuckerberg et ses sous-r\u00eaves. <em>Mondes<\/em> cr\u00e9ateurs b\u00e9n\u00e9voles. \u00ab\u00a0La qualit\u00e9 d\u00e9terminante du m\u00e9taverse sera un sentiment de pr\u00e9sence&#8230; Se sentir vraiment pr\u00e9sent avec une autre personne est le r\u00eave ultime de la technologie sociale. C&rsquo;est pourquoi nous nous concentrons sur sa construction\u00a0\u00bb, a d\u00e9clar\u00e9 Mark Zuckerberg lors de Connect 2021, et il y a cru assez pour d\u00e9penser des milliards (peut-\u00eatre jusqu&rsquo;\u00e0 25 milliards de dollars) pour son mot de r\u00eave, o\u00f9 rien ne devient jamais poussi\u00e9reux et o\u00f9 tout le monde est un dessin anim\u00e9 sans fin souriant pr\u00eat \u00e0 canaliser de l&rsquo;argent r\u00e9el vers The Overseer pour les derni\u00e8res baskets num\u00e9riques. <\/p>\n<p>Ensuite, il y a les milliers de cr\u00e9ateurs qui ont pass\u00e9 d&rsquo;innombrables heures \u00e0 construire plus de 10 000 mondes que vous pouvez visiter : bo\u00eetes de nuit, stades de basket, restaurants, etc., m\u00eame s&rsquo;ils sont presque tous vides. Aussi flashy que cela puisse para\u00eetre, personne ne fait la queue devant la corde de velours de la discoth\u00e8que num\u00e9rique. <em>Mondes Horizon<\/em> est un gigantesque centre commercial mort, une cath\u00e9drale capitaliste sans congr\u00e9gation, l&rsquo;espace liminal ultime. <\/p>\n<p>Une ambiance aussi \u00e9trange est une raison suffisante pour visiter, mais il y a un c\u00f4t\u00e9 authentique \u00e0 <em>Mondes<\/em> aussi. J&rsquo;ai finalement d\u00e9couvert un monde dans lequel les gens ont vaincu la nature troublante de la r\u00e9alit\u00e9 virtuelle et ont cr\u00e9\u00e9 une v\u00e9ritable communaut\u00e9. Le Soapstone Comedy Club n&rsquo;est pas immense, mais il est en plein essor et c&rsquo;est l&rsquo;un des nombreux endroits o\u00f9 de petits groupes se rassemblent. <em>Mondes Horizon<\/em>. Il existe des lieux de conversation que les gens utilisent pour se retrouver, des spectacles humoristiques programm\u00e9s en soir\u00e9e et une collection d&rsquo;habitu\u00e9s sympathiques avec qui discuter. Il a \u00e9galement grandi \u00e0 partir de z\u00e9ro, comme Zuck l\u2019avait pr\u00e9dit. Bon, la com\u00e9die est rarement dr\u00f4le. Mais les gens sont bons. <\/p>\n<p>Certains Soapstoners sont confin\u00e9s \u00e0 la maison et handicap\u00e9s, et la r\u00e9alit\u00e9 virtuelle leur offre des opportunit\u00e9s que le monde r\u00e9el leur refuse. Certains ressemblent \u00e0 des cingl\u00e9s qui ont probablement du mal \u00e0 trouver de vrais amis qui ne peuvent pas les d\u00e9sactiver \u00e0 volont\u00e9. Et certains sont des gens ordinaires qui se d\u00e9foulent apr\u00e8s le travail. Je suis triste pour eux tous : un club de com\u00e9die sur un \u00e9cran de t\u00e9l\u00e9phone, ce n&rsquo;est tout simplement pas pareil. Donc, avant que la boule de d\u00e9molition num\u00e9rique ne d\u00e9truise les lieux de rencontre de tous <em>Mondes Horizon<\/em>\u00ab\u00a0R\u00e9sidents restants, vous devriez vous arr\u00eater et dire bonjour. Il ne reste plus beaucoup de temps. <\/p>\n","protected":false},"excerpt":{"rendered":"<p>Dans un article publi\u00e9 aujourd&rsquo;hui sur son blog communautaire, Meta a annonc\u00e9 le calendrier de fermeture de Mondes Horizon pour les utilisateurs de r\u00e9alit\u00e9 virtuelle.<\/p>\n","protected":false},"author":1,"featured_media":13084,"comment_status":"","ping_status":"","sticky":false,"template":"","format":"standard","meta":{"footnotes":""},"categories":[13],"tags":[1987,1908,487,10281,302,2985,10282],"class_list":["post-13083","post","type-post","status-publish","format-standard","has-post-thumbnail","hentry","category-technologie","tag-annonce","tag-fin","tag-meta","tag-metaverse","tag-peu","tag-suis","tag-triste","generate-columns","tablet-grid-50","mobile-grid-100","grid-parent","grid-33"],"yoast_head":"<!-- This site is optimized with the Yoast SEO plugin v24.0 - https:\/\/yoast.com\/wordpress\/plugins\/seo\/ -->\n<title>Meta a annonc\u00e9 la fin du m\u00e9taverse et je suis un peu triste | Vie Associative<\/title>\n<meta name=\"robots\" content=\"index, follow, max-snippet:-1, max-image-preview:large, max-video-preview:-1\" \/>\n<link rel=\"canonical\" href=\"https:\/\/vieassociative.be\/actualites\/meta-a-annonce-la-fin-du-metaverse-et-je-suis-un-peu-triste\/\" \/>\n<meta property=\"og:locale\" content=\"fr_FR\" \/>\n<meta property=\"og:type\" content=\"article\" \/>\n<meta property=\"og:title\" content=\"Meta a annonc\u00e9 la fin du m\u00e9taverse et je suis un peu triste | Vie Associative\" \/>\n<meta property=\"og:description\" content=\"Dans un article publi\u00e9 aujourd&rsquo;hui sur son blog communautaire, Meta a annonc\u00e9 le calendrier de fermeture de Mondes Horizon pour les utilisateurs de r\u00e9alit\u00e9 virtuelle.\" \/>\n<meta property=\"og:url\" content=\"https:\/\/vieassociative.be\/actualites\/meta-a-annonce-la-fin-du-metaverse-et-je-suis-un-peu-triste\/\" \/>\n<meta property=\"og:site_name\" content=\"Vie Associative\" \/>\n<meta property=\"article:published_time\" content=\"2026-03-19T02:17:21+00:00\" \/>\n<meta property=\"og:image\" content=\"https:\/\/vieassociative.be\/actualites\/wp-content\/uploads\/2024\/09\/header_backgroundk-01-e1726694325946.png\" \/>\n\t<meta property=\"og:image:width\" content=\"279\" \/>\n\t<meta property=\"og:image:height\" content=\"92\" \/>\n\t<meta property=\"og:image:type\" content=\"image\/png\" \/>\n<meta name=\"author\" content=\"Julien\" \/>\n<meta name=\"twitter:card\" content=\"summary_large_image\" \/>\n<meta name=\"twitter:label1\" content=\"\u00c9crit par\" \/>\n\t<meta name=\"twitter:data1\" content=\"Julien\" \/>\n\t<meta name=\"twitter:label2\" content=\"Dur\u00e9e de lecture est.\" \/>\n\t<meta name=\"twitter:data2\" content=\"6 minutes\" \/>\n<script type=\"application\/ld+json\" class=\"yoast-schema-graph\">{\"@context\":\"https:\/\/schema.org\",\"@graph\":[{\"@type\":\"Article\",\"@id\":\"https:\/\/vieassociative.be\/actualites\/meta-a-annonce-la-fin-du-metaverse-et-je-suis-un-peu-triste\/#article\",\"isPartOf\":{\"@id\":\"https:\/\/vieassociative.be\/actualites\/meta-a-annonce-la-fin-du-metaverse-et-je-suis-un-peu-triste\/\"},\"author\":{\"name\":\"Julien\",\"@id\":\"https:\/\/vieassociative.be\/actualites\/#\/schema\/person\/b87ac4f82f9d4e7b7cec7395b679edc4\"},\"headline\":\"Meta a annonc\u00e9 la fin du m\u00e9taverse et je suis un peu triste\",\"datePublished\":\"2026-03-19T02:17:21+00:00\",\"dateModified\":\"2026-03-19T02:17:21+00:00\",\"mainEntityOfPage\":{\"@id\":\"https:\/\/vieassociative.be\/actualites\/meta-a-annonce-la-fin-du-metaverse-et-je-suis-un-peu-triste\/\"},\"wordCount\":1234,\"publisher\":{\"@id\":\"https:\/\/vieassociative.be\/actualites\/#organization\"},\"image\":{\"@id\":\"https:\/\/vieassociative.be\/actualites\/meta-a-annonce-la-fin-du-metaverse-et-je-suis-un-peu-triste\/#primaryimage\"},\"thumbnailUrl\":\"https:\/\/vieassociative.be\/actualites\/wp-content\/uploads\/2026\/03\/Meta-a-annonce-la-fin-du-metaverse-et-je-suis.webp.webp\",\"keywords\":[\"annonce\",\"fin\",\"Meta\",\"m\u00e9taverse\",\"peu\",\"suis\",\"triste\"],\"articleSection\":[\"Technologie\"],\"inLanguage\":\"fr-BE\"},{\"@type\":\"WebPage\",\"@id\":\"https:\/\/vieassociative.be\/actualites\/meta-a-annonce-la-fin-du-metaverse-et-je-suis-un-peu-triste\/\",\"url\":\"https:\/\/vieassociative.be\/actualites\/meta-a-annonce-la-fin-du-metaverse-et-je-suis-un-peu-triste\/\",\"name\":\"Meta a annonc\u00e9 la fin du m\u00e9taverse et je suis un peu triste | Vie Associative\",\"isPartOf\":{\"@id\":\"https:\/\/vieassociative.be\/actualites\/#website\"},\"primaryImageOfPage\":{\"@id\":\"https:\/\/vieassociative.be\/actualites\/meta-a-annonce-la-fin-du-metaverse-et-je-suis-un-peu-triste\/#primaryimage\"},\"image\":{\"@id\":\"https:\/\/vieassociative.be\/actualites\/meta-a-annonce-la-fin-du-metaverse-et-je-suis-un-peu-triste\/#primaryimage\"},\"thumbnailUrl\":\"https:\/\/vieassociative.be\/actualites\/wp-content\/uploads\/2026\/03\/Meta-a-annonce-la-fin-du-metaverse-et-je-suis.webp.webp\",\"datePublished\":\"2026-03-19T02:17:21+00:00\",\"dateModified\":\"2026-03-19T02:17:21+00:00\",\"breadcrumb\":{\"@id\":\"https:\/\/vieassociative.be\/actualites\/meta-a-annonce-la-fin-du-metaverse-et-je-suis-un-peu-triste\/#breadcrumb\"},\"inLanguage\":\"fr-BE\",\"potentialAction\":[{\"@type\":\"ReadAction\",\"target\":[\"https:\/\/vieassociative.be\/actualites\/meta-a-annonce-la-fin-du-metaverse-et-je-suis-un-peu-triste\/\"]}]},{\"@type\":\"ImageObject\",\"inLanguage\":\"fr-BE\",\"@id\":\"https:\/\/vieassociative.be\/actualites\/meta-a-annonce-la-fin-du-metaverse-et-je-suis-un-peu-triste\/#primaryimage\",\"url\":\"https:\/\/vieassociative.be\/actualites\/wp-content\/uploads\/2026\/03\/Meta-a-annonce-la-fin-du-metaverse-et-je-suis.webp.webp\",\"contentUrl\":\"https:\/\/vieassociative.be\/actualites\/wp-content\/uploads\/2026\/03\/Meta-a-annonce-la-fin-du-metaverse-et-je-suis.webp.webp\",\"width\":1200,\"height\":675,\"caption\":\"Meta a annonc\u00e9 la fin du m\u00e9taverse et je suis un peu triste\"},{\"@type\":\"BreadcrumbList\",\"@id\":\"https:\/\/vieassociative.be\/actualites\/meta-a-annonce-la-fin-du-metaverse-et-je-suis-un-peu-triste\/#breadcrumb\",\"itemListElement\":[{\"@type\":\"ListItem\",\"position\":1,\"name\":\"Accueil\",\"item\":\"https:\/\/vieassociative.be\/actualites\/\"},{\"@type\":\"ListItem\",\"position\":2,\"name\":\"Meta a annonc\u00e9 la fin du m\u00e9taverse et je suis un peu triste\"}]},{\"@type\":\"WebSite\",\"@id\":\"https:\/\/vieassociative.be\/actualites\/#website\",\"url\":\"https:\/\/vieassociative.be\/actualites\/\",\"name\":\"Vie Associative\",\"description\":\"\",\"publisher\":{\"@id\":\"https:\/\/vieassociative.be\/actualites\/#organization\"},\"potentialAction\":[{\"@type\":\"SearchAction\",\"target\":{\"@type\":\"EntryPoint\",\"urlTemplate\":\"https:\/\/vieassociative.be\/actualites\/?s={search_term_string}\"},\"query-input\":{\"@type\":\"PropertyValueSpecification\",\"valueRequired\":true,\"valueName\":\"search_term_string\"}}],\"inLanguage\":\"fr-BE\"},{\"@type\":\"Organization\",\"@id\":\"https:\/\/vieassociative.be\/actualites\/#organization\",\"name\":\"Vie Associative\",\"url\":\"https:\/\/vieassociative.be\/actualites\/\",\"logo\":{\"@type\":\"ImageObject\",\"inLanguage\":\"fr-BE\",\"@id\":\"https:\/\/vieassociative.be\/actualites\/#\/schema\/logo\/image\/\",\"url\":\"https:\/\/vieassociative.be\/actualites\/wp-content\/uploads\/2024\/09\/cropped-vieassociative_favicon.ico.png\",\"contentUrl\":\"https:\/\/vieassociative.be\/actualites\/wp-content\/uploads\/2024\/09\/cropped-vieassociative_favicon.ico.png\",\"width\":512,\"height\":512,\"caption\":\"Vie Associative\"},\"image\":{\"@id\":\"https:\/\/vieassociative.be\/actualites\/#\/schema\/logo\/image\/\"}},{\"@type\":\"Person\",\"@id\":\"https:\/\/vieassociative.be\/actualites\/#\/schema\/person\/b87ac4f82f9d4e7b7cec7395b679edc4\",\"name\":\"Julien\",\"image\":{\"@type\":\"ImageObject\",\"inLanguage\":\"fr-BE\",\"@id\":\"https:\/\/vieassociative.be\/actualites\/#\/schema\/person\/image\/\",\"url\":\"https:\/\/vieassociative.be\/actualites\/wp-content\/uploads\/2024\/09\/vie-associative-1-150x150.jpg\",\"contentUrl\":\"https:\/\/vieassociative.be\/actualites\/wp-content\/uploads\/2024\/09\/vie-associative-1-150x150.jpg\",\"caption\":\"Julien\"},\"description\":\"Je suis Julien, r\u00e9dacteur pour Vie Associative. Passionn\u00e9 par le monde associatif depuis plus de 10 ans, j'ai \u00e0 c\u0153ur de partager des histoires inspirantes et de mettre en lumi\u00e8re les initiatives locales. Mon objectif est de sensibiliser et d'encourager l'engagement communautaire \u00e0 travers mes articles.\",\"sameAs\":[\"https:\/\/vieassociative.be\/\"]}]}<\/script>\n<!-- \/ Yoast SEO plugin. -->","yoast_head_json":{"title":"Meta a annonc\u00e9 la fin du m\u00e9taverse et je suis un peu triste | Vie Associative","robots":{"index":"index","follow":"follow","max-snippet":"max-snippet:-1","max-image-preview":"max-image-preview:large","max-video-preview":"max-video-preview:-1"},"canonical":"https:\/\/vieassociative.be\/actualites\/meta-a-annonce-la-fin-du-metaverse-et-je-suis-un-peu-triste\/","og_locale":"fr_FR","og_type":"article","og_title":"Meta a annonc\u00e9 la fin du m\u00e9taverse et je suis un peu triste | Vie Associative","og_description":"Dans un article publi\u00e9 aujourd&rsquo;hui sur son blog communautaire, Meta a annonc\u00e9 le calendrier de fermeture de Mondes Horizon pour les utilisateurs de r\u00e9alit\u00e9 virtuelle.","og_url":"https:\/\/vieassociative.be\/actualites\/meta-a-annonce-la-fin-du-metaverse-et-je-suis-un-peu-triste\/","og_site_name":"Vie Associative","article_published_time":"2026-03-19T02:17:21+00:00","og_image":[{"width":279,"height":92,"url":"https:\/\/vieassociative.be\/actualites\/wp-content\/uploads\/2024\/09\/header_backgroundk-01-e1726694325946.png","type":"image\/png"}],"author":"Julien","twitter_card":"summary_large_image","twitter_misc":{"\u00c9crit par":"Julien","Dur\u00e9e de lecture est.":"6 minutes"},"schema":{"@context":"https:\/\/schema.org","@graph":[{"@type":"Article","@id":"https:\/\/vieassociative.be\/actualites\/meta-a-annonce-la-fin-du-metaverse-et-je-suis-un-peu-triste\/#article","isPartOf":{"@id":"https:\/\/vieassociative.be\/actualites\/meta-a-annonce-la-fin-du-metaverse-et-je-suis-un-peu-triste\/"},"author":{"name":"Julien","@id":"https:\/\/vieassociative.be\/actualites\/#\/schema\/person\/b87ac4f82f9d4e7b7cec7395b679edc4"},"headline":"Meta a annonc\u00e9 la fin du m\u00e9taverse et je suis un peu triste","datePublished":"2026-03-19T02:17:21+00:00","dateModified":"2026-03-19T02:17:21+00:00","mainEntityOfPage":{"@id":"https:\/\/vieassociative.be\/actualites\/meta-a-annonce-la-fin-du-metaverse-et-je-suis-un-peu-triste\/"},"wordCount":1234,"publisher":{"@id":"https:\/\/vieassociative.be\/actualites\/#organization"},"image":{"@id":"https:\/\/vieassociative.be\/actualites\/meta-a-annonce-la-fin-du-metaverse-et-je-suis-un-peu-triste\/#primaryimage"},"thumbnailUrl":"https:\/\/vieassociative.be\/actualites\/wp-content\/uploads\/2026\/03\/Meta-a-annonce-la-fin-du-metaverse-et-je-suis.webp.webp","keywords":["annonce","fin","Meta","m\u00e9taverse","peu","suis","triste"],"articleSection":["Technologie"],"inLanguage":"fr-BE"},{"@type":"WebPage","@id":"https:\/\/vieassociative.be\/actualites\/meta-a-annonce-la-fin-du-metaverse-et-je-suis-un-peu-triste\/","url":"https:\/\/vieassociative.be\/actualites\/meta-a-annonce-la-fin-du-metaverse-et-je-suis-un-peu-triste\/","name":"Meta a annonc\u00e9 la fin du m\u00e9taverse et je suis un peu triste | Vie Associative","isPartOf":{"@id":"https:\/\/vieassociative.be\/actualites\/#website"},"primaryImageOfPage":{"@id":"https:\/\/vieassociative.be\/actualites\/meta-a-annonce-la-fin-du-metaverse-et-je-suis-un-peu-triste\/#primaryimage"},"image":{"@id":"https:\/\/vieassociative.be\/actualites\/meta-a-annonce-la-fin-du-metaverse-et-je-suis-un-peu-triste\/#primaryimage"},"thumbnailUrl":"https:\/\/vieassociative.be\/actualites\/wp-content\/uploads\/2026\/03\/Meta-a-annonce-la-fin-du-metaverse-et-je-suis.webp.webp","datePublished":"2026-03-19T02:17:21+00:00","dateModified":"2026-03-19T02:17:21+00:00","breadcrumb":{"@id":"https:\/\/vieassociative.be\/actualites\/meta-a-annonce-la-fin-du-metaverse-et-je-suis-un-peu-triste\/#breadcrumb"},"inLanguage":"fr-BE","potentialAction":[{"@type":"ReadAction","target":["https:\/\/vieassociative.be\/actualites\/meta-a-annonce-la-fin-du-metaverse-et-je-suis-un-peu-triste\/"]}]},{"@type":"ImageObject","inLanguage":"fr-BE","@id":"https:\/\/vieassociative.be\/actualites\/meta-a-annonce-la-fin-du-metaverse-et-je-suis-un-peu-triste\/#primaryimage","url":"https:\/\/vieassociative.be\/actualites\/wp-content\/uploads\/2026\/03\/Meta-a-annonce-la-fin-du-metaverse-et-je-suis.webp.webp","contentUrl":"https:\/\/vieassociative.be\/actualites\/wp-content\/uploads\/2026\/03\/Meta-a-annonce-la-fin-du-metaverse-et-je-suis.webp.webp","width":1200,"height":675,"caption":"Meta a annonc\u00e9 la fin du m\u00e9taverse et je suis un peu triste"},{"@type":"BreadcrumbList","@id":"https:\/\/vieassociative.be\/actualites\/meta-a-annonce-la-fin-du-metaverse-et-je-suis-un-peu-triste\/#breadcrumb","itemListElement":[{"@type":"ListItem","position":1,"name":"Accueil","item":"https:\/\/vieassociative.be\/actualites\/"},{"@type":"ListItem","position":2,"name":"Meta a annonc\u00e9 la fin du m\u00e9taverse et je suis un peu triste"}]},{"@type":"WebSite","@id":"https:\/\/vieassociative.be\/actualites\/#website","url":"https:\/\/vieassociative.be\/actualites\/","name":"Vie Associative","description":"","publisher":{"@id":"https:\/\/vieassociative.be\/actualites\/#organization"},"potentialAction":[{"@type":"SearchAction","target":{"@type":"EntryPoint","urlTemplate":"https:\/\/vieassociative.be\/actualites\/?s={search_term_string}"},"query-input":{"@type":"PropertyValueSpecification","valueRequired":true,"valueName":"search_term_string"}}],"inLanguage":"fr-BE"},{"@type":"Organization","@id":"https:\/\/vieassociative.be\/actualites\/#organization","name":"Vie Associative","url":"https:\/\/vieassociative.be\/actualites\/","logo":{"@type":"ImageObject","inLanguage":"fr-BE","@id":"https:\/\/vieassociative.be\/actualites\/#\/schema\/logo\/image\/","url":"https:\/\/vieassociative.be\/actualites\/wp-content\/uploads\/2024\/09\/cropped-vieassociative_favicon.ico.png","contentUrl":"https:\/\/vieassociative.be\/actualites\/wp-content\/uploads\/2024\/09\/cropped-vieassociative_favicon.ico.png","width":512,"height":512,"caption":"Vie Associative"},"image":{"@id":"https:\/\/vieassociative.be\/actualites\/#\/schema\/logo\/image\/"}},{"@type":"Person","@id":"https:\/\/vieassociative.be\/actualites\/#\/schema\/person\/b87ac4f82f9d4e7b7cec7395b679edc4","name":"Julien","image":{"@type":"ImageObject","inLanguage":"fr-BE","@id":"https:\/\/vieassociative.be\/actualites\/#\/schema\/person\/image\/","url":"https:\/\/vieassociative.be\/actualites\/wp-content\/uploads\/2024\/09\/vie-associative-1-150x150.jpg","contentUrl":"https:\/\/vieassociative.be\/actualites\/wp-content\/uploads\/2024\/09\/vie-associative-1-150x150.jpg","caption":"Julien"},"description":"Je suis Julien, r\u00e9dacteur pour Vie Associative. Passionn\u00e9 par le monde associatif depuis plus de 10 ans, j'ai \u00e0 c\u0153ur de partager des histoires inspirantes et de mettre en lumi\u00e8re les initiatives locales. Mon objectif est de sensibiliser et d'encourager l'engagement communautaire \u00e0 travers mes articles.","sameAs":["https:\/\/vieassociative.be\/"]}]}},"_links":{"self":[{"href":"https:\/\/vieassociative.be\/actualites\/wp-json\/wp\/v2\/posts\/13083"}],"collection":[{"href":"https:\/\/vieassociative.be\/actualites\/wp-json\/wp\/v2\/posts"}],"about":[{"href":"https:\/\/vieassociative.be\/actualites\/wp-json\/wp\/v2\/types\/post"}],"author":[{"embeddable":true,"href":"https:\/\/vieassociative.be\/actualites\/wp-json\/wp\/v2\/users\/1"}],"replies":[{"embeddable":true,"href":"https:\/\/vieassociative.be\/actualites\/wp-json\/wp\/v2\/comments?post=13083"}],"version-history":[{"count":0,"href":"https:\/\/vieassociative.be\/actualites\/wp-json\/wp\/v2\/posts\/13083\/revisions"}],"wp:featuredmedia":[{"embeddable":true,"href":"https:\/\/vieassociative.be\/actualites\/wp-json\/wp\/v2\/media\/13084"}],"wp:attachment":[{"href":"https:\/\/vieassociative.be\/actualites\/wp-json\/wp\/v2\/media?parent=13083"}],"wp:term":[{"taxonomy":"category","embeddable":true,"href":"https:\/\/vieassociative.be\/actualites\/wp-json\/wp\/v2\/categories?post=13083"},{"taxonomy":"post_tag","embeddable":true,"href":"https:\/\/vieassociative.be\/actualites\/wp-json\/wp\/v2\/tags?post=13083"}],"curies":[{"name":"wp","href":"https:\/\/api.w.org\/{rel}","templated":true}]}}