{"id":13081,"date":"2026-03-18T22:17:27","date_gmt":"2026-03-18T21:17:27","guid":{"rendered":"https:\/\/vieassociative.be\/actualites\/en-protestation-contre-la-guerre-en-iran-le-chef-du-centre-americain-de-lutte-contre-le-terrorisme-demissionne\/"},"modified":"2026-03-18T22:17:27","modified_gmt":"2026-03-18T21:17:27","slug":"en-protestation-contre-la-guerre-en-iran-le-chef-du-centre-americain-de-lutte-contre-le-terrorisme-demissionne","status":"publish","type":"post","link":"https:\/\/vieassociative.be\/actualites\/en-protestation-contre-la-guerre-en-iran-le-chef-du-centre-americain-de-lutte-contre-le-terrorisme-demissionne\/","title":{"rendered":"En protestation contre la guerre en Iran : le chef du Centre am\u00e9ricain de lutte contre le terrorisme d\u00e9missionne"},"content":{"rendered":"<p><strong>Le chef du Centre national de lutte contre le terrorisme, Joseph Kent, a d\u00e9missionn\u00e9 en signe de protestation contre l&rsquo;offensive am\u00e9ricaine contre l&rsquo;Iran.<\/strong><\/p>\n<p><span id=\"more-437821\"><\/span>\u00ab\u00a0Je ne peux pas, en toute conscience, soutenir la guerre en cours en Iran. L&rsquo;Iran ne constitue pas une menace imm\u00e9diate pour notre pays\u00a0\u00bb, a-t-il \u00e9crit dans une lettre au pr\u00e9sident am\u00e9ricain Donald Trump, publi\u00e9e par Kent sur X. Il est \u00e9vident que les \u00c9tats-Unis ont d\u00e9clench\u00e9 la guerre \u00e0 cause de la pression isra\u00e9lienne.<\/p>\n<p>Kent a d\u00e9clar\u00e9 que lors de son premier mandat, Trump \u00ab a compris mieux que tout autre pr\u00e9sident moderne comment utiliser l&rsquo;arm\u00e9e sans s&rsquo;impliquer dans des guerres sans fin. Il a accus\u00e9 Isra\u00ebl d&rsquo;utiliser les m\u00eames tactiques que lors de la guerre en Irak pour entra\u00eener les \u00c9tats-Unis dans une guerre d\u00e9vastatrice avec des milliers de victimes &#8211; m\u00eame s&rsquo;il n&rsquo;y a aucune preuve de cela.<\/p>\n<p>Kent est un v\u00e9t\u00e9ran militaire, selon le Centre national de lutte contre le terrorisme. Son \u00e9pouse, Shannon, a \u00e9t\u00e9 tu\u00e9e dans un attentat suicide en Syrie en 2019. Kent lui-m\u00eame a \u00e9crit qu&rsquo;il ne pouvait pas soutenir l&rsquo;envoi de la prochaine g\u00e9n\u00e9ration dans une guerre qui ne profiterait pas au peuple am\u00e9ricain. Le Centre national de lutte contre le terrorisme rel\u00e8ve du coordinateur du renseignement am\u00e9ricain, Tulsi Gabbard. (dpa)<\/p>\n","protected":false},"excerpt":{"rendered":"<p>Le chef du Centre national de lutte contre le terrorisme, Joseph Kent, a d\u00e9missionn\u00e9 en signe de protestation contre l&rsquo;offensive am\u00e9ricaine contre l&rsquo;Iran. \u00ab\u00a0Je ne<\/p>\n","protected":false},"author":1,"featured_media":13082,"comment_status":"","ping_status":"","sticky":false,"template":"","format":"standard","meta":{"footnotes":""},"categories":[298],"tags":[10,5279,4619,796,6839,2637,9675,8704,6073,10280],"class_list":["post-13081","post","type-post","status-publish","format-standard","has-post-thumbnail","hentry","category-belgique","tag-americain","tag-centre","tag-chef","tag-contre","tag-demissionne","tag-guerre","tag-iran","tag-lutte","tag-protestation","tag-terrorisme","generate-columns","tablet-grid-50","mobile-grid-100","grid-parent","grid-33"],"yoast_head":"<!-- This site is optimized with the Yoast SEO plugin v24.0 - https:\/\/yoast.com\/wordpress\/plugins\/seo\/ -->\n<title>En protestation contre la guerre en Iran : le chef du Centre am\u00e9ricain de lutte contre le terrorisme d\u00e9missionne | Vie Associative<\/title>\n<meta name=\"robots\" content=\"index, follow, max-snippet:-1, max-image-preview:large, max-video-preview:-1\" \/>\n<link rel=\"canonical\" href=\"https:\/\/vieassociative.be\/actualites\/en-protestation-contre-la-guerre-en-iran-le-chef-du-centre-americain-de-lutte-contre-le-terrorisme-demissionne\/\" \/>\n<meta property=\"og:locale\" content=\"fr_FR\" \/>\n<meta property=\"og:type\" content=\"article\" \/>\n<meta property=\"og:title\" content=\"En protestation contre la guerre en Iran : le chef du Centre am\u00e9ricain de lutte contre le terrorisme d\u00e9missionne | Vie Associative\" \/>\n<meta property=\"og:description\" content=\"Le chef du Centre national de lutte contre le terrorisme, Joseph Kent, a d\u00e9missionn\u00e9 en signe de protestation contre l&rsquo;offensive am\u00e9ricaine contre l&rsquo;Iran. \u00ab\u00a0Je ne\" \/>\n<meta property=\"og:url\" content=\"https:\/\/vieassociative.be\/actualites\/en-protestation-contre-la-guerre-en-iran-le-chef-du-centre-americain-de-lutte-contre-le-terrorisme-demissionne\/\" \/>\n<meta property=\"og:site_name\" content=\"Vie Associative\" \/>\n<meta property=\"article:published_time\" content=\"2026-03-18T21:17:27+00:00\" \/>\n<meta property=\"og:image\" content=\"https:\/\/vieassociative.be\/actualites\/wp-content\/uploads\/2024\/09\/header_backgroundk-01-e1726694325946.png\" \/>\n\t<meta property=\"og:image:width\" content=\"279\" \/>\n\t<meta property=\"og:image:height\" content=\"92\" \/>\n\t<meta property=\"og:image:type\" content=\"image\/png\" \/>\n<meta name=\"author\" content=\"Julien\" \/>\n<meta name=\"twitter:card\" content=\"summary_large_image\" \/>\n<meta name=\"twitter:label1\" content=\"\u00c9crit par\" \/>\n\t<meta name=\"twitter:data1\" content=\"Julien\" \/>\n\t<meta name=\"twitter:label2\" content=\"Dur\u00e9e de lecture est.\" \/>\n\t<meta name=\"twitter:data2\" content=\"1 minute\" \/>\n<script type=\"application\/ld+json\" class=\"yoast-schema-graph\">{\"@context\":\"https:\/\/schema.org\",\"@graph\":[{\"@type\":\"Article\",\"@id\":\"https:\/\/vieassociative.be\/actualites\/en-protestation-contre-la-guerre-en-iran-le-chef-du-centre-americain-de-lutte-contre-le-terrorisme-demissionne\/#article\",\"isPartOf\":{\"@id\":\"https:\/\/vieassociative.be\/actualites\/en-protestation-contre-la-guerre-en-iran-le-chef-du-centre-americain-de-lutte-contre-le-terrorisme-demissionne\/\"},\"author\":{\"name\":\"Julien\",\"@id\":\"https:\/\/vieassociative.be\/actualites\/#\/schema\/person\/b87ac4f82f9d4e7b7cec7395b679edc4\"},\"headline\":\"En protestation contre la guerre en Iran : le chef du Centre am\u00e9ricain de lutte contre le terrorisme d\u00e9missionne\",\"datePublished\":\"2026-03-18T21:17:27+00:00\",\"dateModified\":\"2026-03-18T21:17:27+00:00\",\"mainEntityOfPage\":{\"@id\":\"https:\/\/vieassociative.be\/actualites\/en-protestation-contre-la-guerre-en-iran-le-chef-du-centre-americain-de-lutte-contre-le-terrorisme-demissionne\/\"},\"wordCount\":265,\"publisher\":{\"@id\":\"https:\/\/vieassociative.be\/actualites\/#organization\"},\"image\":{\"@id\":\"https:\/\/vieassociative.be\/actualites\/en-protestation-contre-la-guerre-en-iran-le-chef-du-centre-americain-de-lutte-contre-le-terrorisme-demissionne\/#primaryimage\"},\"thumbnailUrl\":\"https:\/\/vieassociative.be\/actualites\/wp-content\/uploads\/2026\/03\/En-protestation-contre-la-guerre-en-Iran-le-chef.jpg\",\"keywords\":[\"am\u00e9ricain\",\"centre\",\"chef\",\"contre\",\"d\u00e9missionne\",\"guerre\",\"Iran\",\"lutte\",\"Protestation\",\"terrorisme\"],\"articleSection\":[\"Belgique\"],\"inLanguage\":\"fr-BE\"},{\"@type\":\"WebPage\",\"@id\":\"https:\/\/vieassociative.be\/actualites\/en-protestation-contre-la-guerre-en-iran-le-chef-du-centre-americain-de-lutte-contre-le-terrorisme-demissionne\/\",\"url\":\"https:\/\/vieassociative.be\/actualites\/en-protestation-contre-la-guerre-en-iran-le-chef-du-centre-americain-de-lutte-contre-le-terrorisme-demissionne\/\",\"name\":\"En protestation contre la guerre en Iran : le chef du Centre am\u00e9ricain de lutte contre le terrorisme d\u00e9missionne | Vie Associative\",\"isPartOf\":{\"@id\":\"https:\/\/vieassociative.be\/actualites\/#website\"},\"primaryImageOfPage\":{\"@id\":\"https:\/\/vieassociative.be\/actualites\/en-protestation-contre-la-guerre-en-iran-le-chef-du-centre-americain-de-lutte-contre-le-terrorisme-demissionne\/#primaryimage\"},\"image\":{\"@id\":\"https:\/\/vieassociative.be\/actualites\/en-protestation-contre-la-guerre-en-iran-le-chef-du-centre-americain-de-lutte-contre-le-terrorisme-demissionne\/#primaryimage\"},\"thumbnailUrl\":\"https:\/\/vieassociative.be\/actualites\/wp-content\/uploads\/2026\/03\/En-protestation-contre-la-guerre-en-Iran-le-chef.jpg\",\"datePublished\":\"2026-03-18T21:17:27+00:00\",\"dateModified\":\"2026-03-18T21:17:27+00:00\",\"breadcrumb\":{\"@id\":\"https:\/\/vieassociative.be\/actualites\/en-protestation-contre-la-guerre-en-iran-le-chef-du-centre-americain-de-lutte-contre-le-terrorisme-demissionne\/#breadcrumb\"},\"inLanguage\":\"fr-BE\",\"potentialAction\":[{\"@type\":\"ReadAction\",\"target\":[\"https:\/\/vieassociative.be\/actualites\/en-protestation-contre-la-guerre-en-iran-le-chef-du-centre-americain-de-lutte-contre-le-terrorisme-demissionne\/\"]}]},{\"@type\":\"ImageObject\",\"inLanguage\":\"fr-BE\",\"@id\":\"https:\/\/vieassociative.be\/actualites\/en-protestation-contre-la-guerre-en-iran-le-chef-du-centre-americain-de-lutte-contre-le-terrorisme-demissionne\/#primaryimage\",\"url\":\"https:\/\/vieassociative.be\/actualites\/wp-content\/uploads\/2026\/03\/En-protestation-contre-la-guerre-en-Iran-le-chef.jpg\",\"contentUrl\":\"https:\/\/vieassociative.be\/actualites\/wp-content\/uploads\/2026\/03\/En-protestation-contre-la-guerre-en-Iran-le-chef.jpg\",\"width\":1200,\"height\":800,\"caption\":\"En protestation contre la guerre en Iran : le chef du Centre am\u00e9ricain de lutte contre le terrorisme d\u00e9missionne\"},{\"@type\":\"BreadcrumbList\",\"@id\":\"https:\/\/vieassociative.be\/actualites\/en-protestation-contre-la-guerre-en-iran-le-chef-du-centre-americain-de-lutte-contre-le-terrorisme-demissionne\/#breadcrumb\",\"itemListElement\":[{\"@type\":\"ListItem\",\"position\":1,\"name\":\"Accueil\",\"item\":\"https:\/\/vieassociative.be\/actualites\/\"},{\"@type\":\"ListItem\",\"position\":2,\"name\":\"En protestation contre la guerre en Iran : le chef du Centre am\u00e9ricain de lutte contre le terrorisme d\u00e9missionne\"}]},{\"@type\":\"WebSite\",\"@id\":\"https:\/\/vieassociative.be\/actualites\/#website\",\"url\":\"https:\/\/vieassociative.be\/actualites\/\",\"name\":\"Vie Associative\",\"description\":\"\",\"publisher\":{\"@id\":\"https:\/\/vieassociative.be\/actualites\/#organization\"},\"potentialAction\":[{\"@type\":\"SearchAction\",\"target\":{\"@type\":\"EntryPoint\",\"urlTemplate\":\"https:\/\/vieassociative.be\/actualites\/?s={search_term_string}\"},\"query-input\":{\"@type\":\"PropertyValueSpecification\",\"valueRequired\":true,\"valueName\":\"search_term_string\"}}],\"inLanguage\":\"fr-BE\"},{\"@type\":\"Organization\",\"@id\":\"https:\/\/vieassociative.be\/actualites\/#organization\",\"name\":\"Vie Associative\",\"url\":\"https:\/\/vieassociative.be\/actualites\/\",\"logo\":{\"@type\":\"ImageObject\",\"inLanguage\":\"fr-BE\",\"@id\":\"https:\/\/vieassociative.be\/actualites\/#\/schema\/logo\/image\/\",\"url\":\"https:\/\/vieassociative.be\/actualites\/wp-content\/uploads\/2024\/09\/cropped-vieassociative_favicon.ico.png\",\"contentUrl\":\"https:\/\/vieassociative.be\/actualites\/wp-content\/uploads\/2024\/09\/cropped-vieassociative_favicon.ico.png\",\"width\":512,\"height\":512,\"caption\":\"Vie Associative\"},\"image\":{\"@id\":\"https:\/\/vieassociative.be\/actualites\/#\/schema\/logo\/image\/\"}},{\"@type\":\"Person\",\"@id\":\"https:\/\/vieassociative.be\/actualites\/#\/schema\/person\/b87ac4f82f9d4e7b7cec7395b679edc4\",\"name\":\"Julien\",\"image\":{\"@type\":\"ImageObject\",\"inLanguage\":\"fr-BE\",\"@id\":\"https:\/\/vieassociative.be\/actualites\/#\/schema\/person\/image\/\",\"url\":\"https:\/\/vieassociative.be\/actualites\/wp-content\/uploads\/2024\/09\/vie-associative-1-150x150.jpg\",\"contentUrl\":\"https:\/\/vieassociative.be\/actualites\/wp-content\/uploads\/2024\/09\/vie-associative-1-150x150.jpg\",\"caption\":\"Julien\"},\"description\":\"Je suis Julien, r\u00e9dacteur pour Vie Associative. Passionn\u00e9 par le monde associatif depuis plus de 10 ans, j'ai \u00e0 c\u0153ur de partager des histoires inspirantes et de mettre en lumi\u00e8re les initiatives locales. Mon objectif est de sensibiliser et d'encourager l'engagement communautaire \u00e0 travers mes articles.\",\"sameAs\":[\"https:\/\/vieassociative.be\/\"]}]}<\/script>\n<!-- \/ Yoast SEO plugin. -->","yoast_head_json":{"title":"En protestation contre la guerre en Iran : le chef du Centre am\u00e9ricain de lutte contre le terrorisme d\u00e9missionne | Vie Associative","robots":{"index":"index","follow":"follow","max-snippet":"max-snippet:-1","max-image-preview":"max-image-preview:large","max-video-preview":"max-video-preview:-1"},"canonical":"https:\/\/vieassociative.be\/actualites\/en-protestation-contre-la-guerre-en-iran-le-chef-du-centre-americain-de-lutte-contre-le-terrorisme-demissionne\/","og_locale":"fr_FR","og_type":"article","og_title":"En protestation contre la guerre en Iran : le chef du Centre am\u00e9ricain de lutte contre le terrorisme d\u00e9missionne | Vie Associative","og_description":"Le chef du Centre national de lutte contre le terrorisme, Joseph Kent, a d\u00e9missionn\u00e9 en signe de protestation contre l&rsquo;offensive am\u00e9ricaine contre l&rsquo;Iran. \u00ab\u00a0Je ne","og_url":"https:\/\/vieassociative.be\/actualites\/en-protestation-contre-la-guerre-en-iran-le-chef-du-centre-americain-de-lutte-contre-le-terrorisme-demissionne\/","og_site_name":"Vie Associative","article_published_time":"2026-03-18T21:17:27+00:00","og_image":[{"width":279,"height":92,"url":"https:\/\/vieassociative.be\/actualites\/wp-content\/uploads\/2024\/09\/header_backgroundk-01-e1726694325946.png","type":"image\/png"}],"author":"Julien","twitter_card":"summary_large_image","twitter_misc":{"\u00c9crit par":"Julien","Dur\u00e9e de lecture est.":"1 minute"},"schema":{"@context":"https:\/\/schema.org","@graph":[{"@type":"Article","@id":"https:\/\/vieassociative.be\/actualites\/en-protestation-contre-la-guerre-en-iran-le-chef-du-centre-americain-de-lutte-contre-le-terrorisme-demissionne\/#article","isPartOf":{"@id":"https:\/\/vieassociative.be\/actualites\/en-protestation-contre-la-guerre-en-iran-le-chef-du-centre-americain-de-lutte-contre-le-terrorisme-demissionne\/"},"author":{"name":"Julien","@id":"https:\/\/vieassociative.be\/actualites\/#\/schema\/person\/b87ac4f82f9d4e7b7cec7395b679edc4"},"headline":"En protestation contre la guerre en Iran : le chef du Centre am\u00e9ricain de lutte contre le terrorisme d\u00e9missionne","datePublished":"2026-03-18T21:17:27+00:00","dateModified":"2026-03-18T21:17:27+00:00","mainEntityOfPage":{"@id":"https:\/\/vieassociative.be\/actualites\/en-protestation-contre-la-guerre-en-iran-le-chef-du-centre-americain-de-lutte-contre-le-terrorisme-demissionne\/"},"wordCount":265,"publisher":{"@id":"https:\/\/vieassociative.be\/actualites\/#organization"},"image":{"@id":"https:\/\/vieassociative.be\/actualites\/en-protestation-contre-la-guerre-en-iran-le-chef-du-centre-americain-de-lutte-contre-le-terrorisme-demissionne\/#primaryimage"},"thumbnailUrl":"https:\/\/vieassociative.be\/actualites\/wp-content\/uploads\/2026\/03\/En-protestation-contre-la-guerre-en-Iran-le-chef.jpg","keywords":["am\u00e9ricain","centre","chef","contre","d\u00e9missionne","guerre","Iran","lutte","Protestation","terrorisme"],"articleSection":["Belgique"],"inLanguage":"fr-BE"},{"@type":"WebPage","@id":"https:\/\/vieassociative.be\/actualites\/en-protestation-contre-la-guerre-en-iran-le-chef-du-centre-americain-de-lutte-contre-le-terrorisme-demissionne\/","url":"https:\/\/vieassociative.be\/actualites\/en-protestation-contre-la-guerre-en-iran-le-chef-du-centre-americain-de-lutte-contre-le-terrorisme-demissionne\/","name":"En protestation contre la guerre en Iran : le chef du Centre am\u00e9ricain de lutte contre le terrorisme d\u00e9missionne | Vie Associative","isPartOf":{"@id":"https:\/\/vieassociative.be\/actualites\/#website"},"primaryImageOfPage":{"@id":"https:\/\/vieassociative.be\/actualites\/en-protestation-contre-la-guerre-en-iran-le-chef-du-centre-americain-de-lutte-contre-le-terrorisme-demissionne\/#primaryimage"},"image":{"@id":"https:\/\/vieassociative.be\/actualites\/en-protestation-contre-la-guerre-en-iran-le-chef-du-centre-americain-de-lutte-contre-le-terrorisme-demissionne\/#primaryimage"},"thumbnailUrl":"https:\/\/vieassociative.be\/actualites\/wp-content\/uploads\/2026\/03\/En-protestation-contre-la-guerre-en-Iran-le-chef.jpg","datePublished":"2026-03-18T21:17:27+00:00","dateModified":"2026-03-18T21:17:27+00:00","breadcrumb":{"@id":"https:\/\/vieassociative.be\/actualites\/en-protestation-contre-la-guerre-en-iran-le-chef-du-centre-americain-de-lutte-contre-le-terrorisme-demissionne\/#breadcrumb"},"inLanguage":"fr-BE","potentialAction":[{"@type":"ReadAction","target":["https:\/\/vieassociative.be\/actualites\/en-protestation-contre-la-guerre-en-iran-le-chef-du-centre-americain-de-lutte-contre-le-terrorisme-demissionne\/"]}]},{"@type":"ImageObject","inLanguage":"fr-BE","@id":"https:\/\/vieassociative.be\/actualites\/en-protestation-contre-la-guerre-en-iran-le-chef-du-centre-americain-de-lutte-contre-le-terrorisme-demissionne\/#primaryimage","url":"https:\/\/vieassociative.be\/actualites\/wp-content\/uploads\/2026\/03\/En-protestation-contre-la-guerre-en-Iran-le-chef.jpg","contentUrl":"https:\/\/vieassociative.be\/actualites\/wp-content\/uploads\/2026\/03\/En-protestation-contre-la-guerre-en-Iran-le-chef.jpg","width":1200,"height":800,"caption":"En protestation contre la guerre en Iran : le chef du Centre am\u00e9ricain de lutte contre le terrorisme d\u00e9missionne"},{"@type":"BreadcrumbList","@id":"https:\/\/vieassociative.be\/actualites\/en-protestation-contre-la-guerre-en-iran-le-chef-du-centre-americain-de-lutte-contre-le-terrorisme-demissionne\/#breadcrumb","itemListElement":[{"@type":"ListItem","position":1,"name":"Accueil","item":"https:\/\/vieassociative.be\/actualites\/"},{"@type":"ListItem","position":2,"name":"En protestation contre la guerre en Iran : le chef du Centre am\u00e9ricain de lutte contre le terrorisme d\u00e9missionne"}]},{"@type":"WebSite","@id":"https:\/\/vieassociative.be\/actualites\/#website","url":"https:\/\/vieassociative.be\/actualites\/","name":"Vie Associative","description":"","publisher":{"@id":"https:\/\/vieassociative.be\/actualites\/#organization"},"potentialAction":[{"@type":"SearchAction","target":{"@type":"EntryPoint","urlTemplate":"https:\/\/vieassociative.be\/actualites\/?s={search_term_string}"},"query-input":{"@type":"PropertyValueSpecification","valueRequired":true,"valueName":"search_term_string"}}],"inLanguage":"fr-BE"},{"@type":"Organization","@id":"https:\/\/vieassociative.be\/actualites\/#organization","name":"Vie Associative","url":"https:\/\/vieassociative.be\/actualites\/","logo":{"@type":"ImageObject","inLanguage":"fr-BE","@id":"https:\/\/vieassociative.be\/actualites\/#\/schema\/logo\/image\/","url":"https:\/\/vieassociative.be\/actualites\/wp-content\/uploads\/2024\/09\/cropped-vieassociative_favicon.ico.png","contentUrl":"https:\/\/vieassociative.be\/actualites\/wp-content\/uploads\/2024\/09\/cropped-vieassociative_favicon.ico.png","width":512,"height":512,"caption":"Vie Associative"},"image":{"@id":"https:\/\/vieassociative.be\/actualites\/#\/schema\/logo\/image\/"}},{"@type":"Person","@id":"https:\/\/vieassociative.be\/actualites\/#\/schema\/person\/b87ac4f82f9d4e7b7cec7395b679edc4","name":"Julien","image":{"@type":"ImageObject","inLanguage":"fr-BE","@id":"https:\/\/vieassociative.be\/actualites\/#\/schema\/person\/image\/","url":"https:\/\/vieassociative.be\/actualites\/wp-content\/uploads\/2024\/09\/vie-associative-1-150x150.jpg","contentUrl":"https:\/\/vieassociative.be\/actualites\/wp-content\/uploads\/2024\/09\/vie-associative-1-150x150.jpg","caption":"Julien"},"description":"Je suis Julien, r\u00e9dacteur pour Vie Associative. Passionn\u00e9 par le monde associatif depuis plus de 10 ans, j'ai \u00e0 c\u0153ur de partager des histoires inspirantes et de mettre en lumi\u00e8re les initiatives locales. Mon objectif est de sensibiliser et d'encourager l'engagement communautaire \u00e0 travers mes articles.","sameAs":["https:\/\/vieassociative.be\/"]}]}},"_links":{"self":[{"href":"https:\/\/vieassociative.be\/actualites\/wp-json\/wp\/v2\/posts\/13081"}],"collection":[{"href":"https:\/\/vieassociative.be\/actualites\/wp-json\/wp\/v2\/posts"}],"about":[{"href":"https:\/\/vieassociative.be\/actualites\/wp-json\/wp\/v2\/types\/post"}],"author":[{"embeddable":true,"href":"https:\/\/vieassociative.be\/actualites\/wp-json\/wp\/v2\/users\/1"}],"replies":[{"embeddable":true,"href":"https:\/\/vieassociative.be\/actualites\/wp-json\/wp\/v2\/comments?post=13081"}],"version-history":[{"count":0,"href":"https:\/\/vieassociative.be\/actualites\/wp-json\/wp\/v2\/posts\/13081\/revisions"}],"wp:featuredmedia":[{"embeddable":true,"href":"https:\/\/vieassociative.be\/actualites\/wp-json\/wp\/v2\/media\/13082"}],"wp:attachment":[{"href":"https:\/\/vieassociative.be\/actualites\/wp-json\/wp\/v2\/media?parent=13081"}],"wp:term":[{"taxonomy":"category","embeddable":true,"href":"https:\/\/vieassociative.be\/actualites\/wp-json\/wp\/v2\/categories?post=13081"},{"taxonomy":"post_tag","embeddable":true,"href":"https:\/\/vieassociative.be\/actualites\/wp-json\/wp\/v2\/tags?post=13081"}],"curies":[{"name":"wp","href":"https:\/\/api.w.org\/{rel}","templated":true}]}}