{"id":13078,"date":"2026-03-18T16:17:24","date_gmt":"2026-03-18T15:17:24","guid":{"rendered":"https:\/\/vieassociative.be\/actualites\/dans-quelle-mesure-le-conseil-de-la-dg-medias-est-il-independant-freches-comite-avec-des-experts-reconnus-des-medias\/"},"modified":"2026-03-18T16:17:24","modified_gmt":"2026-03-18T15:17:24","slug":"dans-quelle-mesure-le-conseil-de-la-dg-medias-est-il-independant-freches-comite-avec-des-experts-reconnus-des-medias","status":"publish","type":"post","link":"https:\/\/vieassociative.be\/actualites\/dans-quelle-mesure-le-conseil-de-la-dg-medias-est-il-independant-freches-comite-avec-des-experts-reconnus-des-medias\/","title":{"rendered":"Dans quelle mesure le Conseil de la DG M\u00e9dias est-il ind\u00e9pendant ? Freches : Comit\u00e9 avec des \u00ab experts reconnus des m\u00e9dias \u00bb"},"content":{"rendered":"<p><strong>Une question du d\u00e9put\u00e9 Vivant Marco Hoffmann au ministre des M\u00e9dias Gregor Freches (PFF) au sein de la commission parlementaire comp\u00e9tente attire l&rsquo;attention sur un organe que beaucoup n&rsquo;ont pas vraiment pris au s\u00e9rieux : le Conseil des m\u00e9dias de la Communaut\u00e9 germanophone. Mais si l&rsquo;on regarde de plus pr\u00e8s ce que ce conseil des m\u00e9dias est autoris\u00e9 \u00e0 faire, certains commencent \u00e0 s&rsquo;interroger &#8211; surtout dans une r\u00e9gion comme l&rsquo;Est de la Belgique, o\u00f9 les contr\u00f4leurs et ceux qui sont surveill\u00e9s n&rsquo;habitent pas loin les uns des autres.<\/strong><\/p>\n<p><span id=\"more-437812\"><\/span>Depuis 2005, le Conseil des m\u00e9dias de la Communaut\u00e9 germanophone n&rsquo;est plus seulement un organe consultatif, mais une autorit\u00e9 de r\u00e9gulation ind\u00e9pendante dot\u00e9e d&rsquo;un pouvoir de d\u00e9cision.<\/p>\n<p>Selon Hoffmann, le Conseil des m\u00e9dias a r\u00e9cemment commenc\u00e9 \u00e0 utiliser un outil allemand d\u2019IA pour \u00e9valuer le contenu des m\u00e9dias. \u00ab L&rsquo;objectif est de rendre le contr\u00f4le plus efficace, afin que les contenus potentiellement probl\u00e9matiques puissent \u00eatre identifi\u00e9s et v\u00e9rifi\u00e9s plus rapidement \u00bb, explique Hoffmann.<\/p>\n<div id=\"attachment_437814\" class=\"wp-caption alignleft\" style=\"max-width: 300px\"><img fetchpriority=\"high\" decoding=\"async\" class=\"wp-image-437814 size-medium\" src=\"https:\/\/vieassociative.be\/actualites\/wp-content\/uploads\/2026\/03\/Dans-quelle-mesure-le-Conseil-de-la-DG-Medias-est-il.jpg\" alt=\"\" width=\"300\" height=\"200\"  ><\/div>\n<p>Hoffmann dans sa question \u00e0 Freches : \u00ab\u00a0Un tel syst\u00e8me ne fonctionne pas de mani\u00e8re neutre. Il est bas\u00e9 sur des filtres, des crit\u00e8res et des donn\u00e9es d&rsquo;entra\u00eenement. Il reconna\u00eet des mod\u00e8les et classe le contenu selon des probabilit\u00e9s. Ce pr\u00e9-tri avant m\u00eame qu&rsquo;un contr\u00f4le humain ait lieu.\u00a0\u00bb<\/p>\n<p>\u00ab\u00a0C&rsquo;est justement l\u00e0 que r\u00e9side un point sensible\u00a0\u00bb, a soulign\u00e9 le d\u00e9put\u00e9 de Vivant : \u00ab\u00a0Ce qui est crucial, ce n&rsquo;est pas seulement l&rsquo;utilisation d&rsquo;un outil d&rsquo;IA, mais aussi la mani\u00e8re dont il est utilis\u00e9. Qui, au sein du conseil des m\u00e9dias, examine et \u00e9value ces r\u00e9sultats de mani\u00e8re critique ? Existe-t-il une formation et une expertise suffisantes pour classer et remettre en question les analyses bas\u00e9es sur l&rsquo;IA ?\u00a0\u00bb<\/p>\n<p>Selon Hoffmann, la question de la responsabilit\u00e9 se pose \u00e9galement : qui d\u00e9termine quels crit\u00e8res sont utilis\u00e9s pour le filtrage et qui peut changer cette logique ? \u00c0 qui incombe en fin de compte la responsabilit\u00e9 de l\u2019\u00e9valuation et des cons\u00e9quences possibles ?<\/p>\n<p>Hoffmann a \u00e9galement demand\u00e9 au ministre des M\u00e9dias, entre autres, quelles qualifications sp\u00e9cifiques les membres du conseil des m\u00e9dias peuvent d\u00e9montrer pour l&rsquo;interpr\u00e9tation critique des r\u00e9sultats d&rsquo;analyse bas\u00e9s sur l&rsquo;IA.<\/p>\n<p>Dans sa r\u00e9ponse, le ministre Gregor Freches a soulign\u00e9 que l&rsquo;outil d&rsquo;analyse KIVI, bas\u00e9 sur l&rsquo;IA, utilis\u00e9 par le Conseil des m\u00e9dias \u00e9tait utilis\u00e9 exclusivement pour la premi\u00e8re visualisation automatis\u00e9e de contenus en ligne accessibles au public. Il ne s&rsquo;agit pas d&rsquo;un syst\u00e8me de d\u00e9cision ou d&rsquo;\u00e9valuation, mais plut\u00f4t d&rsquo;un pur syst\u00e8me d&rsquo;information qui marque les contenus potentiellement pertinents afin qu&rsquo;ils puissent ensuite \u00eatre v\u00e9rifi\u00e9s de mani\u00e8re enti\u00e8rement manuelle et individuelle.<\/p>\n<\/p>\n<div id=\"attachment_422322\" class=\"wp-caption alignleft\" style=\"max-width: 300px\"><img decoding=\"async\" class=\"wp-image-422322 size-medium\" src=\"https:\/\/vieassociative.be\/actualites\/wp-content\/uploads\/2026\/03\/1773847044_908_Dans-quelle-mesure-le-Conseil-de-la-DG-Medias-est-il.jpg\" alt=\"\" width=\"300\" height=\"201\"  ><\/div>\n<p>\u00ab\u00a0Toutes les \u00e9valuations et d\u00e9cisions sont prises exclusivement par des humains\u00a0\u00bb, d\u00e9clare Freches : \u00ab\u00a0L&rsquo;outil KIVI lui-m\u00eame n&rsquo;effectue aucune \u00e9valuation automatique. Il ne lance aucune proc\u00e9dure et aucun fichier contraignant n&rsquo;est automatiquement cr\u00e9\u00e9 via le KIVITool. L&rsquo;outil KIVI est une aide. Chaque cas suspect identifi\u00e9 par l&rsquo;outil est examin\u00e9 par le Conseil des m\u00e9dias et ses employ\u00e9s. L&rsquo;\u00e9valuation juridique finale des faits constat\u00e9s ainsi que le lancement d&rsquo;\u00e9ventuelles d\u00e9marches suppl\u00e9mentaires restent \u00e0 100 pour cent entre les mains du Conseil des m\u00e9dias.\u00a0\u00bb<\/p>\n<p>Freches a \u00e9galement r\u00e9affirm\u00e9 que les membres du Conseil des m\u00e9dias disposent des comp\u00e9tences n\u00e9cessaires pour interpr\u00e9ter de mani\u00e8re critique les r\u00e9sultats des analyses bas\u00e9es sur l&rsquo;IA. Les quatre membres du conseil des m\u00e9dias sont des \u00ab experts confirm\u00e9s en mati\u00e8re de m\u00e9dias \u00bb. \u00ab\u00a0Le Conseil des M\u00e9dias est compos\u00e9 d&rsquo;un professeur d&rsquo;universit\u00e9 (UC Louvain) sp\u00e9cialis\u00e9 en droit des m\u00e9dias, d&rsquo;un ma\u00eetre de conf\u00e9rences (Uni Namur) sp\u00e9cialis\u00e9 en communications \u00e9lectroniques et droit des m\u00e9dias, d&rsquo;un ancien ministre qui, \u00e0 ce titre, a \u00e9t\u00e9, entre autres, responsable de mani\u00e8re significative des n\u00e9gociations et de la mise en \u0153uvre du r\u00e8glement sur l&rsquo;IA, et d&rsquo;un journaliste qui a \u00e9galement \u00e9t\u00e9 membre fondateur du Conseil des M\u00e9dias et en est l&rsquo;actuel pr\u00e9sident.\u00a0\u00bb Tous les membres du conseil ont \u00e9t\u00e9 nomm\u00e9s \u00e0 leurs fonctions par d\u00e9cision gouvernementale en fonction de leurs qualifications.<\/p>\n<p>Selon Freches, lors de l&rsquo;utilisation de l&rsquo;outil KIVI, la responsabilit\u00e9 finale de la d\u00e9finition de la logique de filtrage sp\u00e9cifique incombe exclusivement au Conseil des M\u00e9dias. Le conseil des m\u00e9dias d\u00e9termine seul les filtres. \u00ab \u00c0 propos de \u00e7a<br \/>\nCela comprend notamment la s\u00e9lection des param\u00e8tres de recherche, la d\u00e9termination des contenus \u00e0 contr\u00f4ler, l&rsquo;\u00e9valuation juridique des contenus affich\u00e9s et toutes les d\u00e9cisions de contr\u00f4le.<\/p>\n<p>La question reste de savoir dans quelle mesure le conseil des m\u00e9dias est ind\u00e9pendant quand on sait que, selon Freches, parmi les \u00abexperts confirm\u00e9s des m\u00e9dias\u00bb, figurent un ancien ministre des m\u00e9dias, qui, comme le ministre des m\u00e9dias lui-m\u00eame, appartient \u00e0 la PFF, et un ancien r\u00e9dacteur en chef de Grenz-Echo, qui est toujours responsable de la chronique judiciaire du quotidien et \u00e9tait d\u00e9j\u00e0 connu \u00e0 l&rsquo;\u00e9poque o\u00f9 il \u00e9tait actif pour ne pas \u00eatre exactement l&rsquo;un des r\u00e9dacteurs les plus ind\u00e9pendants de la place du march\u00e9 d&rsquo;Eupen. (cr\u00e9er)<\/p>\n","protected":false},"excerpt":{"rendered":"<p>Une question du d\u00e9put\u00e9 Vivant Marco Hoffmann au ministre des M\u00e9dias Gregor Freches (PFF) au sein de la commission parlementaire comp\u00e9tente attire l&rsquo;attention sur un<\/p>\n","protected":false},"author":1,"featured_media":9410,"comment_status":"","ping_status":"","sticky":false,"template":"","format":"standard","meta":{"footnotes":""},"categories":[298],"tags":[61,7485,1085,166,29,586,2928,2593,10277,2275,1412,1411,10278],"class_list":["post-13078","post","type-post","status-publish","format-standard","has-post-thumbnail","hentry","category-belgique","tag-avec","tag-comite","tag-conseil","tag-dans","tag-des","tag-estil","tag-experts","tag-freches","tag-independant","tag-medias","tag-mesure","tag-quelle","tag-reconnus","generate-columns","tablet-grid-50","mobile-grid-100","grid-parent","grid-33"],"yoast_head":"<!-- This site is optimized with the Yoast SEO plugin v24.0 - https:\/\/yoast.com\/wordpress\/plugins\/seo\/ -->\n<title>Dans quelle mesure le Conseil de la DG M\u00e9dias est-il ind\u00e9pendant ? Freches : Comit\u00e9 avec des \u00ab experts reconnus des m\u00e9dias \u00bb | Vie Associative<\/title>\n<meta name=\"robots\" content=\"index, follow, max-snippet:-1, max-image-preview:large, max-video-preview:-1\" \/>\n<link rel=\"canonical\" href=\"https:\/\/vieassociative.be\/actualites\/dans-quelle-mesure-le-conseil-de-la-dg-medias-est-il-independant-freches-comite-avec-des-experts-reconnus-des-medias\/\" \/>\n<meta property=\"og:locale\" content=\"fr_FR\" \/>\n<meta property=\"og:type\" content=\"article\" \/>\n<meta property=\"og:title\" content=\"Dans quelle mesure le Conseil de la DG M\u00e9dias est-il ind\u00e9pendant ? Freches : Comit\u00e9 avec des \u00ab experts reconnus des m\u00e9dias \u00bb | Vie Associative\" \/>\n<meta property=\"og:description\" content=\"Une question du d\u00e9put\u00e9 Vivant Marco Hoffmann au ministre des M\u00e9dias Gregor Freches (PFF) au sein de la commission parlementaire comp\u00e9tente attire l&rsquo;attention sur un\" \/>\n<meta property=\"og:url\" content=\"https:\/\/vieassociative.be\/actualites\/dans-quelle-mesure-le-conseil-de-la-dg-medias-est-il-independant-freches-comite-avec-des-experts-reconnus-des-medias\/\" \/>\n<meta property=\"og:site_name\" content=\"Vie Associative\" \/>\n<meta property=\"article:published_time\" content=\"2026-03-18T15:17:24+00:00\" \/>\n<meta property=\"og:image\" content=\"https:\/\/vieassociative.be\/actualites\/wp-content\/uploads\/2024\/09\/header_backgroundk-01-e1726694325946.png\" \/>\n\t<meta property=\"og:image:width\" content=\"279\" \/>\n\t<meta property=\"og:image:height\" content=\"92\" \/>\n\t<meta property=\"og:image:type\" content=\"image\/png\" \/>\n<meta name=\"author\" content=\"Julien\" \/>\n<meta name=\"twitter:card\" content=\"summary_large_image\" \/>\n<meta name=\"twitter:label1\" content=\"\u00c9crit par\" \/>\n\t<meta name=\"twitter:data1\" content=\"Julien\" \/>\n\t<meta name=\"twitter:label2\" content=\"Dur\u00e9e de lecture est.\" \/>\n\t<meta name=\"twitter:data2\" content=\"5 minutes\" \/>\n<script type=\"application\/ld+json\" class=\"yoast-schema-graph\">{\"@context\":\"https:\/\/schema.org\",\"@graph\":[{\"@type\":\"Article\",\"@id\":\"https:\/\/vieassociative.be\/actualites\/dans-quelle-mesure-le-conseil-de-la-dg-medias-est-il-independant-freches-comite-avec-des-experts-reconnus-des-medias\/#article\",\"isPartOf\":{\"@id\":\"https:\/\/vieassociative.be\/actualites\/dans-quelle-mesure-le-conseil-de-la-dg-medias-est-il-independant-freches-comite-avec-des-experts-reconnus-des-medias\/\"},\"author\":{\"name\":\"Julien\",\"@id\":\"https:\/\/vieassociative.be\/actualites\/#\/schema\/person\/b87ac4f82f9d4e7b7cec7395b679edc4\"},\"headline\":\"Dans quelle mesure le Conseil de la DG M\u00e9dias est-il ind\u00e9pendant ? Freches : Comit\u00e9 avec des \u00ab experts reconnus des m\u00e9dias \u00bb\",\"datePublished\":\"2026-03-18T15:17:24+00:00\",\"dateModified\":\"2026-03-18T15:17:24+00:00\",\"mainEntityOfPage\":{\"@id\":\"https:\/\/vieassociative.be\/actualites\/dans-quelle-mesure-le-conseil-de-la-dg-medias-est-il-independant-freches-comite-avec-des-experts-reconnus-des-medias\/\"},\"wordCount\":968,\"publisher\":{\"@id\":\"https:\/\/vieassociative.be\/actualites\/#organization\"},\"image\":{\"@id\":\"https:\/\/vieassociative.be\/actualites\/dans-quelle-mesure-le-conseil-de-la-dg-medias-est-il-independant-freches-comite-avec-des-experts-reconnus-des-medias\/#primaryimage\"},\"thumbnailUrl\":\"https:\/\/vieassociative.be\/actualites\/wp-content\/uploads\/2025\/08\/1755202657_Apres-20-ans-en-tant-que-ministre-de-la-DG.jpg\",\"keywords\":[\"avec\",\"comit\u00e9\",\"conseil\",\"dans\",\"Des\",\"estil\",\"experts\",\"Freches\",\"ind\u00e9pendant\",\"m\u00e9dias\",\"mesure\",\"quelle\",\"reconnus\"],\"articleSection\":[\"Belgique\"],\"inLanguage\":\"fr-BE\"},{\"@type\":\"WebPage\",\"@id\":\"https:\/\/vieassociative.be\/actualites\/dans-quelle-mesure-le-conseil-de-la-dg-medias-est-il-independant-freches-comite-avec-des-experts-reconnus-des-medias\/\",\"url\":\"https:\/\/vieassociative.be\/actualites\/dans-quelle-mesure-le-conseil-de-la-dg-medias-est-il-independant-freches-comite-avec-des-experts-reconnus-des-medias\/\",\"name\":\"Dans quelle mesure le Conseil de la DG M\u00e9dias est-il ind\u00e9pendant ? Freches : Comit\u00e9 avec des \u00ab experts reconnus des m\u00e9dias \u00bb | Vie Associative\",\"isPartOf\":{\"@id\":\"https:\/\/vieassociative.be\/actualites\/#website\"},\"primaryImageOfPage\":{\"@id\":\"https:\/\/vieassociative.be\/actualites\/dans-quelle-mesure-le-conseil-de-la-dg-medias-est-il-independant-freches-comite-avec-des-experts-reconnus-des-medias\/#primaryimage\"},\"image\":{\"@id\":\"https:\/\/vieassociative.be\/actualites\/dans-quelle-mesure-le-conseil-de-la-dg-medias-est-il-independant-freches-comite-avec-des-experts-reconnus-des-medias\/#primaryimage\"},\"thumbnailUrl\":\"https:\/\/vieassociative.be\/actualites\/wp-content\/uploads\/2025\/08\/1755202657_Apres-20-ans-en-tant-que-ministre-de-la-DG.jpg\",\"datePublished\":\"2026-03-18T15:17:24+00:00\",\"dateModified\":\"2026-03-18T15:17:24+00:00\",\"breadcrumb\":{\"@id\":\"https:\/\/vieassociative.be\/actualites\/dans-quelle-mesure-le-conseil-de-la-dg-medias-est-il-independant-freches-comite-avec-des-experts-reconnus-des-medias\/#breadcrumb\"},\"inLanguage\":\"fr-BE\",\"potentialAction\":[{\"@type\":\"ReadAction\",\"target\":[\"https:\/\/vieassociative.be\/actualites\/dans-quelle-mesure-le-conseil-de-la-dg-medias-est-il-independant-freches-comite-avec-des-experts-reconnus-des-medias\/\"]}]},{\"@type\":\"ImageObject\",\"inLanguage\":\"fr-BE\",\"@id\":\"https:\/\/vieassociative.be\/actualites\/dans-quelle-mesure-le-conseil-de-la-dg-medias-est-il-independant-freches-comite-avec-des-experts-reconnus-des-medias\/#primaryimage\",\"url\":\"https:\/\/vieassociative.be\/actualites\/wp-content\/uploads\/2025\/08\/1755202657_Apres-20-ans-en-tant-que-ministre-de-la-DG.jpg\",\"contentUrl\":\"https:\/\/vieassociative.be\/actualites\/wp-content\/uploads\/2025\/08\/1755202657_Apres-20-ans-en-tant-que-ministre-de-la-DG.jpg\",\"width\":1200,\"height\":900,\"caption\":\"Apr\u00e8s 20 ans en tant que ministre de la DG et 318 000 euros en r\u00e9mun\u00e9ration de sortie: Weykmans est de retour\"},{\"@type\":\"BreadcrumbList\",\"@id\":\"https:\/\/vieassociative.be\/actualites\/dans-quelle-mesure-le-conseil-de-la-dg-medias-est-il-independant-freches-comite-avec-des-experts-reconnus-des-medias\/#breadcrumb\",\"itemListElement\":[{\"@type\":\"ListItem\",\"position\":1,\"name\":\"Accueil\",\"item\":\"https:\/\/vieassociative.be\/actualites\/\"},{\"@type\":\"ListItem\",\"position\":2,\"name\":\"Dans quelle mesure le Conseil de la DG M\u00e9dias est-il ind\u00e9pendant ? Freches : Comit\u00e9 avec des \u00ab experts reconnus des m\u00e9dias \u00bb\"}]},{\"@type\":\"WebSite\",\"@id\":\"https:\/\/vieassociative.be\/actualites\/#website\",\"url\":\"https:\/\/vieassociative.be\/actualites\/\",\"name\":\"Vie Associative\",\"description\":\"\",\"publisher\":{\"@id\":\"https:\/\/vieassociative.be\/actualites\/#organization\"},\"potentialAction\":[{\"@type\":\"SearchAction\",\"target\":{\"@type\":\"EntryPoint\",\"urlTemplate\":\"https:\/\/vieassociative.be\/actualites\/?s={search_term_string}\"},\"query-input\":{\"@type\":\"PropertyValueSpecification\",\"valueRequired\":true,\"valueName\":\"search_term_string\"}}],\"inLanguage\":\"fr-BE\"},{\"@type\":\"Organization\",\"@id\":\"https:\/\/vieassociative.be\/actualites\/#organization\",\"name\":\"Vie Associative\",\"url\":\"https:\/\/vieassociative.be\/actualites\/\",\"logo\":{\"@type\":\"ImageObject\",\"inLanguage\":\"fr-BE\",\"@id\":\"https:\/\/vieassociative.be\/actualites\/#\/schema\/logo\/image\/\",\"url\":\"https:\/\/vieassociative.be\/actualites\/wp-content\/uploads\/2024\/09\/cropped-vieassociative_favicon.ico.png\",\"contentUrl\":\"https:\/\/vieassociative.be\/actualites\/wp-content\/uploads\/2024\/09\/cropped-vieassociative_favicon.ico.png\",\"width\":512,\"height\":512,\"caption\":\"Vie Associative\"},\"image\":{\"@id\":\"https:\/\/vieassociative.be\/actualites\/#\/schema\/logo\/image\/\"}},{\"@type\":\"Person\",\"@id\":\"https:\/\/vieassociative.be\/actualites\/#\/schema\/person\/b87ac4f82f9d4e7b7cec7395b679edc4\",\"name\":\"Julien\",\"image\":{\"@type\":\"ImageObject\",\"inLanguage\":\"fr-BE\",\"@id\":\"https:\/\/vieassociative.be\/actualites\/#\/schema\/person\/image\/\",\"url\":\"https:\/\/vieassociative.be\/actualites\/wp-content\/uploads\/2024\/09\/vie-associative-1-150x150.jpg\",\"contentUrl\":\"https:\/\/vieassociative.be\/actualites\/wp-content\/uploads\/2024\/09\/vie-associative-1-150x150.jpg\",\"caption\":\"Julien\"},\"description\":\"Je suis Julien, r\u00e9dacteur pour Vie Associative. Passionn\u00e9 par le monde associatif depuis plus de 10 ans, j'ai \u00e0 c\u0153ur de partager des histoires inspirantes et de mettre en lumi\u00e8re les initiatives locales. Mon objectif est de sensibiliser et d'encourager l'engagement communautaire \u00e0 travers mes articles.\",\"sameAs\":[\"https:\/\/vieassociative.be\/\"]}]}<\/script>\n<!-- \/ Yoast SEO plugin. -->","yoast_head_json":{"title":"Dans quelle mesure le Conseil de la DG M\u00e9dias est-il ind\u00e9pendant ? Freches : Comit\u00e9 avec des \u00ab experts reconnus des m\u00e9dias \u00bb | Vie Associative","robots":{"index":"index","follow":"follow","max-snippet":"max-snippet:-1","max-image-preview":"max-image-preview:large","max-video-preview":"max-video-preview:-1"},"canonical":"https:\/\/vieassociative.be\/actualites\/dans-quelle-mesure-le-conseil-de-la-dg-medias-est-il-independant-freches-comite-avec-des-experts-reconnus-des-medias\/","og_locale":"fr_FR","og_type":"article","og_title":"Dans quelle mesure le Conseil de la DG M\u00e9dias est-il ind\u00e9pendant ? Freches : Comit\u00e9 avec des \u00ab experts reconnus des m\u00e9dias \u00bb | Vie Associative","og_description":"Une question du d\u00e9put\u00e9 Vivant Marco Hoffmann au ministre des M\u00e9dias Gregor Freches (PFF) au sein de la commission parlementaire comp\u00e9tente attire l&rsquo;attention sur un","og_url":"https:\/\/vieassociative.be\/actualites\/dans-quelle-mesure-le-conseil-de-la-dg-medias-est-il-independant-freches-comite-avec-des-experts-reconnus-des-medias\/","og_site_name":"Vie Associative","article_published_time":"2026-03-18T15:17:24+00:00","og_image":[{"width":279,"height":92,"url":"https:\/\/vieassociative.be\/actualites\/wp-content\/uploads\/2024\/09\/header_backgroundk-01-e1726694325946.png","type":"image\/png"}],"author":"Julien","twitter_card":"summary_large_image","twitter_misc":{"\u00c9crit par":"Julien","Dur\u00e9e de lecture est.":"5 minutes"},"schema":{"@context":"https:\/\/schema.org","@graph":[{"@type":"Article","@id":"https:\/\/vieassociative.be\/actualites\/dans-quelle-mesure-le-conseil-de-la-dg-medias-est-il-independant-freches-comite-avec-des-experts-reconnus-des-medias\/#article","isPartOf":{"@id":"https:\/\/vieassociative.be\/actualites\/dans-quelle-mesure-le-conseil-de-la-dg-medias-est-il-independant-freches-comite-avec-des-experts-reconnus-des-medias\/"},"author":{"name":"Julien","@id":"https:\/\/vieassociative.be\/actualites\/#\/schema\/person\/b87ac4f82f9d4e7b7cec7395b679edc4"},"headline":"Dans quelle mesure le Conseil de la DG M\u00e9dias est-il ind\u00e9pendant ? Freches : Comit\u00e9 avec des \u00ab experts reconnus des m\u00e9dias \u00bb","datePublished":"2026-03-18T15:17:24+00:00","dateModified":"2026-03-18T15:17:24+00:00","mainEntityOfPage":{"@id":"https:\/\/vieassociative.be\/actualites\/dans-quelle-mesure-le-conseil-de-la-dg-medias-est-il-independant-freches-comite-avec-des-experts-reconnus-des-medias\/"},"wordCount":968,"publisher":{"@id":"https:\/\/vieassociative.be\/actualites\/#organization"},"image":{"@id":"https:\/\/vieassociative.be\/actualites\/dans-quelle-mesure-le-conseil-de-la-dg-medias-est-il-independant-freches-comite-avec-des-experts-reconnus-des-medias\/#primaryimage"},"thumbnailUrl":"https:\/\/vieassociative.be\/actualites\/wp-content\/uploads\/2025\/08\/1755202657_Apres-20-ans-en-tant-que-ministre-de-la-DG.jpg","keywords":["avec","comit\u00e9","conseil","dans","Des","estil","experts","Freches","ind\u00e9pendant","m\u00e9dias","mesure","quelle","reconnus"],"articleSection":["Belgique"],"inLanguage":"fr-BE"},{"@type":"WebPage","@id":"https:\/\/vieassociative.be\/actualites\/dans-quelle-mesure-le-conseil-de-la-dg-medias-est-il-independant-freches-comite-avec-des-experts-reconnus-des-medias\/","url":"https:\/\/vieassociative.be\/actualites\/dans-quelle-mesure-le-conseil-de-la-dg-medias-est-il-independant-freches-comite-avec-des-experts-reconnus-des-medias\/","name":"Dans quelle mesure le Conseil de la DG M\u00e9dias est-il ind\u00e9pendant ? Freches : Comit\u00e9 avec des \u00ab experts reconnus des m\u00e9dias \u00bb | Vie Associative","isPartOf":{"@id":"https:\/\/vieassociative.be\/actualites\/#website"},"primaryImageOfPage":{"@id":"https:\/\/vieassociative.be\/actualites\/dans-quelle-mesure-le-conseil-de-la-dg-medias-est-il-independant-freches-comite-avec-des-experts-reconnus-des-medias\/#primaryimage"},"image":{"@id":"https:\/\/vieassociative.be\/actualites\/dans-quelle-mesure-le-conseil-de-la-dg-medias-est-il-independant-freches-comite-avec-des-experts-reconnus-des-medias\/#primaryimage"},"thumbnailUrl":"https:\/\/vieassociative.be\/actualites\/wp-content\/uploads\/2025\/08\/1755202657_Apres-20-ans-en-tant-que-ministre-de-la-DG.jpg","datePublished":"2026-03-18T15:17:24+00:00","dateModified":"2026-03-18T15:17:24+00:00","breadcrumb":{"@id":"https:\/\/vieassociative.be\/actualites\/dans-quelle-mesure-le-conseil-de-la-dg-medias-est-il-independant-freches-comite-avec-des-experts-reconnus-des-medias\/#breadcrumb"},"inLanguage":"fr-BE","potentialAction":[{"@type":"ReadAction","target":["https:\/\/vieassociative.be\/actualites\/dans-quelle-mesure-le-conseil-de-la-dg-medias-est-il-independant-freches-comite-avec-des-experts-reconnus-des-medias\/"]}]},{"@type":"ImageObject","inLanguage":"fr-BE","@id":"https:\/\/vieassociative.be\/actualites\/dans-quelle-mesure-le-conseil-de-la-dg-medias-est-il-independant-freches-comite-avec-des-experts-reconnus-des-medias\/#primaryimage","url":"https:\/\/vieassociative.be\/actualites\/wp-content\/uploads\/2025\/08\/1755202657_Apres-20-ans-en-tant-que-ministre-de-la-DG.jpg","contentUrl":"https:\/\/vieassociative.be\/actualites\/wp-content\/uploads\/2025\/08\/1755202657_Apres-20-ans-en-tant-que-ministre-de-la-DG.jpg","width":1200,"height":900,"caption":"Apr\u00e8s 20 ans en tant que ministre de la DG et 318 000 euros en r\u00e9mun\u00e9ration de sortie: Weykmans est de retour"},{"@type":"BreadcrumbList","@id":"https:\/\/vieassociative.be\/actualites\/dans-quelle-mesure-le-conseil-de-la-dg-medias-est-il-independant-freches-comite-avec-des-experts-reconnus-des-medias\/#breadcrumb","itemListElement":[{"@type":"ListItem","position":1,"name":"Accueil","item":"https:\/\/vieassociative.be\/actualites\/"},{"@type":"ListItem","position":2,"name":"Dans quelle mesure le Conseil de la DG M\u00e9dias est-il ind\u00e9pendant ? Freches : Comit\u00e9 avec des \u00ab experts reconnus des m\u00e9dias \u00bb"}]},{"@type":"WebSite","@id":"https:\/\/vieassociative.be\/actualites\/#website","url":"https:\/\/vieassociative.be\/actualites\/","name":"Vie Associative","description":"","publisher":{"@id":"https:\/\/vieassociative.be\/actualites\/#organization"},"potentialAction":[{"@type":"SearchAction","target":{"@type":"EntryPoint","urlTemplate":"https:\/\/vieassociative.be\/actualites\/?s={search_term_string}"},"query-input":{"@type":"PropertyValueSpecification","valueRequired":true,"valueName":"search_term_string"}}],"inLanguage":"fr-BE"},{"@type":"Organization","@id":"https:\/\/vieassociative.be\/actualites\/#organization","name":"Vie Associative","url":"https:\/\/vieassociative.be\/actualites\/","logo":{"@type":"ImageObject","inLanguage":"fr-BE","@id":"https:\/\/vieassociative.be\/actualites\/#\/schema\/logo\/image\/","url":"https:\/\/vieassociative.be\/actualites\/wp-content\/uploads\/2024\/09\/cropped-vieassociative_favicon.ico.png","contentUrl":"https:\/\/vieassociative.be\/actualites\/wp-content\/uploads\/2024\/09\/cropped-vieassociative_favicon.ico.png","width":512,"height":512,"caption":"Vie Associative"},"image":{"@id":"https:\/\/vieassociative.be\/actualites\/#\/schema\/logo\/image\/"}},{"@type":"Person","@id":"https:\/\/vieassociative.be\/actualites\/#\/schema\/person\/b87ac4f82f9d4e7b7cec7395b679edc4","name":"Julien","image":{"@type":"ImageObject","inLanguage":"fr-BE","@id":"https:\/\/vieassociative.be\/actualites\/#\/schema\/person\/image\/","url":"https:\/\/vieassociative.be\/actualites\/wp-content\/uploads\/2024\/09\/vie-associative-1-150x150.jpg","contentUrl":"https:\/\/vieassociative.be\/actualites\/wp-content\/uploads\/2024\/09\/vie-associative-1-150x150.jpg","caption":"Julien"},"description":"Je suis Julien, r\u00e9dacteur pour Vie Associative. Passionn\u00e9 par le monde associatif depuis plus de 10 ans, j'ai \u00e0 c\u0153ur de partager des histoires inspirantes et de mettre en lumi\u00e8re les initiatives locales. Mon objectif est de sensibiliser et d'encourager l'engagement communautaire \u00e0 travers mes articles.","sameAs":["https:\/\/vieassociative.be\/"]}]}},"_links":{"self":[{"href":"https:\/\/vieassociative.be\/actualites\/wp-json\/wp\/v2\/posts\/13078"}],"collection":[{"href":"https:\/\/vieassociative.be\/actualites\/wp-json\/wp\/v2\/posts"}],"about":[{"href":"https:\/\/vieassociative.be\/actualites\/wp-json\/wp\/v2\/types\/post"}],"author":[{"embeddable":true,"href":"https:\/\/vieassociative.be\/actualites\/wp-json\/wp\/v2\/users\/1"}],"replies":[{"embeddable":true,"href":"https:\/\/vieassociative.be\/actualites\/wp-json\/wp\/v2\/comments?post=13078"}],"version-history":[{"count":0,"href":"https:\/\/vieassociative.be\/actualites\/wp-json\/wp\/v2\/posts\/13078\/revisions"}],"wp:featuredmedia":[{"embeddable":true,"href":"https:\/\/vieassociative.be\/actualites\/wp-json\/wp\/v2\/media\/9410"}],"wp:attachment":[{"href":"https:\/\/vieassociative.be\/actualites\/wp-json\/wp\/v2\/media?parent=13078"}],"wp:term":[{"taxonomy":"category","embeddable":true,"href":"https:\/\/vieassociative.be\/actualites\/wp-json\/wp\/v2\/categories?post=13078"},{"taxonomy":"post_tag","embeddable":true,"href":"https:\/\/vieassociative.be\/actualites\/wp-json\/wp\/v2\/tags?post=13078"}],"curies":[{"name":"wp","href":"https:\/\/api.w.org\/{rel}","templated":true}]}}