{"id":13070,"date":"2026-03-17T22:17:38","date_gmt":"2026-03-17T21:17:38","guid":{"rendered":"https:\/\/vieassociative.be\/actualites\/israel-le-responsable-iranien-ali-larijani-tue\/"},"modified":"2026-03-17T22:17:38","modified_gmt":"2026-03-17T21:17:38","slug":"israel-le-responsable-iranien-ali-larijani-tue","status":"publish","type":"post","link":"https:\/\/vieassociative.be\/actualites\/israel-le-responsable-iranien-ali-larijani-tue\/","title":{"rendered":"Isra\u00ebl : le responsable iranien Ali Larijani tu\u00e9"},"content":{"rendered":"<p><strong>Selon des informations isra\u00e9liennes, l&rsquo;influent responsable iranien Ali Larijani a \u00e9t\u00e9 tu\u00e9 lors d&rsquo;une frappe a\u00e9rienne \u00e0 T\u00e9h\u00e9ran. Comme l&rsquo;a d\u00e9clar\u00e9 le ministre isra\u00e9lien de la D\u00e9fense, Israel Katz, selon son bureau, le secr\u00e9taire g\u00e9n\u00e9ral du Conseil de s\u00e9curit\u00e9 a \u00e9t\u00e9 tu\u00e9 dans une attaque cibl\u00e9e dans la nuit.<\/strong><\/p>\n<p><span id=\"more-437803\"><\/span>Le politicien conservateur est devenu ces derniers mois une figure centrale de l\u2019appareil de pouvoir iranien. Il n\u2019y a eu initialement aucune confirmation de la part de l\u2019Iran.<\/p>\n<p>Larijani a \u00e9t\u00e9 nomm\u00e9 au poste du Conseil de s\u00e9curit\u00e9 en ao\u00fbt 2025. Il avait auparavant travaill\u00e9 comme conseiller du chef religieux l&rsquo;ayatollah Ali Khamenei, tu\u00e9 le 28 f\u00e9vrier. L&rsquo;ascension de cet homme de 67 ans a alors surpris de nombreux observateurs. Larijani \u00e9tait consid\u00e9r\u00e9 comme un pragmatique et avait des ambitions pr\u00e9sidentielles. Il a cependant \u00e9t\u00e9 disqualifi\u00e9 des \u00e9lections de 2024 par le puissant Conseil des Gardiens, un organe de contr\u00f4le.<\/p>\n<div id=\"attachment_437805\" class=\"wp-caption alignleft\" style=\"max-width: 300px\"><img fetchpriority=\"high\" decoding=\"async\" class=\"wp-image-437805 size-medium\" src=\"https:\/\/vieassociative.be\/actualites\/wp-content\/uploads\/2026\/03\/Israel-le-responsable-iranien-Ali-Larijani-tue.jpg\" alt=\"\" width=\"300\" height=\"200\"><\/div>\n<p><strong>\u2013 Larijani \u00ab L\u2019homme du syst\u00e8me \u00bb :<\/strong> Le Conseil de s\u00e9curit\u00e9 iranien s&rsquo;occupe des questions de s\u00e9curit\u00e9 nationale, de d\u00e9fense nationale et de protection de la r\u00e9volution islamique. Outre le pr\u00e9sident qui pr\u00e9side, le comit\u00e9 compos\u00e9 d&rsquo;une douzaine de membres comprend plusieurs ministres et g\u00e9n\u00e9raux. Le secr\u00e9taire g\u00e9n\u00e9ral est l&rsquo;envoy\u00e9 du Guide supr\u00eame. Le Conseil peut prendre des d\u00e9cisions sans impliquer le Parlement, qui sont d\u00e9finitives apr\u00e8s approbation par le chef religieux. Un th\u00e8me r\u00e9current est le programme nucl\u00e9aire iranien.<\/p>\n<p>Larijani a \u00e9tudi\u00e9 les math\u00e9matiques et \u00e9tait consid\u00e9r\u00e9 comme un \u00ab homme du syst\u00e8me \u00bb, mais ces derni\u00e8res ann\u00e9es, il a \u00e9galement d\u00e9fendu \u00e0 plusieurs reprises des positions plus mod\u00e9r\u00e9es. Comme beaucoup d\u2019hommes politiques aujourd\u2019hui, il a d\u2019abord fait carri\u00e8re dans les Gardiens de la r\u00e9volution et a acc\u00e9d\u00e9 au grade de g\u00e9n\u00e9ral de brigade avant de prendre sa retraite du service actif au d\u00e9but des ann\u00e9es 1990.<\/p>\n<p>Il aurait jou\u00e9 un r\u00f4le cl\u00e9 dans la r\u00e9pression des r\u00e9centes manifestations de masse, a rapport\u00e9 le m\u00e9dia en exil \u00ab Iranwire \u00bb. Des milliers de manifestants ont \u00e9t\u00e9 tu\u00e9s lors des \u00e9meutes de d\u00e9but janvier. Dans le m\u00eame temps, le portail a cit\u00e9 un initi\u00e9, Larijani croyait aux \u00ab r\u00e9formes culturelles et \u00e9conomiques ainsi qu\u2019au rapprochement diplomatique \u2013 \u200b\u200bsimilaires aux r\u00e9formes en Chine \u00bb. Les \u00c9tats-Unis ont impos\u00e9 des sanctions \u00e0 ce responsable en raison de son r\u00f4le dans la r\u00e9pression. (dpa)<\/p>\n","protected":false},"excerpt":{"rendered":"<p>Selon des informations isra\u00e9liennes, l&rsquo;influent responsable iranien Ali Larijani a \u00e9t\u00e9 tu\u00e9 lors d&rsquo;une frappe a\u00e9rienne \u00e0 T\u00e9h\u00e9ran. Comme l&rsquo;a d\u00e9clar\u00e9 le ministre isra\u00e9lien de<\/p>\n","protected":false},"author":1,"featured_media":13071,"comment_status":"","ping_status":"","sticky":false,"template":"","format":"standard","meta":{"footnotes":""},"categories":[298],"tags":[10275,10147,3004,10276,2019,4814],"class_list":["post-13070","post","type-post","status-publish","format-standard","has-post-thumbnail","hentry","category-belgique","tag-ali","tag-iranien","tag-israel","tag-larijani","tag-responsable","tag-tue","generate-columns","tablet-grid-50","mobile-grid-100","grid-parent","grid-33"],"yoast_head":"<!-- This site is optimized with the Yoast SEO plugin v24.0 - https:\/\/yoast.com\/wordpress\/plugins\/seo\/ -->\n<title>Isra\u00ebl : le responsable iranien Ali Larijani tu\u00e9 | Vie Associative<\/title>\n<meta name=\"robots\" content=\"index, follow, max-snippet:-1, max-image-preview:large, max-video-preview:-1\" \/>\n<link rel=\"canonical\" href=\"https:\/\/vieassociative.be\/actualites\/israel-le-responsable-iranien-ali-larijani-tue\/\" \/>\n<meta property=\"og:locale\" content=\"fr_FR\" \/>\n<meta property=\"og:type\" content=\"article\" \/>\n<meta property=\"og:title\" content=\"Isra\u00ebl : le responsable iranien Ali Larijani tu\u00e9 | Vie Associative\" \/>\n<meta property=\"og:description\" content=\"Selon des informations isra\u00e9liennes, l&rsquo;influent responsable iranien Ali Larijani a \u00e9t\u00e9 tu\u00e9 lors d&rsquo;une frappe a\u00e9rienne \u00e0 T\u00e9h\u00e9ran. Comme l&rsquo;a d\u00e9clar\u00e9 le ministre isra\u00e9lien de\" \/>\n<meta property=\"og:url\" content=\"https:\/\/vieassociative.be\/actualites\/israel-le-responsable-iranien-ali-larijani-tue\/\" \/>\n<meta property=\"og:site_name\" content=\"Vie Associative\" \/>\n<meta property=\"article:published_time\" content=\"2026-03-17T21:17:38+00:00\" \/>\n<meta property=\"og:image\" content=\"https:\/\/vieassociative.be\/actualites\/wp-content\/uploads\/2024\/09\/header_backgroundk-01-e1726694325946.png\" \/>\n\t<meta property=\"og:image:width\" content=\"279\" \/>\n\t<meta property=\"og:image:height\" content=\"92\" \/>\n\t<meta property=\"og:image:type\" content=\"image\/png\" \/>\n<meta name=\"author\" content=\"Julien\" \/>\n<meta name=\"twitter:card\" content=\"summary_large_image\" \/>\n<meta name=\"twitter:label1\" content=\"\u00c9crit par\" \/>\n\t<meta name=\"twitter:data1\" content=\"Julien\" \/>\n\t<meta name=\"twitter:label2\" content=\"Dur\u00e9e de lecture est.\" \/>\n\t<meta name=\"twitter:data2\" content=\"2 minutes\" \/>\n<script type=\"application\/ld+json\" class=\"yoast-schema-graph\">{\"@context\":\"https:\/\/schema.org\",\"@graph\":[{\"@type\":\"Article\",\"@id\":\"https:\/\/vieassociative.be\/actualites\/israel-le-responsable-iranien-ali-larijani-tue\/#article\",\"isPartOf\":{\"@id\":\"https:\/\/vieassociative.be\/actualites\/israel-le-responsable-iranien-ali-larijani-tue\/\"},\"author\":{\"name\":\"Julien\",\"@id\":\"https:\/\/vieassociative.be\/actualites\/#\/schema\/person\/b87ac4f82f9d4e7b7cec7395b679edc4\"},\"headline\":\"Isra\u00ebl : le responsable iranien Ali Larijani tu\u00e9\",\"datePublished\":\"2026-03-17T21:17:38+00:00\",\"dateModified\":\"2026-03-17T21:17:38+00:00\",\"mainEntityOfPage\":{\"@id\":\"https:\/\/vieassociative.be\/actualites\/israel-le-responsable-iranien-ali-larijani-tue\/\"},\"wordCount\":449,\"publisher\":{\"@id\":\"https:\/\/vieassociative.be\/actualites\/#organization\"},\"image\":{\"@id\":\"https:\/\/vieassociative.be\/actualites\/israel-le-responsable-iranien-ali-larijani-tue\/#primaryimage\"},\"thumbnailUrl\":\"https:\/\/vieassociative.be\/actualites\/wp-content\/uploads\/2026\/03\/1773782259_Israel-le-responsable-iranien-Ali-Larijani-tue.jpg\",\"keywords\":[\"Ali\",\"iranien\",\"Isra\u00ebl\",\"Larijani\",\"responsable\",\"tue\"],\"articleSection\":[\"Belgique\"],\"inLanguage\":\"fr-BE\"},{\"@type\":\"WebPage\",\"@id\":\"https:\/\/vieassociative.be\/actualites\/israel-le-responsable-iranien-ali-larijani-tue\/\",\"url\":\"https:\/\/vieassociative.be\/actualites\/israel-le-responsable-iranien-ali-larijani-tue\/\",\"name\":\"Isra\u00ebl : le responsable iranien Ali Larijani tu\u00e9 | Vie Associative\",\"isPartOf\":{\"@id\":\"https:\/\/vieassociative.be\/actualites\/#website\"},\"primaryImageOfPage\":{\"@id\":\"https:\/\/vieassociative.be\/actualites\/israel-le-responsable-iranien-ali-larijani-tue\/#primaryimage\"},\"image\":{\"@id\":\"https:\/\/vieassociative.be\/actualites\/israel-le-responsable-iranien-ali-larijani-tue\/#primaryimage\"},\"thumbnailUrl\":\"https:\/\/vieassociative.be\/actualites\/wp-content\/uploads\/2026\/03\/1773782259_Israel-le-responsable-iranien-Ali-Larijani-tue.jpg\",\"datePublished\":\"2026-03-17T21:17:38+00:00\",\"dateModified\":\"2026-03-17T21:17:38+00:00\",\"breadcrumb\":{\"@id\":\"https:\/\/vieassociative.be\/actualites\/israel-le-responsable-iranien-ali-larijani-tue\/#breadcrumb\"},\"inLanguage\":\"fr-BE\",\"potentialAction\":[{\"@type\":\"ReadAction\",\"target\":[\"https:\/\/vieassociative.be\/actualites\/israel-le-responsable-iranien-ali-larijani-tue\/\"]}]},{\"@type\":\"ImageObject\",\"inLanguage\":\"fr-BE\",\"@id\":\"https:\/\/vieassociative.be\/actualites\/israel-le-responsable-iranien-ali-larijani-tue\/#primaryimage\",\"url\":\"https:\/\/vieassociative.be\/actualites\/wp-content\/uploads\/2026\/03\/1773782259_Israel-le-responsable-iranien-Ali-Larijani-tue.jpg\",\"contentUrl\":\"https:\/\/vieassociative.be\/actualites\/wp-content\/uploads\/2026\/03\/1773782259_Israel-le-responsable-iranien-Ali-Larijani-tue.jpg\",\"width\":1200,\"height\":859,\"caption\":\"Isra\u00ebl : le responsable iranien Ali Larijani tu\u00e9\"},{\"@type\":\"BreadcrumbList\",\"@id\":\"https:\/\/vieassociative.be\/actualites\/israel-le-responsable-iranien-ali-larijani-tue\/#breadcrumb\",\"itemListElement\":[{\"@type\":\"ListItem\",\"position\":1,\"name\":\"Accueil\",\"item\":\"https:\/\/vieassociative.be\/actualites\/\"},{\"@type\":\"ListItem\",\"position\":2,\"name\":\"Isra\u00ebl : le responsable iranien Ali Larijani tu\u00e9\"}]},{\"@type\":\"WebSite\",\"@id\":\"https:\/\/vieassociative.be\/actualites\/#website\",\"url\":\"https:\/\/vieassociative.be\/actualites\/\",\"name\":\"Vie Associative\",\"description\":\"\",\"publisher\":{\"@id\":\"https:\/\/vieassociative.be\/actualites\/#organization\"},\"potentialAction\":[{\"@type\":\"SearchAction\",\"target\":{\"@type\":\"EntryPoint\",\"urlTemplate\":\"https:\/\/vieassociative.be\/actualites\/?s={search_term_string}\"},\"query-input\":{\"@type\":\"PropertyValueSpecification\",\"valueRequired\":true,\"valueName\":\"search_term_string\"}}],\"inLanguage\":\"fr-BE\"},{\"@type\":\"Organization\",\"@id\":\"https:\/\/vieassociative.be\/actualites\/#organization\",\"name\":\"Vie Associative\",\"url\":\"https:\/\/vieassociative.be\/actualites\/\",\"logo\":{\"@type\":\"ImageObject\",\"inLanguage\":\"fr-BE\",\"@id\":\"https:\/\/vieassociative.be\/actualites\/#\/schema\/logo\/image\/\",\"url\":\"https:\/\/vieassociative.be\/actualites\/wp-content\/uploads\/2024\/09\/cropped-vieassociative_favicon.ico.png\",\"contentUrl\":\"https:\/\/vieassociative.be\/actualites\/wp-content\/uploads\/2024\/09\/cropped-vieassociative_favicon.ico.png\",\"width\":512,\"height\":512,\"caption\":\"Vie Associative\"},\"image\":{\"@id\":\"https:\/\/vieassociative.be\/actualites\/#\/schema\/logo\/image\/\"}},{\"@type\":\"Person\",\"@id\":\"https:\/\/vieassociative.be\/actualites\/#\/schema\/person\/b87ac4f82f9d4e7b7cec7395b679edc4\",\"name\":\"Julien\",\"image\":{\"@type\":\"ImageObject\",\"inLanguage\":\"fr-BE\",\"@id\":\"https:\/\/vieassociative.be\/actualites\/#\/schema\/person\/image\/\",\"url\":\"https:\/\/vieassociative.be\/actualites\/wp-content\/uploads\/2024\/09\/vie-associative-1-150x150.jpg\",\"contentUrl\":\"https:\/\/vieassociative.be\/actualites\/wp-content\/uploads\/2024\/09\/vie-associative-1-150x150.jpg\",\"caption\":\"Julien\"},\"description\":\"Je suis Julien, r\u00e9dacteur pour Vie Associative. Passionn\u00e9 par le monde associatif depuis plus de 10 ans, j'ai \u00e0 c\u0153ur de partager des histoires inspirantes et de mettre en lumi\u00e8re les initiatives locales. Mon objectif est de sensibiliser et d'encourager l'engagement communautaire \u00e0 travers mes articles.\",\"sameAs\":[\"https:\/\/vieassociative.be\/\"]}]}<\/script>\n<!-- \/ Yoast SEO plugin. -->","yoast_head_json":{"title":"Isra\u00ebl : le responsable iranien Ali Larijani tu\u00e9 | Vie Associative","robots":{"index":"index","follow":"follow","max-snippet":"max-snippet:-1","max-image-preview":"max-image-preview:large","max-video-preview":"max-video-preview:-1"},"canonical":"https:\/\/vieassociative.be\/actualites\/israel-le-responsable-iranien-ali-larijani-tue\/","og_locale":"fr_FR","og_type":"article","og_title":"Isra\u00ebl : le responsable iranien Ali Larijani tu\u00e9 | Vie Associative","og_description":"Selon des informations isra\u00e9liennes, l&rsquo;influent responsable iranien Ali Larijani a \u00e9t\u00e9 tu\u00e9 lors d&rsquo;une frappe a\u00e9rienne \u00e0 T\u00e9h\u00e9ran. Comme l&rsquo;a d\u00e9clar\u00e9 le ministre isra\u00e9lien de","og_url":"https:\/\/vieassociative.be\/actualites\/israel-le-responsable-iranien-ali-larijani-tue\/","og_site_name":"Vie Associative","article_published_time":"2026-03-17T21:17:38+00:00","og_image":[{"width":279,"height":92,"url":"https:\/\/vieassociative.be\/actualites\/wp-content\/uploads\/2024\/09\/header_backgroundk-01-e1726694325946.png","type":"image\/png"}],"author":"Julien","twitter_card":"summary_large_image","twitter_misc":{"\u00c9crit par":"Julien","Dur\u00e9e de lecture est.":"2 minutes"},"schema":{"@context":"https:\/\/schema.org","@graph":[{"@type":"Article","@id":"https:\/\/vieassociative.be\/actualites\/israel-le-responsable-iranien-ali-larijani-tue\/#article","isPartOf":{"@id":"https:\/\/vieassociative.be\/actualites\/israel-le-responsable-iranien-ali-larijani-tue\/"},"author":{"name":"Julien","@id":"https:\/\/vieassociative.be\/actualites\/#\/schema\/person\/b87ac4f82f9d4e7b7cec7395b679edc4"},"headline":"Isra\u00ebl : le responsable iranien Ali Larijani tu\u00e9","datePublished":"2026-03-17T21:17:38+00:00","dateModified":"2026-03-17T21:17:38+00:00","mainEntityOfPage":{"@id":"https:\/\/vieassociative.be\/actualites\/israel-le-responsable-iranien-ali-larijani-tue\/"},"wordCount":449,"publisher":{"@id":"https:\/\/vieassociative.be\/actualites\/#organization"},"image":{"@id":"https:\/\/vieassociative.be\/actualites\/israel-le-responsable-iranien-ali-larijani-tue\/#primaryimage"},"thumbnailUrl":"https:\/\/vieassociative.be\/actualites\/wp-content\/uploads\/2026\/03\/1773782259_Israel-le-responsable-iranien-Ali-Larijani-tue.jpg","keywords":["Ali","iranien","Isra\u00ebl","Larijani","responsable","tue"],"articleSection":["Belgique"],"inLanguage":"fr-BE"},{"@type":"WebPage","@id":"https:\/\/vieassociative.be\/actualites\/israel-le-responsable-iranien-ali-larijani-tue\/","url":"https:\/\/vieassociative.be\/actualites\/israel-le-responsable-iranien-ali-larijani-tue\/","name":"Isra\u00ebl : le responsable iranien Ali Larijani tu\u00e9 | Vie Associative","isPartOf":{"@id":"https:\/\/vieassociative.be\/actualites\/#website"},"primaryImageOfPage":{"@id":"https:\/\/vieassociative.be\/actualites\/israel-le-responsable-iranien-ali-larijani-tue\/#primaryimage"},"image":{"@id":"https:\/\/vieassociative.be\/actualites\/israel-le-responsable-iranien-ali-larijani-tue\/#primaryimage"},"thumbnailUrl":"https:\/\/vieassociative.be\/actualites\/wp-content\/uploads\/2026\/03\/1773782259_Israel-le-responsable-iranien-Ali-Larijani-tue.jpg","datePublished":"2026-03-17T21:17:38+00:00","dateModified":"2026-03-17T21:17:38+00:00","breadcrumb":{"@id":"https:\/\/vieassociative.be\/actualites\/israel-le-responsable-iranien-ali-larijani-tue\/#breadcrumb"},"inLanguage":"fr-BE","potentialAction":[{"@type":"ReadAction","target":["https:\/\/vieassociative.be\/actualites\/israel-le-responsable-iranien-ali-larijani-tue\/"]}]},{"@type":"ImageObject","inLanguage":"fr-BE","@id":"https:\/\/vieassociative.be\/actualites\/israel-le-responsable-iranien-ali-larijani-tue\/#primaryimage","url":"https:\/\/vieassociative.be\/actualites\/wp-content\/uploads\/2026\/03\/1773782259_Israel-le-responsable-iranien-Ali-Larijani-tue.jpg","contentUrl":"https:\/\/vieassociative.be\/actualites\/wp-content\/uploads\/2026\/03\/1773782259_Israel-le-responsable-iranien-Ali-Larijani-tue.jpg","width":1200,"height":859,"caption":"Isra\u00ebl : le responsable iranien Ali Larijani tu\u00e9"},{"@type":"BreadcrumbList","@id":"https:\/\/vieassociative.be\/actualites\/israel-le-responsable-iranien-ali-larijani-tue\/#breadcrumb","itemListElement":[{"@type":"ListItem","position":1,"name":"Accueil","item":"https:\/\/vieassociative.be\/actualites\/"},{"@type":"ListItem","position":2,"name":"Isra\u00ebl : le responsable iranien Ali Larijani tu\u00e9"}]},{"@type":"WebSite","@id":"https:\/\/vieassociative.be\/actualites\/#website","url":"https:\/\/vieassociative.be\/actualites\/","name":"Vie Associative","description":"","publisher":{"@id":"https:\/\/vieassociative.be\/actualites\/#organization"},"potentialAction":[{"@type":"SearchAction","target":{"@type":"EntryPoint","urlTemplate":"https:\/\/vieassociative.be\/actualites\/?s={search_term_string}"},"query-input":{"@type":"PropertyValueSpecification","valueRequired":true,"valueName":"search_term_string"}}],"inLanguage":"fr-BE"},{"@type":"Organization","@id":"https:\/\/vieassociative.be\/actualites\/#organization","name":"Vie Associative","url":"https:\/\/vieassociative.be\/actualites\/","logo":{"@type":"ImageObject","inLanguage":"fr-BE","@id":"https:\/\/vieassociative.be\/actualites\/#\/schema\/logo\/image\/","url":"https:\/\/vieassociative.be\/actualites\/wp-content\/uploads\/2024\/09\/cropped-vieassociative_favicon.ico.png","contentUrl":"https:\/\/vieassociative.be\/actualites\/wp-content\/uploads\/2024\/09\/cropped-vieassociative_favicon.ico.png","width":512,"height":512,"caption":"Vie Associative"},"image":{"@id":"https:\/\/vieassociative.be\/actualites\/#\/schema\/logo\/image\/"}},{"@type":"Person","@id":"https:\/\/vieassociative.be\/actualites\/#\/schema\/person\/b87ac4f82f9d4e7b7cec7395b679edc4","name":"Julien","image":{"@type":"ImageObject","inLanguage":"fr-BE","@id":"https:\/\/vieassociative.be\/actualites\/#\/schema\/person\/image\/","url":"https:\/\/vieassociative.be\/actualites\/wp-content\/uploads\/2024\/09\/vie-associative-1-150x150.jpg","contentUrl":"https:\/\/vieassociative.be\/actualites\/wp-content\/uploads\/2024\/09\/vie-associative-1-150x150.jpg","caption":"Julien"},"description":"Je suis Julien, r\u00e9dacteur pour Vie Associative. Passionn\u00e9 par le monde associatif depuis plus de 10 ans, j'ai \u00e0 c\u0153ur de partager des histoires inspirantes et de mettre en lumi\u00e8re les initiatives locales. Mon objectif est de sensibiliser et d'encourager l'engagement communautaire \u00e0 travers mes articles.","sameAs":["https:\/\/vieassociative.be\/"]}]}},"_links":{"self":[{"href":"https:\/\/vieassociative.be\/actualites\/wp-json\/wp\/v2\/posts\/13070"}],"collection":[{"href":"https:\/\/vieassociative.be\/actualites\/wp-json\/wp\/v2\/posts"}],"about":[{"href":"https:\/\/vieassociative.be\/actualites\/wp-json\/wp\/v2\/types\/post"}],"author":[{"embeddable":true,"href":"https:\/\/vieassociative.be\/actualites\/wp-json\/wp\/v2\/users\/1"}],"replies":[{"embeddable":true,"href":"https:\/\/vieassociative.be\/actualites\/wp-json\/wp\/v2\/comments?post=13070"}],"version-history":[{"count":0,"href":"https:\/\/vieassociative.be\/actualites\/wp-json\/wp\/v2\/posts\/13070\/revisions"}],"wp:featuredmedia":[{"embeddable":true,"href":"https:\/\/vieassociative.be\/actualites\/wp-json\/wp\/v2\/media\/13071"}],"wp:attachment":[{"href":"https:\/\/vieassociative.be\/actualites\/wp-json\/wp\/v2\/media?parent=13070"}],"wp:term":[{"taxonomy":"category","embeddable":true,"href":"https:\/\/vieassociative.be\/actualites\/wp-json\/wp\/v2\/categories?post=13070"},{"taxonomy":"post_tag","embeddable":true,"href":"https:\/\/vieassociative.be\/actualites\/wp-json\/wp\/v2\/tags?post=13070"}],"curies":[{"name":"wp","href":"https:\/\/api.w.org\/{rel}","templated":true}]}}