{"id":13068,"date":"2026-03-17T21:18:26","date_gmt":"2026-03-17T20:18:26","guid":{"rendered":"https:\/\/vieassociative.be\/actualites\/les-soldes-de-printemps-de-best-buy-sont-en-ligne-avant-la-grande-vente-de-printemps-damazon\/"},"modified":"2026-03-17T21:18:26","modified_gmt":"2026-03-17T20:18:26","slug":"les-soldes-de-printemps-de-best-buy-sont-en-ligne-avant-la-grande-vente-de-printemps-damazon","status":"publish","type":"post","link":"https:\/\/vieassociative.be\/actualites\/les-soldes-de-printemps-de-best-buy-sont-en-ligne-avant-la-grande-vente-de-printemps-damazon\/","title":{"rendered":"Les soldes de printemps de Best Buy sont en ligne, avant la \u00ab grande vente de printemps \u00bb d&rsquo;Amazon"},"content":{"rendered":"<p>Nous pouvons gagner une commission sur les liens sur cette page. Les prix et la disponibilit\u00e9 de l&rsquo;offre sont sujets \u00e0 changement apr\u00e8s la publication.<\/p>\n<p>Best Buy a rejoint la bataille contre la grande vente de printemps d&rsquo;Amazon, la version printani\u00e8re du Prime Day, avec la vente Best Buy Tech Fest qui bat son plein. Ci-dessous, j&rsquo;ai rassembl\u00e9 tous les d\u00e9tails cl\u00e9s et mis en \u00e9vidence certaines des meilleures offres que vous pouvez d\u00e9j\u00e0 trouver.<\/p>\n<h2 id=\"how-long-is-best-buys-tech-fest-sale\">Quelle est la dur\u00e9e de la vente Tech Fest de Best Buy ?<\/h2>\n<p>La vente de printemps de Best Buy est une vente d&rsquo;une semaine qui a d\u00e9but\u00e9 le lundi 16 mars et se poursuit jusqu&rsquo;au dimanche 22 mars. Il y aura une offre du jour tout au long de la vente &#8211; ils l&rsquo;ont \u00e9galement en dehors des p\u00e9riodes de vente, mais les offres seront un peu meilleures que d&rsquo;habitude cette semaine.<\/p>\n<h2 id=\"do-you-need-to-be-a-member-to-shop-for-best-buys-tech-fest-sale\">Devez-vous \u00eatre membre pour magasiner pour la vente Tech Fest de Best Buy ?<\/h2>\n<p>Bien que vous n&rsquo;ayez pas besoin d&rsquo;un abonnement Best Buy pour acheter des offres Tech Fest, les membres peuvent r\u00e9aliser de meilleures \u00e9conomies. Il est gratuit de souscrire \u00e0 un abonnement My Best Buy, qui vous offrira la livraison gratuite, mais si vous adh\u00e9rez \u00e0 l&rsquo;un de ses abonnements payants (My Best Buy Plus pour 49,99 $ par an ou My Best Buy Total pour 179,99 $ par an), vous b\u00e9n\u00e9ficierez d&rsquo;une livraison gratuite plus rapide, de prix et d&rsquo;offres exclusifs, d&rsquo;une fen\u00eatre de retour prolong\u00e9e de 60 jours sur la plupart des produits et d&rsquo;un acc\u00e8s \u00e0 certaines ventes. Les membres payants gagneront \u00e9galement des r\u00e9compenses suppl\u00e9mentaires.<\/p>\n<h2 id=\"what-deals-can-i-expect-during-the-best-buys-tech-fest-sale\">\u00c0 quelles offres puis-je m&rsquo;attendre lors de la vente Tech Fest de Best Buy ?<\/h2>\n<ul>\n<li>\n<p><strong>Offres Apple<\/strong>: Vous pouvez trouver des offres sur les Mac, iPads, iPhones, Apple Watches, AirPods et autres produits Apple avec des remises importantes. Le MacBook Air M4 est <strong>1\u00a0099\u00a0$<\/strong> (\u00e0 l&rsquo;origine 1 199 $).<\/p>\n<\/li>\n<li>\n<p><strong>Appareils \u00e9lectrom\u00e9nagers<\/strong>: LG, Whirlpool, Kitchen Aid et d&rsquo;autres gros appareils \u00e9lectrom\u00e9nagers b\u00e9n\u00e9ficient d&rsquo;une r\u00e9duction allant jusqu&rsquo;\u00e0 40 %.<\/p>\n<\/li>\n<li>\n<p><strong>Cam\u00e9ras<\/strong>: Sony, Kodak, Canon et d&rsquo;autres appareils photo b\u00e9n\u00e9ficient d&rsquo;une r\u00e9duction allant jusqu&rsquo;\u00e0 1 000 $.<\/p>\n<\/li>\n<li>\n<p><strong>Jeux<\/strong>: Vous pouvez acheter des consoles majeures comme la PS5, des jeux Switch, des accessoires et d&rsquo;autres offres \u00e0 partir de 14,99 $.<\/p>\n<\/li>\n<li>\n<p><strong>\u00c9couteurs<\/strong>: Vous pouvez obtenir des AirPods, Shokz, Google Pixels, Beats et d&rsquo;autres marques, jusqu&rsquo;\u00e0 160 $ \u200b\u200bde r\u00e9duction.<\/p>\n<\/li>\n<li>\n<p><strong>Ordinateurs portables<\/strong>: Il existe des ordinateurs portables HP, Lenovo, ASUS, Dell et autres \u00e0 partir de 119 $.<\/p>\n<\/li>\n<li>\n<p><strong>T\u00e9l\u00e9phones<\/strong>: Il existe des t\u00e9l\u00e9phones Apple et Android allant jusqu&rsquo;\u00e0 250 $ de r\u00e9duction, notamment Samsung, Apple et Google.<\/p>\n<\/li>\n<li>\n<p><strong>Montres intelligentes<\/strong>: Vous pouvez trouver des Garmin, Fitbits, Apple Watches, Samsung et autres allant jusqu&rsquo;\u00e0 250 $ de r\u00e9duction.<\/p>\n<\/li>\n<li>\n<p><strong>Barres de son et haut-parleurs<\/strong>: Vous pouvez obtenir des haut-parleurs portables, des haut-parleurs intelligents et des barres de son de Sonos, JBL, Samsung et autres, jusqu&rsquo;\u00e0 1 000 $.<\/p>\n<\/li>\n<li>\n<p><strong>T\u00e9l\u00e9viseurs<\/strong>: Vous pouvez trouver des t\u00e9l\u00e9viseurs de toutes tailles et de tous prix de Samsung, TCL, LG, Insignia et d&rsquo;autres marques \u00e0 partir de 69,99 $.<\/p>\n<\/li>\n<\/ul>\n<h2 id=\"what-other-retailers-are-competing-with-tech-fest\">Quels autres d\u00e9taillants sont en concurrence avec Tech Fest ?<\/h2>\n<p>La vente principale est la grande vente de printemps d&rsquo;Amazon, qui d\u00e9butera la semaine prochaine. Les Target&rsquo;s Circle Deal Days se d\u00e9roulent du 25 au 31 mars. La vente de Walmart n&rsquo;a pas encore \u00e9t\u00e9 annonc\u00e9e, mais elle sera probablement bient\u00f4t \u00e9galement publi\u00e9e.<\/p>\n","protected":false},"excerpt":{"rendered":"<p>Nous pouvons gagner une commission sur les liens sur cette page. Les prix et la disponibilit\u00e9 de l&rsquo;offre sont sujets \u00e0 changement apr\u00e8s la publication.<\/p>\n","protected":false},"author":1,"featured_media":13069,"comment_status":"","ping_status":"","sticky":false,"template":"","format":"standard","meta":{"footnotes":""},"categories":[13],"tags":[142,1256,1154,1787,14,11,4943,2466,18,223],"class_list":["post-13068","post","type-post","status-publish","format-standard","has-post-thumbnail","hentry","category-technologie","tag-avant","tag-buy","tag-damazon","tag-grande","tag-les","tag-ligne","tag-printemps","tag-soldes","tag-sont","tag-vente","generate-columns","tablet-grid-50","mobile-grid-100","grid-parent","grid-33"],"yoast_head":"<!-- This site is optimized with the Yoast SEO plugin v24.0 - https:\/\/yoast.com\/wordpress\/plugins\/seo\/ -->\n<title>Les soldes de printemps de Best Buy sont en ligne, avant la \u00ab grande vente de printemps \u00bb d&#039;Amazon | Vie Associative<\/title>\n<meta name=\"robots\" content=\"index, follow, max-snippet:-1, max-image-preview:large, max-video-preview:-1\" \/>\n<link rel=\"canonical\" href=\"https:\/\/vieassociative.be\/actualites\/les-soldes-de-printemps-de-best-buy-sont-en-ligne-avant-la-grande-vente-de-printemps-damazon\/\" \/>\n<meta property=\"og:locale\" content=\"fr_FR\" \/>\n<meta property=\"og:type\" content=\"article\" \/>\n<meta property=\"og:title\" content=\"Les soldes de printemps de Best Buy sont en ligne, avant la \u00ab grande vente de printemps \u00bb d&#039;Amazon | Vie Associative\" \/>\n<meta property=\"og:description\" content=\"Nous pouvons gagner une commission sur les liens sur cette page. Les prix et la disponibilit\u00e9 de l&rsquo;offre sont sujets \u00e0 changement apr\u00e8s la publication.\" \/>\n<meta property=\"og:url\" content=\"https:\/\/vieassociative.be\/actualites\/les-soldes-de-printemps-de-best-buy-sont-en-ligne-avant-la-grande-vente-de-printemps-damazon\/\" \/>\n<meta property=\"og:site_name\" content=\"Vie Associative\" \/>\n<meta property=\"article:published_time\" content=\"2026-03-17T20:18:26+00:00\" \/>\n<meta property=\"og:image\" content=\"https:\/\/vieassociative.be\/actualites\/wp-content\/uploads\/2024\/09\/header_backgroundk-01-e1726694325946.png\" \/>\n\t<meta property=\"og:image:width\" content=\"279\" \/>\n\t<meta property=\"og:image:height\" content=\"92\" \/>\n\t<meta property=\"og:image:type\" content=\"image\/png\" \/>\n<meta name=\"author\" content=\"Julien\" \/>\n<meta name=\"twitter:card\" content=\"summary_large_image\" \/>\n<meta name=\"twitter:label1\" content=\"\u00c9crit par\" \/>\n\t<meta name=\"twitter:data1\" content=\"Julien\" \/>\n\t<meta name=\"twitter:label2\" content=\"Dur\u00e9e de lecture est.\" \/>\n\t<meta name=\"twitter:data2\" content=\"3 minutes\" \/>\n<script type=\"application\/ld+json\" class=\"yoast-schema-graph\">{\"@context\":\"https:\/\/schema.org\",\"@graph\":[{\"@type\":\"Article\",\"@id\":\"https:\/\/vieassociative.be\/actualites\/les-soldes-de-printemps-de-best-buy-sont-en-ligne-avant-la-grande-vente-de-printemps-damazon\/#article\",\"isPartOf\":{\"@id\":\"https:\/\/vieassociative.be\/actualites\/les-soldes-de-printemps-de-best-buy-sont-en-ligne-avant-la-grande-vente-de-printemps-damazon\/\"},\"author\":{\"name\":\"Julien\",\"@id\":\"https:\/\/vieassociative.be\/actualites\/#\/schema\/person\/b87ac4f82f9d4e7b7cec7395b679edc4\"},\"headline\":\"Les soldes de printemps de Best Buy sont en ligne, avant la \u00ab grande vente de printemps \u00bb d&rsquo;Amazon\",\"datePublished\":\"2026-03-17T20:18:26+00:00\",\"dateModified\":\"2026-03-17T20:18:26+00:00\",\"mainEntityOfPage\":{\"@id\":\"https:\/\/vieassociative.be\/actualites\/les-soldes-de-printemps-de-best-buy-sont-en-ligne-avant-la-grande-vente-de-printemps-damazon\/\"},\"wordCount\":599,\"publisher\":{\"@id\":\"https:\/\/vieassociative.be\/actualites\/#organization\"},\"image\":{\"@id\":\"https:\/\/vieassociative.be\/actualites\/les-soldes-de-printemps-de-best-buy-sont-en-ligne-avant-la-grande-vente-de-printemps-damazon\/#primaryimage\"},\"thumbnailUrl\":\"https:\/\/vieassociative.be\/actualites\/wp-content\/uploads\/2026\/03\/Les-soldes-de-printemps-de-Best-Buy-sont-en-ligne.webp.webp\",\"keywords\":[\"avant\",\"Buy\",\"dAmazon\",\"grande\",\"Les\",\"ligne\",\"printemps\",\"soldes\",\"sont\",\"vente\"],\"articleSection\":[\"Technologie\"],\"inLanguage\":\"fr-BE\"},{\"@type\":\"WebPage\",\"@id\":\"https:\/\/vieassociative.be\/actualites\/les-soldes-de-printemps-de-best-buy-sont-en-ligne-avant-la-grande-vente-de-printemps-damazon\/\",\"url\":\"https:\/\/vieassociative.be\/actualites\/les-soldes-de-printemps-de-best-buy-sont-en-ligne-avant-la-grande-vente-de-printemps-damazon\/\",\"name\":\"Les soldes de printemps de Best Buy sont en ligne, avant la \u00ab grande vente de printemps \u00bb d'Amazon | Vie Associative\",\"isPartOf\":{\"@id\":\"https:\/\/vieassociative.be\/actualites\/#website\"},\"primaryImageOfPage\":{\"@id\":\"https:\/\/vieassociative.be\/actualites\/les-soldes-de-printemps-de-best-buy-sont-en-ligne-avant-la-grande-vente-de-printemps-damazon\/#primaryimage\"},\"image\":{\"@id\":\"https:\/\/vieassociative.be\/actualites\/les-soldes-de-printemps-de-best-buy-sont-en-ligne-avant-la-grande-vente-de-printemps-damazon\/#primaryimage\"},\"thumbnailUrl\":\"https:\/\/vieassociative.be\/actualites\/wp-content\/uploads\/2026\/03\/Les-soldes-de-printemps-de-Best-Buy-sont-en-ligne.webp.webp\",\"datePublished\":\"2026-03-17T20:18:26+00:00\",\"dateModified\":\"2026-03-17T20:18:26+00:00\",\"breadcrumb\":{\"@id\":\"https:\/\/vieassociative.be\/actualites\/les-soldes-de-printemps-de-best-buy-sont-en-ligne-avant-la-grande-vente-de-printemps-damazon\/#breadcrumb\"},\"inLanguage\":\"fr-BE\",\"potentialAction\":[{\"@type\":\"ReadAction\",\"target\":[\"https:\/\/vieassociative.be\/actualites\/les-soldes-de-printemps-de-best-buy-sont-en-ligne-avant-la-grande-vente-de-printemps-damazon\/\"]}]},{\"@type\":\"ImageObject\",\"inLanguage\":\"fr-BE\",\"@id\":\"https:\/\/vieassociative.be\/actualites\/les-soldes-de-printemps-de-best-buy-sont-en-ligne-avant-la-grande-vente-de-printemps-damazon\/#primaryimage\",\"url\":\"https:\/\/vieassociative.be\/actualites\/wp-content\/uploads\/2026\/03\/Les-soldes-de-printemps-de-Best-Buy-sont-en-ligne.webp.webp\",\"contentUrl\":\"https:\/\/vieassociative.be\/actualites\/wp-content\/uploads\/2026\/03\/Les-soldes-de-printemps-de-Best-Buy-sont-en-ligne.webp.webp\",\"width\":1200,\"height\":675,\"caption\":\"Les soldes de printemps de Best Buy sont en ligne, avant la \u00ab grande vente de printemps \u00bb d'Amazon\"},{\"@type\":\"BreadcrumbList\",\"@id\":\"https:\/\/vieassociative.be\/actualites\/les-soldes-de-printemps-de-best-buy-sont-en-ligne-avant-la-grande-vente-de-printemps-damazon\/#breadcrumb\",\"itemListElement\":[{\"@type\":\"ListItem\",\"position\":1,\"name\":\"Accueil\",\"item\":\"https:\/\/vieassociative.be\/actualites\/\"},{\"@type\":\"ListItem\",\"position\":2,\"name\":\"Les soldes de printemps de Best Buy sont en ligne, avant la \u00ab grande vente de printemps \u00bb d&rsquo;Amazon\"}]},{\"@type\":\"WebSite\",\"@id\":\"https:\/\/vieassociative.be\/actualites\/#website\",\"url\":\"https:\/\/vieassociative.be\/actualites\/\",\"name\":\"Vie Associative\",\"description\":\"\",\"publisher\":{\"@id\":\"https:\/\/vieassociative.be\/actualites\/#organization\"},\"potentialAction\":[{\"@type\":\"SearchAction\",\"target\":{\"@type\":\"EntryPoint\",\"urlTemplate\":\"https:\/\/vieassociative.be\/actualites\/?s={search_term_string}\"},\"query-input\":{\"@type\":\"PropertyValueSpecification\",\"valueRequired\":true,\"valueName\":\"search_term_string\"}}],\"inLanguage\":\"fr-BE\"},{\"@type\":\"Organization\",\"@id\":\"https:\/\/vieassociative.be\/actualites\/#organization\",\"name\":\"Vie Associative\",\"url\":\"https:\/\/vieassociative.be\/actualites\/\",\"logo\":{\"@type\":\"ImageObject\",\"inLanguage\":\"fr-BE\",\"@id\":\"https:\/\/vieassociative.be\/actualites\/#\/schema\/logo\/image\/\",\"url\":\"https:\/\/vieassociative.be\/actualites\/wp-content\/uploads\/2024\/09\/cropped-vieassociative_favicon.ico.png\",\"contentUrl\":\"https:\/\/vieassociative.be\/actualites\/wp-content\/uploads\/2024\/09\/cropped-vieassociative_favicon.ico.png\",\"width\":512,\"height\":512,\"caption\":\"Vie Associative\"},\"image\":{\"@id\":\"https:\/\/vieassociative.be\/actualites\/#\/schema\/logo\/image\/\"}},{\"@type\":\"Person\",\"@id\":\"https:\/\/vieassociative.be\/actualites\/#\/schema\/person\/b87ac4f82f9d4e7b7cec7395b679edc4\",\"name\":\"Julien\",\"image\":{\"@type\":\"ImageObject\",\"inLanguage\":\"fr-BE\",\"@id\":\"https:\/\/vieassociative.be\/actualites\/#\/schema\/person\/image\/\",\"url\":\"https:\/\/vieassociative.be\/actualites\/wp-content\/uploads\/2024\/09\/vie-associative-1-150x150.jpg\",\"contentUrl\":\"https:\/\/vieassociative.be\/actualites\/wp-content\/uploads\/2024\/09\/vie-associative-1-150x150.jpg\",\"caption\":\"Julien\"},\"description\":\"Je suis Julien, r\u00e9dacteur pour Vie Associative. Passionn\u00e9 par le monde associatif depuis plus de 10 ans, j'ai \u00e0 c\u0153ur de partager des histoires inspirantes et de mettre en lumi\u00e8re les initiatives locales. Mon objectif est de sensibiliser et d'encourager l'engagement communautaire \u00e0 travers mes articles.\",\"sameAs\":[\"https:\/\/vieassociative.be\/\"]}]}<\/script>\n<!-- \/ Yoast SEO plugin. -->","yoast_head_json":{"title":"Les soldes de printemps de Best Buy sont en ligne, avant la \u00ab grande vente de printemps \u00bb d'Amazon | Vie Associative","robots":{"index":"index","follow":"follow","max-snippet":"max-snippet:-1","max-image-preview":"max-image-preview:large","max-video-preview":"max-video-preview:-1"},"canonical":"https:\/\/vieassociative.be\/actualites\/les-soldes-de-printemps-de-best-buy-sont-en-ligne-avant-la-grande-vente-de-printemps-damazon\/","og_locale":"fr_FR","og_type":"article","og_title":"Les soldes de printemps de Best Buy sont en ligne, avant la \u00ab grande vente de printemps \u00bb d'Amazon | Vie Associative","og_description":"Nous pouvons gagner une commission sur les liens sur cette page. Les prix et la disponibilit\u00e9 de l&rsquo;offre sont sujets \u00e0 changement apr\u00e8s la publication.","og_url":"https:\/\/vieassociative.be\/actualites\/les-soldes-de-printemps-de-best-buy-sont-en-ligne-avant-la-grande-vente-de-printemps-damazon\/","og_site_name":"Vie Associative","article_published_time":"2026-03-17T20:18:26+00:00","og_image":[{"width":279,"height":92,"url":"https:\/\/vieassociative.be\/actualites\/wp-content\/uploads\/2024\/09\/header_backgroundk-01-e1726694325946.png","type":"image\/png"}],"author":"Julien","twitter_card":"summary_large_image","twitter_misc":{"\u00c9crit par":"Julien","Dur\u00e9e de lecture est.":"3 minutes"},"schema":{"@context":"https:\/\/schema.org","@graph":[{"@type":"Article","@id":"https:\/\/vieassociative.be\/actualites\/les-soldes-de-printemps-de-best-buy-sont-en-ligne-avant-la-grande-vente-de-printemps-damazon\/#article","isPartOf":{"@id":"https:\/\/vieassociative.be\/actualites\/les-soldes-de-printemps-de-best-buy-sont-en-ligne-avant-la-grande-vente-de-printemps-damazon\/"},"author":{"name":"Julien","@id":"https:\/\/vieassociative.be\/actualites\/#\/schema\/person\/b87ac4f82f9d4e7b7cec7395b679edc4"},"headline":"Les soldes de printemps de Best Buy sont en ligne, avant la \u00ab grande vente de printemps \u00bb d&rsquo;Amazon","datePublished":"2026-03-17T20:18:26+00:00","dateModified":"2026-03-17T20:18:26+00:00","mainEntityOfPage":{"@id":"https:\/\/vieassociative.be\/actualites\/les-soldes-de-printemps-de-best-buy-sont-en-ligne-avant-la-grande-vente-de-printemps-damazon\/"},"wordCount":599,"publisher":{"@id":"https:\/\/vieassociative.be\/actualites\/#organization"},"image":{"@id":"https:\/\/vieassociative.be\/actualites\/les-soldes-de-printemps-de-best-buy-sont-en-ligne-avant-la-grande-vente-de-printemps-damazon\/#primaryimage"},"thumbnailUrl":"https:\/\/vieassociative.be\/actualites\/wp-content\/uploads\/2026\/03\/Les-soldes-de-printemps-de-Best-Buy-sont-en-ligne.webp.webp","keywords":["avant","Buy","dAmazon","grande","Les","ligne","printemps","soldes","sont","vente"],"articleSection":["Technologie"],"inLanguage":"fr-BE"},{"@type":"WebPage","@id":"https:\/\/vieassociative.be\/actualites\/les-soldes-de-printemps-de-best-buy-sont-en-ligne-avant-la-grande-vente-de-printemps-damazon\/","url":"https:\/\/vieassociative.be\/actualites\/les-soldes-de-printemps-de-best-buy-sont-en-ligne-avant-la-grande-vente-de-printemps-damazon\/","name":"Les soldes de printemps de Best Buy sont en ligne, avant la \u00ab grande vente de printemps \u00bb d'Amazon | Vie Associative","isPartOf":{"@id":"https:\/\/vieassociative.be\/actualites\/#website"},"primaryImageOfPage":{"@id":"https:\/\/vieassociative.be\/actualites\/les-soldes-de-printemps-de-best-buy-sont-en-ligne-avant-la-grande-vente-de-printemps-damazon\/#primaryimage"},"image":{"@id":"https:\/\/vieassociative.be\/actualites\/les-soldes-de-printemps-de-best-buy-sont-en-ligne-avant-la-grande-vente-de-printemps-damazon\/#primaryimage"},"thumbnailUrl":"https:\/\/vieassociative.be\/actualites\/wp-content\/uploads\/2026\/03\/Les-soldes-de-printemps-de-Best-Buy-sont-en-ligne.webp.webp","datePublished":"2026-03-17T20:18:26+00:00","dateModified":"2026-03-17T20:18:26+00:00","breadcrumb":{"@id":"https:\/\/vieassociative.be\/actualites\/les-soldes-de-printemps-de-best-buy-sont-en-ligne-avant-la-grande-vente-de-printemps-damazon\/#breadcrumb"},"inLanguage":"fr-BE","potentialAction":[{"@type":"ReadAction","target":["https:\/\/vieassociative.be\/actualites\/les-soldes-de-printemps-de-best-buy-sont-en-ligne-avant-la-grande-vente-de-printemps-damazon\/"]}]},{"@type":"ImageObject","inLanguage":"fr-BE","@id":"https:\/\/vieassociative.be\/actualites\/les-soldes-de-printemps-de-best-buy-sont-en-ligne-avant-la-grande-vente-de-printemps-damazon\/#primaryimage","url":"https:\/\/vieassociative.be\/actualites\/wp-content\/uploads\/2026\/03\/Les-soldes-de-printemps-de-Best-Buy-sont-en-ligne.webp.webp","contentUrl":"https:\/\/vieassociative.be\/actualites\/wp-content\/uploads\/2026\/03\/Les-soldes-de-printemps-de-Best-Buy-sont-en-ligne.webp.webp","width":1200,"height":675,"caption":"Les soldes de printemps de Best Buy sont en ligne, avant la \u00ab grande vente de printemps \u00bb d'Amazon"},{"@type":"BreadcrumbList","@id":"https:\/\/vieassociative.be\/actualites\/les-soldes-de-printemps-de-best-buy-sont-en-ligne-avant-la-grande-vente-de-printemps-damazon\/#breadcrumb","itemListElement":[{"@type":"ListItem","position":1,"name":"Accueil","item":"https:\/\/vieassociative.be\/actualites\/"},{"@type":"ListItem","position":2,"name":"Les soldes de printemps de Best Buy sont en ligne, avant la \u00ab grande vente de printemps \u00bb d&rsquo;Amazon"}]},{"@type":"WebSite","@id":"https:\/\/vieassociative.be\/actualites\/#website","url":"https:\/\/vieassociative.be\/actualites\/","name":"Vie Associative","description":"","publisher":{"@id":"https:\/\/vieassociative.be\/actualites\/#organization"},"potentialAction":[{"@type":"SearchAction","target":{"@type":"EntryPoint","urlTemplate":"https:\/\/vieassociative.be\/actualites\/?s={search_term_string}"},"query-input":{"@type":"PropertyValueSpecification","valueRequired":true,"valueName":"search_term_string"}}],"inLanguage":"fr-BE"},{"@type":"Organization","@id":"https:\/\/vieassociative.be\/actualites\/#organization","name":"Vie Associative","url":"https:\/\/vieassociative.be\/actualites\/","logo":{"@type":"ImageObject","inLanguage":"fr-BE","@id":"https:\/\/vieassociative.be\/actualites\/#\/schema\/logo\/image\/","url":"https:\/\/vieassociative.be\/actualites\/wp-content\/uploads\/2024\/09\/cropped-vieassociative_favicon.ico.png","contentUrl":"https:\/\/vieassociative.be\/actualites\/wp-content\/uploads\/2024\/09\/cropped-vieassociative_favicon.ico.png","width":512,"height":512,"caption":"Vie Associative"},"image":{"@id":"https:\/\/vieassociative.be\/actualites\/#\/schema\/logo\/image\/"}},{"@type":"Person","@id":"https:\/\/vieassociative.be\/actualites\/#\/schema\/person\/b87ac4f82f9d4e7b7cec7395b679edc4","name":"Julien","image":{"@type":"ImageObject","inLanguage":"fr-BE","@id":"https:\/\/vieassociative.be\/actualites\/#\/schema\/person\/image\/","url":"https:\/\/vieassociative.be\/actualites\/wp-content\/uploads\/2024\/09\/vie-associative-1-150x150.jpg","contentUrl":"https:\/\/vieassociative.be\/actualites\/wp-content\/uploads\/2024\/09\/vie-associative-1-150x150.jpg","caption":"Julien"},"description":"Je suis Julien, r\u00e9dacteur pour Vie Associative. Passionn\u00e9 par le monde associatif depuis plus de 10 ans, j'ai \u00e0 c\u0153ur de partager des histoires inspirantes et de mettre en lumi\u00e8re les initiatives locales. Mon objectif est de sensibiliser et d'encourager l'engagement communautaire \u00e0 travers mes articles.","sameAs":["https:\/\/vieassociative.be\/"]}]}},"_links":{"self":[{"href":"https:\/\/vieassociative.be\/actualites\/wp-json\/wp\/v2\/posts\/13068"}],"collection":[{"href":"https:\/\/vieassociative.be\/actualites\/wp-json\/wp\/v2\/posts"}],"about":[{"href":"https:\/\/vieassociative.be\/actualites\/wp-json\/wp\/v2\/types\/post"}],"author":[{"embeddable":true,"href":"https:\/\/vieassociative.be\/actualites\/wp-json\/wp\/v2\/users\/1"}],"replies":[{"embeddable":true,"href":"https:\/\/vieassociative.be\/actualites\/wp-json\/wp\/v2\/comments?post=13068"}],"version-history":[{"count":0,"href":"https:\/\/vieassociative.be\/actualites\/wp-json\/wp\/v2\/posts\/13068\/revisions"}],"wp:featuredmedia":[{"embeddable":true,"href":"https:\/\/vieassociative.be\/actualites\/wp-json\/wp\/v2\/media\/13069"}],"wp:attachment":[{"href":"https:\/\/vieassociative.be\/actualites\/wp-json\/wp\/v2\/media?parent=13068"}],"wp:term":[{"taxonomy":"category","embeddable":true,"href":"https:\/\/vieassociative.be\/actualites\/wp-json\/wp\/v2\/categories?post=13068"},{"taxonomy":"post_tag","embeddable":true,"href":"https:\/\/vieassociative.be\/actualites\/wp-json\/wp\/v2\/tags?post=13068"}],"curies":[{"name":"wp","href":"https:\/\/api.w.org\/{rel}","templated":true}]}}