{"id":13067,"date":"2026-03-17T16:17:26","date_gmt":"2026-03-17T15:17:26","guid":{"rendered":"https:\/\/vieassociative.be\/actualites\/la-partie-de-ping-pong-entre-balter-et-paasch-sur-la-situation-et-lavenir-des-finances-de-la-dg-se-poursuit\/"},"modified":"2026-03-17T16:17:26","modified_gmt":"2026-03-17T15:17:26","slug":"la-partie-de-ping-pong-entre-balter-et-paasch-sur-la-situation-et-lavenir-des-finances-de-la-dg-se-poursuit","status":"publish","type":"post","link":"https:\/\/vieassociative.be\/actualites\/la-partie-de-ping-pong-entre-balter-et-paasch-sur-la-situation-et-lavenir-des-finances-de-la-dg-se-poursuit\/","title":{"rendered":"La partie de ping-pong entre Balter et Paasch sur la situation et l&rsquo;avenir des finances de la DG se poursuit"},"content":{"rendered":"<p><strong>Lundi, la Commission I du Parlement communautaire a une fois de plus discut\u00e9 de la situation financi\u00e8re de la DG et de son d\u00e9veloppement ult\u00e9rieur dans des temps turbulents comme ceux d&rsquo;aujourd&rsquo;hui et de demain. Interrog\u00e9 \u00e0 ce sujet par Michael Balter, Oliver Paasch n&rsquo;a donn\u00e9 qu&rsquo;une r\u00e9ponse vague. La partie de ping-pong entre le porte-parole du groupe parlementaire Vivant et le Premier ministre se poursuit.<\/strong><\/p>\n<p><span id=\"more-437798\"><\/span>Balter Paasch harc\u00e8le Paasch depuis longtemps avec des questions approfondies sur l&rsquo;\u00e9tat des finances de la DG. Cela concerne le niveau d\u2019endettement de notre communaut\u00e9 dans son ensemble, le niveau des paiements d\u2019int\u00e9r\u00eats et toute une s\u00e9rie de d\u00e9penses que Vivant consid\u00e8re comme inutiles.<\/p>\n<p>Lundi, la commission I a discut\u00e9 de l&rsquo;\u00e9volution inqui\u00e9tante des finances de l&rsquo;\u00c9tat f\u00e9d\u00e9ral et surtout de leur impact sur le budget de la DG.<\/p>\n<div id=\"attachment_437800\" class=\"wp-caption alignleft\" style=\"max-width: 300px\"><img fetchpriority=\"high\" decoding=\"async\" class=\"wp-image-437800 size-medium\" src=\"https:\/\/vieassociative.be\/actualites\/wp-content\/uploads\/2026\/03\/La-partie-de-ping-pong-entre-Balter-et-Paasch-sur-la.jpg\" alt=\"\" width=\"300\" height=\"180\"  ><\/div>\n<p>La dette nationale de la Belgique s\u2019\u00e9l\u00e8ve actuellement (en 2025\/d\u00e9but 2026) \u00e0 environ 680 milliards au total. Cela repr\u00e9sente environ 105 \u00e0 107 pour cent du produit int\u00e9rieur brut (PIB). Le Pacte de stabilit\u00e9 de l\u2019UE fixe en fait une limite sup\u00e9rieure \u00e0 60 pour cent du PIB. La Belgique est le quatri\u00e8me pays le plus endett\u00e9 de l&rsquo;UE derri\u00e8re la Gr\u00e8ce, l&rsquo;Italie et la France.<\/p>\n<p>Balter s&rsquo;est senti oblig\u00e9 de se confronter \u00e0 nouveau au Premier ministre Paasch en raison des \u00ab signaux d&rsquo;alarme concernant la situation financi\u00e8re nationale \u00bb. Le gouverneur de la Banque nationale, Pierre Wunsch, a qualifi\u00e9 la dette nationale belge de \u00ab pr\u00e9occupante et insoutenable \u00e0 long terme \u00bb et a estim\u00e9 que des mesures de consolidation nettement plus strictes \u00e9taient n\u00e9cessaires. Le Premier ministre Bart De Wever (N-VA) a \u00e9galement exprim\u00e9 \u00e0 plusieurs reprises son inqui\u00e9tude et indiqu\u00e9 que de nombreux efforts d&rsquo;aust\u00e9rit\u00e9 seraient n\u00e9cessaires \u00e0 l&rsquo;avenir.<\/p>\n<p>La situation est aggrav\u00e9e par la guerre en Ukraine et la guerre en Iran, qui, selon Balter, entra\u00eeneraient un \u00ab risque \u00e9conomique \u00e0 la baisse \u00bb. Le chef du groupe parlementaire Vivant a \u00e9voqu\u00e9 la banque BNP Paribas Fortis : \u00ab\u00a0Si le p\u00e9trole reste cher plus longtemps, il existe un risque d&rsquo;inflation plus \u00e9lev\u00e9e et de croissance plus faible ; pour l&rsquo;Europe, une r\u00e9cession est encore plus probable au second semestre. De tels chocs aggraveraient encore les d\u00e9ficits et les charges d&rsquo;int\u00e9r\u00eats.\u00a0\u00bb Dans ses pr\u00e9visions de f\u00e9vrier 2026, le Bureau f\u00e9d\u00e9ral du Plan avait d\u00e9j\u00e0 mis en garde contre une d\u00e9t\u00e9rioration continue des finances de l&rsquo;\u00c9tat, a pr\u00e9venu Balter.<\/p>\n<p>Enfin, l&rsquo;intervenant a rappel\u00e9 ce que Paasch avait d\u00e9j\u00e0 annonc\u00e9 le 9 f\u00e9vrier 2026. En cons\u00e9quence, l&rsquo;UE exige 28 milliards d&rsquo;euros de consolidation de la part de la Belgique, m\u00eame si la r\u00e9partition des charges entre l&rsquo;\u00c9tat f\u00e9d\u00e9ral et les \u00c9tats membres est encore ouverte au sein du comit\u00e9 de concertation.<\/p>\n<div id=\"attachment_436006\" class=\"wp-caption alignleft\" style=\"max-width: 300px\"><img decoding=\"async\" class=\"wp-image-436006 size-medium\" src=\"https:\/\/vieassociative.be\/actualites\/wp-content\/uploads\/2026\/02\/La-TVA-sur-les-evenements-sportifs-et-culturels-ainsi-que.jpg\" alt=\"\" width=\"300\" height=\"203\"><\/div>\n<p>\u00ab Cette situation confirme l\u2019avertissement r\u00e9p\u00e9t\u00e9 de Vivant selon lequel des pr\u00e9cautions sont n\u00e9cessaires avant<br \/>\nLa pression ext\u00e9rieure augmente\u00a0\u00bb, a d\u00e9clar\u00e9 Balter. \u00ab\u00a0Nous soulignons cette \u00e9volution \u00e0 plusieurs reprises depuis des ann\u00e9es.\u00a0\u00bb Vivant a mis en garde \u00e0 plusieurs reprises contre les risques du syst\u00e8me financier. Le gouvernement de la DG a n\u00e9anmoins pris ces risques. En cons\u00e9quence, le gouvernement a pouss\u00e9 la dette de la DG \u00e0 un niveau record.<\/p>\n<p>Balter a pos\u00e9 les questions suivantes au Premier ministre :<\/p>\n<p>1. Quel impact le gouvernement attend-il sur le budget de la DG suite aux avertissements actuels concernant le caract\u00e8re insoutenable de la dette publique belge \u00e0 long terme ?<\/p>\n<p>2. Quelles mesures structurelles suppl\u00e9mentaires le gouvernement envisage-t-il de stabiliser ?<br \/>\nPlanification financi\u00e8re de la DG en cas de ralentissement \u00e9conomique d\u00fb \u00e0 une<br \/>\nLes prix de l&rsquo;\u00e9nergie ?<\/p>\n<p>3. Partagez-vous l&rsquo;\u00e9valuation des \u00e9conomistes belges selon laquelle la dette nationale belge est insoutenable \u00e0 long terme ?<\/p>\n<p>Dans sa r\u00e9ponse, le Premier ministre Paasch a soulign\u00e9 par avance que la DG n&rsquo;\u00e9tait ni responsable ni responsable de l&rsquo;\u00e9laboration du budget f\u00e9d\u00e9ral. Ce n\u2019est un secret pour personne : il faut faire des \u00e9conomies en Belgique.<\/p>\n<p>La DG a fait ses devoirs avec ses deux d\u00e9crets d&rsquo;aust\u00e9rit\u00e9 et le \u00ab processus d&rsquo;\u00e9claircissement \u00bb, a d\u00e9clar\u00e9 Paasch. <\/p>\n<\/p>\n<div id=\"attachment_431529\" class=\"wp-caption alignleft\" style=\"max-width: 300px\"><img decoding=\"async\" class=\"wp-image-431529 size-medium\" src=\"https:\/\/vieassociative.be\/actualites\/wp-content\/uploads\/2025\/12\/DG-du-gouvernement-les-economies-seront-plus-que.jpg\" alt=\"\" width=\"300\" height=\"200\"><\/div>\n<p>La DG du gouvernement prend acte du fait que la Banque nationale et le Premier ministre belge ont d\u00e9clar\u00e9 publiquement que de nouvelles mesures d&rsquo;aust\u00e9rit\u00e9 \u00e9taient n\u00e9cessaires au niveau f\u00e9d\u00e9ral afin de se conformer aux exigences europ\u00e9ennes. Mais elle n\u2019a aucune influence l\u00e0-dessus.<\/p>\n<p>Paasch : \u00ab Depuis des mois, le comit\u00e9 consultatif n\u00e9gocie la trajectoire budg\u00e9taire pour les ann\u00e9es 2025-2031, avec laquelle les objectifs europ\u00e9ens d&rsquo;\u00e9conomies doivent \u00eatre mis en \u0153uvre et distribu\u00e9s \u00e0 tous les niveaux de d\u00e9cision. dans les prochaines semaines. \u00bb<\/p>\n<p>Selon Paasch, il n\u2019est pas encore possible de pr\u00e9dire quel impact \u00e9conomique et financier aura la guerre en Iran. \u00ab Beaucoup d\u00e9pend de la dur\u00e9e du conflit et de la situation qui l\u2019entoure.<br \/>\nautour du d\u00e9troit d&rsquo;Ormuz. Le march\u00e9 p\u00e9trolier est actuellement tr\u00e8s volatil. Mais \u00e0 ce stade, il me semble certain que l\u2019inflation va augmenter cette ann\u00e9e. Malgr\u00e9 toutes les incertitudes, nous nous efforcerons de tenir compte de cette \u00e9volution lors du prochain ajustement budg\u00e9taire en avril ; comme nous l\u2019avons fait lors de toutes les crises pr\u00e9c\u00e9dentes. Il suffit de penser \u00e0 la crise du coronavirus et \u00e0 la guerre d\u2019agression contre l\u2019Ukraine. \u00c0 l\u2019\u00e9poque d\u00e9j\u00e0, nous \u00e9tions les premiers en Belgique \u00e0 adapter notre budget \u00e0 la crise.\u00bb<\/p>\n<p>Paasch n\u2019a pas r\u00e9v\u00e9l\u00e9 grand-chose concr\u00e8tement. Balter rejouera probablement bient\u00f4t \u00e0 ce jeu de ping-pong et maintiendra ouvert le match avec le Premier ministre au sujet des finances de la DG&#8230;(cre)<\/p>\n","protected":false},"excerpt":{"rendered":"<p>Lundi, la Commission I du Parlement communautaire a une fois de plus discut\u00e9 de la situation financi\u00e8re de la DG et de son d\u00e9veloppement ult\u00e9rieur<\/p>\n","protected":false},"author":1,"featured_media":8197,"comment_status":"","ping_status":"","sticky":false,"template":"","format":"standard","meta":{"footnotes":""},"categories":[298],"tags":[3527,29,70,2868,2274,2553,1663,10274,2387,1376,33],"class_list":["post-13067","post","type-post","status-publish","format-standard","has-post-thumbnail","hentry","category-belgique","tag-balter","tag-des","tag-entre","tag-finances","tag-lavenir","tag-paasch","tag-partie","tag-pingpong","tag-poursuit","tag-situation","tag-sur","generate-columns","tablet-grid-50","mobile-grid-100","grid-parent","grid-33"],"yoast_head":"<!-- This site is optimized with the Yoast SEO plugin v24.0 - https:\/\/yoast.com\/wordpress\/plugins\/seo\/ -->\n<title>La partie de ping-pong entre Balter et Paasch sur la situation et l&#039;avenir des finances de la DG se poursuit | Vie Associative<\/title>\n<meta name=\"robots\" content=\"index, follow, max-snippet:-1, max-image-preview:large, max-video-preview:-1\" \/>\n<link rel=\"canonical\" href=\"https:\/\/vieassociative.be\/actualites\/la-partie-de-ping-pong-entre-balter-et-paasch-sur-la-situation-et-lavenir-des-finances-de-la-dg-se-poursuit\/\" \/>\n<meta property=\"og:locale\" content=\"fr_FR\" \/>\n<meta property=\"og:type\" content=\"article\" \/>\n<meta property=\"og:title\" content=\"La partie de ping-pong entre Balter et Paasch sur la situation et l&#039;avenir des finances de la DG se poursuit | Vie Associative\" \/>\n<meta property=\"og:description\" content=\"Lundi, la Commission I du Parlement communautaire a une fois de plus discut\u00e9 de la situation financi\u00e8re de la DG et de son d\u00e9veloppement ult\u00e9rieur\" \/>\n<meta property=\"og:url\" content=\"https:\/\/vieassociative.be\/actualites\/la-partie-de-ping-pong-entre-balter-et-paasch-sur-la-situation-et-lavenir-des-finances-de-la-dg-se-poursuit\/\" \/>\n<meta property=\"og:site_name\" content=\"Vie Associative\" \/>\n<meta property=\"article:published_time\" content=\"2026-03-17T15:17:26+00:00\" \/>\n<meta property=\"og:image\" content=\"https:\/\/vieassociative.be\/actualites\/wp-content\/uploads\/2024\/09\/header_backgroundk-01-e1726694325946.png\" \/>\n\t<meta property=\"og:image:width\" content=\"279\" \/>\n\t<meta property=\"og:image:height\" content=\"92\" \/>\n\t<meta property=\"og:image:type\" content=\"image\/png\" \/>\n<meta name=\"author\" content=\"Julien\" \/>\n<meta name=\"twitter:card\" content=\"summary_large_image\" \/>\n<meta name=\"twitter:label1\" content=\"\u00c9crit par\" \/>\n\t<meta name=\"twitter:data1\" content=\"Julien\" \/>\n\t<meta name=\"twitter:label2\" content=\"Dur\u00e9e de lecture est.\" \/>\n\t<meta name=\"twitter:data2\" content=\"5 minutes\" \/>\n<script type=\"application\/ld+json\" class=\"yoast-schema-graph\">{\"@context\":\"https:\/\/schema.org\",\"@graph\":[{\"@type\":\"Article\",\"@id\":\"https:\/\/vieassociative.be\/actualites\/la-partie-de-ping-pong-entre-balter-et-paasch-sur-la-situation-et-lavenir-des-finances-de-la-dg-se-poursuit\/#article\",\"isPartOf\":{\"@id\":\"https:\/\/vieassociative.be\/actualites\/la-partie-de-ping-pong-entre-balter-et-paasch-sur-la-situation-et-lavenir-des-finances-de-la-dg-se-poursuit\/\"},\"author\":{\"name\":\"Julien\",\"@id\":\"https:\/\/vieassociative.be\/actualites\/#\/schema\/person\/b87ac4f82f9d4e7b7cec7395b679edc4\"},\"headline\":\"La partie de ping-pong entre Balter et Paasch sur la situation et l&rsquo;avenir des finances de la DG se poursuit\",\"datePublished\":\"2026-03-17T15:17:26+00:00\",\"dateModified\":\"2026-03-17T15:17:26+00:00\",\"mainEntityOfPage\":{\"@id\":\"https:\/\/vieassociative.be\/actualites\/la-partie-de-ping-pong-entre-balter-et-paasch-sur-la-situation-et-lavenir-des-finances-de-la-dg-se-poursuit\/\"},\"wordCount\":1006,\"publisher\":{\"@id\":\"https:\/\/vieassociative.be\/actualites\/#organization\"},\"image\":{\"@id\":\"https:\/\/vieassociative.be\/actualites\/la-partie-de-ping-pong-entre-balter-et-paasch-sur-la-situation-et-lavenir-des-finances-de-la-dg-se-poursuit\/#primaryimage\"},\"thumbnailUrl\":\"https:\/\/vieassociative.be\/actualites\/wp-content\/uploads\/2025\/06\/Dans-quelle-mesure-la-situation-financiere-de-la-DG-est-elle.jpg\",\"keywords\":[\"Balter\",\"Des\",\"entre\",\"Finances\",\"lavenir\",\"Paasch\",\"partie\",\"pingpong\",\"poursuit\",\"situation\",\"sur\"],\"articleSection\":[\"Belgique\"],\"inLanguage\":\"fr-BE\"},{\"@type\":\"WebPage\",\"@id\":\"https:\/\/vieassociative.be\/actualites\/la-partie-de-ping-pong-entre-balter-et-paasch-sur-la-situation-et-lavenir-des-finances-de-la-dg-se-poursuit\/\",\"url\":\"https:\/\/vieassociative.be\/actualites\/la-partie-de-ping-pong-entre-balter-et-paasch-sur-la-situation-et-lavenir-des-finances-de-la-dg-se-poursuit\/\",\"name\":\"La partie de ping-pong entre Balter et Paasch sur la situation et l'avenir des finances de la DG se poursuit | Vie Associative\",\"isPartOf\":{\"@id\":\"https:\/\/vieassociative.be\/actualites\/#website\"},\"primaryImageOfPage\":{\"@id\":\"https:\/\/vieassociative.be\/actualites\/la-partie-de-ping-pong-entre-balter-et-paasch-sur-la-situation-et-lavenir-des-finances-de-la-dg-se-poursuit\/#primaryimage\"},\"image\":{\"@id\":\"https:\/\/vieassociative.be\/actualites\/la-partie-de-ping-pong-entre-balter-et-paasch-sur-la-situation-et-lavenir-des-finances-de-la-dg-se-poursuit\/#primaryimage\"},\"thumbnailUrl\":\"https:\/\/vieassociative.be\/actualites\/wp-content\/uploads\/2025\/06\/Dans-quelle-mesure-la-situation-financiere-de-la-DG-est-elle.jpg\",\"datePublished\":\"2026-03-17T15:17:26+00:00\",\"dateModified\":\"2026-03-17T15:17:26+00:00\",\"breadcrumb\":{\"@id\":\"https:\/\/vieassociative.be\/actualites\/la-partie-de-ping-pong-entre-balter-et-paasch-sur-la-situation-et-lavenir-des-finances-de-la-dg-se-poursuit\/#breadcrumb\"},\"inLanguage\":\"fr-BE\",\"potentialAction\":[{\"@type\":\"ReadAction\",\"target\":[\"https:\/\/vieassociative.be\/actualites\/la-partie-de-ping-pong-entre-balter-et-paasch-sur-la-situation-et-lavenir-des-finances-de-la-dg-se-poursuit\/\"]}]},{\"@type\":\"ImageObject\",\"inLanguage\":\"fr-BE\",\"@id\":\"https:\/\/vieassociative.be\/actualites\/la-partie-de-ping-pong-entre-balter-et-paasch-sur-la-situation-et-lavenir-des-finances-de-la-dg-se-poursuit\/#primaryimage\",\"url\":\"https:\/\/vieassociative.be\/actualites\/wp-content\/uploads\/2025\/06\/Dans-quelle-mesure-la-situation-financiere-de-la-DG-est-elle.jpg\",\"contentUrl\":\"https:\/\/vieassociative.be\/actualites\/wp-content\/uploads\/2025\/06\/Dans-quelle-mesure-la-situation-financiere-de-la-DG-est-elle.jpg\",\"width\":1150,\"height\":766,\"caption\":\"Dans quelle mesure la situation financi\u00e8re de la DG est-elle inqui\u00e9tante? - PaaSch est trop optimiste pour Balter (Vivant)\"},{\"@type\":\"BreadcrumbList\",\"@id\":\"https:\/\/vieassociative.be\/actualites\/la-partie-de-ping-pong-entre-balter-et-paasch-sur-la-situation-et-lavenir-des-finances-de-la-dg-se-poursuit\/#breadcrumb\",\"itemListElement\":[{\"@type\":\"ListItem\",\"position\":1,\"name\":\"Accueil\",\"item\":\"https:\/\/vieassociative.be\/actualites\/\"},{\"@type\":\"ListItem\",\"position\":2,\"name\":\"La partie de ping-pong entre Balter et Paasch sur la situation et l&rsquo;avenir des finances de la DG se poursuit\"}]},{\"@type\":\"WebSite\",\"@id\":\"https:\/\/vieassociative.be\/actualites\/#website\",\"url\":\"https:\/\/vieassociative.be\/actualites\/\",\"name\":\"Vie Associative\",\"description\":\"\",\"publisher\":{\"@id\":\"https:\/\/vieassociative.be\/actualites\/#organization\"},\"potentialAction\":[{\"@type\":\"SearchAction\",\"target\":{\"@type\":\"EntryPoint\",\"urlTemplate\":\"https:\/\/vieassociative.be\/actualites\/?s={search_term_string}\"},\"query-input\":{\"@type\":\"PropertyValueSpecification\",\"valueRequired\":true,\"valueName\":\"search_term_string\"}}],\"inLanguage\":\"fr-BE\"},{\"@type\":\"Organization\",\"@id\":\"https:\/\/vieassociative.be\/actualites\/#organization\",\"name\":\"Vie Associative\",\"url\":\"https:\/\/vieassociative.be\/actualites\/\",\"logo\":{\"@type\":\"ImageObject\",\"inLanguage\":\"fr-BE\",\"@id\":\"https:\/\/vieassociative.be\/actualites\/#\/schema\/logo\/image\/\",\"url\":\"https:\/\/vieassociative.be\/actualites\/wp-content\/uploads\/2024\/09\/cropped-vieassociative_favicon.ico.png\",\"contentUrl\":\"https:\/\/vieassociative.be\/actualites\/wp-content\/uploads\/2024\/09\/cropped-vieassociative_favicon.ico.png\",\"width\":512,\"height\":512,\"caption\":\"Vie Associative\"},\"image\":{\"@id\":\"https:\/\/vieassociative.be\/actualites\/#\/schema\/logo\/image\/\"}},{\"@type\":\"Person\",\"@id\":\"https:\/\/vieassociative.be\/actualites\/#\/schema\/person\/b87ac4f82f9d4e7b7cec7395b679edc4\",\"name\":\"Julien\",\"image\":{\"@type\":\"ImageObject\",\"inLanguage\":\"fr-BE\",\"@id\":\"https:\/\/vieassociative.be\/actualites\/#\/schema\/person\/image\/\",\"url\":\"https:\/\/vieassociative.be\/actualites\/wp-content\/uploads\/2024\/09\/vie-associative-1-150x150.jpg\",\"contentUrl\":\"https:\/\/vieassociative.be\/actualites\/wp-content\/uploads\/2024\/09\/vie-associative-1-150x150.jpg\",\"caption\":\"Julien\"},\"description\":\"Je suis Julien, r\u00e9dacteur pour Vie Associative. Passionn\u00e9 par le monde associatif depuis plus de 10 ans, j'ai \u00e0 c\u0153ur de partager des histoires inspirantes et de mettre en lumi\u00e8re les initiatives locales. Mon objectif est de sensibiliser et d'encourager l'engagement communautaire \u00e0 travers mes articles.\",\"sameAs\":[\"https:\/\/vieassociative.be\/\"]}]}<\/script>\n<!-- \/ Yoast SEO plugin. -->","yoast_head_json":{"title":"La partie de ping-pong entre Balter et Paasch sur la situation et l'avenir des finances de la DG se poursuit | Vie Associative","robots":{"index":"index","follow":"follow","max-snippet":"max-snippet:-1","max-image-preview":"max-image-preview:large","max-video-preview":"max-video-preview:-1"},"canonical":"https:\/\/vieassociative.be\/actualites\/la-partie-de-ping-pong-entre-balter-et-paasch-sur-la-situation-et-lavenir-des-finances-de-la-dg-se-poursuit\/","og_locale":"fr_FR","og_type":"article","og_title":"La partie de ping-pong entre Balter et Paasch sur la situation et l'avenir des finances de la DG se poursuit | Vie Associative","og_description":"Lundi, la Commission I du Parlement communautaire a une fois de plus discut\u00e9 de la situation financi\u00e8re de la DG et de son d\u00e9veloppement ult\u00e9rieur","og_url":"https:\/\/vieassociative.be\/actualites\/la-partie-de-ping-pong-entre-balter-et-paasch-sur-la-situation-et-lavenir-des-finances-de-la-dg-se-poursuit\/","og_site_name":"Vie Associative","article_published_time":"2026-03-17T15:17:26+00:00","og_image":[{"width":279,"height":92,"url":"https:\/\/vieassociative.be\/actualites\/wp-content\/uploads\/2024\/09\/header_backgroundk-01-e1726694325946.png","type":"image\/png"}],"author":"Julien","twitter_card":"summary_large_image","twitter_misc":{"\u00c9crit par":"Julien","Dur\u00e9e de lecture est.":"5 minutes"},"schema":{"@context":"https:\/\/schema.org","@graph":[{"@type":"Article","@id":"https:\/\/vieassociative.be\/actualites\/la-partie-de-ping-pong-entre-balter-et-paasch-sur-la-situation-et-lavenir-des-finances-de-la-dg-se-poursuit\/#article","isPartOf":{"@id":"https:\/\/vieassociative.be\/actualites\/la-partie-de-ping-pong-entre-balter-et-paasch-sur-la-situation-et-lavenir-des-finances-de-la-dg-se-poursuit\/"},"author":{"name":"Julien","@id":"https:\/\/vieassociative.be\/actualites\/#\/schema\/person\/b87ac4f82f9d4e7b7cec7395b679edc4"},"headline":"La partie de ping-pong entre Balter et Paasch sur la situation et l&rsquo;avenir des finances de la DG se poursuit","datePublished":"2026-03-17T15:17:26+00:00","dateModified":"2026-03-17T15:17:26+00:00","mainEntityOfPage":{"@id":"https:\/\/vieassociative.be\/actualites\/la-partie-de-ping-pong-entre-balter-et-paasch-sur-la-situation-et-lavenir-des-finances-de-la-dg-se-poursuit\/"},"wordCount":1006,"publisher":{"@id":"https:\/\/vieassociative.be\/actualites\/#organization"},"image":{"@id":"https:\/\/vieassociative.be\/actualites\/la-partie-de-ping-pong-entre-balter-et-paasch-sur-la-situation-et-lavenir-des-finances-de-la-dg-se-poursuit\/#primaryimage"},"thumbnailUrl":"https:\/\/vieassociative.be\/actualites\/wp-content\/uploads\/2025\/06\/Dans-quelle-mesure-la-situation-financiere-de-la-DG-est-elle.jpg","keywords":["Balter","Des","entre","Finances","lavenir","Paasch","partie","pingpong","poursuit","situation","sur"],"articleSection":["Belgique"],"inLanguage":"fr-BE"},{"@type":"WebPage","@id":"https:\/\/vieassociative.be\/actualites\/la-partie-de-ping-pong-entre-balter-et-paasch-sur-la-situation-et-lavenir-des-finances-de-la-dg-se-poursuit\/","url":"https:\/\/vieassociative.be\/actualites\/la-partie-de-ping-pong-entre-balter-et-paasch-sur-la-situation-et-lavenir-des-finances-de-la-dg-se-poursuit\/","name":"La partie de ping-pong entre Balter et Paasch sur la situation et l'avenir des finances de la DG se poursuit | Vie Associative","isPartOf":{"@id":"https:\/\/vieassociative.be\/actualites\/#website"},"primaryImageOfPage":{"@id":"https:\/\/vieassociative.be\/actualites\/la-partie-de-ping-pong-entre-balter-et-paasch-sur-la-situation-et-lavenir-des-finances-de-la-dg-se-poursuit\/#primaryimage"},"image":{"@id":"https:\/\/vieassociative.be\/actualites\/la-partie-de-ping-pong-entre-balter-et-paasch-sur-la-situation-et-lavenir-des-finances-de-la-dg-se-poursuit\/#primaryimage"},"thumbnailUrl":"https:\/\/vieassociative.be\/actualites\/wp-content\/uploads\/2025\/06\/Dans-quelle-mesure-la-situation-financiere-de-la-DG-est-elle.jpg","datePublished":"2026-03-17T15:17:26+00:00","dateModified":"2026-03-17T15:17:26+00:00","breadcrumb":{"@id":"https:\/\/vieassociative.be\/actualites\/la-partie-de-ping-pong-entre-balter-et-paasch-sur-la-situation-et-lavenir-des-finances-de-la-dg-se-poursuit\/#breadcrumb"},"inLanguage":"fr-BE","potentialAction":[{"@type":"ReadAction","target":["https:\/\/vieassociative.be\/actualites\/la-partie-de-ping-pong-entre-balter-et-paasch-sur-la-situation-et-lavenir-des-finances-de-la-dg-se-poursuit\/"]}]},{"@type":"ImageObject","inLanguage":"fr-BE","@id":"https:\/\/vieassociative.be\/actualites\/la-partie-de-ping-pong-entre-balter-et-paasch-sur-la-situation-et-lavenir-des-finances-de-la-dg-se-poursuit\/#primaryimage","url":"https:\/\/vieassociative.be\/actualites\/wp-content\/uploads\/2025\/06\/Dans-quelle-mesure-la-situation-financiere-de-la-DG-est-elle.jpg","contentUrl":"https:\/\/vieassociative.be\/actualites\/wp-content\/uploads\/2025\/06\/Dans-quelle-mesure-la-situation-financiere-de-la-DG-est-elle.jpg","width":1150,"height":766,"caption":"Dans quelle mesure la situation financi\u00e8re de la DG est-elle inqui\u00e9tante? - PaaSch est trop optimiste pour Balter (Vivant)"},{"@type":"BreadcrumbList","@id":"https:\/\/vieassociative.be\/actualites\/la-partie-de-ping-pong-entre-balter-et-paasch-sur-la-situation-et-lavenir-des-finances-de-la-dg-se-poursuit\/#breadcrumb","itemListElement":[{"@type":"ListItem","position":1,"name":"Accueil","item":"https:\/\/vieassociative.be\/actualites\/"},{"@type":"ListItem","position":2,"name":"La partie de ping-pong entre Balter et Paasch sur la situation et l&rsquo;avenir des finances de la DG se poursuit"}]},{"@type":"WebSite","@id":"https:\/\/vieassociative.be\/actualites\/#website","url":"https:\/\/vieassociative.be\/actualites\/","name":"Vie Associative","description":"","publisher":{"@id":"https:\/\/vieassociative.be\/actualites\/#organization"},"potentialAction":[{"@type":"SearchAction","target":{"@type":"EntryPoint","urlTemplate":"https:\/\/vieassociative.be\/actualites\/?s={search_term_string}"},"query-input":{"@type":"PropertyValueSpecification","valueRequired":true,"valueName":"search_term_string"}}],"inLanguage":"fr-BE"},{"@type":"Organization","@id":"https:\/\/vieassociative.be\/actualites\/#organization","name":"Vie Associative","url":"https:\/\/vieassociative.be\/actualites\/","logo":{"@type":"ImageObject","inLanguage":"fr-BE","@id":"https:\/\/vieassociative.be\/actualites\/#\/schema\/logo\/image\/","url":"https:\/\/vieassociative.be\/actualites\/wp-content\/uploads\/2024\/09\/cropped-vieassociative_favicon.ico.png","contentUrl":"https:\/\/vieassociative.be\/actualites\/wp-content\/uploads\/2024\/09\/cropped-vieassociative_favicon.ico.png","width":512,"height":512,"caption":"Vie Associative"},"image":{"@id":"https:\/\/vieassociative.be\/actualites\/#\/schema\/logo\/image\/"}},{"@type":"Person","@id":"https:\/\/vieassociative.be\/actualites\/#\/schema\/person\/b87ac4f82f9d4e7b7cec7395b679edc4","name":"Julien","image":{"@type":"ImageObject","inLanguage":"fr-BE","@id":"https:\/\/vieassociative.be\/actualites\/#\/schema\/person\/image\/","url":"https:\/\/vieassociative.be\/actualites\/wp-content\/uploads\/2024\/09\/vie-associative-1-150x150.jpg","contentUrl":"https:\/\/vieassociative.be\/actualites\/wp-content\/uploads\/2024\/09\/vie-associative-1-150x150.jpg","caption":"Julien"},"description":"Je suis Julien, r\u00e9dacteur pour Vie Associative. Passionn\u00e9 par le monde associatif depuis plus de 10 ans, j'ai \u00e0 c\u0153ur de partager des histoires inspirantes et de mettre en lumi\u00e8re les initiatives locales. Mon objectif est de sensibiliser et d'encourager l'engagement communautaire \u00e0 travers mes articles.","sameAs":["https:\/\/vieassociative.be\/"]}]}},"_links":{"self":[{"href":"https:\/\/vieassociative.be\/actualites\/wp-json\/wp\/v2\/posts\/13067"}],"collection":[{"href":"https:\/\/vieassociative.be\/actualites\/wp-json\/wp\/v2\/posts"}],"about":[{"href":"https:\/\/vieassociative.be\/actualites\/wp-json\/wp\/v2\/types\/post"}],"author":[{"embeddable":true,"href":"https:\/\/vieassociative.be\/actualites\/wp-json\/wp\/v2\/users\/1"}],"replies":[{"embeddable":true,"href":"https:\/\/vieassociative.be\/actualites\/wp-json\/wp\/v2\/comments?post=13067"}],"version-history":[{"count":0,"href":"https:\/\/vieassociative.be\/actualites\/wp-json\/wp\/v2\/posts\/13067\/revisions"}],"wp:featuredmedia":[{"embeddable":true,"href":"https:\/\/vieassociative.be\/actualites\/wp-json\/wp\/v2\/media\/8197"}],"wp:attachment":[{"href":"https:\/\/vieassociative.be\/actualites\/wp-json\/wp\/v2\/media?parent=13067"}],"wp:term":[{"taxonomy":"category","embeddable":true,"href":"https:\/\/vieassociative.be\/actualites\/wp-json\/wp\/v2\/categories?post=13067"},{"taxonomy":"post_tag","embeddable":true,"href":"https:\/\/vieassociative.be\/actualites\/wp-json\/wp\/v2\/tags?post=13067"}],"curies":[{"name":"wp","href":"https:\/\/api.w.org\/{rel}","templated":true}]}}