{"id":13065,"date":"2026-03-17T15:17:26","date_gmt":"2026-03-17T14:17:26","guid":{"rendered":"https:\/\/vieassociative.be\/actualites\/ce-que-les-gens-se-trompent-cette-semaine-les-mythes-de-la-saint-patrick\/"},"modified":"2026-03-17T15:17:26","modified_gmt":"2026-03-17T14:17:26","slug":"ce-que-les-gens-se-trompent-cette-semaine-les-mythes-de-la-saint-patrick","status":"publish","type":"post","link":"https:\/\/vieassociative.be\/actualites\/ce-que-les-gens-se-trompent-cette-semaine-les-mythes-de-la-saint-patrick\/","title":{"rendered":"Ce que les gens se trompent cette semaine\u00a0: les mythes de la Saint-Patrick"},"content":{"rendered":"<p>Je poste ceci le 17 mars, St. Le jour de la Saint-Patrick, le jour o\u00f9 nous c\u00e9l\u00e9brons le saint patron de l&rsquo;Irlande, et de l&rsquo;irlandais en g\u00e9n\u00e9ral, en dansant sur de la musique \u00e0 base d&rsquo;accord\u00e9on et de violon, en teignant une rivi\u00e8re en vert et en d\u00e9gustant un petit verre ou trois. Mais beaucoup de gens se trompent \u00e0 propos de ces vacances, alors permettez-moi de dissiper certains mythes.<\/p>\n<h2 id=\"st-patricks-day-wasnt-always-a-day-for-partying\">La Saint-Patrick n&rsquo;a pas toujours \u00e9t\u00e9 un jour pour faire la f\u00eate<\/h2>\n<p>L\u2019association entre la boisson alcoolis\u00e9e et le 17 mars est relativement r\u00e9cente. La Saint-Patrick a \u00e9t\u00e9 c\u00e9l\u00e9br\u00e9e en Irlande d\u00e8s le IXe si\u00e8cle, mais il s&rsquo;agissait en grande partie d&rsquo;un sombre souvenir et non d&rsquo;une c\u00e9l\u00e9bration : apr\u00e8s tout, elle marque l&rsquo;anniversaire de la mort de Saint-Patrick. Il <em>\u00e9tait<\/em> un jour o\u00f9 les restrictions alimentaires du Car\u00eame ont \u00e9t\u00e9 lev\u00e9es, ce qui a d\u00fb \u00eatre un soulagement, mais il ne s&rsquo;agissait pas de boire et de s&rsquo;amuser. Il s&rsquo;agissait d&rsquo;aller \u00e0 la messe. Les pubs \u00e9taient ferm\u00e9s par la loi le 17 mars en Irlande jusqu&rsquo;au 20e si\u00e8cle, et la consommation d&rsquo;alcool \u00e9tait officieusement d\u00e9conseill\u00e9e ce jour-l\u00e0 jusque dans les ann\u00e9es 1970. <\/p>\n<p>La Saint-Patrick, telle que nous la connaissons aujourd&rsquo;hui, est sans doute n\u00e9e \u00e0 New York en 1762, lorsqu&rsquo;un groupe de soldats irlandais de l&rsquo;arm\u00e9e britannique a travers\u00e9 Manhattan pour se rendre dans une taverne locale. En 1848, les soci\u00e9t\u00e9s Irish Aid de New York ont \u200b\u200borganis\u00e9 le premier d\u00e9fil\u00e9 officiel de la Saint-Patrick (qui \u00e9tait \u00e9galement le premier d\u00e9fil\u00e9 civil de quelque nature que ce soit au monde) et \u00e0 partir de l\u00e0, l&rsquo;aspect \u00ab boire, danser et s&rsquo;amuser \u00bb de la f\u00eate s&rsquo;est d\u00e9velopp\u00e9. <\/p>\n<p>L\u2019Irlande, soit dit en passant, a \u00e9t\u00e9 le dernier pays \u00e0 recevoir ce m\u00e9mo. Dans un article du New York Times de 2001, la romanci\u00e8re irlandaise Maeve Binchy se souvient d&rsquo;une enfance pass\u00e9e \u00e0 regarder tous les autres pays se d\u00e9cha\u00eener le 17 mars, alors que \u00ab Dublin \u00e9tait l&rsquo;endroit le plus ennuyeux au monde pour passer la Saint-Patrick \u00bb. Dans les ann\u00e9es 1990, cependant, l&rsquo;Irlande a r\u00e9alis\u00e9 que les gens pr\u00e9f\u00e9raient s&rsquo;amuser plut\u00f4t que de se souvenir des saints morts, et maintenant il y a des festivals et des d\u00e9fil\u00e9s dans tout le pays, y compris un immense \u00e0 Dublin.<\/p>\n<h2 id=\"corned-beef-is-not-an-irish-dish\">Le corned-beef n&rsquo;est pas un plat irlandais<\/h2>\n<p>Les Irlandais sont bien connus pour leurs styles de narration et de danse, mais ils ne le sont pas pour leur cuisine. La seule exception est le corned-beef et le chou, un repas que beaucoup consid\u00e8rent comme irlandais, mais ce n&rsquo;est vraiment pas le cas. L&rsquo;Irlande a une histoire compliqu\u00e9e avec les vaches, mais en g\u00e9n\u00e9ral, les porcs ont \u00e9t\u00e9 les plus touch\u00e9s. <em>r\u00e9el<\/em> Prot\u00e9ine irlandaise, en particulier apr\u00e8s les ann\u00e9es 1800. Mais les choses \u00e9taient diff\u00e9rentes aux \u00c9tats-Unis. Les immigrants irlandais de New York manquaient de bacon irlandais, alors ils auraient remplac\u00e9 le corned-beef qu&rsquo;ils achetaient \u00e0 leurs voisins juifs. <\/p>\n<p>Si vous voulez de la nourriture irlandaise l\u00e9gitime, essayez le boxty ou le pain soda irlandais. Le Boxty est une cr\u00eape \u00e0 base de pomme de terre. Le pain soda irlandais a \u00e9t\u00e9 invent\u00e9 pendant la famine des pommes de terre et est fabriqu\u00e9 avec du lait aigre et lev\u00e9 avec du bicarbonate de soude par des personnes trop pauvres pour se permettre de la levure. Le pain soda est n\u00e9 de la mis\u00e8re d&rsquo;une nation, mais si vous y ajoutez des raisins secs et que vous y mettez du beurre sal\u00e9, il est d\u00e9licieux avec du caf\u00e9. <\/p>\n<h2 id=\"saint-patrick-wasnt-irish\">Saint Patrick n&rsquo;\u00e9tait pas irlandais <\/h2>\n<p>Contrairement \u00e0 cet autre c\u00e9l\u00e8bre saint Nicolas, Saint Patrick a \u00e9crit une autobiographie, nous savons donc quelque chose sur sa vie. Il est n\u00e9 \u00e0 la fin du IVe si\u00e8cle dans la Grande-Bretagne occup\u00e9e par les Romains, probablement en \u00c9cosse ou au Pays de Galles. Il \u00e9tait donc romain de citoyennet\u00e9 et aurait pu \u00eatre britannique, italien ou celtique. Vers l&rsquo;\u00e2ge de 15 ans, Patrick a \u00e9t\u00e9 kidnapp\u00e9 par des pillards et emmen\u00e9 en Irlande, o\u00f9 il a \u00e9t\u00e9 contraint de devenir berger. Apr\u00e8s six ans de captivit\u00e9, Paddy s&rsquo;est enfui en \u00c9cosse ou au Pays de Galles, a pass\u00e9 15 \u00e0 20 ans en \u00e9tudes religieuses, a \u00e9t\u00e9 ordonn\u00e9 \u00e9v\u00eaque, puis est retourn\u00e9 en Irlande pour convertir les pa\u00efens au catholicisme. Il a manifestement r\u00e9ussi sa mission, m\u00eame si je doute que les pa\u00efens le pensent. Voici comment les druides auraient d\u00e9crit Saint-Patrick\u00a0:  <\/p>\n<p>De l&rsquo;autre c\u00f4t\u00e9 de la mer viendra T\u00eate d&rsquo;Adz\u00e9, fou dans la t\u00eate,<br \/>son manteau avec un trou pour la t\u00eate, son b\u00e2ton courb\u00e9 dans la t\u00eate.<br \/>Il chantera des impi\u00e9t\u00e9s depuis une table devant sa maison ;<br \/>tout son peuple r\u00e9pondra : \u00ab ainsi soit-il, ainsi soit-il \u00bb.<\/p>\n<p>\u00ab\u00a0T\u00eate d&rsquo;herminette\u00a0\u00bb fait r\u00e9f\u00e9rence \u00e0 la tonsure, \u00e0 la coupe de cheveux qu&rsquo;avaient les moines, c&rsquo;est donc une insulte de qualit\u00e9. <\/p>\n<h2 id=\"saint-patrick-did-not-drive-the-snakes-from-ireland\">Saint Patrick n&rsquo;a pas chass\u00e9 les serpents d&rsquo;Irlande<\/h2>\n<p>Comme tous les bons saints, les actes r\u00e9els de Patrick ont \u200b\u200b\u00e9t\u00e9 \u00e9clips\u00e9s par ceux imaginaires \u00e9crits au cours des si\u00e8cles qui ont suivi sa mort. Dans ses propres \u00e9crits, Patrick ne fait \u00e9tat que d&rsquo;un miracle, tr\u00e8s mineur : \u00e0 son retour en Irlande, son groupe manqua de nourriture et Patrick dit : \u00ab Dieu nous en donnera \u00bb. Puis ils trouv\u00e8rent des sangliers. Les miracles attribu\u00e9s \u00e0 Patrick dans les hagiographies \u00e9crites \u00e0 son sujet sont bien plus passionnants. Voici seulement une partie de ce que Saint Patrick aurait fait\u00a0:<\/p>\n<ul>\n<li>\n<p>A combattu des druides et des pa\u00efens dans des duels de sorciers, o\u00f9 les pouvoirs magiques des pa\u00efens ont \u00e9t\u00e9 vaincus par la foi de Patrick.<\/p>\n<\/li>\n<li>\n<p>A affront\u00e9 l&rsquo;idole de pierre du diable de <em>Cromm Cruaich<\/em> en le frappant avec sa crosse et en bannissant le d\u00e9mon qui s&rsquo;y trouve en enfer<\/p>\n<\/li>\n<li>\n<p>Banni les oiseaux d\u00e9moniaques en sonnant sa cloche<\/p>\n<\/li>\n<li>\n<p>  A ressuscit\u00e9 33 personnes<\/p>\n<\/li>\n<li>\n<p>A \u00e9t\u00e9 guid\u00e9 par J\u00e9sus lui-m\u00eame au \u00ab\u00a0Purgatoire de Saint-Patrick\u00a0\u00bb, une grotte du Lough Derg o\u00f9 les p\u00e9cheurs pouvaient \u00eatre purg\u00e9s de leurs p\u00e9ch\u00e9s s&rsquo;ils y passaient un jour et une nuit en p\u00e9nitence.<\/p>\n<\/li>\n<li>\n<p>J&rsquo;ai laiss\u00e9 derri\u00e8re moi un b\u00e2ton de marche qui a pouss\u00e9 dans un arbre<\/p>\n<\/li>\n<li>\n<p>A accidentellement conduit son b\u00e2ton \u00e0 travers le pied du roi Aengus, puis a pri\u00e9 et gu\u00e9ri la blessure<\/p>\n<\/li>\n<li>\n<p>J&rsquo;ai chass\u00e9 les serpents d&rsquo;Irlande<\/p>\n<\/li>\n<\/ul>\n<p>C&rsquo;est ce dernier dont les gens se souviennent. On suppose que Saint-Patrick \u00e9tait au milieu d&rsquo;un je\u00fbne de 40 jours au sommet de Croagh Patrick lorsqu&rsquo;il a \u00e9t\u00e9 attaqu\u00e9 par des serpents. Il agita son b\u00e2ton magique et ordonna \u00e0 tous les serpents de quitter l&rsquo;\u00eele d&rsquo;\u00c9meraude. Et c&rsquo;est vrai qu&rsquo;il n&rsquo;y a pas de serpents en Irlande, mais ce n&rsquo;est pas \u00e0 cause de la Saint-Patrick, c&rsquo;est parce qu&rsquo;il n&rsquo;y a jamais eu de serpents en Irlande. <\/p>\n","protected":false},"excerpt":{"rendered":"<p>Je poste ceci le 17 mars, St. Le jour de la Saint-Patrick, le jour o\u00f9 nous c\u00e9l\u00e9brons le saint patron de l&rsquo;Irlande, et de l&rsquo;irlandais<\/p>\n","protected":false},"author":1,"featured_media":13066,"comment_status":"","ping_status":"","sticky":false,"template":"","format":"standard","meta":{"footnotes":""},"categories":[36],"tags":[206,1046,14,1030,10273,1348,2469],"class_list":["post-13065","post","type-post","status-publish","format-standard","has-post-thumbnail","hentry","category-divertissement","tag-cette","tag-gens","tag-les","tag-mythes","tag-saintpatrick","tag-semaine","tag-trompent","generate-columns","tablet-grid-50","mobile-grid-100","grid-parent","grid-33"],"yoast_head":"<!-- This site is optimized with the Yoast SEO plugin v24.0 - https:\/\/yoast.com\/wordpress\/plugins\/seo\/ -->\n<title>Ce que les gens se trompent cette semaine\u00a0: les mythes de la Saint-Patrick | Vie Associative<\/title>\n<meta name=\"robots\" content=\"index, follow, max-snippet:-1, max-image-preview:large, max-video-preview:-1\" \/>\n<link rel=\"canonical\" href=\"https:\/\/vieassociative.be\/actualites\/ce-que-les-gens-se-trompent-cette-semaine-les-mythes-de-la-saint-patrick\/\" \/>\n<meta property=\"og:locale\" content=\"fr_FR\" \/>\n<meta property=\"og:type\" content=\"article\" \/>\n<meta property=\"og:title\" content=\"Ce que les gens se trompent cette semaine\u00a0: les mythes de la Saint-Patrick | Vie Associative\" \/>\n<meta property=\"og:description\" content=\"Je poste ceci le 17 mars, St. Le jour de la Saint-Patrick, le jour o\u00f9 nous c\u00e9l\u00e9brons le saint patron de l&rsquo;Irlande, et de l&rsquo;irlandais\" \/>\n<meta property=\"og:url\" content=\"https:\/\/vieassociative.be\/actualites\/ce-que-les-gens-se-trompent-cette-semaine-les-mythes-de-la-saint-patrick\/\" \/>\n<meta property=\"og:site_name\" content=\"Vie Associative\" \/>\n<meta property=\"article:published_time\" content=\"2026-03-17T14:17:26+00:00\" \/>\n<meta property=\"og:image\" content=\"https:\/\/vieassociative.be\/actualites\/wp-content\/uploads\/2024\/09\/header_backgroundk-01-e1726694325946.png\" \/>\n\t<meta property=\"og:image:width\" content=\"279\" \/>\n\t<meta property=\"og:image:height\" content=\"92\" \/>\n\t<meta property=\"og:image:type\" content=\"image\/png\" \/>\n<meta name=\"author\" content=\"Julien\" \/>\n<meta name=\"twitter:card\" content=\"summary_large_image\" \/>\n<meta name=\"twitter:label1\" content=\"\u00c9crit par\" \/>\n\t<meta name=\"twitter:data1\" content=\"Julien\" \/>\n\t<meta name=\"twitter:label2\" content=\"Dur\u00e9e de lecture est.\" \/>\n\t<meta name=\"twitter:data2\" content=\"6 minutes\" \/>\n<script type=\"application\/ld+json\" class=\"yoast-schema-graph\">{\"@context\":\"https:\/\/schema.org\",\"@graph\":[{\"@type\":\"Article\",\"@id\":\"https:\/\/vieassociative.be\/actualites\/ce-que-les-gens-se-trompent-cette-semaine-les-mythes-de-la-saint-patrick\/#article\",\"isPartOf\":{\"@id\":\"https:\/\/vieassociative.be\/actualites\/ce-que-les-gens-se-trompent-cette-semaine-les-mythes-de-la-saint-patrick\/\"},\"author\":{\"name\":\"Julien\",\"@id\":\"https:\/\/vieassociative.be\/actualites\/#\/schema\/person\/b87ac4f82f9d4e7b7cec7395b679edc4\"},\"headline\":\"Ce que les gens se trompent cette semaine\u00a0: les mythes de la Saint-Patrick\",\"datePublished\":\"2026-03-17T14:17:26+00:00\",\"dateModified\":\"2026-03-17T14:17:26+00:00\",\"mainEntityOfPage\":{\"@id\":\"https:\/\/vieassociative.be\/actualites\/ce-que-les-gens-se-trompent-cette-semaine-les-mythes-de-la-saint-patrick\/\"},\"wordCount\":1248,\"publisher\":{\"@id\":\"https:\/\/vieassociative.be\/actualites\/#organization\"},\"image\":{\"@id\":\"https:\/\/vieassociative.be\/actualites\/ce-que-les-gens-se-trompent-cette-semaine-les-mythes-de-la-saint-patrick\/#primaryimage\"},\"thumbnailUrl\":\"https:\/\/vieassociative.be\/actualites\/wp-content\/uploads\/2026\/03\/Ce-que-les-gens-se-trompent-cette-semaine-les-mythes.png\",\"keywords\":[\"cette\",\"gens\",\"Les\",\"mythes\",\"SaintPatrick\",\"semaine\",\"trompent\"],\"articleSection\":[\"Divertissement\"],\"inLanguage\":\"fr-BE\"},{\"@type\":\"WebPage\",\"@id\":\"https:\/\/vieassociative.be\/actualites\/ce-que-les-gens-se-trompent-cette-semaine-les-mythes-de-la-saint-patrick\/\",\"url\":\"https:\/\/vieassociative.be\/actualites\/ce-que-les-gens-se-trompent-cette-semaine-les-mythes-de-la-saint-patrick\/\",\"name\":\"Ce que les gens se trompent cette semaine\u00a0: les mythes de la Saint-Patrick | Vie Associative\",\"isPartOf\":{\"@id\":\"https:\/\/vieassociative.be\/actualites\/#website\"},\"primaryImageOfPage\":{\"@id\":\"https:\/\/vieassociative.be\/actualites\/ce-que-les-gens-se-trompent-cette-semaine-les-mythes-de-la-saint-patrick\/#primaryimage\"},\"image\":{\"@id\":\"https:\/\/vieassociative.be\/actualites\/ce-que-les-gens-se-trompent-cette-semaine-les-mythes-de-la-saint-patrick\/#primaryimage\"},\"thumbnailUrl\":\"https:\/\/vieassociative.be\/actualites\/wp-content\/uploads\/2026\/03\/Ce-que-les-gens-se-trompent-cette-semaine-les-mythes.png\",\"datePublished\":\"2026-03-17T14:17:26+00:00\",\"dateModified\":\"2026-03-17T14:17:26+00:00\",\"breadcrumb\":{\"@id\":\"https:\/\/vieassociative.be\/actualites\/ce-que-les-gens-se-trompent-cette-semaine-les-mythes-de-la-saint-patrick\/#breadcrumb\"},\"inLanguage\":\"fr-BE\",\"potentialAction\":[{\"@type\":\"ReadAction\",\"target\":[\"https:\/\/vieassociative.be\/actualites\/ce-que-les-gens-se-trompent-cette-semaine-les-mythes-de-la-saint-patrick\/\"]}]},{\"@type\":\"ImageObject\",\"inLanguage\":\"fr-BE\",\"@id\":\"https:\/\/vieassociative.be\/actualites\/ce-que-les-gens-se-trompent-cette-semaine-les-mythes-de-la-saint-patrick\/#primaryimage\",\"url\":\"https:\/\/vieassociative.be\/actualites\/wp-content\/uploads\/2026\/03\/Ce-que-les-gens-se-trompent-cette-semaine-les-mythes.png\",\"contentUrl\":\"https:\/\/vieassociative.be\/actualites\/wp-content\/uploads\/2026\/03\/Ce-que-les-gens-se-trompent-cette-semaine-les-mythes.png\",\"width\":1200,\"height\":675,\"caption\":\"Ce que les gens se trompent cette semaine\u00a0: les mythes de la Saint-Patrick\"},{\"@type\":\"BreadcrumbList\",\"@id\":\"https:\/\/vieassociative.be\/actualites\/ce-que-les-gens-se-trompent-cette-semaine-les-mythes-de-la-saint-patrick\/#breadcrumb\",\"itemListElement\":[{\"@type\":\"ListItem\",\"position\":1,\"name\":\"Accueil\",\"item\":\"https:\/\/vieassociative.be\/actualites\/\"},{\"@type\":\"ListItem\",\"position\":2,\"name\":\"Ce que les gens se trompent cette semaine\u00a0: les mythes de la Saint-Patrick\"}]},{\"@type\":\"WebSite\",\"@id\":\"https:\/\/vieassociative.be\/actualites\/#website\",\"url\":\"https:\/\/vieassociative.be\/actualites\/\",\"name\":\"Vie Associative\",\"description\":\"\",\"publisher\":{\"@id\":\"https:\/\/vieassociative.be\/actualites\/#organization\"},\"potentialAction\":[{\"@type\":\"SearchAction\",\"target\":{\"@type\":\"EntryPoint\",\"urlTemplate\":\"https:\/\/vieassociative.be\/actualites\/?s={search_term_string}\"},\"query-input\":{\"@type\":\"PropertyValueSpecification\",\"valueRequired\":true,\"valueName\":\"search_term_string\"}}],\"inLanguage\":\"fr-BE\"},{\"@type\":\"Organization\",\"@id\":\"https:\/\/vieassociative.be\/actualites\/#organization\",\"name\":\"Vie Associative\",\"url\":\"https:\/\/vieassociative.be\/actualites\/\",\"logo\":{\"@type\":\"ImageObject\",\"inLanguage\":\"fr-BE\",\"@id\":\"https:\/\/vieassociative.be\/actualites\/#\/schema\/logo\/image\/\",\"url\":\"https:\/\/vieassociative.be\/actualites\/wp-content\/uploads\/2024\/09\/cropped-vieassociative_favicon.ico.png\",\"contentUrl\":\"https:\/\/vieassociative.be\/actualites\/wp-content\/uploads\/2024\/09\/cropped-vieassociative_favicon.ico.png\",\"width\":512,\"height\":512,\"caption\":\"Vie Associative\"},\"image\":{\"@id\":\"https:\/\/vieassociative.be\/actualites\/#\/schema\/logo\/image\/\"}},{\"@type\":\"Person\",\"@id\":\"https:\/\/vieassociative.be\/actualites\/#\/schema\/person\/b87ac4f82f9d4e7b7cec7395b679edc4\",\"name\":\"Julien\",\"image\":{\"@type\":\"ImageObject\",\"inLanguage\":\"fr-BE\",\"@id\":\"https:\/\/vieassociative.be\/actualites\/#\/schema\/person\/image\/\",\"url\":\"https:\/\/vieassociative.be\/actualites\/wp-content\/uploads\/2024\/09\/vie-associative-1-150x150.jpg\",\"contentUrl\":\"https:\/\/vieassociative.be\/actualites\/wp-content\/uploads\/2024\/09\/vie-associative-1-150x150.jpg\",\"caption\":\"Julien\"},\"description\":\"Je suis Julien, r\u00e9dacteur pour Vie Associative. Passionn\u00e9 par le monde associatif depuis plus de 10 ans, j'ai \u00e0 c\u0153ur de partager des histoires inspirantes et de mettre en lumi\u00e8re les initiatives locales. Mon objectif est de sensibiliser et d'encourager l'engagement communautaire \u00e0 travers mes articles.\",\"sameAs\":[\"https:\/\/vieassociative.be\/\"]}]}<\/script>\n<!-- \/ Yoast SEO plugin. -->","yoast_head_json":{"title":"Ce que les gens se trompent cette semaine\u00a0: les mythes de la Saint-Patrick | Vie Associative","robots":{"index":"index","follow":"follow","max-snippet":"max-snippet:-1","max-image-preview":"max-image-preview:large","max-video-preview":"max-video-preview:-1"},"canonical":"https:\/\/vieassociative.be\/actualites\/ce-que-les-gens-se-trompent-cette-semaine-les-mythes-de-la-saint-patrick\/","og_locale":"fr_FR","og_type":"article","og_title":"Ce que les gens se trompent cette semaine\u00a0: les mythes de la Saint-Patrick | Vie Associative","og_description":"Je poste ceci le 17 mars, St. Le jour de la Saint-Patrick, le jour o\u00f9 nous c\u00e9l\u00e9brons le saint patron de l&rsquo;Irlande, et de l&rsquo;irlandais","og_url":"https:\/\/vieassociative.be\/actualites\/ce-que-les-gens-se-trompent-cette-semaine-les-mythes-de-la-saint-patrick\/","og_site_name":"Vie Associative","article_published_time":"2026-03-17T14:17:26+00:00","og_image":[{"width":279,"height":92,"url":"https:\/\/vieassociative.be\/actualites\/wp-content\/uploads\/2024\/09\/header_backgroundk-01-e1726694325946.png","type":"image\/png"}],"author":"Julien","twitter_card":"summary_large_image","twitter_misc":{"\u00c9crit par":"Julien","Dur\u00e9e de lecture est.":"6 minutes"},"schema":{"@context":"https:\/\/schema.org","@graph":[{"@type":"Article","@id":"https:\/\/vieassociative.be\/actualites\/ce-que-les-gens-se-trompent-cette-semaine-les-mythes-de-la-saint-patrick\/#article","isPartOf":{"@id":"https:\/\/vieassociative.be\/actualites\/ce-que-les-gens-se-trompent-cette-semaine-les-mythes-de-la-saint-patrick\/"},"author":{"name":"Julien","@id":"https:\/\/vieassociative.be\/actualites\/#\/schema\/person\/b87ac4f82f9d4e7b7cec7395b679edc4"},"headline":"Ce que les gens se trompent cette semaine\u00a0: les mythes de la Saint-Patrick","datePublished":"2026-03-17T14:17:26+00:00","dateModified":"2026-03-17T14:17:26+00:00","mainEntityOfPage":{"@id":"https:\/\/vieassociative.be\/actualites\/ce-que-les-gens-se-trompent-cette-semaine-les-mythes-de-la-saint-patrick\/"},"wordCount":1248,"publisher":{"@id":"https:\/\/vieassociative.be\/actualites\/#organization"},"image":{"@id":"https:\/\/vieassociative.be\/actualites\/ce-que-les-gens-se-trompent-cette-semaine-les-mythes-de-la-saint-patrick\/#primaryimage"},"thumbnailUrl":"https:\/\/vieassociative.be\/actualites\/wp-content\/uploads\/2026\/03\/Ce-que-les-gens-se-trompent-cette-semaine-les-mythes.png","keywords":["cette","gens","Les","mythes","SaintPatrick","semaine","trompent"],"articleSection":["Divertissement"],"inLanguage":"fr-BE"},{"@type":"WebPage","@id":"https:\/\/vieassociative.be\/actualites\/ce-que-les-gens-se-trompent-cette-semaine-les-mythes-de-la-saint-patrick\/","url":"https:\/\/vieassociative.be\/actualites\/ce-que-les-gens-se-trompent-cette-semaine-les-mythes-de-la-saint-patrick\/","name":"Ce que les gens se trompent cette semaine\u00a0: les mythes de la Saint-Patrick | Vie Associative","isPartOf":{"@id":"https:\/\/vieassociative.be\/actualites\/#website"},"primaryImageOfPage":{"@id":"https:\/\/vieassociative.be\/actualites\/ce-que-les-gens-se-trompent-cette-semaine-les-mythes-de-la-saint-patrick\/#primaryimage"},"image":{"@id":"https:\/\/vieassociative.be\/actualites\/ce-que-les-gens-se-trompent-cette-semaine-les-mythes-de-la-saint-patrick\/#primaryimage"},"thumbnailUrl":"https:\/\/vieassociative.be\/actualites\/wp-content\/uploads\/2026\/03\/Ce-que-les-gens-se-trompent-cette-semaine-les-mythes.png","datePublished":"2026-03-17T14:17:26+00:00","dateModified":"2026-03-17T14:17:26+00:00","breadcrumb":{"@id":"https:\/\/vieassociative.be\/actualites\/ce-que-les-gens-se-trompent-cette-semaine-les-mythes-de-la-saint-patrick\/#breadcrumb"},"inLanguage":"fr-BE","potentialAction":[{"@type":"ReadAction","target":["https:\/\/vieassociative.be\/actualites\/ce-que-les-gens-se-trompent-cette-semaine-les-mythes-de-la-saint-patrick\/"]}]},{"@type":"ImageObject","inLanguage":"fr-BE","@id":"https:\/\/vieassociative.be\/actualites\/ce-que-les-gens-se-trompent-cette-semaine-les-mythes-de-la-saint-patrick\/#primaryimage","url":"https:\/\/vieassociative.be\/actualites\/wp-content\/uploads\/2026\/03\/Ce-que-les-gens-se-trompent-cette-semaine-les-mythes.png","contentUrl":"https:\/\/vieassociative.be\/actualites\/wp-content\/uploads\/2026\/03\/Ce-que-les-gens-se-trompent-cette-semaine-les-mythes.png","width":1200,"height":675,"caption":"Ce que les gens se trompent cette semaine\u00a0: les mythes de la Saint-Patrick"},{"@type":"BreadcrumbList","@id":"https:\/\/vieassociative.be\/actualites\/ce-que-les-gens-se-trompent-cette-semaine-les-mythes-de-la-saint-patrick\/#breadcrumb","itemListElement":[{"@type":"ListItem","position":1,"name":"Accueil","item":"https:\/\/vieassociative.be\/actualites\/"},{"@type":"ListItem","position":2,"name":"Ce que les gens se trompent cette semaine\u00a0: les mythes de la Saint-Patrick"}]},{"@type":"WebSite","@id":"https:\/\/vieassociative.be\/actualites\/#website","url":"https:\/\/vieassociative.be\/actualites\/","name":"Vie Associative","description":"","publisher":{"@id":"https:\/\/vieassociative.be\/actualites\/#organization"},"potentialAction":[{"@type":"SearchAction","target":{"@type":"EntryPoint","urlTemplate":"https:\/\/vieassociative.be\/actualites\/?s={search_term_string}"},"query-input":{"@type":"PropertyValueSpecification","valueRequired":true,"valueName":"search_term_string"}}],"inLanguage":"fr-BE"},{"@type":"Organization","@id":"https:\/\/vieassociative.be\/actualites\/#organization","name":"Vie Associative","url":"https:\/\/vieassociative.be\/actualites\/","logo":{"@type":"ImageObject","inLanguage":"fr-BE","@id":"https:\/\/vieassociative.be\/actualites\/#\/schema\/logo\/image\/","url":"https:\/\/vieassociative.be\/actualites\/wp-content\/uploads\/2024\/09\/cropped-vieassociative_favicon.ico.png","contentUrl":"https:\/\/vieassociative.be\/actualites\/wp-content\/uploads\/2024\/09\/cropped-vieassociative_favicon.ico.png","width":512,"height":512,"caption":"Vie Associative"},"image":{"@id":"https:\/\/vieassociative.be\/actualites\/#\/schema\/logo\/image\/"}},{"@type":"Person","@id":"https:\/\/vieassociative.be\/actualites\/#\/schema\/person\/b87ac4f82f9d4e7b7cec7395b679edc4","name":"Julien","image":{"@type":"ImageObject","inLanguage":"fr-BE","@id":"https:\/\/vieassociative.be\/actualites\/#\/schema\/person\/image\/","url":"https:\/\/vieassociative.be\/actualites\/wp-content\/uploads\/2024\/09\/vie-associative-1-150x150.jpg","contentUrl":"https:\/\/vieassociative.be\/actualites\/wp-content\/uploads\/2024\/09\/vie-associative-1-150x150.jpg","caption":"Julien"},"description":"Je suis Julien, r\u00e9dacteur pour Vie Associative. Passionn\u00e9 par le monde associatif depuis plus de 10 ans, j'ai \u00e0 c\u0153ur de partager des histoires inspirantes et de mettre en lumi\u00e8re les initiatives locales. Mon objectif est de sensibiliser et d'encourager l'engagement communautaire \u00e0 travers mes articles.","sameAs":["https:\/\/vieassociative.be\/"]}]}},"_links":{"self":[{"href":"https:\/\/vieassociative.be\/actualites\/wp-json\/wp\/v2\/posts\/13065"}],"collection":[{"href":"https:\/\/vieassociative.be\/actualites\/wp-json\/wp\/v2\/posts"}],"about":[{"href":"https:\/\/vieassociative.be\/actualites\/wp-json\/wp\/v2\/types\/post"}],"author":[{"embeddable":true,"href":"https:\/\/vieassociative.be\/actualites\/wp-json\/wp\/v2\/users\/1"}],"replies":[{"embeddable":true,"href":"https:\/\/vieassociative.be\/actualites\/wp-json\/wp\/v2\/comments?post=13065"}],"version-history":[{"count":0,"href":"https:\/\/vieassociative.be\/actualites\/wp-json\/wp\/v2\/posts\/13065\/revisions"}],"wp:featuredmedia":[{"embeddable":true,"href":"https:\/\/vieassociative.be\/actualites\/wp-json\/wp\/v2\/media\/13066"}],"wp:attachment":[{"href":"https:\/\/vieassociative.be\/actualites\/wp-json\/wp\/v2\/media?parent=13065"}],"wp:term":[{"taxonomy":"category","embeddable":true,"href":"https:\/\/vieassociative.be\/actualites\/wp-json\/wp\/v2\/categories?post=13065"},{"taxonomy":"post_tag","embeddable":true,"href":"https:\/\/vieassociative.be\/actualites\/wp-json\/wp\/v2\/tags?post=13065"}],"curies":[{"name":"wp","href":"https:\/\/api.w.org\/{rel}","templated":true}]}}