{"id":13063,"date":"2026-03-17T10:17:55","date_gmt":"2026-03-17T09:17:55","guid":{"rendered":"https:\/\/vieassociative.be\/actualites\/conte-de-fee-du-football-du-grand-nord-bodo-glimt-peuvent-ecrire-lhistoire-europeenne-ce-soir\/"},"modified":"2026-03-17T10:17:55","modified_gmt":"2026-03-17T09:17:55","slug":"conte-de-fee-du-football-du-grand-nord-bodo-glimt-peuvent-ecrire-lhistoire-europeenne-ce-soir","status":"publish","type":"post","link":"https:\/\/vieassociative.be\/actualites\/conte-de-fee-du-football-du-grand-nord-bodo-glimt-peuvent-ecrire-lhistoire-europeenne-ce-soir\/","title":{"rendered":"Conte de f\u00e9e du football du Grand Nord : Bod\u00f8\/Glimt peuvent \u00e9crire l\u2019histoire europ\u00e9enne ce soir"},"content":{"rendered":"<p><strong>Le club de football norv\u00e9gien FK Bod\u00f8\/Glimt est l&rsquo;une des r\u00e9ussites les plus inhabituelles du football europ\u00e9en du 21e si\u00e8cle. En quelques ann\u00e9es seulement, un club d&rsquo;une petite ville au nord du cercle polaire arctique est pass\u00e9 du statut d&rsquo;outsider r\u00e9gional \u00e0 celui de concurrent s\u00e9rieux, puis de clubs europ\u00e9ens de premier plan.<\/strong><\/p>\n<p><span id=\"more-437788\"><\/span>En huiti\u00e8mes de finale de l&rsquo;UEFA Champions League, l&rsquo;\u00e9quipe a \u00e9tonnamment remport\u00e9 le match aller contre le Sporting CP 3-0 et disputera ce mardi le match retour \u00e0 Lisbonne avec une avance confortable (18h45 \/ en direct en Belgique sur Pickx Sports).<\/p>\n<p>Le parcours vers les huiti\u00e8mes de finale a \u00e9t\u00e9 spectaculaire. Lors des huiti\u00e8mes de finale pr\u00e9c\u00e9dents, Bod\u00f8\/Glimt avait notamment \u00e9limin\u00e9 l&rsquo;Inter Milan. Le club a continu\u00e9 une s\u00e9rie de surprises internationales qui en ont fait l\u2019une des histoires les plus fascinantes du football europ\u00e9en de ces derni\u00e8res ann\u00e9es.<\/p>\n<div id=\"attachment_437791\" class=\"wp-caption alignleft\" style=\"max-width: 300px\"><img fetchpriority=\"high\" decoding=\"async\" class=\"wp-image-437791 size-medium\" src=\"https:\/\/vieassociative.be\/actualites\/wp-content\/uploads\/2026\/03\/Conte-de-fee-du-football-du-Grand-Nord-BodoGlimt.jpg\" alt=\"\" width=\"300\" height=\"200\"><\/div>\n<p>Le fait qu\u2019un club d\u2019une petite ville au nord du cercle arctique \u00e9limine soudainement les meilleurs clubs europ\u00e9ens ressemble presque \u00e0 un conte de f\u00e9es du football moderne. Mais derri\u00e8re ce succ\u00e8s se cachent des structures claires, un style de jeu inhabituel et une culture d\u2019\u00e9quipe particuli\u00e8re.<\/p>\n<p>Le fait que Bod\u00f8\/Glimt joue d\u00e9sormais pour un grand succ\u00e8s international ressemble presque \u00e0 un conte de f\u00e9es du football moderne &#8211; mais derri\u00e8re cette ascension se cachent des structures claires, une culture de club particuli\u00e8re et un style de jeu courageux.<\/p>\n<p><strong>\u2013 Un club aux confins de l\u2019Europe :<\/strong> La ville natale du club est la ville c\u00f4ti\u00e8re norv\u00e9gienne de Bod\u00f8. Elle est situ\u00e9e loin au nord de la Norv\u00e8ge, \u00e0 plus de mille kilom\u00e8tres de la capitale Oslo et au-dessus du cercle polaire arctique. Avec environ 50 000 habitants, Bod\u00f8 est l&rsquo;une des plus petites villes du football professionnel europ\u00e9en. Alors qu&rsquo;il y a une nuit polaire pendant des semaines en hiver, le soleil de minuit brille en \u00e9t\u00e9.<\/p>\n<p>Le club a \u00e9t\u00e9 fond\u00e9 en 1916 et ne portait initialement que le nom \u00ab Glimt \u00bb, qui signifie quelque chose comme \u00ab \u00e9clair \u00bb ou \u00ab \u00e9clair \u00bb. Le nom de la ville a ensuite \u00e9t\u00e9 ajout\u00e9 pour \u00e9viter toute confusion avec d&rsquo;autres clubs. Le stade d&rsquo;accueil est le stade Aspmyra, relativement petit, qui ne peut accueillir qu&rsquo;environ 8 000 spectateurs. Malgr\u00e9 sa taille modeste, le stade est devenu ces derni\u00e8res ann\u00e9es l&rsquo;un des stades ext\u00e9rieurs les plus difficiles pour les \u00e9quipes europ\u00e9ennes, notamment en raison du climat rigoureux et de l&rsquo;atmosph\u00e8re intense.<\/p>\n<div id=\"attachment_437792\" class=\"wp-caption alignleft\" style=\"max-width: 300px\"><img decoding=\"async\" class=\"wp-image-437792 size-medium\" src=\"https:\/\/vieassociative.be\/actualites\/wp-content\/uploads\/2026\/03\/1773739075_511_Conte-de-fee-du-football-du-Grand-Nord-BodoGlimt.jpg\" alt=\"\" width=\"300\" height=\"200\"><\/div>\n<p><strong>\u2013 Un long chemin vers le succ\u00e8s :<\/strong> Pendant des d\u00e9cennies, Bod\u00f8\/Glimt a jou\u00e9 un r\u00f4le plut\u00f4t modeste dans le football norv\u00e9gien. Bien que le club ait remport\u00e9 la Coupe de Norv\u00e8ge en 1975 et 1993, le championnat national est rest\u00e9 longtemps hors de port\u00e9e. La grande avanc\u00e9e n\u2019a eu lieu que plus d\u2019un si\u00e8cle apr\u00e8s la cr\u00e9ation du club.<\/p>\n<p>Dans la plus haute ligue norv\u00e9gienne, l&rsquo;Eliteserien, Bod\u00f8\/Glimt est devenu champion pour la premi\u00e8re fois en 2020 &#8211; et ce gr\u00e2ce \u00e0 un football offensif spectaculaire. Le titre a marqu\u00e9 le d\u00e9but d\u2019une nouvelle \u00e8re. Dans les ann\u00e9es qui suivirent, le club remporta d&rsquo;autres championnats et s&rsquo;imposa comme une force dominante du football norv\u00e9gien.<\/p>\n<p>Ce qui est remarquable, c\u2019est que cette hausse aurait \u00e9t\u00e9 difficilement imaginable il y a seulement quelques ann\u00e9es. Le club a \u00e9t\u00e9 rel\u00e9gu\u00e9 de premi\u00e8re division en 2016. Le succ\u00e8s qui a suivi est donc aussi le r\u00e9sultat d&rsquo;une reconstruction coh\u00e9rente.<\/p>\n<p><strong>\u2013 L\u2019architecte du succ\u00e8s :<\/strong> L&rsquo;entra\u00eeneur Kjetil Knutsen est une figure centrale de cette \u00e9volution. Il fa\u00e7onne la philosophie sportive du club depuis 2018. Alors que les petites \u00e9quipes internationales jouent souvent de mani\u00e8re d\u00e9fensive, Knutsen poursuit une strat\u00e9gie audacieuse : un pressing agressif, des passes rapides et une approche offensive qui se maintient m\u00eame contre des adversaires plus forts.<\/p>\n<p>Bod\u00f8\/Glimt n&rsquo;essaie pas de contr\u00f4ler les matchs en se retirant. Au lieu de cela, l\u2019\u00e9quipe attaque t\u00f4t, se d\u00e9place rapidement et combine courageusement. Ce style produit toujours des r\u00e9sultats surprenants car de nombreux grands clubs ne sont pas habitu\u00e9s \u00e0 subir une telle pression offensive de la part d&rsquo;un soi-disant outsider.<\/p>\n<div id=\"attachment_437793\" class=\"wp-caption alignleft\" style=\"max-width: 300px\"><img decoding=\"async\" class=\"wp-image-437793 size-medium\" src=\"https:\/\/vieassociative.be\/actualites\/wp-content\/uploads\/2026\/03\/1773739075_820_Conte-de-fee-du-football-du-Grand-Nord-BodoGlimt.jpg\" alt=\"\" width=\"300\" height=\"200\"><\/div>\n<p><strong>\u2013 Une culture d\u2019\u00e9quipe particuli\u00e8re :<\/strong> Cependant, le succ\u00e8s du club ne repose pas seulement sur la tactique, mais aussi sur une culture organisationnelle inhabituelle. Apr\u00e8s la rel\u00e9gation en 2016, le club a consciemment commenc\u00e9 \u00e0 construire une nouvelle mentalit\u00e9. Un pr\u00e9parateur mental d&rsquo;origine militaire a \u00e9t\u00e9 embauch\u00e9 pour introduire la psychologie d&rsquo;\u00e9quipe et les m\u00e9thodes de gestion du stress.<\/p>\n<p>L&rsquo;accent est mis sur des valeurs telles que la confiance, la responsabilit\u00e9 personnelle et la communication ouverte au sein de l&rsquo;\u00e9quipe. Les joueurs sont s\u00e9lectionn\u00e9s non seulement en fonction de leurs qualit\u00e9s athl\u00e9tiques, mais \u00e9galement en fonction de leur int\u00e9gration dans la culture de l&rsquo;\u00e9quipe.<\/p>\n<p>Le r\u00e9sultat est une \u00e9quipe sans grandes stars, mais avec une forte coh\u00e9sion. De nombreux joueurs viennent de petits clubs norv\u00e9giens ou de leur propre jeunesse et ne deviennent des joueurs internationaux de haut niveau qu&rsquo;\u00e0 Bod\u00f8.<\/p>\n<p><strong>\u2013 Surprises sur la sc\u00e8ne europ\u00e9enne :<\/strong> \u00c0 l\u2019\u00e9chelle internationale, Bod\u00f8\/Glimt a commenc\u00e9 \u00e0 attirer davantage l\u2019attention \u00e0 partir de 2021. L&rsquo;\u00e9quipe a r\u00e9alis\u00e9 un parcours historique jusqu&rsquo;aux quarts de finale, notamment en UEFA Europa Conference League. Mais le plus important \u00e9tait la fa\u00e7on dont le club jouait : offensif, intr\u00e9pide et souvent \u00e9tonnamment dominant.<\/p>\n<p>Au cours des ann\u00e9es suivantes, Bod\u00f8\/Glimt se sont r\u00e9guli\u00e8rement qualifi\u00e9s pour les comp\u00e9titions europ\u00e9ennes et ont finalement acc\u00e9d\u00e9 \u00e0 l&rsquo;UEFA Champions League. L\u00e0, le club a rencontr\u00e9 des adversaires financi\u00e8rement solides issus des plus grandes ligues d&rsquo;Europe. N\u00e9anmoins, l\u2019\u00e9quipe a toujours r\u00e9ussi \u00e0 surprendre et \u00e0 battre des \u00e9quipes \u00e9tablies.<\/p>\n<p>C\u2019est pr\u00e9cis\u00e9ment pourquoi chaque nouvelle tourn\u00e9e internationale du club suscite un grand int\u00e9r\u00eat. Une \u00e9ventuelle entr\u00e9e en quarts de finale de la Ligue des champions serait historique non seulement pour le club lui-m\u00eame, mais aussi pour le football norv\u00e9gien dans son ensemble.<\/p>\n<div id=\"attachment_437794\" class=\"wp-caption alignleft\" style=\"max-width: 300px\"><img loading=\"lazy\" decoding=\"async\" class=\"wp-image-437794 size-medium\" src=\"https:\/\/vieassociative.be\/actualites\/wp-content\/uploads\/2026\/03\/1773739075_155_Conte-de-fee-du-football-du-Grand-Nord-BodoGlimt.jpg\" alt=\"\" width=\"300\" height=\"200\"  ><\/div>\n<p><strong>\u2013 Pourquoi Bod\u00f8\/Glimt est si sp\u00e9cial\u00a0:<\/strong> Le club incarne plusieurs caract\u00e9ristiques devenues rares dans le football moderne de haut niveau. Premi\u00e8rement, il vient d\u2019une petite ville isol\u00e9e et dispose de ressources financi\u00e8res nettement inf\u00e9rieures \u00e0 celles de la plupart de ses concurrents europ\u00e9ens. Deuxi\u00e8mement, il se concentre syst\u00e9matiquement sur le d\u00e9veloppement et le travail d\u2019\u00e9quipe plut\u00f4t que sur des transferts de stars co\u00fbteux. Troisi\u00e8mement, l&rsquo;\u00e9quipe joue un football courageux et offensif qui ne l\u00e2che rien, m\u00eame face \u00e0 des adversaires plus forts.<\/p>\n<p>Tous ces facteurs font que Bod\u00f8\/Glimt est d\u00e9sormais consid\u00e9r\u00e9 comme un symbole selon lequel, malgr\u00e9 des diff\u00e9rences financi\u00e8res croissantes, des surprises sont encore possibles dans le football. Le club du Grand Nord montre que des id\u00e9es claires, une bonne organisation et une forte culture d&rsquo;\u00e9quipe peuvent parfois \u00eatre plus importantes que de gros budgets.<\/p>\n<p>C&rsquo;est ainsi qu&rsquo;est n\u00e9e l&rsquo;une des histoires les plus fascinantes du football europ\u00e9en dans un petit club au-dessus du cercle polaire arctique &#8211; et peut-\u00eatre que le plus grand chapitre de cette histoire est encore \u00e0 venir. (cr\u00e9er)<\/p>\n","protected":false},"excerpt":{"rendered":"<p>Le club de football norv\u00e9gien FK Bod\u00f8\/Glimt est l&rsquo;une des r\u00e9ussites les plus inhabituelles du football europ\u00e9en du 21e si\u00e8cle. En quelques ann\u00e9es seulement, un<\/p>\n","protected":false},"author":1,"featured_media":13064,"comment_status":"","ping_status":"","sticky":false,"template":"","format":"standard","meta":{"footnotes":""},"categories":[298],"tags":[10100,10271,5890,3561,10272,1104,1119,2716,2634,293,1795],"class_list":["post-13063","post","type-post","status-publish","format-standard","has-post-thumbnail","hentry","category-belgique","tag-bodoglimt","tag-conte","tag-ecrire","tag-europeenne","tag-fee","tag-football","tag-grand","tag-lhistoire","tag-nord","tag-peuvent","tag-soir","generate-columns","tablet-grid-50","mobile-grid-100","grid-parent","grid-33"],"yoast_head":"<!-- This site is optimized with the Yoast SEO plugin v24.0 - https:\/\/yoast.com\/wordpress\/plugins\/seo\/ -->\n<title>Conte de f\u00e9e du football du Grand Nord : Bod\u00f8\/Glimt peuvent \u00e9crire l\u2019histoire europ\u00e9enne ce soir | Vie Associative<\/title>\n<meta name=\"robots\" content=\"index, follow, max-snippet:-1, max-image-preview:large, max-video-preview:-1\" \/>\n<link rel=\"canonical\" href=\"https:\/\/vieassociative.be\/actualites\/conte-de-fee-du-football-du-grand-nord-bodo-glimt-peuvent-ecrire-lhistoire-europeenne-ce-soir\/\" \/>\n<meta property=\"og:locale\" content=\"fr_FR\" \/>\n<meta property=\"og:type\" content=\"article\" \/>\n<meta property=\"og:title\" content=\"Conte de f\u00e9e du football du Grand Nord : Bod\u00f8\/Glimt peuvent \u00e9crire l\u2019histoire europ\u00e9enne ce soir | Vie Associative\" \/>\n<meta property=\"og:description\" content=\"Le club de football norv\u00e9gien FK Bod\u00f8\/Glimt est l&rsquo;une des r\u00e9ussites les plus inhabituelles du football europ\u00e9en du 21e si\u00e8cle. En quelques ann\u00e9es seulement, un\" \/>\n<meta property=\"og:url\" content=\"https:\/\/vieassociative.be\/actualites\/conte-de-fee-du-football-du-grand-nord-bodo-glimt-peuvent-ecrire-lhistoire-europeenne-ce-soir\/\" \/>\n<meta property=\"og:site_name\" content=\"Vie Associative\" \/>\n<meta property=\"article:published_time\" content=\"2026-03-17T09:17:55+00:00\" \/>\n<meta property=\"og:image\" content=\"https:\/\/vieassociative.be\/actualites\/wp-content\/uploads\/2024\/09\/header_backgroundk-01-e1726694325946.png\" \/>\n\t<meta property=\"og:image:width\" content=\"279\" \/>\n\t<meta property=\"og:image:height\" content=\"92\" \/>\n\t<meta property=\"og:image:type\" content=\"image\/png\" \/>\n<meta name=\"author\" content=\"Julien\" \/>\n<meta name=\"twitter:card\" content=\"summary_large_image\" \/>\n<meta name=\"twitter:label1\" content=\"\u00c9crit par\" \/>\n\t<meta name=\"twitter:data1\" content=\"Julien\" \/>\n\t<meta name=\"twitter:label2\" content=\"Dur\u00e9e de lecture est.\" \/>\n\t<meta name=\"twitter:data2\" content=\"6 minutes\" \/>\n<script type=\"application\/ld+json\" class=\"yoast-schema-graph\">{\"@context\":\"https:\/\/schema.org\",\"@graph\":[{\"@type\":\"Article\",\"@id\":\"https:\/\/vieassociative.be\/actualites\/conte-de-fee-du-football-du-grand-nord-bodo-glimt-peuvent-ecrire-lhistoire-europeenne-ce-soir\/#article\",\"isPartOf\":{\"@id\":\"https:\/\/vieassociative.be\/actualites\/conte-de-fee-du-football-du-grand-nord-bodo-glimt-peuvent-ecrire-lhistoire-europeenne-ce-soir\/\"},\"author\":{\"name\":\"Julien\",\"@id\":\"https:\/\/vieassociative.be\/actualites\/#\/schema\/person\/b87ac4f82f9d4e7b7cec7395b679edc4\"},\"headline\":\"Conte de f\u00e9e du football du Grand Nord : Bod\u00f8\/Glimt peuvent \u00e9crire l\u2019histoire europ\u00e9enne ce soir\",\"datePublished\":\"2026-03-17T09:17:55+00:00\",\"dateModified\":\"2026-03-17T09:17:55+00:00\",\"mainEntityOfPage\":{\"@id\":\"https:\/\/vieassociative.be\/actualites\/conte-de-fee-du-football-du-grand-nord-bodo-glimt-peuvent-ecrire-lhistoire-europeenne-ce-soir\/\"},\"wordCount\":1301,\"publisher\":{\"@id\":\"https:\/\/vieassociative.be\/actualites\/#organization\"},\"image\":{\"@id\":\"https:\/\/vieassociative.be\/actualites\/conte-de-fee-du-football-du-grand-nord-bodo-glimt-peuvent-ecrire-lhistoire-europeenne-ce-soir\/#primaryimage\"},\"thumbnailUrl\":\"https:\/\/vieassociative.be\/actualites\/wp-content\/uploads\/2026\/03\/1773739076_Conte-de-fee-du-football-du-Grand-Nord-BodoGlimt.jpg\",\"keywords\":[\"Bod\u00f6Glimt\",\"Conte\",\"\u00e9crire\",\"europ\u00e9enne\",\"f\u00e9e\",\"football\",\"grand\",\"lhistoire\",\"Nord\",\"peuvent\",\"soir\"],\"articleSection\":[\"Belgique\"],\"inLanguage\":\"fr-BE\"},{\"@type\":\"WebPage\",\"@id\":\"https:\/\/vieassociative.be\/actualites\/conte-de-fee-du-football-du-grand-nord-bodo-glimt-peuvent-ecrire-lhistoire-europeenne-ce-soir\/\",\"url\":\"https:\/\/vieassociative.be\/actualites\/conte-de-fee-du-football-du-grand-nord-bodo-glimt-peuvent-ecrire-lhistoire-europeenne-ce-soir\/\",\"name\":\"Conte de f\u00e9e du football du Grand Nord : Bod\u00f8\/Glimt peuvent \u00e9crire l\u2019histoire europ\u00e9enne ce soir | Vie Associative\",\"isPartOf\":{\"@id\":\"https:\/\/vieassociative.be\/actualites\/#website\"},\"primaryImageOfPage\":{\"@id\":\"https:\/\/vieassociative.be\/actualites\/conte-de-fee-du-football-du-grand-nord-bodo-glimt-peuvent-ecrire-lhistoire-europeenne-ce-soir\/#primaryimage\"},\"image\":{\"@id\":\"https:\/\/vieassociative.be\/actualites\/conte-de-fee-du-football-du-grand-nord-bodo-glimt-peuvent-ecrire-lhistoire-europeenne-ce-soir\/#primaryimage\"},\"thumbnailUrl\":\"https:\/\/vieassociative.be\/actualites\/wp-content\/uploads\/2026\/03\/1773739076_Conte-de-fee-du-football-du-Grand-Nord-BodoGlimt.jpg\",\"datePublished\":\"2026-03-17T09:17:55+00:00\",\"dateModified\":\"2026-03-17T09:17:55+00:00\",\"breadcrumb\":{\"@id\":\"https:\/\/vieassociative.be\/actualites\/conte-de-fee-du-football-du-grand-nord-bodo-glimt-peuvent-ecrire-lhistoire-europeenne-ce-soir\/#breadcrumb\"},\"inLanguage\":\"fr-BE\",\"potentialAction\":[{\"@type\":\"ReadAction\",\"target\":[\"https:\/\/vieassociative.be\/actualites\/conte-de-fee-du-football-du-grand-nord-bodo-glimt-peuvent-ecrire-lhistoire-europeenne-ce-soir\/\"]}]},{\"@type\":\"ImageObject\",\"inLanguage\":\"fr-BE\",\"@id\":\"https:\/\/vieassociative.be\/actualites\/conte-de-fee-du-football-du-grand-nord-bodo-glimt-peuvent-ecrire-lhistoire-europeenne-ce-soir\/#primaryimage\",\"url\":\"https:\/\/vieassociative.be\/actualites\/wp-content\/uploads\/2026\/03\/1773739076_Conte-de-fee-du-football-du-Grand-Nord-BodoGlimt.jpg\",\"contentUrl\":\"https:\/\/vieassociative.be\/actualites\/wp-content\/uploads\/2026\/03\/1773739076_Conte-de-fee-du-football-du-Grand-Nord-BodoGlimt.jpg\",\"width\":1200,\"height\":800,\"caption\":\"Conte de f\u00e9e du football du Grand Nord : Bod\u00f8\/Glimt peuvent \u00e9crire l\u2019histoire europ\u00e9enne ce soir\"},{\"@type\":\"BreadcrumbList\",\"@id\":\"https:\/\/vieassociative.be\/actualites\/conte-de-fee-du-football-du-grand-nord-bodo-glimt-peuvent-ecrire-lhistoire-europeenne-ce-soir\/#breadcrumb\",\"itemListElement\":[{\"@type\":\"ListItem\",\"position\":1,\"name\":\"Accueil\",\"item\":\"https:\/\/vieassociative.be\/actualites\/\"},{\"@type\":\"ListItem\",\"position\":2,\"name\":\"Conte de f\u00e9e du football du Grand Nord : Bod\u00f8\/Glimt peuvent \u00e9crire l\u2019histoire europ\u00e9enne ce soir\"}]},{\"@type\":\"WebSite\",\"@id\":\"https:\/\/vieassociative.be\/actualites\/#website\",\"url\":\"https:\/\/vieassociative.be\/actualites\/\",\"name\":\"Vie Associative\",\"description\":\"\",\"publisher\":{\"@id\":\"https:\/\/vieassociative.be\/actualites\/#organization\"},\"potentialAction\":[{\"@type\":\"SearchAction\",\"target\":{\"@type\":\"EntryPoint\",\"urlTemplate\":\"https:\/\/vieassociative.be\/actualites\/?s={search_term_string}\"},\"query-input\":{\"@type\":\"PropertyValueSpecification\",\"valueRequired\":true,\"valueName\":\"search_term_string\"}}],\"inLanguage\":\"fr-BE\"},{\"@type\":\"Organization\",\"@id\":\"https:\/\/vieassociative.be\/actualites\/#organization\",\"name\":\"Vie Associative\",\"url\":\"https:\/\/vieassociative.be\/actualites\/\",\"logo\":{\"@type\":\"ImageObject\",\"inLanguage\":\"fr-BE\",\"@id\":\"https:\/\/vieassociative.be\/actualites\/#\/schema\/logo\/image\/\",\"url\":\"https:\/\/vieassociative.be\/actualites\/wp-content\/uploads\/2024\/09\/cropped-vieassociative_favicon.ico.png\",\"contentUrl\":\"https:\/\/vieassociative.be\/actualites\/wp-content\/uploads\/2024\/09\/cropped-vieassociative_favicon.ico.png\",\"width\":512,\"height\":512,\"caption\":\"Vie Associative\"},\"image\":{\"@id\":\"https:\/\/vieassociative.be\/actualites\/#\/schema\/logo\/image\/\"}},{\"@type\":\"Person\",\"@id\":\"https:\/\/vieassociative.be\/actualites\/#\/schema\/person\/b87ac4f82f9d4e7b7cec7395b679edc4\",\"name\":\"Julien\",\"image\":{\"@type\":\"ImageObject\",\"inLanguage\":\"fr-BE\",\"@id\":\"https:\/\/vieassociative.be\/actualites\/#\/schema\/person\/image\/\",\"url\":\"https:\/\/vieassociative.be\/actualites\/wp-content\/uploads\/2024\/09\/vie-associative-1-150x150.jpg\",\"contentUrl\":\"https:\/\/vieassociative.be\/actualites\/wp-content\/uploads\/2024\/09\/vie-associative-1-150x150.jpg\",\"caption\":\"Julien\"},\"description\":\"Je suis Julien, r\u00e9dacteur pour Vie Associative. Passionn\u00e9 par le monde associatif depuis plus de 10 ans, j'ai \u00e0 c\u0153ur de partager des histoires inspirantes et de mettre en lumi\u00e8re les initiatives locales. Mon objectif est de sensibiliser et d'encourager l'engagement communautaire \u00e0 travers mes articles.\",\"sameAs\":[\"https:\/\/vieassociative.be\/\"]}]}<\/script>\n<!-- \/ Yoast SEO plugin. -->","yoast_head_json":{"title":"Conte de f\u00e9e du football du Grand Nord : Bod\u00f8\/Glimt peuvent \u00e9crire l\u2019histoire europ\u00e9enne ce soir | Vie Associative","robots":{"index":"index","follow":"follow","max-snippet":"max-snippet:-1","max-image-preview":"max-image-preview:large","max-video-preview":"max-video-preview:-1"},"canonical":"https:\/\/vieassociative.be\/actualites\/conte-de-fee-du-football-du-grand-nord-bodo-glimt-peuvent-ecrire-lhistoire-europeenne-ce-soir\/","og_locale":"fr_FR","og_type":"article","og_title":"Conte de f\u00e9e du football du Grand Nord : Bod\u00f8\/Glimt peuvent \u00e9crire l\u2019histoire europ\u00e9enne ce soir | Vie Associative","og_description":"Le club de football norv\u00e9gien FK Bod\u00f8\/Glimt est l&rsquo;une des r\u00e9ussites les plus inhabituelles du football europ\u00e9en du 21e si\u00e8cle. En quelques ann\u00e9es seulement, un","og_url":"https:\/\/vieassociative.be\/actualites\/conte-de-fee-du-football-du-grand-nord-bodo-glimt-peuvent-ecrire-lhistoire-europeenne-ce-soir\/","og_site_name":"Vie Associative","article_published_time":"2026-03-17T09:17:55+00:00","og_image":[{"width":279,"height":92,"url":"https:\/\/vieassociative.be\/actualites\/wp-content\/uploads\/2024\/09\/header_backgroundk-01-e1726694325946.png","type":"image\/png"}],"author":"Julien","twitter_card":"summary_large_image","twitter_misc":{"\u00c9crit par":"Julien","Dur\u00e9e de lecture est.":"6 minutes"},"schema":{"@context":"https:\/\/schema.org","@graph":[{"@type":"Article","@id":"https:\/\/vieassociative.be\/actualites\/conte-de-fee-du-football-du-grand-nord-bodo-glimt-peuvent-ecrire-lhistoire-europeenne-ce-soir\/#article","isPartOf":{"@id":"https:\/\/vieassociative.be\/actualites\/conte-de-fee-du-football-du-grand-nord-bodo-glimt-peuvent-ecrire-lhistoire-europeenne-ce-soir\/"},"author":{"name":"Julien","@id":"https:\/\/vieassociative.be\/actualites\/#\/schema\/person\/b87ac4f82f9d4e7b7cec7395b679edc4"},"headline":"Conte de f\u00e9e du football du Grand Nord : Bod\u00f8\/Glimt peuvent \u00e9crire l\u2019histoire europ\u00e9enne ce soir","datePublished":"2026-03-17T09:17:55+00:00","dateModified":"2026-03-17T09:17:55+00:00","mainEntityOfPage":{"@id":"https:\/\/vieassociative.be\/actualites\/conte-de-fee-du-football-du-grand-nord-bodo-glimt-peuvent-ecrire-lhistoire-europeenne-ce-soir\/"},"wordCount":1301,"publisher":{"@id":"https:\/\/vieassociative.be\/actualites\/#organization"},"image":{"@id":"https:\/\/vieassociative.be\/actualites\/conte-de-fee-du-football-du-grand-nord-bodo-glimt-peuvent-ecrire-lhistoire-europeenne-ce-soir\/#primaryimage"},"thumbnailUrl":"https:\/\/vieassociative.be\/actualites\/wp-content\/uploads\/2026\/03\/1773739076_Conte-de-fee-du-football-du-Grand-Nord-BodoGlimt.jpg","keywords":["Bod\u00f6Glimt","Conte","\u00e9crire","europ\u00e9enne","f\u00e9e","football","grand","lhistoire","Nord","peuvent","soir"],"articleSection":["Belgique"],"inLanguage":"fr-BE"},{"@type":"WebPage","@id":"https:\/\/vieassociative.be\/actualites\/conte-de-fee-du-football-du-grand-nord-bodo-glimt-peuvent-ecrire-lhistoire-europeenne-ce-soir\/","url":"https:\/\/vieassociative.be\/actualites\/conte-de-fee-du-football-du-grand-nord-bodo-glimt-peuvent-ecrire-lhistoire-europeenne-ce-soir\/","name":"Conte de f\u00e9e du football du Grand Nord : Bod\u00f8\/Glimt peuvent \u00e9crire l\u2019histoire europ\u00e9enne ce soir | Vie Associative","isPartOf":{"@id":"https:\/\/vieassociative.be\/actualites\/#website"},"primaryImageOfPage":{"@id":"https:\/\/vieassociative.be\/actualites\/conte-de-fee-du-football-du-grand-nord-bodo-glimt-peuvent-ecrire-lhistoire-europeenne-ce-soir\/#primaryimage"},"image":{"@id":"https:\/\/vieassociative.be\/actualites\/conte-de-fee-du-football-du-grand-nord-bodo-glimt-peuvent-ecrire-lhistoire-europeenne-ce-soir\/#primaryimage"},"thumbnailUrl":"https:\/\/vieassociative.be\/actualites\/wp-content\/uploads\/2026\/03\/1773739076_Conte-de-fee-du-football-du-Grand-Nord-BodoGlimt.jpg","datePublished":"2026-03-17T09:17:55+00:00","dateModified":"2026-03-17T09:17:55+00:00","breadcrumb":{"@id":"https:\/\/vieassociative.be\/actualites\/conte-de-fee-du-football-du-grand-nord-bodo-glimt-peuvent-ecrire-lhistoire-europeenne-ce-soir\/#breadcrumb"},"inLanguage":"fr-BE","potentialAction":[{"@type":"ReadAction","target":["https:\/\/vieassociative.be\/actualites\/conte-de-fee-du-football-du-grand-nord-bodo-glimt-peuvent-ecrire-lhistoire-europeenne-ce-soir\/"]}]},{"@type":"ImageObject","inLanguage":"fr-BE","@id":"https:\/\/vieassociative.be\/actualites\/conte-de-fee-du-football-du-grand-nord-bodo-glimt-peuvent-ecrire-lhistoire-europeenne-ce-soir\/#primaryimage","url":"https:\/\/vieassociative.be\/actualites\/wp-content\/uploads\/2026\/03\/1773739076_Conte-de-fee-du-football-du-Grand-Nord-BodoGlimt.jpg","contentUrl":"https:\/\/vieassociative.be\/actualites\/wp-content\/uploads\/2026\/03\/1773739076_Conte-de-fee-du-football-du-Grand-Nord-BodoGlimt.jpg","width":1200,"height":800,"caption":"Conte de f\u00e9e du football du Grand Nord : Bod\u00f8\/Glimt peuvent \u00e9crire l\u2019histoire europ\u00e9enne ce soir"},{"@type":"BreadcrumbList","@id":"https:\/\/vieassociative.be\/actualites\/conte-de-fee-du-football-du-grand-nord-bodo-glimt-peuvent-ecrire-lhistoire-europeenne-ce-soir\/#breadcrumb","itemListElement":[{"@type":"ListItem","position":1,"name":"Accueil","item":"https:\/\/vieassociative.be\/actualites\/"},{"@type":"ListItem","position":2,"name":"Conte de f\u00e9e du football du Grand Nord : Bod\u00f8\/Glimt peuvent \u00e9crire l\u2019histoire europ\u00e9enne ce soir"}]},{"@type":"WebSite","@id":"https:\/\/vieassociative.be\/actualites\/#website","url":"https:\/\/vieassociative.be\/actualites\/","name":"Vie Associative","description":"","publisher":{"@id":"https:\/\/vieassociative.be\/actualites\/#organization"},"potentialAction":[{"@type":"SearchAction","target":{"@type":"EntryPoint","urlTemplate":"https:\/\/vieassociative.be\/actualites\/?s={search_term_string}"},"query-input":{"@type":"PropertyValueSpecification","valueRequired":true,"valueName":"search_term_string"}}],"inLanguage":"fr-BE"},{"@type":"Organization","@id":"https:\/\/vieassociative.be\/actualites\/#organization","name":"Vie Associative","url":"https:\/\/vieassociative.be\/actualites\/","logo":{"@type":"ImageObject","inLanguage":"fr-BE","@id":"https:\/\/vieassociative.be\/actualites\/#\/schema\/logo\/image\/","url":"https:\/\/vieassociative.be\/actualites\/wp-content\/uploads\/2024\/09\/cropped-vieassociative_favicon.ico.png","contentUrl":"https:\/\/vieassociative.be\/actualites\/wp-content\/uploads\/2024\/09\/cropped-vieassociative_favicon.ico.png","width":512,"height":512,"caption":"Vie Associative"},"image":{"@id":"https:\/\/vieassociative.be\/actualites\/#\/schema\/logo\/image\/"}},{"@type":"Person","@id":"https:\/\/vieassociative.be\/actualites\/#\/schema\/person\/b87ac4f82f9d4e7b7cec7395b679edc4","name":"Julien","image":{"@type":"ImageObject","inLanguage":"fr-BE","@id":"https:\/\/vieassociative.be\/actualites\/#\/schema\/person\/image\/","url":"https:\/\/vieassociative.be\/actualites\/wp-content\/uploads\/2024\/09\/vie-associative-1-150x150.jpg","contentUrl":"https:\/\/vieassociative.be\/actualites\/wp-content\/uploads\/2024\/09\/vie-associative-1-150x150.jpg","caption":"Julien"},"description":"Je suis Julien, r\u00e9dacteur pour Vie Associative. Passionn\u00e9 par le monde associatif depuis plus de 10 ans, j'ai \u00e0 c\u0153ur de partager des histoires inspirantes et de mettre en lumi\u00e8re les initiatives locales. Mon objectif est de sensibiliser et d'encourager l'engagement communautaire \u00e0 travers mes articles.","sameAs":["https:\/\/vieassociative.be\/"]}]}},"_links":{"self":[{"href":"https:\/\/vieassociative.be\/actualites\/wp-json\/wp\/v2\/posts\/13063"}],"collection":[{"href":"https:\/\/vieassociative.be\/actualites\/wp-json\/wp\/v2\/posts"}],"about":[{"href":"https:\/\/vieassociative.be\/actualites\/wp-json\/wp\/v2\/types\/post"}],"author":[{"embeddable":true,"href":"https:\/\/vieassociative.be\/actualites\/wp-json\/wp\/v2\/users\/1"}],"replies":[{"embeddable":true,"href":"https:\/\/vieassociative.be\/actualites\/wp-json\/wp\/v2\/comments?post=13063"}],"version-history":[{"count":0,"href":"https:\/\/vieassociative.be\/actualites\/wp-json\/wp\/v2\/posts\/13063\/revisions"}],"wp:featuredmedia":[{"embeddable":true,"href":"https:\/\/vieassociative.be\/actualites\/wp-json\/wp\/v2\/media\/13064"}],"wp:attachment":[{"href":"https:\/\/vieassociative.be\/actualites\/wp-json\/wp\/v2\/media?parent=13063"}],"wp:term":[{"taxonomy":"category","embeddable":true,"href":"https:\/\/vieassociative.be\/actualites\/wp-json\/wp\/v2\/categories?post=13063"},{"taxonomy":"post_tag","embeddable":true,"href":"https:\/\/vieassociative.be\/actualites\/wp-json\/wp\/v2\/tags?post=13063"}],"curies":[{"name":"wp","href":"https:\/\/api.w.org\/{rel}","templated":true}]}}