{"id":13061,"date":"2026-03-17T09:17:51","date_gmt":"2026-03-17T08:17:51","guid":{"rendered":"https:\/\/vieassociative.be\/actualites\/prime-video-est-sur-le-point-de-retirer-le-streaming-4k-aux-utilisateurs-de-base\/"},"modified":"2026-03-17T09:17:51","modified_gmt":"2026-03-17T08:17:51","slug":"prime-video-est-sur-le-point-de-retirer-le-streaming-4k-aux-utilisateurs-de-base","status":"publish","type":"post","link":"https:\/\/vieassociative.be\/actualites\/prime-video-est-sur-le-point-de-retirer-le-streaming-4k-aux-utilisateurs-de-base\/","title":{"rendered":"Prime Video est sur le point de retirer le streaming 4K aux utilisateurs \u00ab\u00a0de base\u00a0\u00bb"},"content":{"rendered":"<p>Mauvaise nouvelle, abonn\u00e9s Prime : \u00e0 partir du 10 avril, Amazon verrouillera la qualit\u00e9 du streaming Prime Video \u00e0 1080p pour les utilisateurs \u00ab basiques \u00bb. Si vous souhaitez continuer \u00e0 regarder du contenu Prime Video en 4K comme vous l&rsquo;avez fait, vous devrez payer 4,99 $ suppl\u00e9mentaires par mois. Sinon, vos \u00e9missions et films Prime Video sembleront un peu plus flous que ce \u00e0 quoi vous \u00eates habitu\u00e9. <\/p>\n<p>Cela fait partie d&rsquo;un certain nombre de changements qu&rsquo;Amazon apportera \u00e0 ses services de streaming le mois prochain. Le 10 avril, Amazon commencera \u00e0 proposer \u00e0 ses clients un nouveau forfait \u00ab Prime Video Ultra \u00bb. Cette option sera sans publicit\u00e9 et proposera un streaming jusqu&rsquo;\u00e0 4K en Dolby Vision et Dolby Atmos. Vous pourrez \u00e9galement diffuser jusqu&rsquo;\u00e0 cinq appareils \u00e0 la fois (contre la limite actuelle de trois), ainsi que t\u00e9l\u00e9charger jusqu&rsquo;\u00e0 100 titres (contre 25 sur le forfait de base).<\/p>\n<p>Ce forfait co\u00fbtera 4,99 $ suppl\u00e9mentaires en plus de votre abonnement Prime, qui co\u00fbte actuellement 14,99 $ par mois. Amazon facture actuellement 2,99 $ suppl\u00e9mentaires pour acc\u00e9der \u00e0 Prime Video sans publicit\u00e9, donc si vous payez d\u00e9j\u00e0 pour ce privil\u00e8ge, vous n&rsquo;aurez \u00ab\u00a0que\u00a0\u00bb besoin de payer 2 $ suppl\u00e9mentaires pour les avantages Ultra d&rsquo;Amazon, y compris l&rsquo;acc\u00e8s 4K dont vous disposez d\u00e9j\u00e0. <\/p>\n<p>Si vous choisissez de conserver le forfait Prime Video \u00ab de base \u00bb d&rsquo;Amazon dans le cadre de votre abonnement Prime, vous b\u00e9n\u00e9ficierez \u00e9galement de nouveaux avantages. Pendant que vous perdez le streaming 4K, vous obtiendrez Dolby Vision (mais pas Dolby Atmos, m\u00eame si j&rsquo;imagine que cela n&rsquo;aura pas d&rsquo;importance pour les nombreux t\u00e9l\u00e9spectateurs qui regardent Prime Video avec les haut-parleurs int\u00e9gr\u00e9s de leur t\u00e9l\u00e9viseur.) Vous obtiendrez \u00e9galement un flux simultan\u00e9 suppl\u00e9mentaire (quatre, au lieu de trois) et pourrez t\u00e9l\u00e9charger jusqu&rsquo;\u00e0 50 titres \u00e0 la fois (encore une fois, contre 25 actuellement). <\/p>\n<p>Les nouvelles fonctionnalit\u00e9s d&rsquo;abonnement sont toujours les bienvenues, surtout lorsqu&rsquo;elles n&rsquo;entra\u00eenent pas de co\u00fbt suppl\u00e9mentaire. Mais supprimer les fonctionnalit\u00e9s existantes et les verrouiller derri\u00e8re un paywall <em>n&rsquo;est-ce pas<\/em> accueillir. Peut-\u00eatre que cela sera payant pour Amazon et que les utilisateurs d\u00e9penseront l&rsquo;argent suppl\u00e9mentaire pour regarder leur contenu avec la r\u00e9solution la plus \u00e9lev\u00e9e possible. Mais m\u00eame ainsi, ils d\u00e9penseront plus pour acc\u00e9der au m\u00eame contenu de qualit\u00e9 qu\u2019ils peuvent d\u00e9j\u00e0 obtenir \u00ab\u00a0gratuitement\u00a0\u00bb, dans le cadre de leur abonnement Prime.    <\/p>\n","protected":false},"excerpt":{"rendered":"<p>Mauvaise nouvelle, abonn\u00e9s Prime : \u00e0 partir du 10 avril, Amazon verrouillera la qualit\u00e9 du streaming Prime Video \u00e0 1080p pour les utilisateurs \u00ab basiques<\/p>\n","protected":false},"author":1,"featured_media":13062,"comment_status":"","ping_status":"","sticky":false,"template":"","format":"standard","meta":{"footnotes":""},"categories":[13],"tags":[289,582,76,174,346,4969,1428,33,4335,1204],"class_list":["post-13061","post","type-post","status-publish","format-standard","has-post-thumbnail","hentry","category-technologie","tag-aux","tag-base","tag-est","tag-point","tag-prime","tag-retirer","tag-streaming","tag-sur","tag-utilisateurs","tag-video","generate-columns","tablet-grid-50","mobile-grid-100","grid-parent","grid-33"],"yoast_head":"<!-- This site is optimized with the Yoast SEO plugin v24.0 - https:\/\/yoast.com\/wordpress\/plugins\/seo\/ -->\n<title>Prime Video est sur le point de retirer le streaming 4K aux utilisateurs \u00ab\u00a0de base\u00a0\u00bb | Vie Associative<\/title>\n<meta name=\"robots\" content=\"index, follow, max-snippet:-1, max-image-preview:large, max-video-preview:-1\" \/>\n<link rel=\"canonical\" href=\"https:\/\/vieassociative.be\/actualites\/prime-video-est-sur-le-point-de-retirer-le-streaming-4k-aux-utilisateurs-de-base\/\" \/>\n<meta property=\"og:locale\" content=\"fr_FR\" \/>\n<meta property=\"og:type\" content=\"article\" \/>\n<meta property=\"og:title\" content=\"Prime Video est sur le point de retirer le streaming 4K aux utilisateurs \u00ab\u00a0de base\u00a0\u00bb | Vie Associative\" \/>\n<meta property=\"og:description\" content=\"Mauvaise nouvelle, abonn\u00e9s Prime : \u00e0 partir du 10 avril, Amazon verrouillera la qualit\u00e9 du streaming Prime Video \u00e0 1080p pour les utilisateurs \u00ab basiques\" \/>\n<meta property=\"og:url\" content=\"https:\/\/vieassociative.be\/actualites\/prime-video-est-sur-le-point-de-retirer-le-streaming-4k-aux-utilisateurs-de-base\/\" \/>\n<meta property=\"og:site_name\" content=\"Vie Associative\" \/>\n<meta property=\"article:published_time\" content=\"2026-03-17T08:17:51+00:00\" \/>\n<meta property=\"og:image\" content=\"https:\/\/vieassociative.be\/actualites\/wp-content\/uploads\/2024\/09\/header_backgroundk-01-e1726694325946.png\" \/>\n\t<meta property=\"og:image:width\" content=\"279\" \/>\n\t<meta property=\"og:image:height\" content=\"92\" \/>\n\t<meta property=\"og:image:type\" content=\"image\/png\" \/>\n<meta name=\"author\" content=\"Julien\" \/>\n<meta name=\"twitter:card\" content=\"summary_large_image\" \/>\n<meta name=\"twitter:label1\" content=\"\u00c9crit par\" \/>\n\t<meta name=\"twitter:data1\" content=\"Julien\" \/>\n\t<meta name=\"twitter:label2\" content=\"Dur\u00e9e de lecture est.\" \/>\n\t<meta name=\"twitter:data2\" content=\"2 minutes\" \/>\n<script type=\"application\/ld+json\" class=\"yoast-schema-graph\">{\"@context\":\"https:\/\/schema.org\",\"@graph\":[{\"@type\":\"Article\",\"@id\":\"https:\/\/vieassociative.be\/actualites\/prime-video-est-sur-le-point-de-retirer-le-streaming-4k-aux-utilisateurs-de-base\/#article\",\"isPartOf\":{\"@id\":\"https:\/\/vieassociative.be\/actualites\/prime-video-est-sur-le-point-de-retirer-le-streaming-4k-aux-utilisateurs-de-base\/\"},\"author\":{\"name\":\"Julien\",\"@id\":\"https:\/\/vieassociative.be\/actualites\/#\/schema\/person\/b87ac4f82f9d4e7b7cec7395b679edc4\"},\"headline\":\"Prime Video est sur le point de retirer le streaming 4K aux utilisateurs \u00ab\u00a0de base\u00a0\u00bb\",\"datePublished\":\"2026-03-17T08:17:51+00:00\",\"dateModified\":\"2026-03-17T08:17:51+00:00\",\"mainEntityOfPage\":{\"@id\":\"https:\/\/vieassociative.be\/actualites\/prime-video-est-sur-le-point-de-retirer-le-streaming-4k-aux-utilisateurs-de-base\/\"},\"wordCount\":424,\"publisher\":{\"@id\":\"https:\/\/vieassociative.be\/actualites\/#organization\"},\"image\":{\"@id\":\"https:\/\/vieassociative.be\/actualites\/prime-video-est-sur-le-point-de-retirer-le-streaming-4k-aux-utilisateurs-de-base\/#primaryimage\"},\"thumbnailUrl\":\"https:\/\/vieassociative.be\/actualites\/wp-content\/uploads\/2026\/03\/Prime-Video-est-sur-le-point-de-retirer-le-streaming.jpg\",\"keywords\":[\"aux\",\"base\",\"est\",\"point\",\"Prime\",\"retirer\",\"streaming\",\"sur\",\"utilisateurs\",\"vid\u00e9o\"],\"articleSection\":[\"Technologie\"],\"inLanguage\":\"fr-BE\"},{\"@type\":\"WebPage\",\"@id\":\"https:\/\/vieassociative.be\/actualites\/prime-video-est-sur-le-point-de-retirer-le-streaming-4k-aux-utilisateurs-de-base\/\",\"url\":\"https:\/\/vieassociative.be\/actualites\/prime-video-est-sur-le-point-de-retirer-le-streaming-4k-aux-utilisateurs-de-base\/\",\"name\":\"Prime Video est sur le point de retirer le streaming 4K aux utilisateurs \u00ab\u00a0de base\u00a0\u00bb | Vie Associative\",\"isPartOf\":{\"@id\":\"https:\/\/vieassociative.be\/actualites\/#website\"},\"primaryImageOfPage\":{\"@id\":\"https:\/\/vieassociative.be\/actualites\/prime-video-est-sur-le-point-de-retirer-le-streaming-4k-aux-utilisateurs-de-base\/#primaryimage\"},\"image\":{\"@id\":\"https:\/\/vieassociative.be\/actualites\/prime-video-est-sur-le-point-de-retirer-le-streaming-4k-aux-utilisateurs-de-base\/#primaryimage\"},\"thumbnailUrl\":\"https:\/\/vieassociative.be\/actualites\/wp-content\/uploads\/2026\/03\/Prime-Video-est-sur-le-point-de-retirer-le-streaming.jpg\",\"datePublished\":\"2026-03-17T08:17:51+00:00\",\"dateModified\":\"2026-03-17T08:17:51+00:00\",\"breadcrumb\":{\"@id\":\"https:\/\/vieassociative.be\/actualites\/prime-video-est-sur-le-point-de-retirer-le-streaming-4k-aux-utilisateurs-de-base\/#breadcrumb\"},\"inLanguage\":\"fr-BE\",\"potentialAction\":[{\"@type\":\"ReadAction\",\"target\":[\"https:\/\/vieassociative.be\/actualites\/prime-video-est-sur-le-point-de-retirer-le-streaming-4k-aux-utilisateurs-de-base\/\"]}]},{\"@type\":\"ImageObject\",\"inLanguage\":\"fr-BE\",\"@id\":\"https:\/\/vieassociative.be\/actualites\/prime-video-est-sur-le-point-de-retirer-le-streaming-4k-aux-utilisateurs-de-base\/#primaryimage\",\"url\":\"https:\/\/vieassociative.be\/actualites\/wp-content\/uploads\/2026\/03\/Prime-Video-est-sur-le-point-de-retirer-le-streaming.jpg\",\"contentUrl\":\"https:\/\/vieassociative.be\/actualites\/wp-content\/uploads\/2026\/03\/Prime-Video-est-sur-le-point-de-retirer-le-streaming.jpg\",\"width\":1200,\"height\":675,\"caption\":\"Prime Video est sur le point de retirer le streaming 4K aux utilisateurs \u00ab\u00a0de base\u00a0\u00bb\"},{\"@type\":\"BreadcrumbList\",\"@id\":\"https:\/\/vieassociative.be\/actualites\/prime-video-est-sur-le-point-de-retirer-le-streaming-4k-aux-utilisateurs-de-base\/#breadcrumb\",\"itemListElement\":[{\"@type\":\"ListItem\",\"position\":1,\"name\":\"Accueil\",\"item\":\"https:\/\/vieassociative.be\/actualites\/\"},{\"@type\":\"ListItem\",\"position\":2,\"name\":\"Prime Video est sur le point de retirer le streaming 4K aux utilisateurs \u00ab\u00a0de base\u00a0\u00bb\"}]},{\"@type\":\"WebSite\",\"@id\":\"https:\/\/vieassociative.be\/actualites\/#website\",\"url\":\"https:\/\/vieassociative.be\/actualites\/\",\"name\":\"Vie Associative\",\"description\":\"\",\"publisher\":{\"@id\":\"https:\/\/vieassociative.be\/actualites\/#organization\"},\"potentialAction\":[{\"@type\":\"SearchAction\",\"target\":{\"@type\":\"EntryPoint\",\"urlTemplate\":\"https:\/\/vieassociative.be\/actualites\/?s={search_term_string}\"},\"query-input\":{\"@type\":\"PropertyValueSpecification\",\"valueRequired\":true,\"valueName\":\"search_term_string\"}}],\"inLanguage\":\"fr-BE\"},{\"@type\":\"Organization\",\"@id\":\"https:\/\/vieassociative.be\/actualites\/#organization\",\"name\":\"Vie Associative\",\"url\":\"https:\/\/vieassociative.be\/actualites\/\",\"logo\":{\"@type\":\"ImageObject\",\"inLanguage\":\"fr-BE\",\"@id\":\"https:\/\/vieassociative.be\/actualites\/#\/schema\/logo\/image\/\",\"url\":\"https:\/\/vieassociative.be\/actualites\/wp-content\/uploads\/2024\/09\/cropped-vieassociative_favicon.ico.png\",\"contentUrl\":\"https:\/\/vieassociative.be\/actualites\/wp-content\/uploads\/2024\/09\/cropped-vieassociative_favicon.ico.png\",\"width\":512,\"height\":512,\"caption\":\"Vie Associative\"},\"image\":{\"@id\":\"https:\/\/vieassociative.be\/actualites\/#\/schema\/logo\/image\/\"}},{\"@type\":\"Person\",\"@id\":\"https:\/\/vieassociative.be\/actualites\/#\/schema\/person\/b87ac4f82f9d4e7b7cec7395b679edc4\",\"name\":\"Julien\",\"image\":{\"@type\":\"ImageObject\",\"inLanguage\":\"fr-BE\",\"@id\":\"https:\/\/vieassociative.be\/actualites\/#\/schema\/person\/image\/\",\"url\":\"https:\/\/vieassociative.be\/actualites\/wp-content\/uploads\/2024\/09\/vie-associative-1-150x150.jpg\",\"contentUrl\":\"https:\/\/vieassociative.be\/actualites\/wp-content\/uploads\/2024\/09\/vie-associative-1-150x150.jpg\",\"caption\":\"Julien\"},\"description\":\"Je suis Julien, r\u00e9dacteur pour Vie Associative. Passionn\u00e9 par le monde associatif depuis plus de 10 ans, j'ai \u00e0 c\u0153ur de partager des histoires inspirantes et de mettre en lumi\u00e8re les initiatives locales. Mon objectif est de sensibiliser et d'encourager l'engagement communautaire \u00e0 travers mes articles.\",\"sameAs\":[\"https:\/\/vieassociative.be\/\"]}]}<\/script>\n<!-- \/ Yoast SEO plugin. -->","yoast_head_json":{"title":"Prime Video est sur le point de retirer le streaming 4K aux utilisateurs \u00ab\u00a0de base\u00a0\u00bb | Vie Associative","robots":{"index":"index","follow":"follow","max-snippet":"max-snippet:-1","max-image-preview":"max-image-preview:large","max-video-preview":"max-video-preview:-1"},"canonical":"https:\/\/vieassociative.be\/actualites\/prime-video-est-sur-le-point-de-retirer-le-streaming-4k-aux-utilisateurs-de-base\/","og_locale":"fr_FR","og_type":"article","og_title":"Prime Video est sur le point de retirer le streaming 4K aux utilisateurs \u00ab\u00a0de base\u00a0\u00bb | Vie Associative","og_description":"Mauvaise nouvelle, abonn\u00e9s Prime : \u00e0 partir du 10 avril, Amazon verrouillera la qualit\u00e9 du streaming Prime Video \u00e0 1080p pour les utilisateurs \u00ab basiques","og_url":"https:\/\/vieassociative.be\/actualites\/prime-video-est-sur-le-point-de-retirer-le-streaming-4k-aux-utilisateurs-de-base\/","og_site_name":"Vie Associative","article_published_time":"2026-03-17T08:17:51+00:00","og_image":[{"width":279,"height":92,"url":"https:\/\/vieassociative.be\/actualites\/wp-content\/uploads\/2024\/09\/header_backgroundk-01-e1726694325946.png","type":"image\/png"}],"author":"Julien","twitter_card":"summary_large_image","twitter_misc":{"\u00c9crit par":"Julien","Dur\u00e9e de lecture est.":"2 minutes"},"schema":{"@context":"https:\/\/schema.org","@graph":[{"@type":"Article","@id":"https:\/\/vieassociative.be\/actualites\/prime-video-est-sur-le-point-de-retirer-le-streaming-4k-aux-utilisateurs-de-base\/#article","isPartOf":{"@id":"https:\/\/vieassociative.be\/actualites\/prime-video-est-sur-le-point-de-retirer-le-streaming-4k-aux-utilisateurs-de-base\/"},"author":{"name":"Julien","@id":"https:\/\/vieassociative.be\/actualites\/#\/schema\/person\/b87ac4f82f9d4e7b7cec7395b679edc4"},"headline":"Prime Video est sur le point de retirer le streaming 4K aux utilisateurs \u00ab\u00a0de base\u00a0\u00bb","datePublished":"2026-03-17T08:17:51+00:00","dateModified":"2026-03-17T08:17:51+00:00","mainEntityOfPage":{"@id":"https:\/\/vieassociative.be\/actualites\/prime-video-est-sur-le-point-de-retirer-le-streaming-4k-aux-utilisateurs-de-base\/"},"wordCount":424,"publisher":{"@id":"https:\/\/vieassociative.be\/actualites\/#organization"},"image":{"@id":"https:\/\/vieassociative.be\/actualites\/prime-video-est-sur-le-point-de-retirer-le-streaming-4k-aux-utilisateurs-de-base\/#primaryimage"},"thumbnailUrl":"https:\/\/vieassociative.be\/actualites\/wp-content\/uploads\/2026\/03\/Prime-Video-est-sur-le-point-de-retirer-le-streaming.jpg","keywords":["aux","base","est","point","Prime","retirer","streaming","sur","utilisateurs","vid\u00e9o"],"articleSection":["Technologie"],"inLanguage":"fr-BE"},{"@type":"WebPage","@id":"https:\/\/vieassociative.be\/actualites\/prime-video-est-sur-le-point-de-retirer-le-streaming-4k-aux-utilisateurs-de-base\/","url":"https:\/\/vieassociative.be\/actualites\/prime-video-est-sur-le-point-de-retirer-le-streaming-4k-aux-utilisateurs-de-base\/","name":"Prime Video est sur le point de retirer le streaming 4K aux utilisateurs \u00ab\u00a0de base\u00a0\u00bb | Vie Associative","isPartOf":{"@id":"https:\/\/vieassociative.be\/actualites\/#website"},"primaryImageOfPage":{"@id":"https:\/\/vieassociative.be\/actualites\/prime-video-est-sur-le-point-de-retirer-le-streaming-4k-aux-utilisateurs-de-base\/#primaryimage"},"image":{"@id":"https:\/\/vieassociative.be\/actualites\/prime-video-est-sur-le-point-de-retirer-le-streaming-4k-aux-utilisateurs-de-base\/#primaryimage"},"thumbnailUrl":"https:\/\/vieassociative.be\/actualites\/wp-content\/uploads\/2026\/03\/Prime-Video-est-sur-le-point-de-retirer-le-streaming.jpg","datePublished":"2026-03-17T08:17:51+00:00","dateModified":"2026-03-17T08:17:51+00:00","breadcrumb":{"@id":"https:\/\/vieassociative.be\/actualites\/prime-video-est-sur-le-point-de-retirer-le-streaming-4k-aux-utilisateurs-de-base\/#breadcrumb"},"inLanguage":"fr-BE","potentialAction":[{"@type":"ReadAction","target":["https:\/\/vieassociative.be\/actualites\/prime-video-est-sur-le-point-de-retirer-le-streaming-4k-aux-utilisateurs-de-base\/"]}]},{"@type":"ImageObject","inLanguage":"fr-BE","@id":"https:\/\/vieassociative.be\/actualites\/prime-video-est-sur-le-point-de-retirer-le-streaming-4k-aux-utilisateurs-de-base\/#primaryimage","url":"https:\/\/vieassociative.be\/actualites\/wp-content\/uploads\/2026\/03\/Prime-Video-est-sur-le-point-de-retirer-le-streaming.jpg","contentUrl":"https:\/\/vieassociative.be\/actualites\/wp-content\/uploads\/2026\/03\/Prime-Video-est-sur-le-point-de-retirer-le-streaming.jpg","width":1200,"height":675,"caption":"Prime Video est sur le point de retirer le streaming 4K aux utilisateurs \u00ab\u00a0de base\u00a0\u00bb"},{"@type":"BreadcrumbList","@id":"https:\/\/vieassociative.be\/actualites\/prime-video-est-sur-le-point-de-retirer-le-streaming-4k-aux-utilisateurs-de-base\/#breadcrumb","itemListElement":[{"@type":"ListItem","position":1,"name":"Accueil","item":"https:\/\/vieassociative.be\/actualites\/"},{"@type":"ListItem","position":2,"name":"Prime Video est sur le point de retirer le streaming 4K aux utilisateurs \u00ab\u00a0de base\u00a0\u00bb"}]},{"@type":"WebSite","@id":"https:\/\/vieassociative.be\/actualites\/#website","url":"https:\/\/vieassociative.be\/actualites\/","name":"Vie Associative","description":"","publisher":{"@id":"https:\/\/vieassociative.be\/actualites\/#organization"},"potentialAction":[{"@type":"SearchAction","target":{"@type":"EntryPoint","urlTemplate":"https:\/\/vieassociative.be\/actualites\/?s={search_term_string}"},"query-input":{"@type":"PropertyValueSpecification","valueRequired":true,"valueName":"search_term_string"}}],"inLanguage":"fr-BE"},{"@type":"Organization","@id":"https:\/\/vieassociative.be\/actualites\/#organization","name":"Vie Associative","url":"https:\/\/vieassociative.be\/actualites\/","logo":{"@type":"ImageObject","inLanguage":"fr-BE","@id":"https:\/\/vieassociative.be\/actualites\/#\/schema\/logo\/image\/","url":"https:\/\/vieassociative.be\/actualites\/wp-content\/uploads\/2024\/09\/cropped-vieassociative_favicon.ico.png","contentUrl":"https:\/\/vieassociative.be\/actualites\/wp-content\/uploads\/2024\/09\/cropped-vieassociative_favicon.ico.png","width":512,"height":512,"caption":"Vie Associative"},"image":{"@id":"https:\/\/vieassociative.be\/actualites\/#\/schema\/logo\/image\/"}},{"@type":"Person","@id":"https:\/\/vieassociative.be\/actualites\/#\/schema\/person\/b87ac4f82f9d4e7b7cec7395b679edc4","name":"Julien","image":{"@type":"ImageObject","inLanguage":"fr-BE","@id":"https:\/\/vieassociative.be\/actualites\/#\/schema\/person\/image\/","url":"https:\/\/vieassociative.be\/actualites\/wp-content\/uploads\/2024\/09\/vie-associative-1-150x150.jpg","contentUrl":"https:\/\/vieassociative.be\/actualites\/wp-content\/uploads\/2024\/09\/vie-associative-1-150x150.jpg","caption":"Julien"},"description":"Je suis Julien, r\u00e9dacteur pour Vie Associative. Passionn\u00e9 par le monde associatif depuis plus de 10 ans, j'ai \u00e0 c\u0153ur de partager des histoires inspirantes et de mettre en lumi\u00e8re les initiatives locales. Mon objectif est de sensibiliser et d'encourager l'engagement communautaire \u00e0 travers mes articles.","sameAs":["https:\/\/vieassociative.be\/"]}]}},"_links":{"self":[{"href":"https:\/\/vieassociative.be\/actualites\/wp-json\/wp\/v2\/posts\/13061"}],"collection":[{"href":"https:\/\/vieassociative.be\/actualites\/wp-json\/wp\/v2\/posts"}],"about":[{"href":"https:\/\/vieassociative.be\/actualites\/wp-json\/wp\/v2\/types\/post"}],"author":[{"embeddable":true,"href":"https:\/\/vieassociative.be\/actualites\/wp-json\/wp\/v2\/users\/1"}],"replies":[{"embeddable":true,"href":"https:\/\/vieassociative.be\/actualites\/wp-json\/wp\/v2\/comments?post=13061"}],"version-history":[{"count":0,"href":"https:\/\/vieassociative.be\/actualites\/wp-json\/wp\/v2\/posts\/13061\/revisions"}],"wp:featuredmedia":[{"embeddable":true,"href":"https:\/\/vieassociative.be\/actualites\/wp-json\/wp\/v2\/media\/13062"}],"wp:attachment":[{"href":"https:\/\/vieassociative.be\/actualites\/wp-json\/wp\/v2\/media?parent=13061"}],"wp:term":[{"taxonomy":"category","embeddable":true,"href":"https:\/\/vieassociative.be\/actualites\/wp-json\/wp\/v2\/categories?post=13061"},{"taxonomy":"post_tag","embeddable":true,"href":"https:\/\/vieassociative.be\/actualites\/wp-json\/wp\/v2\/tags?post=13061"}],"curies":[{"name":"wp","href":"https:\/\/api.w.org\/{rel}","templated":true}]}}