{"id":13059,"date":"2026-03-17T04:19:10","date_gmt":"2026-03-17T03:19:10","guid":{"rendered":"https:\/\/vieassociative.be\/actualites\/la-militante-bielorusse-des-droits-civiques-maria-kolesnikova-a-recu-le-prix-charlemagne-a-aix-la-chapelle\/"},"modified":"2026-03-17T04:19:10","modified_gmt":"2026-03-17T03:19:10","slug":"la-militante-bielorusse-des-droits-civiques-maria-kolesnikova-a-recu-le-prix-charlemagne-a-aix-la-chapelle","status":"publish","type":"post","link":"https:\/\/vieassociative.be\/actualites\/la-militante-bielorusse-des-droits-civiques-maria-kolesnikova-a-recu-le-prix-charlemagne-a-aix-la-chapelle\/","title":{"rendered":"La militante bi\u00e9lorusse des droits civiques Maria Kolesnikova a re\u00e7u le prix Charlemagne \u00e0 Aix-la-Chapelle"},"content":{"rendered":"<p><strong>La militante bi\u00e9lorusse des droits civiques Maria Kolesnikova a re\u00e7u le prix Charlemagne \u00e0 Aix-la-Chapelle avec quatre ans de retard. Elle en a profit\u00e9 pour appeler \u00e0 d\u00e9fendre les valeurs europ\u00e9ennes contre la \u00ab voix de l\u2019agression \u00bb.<\/strong><\/p>\n<p><span id=\"more-437561\"><\/span>Lorsqu&rsquo;elle a re\u00e7u le prix Charlemagne, Maria Kolesnikova a appel\u00e9 l&rsquo;Europe \u00e0 conserver ses valeurs m\u00eame dans la \u00ab p\u00e9riode de grande incertitude \u00bb actuelle.<\/p>\n<p>\u00ab\u00a0Nous pouvons d\u00e9sormais voir ce qu&rsquo;est vraiment l&rsquo;Europe\u00a0\u00bb, a d\u00e9clar\u00e9 la femme de 43 ans dans son discours de remerciement \u00e0 la mairie d&rsquo;Aix-la-Chapelle. \u00ab\u00a0Pas de pouvoir, pas de peur, pas de violence. Mais des gens qui s&rsquo;unissent, des gens qui pr\u00e9servent leur dignit\u00e9, des gens qui d\u00e9fendent la libert\u00e9.\u00a0\u00bb Parfois, la \u00ab voix de l\u2019agressivit\u00e9 \u00bb semble la plus forte. \u00ab Nos voix doivent \u00eatre plus fortes \u00bb, a-t-elle exig\u00e9.<\/p>\n<div id=\"attachment_437564\" class=\"wp-caption alignleft\" style=\"max-width: 300px\"><img fetchpriority=\"high\" decoding=\"async\" class=\"wp-image-437564 size-medium\" src=\"https:\/\/vieassociative.be\/actualites\/wp-content\/uploads\/2026\/03\/La-militante-bielorusse-des-droits-civiques-Maria-Kolesnikova-a-recu.jpg\" alt=\"\" width=\"300\" height=\"200\"><\/div>\n<p>Kolesnikova avait d\u00e9j\u00e0 re\u00e7u le prix Charlemagne en 2022, mais elle \u00e9tait \u00e0 l&rsquo;\u00e9poque emprisonn\u00e9e en Bi\u00e9lorussie. Elle a \u00e9t\u00e9 lib\u00e9r\u00e9e en d\u00e9cembre dernier apr\u00e8s cinq ans de prison, lorsque le dirigeant Alexandre Loukachenko a lib\u00e9r\u00e9 plus de 120 prisonniers politiques sous la pression am\u00e9ricaine.<\/p>\n<p>En 2020, Kolesnikova a \u00e9t\u00e9 l\u2019un des leaders des manifestations de masse apr\u00e8s l\u2019\u00e9lection pr\u00e9sidentielle en Bi\u00e9lorussie, qui a \u00e9t\u00e9 \u00e9clips\u00e9e par des all\u00e9gations de manipulation. Dans son discours, elle a rappel\u00e9 qu&rsquo;il y a encore plus de 1 000 prisonniers politiques en Bi\u00e9lorussie. \u00ab\u00a0C&rsquo;est pourquoi je parle en leur nom aujourd&rsquo;hui.\u00a0\u00bb<\/p>\n<p><strong>\u2013 Dans la salle d\u2019audience, elle a form\u00e9 un c\u0153ur avec ses mains li\u00e9es :<\/strong> Le maire d&rsquo;Aix-la-Chapelle, Michael Ziemons (CDU), a rappel\u00e9 comment Maria Kolesnikova avait form\u00e9 un c\u0153ur avec les mains li\u00e9es dans la salle d&rsquo;audience en 2021. \u00ab Ce c\u0153ur est devenu un symbole \u00bb, a-t-il d\u00e9clar\u00e9. Un symbole de \u00ab la puissance d\u2019une volont\u00e9 humaine qui ne c\u00e8de pas \u00e0 l\u2019injustice \u00bb.<\/p>\n<div id=\"attachment_257479\" class=\"wp-caption alignleft\" style=\"max-width: 300px\"><img decoding=\"async\" class=\"wp-image-257479 size-medium\" src=\"https:\/\/vieassociative.be\/actualites\/wp-content\/uploads\/2026\/03\/La-militante-bielorusse-des-droits-civiques-Maria-Kolesnikova-a-recu.jpeg\" alt=\"\" width=\"300\" height=\"205\"><\/div>\n<p>Le Prix Charlemagne est consid\u00e9r\u00e9 comme la r\u00e9compense la plus importante pour services rendus \u00e0 l&rsquo;unification europ\u00e9enne. Kolesnikova a soulign\u00e9 que l&rsquo;Europe n&rsquo;est pas seulement un projet politique : \u00ab\u00a0L&rsquo;Europe est une communaut\u00e9 de valeurs : la dignit\u00e9 humaine, la libert\u00e9 d&rsquo;expression, le droit des peuples \u00e0 d\u00e9terminer leur propre avenir &#8211; et notre culture\u00a0\u00bb.<\/p>\n<p>Depuis sa lib\u00e9ration, Kolesnikova s&rsquo;est prononc\u00e9e \u00e0 plusieurs reprises en faveur d&rsquo;une initiative diplomatique des \u00c9tats de l&rsquo;UE envers la Bi\u00e9lorussie. Elle a d\u00e9clar\u00e9 \u00e0 l&rsquo;agence de presse allemande \u00e0 Aix-la-Chapelle qu&rsquo;il n&rsquo;y a actuellement pratiquement aucune possibilit\u00e9 pour les jeunes Bi\u00e9lorusses de conna\u00eetre l&rsquo;Union europ\u00e9enne ou les \u00c9tats-Unis. \u00ab\u00a0Encore cinq ans et nous aurons alors une jeune g\u00e9n\u00e9ration qui n&rsquo;a plus aucune id\u00e9e de ce qu&rsquo;est l&rsquo;Europe et des valeurs pour lesquelles nous avons combattu en 2020. Et je pense que c&rsquo;est un gros probl\u00e8me parce que ces jeunes se tourneront alors vers la Russie \u2013 parce qu&rsquo;ils ne connaissent pas de voie alternative, parce qu&rsquo;ils n&rsquo;ont pas eu la possibilit\u00e9 de respirer un air de libert\u00e9.\u00a0\u00bb<\/p>\n<p><strong>\u2013 La militante des droits civiques Kolesnikova a lu 700 livres en prison :<\/strong> Comment survivre cinq ans de d\u00e9tention politique en Bi\u00e9lorussie, parfois en isolement ? La militante des droits civiques Maria Kolesnikova nous raconte ce qui l&rsquo;a aid\u00e9e &#8211; et pourquoi elle se sentait libre malgr\u00e9 tout.<\/p>\n<p>La militante bi\u00e9lorusse des droits civiques Maria Kolesnikova a lu plus de 700 livres au cours de ses cinq ann\u00e9es de prison. \u00ab\u00a0Avec les livres, on ne se sent jamais seul\u00a0\u00bb, a d\u00e9clar\u00e9 Kolesnikova \u00e0 l&rsquo;agence de presse allemande \u00e0 Aix-la-Chapelle, o\u00f9 elle a re\u00e7u le prix Charlemagne. \u00ab\u00a0C&rsquo;est toujours un dialogue, une discussion avec les auteurs. Vous \u00eates toujours en bonne compagnie, vous avez Shakespeare, Goethe, Hannah Arendt.\u00a0\u00bb<\/p>\n<div id=\"attachment_320625\" class=\"wp-caption alignleft\" style=\"max-width: 300px\"><img decoding=\"async\" class=\"wp-image-320625 size-medium\" src=\"https:\/\/vieassociative.be\/actualites\/wp-content\/uploads\/2026\/03\/1773717550_274_La-militante-bielorusse-des-droits-civiques-Maria-Kolesnikova-a-recu.jpeg\" alt=\"\" width=\"300\" height=\"189\"><\/div>\n<p><strong>\u2013 Aucun contact avec la famille depuis trois ans :<\/strong> Kolesnikova a d\u00e9clar\u00e9 qu&rsquo;elle avait \u00e9t\u00e9 plac\u00e9e \u00e0 l&rsquo;isolement pendant environ deux ans et demi sur cinq ans, mais pas d&rsquo;un seul coup. Elle n&rsquo;a eu aucun contact avec le monde ext\u00e9rieur pendant environ trois ans. \u00ab\u00a0Cela signifie que je n&rsquo;ai re\u00e7u aucune lettre de ma famille, aucun appel t\u00e9l\u00e9phonique, aucun colis. Je n&rsquo;ai tout simplement pas eu de nouvelles de ma famille et de mes amis, et ils n&rsquo;ont re\u00e7u aucune information de ma part.\u00a0\u00bb Mais la solitude l\u2019a aid\u00e9e \u00e0 se concentrer pleinement sur les livres. \u00ab\u00a0Dans mon esprit, dans mon \u00e2me, je n&rsquo;ai pas \u00e9t\u00e9 en prison une seule minute, seul mon corps \u00e9tait dans la cellule. Je me suis toujours senti libre et cela m&rsquo;a aid\u00e9 \u00e0 traverser toutes ces ann\u00e9es.\u00a0\u00bb<\/p>\n<p><strong>\u2013 Elle a d\u00fb s\u2019habituer \u00e0 certaines choses dans sa libert\u00e9 :<\/strong> Aujourd&rsquo;hui, elle jouit de la libert\u00e9, avant tout du contact avec sa famille, dit-elle, mais aussi de la musique, des concerts et des expositions. \u00ab\u00a0Cela m&rsquo;apporte beaucoup, beaucoup de joie.\u00a0\u00bb Elle a d\u00fb s&rsquo;habituer \u00e0 nouveau \u00e0 certaines choses, par exemple se d\u00e9placer dans la circulation ou \u00eatre dans un magasin avec beaucoup d&rsquo;autres personnes. Mais c&rsquo;est une question de s&rsquo;y habituer. Sur le plan technique, beaucoup de choses ont chang\u00e9 au cours des cinq derni\u00e8res ann\u00e9es : \u00ab Je suis tr\u00e8s heureux que la num\u00e9risation progresse lentement en Allemagne. \u00bb (dpa)<\/p>\n","protected":false},"excerpt":{"rendered":"<p>La militante bi\u00e9lorusse des droits civiques Maria Kolesnikova a re\u00e7u le prix Charlemagne \u00e0 Aix-la-Chapelle avec quatre ans de retard. Elle en a profit\u00e9 pour<\/p>\n","protected":false},"author":1,"featured_media":13060,"comment_status":"","ping_status":"","sticky":false,"template":"","format":"standard","meta":{"footnotes":""},"categories":[298],"tags":[3440,10267,4761,10268,29,779,10270,10269,4836,1399,3920],"class_list":["post-13059","post","type-post","status-publish","format-standard","has-post-thumbnail","hentry","category-belgique","tag-aixlachapelle","tag-bielorusse","tag-charlemagne","tag-civiques","tag-des","tag-droits","tag-kolesnikova","tag-maria","tag-militante","tag-prix","tag-recu","generate-columns","tablet-grid-50","mobile-grid-100","grid-parent","grid-33"],"yoast_head":"<!-- This site is optimized with the Yoast SEO plugin v24.0 - https:\/\/yoast.com\/wordpress\/plugins\/seo\/ -->\n<title>La militante bi\u00e9lorusse des droits civiques Maria Kolesnikova a re\u00e7u le prix Charlemagne \u00e0 Aix-la-Chapelle | Vie Associative<\/title>\n<meta name=\"robots\" content=\"index, follow, max-snippet:-1, max-image-preview:large, max-video-preview:-1\" \/>\n<link rel=\"canonical\" href=\"https:\/\/vieassociative.be\/actualites\/la-militante-bielorusse-des-droits-civiques-maria-kolesnikova-a-recu-le-prix-charlemagne-a-aix-la-chapelle\/\" \/>\n<meta property=\"og:locale\" content=\"fr_FR\" \/>\n<meta property=\"og:type\" content=\"article\" \/>\n<meta property=\"og:title\" content=\"La militante bi\u00e9lorusse des droits civiques Maria Kolesnikova a re\u00e7u le prix Charlemagne \u00e0 Aix-la-Chapelle | Vie Associative\" \/>\n<meta property=\"og:description\" content=\"La militante bi\u00e9lorusse des droits civiques Maria Kolesnikova a re\u00e7u le prix Charlemagne \u00e0 Aix-la-Chapelle avec quatre ans de retard. Elle en a profit\u00e9 pour\" \/>\n<meta property=\"og:url\" content=\"https:\/\/vieassociative.be\/actualites\/la-militante-bielorusse-des-droits-civiques-maria-kolesnikova-a-recu-le-prix-charlemagne-a-aix-la-chapelle\/\" \/>\n<meta property=\"og:site_name\" content=\"Vie Associative\" \/>\n<meta property=\"article:published_time\" content=\"2026-03-17T03:19:10+00:00\" \/>\n<meta property=\"og:image\" content=\"https:\/\/vieassociative.be\/actualites\/wp-content\/uploads\/2024\/09\/header_backgroundk-01-e1726694325946.png\" \/>\n\t<meta property=\"og:image:width\" content=\"279\" \/>\n\t<meta property=\"og:image:height\" content=\"92\" \/>\n\t<meta property=\"og:image:type\" content=\"image\/png\" \/>\n<meta name=\"author\" content=\"Julien\" \/>\n<meta name=\"twitter:card\" content=\"summary_large_image\" \/>\n<meta name=\"twitter:label1\" content=\"\u00c9crit par\" \/>\n\t<meta name=\"twitter:data1\" content=\"Julien\" \/>\n\t<meta name=\"twitter:label2\" content=\"Dur\u00e9e de lecture est.\" \/>\n\t<meta name=\"twitter:data2\" content=\"4 minutes\" \/>\n<script type=\"application\/ld+json\" class=\"yoast-schema-graph\">{\"@context\":\"https:\/\/schema.org\",\"@graph\":[{\"@type\":\"Article\",\"@id\":\"https:\/\/vieassociative.be\/actualites\/la-militante-bielorusse-des-droits-civiques-maria-kolesnikova-a-recu-le-prix-charlemagne-a-aix-la-chapelle\/#article\",\"isPartOf\":{\"@id\":\"https:\/\/vieassociative.be\/actualites\/la-militante-bielorusse-des-droits-civiques-maria-kolesnikova-a-recu-le-prix-charlemagne-a-aix-la-chapelle\/\"},\"author\":{\"name\":\"Julien\",\"@id\":\"https:\/\/vieassociative.be\/actualites\/#\/schema\/person\/b87ac4f82f9d4e7b7cec7395b679edc4\"},\"headline\":\"La militante bi\u00e9lorusse des droits civiques Maria Kolesnikova a re\u00e7u le prix Charlemagne \u00e0 Aix-la-Chapelle\",\"datePublished\":\"2026-03-17T03:19:10+00:00\",\"dateModified\":\"2026-03-17T03:19:10+00:00\",\"mainEntityOfPage\":{\"@id\":\"https:\/\/vieassociative.be\/actualites\/la-militante-bielorusse-des-droits-civiques-maria-kolesnikova-a-recu-le-prix-charlemagne-a-aix-la-chapelle\/\"},\"wordCount\":915,\"publisher\":{\"@id\":\"https:\/\/vieassociative.be\/actualites\/#organization\"},\"image\":{\"@id\":\"https:\/\/vieassociative.be\/actualites\/la-militante-bielorusse-des-droits-civiques-maria-kolesnikova-a-recu-le-prix-charlemagne-a-aix-la-chapelle\/#primaryimage\"},\"thumbnailUrl\":\"https:\/\/vieassociative.be\/actualites\/wp-content\/uploads\/2026\/03\/1773717554_La-militante-bielorusse-des-droits-civiques-Maria-Kolesnikova-a-recu.jpg\",\"keywords\":[\"AixlaChapelle\",\"bi\u00e9lorusse\",\"Charlemagne\",\"civiques\",\"Des\",\"droits\",\"Kolesnikova\",\"Maria\",\"militante\",\"prix\",\"re\u00e7u\"],\"articleSection\":[\"Belgique\"],\"inLanguage\":\"fr-BE\"},{\"@type\":\"WebPage\",\"@id\":\"https:\/\/vieassociative.be\/actualites\/la-militante-bielorusse-des-droits-civiques-maria-kolesnikova-a-recu-le-prix-charlemagne-a-aix-la-chapelle\/\",\"url\":\"https:\/\/vieassociative.be\/actualites\/la-militante-bielorusse-des-droits-civiques-maria-kolesnikova-a-recu-le-prix-charlemagne-a-aix-la-chapelle\/\",\"name\":\"La militante bi\u00e9lorusse des droits civiques Maria Kolesnikova a re\u00e7u le prix Charlemagne \u00e0 Aix-la-Chapelle | Vie Associative\",\"isPartOf\":{\"@id\":\"https:\/\/vieassociative.be\/actualites\/#website\"},\"primaryImageOfPage\":{\"@id\":\"https:\/\/vieassociative.be\/actualites\/la-militante-bielorusse-des-droits-civiques-maria-kolesnikova-a-recu-le-prix-charlemagne-a-aix-la-chapelle\/#primaryimage\"},\"image\":{\"@id\":\"https:\/\/vieassociative.be\/actualites\/la-militante-bielorusse-des-droits-civiques-maria-kolesnikova-a-recu-le-prix-charlemagne-a-aix-la-chapelle\/#primaryimage\"},\"thumbnailUrl\":\"https:\/\/vieassociative.be\/actualites\/wp-content\/uploads\/2026\/03\/1773717554_La-militante-bielorusse-des-droits-civiques-Maria-Kolesnikova-a-recu.jpg\",\"datePublished\":\"2026-03-17T03:19:10+00:00\",\"dateModified\":\"2026-03-17T03:19:10+00:00\",\"breadcrumb\":{\"@id\":\"https:\/\/vieassociative.be\/actualites\/la-militante-bielorusse-des-droits-civiques-maria-kolesnikova-a-recu-le-prix-charlemagne-a-aix-la-chapelle\/#breadcrumb\"},\"inLanguage\":\"fr-BE\",\"potentialAction\":[{\"@type\":\"ReadAction\",\"target\":[\"https:\/\/vieassociative.be\/actualites\/la-militante-bielorusse-des-droits-civiques-maria-kolesnikova-a-recu-le-prix-charlemagne-a-aix-la-chapelle\/\"]}]},{\"@type\":\"ImageObject\",\"inLanguage\":\"fr-BE\",\"@id\":\"https:\/\/vieassociative.be\/actualites\/la-militante-bielorusse-des-droits-civiques-maria-kolesnikova-a-recu-le-prix-charlemagne-a-aix-la-chapelle\/#primaryimage\",\"url\":\"https:\/\/vieassociative.be\/actualites\/wp-content\/uploads\/2026\/03\/1773717554_La-militante-bielorusse-des-droits-civiques-Maria-Kolesnikova-a-recu.jpg\",\"contentUrl\":\"https:\/\/vieassociative.be\/actualites\/wp-content\/uploads\/2026\/03\/1773717554_La-militante-bielorusse-des-droits-civiques-Maria-Kolesnikova-a-recu.jpg\",\"width\":1200,\"height\":901,\"caption\":\"La militante bi\u00e9lorusse des droits civiques Maria Kolesnikova a re\u00e7u le prix Charlemagne \u00e0 Aix-la-Chapelle\"},{\"@type\":\"BreadcrumbList\",\"@id\":\"https:\/\/vieassociative.be\/actualites\/la-militante-bielorusse-des-droits-civiques-maria-kolesnikova-a-recu-le-prix-charlemagne-a-aix-la-chapelle\/#breadcrumb\",\"itemListElement\":[{\"@type\":\"ListItem\",\"position\":1,\"name\":\"Accueil\",\"item\":\"https:\/\/vieassociative.be\/actualites\/\"},{\"@type\":\"ListItem\",\"position\":2,\"name\":\"La militante bi\u00e9lorusse des droits civiques Maria Kolesnikova a re\u00e7u le prix Charlemagne \u00e0 Aix-la-Chapelle\"}]},{\"@type\":\"WebSite\",\"@id\":\"https:\/\/vieassociative.be\/actualites\/#website\",\"url\":\"https:\/\/vieassociative.be\/actualites\/\",\"name\":\"Vie Associative\",\"description\":\"\",\"publisher\":{\"@id\":\"https:\/\/vieassociative.be\/actualites\/#organization\"},\"potentialAction\":[{\"@type\":\"SearchAction\",\"target\":{\"@type\":\"EntryPoint\",\"urlTemplate\":\"https:\/\/vieassociative.be\/actualites\/?s={search_term_string}\"},\"query-input\":{\"@type\":\"PropertyValueSpecification\",\"valueRequired\":true,\"valueName\":\"search_term_string\"}}],\"inLanguage\":\"fr-BE\"},{\"@type\":\"Organization\",\"@id\":\"https:\/\/vieassociative.be\/actualites\/#organization\",\"name\":\"Vie Associative\",\"url\":\"https:\/\/vieassociative.be\/actualites\/\",\"logo\":{\"@type\":\"ImageObject\",\"inLanguage\":\"fr-BE\",\"@id\":\"https:\/\/vieassociative.be\/actualites\/#\/schema\/logo\/image\/\",\"url\":\"https:\/\/vieassociative.be\/actualites\/wp-content\/uploads\/2024\/09\/cropped-vieassociative_favicon.ico.png\",\"contentUrl\":\"https:\/\/vieassociative.be\/actualites\/wp-content\/uploads\/2024\/09\/cropped-vieassociative_favicon.ico.png\",\"width\":512,\"height\":512,\"caption\":\"Vie Associative\"},\"image\":{\"@id\":\"https:\/\/vieassociative.be\/actualites\/#\/schema\/logo\/image\/\"}},{\"@type\":\"Person\",\"@id\":\"https:\/\/vieassociative.be\/actualites\/#\/schema\/person\/b87ac4f82f9d4e7b7cec7395b679edc4\",\"name\":\"Julien\",\"image\":{\"@type\":\"ImageObject\",\"inLanguage\":\"fr-BE\",\"@id\":\"https:\/\/vieassociative.be\/actualites\/#\/schema\/person\/image\/\",\"url\":\"https:\/\/vieassociative.be\/actualites\/wp-content\/uploads\/2024\/09\/vie-associative-1-150x150.jpg\",\"contentUrl\":\"https:\/\/vieassociative.be\/actualites\/wp-content\/uploads\/2024\/09\/vie-associative-1-150x150.jpg\",\"caption\":\"Julien\"},\"description\":\"Je suis Julien, r\u00e9dacteur pour Vie Associative. Passionn\u00e9 par le monde associatif depuis plus de 10 ans, j'ai \u00e0 c\u0153ur de partager des histoires inspirantes et de mettre en lumi\u00e8re les initiatives locales. Mon objectif est de sensibiliser et d'encourager l'engagement communautaire \u00e0 travers mes articles.\",\"sameAs\":[\"https:\/\/vieassociative.be\/\"]}]}<\/script>\n<!-- \/ Yoast SEO plugin. -->","yoast_head_json":{"title":"La militante bi\u00e9lorusse des droits civiques Maria Kolesnikova a re\u00e7u le prix Charlemagne \u00e0 Aix-la-Chapelle | Vie Associative","robots":{"index":"index","follow":"follow","max-snippet":"max-snippet:-1","max-image-preview":"max-image-preview:large","max-video-preview":"max-video-preview:-1"},"canonical":"https:\/\/vieassociative.be\/actualites\/la-militante-bielorusse-des-droits-civiques-maria-kolesnikova-a-recu-le-prix-charlemagne-a-aix-la-chapelle\/","og_locale":"fr_FR","og_type":"article","og_title":"La militante bi\u00e9lorusse des droits civiques Maria Kolesnikova a re\u00e7u le prix Charlemagne \u00e0 Aix-la-Chapelle | Vie Associative","og_description":"La militante bi\u00e9lorusse des droits civiques Maria Kolesnikova a re\u00e7u le prix Charlemagne \u00e0 Aix-la-Chapelle avec quatre ans de retard. Elle en a profit\u00e9 pour","og_url":"https:\/\/vieassociative.be\/actualites\/la-militante-bielorusse-des-droits-civiques-maria-kolesnikova-a-recu-le-prix-charlemagne-a-aix-la-chapelle\/","og_site_name":"Vie Associative","article_published_time":"2026-03-17T03:19:10+00:00","og_image":[{"width":279,"height":92,"url":"https:\/\/vieassociative.be\/actualites\/wp-content\/uploads\/2024\/09\/header_backgroundk-01-e1726694325946.png","type":"image\/png"}],"author":"Julien","twitter_card":"summary_large_image","twitter_misc":{"\u00c9crit par":"Julien","Dur\u00e9e de lecture est.":"4 minutes"},"schema":{"@context":"https:\/\/schema.org","@graph":[{"@type":"Article","@id":"https:\/\/vieassociative.be\/actualites\/la-militante-bielorusse-des-droits-civiques-maria-kolesnikova-a-recu-le-prix-charlemagne-a-aix-la-chapelle\/#article","isPartOf":{"@id":"https:\/\/vieassociative.be\/actualites\/la-militante-bielorusse-des-droits-civiques-maria-kolesnikova-a-recu-le-prix-charlemagne-a-aix-la-chapelle\/"},"author":{"name":"Julien","@id":"https:\/\/vieassociative.be\/actualites\/#\/schema\/person\/b87ac4f82f9d4e7b7cec7395b679edc4"},"headline":"La militante bi\u00e9lorusse des droits civiques Maria Kolesnikova a re\u00e7u le prix Charlemagne \u00e0 Aix-la-Chapelle","datePublished":"2026-03-17T03:19:10+00:00","dateModified":"2026-03-17T03:19:10+00:00","mainEntityOfPage":{"@id":"https:\/\/vieassociative.be\/actualites\/la-militante-bielorusse-des-droits-civiques-maria-kolesnikova-a-recu-le-prix-charlemagne-a-aix-la-chapelle\/"},"wordCount":915,"publisher":{"@id":"https:\/\/vieassociative.be\/actualites\/#organization"},"image":{"@id":"https:\/\/vieassociative.be\/actualites\/la-militante-bielorusse-des-droits-civiques-maria-kolesnikova-a-recu-le-prix-charlemagne-a-aix-la-chapelle\/#primaryimage"},"thumbnailUrl":"https:\/\/vieassociative.be\/actualites\/wp-content\/uploads\/2026\/03\/1773717554_La-militante-bielorusse-des-droits-civiques-Maria-Kolesnikova-a-recu.jpg","keywords":["AixlaChapelle","bi\u00e9lorusse","Charlemagne","civiques","Des","droits","Kolesnikova","Maria","militante","prix","re\u00e7u"],"articleSection":["Belgique"],"inLanguage":"fr-BE"},{"@type":"WebPage","@id":"https:\/\/vieassociative.be\/actualites\/la-militante-bielorusse-des-droits-civiques-maria-kolesnikova-a-recu-le-prix-charlemagne-a-aix-la-chapelle\/","url":"https:\/\/vieassociative.be\/actualites\/la-militante-bielorusse-des-droits-civiques-maria-kolesnikova-a-recu-le-prix-charlemagne-a-aix-la-chapelle\/","name":"La militante bi\u00e9lorusse des droits civiques Maria Kolesnikova a re\u00e7u le prix Charlemagne \u00e0 Aix-la-Chapelle | Vie Associative","isPartOf":{"@id":"https:\/\/vieassociative.be\/actualites\/#website"},"primaryImageOfPage":{"@id":"https:\/\/vieassociative.be\/actualites\/la-militante-bielorusse-des-droits-civiques-maria-kolesnikova-a-recu-le-prix-charlemagne-a-aix-la-chapelle\/#primaryimage"},"image":{"@id":"https:\/\/vieassociative.be\/actualites\/la-militante-bielorusse-des-droits-civiques-maria-kolesnikova-a-recu-le-prix-charlemagne-a-aix-la-chapelle\/#primaryimage"},"thumbnailUrl":"https:\/\/vieassociative.be\/actualites\/wp-content\/uploads\/2026\/03\/1773717554_La-militante-bielorusse-des-droits-civiques-Maria-Kolesnikova-a-recu.jpg","datePublished":"2026-03-17T03:19:10+00:00","dateModified":"2026-03-17T03:19:10+00:00","breadcrumb":{"@id":"https:\/\/vieassociative.be\/actualites\/la-militante-bielorusse-des-droits-civiques-maria-kolesnikova-a-recu-le-prix-charlemagne-a-aix-la-chapelle\/#breadcrumb"},"inLanguage":"fr-BE","potentialAction":[{"@type":"ReadAction","target":["https:\/\/vieassociative.be\/actualites\/la-militante-bielorusse-des-droits-civiques-maria-kolesnikova-a-recu-le-prix-charlemagne-a-aix-la-chapelle\/"]}]},{"@type":"ImageObject","inLanguage":"fr-BE","@id":"https:\/\/vieassociative.be\/actualites\/la-militante-bielorusse-des-droits-civiques-maria-kolesnikova-a-recu-le-prix-charlemagne-a-aix-la-chapelle\/#primaryimage","url":"https:\/\/vieassociative.be\/actualites\/wp-content\/uploads\/2026\/03\/1773717554_La-militante-bielorusse-des-droits-civiques-Maria-Kolesnikova-a-recu.jpg","contentUrl":"https:\/\/vieassociative.be\/actualites\/wp-content\/uploads\/2026\/03\/1773717554_La-militante-bielorusse-des-droits-civiques-Maria-Kolesnikova-a-recu.jpg","width":1200,"height":901,"caption":"La militante bi\u00e9lorusse des droits civiques Maria Kolesnikova a re\u00e7u le prix Charlemagne \u00e0 Aix-la-Chapelle"},{"@type":"BreadcrumbList","@id":"https:\/\/vieassociative.be\/actualites\/la-militante-bielorusse-des-droits-civiques-maria-kolesnikova-a-recu-le-prix-charlemagne-a-aix-la-chapelle\/#breadcrumb","itemListElement":[{"@type":"ListItem","position":1,"name":"Accueil","item":"https:\/\/vieassociative.be\/actualites\/"},{"@type":"ListItem","position":2,"name":"La militante bi\u00e9lorusse des droits civiques Maria Kolesnikova a re\u00e7u le prix Charlemagne \u00e0 Aix-la-Chapelle"}]},{"@type":"WebSite","@id":"https:\/\/vieassociative.be\/actualites\/#website","url":"https:\/\/vieassociative.be\/actualites\/","name":"Vie Associative","description":"","publisher":{"@id":"https:\/\/vieassociative.be\/actualites\/#organization"},"potentialAction":[{"@type":"SearchAction","target":{"@type":"EntryPoint","urlTemplate":"https:\/\/vieassociative.be\/actualites\/?s={search_term_string}"},"query-input":{"@type":"PropertyValueSpecification","valueRequired":true,"valueName":"search_term_string"}}],"inLanguage":"fr-BE"},{"@type":"Organization","@id":"https:\/\/vieassociative.be\/actualites\/#organization","name":"Vie Associative","url":"https:\/\/vieassociative.be\/actualites\/","logo":{"@type":"ImageObject","inLanguage":"fr-BE","@id":"https:\/\/vieassociative.be\/actualites\/#\/schema\/logo\/image\/","url":"https:\/\/vieassociative.be\/actualites\/wp-content\/uploads\/2024\/09\/cropped-vieassociative_favicon.ico.png","contentUrl":"https:\/\/vieassociative.be\/actualites\/wp-content\/uploads\/2024\/09\/cropped-vieassociative_favicon.ico.png","width":512,"height":512,"caption":"Vie Associative"},"image":{"@id":"https:\/\/vieassociative.be\/actualites\/#\/schema\/logo\/image\/"}},{"@type":"Person","@id":"https:\/\/vieassociative.be\/actualites\/#\/schema\/person\/b87ac4f82f9d4e7b7cec7395b679edc4","name":"Julien","image":{"@type":"ImageObject","inLanguage":"fr-BE","@id":"https:\/\/vieassociative.be\/actualites\/#\/schema\/person\/image\/","url":"https:\/\/vieassociative.be\/actualites\/wp-content\/uploads\/2024\/09\/vie-associative-1-150x150.jpg","contentUrl":"https:\/\/vieassociative.be\/actualites\/wp-content\/uploads\/2024\/09\/vie-associative-1-150x150.jpg","caption":"Julien"},"description":"Je suis Julien, r\u00e9dacteur pour Vie Associative. Passionn\u00e9 par le monde associatif depuis plus de 10 ans, j'ai \u00e0 c\u0153ur de partager des histoires inspirantes et de mettre en lumi\u00e8re les initiatives locales. Mon objectif est de sensibiliser et d'encourager l'engagement communautaire \u00e0 travers mes articles.","sameAs":["https:\/\/vieassociative.be\/"]}]}},"_links":{"self":[{"href":"https:\/\/vieassociative.be\/actualites\/wp-json\/wp\/v2\/posts\/13059"}],"collection":[{"href":"https:\/\/vieassociative.be\/actualites\/wp-json\/wp\/v2\/posts"}],"about":[{"href":"https:\/\/vieassociative.be\/actualites\/wp-json\/wp\/v2\/types\/post"}],"author":[{"embeddable":true,"href":"https:\/\/vieassociative.be\/actualites\/wp-json\/wp\/v2\/users\/1"}],"replies":[{"embeddable":true,"href":"https:\/\/vieassociative.be\/actualites\/wp-json\/wp\/v2\/comments?post=13059"}],"version-history":[{"count":0,"href":"https:\/\/vieassociative.be\/actualites\/wp-json\/wp\/v2\/posts\/13059\/revisions"}],"wp:featuredmedia":[{"embeddable":true,"href":"https:\/\/vieassociative.be\/actualites\/wp-json\/wp\/v2\/media\/13060"}],"wp:attachment":[{"href":"https:\/\/vieassociative.be\/actualites\/wp-json\/wp\/v2\/media?parent=13059"}],"wp:term":[{"taxonomy":"category","embeddable":true,"href":"https:\/\/vieassociative.be\/actualites\/wp-json\/wp\/v2\/categories?post=13059"},{"taxonomy":"post_tag","embeddable":true,"href":"https:\/\/vieassociative.be\/actualites\/wp-json\/wp\/v2\/tags?post=13059"}],"curies":[{"name":"wp","href":"https:\/\/api.w.org\/{rel}","templated":true}]}}