{"id":13057,"date":"2026-03-17T03:18:02","date_gmt":"2026-03-17T02:18:02","guid":{"rendered":"https:\/\/vieassociative.be\/actualites\/tous-les-details-sur-la-reponse-de-target-a-la-grande-vente-de-printemps-damazon\/"},"modified":"2026-03-17T03:18:02","modified_gmt":"2026-03-17T02:18:02","slug":"tous-les-details-sur-la-reponse-de-target-a-la-grande-vente-de-printemps-damazon","status":"publish","type":"post","link":"https:\/\/vieassociative.be\/actualites\/tous-les-details-sur-la-reponse-de-target-a-la-grande-vente-de-printemps-damazon\/","title":{"rendered":"Tous les d\u00e9tails sur la r\u00e9ponse de Target \u00e0 la grande vente de printemps d&rsquo;Amazon"},"content":{"rendered":"<p>Nous pouvons gagner une commission sur les liens sur cette page. Les prix et la disponibilit\u00e9 de l&rsquo;offre sont sujets \u00e0 changement apr\u00e8s la publication.<\/p>\n<p>Traditionnellement, le printemps n\u2019est pas une grande saison d\u2019achats en ligne, en comparaison. L&rsquo;\u00e9t\u00e9 a le Prime Day, l&rsquo;automne les Prime Deal Days et le Black Friday, et il y a de nombreuses soldes de vacances en hiver. Mais cela a chang\u00e9 depuis le lancement par Amazon de sa grande vente de printemps il y a trois ans. Et cette ann\u00e9e, comme d&rsquo;habitude, Target est en comp\u00e9tition pour vos dollars avec sa propre promotion de printemps : Circle Deal Days.<\/p>\n<h2 id=\"what-is-circle-deal-days\">Qu\u2019est-ce que les Circle Deal Days ?<\/h2>\n<p>Circle Deal Days est le nom que Target donne \u00e0 son \u00e9v\u00e9nement de vente du printemps de cette ann\u00e9e. Les ann\u00e9es pr\u00e9c\u00e9dentes, Target organisait la Circle Week, qui durait une semaine enti\u00e8re (comme la grande vente de printemps d&rsquo;Amazon, qui se d\u00e9roule du 25 au 31 mars). Cette ann\u00e9e, c&rsquo;est beaucoup plus court. <\/p>\n<h2 id=\"when-is-circle-deal-days\">Quand ont lieu les Circle Deal Days\u00a0?<\/h2>\n<p>Les prochains Circle Deal Days se d\u00e9rouleront du mercredi 25 mars au vendredi 27 mars. <\/p>\n<h2 id=\"do-you-need-to-be-a-target-circle-member-to-shop-for-circle-deal-days\">Devez-vous \u00eatre membre de Target Circle pour magasiner pendant les Circle Deal Days\u00a0?<\/h2>\n<p>Vous devrez \u00eatre membre du Circle pour participer \u00e0 la vente, mais contrairement \u00e0 un abonnement Prime, l&rsquo;adh\u00e9sion \u00e0 Target Circle est gratuite. Vous pouvez vous inscrire sur l&rsquo;application Target ou Target.com. Si vous faites partie du niveau d&rsquo;adh\u00e9sion payant, Target Circle 360, qui commence \u00e0 10,99 $ par mois, vous b\u00e9n\u00e9ficierez d&rsquo;un acc\u00e8s anticip\u00e9 \u00e0 partir du 24 mars. Target offre \u00e9galement des incitations \u00e0 ceux qui s&rsquo;inscrivent \u00e0 Circle ou Circle 360 \u200b\u200bavant la vente\u00a0:<\/p>\n<ul>\n<li>\n<p>Rejoignez Target Circle entre le 15 et le 24 mars et b\u00e9n\u00e9ficiez de 15 % de r\u00e9duction sur votre premier achat.<\/p>\n<\/li>\n<li>\n<p>Faites une demande et obtenez l&rsquo;approbation d&rsquo;une carte de cr\u00e9dit Target Circle du 15 au 27 mars et obtenez 100 $ en r\u00e9compenses Target Circle.<\/p>\n<\/li>\n<li>\n<p>Inscrivez-vous \u00e0 Target Circle 360 \u200b\u200bdu 15 au 27 mars pour b\u00e9n\u00e9ficier d&rsquo;une r\u00e9duction de 50\u00a0% sur un abonnement d&rsquo;un an.<\/p>\n<\/li>\n<\/ul>\n<p>Il y a plus de d\u00e9tails dans le communiqu\u00e9 de presse de Target.<\/p>\n<h2 id=\"what-deals-you-can-expect-during-target-circle-deal-days\">\u00c0 quelles offres vous pouvez vous attendre pendant les Target Circle Deal Days<\/h2>\n<p>La vente se concentre principalement sur les articles de printemps, mais les cat\u00e9gories de vente comprendront largement les v\u00eatements, les meubles de patio, les articles essentiels pour la maison, les produits de beaut\u00e9, les articles d&rsquo;\u00e9picerie, les jouets, les livres, les films et la musique. Vous pouvez magasiner en personne ou en ligne, et il y aura une \u00ab\u00a0offre du jour\u00a0\u00bb pour chaque jour de l&rsquo;\u00e9v\u00e9nement.<\/p>\n<p>Voici quelques exemples d&rsquo;offres que vous pourriez trouver, directement \u00e0 partir du communiqu\u00e9 de presse de Target\u00a0:<\/p>\n<ul>\n<li>\n<p>Jusqu&rsquo;\u00e0 50\u00a0% de r\u00e9duction sur une s\u00e9lection de jouets de Barbie, Gigglescape, PAW Patrol et plus<\/p>\n<\/li>\n<li>\n<p>Jusqu&rsquo;\u00e0 40\u00a0% de r\u00e9duction sur les v\u00eatements pour femmes, notamment A New Day, Universal Thread et AVA &#038; VIV<\/p>\n<\/li>\n<li>\n<p>40\u00a0% de r\u00e9duction sur une s\u00e9lection de soins de la peau de BYOMA, Bubble Skincare, Good Molecules, Vacation, Carroten et plus<\/p>\n<\/li>\n<li>\n<p>40\u00a0% de r\u00e9duction sur une s\u00e9lection de maisons, de cuisines et de restaurants, dont Keurig, Cuisinart et Ninja<\/p>\n<\/li>\n<li>\n<p>40\u00a0% de r\u00e9duction sur certains produits d&rsquo;entretien des sols, notamment Shark, Dyson, Bissell, Roborock et Sharper Image<\/p>\n<\/li>\n<\/ul>\n<p>D\u2019autres offres sont disponibles sur la page d\u2019accueil des Circle Deal Days.<\/p>\n<h2 id=\"what-competing-retailers-are-also-hosting-spring-sales\">Quels d\u00e9taillants concurrents organisent \u00e9galement des soldes de printemps\u00a0?<\/h2>\n<p>La grande vente de printemps d&rsquo;Amazon aura lieu du mercredi 25 mars au mardi 31 mars. Walmart n&rsquo;a pas encore confirm\u00e9 sa vente, tandis que le Tech Fest de Best Buy se d\u00e9roule jusqu&rsquo;au dimanche 22 mars.<\/p>\n","protected":false},"excerpt":{"rendered":"<p>Nous pouvons gagner une commission sur les liens sur cette page. Les prix et la disponibilit\u00e9 de l&rsquo;offre sont sujets \u00e0 changement apr\u00e8s la publication.<\/p>\n","protected":false},"author":1,"featured_media":13058,"comment_status":"","ping_status":"","sticky":false,"template":"","format":"standard","meta":{"footnotes":""},"categories":[13],"tags":[1154,3885,1787,14,4943,135,33,2977,546,223],"class_list":["post-13057","post","type-post","status-publish","format-standard","has-post-thumbnail","hentry","category-technologie","tag-damazon","tag-details","tag-grande","tag-les","tag-printemps","tag-reponse","tag-sur","tag-target","tag-tous","tag-vente","generate-columns","tablet-grid-50","mobile-grid-100","grid-parent","grid-33"],"yoast_head":"<!-- This site is optimized with the Yoast SEO plugin v24.0 - https:\/\/yoast.com\/wordpress\/plugins\/seo\/ -->\n<title>Tous les d\u00e9tails sur la r\u00e9ponse de Target \u00e0 la grande vente de printemps d&#039;Amazon | Vie Associative<\/title>\n<meta name=\"robots\" content=\"index, follow, max-snippet:-1, max-image-preview:large, max-video-preview:-1\" \/>\n<link rel=\"canonical\" href=\"https:\/\/vieassociative.be\/actualites\/tous-les-details-sur-la-reponse-de-target-a-la-grande-vente-de-printemps-damazon\/\" \/>\n<meta property=\"og:locale\" content=\"fr_FR\" \/>\n<meta property=\"og:type\" content=\"article\" \/>\n<meta property=\"og:title\" content=\"Tous les d\u00e9tails sur la r\u00e9ponse de Target \u00e0 la grande vente de printemps d&#039;Amazon | Vie Associative\" \/>\n<meta property=\"og:description\" content=\"Nous pouvons gagner une commission sur les liens sur cette page. Les prix et la disponibilit\u00e9 de l&rsquo;offre sont sujets \u00e0 changement apr\u00e8s la publication.\" \/>\n<meta property=\"og:url\" content=\"https:\/\/vieassociative.be\/actualites\/tous-les-details-sur-la-reponse-de-target-a-la-grande-vente-de-printemps-damazon\/\" \/>\n<meta property=\"og:site_name\" content=\"Vie Associative\" \/>\n<meta property=\"article:published_time\" content=\"2026-03-17T02:18:02+00:00\" \/>\n<meta property=\"og:image\" content=\"https:\/\/vieassociative.be\/actualites\/wp-content\/uploads\/2024\/09\/header_backgroundk-01-e1726694325946.png\" \/>\n\t<meta property=\"og:image:width\" content=\"279\" \/>\n\t<meta property=\"og:image:height\" content=\"92\" \/>\n\t<meta property=\"og:image:type\" content=\"image\/png\" \/>\n<meta name=\"author\" content=\"Julien\" \/>\n<meta name=\"twitter:card\" content=\"summary_large_image\" \/>\n<meta name=\"twitter:label1\" content=\"\u00c9crit par\" \/>\n\t<meta name=\"twitter:data1\" content=\"Julien\" \/>\n\t<meta name=\"twitter:label2\" content=\"Dur\u00e9e de lecture est.\" \/>\n\t<meta name=\"twitter:data2\" content=\"3 minutes\" \/>\n<script type=\"application\/ld+json\" class=\"yoast-schema-graph\">{\"@context\":\"https:\/\/schema.org\",\"@graph\":[{\"@type\":\"Article\",\"@id\":\"https:\/\/vieassociative.be\/actualites\/tous-les-details-sur-la-reponse-de-target-a-la-grande-vente-de-printemps-damazon\/#article\",\"isPartOf\":{\"@id\":\"https:\/\/vieassociative.be\/actualites\/tous-les-details-sur-la-reponse-de-target-a-la-grande-vente-de-printemps-damazon\/\"},\"author\":{\"name\":\"Julien\",\"@id\":\"https:\/\/vieassociative.be\/actualites\/#\/schema\/person\/b87ac4f82f9d4e7b7cec7395b679edc4\"},\"headline\":\"Tous les d\u00e9tails sur la r\u00e9ponse de Target \u00e0 la grande vente de printemps d&rsquo;Amazon\",\"datePublished\":\"2026-03-17T02:18:02+00:00\",\"dateModified\":\"2026-03-17T02:18:02+00:00\",\"mainEntityOfPage\":{\"@id\":\"https:\/\/vieassociative.be\/actualites\/tous-les-details-sur-la-reponse-de-target-a-la-grande-vente-de-printemps-damazon\/\"},\"wordCount\":643,\"publisher\":{\"@id\":\"https:\/\/vieassociative.be\/actualites\/#organization\"},\"image\":{\"@id\":\"https:\/\/vieassociative.be\/actualites\/tous-les-details-sur-la-reponse-de-target-a-la-grande-vente-de-printemps-damazon\/#primaryimage\"},\"thumbnailUrl\":\"https:\/\/vieassociative.be\/actualites\/wp-content\/uploads\/2026\/03\/Tous-les-details-sur-la-reponse-de-Target-a-la.webp.webp\",\"keywords\":[\"dAmazon\",\"d\u00e9tails\",\"grande\",\"Les\",\"printemps\",\"r\u00e9ponse\",\"sur\",\"Target\",\"tous\",\"vente\"],\"articleSection\":[\"Technologie\"],\"inLanguage\":\"fr-BE\"},{\"@type\":\"WebPage\",\"@id\":\"https:\/\/vieassociative.be\/actualites\/tous-les-details-sur-la-reponse-de-target-a-la-grande-vente-de-printemps-damazon\/\",\"url\":\"https:\/\/vieassociative.be\/actualites\/tous-les-details-sur-la-reponse-de-target-a-la-grande-vente-de-printemps-damazon\/\",\"name\":\"Tous les d\u00e9tails sur la r\u00e9ponse de Target \u00e0 la grande vente de printemps d'Amazon | Vie Associative\",\"isPartOf\":{\"@id\":\"https:\/\/vieassociative.be\/actualites\/#website\"},\"primaryImageOfPage\":{\"@id\":\"https:\/\/vieassociative.be\/actualites\/tous-les-details-sur-la-reponse-de-target-a-la-grande-vente-de-printemps-damazon\/#primaryimage\"},\"image\":{\"@id\":\"https:\/\/vieassociative.be\/actualites\/tous-les-details-sur-la-reponse-de-target-a-la-grande-vente-de-printemps-damazon\/#primaryimage\"},\"thumbnailUrl\":\"https:\/\/vieassociative.be\/actualites\/wp-content\/uploads\/2026\/03\/Tous-les-details-sur-la-reponse-de-Target-a-la.webp.webp\",\"datePublished\":\"2026-03-17T02:18:02+00:00\",\"dateModified\":\"2026-03-17T02:18:02+00:00\",\"breadcrumb\":{\"@id\":\"https:\/\/vieassociative.be\/actualites\/tous-les-details-sur-la-reponse-de-target-a-la-grande-vente-de-printemps-damazon\/#breadcrumb\"},\"inLanguage\":\"fr-BE\",\"potentialAction\":[{\"@type\":\"ReadAction\",\"target\":[\"https:\/\/vieassociative.be\/actualites\/tous-les-details-sur-la-reponse-de-target-a-la-grande-vente-de-printemps-damazon\/\"]}]},{\"@type\":\"ImageObject\",\"inLanguage\":\"fr-BE\",\"@id\":\"https:\/\/vieassociative.be\/actualites\/tous-les-details-sur-la-reponse-de-target-a-la-grande-vente-de-printemps-damazon\/#primaryimage\",\"url\":\"https:\/\/vieassociative.be\/actualites\/wp-content\/uploads\/2026\/03\/Tous-les-details-sur-la-reponse-de-Target-a-la.webp.webp\",\"contentUrl\":\"https:\/\/vieassociative.be\/actualites\/wp-content\/uploads\/2026\/03\/Tous-les-details-sur-la-reponse-de-Target-a-la.webp.webp\",\"width\":1200,\"height\":675,\"caption\":\"Tous les d\u00e9tails sur la r\u00e9ponse de Target \u00e0 la grande vente de printemps d'Amazon\"},{\"@type\":\"BreadcrumbList\",\"@id\":\"https:\/\/vieassociative.be\/actualites\/tous-les-details-sur-la-reponse-de-target-a-la-grande-vente-de-printemps-damazon\/#breadcrumb\",\"itemListElement\":[{\"@type\":\"ListItem\",\"position\":1,\"name\":\"Accueil\",\"item\":\"https:\/\/vieassociative.be\/actualites\/\"},{\"@type\":\"ListItem\",\"position\":2,\"name\":\"Tous les d\u00e9tails sur la r\u00e9ponse de Target \u00e0 la grande vente de printemps d&rsquo;Amazon\"}]},{\"@type\":\"WebSite\",\"@id\":\"https:\/\/vieassociative.be\/actualites\/#website\",\"url\":\"https:\/\/vieassociative.be\/actualites\/\",\"name\":\"Vie Associative\",\"description\":\"\",\"publisher\":{\"@id\":\"https:\/\/vieassociative.be\/actualites\/#organization\"},\"potentialAction\":[{\"@type\":\"SearchAction\",\"target\":{\"@type\":\"EntryPoint\",\"urlTemplate\":\"https:\/\/vieassociative.be\/actualites\/?s={search_term_string}\"},\"query-input\":{\"@type\":\"PropertyValueSpecification\",\"valueRequired\":true,\"valueName\":\"search_term_string\"}}],\"inLanguage\":\"fr-BE\"},{\"@type\":\"Organization\",\"@id\":\"https:\/\/vieassociative.be\/actualites\/#organization\",\"name\":\"Vie Associative\",\"url\":\"https:\/\/vieassociative.be\/actualites\/\",\"logo\":{\"@type\":\"ImageObject\",\"inLanguage\":\"fr-BE\",\"@id\":\"https:\/\/vieassociative.be\/actualites\/#\/schema\/logo\/image\/\",\"url\":\"https:\/\/vieassociative.be\/actualites\/wp-content\/uploads\/2024\/09\/cropped-vieassociative_favicon.ico.png\",\"contentUrl\":\"https:\/\/vieassociative.be\/actualites\/wp-content\/uploads\/2024\/09\/cropped-vieassociative_favicon.ico.png\",\"width\":512,\"height\":512,\"caption\":\"Vie Associative\"},\"image\":{\"@id\":\"https:\/\/vieassociative.be\/actualites\/#\/schema\/logo\/image\/\"}},{\"@type\":\"Person\",\"@id\":\"https:\/\/vieassociative.be\/actualites\/#\/schema\/person\/b87ac4f82f9d4e7b7cec7395b679edc4\",\"name\":\"Julien\",\"image\":{\"@type\":\"ImageObject\",\"inLanguage\":\"fr-BE\",\"@id\":\"https:\/\/vieassociative.be\/actualites\/#\/schema\/person\/image\/\",\"url\":\"https:\/\/vieassociative.be\/actualites\/wp-content\/uploads\/2024\/09\/vie-associative-1-150x150.jpg\",\"contentUrl\":\"https:\/\/vieassociative.be\/actualites\/wp-content\/uploads\/2024\/09\/vie-associative-1-150x150.jpg\",\"caption\":\"Julien\"},\"description\":\"Je suis Julien, r\u00e9dacteur pour Vie Associative. Passionn\u00e9 par le monde associatif depuis plus de 10 ans, j'ai \u00e0 c\u0153ur de partager des histoires inspirantes et de mettre en lumi\u00e8re les initiatives locales. Mon objectif est de sensibiliser et d'encourager l'engagement communautaire \u00e0 travers mes articles.\",\"sameAs\":[\"https:\/\/vieassociative.be\/\"]}]}<\/script>\n<!-- \/ Yoast SEO plugin. -->","yoast_head_json":{"title":"Tous les d\u00e9tails sur la r\u00e9ponse de Target \u00e0 la grande vente de printemps d'Amazon | Vie Associative","robots":{"index":"index","follow":"follow","max-snippet":"max-snippet:-1","max-image-preview":"max-image-preview:large","max-video-preview":"max-video-preview:-1"},"canonical":"https:\/\/vieassociative.be\/actualites\/tous-les-details-sur-la-reponse-de-target-a-la-grande-vente-de-printemps-damazon\/","og_locale":"fr_FR","og_type":"article","og_title":"Tous les d\u00e9tails sur la r\u00e9ponse de Target \u00e0 la grande vente de printemps d'Amazon | Vie Associative","og_description":"Nous pouvons gagner une commission sur les liens sur cette page. Les prix et la disponibilit\u00e9 de l&rsquo;offre sont sujets \u00e0 changement apr\u00e8s la publication.","og_url":"https:\/\/vieassociative.be\/actualites\/tous-les-details-sur-la-reponse-de-target-a-la-grande-vente-de-printemps-damazon\/","og_site_name":"Vie Associative","article_published_time":"2026-03-17T02:18:02+00:00","og_image":[{"width":279,"height":92,"url":"https:\/\/vieassociative.be\/actualites\/wp-content\/uploads\/2024\/09\/header_backgroundk-01-e1726694325946.png","type":"image\/png"}],"author":"Julien","twitter_card":"summary_large_image","twitter_misc":{"\u00c9crit par":"Julien","Dur\u00e9e de lecture est.":"3 minutes"},"schema":{"@context":"https:\/\/schema.org","@graph":[{"@type":"Article","@id":"https:\/\/vieassociative.be\/actualites\/tous-les-details-sur-la-reponse-de-target-a-la-grande-vente-de-printemps-damazon\/#article","isPartOf":{"@id":"https:\/\/vieassociative.be\/actualites\/tous-les-details-sur-la-reponse-de-target-a-la-grande-vente-de-printemps-damazon\/"},"author":{"name":"Julien","@id":"https:\/\/vieassociative.be\/actualites\/#\/schema\/person\/b87ac4f82f9d4e7b7cec7395b679edc4"},"headline":"Tous les d\u00e9tails sur la r\u00e9ponse de Target \u00e0 la grande vente de printemps d&rsquo;Amazon","datePublished":"2026-03-17T02:18:02+00:00","dateModified":"2026-03-17T02:18:02+00:00","mainEntityOfPage":{"@id":"https:\/\/vieassociative.be\/actualites\/tous-les-details-sur-la-reponse-de-target-a-la-grande-vente-de-printemps-damazon\/"},"wordCount":643,"publisher":{"@id":"https:\/\/vieassociative.be\/actualites\/#organization"},"image":{"@id":"https:\/\/vieassociative.be\/actualites\/tous-les-details-sur-la-reponse-de-target-a-la-grande-vente-de-printemps-damazon\/#primaryimage"},"thumbnailUrl":"https:\/\/vieassociative.be\/actualites\/wp-content\/uploads\/2026\/03\/Tous-les-details-sur-la-reponse-de-Target-a-la.webp.webp","keywords":["dAmazon","d\u00e9tails","grande","Les","printemps","r\u00e9ponse","sur","Target","tous","vente"],"articleSection":["Technologie"],"inLanguage":"fr-BE"},{"@type":"WebPage","@id":"https:\/\/vieassociative.be\/actualites\/tous-les-details-sur-la-reponse-de-target-a-la-grande-vente-de-printemps-damazon\/","url":"https:\/\/vieassociative.be\/actualites\/tous-les-details-sur-la-reponse-de-target-a-la-grande-vente-de-printemps-damazon\/","name":"Tous les d\u00e9tails sur la r\u00e9ponse de Target \u00e0 la grande vente de printemps d'Amazon | Vie Associative","isPartOf":{"@id":"https:\/\/vieassociative.be\/actualites\/#website"},"primaryImageOfPage":{"@id":"https:\/\/vieassociative.be\/actualites\/tous-les-details-sur-la-reponse-de-target-a-la-grande-vente-de-printemps-damazon\/#primaryimage"},"image":{"@id":"https:\/\/vieassociative.be\/actualites\/tous-les-details-sur-la-reponse-de-target-a-la-grande-vente-de-printemps-damazon\/#primaryimage"},"thumbnailUrl":"https:\/\/vieassociative.be\/actualites\/wp-content\/uploads\/2026\/03\/Tous-les-details-sur-la-reponse-de-Target-a-la.webp.webp","datePublished":"2026-03-17T02:18:02+00:00","dateModified":"2026-03-17T02:18:02+00:00","breadcrumb":{"@id":"https:\/\/vieassociative.be\/actualites\/tous-les-details-sur-la-reponse-de-target-a-la-grande-vente-de-printemps-damazon\/#breadcrumb"},"inLanguage":"fr-BE","potentialAction":[{"@type":"ReadAction","target":["https:\/\/vieassociative.be\/actualites\/tous-les-details-sur-la-reponse-de-target-a-la-grande-vente-de-printemps-damazon\/"]}]},{"@type":"ImageObject","inLanguage":"fr-BE","@id":"https:\/\/vieassociative.be\/actualites\/tous-les-details-sur-la-reponse-de-target-a-la-grande-vente-de-printemps-damazon\/#primaryimage","url":"https:\/\/vieassociative.be\/actualites\/wp-content\/uploads\/2026\/03\/Tous-les-details-sur-la-reponse-de-Target-a-la.webp.webp","contentUrl":"https:\/\/vieassociative.be\/actualites\/wp-content\/uploads\/2026\/03\/Tous-les-details-sur-la-reponse-de-Target-a-la.webp.webp","width":1200,"height":675,"caption":"Tous les d\u00e9tails sur la r\u00e9ponse de Target \u00e0 la grande vente de printemps d'Amazon"},{"@type":"BreadcrumbList","@id":"https:\/\/vieassociative.be\/actualites\/tous-les-details-sur-la-reponse-de-target-a-la-grande-vente-de-printemps-damazon\/#breadcrumb","itemListElement":[{"@type":"ListItem","position":1,"name":"Accueil","item":"https:\/\/vieassociative.be\/actualites\/"},{"@type":"ListItem","position":2,"name":"Tous les d\u00e9tails sur la r\u00e9ponse de Target \u00e0 la grande vente de printemps d&rsquo;Amazon"}]},{"@type":"WebSite","@id":"https:\/\/vieassociative.be\/actualites\/#website","url":"https:\/\/vieassociative.be\/actualites\/","name":"Vie Associative","description":"","publisher":{"@id":"https:\/\/vieassociative.be\/actualites\/#organization"},"potentialAction":[{"@type":"SearchAction","target":{"@type":"EntryPoint","urlTemplate":"https:\/\/vieassociative.be\/actualites\/?s={search_term_string}"},"query-input":{"@type":"PropertyValueSpecification","valueRequired":true,"valueName":"search_term_string"}}],"inLanguage":"fr-BE"},{"@type":"Organization","@id":"https:\/\/vieassociative.be\/actualites\/#organization","name":"Vie Associative","url":"https:\/\/vieassociative.be\/actualites\/","logo":{"@type":"ImageObject","inLanguage":"fr-BE","@id":"https:\/\/vieassociative.be\/actualites\/#\/schema\/logo\/image\/","url":"https:\/\/vieassociative.be\/actualites\/wp-content\/uploads\/2024\/09\/cropped-vieassociative_favicon.ico.png","contentUrl":"https:\/\/vieassociative.be\/actualites\/wp-content\/uploads\/2024\/09\/cropped-vieassociative_favicon.ico.png","width":512,"height":512,"caption":"Vie Associative"},"image":{"@id":"https:\/\/vieassociative.be\/actualites\/#\/schema\/logo\/image\/"}},{"@type":"Person","@id":"https:\/\/vieassociative.be\/actualites\/#\/schema\/person\/b87ac4f82f9d4e7b7cec7395b679edc4","name":"Julien","image":{"@type":"ImageObject","inLanguage":"fr-BE","@id":"https:\/\/vieassociative.be\/actualites\/#\/schema\/person\/image\/","url":"https:\/\/vieassociative.be\/actualites\/wp-content\/uploads\/2024\/09\/vie-associative-1-150x150.jpg","contentUrl":"https:\/\/vieassociative.be\/actualites\/wp-content\/uploads\/2024\/09\/vie-associative-1-150x150.jpg","caption":"Julien"},"description":"Je suis Julien, r\u00e9dacteur pour Vie Associative. Passionn\u00e9 par le monde associatif depuis plus de 10 ans, j'ai \u00e0 c\u0153ur de partager des histoires inspirantes et de mettre en lumi\u00e8re les initiatives locales. Mon objectif est de sensibiliser et d'encourager l'engagement communautaire \u00e0 travers mes articles.","sameAs":["https:\/\/vieassociative.be\/"]}]}},"_links":{"self":[{"href":"https:\/\/vieassociative.be\/actualites\/wp-json\/wp\/v2\/posts\/13057"}],"collection":[{"href":"https:\/\/vieassociative.be\/actualites\/wp-json\/wp\/v2\/posts"}],"about":[{"href":"https:\/\/vieassociative.be\/actualites\/wp-json\/wp\/v2\/types\/post"}],"author":[{"embeddable":true,"href":"https:\/\/vieassociative.be\/actualites\/wp-json\/wp\/v2\/users\/1"}],"replies":[{"embeddable":true,"href":"https:\/\/vieassociative.be\/actualites\/wp-json\/wp\/v2\/comments?post=13057"}],"version-history":[{"count":0,"href":"https:\/\/vieassociative.be\/actualites\/wp-json\/wp\/v2\/posts\/13057\/revisions"}],"wp:featuredmedia":[{"embeddable":true,"href":"https:\/\/vieassociative.be\/actualites\/wp-json\/wp\/v2\/media\/13058"}],"wp:attachment":[{"href":"https:\/\/vieassociative.be\/actualites\/wp-json\/wp\/v2\/media?parent=13057"}],"wp:term":[{"taxonomy":"category","embeddable":true,"href":"https:\/\/vieassociative.be\/actualites\/wp-json\/wp\/v2\/categories?post=13057"},{"taxonomy":"post_tag","embeddable":true,"href":"https:\/\/vieassociative.be\/actualites\/wp-json\/wp\/v2\/tags?post=13057"}],"curies":[{"name":"wp","href":"https:\/\/api.w.org\/{rel}","templated":true}]}}