{"id":13051,"date":"2026-03-16T16:17:40","date_gmt":"2026-03-16T15:17:40","guid":{"rendered":"https:\/\/vieassociative.be\/actualites\/trump-a-t-il-sous-estime-les-consequences-de-la-guerre-en-iran-nervosite-croissante-le-president-americain-sous-pression\/"},"modified":"2026-03-16T16:17:40","modified_gmt":"2026-03-16T15:17:40","slug":"trump-a-t-il-sous-estime-les-consequences-de-la-guerre-en-iran-nervosite-croissante-le-president-americain-sous-pression","status":"publish","type":"post","link":"https:\/\/vieassociative.be\/actualites\/trump-a-t-il-sous-estime-les-consequences-de-la-guerre-en-iran-nervosite-croissante-le-president-americain-sous-pression\/","title":{"rendered":"Trump a-t-il sous-estim\u00e9 les cons\u00e9quences de la guerre en Iran ? \u2013 Nervosit\u00e9 croissante : le pr\u00e9sident am\u00e9ricain sous pression"},"content":{"rendered":"<p><strong>\u00c0 mesure que le conflit entre les \u00c9tats-Unis et l\u2019Iran s\u2019intensifie, il appara\u00eet de plus en plus \u00e9vident que les tensions s\u2019accentuent autour de la Maison Blanche \u00e0 propos du d\u00e9roulement et des cons\u00e9quences possibles de la guerre. Une interjection.<\/strong><\/p>\n<p><span id=\"more-437779\"><\/span>Les observateurs \u00e0 Washington soulignent les d\u00e9bats internes sur une strat\u00e9gie de sortie, les d\u00e9saccords strat\u00e9giques au sein du gouvernement et la pression \u00e9conomique et g\u00e9opolitique croissante.<\/p>\n<p><strong>\u2013 Discussions internes sur une issue :<\/strong> Selon des informations en provenance de Washington, de hauts responsables gouvernementaux discutent intensivement de la mani\u00e8re de limiter ou de mettre un terme au conflit. Plusieurs conseillers devraient donc tenter de d\u00e9velopper des options permettant au pr\u00e9sident de pr\u00e9senter les op\u00e9rations militaires comme un succ\u00e8s et en m\u00eame temps d&rsquo;amorcer une d\u00e9sescalade.<\/p>\n<div id=\"attachment_437784\" class=\"wp-caption alignleft\" style=\"max-width: 300px\"><img fetchpriority=\"high\" decoding=\"async\" class=\"size-medium wp-image-437784\" src=\"https:\/\/vieassociative.be\/actualites\/wp-content\/uploads\/2026\/03\/Trump-a-t-il-sous-estime-les-consequences-de-la-guerre-en-Iran.jpg\" alt=\"\" width=\"300\" height=\"200\"><\/div>\n<p>De telles discussions sur d\u2019\u00e9ventuels sc\u00e9narios de sortie ne sont pas rares dans les conflits militaires. Cependant, les analystes politiques y voient souvent le signe que la suite de la guerre est consid\u00e9r\u00e9e comme difficile \u00e0 pr\u00e9voir.<\/p>\n<p><strong>\u2013 D\u00e9saccord au sein du gouvernement :<\/strong> En outre, diff\u00e9rentes approches strat\u00e9giques au sein du gouvernement sont signal\u00e9es. Alors que certaines voix autour de l\u2019administration comptent sur une pression militaire accrue, d\u2019autres veulent persuader le pr\u00e9sident am\u00e9ricain Trump de prendre une initiative diplomatique rapide ou une strat\u00e9gie militaire limit\u00e9e.<\/p>\n<p>Ces diff\u00e9rentes positions refl\u00e8tent l\u2019incertitude quant \u00e0 la strat\u00e9gie qui promet le plus grand succ\u00e8s \u2013 et l\u2019ampleur du risque d\u2019une nouvelle escalade r\u00e9gionale.<\/p>\n<\/p>\n<div id=\"attachment_437785\" class=\"wp-caption alignleft\" style=\"max-width: 225px\"><img decoding=\"async\" class=\"size-medium wp-image-437785\" src=\"https:\/\/vieassociative.be\/actualites\/wp-content\/uploads\/2026\/03\/1773674260_901_Trump-a-t-il-sous-estime-les-consequences-de-la-guerre-en-Iran.jpg\" alt=\"\" width=\"225\" height=\"300\"  ><\/div>\n<p><strong>\u2013 D\u00e9clarations contradictoires du Pr\u00e9sident : <\/strong><br \/>\nLes d\u00e9clarations publiques changeantes du pr\u00e9sident lui-m\u00eame provoquent une irritation suppl\u00e9mentaire. Lors de diverses apparitions, Trump a bross\u00e9 des tableaux tr\u00e8s diff\u00e9rents de l\u2019\u00e9tat de la guerre. Il a notamment d\u00e9clar\u00e9 que les op\u00e9rations militaires pourraient durer \u00ab plusieurs semaines \u00bb. Cependant, dans d\u2019autres d\u00e9clarations, il a d\u00e9clar\u00e9 que l\u2019Iran \u00e9tait d\u00e9j\u00e0 consid\u00e9rablement affaibli militairement ou pratiquement vaincu.<\/p>\n<p>Selon les observateurs, ces messages contradictoires contribuent \u00e0 l\u2019incertitude quant \u00e0 la situation strat\u00e9gique r\u00e9elle au sein du gouvernement et parmi les partenaires internationaux.<\/p>\n<p><strong>\u2013 L\u2019escalade militaire accro\u00eet les tensions :<\/strong> La pression sur le gouvernement am\u00e9ricain s\u2019est \u00e9galement accrue en raison de l\u2019intensification militaire r\u00e9cente du conflit. Les frappes a\u00e9riennes contre des cibles strat\u00e9giques en Iran et les contre-attaques des alli\u00e9s iraniens dans la r\u00e9gion ont accru les inqui\u00e9tudes quant \u00e0 une nouvelle extension de la guerre.<\/p>\n<p>Dans le m\u00eame temps, les tensions ont des cons\u00e9quences \u00e9conomiques directes. La perspective d\u2019\u00e9ventuelles perturbations de l\u2019approvisionnement \u00e9nerg\u00e9tique dans le golfe Persique a provoqu\u00e9 une hausse des prix du p\u00e9trole, d\u00e9clenchant de nouvelles incertitudes sur les march\u00e9s internationaux.<\/p>\n<p><strong>\u2013 L\u2019importance strat\u00e9gique du d\u00e9troit d\u2019Ormuz :<\/strong> La pression \u00e9conomique est particuli\u00e8rement \u00e9vidente dans le d\u00e9bat sur le d\u00e9troit d&rsquo;Ormuz, l&rsquo;une des routes commerciales maritimes les plus importantes au monde. Une part importante du commerce mondial du p\u00e9trole passe par ce d\u00e9troit.<\/p>\n<p>Washington aurait initialement sous-estim\u00e9 l&rsquo;importance de ce passage et la capacit\u00e9 de l&rsquo;Iran \u00e0 le bloquer au moyen de mines marines ou d&rsquo;une pr\u00e9sence militaire. Un blocus prolong\u00e9 aurait des cons\u00e9quences potentiellement graves sur l\u2019\u00e9conomie mondiale, car il pourrait affecter l\u2019approvisionnement \u00e9nerg\u00e9tique de nombreux pays.<\/p>\n<\/p>\n<div id=\"attachment_437786\" class=\"wp-caption alignleft\" style=\"max-width: 300px\"><img decoding=\"async\" src=\"https:\/\/vieassociative.be\/actualites\/wp-content\/uploads\/2026\/03\/1773674260_114_Trump-a-t-il-sous-estime-les-consequences-de-la-guerre-en-Iran.jpg\" alt=\"\" width=\"300\" height=\"169\" class=\"size-medium wp-image-437786\"><\/div>\n<p>Pendant ce temps, le gouvernement am\u00e9ricain semble rechercher de plus en plus un soutien international pour garantir la s\u00e9curit\u00e9 du transport maritime dans la r\u00e9gion. Le fait que Washington demande de l\u2019aide \u00e0 d\u2019autres \u00c9tats est \u00e9galement interpr\u00e9t\u00e9 comme une indication d\u2019une pression accrue dans la situation. <\/p>\n<p>Le pr\u00e9sident am\u00e9ricain Trump utilise des termes conflictuels pour exhorter les alli\u00e9s de l\u2019OTAN \u00e0 contribuer \u00e0 s\u00e9curiser les exp\u00e9ditions de p\u00e9trole dans l\u2019important d\u00e9troit d\u2019Ormuz. L\u2019avenir de l\u2019OTAN sera sombre si les partenaires am\u00e9ricains ne l\u2019aident pas, a d\u00e9clar\u00e9 Trump dans une br\u00e8ve interview accord\u00e9e au Financial Times. Pendant ce temps, les principaux alli\u00e9s rejettent la demande du pr\u00e9sident am\u00e9ricain d&rsquo;envoyer des navires de guerre pour prot\u00e9ger les p\u00e9troliers dans le d\u00e9troit contest\u00e9 d&rsquo;Ormuz.<\/p>\n<p><strong>\u2013 Augmentation des attaques contre les m\u00e9dias :<\/strong> Les observateurs voient un autre signe de nervosit\u00e9 croissante \u00e0 la Maison Blanche dans les r\u00e9centes attaques du pr\u00e9sident contre les m\u00e9dias am\u00e9ricains. Donald Trump a accus\u00e9 plusieurs agences de presse d&rsquo;avoir diffus\u00e9 de fausses informations sur le d\u00e9roulement de la guerre en Iran.<\/p>\n<p>Sur sa plateforme Truth Social, Trump a affirm\u00e9 que certains m\u00e9dias diffusaient des images, des vid\u00e9os et de fausses informations g\u00e9n\u00e9r\u00e9es par l\u2019appareil de pouvoir iranien utilisant l\u2019intelligence artificielle. Selon le pr\u00e9sident, ces reportages sont r\u00e9alis\u00e9s \u00ab en \u00e9troite coordination \u00bb avec l\u2019Iran. Dans le m\u00eame temps, Trump a d\u00e9clar\u00e9 qu&rsquo;il saluait la r\u00e9vision par le r\u00e9gulateur des m\u00e9dias des licences de certaines \u00ab\u00a0organisations de presse corrompues et hautement antipatriotiques\u00a0\u00bb. Les critiques consid\u00e8rent ces d\u00e9clarations comme une tentative de faire pression sur des reportages de plus en plus critiques \u2013 et en m\u00eame temps de contr\u00f4ler plus \u00e9troitement la repr\u00e9sentation publique de la guerre.<\/p>\n<p><strong>\u2013 Objectifs de guerre peu clairs\u00a0:<\/strong> Un autre facteur qui contribue \u00e0 la nervosit\u00e9 est la question des objectifs \u00e0 long terme de l\u2019op\u00e9ration. Les experts soulignent qu&rsquo;il n&rsquo;a pas encore \u00e9t\u00e9 clairement d\u00e9fini quelles conditions politiques ou militaires doivent \u00eatre remplies pour que le conflit puisse \u00eatre consid\u00e9r\u00e9 comme termin\u00e9. Trump veut-il un \u00ab changement de r\u00e9gime \u00bb ou un Venezuela 2.0 ? (cr\u00e9er)<\/p>\n","protected":false},"excerpt":{"rendered":"<p>\u00c0 mesure que le conflit entre les \u00c9tats-Unis et l\u2019Iran s\u2019intensifie, il appara\u00eet de plus en plus \u00e9vident que les tensions s\u2019accentuent autour de la<\/p>\n","protected":false},"author":1,"featured_media":13052,"comment_status":"","ping_status":"","sticky":false,"template":"","format":"standard","meta":{"footnotes":""},"categories":[298],"tags":[10,3142,1025,2608,2637,9675,14,3442,3075,2551,467,10265,2425],"class_list":["post-13051","post","type-post","status-publish","format-standard","has-post-thumbnail","hentry","category-belgique","tag-americain","tag-atil","tag-consequences","tag-croissante","tag-guerre","tag-iran","tag-les","tag-nervosite","tag-president","tag-pression","tag-sous","tag-sousestime","tag-trump","generate-columns","tablet-grid-50","mobile-grid-100","grid-parent","grid-33"],"yoast_head":"<!-- This site is optimized with the Yoast SEO plugin v24.0 - https:\/\/yoast.com\/wordpress\/plugins\/seo\/ -->\n<title>Trump a-t-il sous-estim\u00e9 les cons\u00e9quences de la guerre en Iran ? \u2013 Nervosit\u00e9 croissante : le pr\u00e9sident am\u00e9ricain sous pression | Vie Associative<\/title>\n<meta name=\"robots\" content=\"index, follow, max-snippet:-1, max-image-preview:large, max-video-preview:-1\" \/>\n<link rel=\"canonical\" href=\"https:\/\/vieassociative.be\/actualites\/trump-a-t-il-sous-estime-les-consequences-de-la-guerre-en-iran-nervosite-croissante-le-president-americain-sous-pression\/\" \/>\n<meta property=\"og:locale\" content=\"fr_FR\" \/>\n<meta property=\"og:type\" content=\"article\" \/>\n<meta property=\"og:title\" content=\"Trump a-t-il sous-estim\u00e9 les cons\u00e9quences de la guerre en Iran ? \u2013 Nervosit\u00e9 croissante : le pr\u00e9sident am\u00e9ricain sous pression | Vie Associative\" \/>\n<meta property=\"og:description\" content=\"\u00c0 mesure que le conflit entre les \u00c9tats-Unis et l\u2019Iran s\u2019intensifie, il appara\u00eet de plus en plus \u00e9vident que les tensions s\u2019accentuent autour de la\" \/>\n<meta property=\"og:url\" content=\"https:\/\/vieassociative.be\/actualites\/trump-a-t-il-sous-estime-les-consequences-de-la-guerre-en-iran-nervosite-croissante-le-president-americain-sous-pression\/\" \/>\n<meta property=\"og:site_name\" content=\"Vie Associative\" \/>\n<meta property=\"article:published_time\" content=\"2026-03-16T15:17:40+00:00\" \/>\n<meta property=\"og:image\" content=\"https:\/\/vieassociative.be\/actualites\/wp-content\/uploads\/2024\/09\/header_backgroundk-01-e1726694325946.png\" \/>\n\t<meta property=\"og:image:width\" content=\"279\" \/>\n\t<meta property=\"og:image:height\" content=\"92\" \/>\n\t<meta property=\"og:image:type\" content=\"image\/png\" \/>\n<meta name=\"author\" content=\"Julien\" \/>\n<meta name=\"twitter:card\" content=\"summary_large_image\" \/>\n<meta name=\"twitter:label1\" content=\"\u00c9crit par\" \/>\n\t<meta name=\"twitter:data1\" content=\"Julien\" \/>\n\t<meta name=\"twitter:label2\" content=\"Dur\u00e9e de lecture est.\" \/>\n\t<meta name=\"twitter:data2\" content=\"5 minutes\" \/>\n<script type=\"application\/ld+json\" class=\"yoast-schema-graph\">{\"@context\":\"https:\/\/schema.org\",\"@graph\":[{\"@type\":\"Article\",\"@id\":\"https:\/\/vieassociative.be\/actualites\/trump-a-t-il-sous-estime-les-consequences-de-la-guerre-en-iran-nervosite-croissante-le-president-americain-sous-pression\/#article\",\"isPartOf\":{\"@id\":\"https:\/\/vieassociative.be\/actualites\/trump-a-t-il-sous-estime-les-consequences-de-la-guerre-en-iran-nervosite-croissante-le-president-americain-sous-pression\/\"},\"author\":{\"name\":\"Julien\",\"@id\":\"https:\/\/vieassociative.be\/actualites\/#\/schema\/person\/b87ac4f82f9d4e7b7cec7395b679edc4\"},\"headline\":\"Trump a-t-il sous-estim\u00e9 les cons\u00e9quences de la guerre en Iran ? \u2013 Nervosit\u00e9 croissante : le pr\u00e9sident am\u00e9ricain sous pression\",\"datePublished\":\"2026-03-16T15:17:40+00:00\",\"dateModified\":\"2026-03-16T15:17:40+00:00\",\"mainEntityOfPage\":{\"@id\":\"https:\/\/vieassociative.be\/actualites\/trump-a-t-il-sous-estime-les-consequences-de-la-guerre-en-iran-nervosite-croissante-le-president-americain-sous-pression\/\"},\"wordCount\":998,\"publisher\":{\"@id\":\"https:\/\/vieassociative.be\/actualites\/#organization\"},\"image\":{\"@id\":\"https:\/\/vieassociative.be\/actualites\/trump-a-t-il-sous-estime-les-consequences-de-la-guerre-en-iran-nervosite-croissante-le-president-americain-sous-pression\/#primaryimage\"},\"thumbnailUrl\":\"https:\/\/vieassociative.be\/actualites\/wp-content\/uploads\/2026\/03\/1773674260_Trump-a-t-il-sous-estime-les-consequences-de-la-guerre-en-Iran.jpg\",\"keywords\":[\"am\u00e9ricain\",\"atil\",\"cons\u00e9quences\",\"croissante\",\"guerre\",\"Iran\",\"Les\",\"nervosit\u00e9\",\"pr\u00e9sident\",\"pression\",\"sous\",\"sousestim\u00e9\",\"Trump\"],\"articleSection\":[\"Belgique\"],\"inLanguage\":\"fr-BE\"},{\"@type\":\"WebPage\",\"@id\":\"https:\/\/vieassociative.be\/actualites\/trump-a-t-il-sous-estime-les-consequences-de-la-guerre-en-iran-nervosite-croissante-le-president-americain-sous-pression\/\",\"url\":\"https:\/\/vieassociative.be\/actualites\/trump-a-t-il-sous-estime-les-consequences-de-la-guerre-en-iran-nervosite-croissante-le-president-americain-sous-pression\/\",\"name\":\"Trump a-t-il sous-estim\u00e9 les cons\u00e9quences de la guerre en Iran ? \u2013 Nervosit\u00e9 croissante : le pr\u00e9sident am\u00e9ricain sous pression | Vie Associative\",\"isPartOf\":{\"@id\":\"https:\/\/vieassociative.be\/actualites\/#website\"},\"primaryImageOfPage\":{\"@id\":\"https:\/\/vieassociative.be\/actualites\/trump-a-t-il-sous-estime-les-consequences-de-la-guerre-en-iran-nervosite-croissante-le-president-americain-sous-pression\/#primaryimage\"},\"image\":{\"@id\":\"https:\/\/vieassociative.be\/actualites\/trump-a-t-il-sous-estime-les-consequences-de-la-guerre-en-iran-nervosite-croissante-le-president-americain-sous-pression\/#primaryimage\"},\"thumbnailUrl\":\"https:\/\/vieassociative.be\/actualites\/wp-content\/uploads\/2026\/03\/1773674260_Trump-a-t-il-sous-estime-les-consequences-de-la-guerre-en-Iran.jpg\",\"datePublished\":\"2026-03-16T15:17:40+00:00\",\"dateModified\":\"2026-03-16T15:17:40+00:00\",\"breadcrumb\":{\"@id\":\"https:\/\/vieassociative.be\/actualites\/trump-a-t-il-sous-estime-les-consequences-de-la-guerre-en-iran-nervosite-croissante-le-president-americain-sous-pression\/#breadcrumb\"},\"inLanguage\":\"fr-BE\",\"potentialAction\":[{\"@type\":\"ReadAction\",\"target\":[\"https:\/\/vieassociative.be\/actualites\/trump-a-t-il-sous-estime-les-consequences-de-la-guerre-en-iran-nervosite-croissante-le-president-americain-sous-pression\/\"]}]},{\"@type\":\"ImageObject\",\"inLanguage\":\"fr-BE\",\"@id\":\"https:\/\/vieassociative.be\/actualites\/trump-a-t-il-sous-estime-les-consequences-de-la-guerre-en-iran-nervosite-croissante-le-president-americain-sous-pression\/#primaryimage\",\"url\":\"https:\/\/vieassociative.be\/actualites\/wp-content\/uploads\/2026\/03\/1773674260_Trump-a-t-il-sous-estime-les-consequences-de-la-guerre-en-Iran.jpg\",\"contentUrl\":\"https:\/\/vieassociative.be\/actualites\/wp-content\/uploads\/2026\/03\/1773674260_Trump-a-t-il-sous-estime-les-consequences-de-la-guerre-en-Iran.jpg\",\"width\":1200,\"height\":800,\"caption\":\"Trump a-t-il sous-estim\u00e9 les cons\u00e9quences de la guerre en Iran ? \u2013 Nervosit\u00e9 croissante : le pr\u00e9sident am\u00e9ricain sous pression\"},{\"@type\":\"BreadcrumbList\",\"@id\":\"https:\/\/vieassociative.be\/actualites\/trump-a-t-il-sous-estime-les-consequences-de-la-guerre-en-iran-nervosite-croissante-le-president-americain-sous-pression\/#breadcrumb\",\"itemListElement\":[{\"@type\":\"ListItem\",\"position\":1,\"name\":\"Accueil\",\"item\":\"https:\/\/vieassociative.be\/actualites\/\"},{\"@type\":\"ListItem\",\"position\":2,\"name\":\"Trump a-t-il sous-estim\u00e9 les cons\u00e9quences de la guerre en Iran ? \u2013 Nervosit\u00e9 croissante : le pr\u00e9sident am\u00e9ricain sous pression\"}]},{\"@type\":\"WebSite\",\"@id\":\"https:\/\/vieassociative.be\/actualites\/#website\",\"url\":\"https:\/\/vieassociative.be\/actualites\/\",\"name\":\"Vie Associative\",\"description\":\"\",\"publisher\":{\"@id\":\"https:\/\/vieassociative.be\/actualites\/#organization\"},\"potentialAction\":[{\"@type\":\"SearchAction\",\"target\":{\"@type\":\"EntryPoint\",\"urlTemplate\":\"https:\/\/vieassociative.be\/actualites\/?s={search_term_string}\"},\"query-input\":{\"@type\":\"PropertyValueSpecification\",\"valueRequired\":true,\"valueName\":\"search_term_string\"}}],\"inLanguage\":\"fr-BE\"},{\"@type\":\"Organization\",\"@id\":\"https:\/\/vieassociative.be\/actualites\/#organization\",\"name\":\"Vie Associative\",\"url\":\"https:\/\/vieassociative.be\/actualites\/\",\"logo\":{\"@type\":\"ImageObject\",\"inLanguage\":\"fr-BE\",\"@id\":\"https:\/\/vieassociative.be\/actualites\/#\/schema\/logo\/image\/\",\"url\":\"https:\/\/vieassociative.be\/actualites\/wp-content\/uploads\/2024\/09\/cropped-vieassociative_favicon.ico.png\",\"contentUrl\":\"https:\/\/vieassociative.be\/actualites\/wp-content\/uploads\/2024\/09\/cropped-vieassociative_favicon.ico.png\",\"width\":512,\"height\":512,\"caption\":\"Vie Associative\"},\"image\":{\"@id\":\"https:\/\/vieassociative.be\/actualites\/#\/schema\/logo\/image\/\"}},{\"@type\":\"Person\",\"@id\":\"https:\/\/vieassociative.be\/actualites\/#\/schema\/person\/b87ac4f82f9d4e7b7cec7395b679edc4\",\"name\":\"Julien\",\"image\":{\"@type\":\"ImageObject\",\"inLanguage\":\"fr-BE\",\"@id\":\"https:\/\/vieassociative.be\/actualites\/#\/schema\/person\/image\/\",\"url\":\"https:\/\/vieassociative.be\/actualites\/wp-content\/uploads\/2024\/09\/vie-associative-1-150x150.jpg\",\"contentUrl\":\"https:\/\/vieassociative.be\/actualites\/wp-content\/uploads\/2024\/09\/vie-associative-1-150x150.jpg\",\"caption\":\"Julien\"},\"description\":\"Je suis Julien, r\u00e9dacteur pour Vie Associative. Passionn\u00e9 par le monde associatif depuis plus de 10 ans, j'ai \u00e0 c\u0153ur de partager des histoires inspirantes et de mettre en lumi\u00e8re les initiatives locales. Mon objectif est de sensibiliser et d'encourager l'engagement communautaire \u00e0 travers mes articles.\",\"sameAs\":[\"https:\/\/vieassociative.be\/\"]}]}<\/script>\n<!-- \/ Yoast SEO plugin. -->","yoast_head_json":{"title":"Trump a-t-il sous-estim\u00e9 les cons\u00e9quences de la guerre en Iran ? \u2013 Nervosit\u00e9 croissante : le pr\u00e9sident am\u00e9ricain sous pression | Vie Associative","robots":{"index":"index","follow":"follow","max-snippet":"max-snippet:-1","max-image-preview":"max-image-preview:large","max-video-preview":"max-video-preview:-1"},"canonical":"https:\/\/vieassociative.be\/actualites\/trump-a-t-il-sous-estime-les-consequences-de-la-guerre-en-iran-nervosite-croissante-le-president-americain-sous-pression\/","og_locale":"fr_FR","og_type":"article","og_title":"Trump a-t-il sous-estim\u00e9 les cons\u00e9quences de la guerre en Iran ? \u2013 Nervosit\u00e9 croissante : le pr\u00e9sident am\u00e9ricain sous pression | Vie Associative","og_description":"\u00c0 mesure que le conflit entre les \u00c9tats-Unis et l\u2019Iran s\u2019intensifie, il appara\u00eet de plus en plus \u00e9vident que les tensions s\u2019accentuent autour de la","og_url":"https:\/\/vieassociative.be\/actualites\/trump-a-t-il-sous-estime-les-consequences-de-la-guerre-en-iran-nervosite-croissante-le-president-americain-sous-pression\/","og_site_name":"Vie Associative","article_published_time":"2026-03-16T15:17:40+00:00","og_image":[{"width":279,"height":92,"url":"https:\/\/vieassociative.be\/actualites\/wp-content\/uploads\/2024\/09\/header_backgroundk-01-e1726694325946.png","type":"image\/png"}],"author":"Julien","twitter_card":"summary_large_image","twitter_misc":{"\u00c9crit par":"Julien","Dur\u00e9e de lecture est.":"5 minutes"},"schema":{"@context":"https:\/\/schema.org","@graph":[{"@type":"Article","@id":"https:\/\/vieassociative.be\/actualites\/trump-a-t-il-sous-estime-les-consequences-de-la-guerre-en-iran-nervosite-croissante-le-president-americain-sous-pression\/#article","isPartOf":{"@id":"https:\/\/vieassociative.be\/actualites\/trump-a-t-il-sous-estime-les-consequences-de-la-guerre-en-iran-nervosite-croissante-le-president-americain-sous-pression\/"},"author":{"name":"Julien","@id":"https:\/\/vieassociative.be\/actualites\/#\/schema\/person\/b87ac4f82f9d4e7b7cec7395b679edc4"},"headline":"Trump a-t-il sous-estim\u00e9 les cons\u00e9quences de la guerre en Iran ? \u2013 Nervosit\u00e9 croissante : le pr\u00e9sident am\u00e9ricain sous pression","datePublished":"2026-03-16T15:17:40+00:00","dateModified":"2026-03-16T15:17:40+00:00","mainEntityOfPage":{"@id":"https:\/\/vieassociative.be\/actualites\/trump-a-t-il-sous-estime-les-consequences-de-la-guerre-en-iran-nervosite-croissante-le-president-americain-sous-pression\/"},"wordCount":998,"publisher":{"@id":"https:\/\/vieassociative.be\/actualites\/#organization"},"image":{"@id":"https:\/\/vieassociative.be\/actualites\/trump-a-t-il-sous-estime-les-consequences-de-la-guerre-en-iran-nervosite-croissante-le-president-americain-sous-pression\/#primaryimage"},"thumbnailUrl":"https:\/\/vieassociative.be\/actualites\/wp-content\/uploads\/2026\/03\/1773674260_Trump-a-t-il-sous-estime-les-consequences-de-la-guerre-en-Iran.jpg","keywords":["am\u00e9ricain","atil","cons\u00e9quences","croissante","guerre","Iran","Les","nervosit\u00e9","pr\u00e9sident","pression","sous","sousestim\u00e9","Trump"],"articleSection":["Belgique"],"inLanguage":"fr-BE"},{"@type":"WebPage","@id":"https:\/\/vieassociative.be\/actualites\/trump-a-t-il-sous-estime-les-consequences-de-la-guerre-en-iran-nervosite-croissante-le-president-americain-sous-pression\/","url":"https:\/\/vieassociative.be\/actualites\/trump-a-t-il-sous-estime-les-consequences-de-la-guerre-en-iran-nervosite-croissante-le-president-americain-sous-pression\/","name":"Trump a-t-il sous-estim\u00e9 les cons\u00e9quences de la guerre en Iran ? \u2013 Nervosit\u00e9 croissante : le pr\u00e9sident am\u00e9ricain sous pression | Vie Associative","isPartOf":{"@id":"https:\/\/vieassociative.be\/actualites\/#website"},"primaryImageOfPage":{"@id":"https:\/\/vieassociative.be\/actualites\/trump-a-t-il-sous-estime-les-consequences-de-la-guerre-en-iran-nervosite-croissante-le-president-americain-sous-pression\/#primaryimage"},"image":{"@id":"https:\/\/vieassociative.be\/actualites\/trump-a-t-il-sous-estime-les-consequences-de-la-guerre-en-iran-nervosite-croissante-le-president-americain-sous-pression\/#primaryimage"},"thumbnailUrl":"https:\/\/vieassociative.be\/actualites\/wp-content\/uploads\/2026\/03\/1773674260_Trump-a-t-il-sous-estime-les-consequences-de-la-guerre-en-Iran.jpg","datePublished":"2026-03-16T15:17:40+00:00","dateModified":"2026-03-16T15:17:40+00:00","breadcrumb":{"@id":"https:\/\/vieassociative.be\/actualites\/trump-a-t-il-sous-estime-les-consequences-de-la-guerre-en-iran-nervosite-croissante-le-president-americain-sous-pression\/#breadcrumb"},"inLanguage":"fr-BE","potentialAction":[{"@type":"ReadAction","target":["https:\/\/vieassociative.be\/actualites\/trump-a-t-il-sous-estime-les-consequences-de-la-guerre-en-iran-nervosite-croissante-le-president-americain-sous-pression\/"]}]},{"@type":"ImageObject","inLanguage":"fr-BE","@id":"https:\/\/vieassociative.be\/actualites\/trump-a-t-il-sous-estime-les-consequences-de-la-guerre-en-iran-nervosite-croissante-le-president-americain-sous-pression\/#primaryimage","url":"https:\/\/vieassociative.be\/actualites\/wp-content\/uploads\/2026\/03\/1773674260_Trump-a-t-il-sous-estime-les-consequences-de-la-guerre-en-Iran.jpg","contentUrl":"https:\/\/vieassociative.be\/actualites\/wp-content\/uploads\/2026\/03\/1773674260_Trump-a-t-il-sous-estime-les-consequences-de-la-guerre-en-Iran.jpg","width":1200,"height":800,"caption":"Trump a-t-il sous-estim\u00e9 les cons\u00e9quences de la guerre en Iran ? \u2013 Nervosit\u00e9 croissante : le pr\u00e9sident am\u00e9ricain sous pression"},{"@type":"BreadcrumbList","@id":"https:\/\/vieassociative.be\/actualites\/trump-a-t-il-sous-estime-les-consequences-de-la-guerre-en-iran-nervosite-croissante-le-president-americain-sous-pression\/#breadcrumb","itemListElement":[{"@type":"ListItem","position":1,"name":"Accueil","item":"https:\/\/vieassociative.be\/actualites\/"},{"@type":"ListItem","position":2,"name":"Trump a-t-il sous-estim\u00e9 les cons\u00e9quences de la guerre en Iran ? \u2013 Nervosit\u00e9 croissante : le pr\u00e9sident am\u00e9ricain sous pression"}]},{"@type":"WebSite","@id":"https:\/\/vieassociative.be\/actualites\/#website","url":"https:\/\/vieassociative.be\/actualites\/","name":"Vie Associative","description":"","publisher":{"@id":"https:\/\/vieassociative.be\/actualites\/#organization"},"potentialAction":[{"@type":"SearchAction","target":{"@type":"EntryPoint","urlTemplate":"https:\/\/vieassociative.be\/actualites\/?s={search_term_string}"},"query-input":{"@type":"PropertyValueSpecification","valueRequired":true,"valueName":"search_term_string"}}],"inLanguage":"fr-BE"},{"@type":"Organization","@id":"https:\/\/vieassociative.be\/actualites\/#organization","name":"Vie Associative","url":"https:\/\/vieassociative.be\/actualites\/","logo":{"@type":"ImageObject","inLanguage":"fr-BE","@id":"https:\/\/vieassociative.be\/actualites\/#\/schema\/logo\/image\/","url":"https:\/\/vieassociative.be\/actualites\/wp-content\/uploads\/2024\/09\/cropped-vieassociative_favicon.ico.png","contentUrl":"https:\/\/vieassociative.be\/actualites\/wp-content\/uploads\/2024\/09\/cropped-vieassociative_favicon.ico.png","width":512,"height":512,"caption":"Vie Associative"},"image":{"@id":"https:\/\/vieassociative.be\/actualites\/#\/schema\/logo\/image\/"}},{"@type":"Person","@id":"https:\/\/vieassociative.be\/actualites\/#\/schema\/person\/b87ac4f82f9d4e7b7cec7395b679edc4","name":"Julien","image":{"@type":"ImageObject","inLanguage":"fr-BE","@id":"https:\/\/vieassociative.be\/actualites\/#\/schema\/person\/image\/","url":"https:\/\/vieassociative.be\/actualites\/wp-content\/uploads\/2024\/09\/vie-associative-1-150x150.jpg","contentUrl":"https:\/\/vieassociative.be\/actualites\/wp-content\/uploads\/2024\/09\/vie-associative-1-150x150.jpg","caption":"Julien"},"description":"Je suis Julien, r\u00e9dacteur pour Vie Associative. Passionn\u00e9 par le monde associatif depuis plus de 10 ans, j'ai \u00e0 c\u0153ur de partager des histoires inspirantes et de mettre en lumi\u00e8re les initiatives locales. Mon objectif est de sensibiliser et d'encourager l'engagement communautaire \u00e0 travers mes articles.","sameAs":["https:\/\/vieassociative.be\/"]}]}},"_links":{"self":[{"href":"https:\/\/vieassociative.be\/actualites\/wp-json\/wp\/v2\/posts\/13051"}],"collection":[{"href":"https:\/\/vieassociative.be\/actualites\/wp-json\/wp\/v2\/posts"}],"about":[{"href":"https:\/\/vieassociative.be\/actualites\/wp-json\/wp\/v2\/types\/post"}],"author":[{"embeddable":true,"href":"https:\/\/vieassociative.be\/actualites\/wp-json\/wp\/v2\/users\/1"}],"replies":[{"embeddable":true,"href":"https:\/\/vieassociative.be\/actualites\/wp-json\/wp\/v2\/comments?post=13051"}],"version-history":[{"count":0,"href":"https:\/\/vieassociative.be\/actualites\/wp-json\/wp\/v2\/posts\/13051\/revisions"}],"wp:featuredmedia":[{"embeddable":true,"href":"https:\/\/vieassociative.be\/actualites\/wp-json\/wp\/v2\/media\/13052"}],"wp:attachment":[{"href":"https:\/\/vieassociative.be\/actualites\/wp-json\/wp\/v2\/media?parent=13051"}],"wp:term":[{"taxonomy":"category","embeddable":true,"href":"https:\/\/vieassociative.be\/actualites\/wp-json\/wp\/v2\/categories?post=13051"},{"taxonomy":"post_tag","embeddable":true,"href":"https:\/\/vieassociative.be\/actualites\/wp-json\/wp\/v2\/tags?post=13051"}],"curies":[{"name":"wp","href":"https:\/\/api.w.org\/{rel}","templated":true}]}}