{"id":13049,"date":"2026-03-16T15:17:25","date_gmt":"2026-03-16T14:17:25","guid":{"rendered":"https:\/\/vieassociative.be\/actualites\/le-guide-de-la-culture-des-enfants-pour-les-adultes-deconnectes-que-sont-les-oeufs-encadres\/"},"modified":"2026-03-16T15:17:25","modified_gmt":"2026-03-16T14:17:25","slug":"le-guide-de-la-culture-des-enfants-pour-les-adultes-deconnectes-que-sont-les-oeufs-encadres","status":"publish","type":"post","link":"https:\/\/vieassociative.be\/actualites\/le-guide-de-la-culture-des-enfants-pour-les-adultes-deconnectes-que-sont-les-oeufs-encadres\/","title":{"rendered":"Le guide de la culture des enfants pour les adultes d\u00e9connect\u00e9s\u00a0: que sont les \u0153ufs \u00ab\u00a0encadr\u00e9s\u00a0\u00bb\u00a0?"},"content":{"rendered":"<p>Cette semaine, les jeunes de TikTok ont \u200b\u200bd\u00e9couvert une nouvelle fa\u00e7on de pr\u00e9parer le petit-d\u00e9jeuner et une mani\u00e8re \u00e9vocatrice de d\u00e9crire le sentiment que quelque chose de grave arrive. C&rsquo;est une tr\u00e8s bonne semaine, mais ils se sont \u00e9galement tourn\u00e9s vers le GN en tant qu&rsquo;intelligence artificielle et ont d\u00e9couvert quelque chose d&rsquo;int\u00e9ressant sur les magasins Staples. Voici ce que tout cela signifie. <\/p>\n<h2 id=\"what-are-frambled-eggs\">Que sont les \u00ab \u0153ufs framill\u00e9s \u00bb ?<\/h2>\n<p>Je ne peux pas <em>croire<\/em> Je n&rsquo;y ai jamais pens\u00e9. \u00ab\u00a0Frambled\u00a0\u00bb est un mot-valise de \u00ab\u00a0frit\u00a0\u00bb et \u00ab\u00a0brouill\u00e9\u00a0\u00bb. Ce sont des \u0153ufs pr\u00e9par\u00e9s en partie brouill\u00e9s, mais avec le jaune intact. La perc\u00e9e culinaire semble avoir \u00e9t\u00e9 invent\u00e9e par TikToker @bussyrelate dans cette vid\u00e9o :<\/p>\n<blockquote class=\"tiktokEmbed tiktok-embed\" data-video-id=\"7599712626960059678\" style=\"max-width: 605px;min-width: 325px\">\n<section><\/section>\n<\/blockquote>\n<p>Bien que leurs commentateurs l&rsquo;appellent une \u00ab brouillage ensoleill\u00e9 \u00bb, comme s&rsquo;il s&rsquo;agissait d&rsquo;un style connu de pr\u00e9paration des \u0153ufs. Nouveau ou pas, tout le monde sur TikTok essaie.  <\/p>\n<p>\u00c0 en juger par les vid\u00e9os que j&rsquo;ai regard\u00e9es, il existe deux bancs d&rsquo;\u0153ufs fris\u00e9s. L\u2019un est constitu\u00e9 de blancs d\u2019\u0153ufs brouill\u00e9s avec du jaune intact. L&rsquo;autre est un \u0153uf enti\u00e8rement brouill\u00e9 m\u00e9lang\u00e9 soigneusement dans la po\u00eale avec un \u0153uf sans toucher le jaune. La m\u00e9thode pr\u00e9f\u00e9r\u00e9e semble \u00eatre de les brouiller directement dans la po\u00eale, mais vous pouvez s\u00e9parer les blancs et les jaunes, brouiller les blancs, puis les mettre dans la po\u00eale. Si vous voulez \u00eatre chic.<\/p>\n<h2 id=\"what-does-the-saxophones-are-getting-louder-mean\">Que signifie \u00ab Les saxophones deviennent plus forts \u00bb ?<\/h2>\n<p>Cette expression m\u00e8me n\u2019est pas tr\u00e8s utilis\u00e9e chez les jeunes, mais c\u2019est un argot tellement \u00e9vocateur que vous devriez le conna\u00eetre de toute fa\u00e7on. \u00ab\u00a0Les saxophones deviennent plus forts\u00a0\u00bb d\u00e9crit un sentiment de d\u00e9sastre imminent. C&rsquo;est une r\u00e9f\u00e9rence \u00e0 la sc\u00e8ne des ann\u00e9es 1991 <em>Boyz n the Hood<\/em> o\u00f9 le son d&rsquo;un saxophone hurlant pr\u00e9c\u00e8de la mort de Ricky.<\/p>\n<p>Le m\u00e8me semble avoir commenc\u00e9 avec cette vid\u00e9o\u00a0: <\/p>\n<blockquote class=\"tiktokEmbed tiktok-embed\" data-video-id=\"7606187191416458527\" style=\"max-width: 605px;min-width: 325px\">\n<section><\/section>\n<\/blockquote>\n<p>mais s&rsquo;est depuis \u00e9largi pour inclure toute situation dans laquelle une catastrophe est imminente. <\/p>\n<p>Les saxophones commencent \u00e0 devenir plus forts lorsque vous vous souvenez qu&rsquo;il y a des pistaches dans le dessert juste apr\u00e8s que votre fr\u00e8re allergique y ait go\u00fbt\u00e9\u00a0: <\/p>\n<blockquote class=\"tiktokEmbed tiktok-embed\" data-video-id=\"7610179426696924429\" style=\"max-width: 605px;min-width: 325px\">\n<section><\/section>\n<\/blockquote>\n<p>quand les infirmi\u00e8res de l&rsquo;h\u00f4pital commencent \u00e0 bouger <em>rapidement<\/em>:  <\/p>\n<blockquote class=\"tiktokEmbed tiktok-embed\" data-video-id=\"7604973701833952543\" style=\"max-width: 605px;min-width: 325px\">\n<section><\/section>\n<\/blockquote>\n<p>quand il y a des coups de feu \u00e0 la pool party :<\/p>\n<blockquote class=\"tiktokEmbed tiktok-embed\" data-video-id=\"7598033147040664863\" style=\"max-width: 605px;min-width: 325px\">\n<section><\/section>\n<\/blockquote>\n<p>et peut-\u00eatre chaque fois que vous commencez \u00e0 vraiment r\u00e9fl\u00e9chir \u00e0 ce qui se passe\u00a0: <\/p>\n<blockquote class=\"tiktokEmbed tiktok-embed\" data-video-id=\"7596863616985402654\" style=\"max-width: 605px;min-width: 325px\">\n<section><\/section>\n<\/blockquote>\n<p>Si vous aimez les vid\u00e9os mena\u00e7antes autant que moi, consultez la collection li\u00e9e au clip audio. <\/p>\n<h2 id=\"your-ai-slop-bores-me-lets-people-replace-ai\">\u00ab\u00a0Your AI Slop Bores Me\u00a0\u00bb permet aux gens de remplacer l&rsquo;IA<\/h2>\n<p>J&rsquo;adore les jeux Web gratuits, en particulier ceux qui commentent l&rsquo;IA. Votre AI Slop Bores Me \u00e9limine le c\u00f4t\u00e9 artificiel de l&rsquo;intelligence artificielle et vous permet de poser des questions ou de demander des dessins \u00e0 un humain anonyme. Ou vous pouvez devenir l\u2019IA et r\u00e9pondre aux requ\u00eates. Les r\u00e9ponses mettent en \u00e9vidence la diff\u00e9rence entre les faux renseignements et les personnes. Vous n&rsquo;obtenez pas de r\u00e9ponses comme celle-ci de ChatGPT\u00a0:<\/p>\n<div class=\"eloquent-imagery-image\">\n<div class=\"flex justify-center\">\n                    <img decoding=\"async\" class=\"border border-gray-100\" src=\"https:\/\/vieassociative.be\/actualites\/wp-content\/uploads\/2026\/03\/1773670645_27_Le-guide-de-la-culture-des-enfants-pour-les-adultes.png\" alt=\"Votre slop IA m'ennuie\" width=\"2000\" height=\"1238\" loading=\"lazy\">\n            <\/div>\n<div class=\"mt-2 font-akshar\">\n                            <span class=\"image-caption block text-sm leading-4 tracking-wide text-(#1F2937)\"><\/span><br \/>\n                                        <span class=\"mt-1 block font-sans text-xs tracking-normal text-gray-600\">Cr\u00e9dit : Stephen Johnson<\/span>\n                    <\/div>\n<\/p><\/div>\n<p>ou comme \u00e7a : <\/p>\n<div class=\"eloquent-imagery-image\">\n<div class=\"flex justify-center\">\n                    <img decoding=\"async\" class=\"border border-gray-100\" src=\"https:\/\/vieassociative.be\/actualites\/wp-content\/uploads\/2026\/03\/1773670645_978_Le-guide-de-la-culture-des-enfants-pour-les-adultes.png\" alt=\"Votre slop IA m'ennuie\" width=\"2000\" height=\"1261\" loading=\"lazy\">\n            <\/div>\n<div class=\"mt-2 font-akshar\">\n                            <span class=\"image-caption block text-sm leading-4 tracking-wide text-(#1F2937)\"><\/span><br \/>\n                                        <span class=\"mt-1 block font-sans text-xs tracking-normal text-gray-600\">Cr\u00e9dit : Stephen Johnson<\/span>\n                    <\/div>\n<\/p><\/div>\n<\/p>\n<h2 id=\"viral-video-of-the-week-staples-baddie\">Vid\u00e9o virale de la semaine\u00a0: Staples Baddie<\/h2>\n<p>Si vous \u00eates comme moi, vous pensez que le magasin omnipr\u00e9sent de fournitures de bureau Staples est ennuyeux, si vous pensez \u00e0 Staples. Mais nous sommes <em>tellement faux<\/em>. Pour un nombre croissant de jeunes, Staples est plus qu&rsquo;un simple endroit o\u00f9 se procurer du papier d&rsquo;imprimante lorsque vous oubliez de le commander sur Amazon. Staples est <em>cool<\/em>et c&rsquo;est gr\u00e2ce \u00e0 une seule personne : Kaeden Rowland, utilisatrice de TikTok et employ\u00e9e de Staples. Surnomm\u00e9e \u00ab Staples Baddie \u00bb, la cha\u00eene TikTok de Rowland explose, avec des millions de vues sur des vid\u00e9os d\u00e9crivant les choses que vous pouvez faire chez votre Staples local. Comme faire un mug personnalis\u00e9 :<\/p>\n<blockquote class=\"tiktokEmbed tiktok-embed\" data-video-id=\"7603890120651033869\" style=\"max-width: 605px;min-width: 325px\">\n<section><\/section>\n<\/blockquote>\n<p>Ou un cachet de signature personnalis\u00e9 :<\/p>\n<blockquote class=\"tiktokEmbed tiktok-embed\" data-video-id=\"7606513324896832782\" style=\"max-width: 605px;min-width: 325px\">\n<section><\/section>\n<\/blockquote>\n<p>Vous pouvez \u00e9galement cr\u00e9er des autocollants. Ou envoyez un mail \u00e0 un grand nombre de personnes. Il y en a beaucoup. <\/p>\n<p>Alors que la popularit\u00e9 de Staples Baddie fait sans aucun doute le bonheur de Staples Corporate, un autre suppos\u00e9 esclave salari\u00e9 de Staples n&rsquo;est pas content du tout. \u00ab\u00a0Je travaille chez Staples et Staples Baddie me ruine la vie\u00a0\u00bb, d\u00e9clare Aran dans une vid\u00e9o de r\u00e9ponse sur TikTok. \u00ab\u00a0Staples n&rsquo;\u00e9tait pas un magasin tr\u00e8s fr\u00e9quent\u00e9. Nous avions peut-\u00eatre trois personnes dans le magasin \u00e0 un moment donn\u00e9. Maintenant que Staples Baddie est devenu viral, nous recevons des centaines de personnes chaque jour.\u00a0\u00bb <\/p>\n<blockquote class=\"tiktokEmbed tiktok-embed\" data-video-id=\"7608696088920378637\" style=\"max-width: 605px;min-width: 325px\">\n<section><\/section>\n<\/blockquote>\n<p>  \u00ab\u00a0J&rsquo;ai vraiment ador\u00e9 le fait que mon travail consistait simplement \u00e0 rester assis\u00a0\u00bb, conclut Aran. <\/p>\n<p>\u00c0 un niveau plus profond, tout cela pourrait \u00eatre une publicit\u00e9 d\u2019entreprise. Selon les reportages de CNN, Staples Baddie est l\u00e9gitimement un employ\u00e9 de Staples, mais j&rsquo;ai vu l&rsquo;histoire d&rsquo;Aran sur People.com, et cette publication ne semblait pas savoir qu&rsquo;Aran ne travaillait pas r\u00e9ellement chez Staples : dans d&rsquo;autres vid\u00e9os qu&rsquo;ils ont publi\u00e9es, Aran a pr\u00e9tendu travailler chez Spirit Halloween, AMC, et a d\u00e9clar\u00e9 qu&rsquo;il \u00e9tait \u00e9tudiant en m\u00e9decine. <\/p>\n<p>M\u00eame s&rsquo;il n&rsquo;y travaille pas, selon de nombreux employ\u00e9s de Staples en ligne, le point de vue d&rsquo;Aran est l\u00e9gitime et Staples Baddie rend les choses plus difficiles pour tous les autres membres de la cha\u00eene de magasins. \u00ab\u00a0S&rsquo;il s&rsquo;agit simplement d&rsquo;une personne ordinaire et non d&rsquo;un stratag\u00e8me marketing, d&rsquo;un employ\u00e9 de haut rang ou d&rsquo;un salaire suppl\u00e9mentaire, cela me rend fou que les clients voient un aper\u00e7u amusant au lieu de ce \u00e0 quoi nous avons affaire, de la fa\u00e7on dont nous sommes trait\u00e9s et du peu que nous sommes pay\u00e9s\u00a0\u00bb, \u00e9crit u\/Dear_Ad63 de Reddit.<\/p>\n<p><script async src=\"\/\/www.tiktok.com\/embed.js\"><\/script><\/p>\n","protected":false},"excerpt":{"rendered":"<p>Cette semaine, les jeunes de TikTok ont \u200b\u200bd\u00e9couvert une nouvelle fa\u00e7on de pr\u00e9parer le petit-d\u00e9jeuner et une mani\u00e8re \u00e9vocatrice de d\u00e9crire le sentiment que quelque<\/p>\n","protected":false},"author":1,"featured_media":13050,"comment_status":"","ping_status":"","sticky":false,"template":"","format":"standard","meta":{"footnotes":""},"categories":[36],"tags":[899,2805,2806,29,10264,324,461,14,1803,81,18],"class_list":["post-13049","post","type-post","status-publish","format-standard","has-post-thumbnail","hentry","category-divertissement","tag-adultes","tag-culture","tag-deconnectes","tag-des","tag-encadres","tag-enfants","tag-guide","tag-les","tag-oeufs","tag-pour","tag-sont","generate-columns","tablet-grid-50","mobile-grid-100","grid-parent","grid-33"],"yoast_head":"<!-- This site is optimized with the Yoast SEO plugin v24.0 - https:\/\/yoast.com\/wordpress\/plugins\/seo\/ -->\n<title>Le guide de la culture des enfants pour les adultes d\u00e9connect\u00e9s\u00a0: que sont les \u0153ufs \u00ab\u00a0encadr\u00e9s\u00a0\u00bb\u00a0? | Vie Associative<\/title>\n<meta name=\"robots\" content=\"index, follow, max-snippet:-1, max-image-preview:large, max-video-preview:-1\" \/>\n<link rel=\"canonical\" href=\"https:\/\/vieassociative.be\/actualites\/le-guide-de-la-culture-des-enfants-pour-les-adultes-deconnectes-que-sont-les-oeufs-encadres\/\" \/>\n<meta property=\"og:locale\" content=\"fr_FR\" \/>\n<meta property=\"og:type\" content=\"article\" \/>\n<meta property=\"og:title\" content=\"Le guide de la culture des enfants pour les adultes d\u00e9connect\u00e9s\u00a0: que sont les \u0153ufs \u00ab\u00a0encadr\u00e9s\u00a0\u00bb\u00a0? | Vie Associative\" \/>\n<meta property=\"og:description\" content=\"Cette semaine, les jeunes de TikTok ont \u200b\u200bd\u00e9couvert une nouvelle fa\u00e7on de pr\u00e9parer le petit-d\u00e9jeuner et une mani\u00e8re \u00e9vocatrice de d\u00e9crire le sentiment que quelque\" \/>\n<meta property=\"og:url\" content=\"https:\/\/vieassociative.be\/actualites\/le-guide-de-la-culture-des-enfants-pour-les-adultes-deconnectes-que-sont-les-oeufs-encadres\/\" \/>\n<meta property=\"og:site_name\" content=\"Vie Associative\" \/>\n<meta property=\"article:published_time\" content=\"2026-03-16T14:17:25+00:00\" \/>\n<meta property=\"og:image\" content=\"https:\/\/vieassociative.be\/actualites\/wp-content\/uploads\/2026\/03\/1773670645_27_Le-guide-de-la-culture-des-enfants-pour-les-adultes.png\" \/>\n<meta name=\"author\" content=\"Julien\" \/>\n<meta name=\"twitter:card\" content=\"summary_large_image\" \/>\n<meta name=\"twitter:label1\" content=\"\u00c9crit par\" \/>\n\t<meta name=\"twitter:data1\" content=\"Julien\" \/>\n\t<meta name=\"twitter:label2\" content=\"Dur\u00e9e de lecture est.\" \/>\n\t<meta name=\"twitter:data2\" content=\"5 minutes\" \/>\n<script type=\"application\/ld+json\" class=\"yoast-schema-graph\">{\"@context\":\"https:\/\/schema.org\",\"@graph\":[{\"@type\":\"Article\",\"@id\":\"https:\/\/vieassociative.be\/actualites\/le-guide-de-la-culture-des-enfants-pour-les-adultes-deconnectes-que-sont-les-oeufs-encadres\/#article\",\"isPartOf\":{\"@id\":\"https:\/\/vieassociative.be\/actualites\/le-guide-de-la-culture-des-enfants-pour-les-adultes-deconnectes-que-sont-les-oeufs-encadres\/\"},\"author\":{\"name\":\"Julien\",\"@id\":\"https:\/\/vieassociative.be\/actualites\/#\/schema\/person\/b87ac4f82f9d4e7b7cec7395b679edc4\"},\"headline\":\"Le guide de la culture des enfants pour les adultes d\u00e9connect\u00e9s\u00a0: que sont les \u0153ufs \u00ab\u00a0encadr\u00e9s\u00a0\u00bb\u00a0?\",\"datePublished\":\"2026-03-16T14:17:25+00:00\",\"dateModified\":\"2026-03-16T14:17:25+00:00\",\"mainEntityOfPage\":{\"@id\":\"https:\/\/vieassociative.be\/actualites\/le-guide-de-la-culture-des-enfants-pour-les-adultes-deconnectes-que-sont-les-oeufs-encadres\/\"},\"wordCount\":1030,\"publisher\":{\"@id\":\"https:\/\/vieassociative.be\/actualites\/#organization\"},\"image\":{\"@id\":\"https:\/\/vieassociative.be\/actualites\/le-guide-de-la-culture-des-enfants-pour-les-adultes-deconnectes-que-sont-les-oeufs-encadres\/#primaryimage\"},\"thumbnailUrl\":\"https:\/\/vieassociative.be\/actualites\/wp-content\/uploads\/2026\/03\/1773670646_Le-guide-de-la-culture-des-enfants-pour-les-adultes.png\",\"keywords\":[\"adultes\",\"culture\",\"d\u00e9connect\u00e9s\",\"Des\",\"encadr\u00e9s\",\"enfants\",\"Guide\",\"Les\",\"\u0153ufs\",\"pour\",\"sont\"],\"articleSection\":[\"Divertissement\"],\"inLanguage\":\"fr-BE\"},{\"@type\":\"WebPage\",\"@id\":\"https:\/\/vieassociative.be\/actualites\/le-guide-de-la-culture-des-enfants-pour-les-adultes-deconnectes-que-sont-les-oeufs-encadres\/\",\"url\":\"https:\/\/vieassociative.be\/actualites\/le-guide-de-la-culture-des-enfants-pour-les-adultes-deconnectes-que-sont-les-oeufs-encadres\/\",\"name\":\"Le guide de la culture des enfants pour les adultes d\u00e9connect\u00e9s\u00a0: que sont les \u0153ufs \u00ab\u00a0encadr\u00e9s\u00a0\u00bb\u00a0? | Vie Associative\",\"isPartOf\":{\"@id\":\"https:\/\/vieassociative.be\/actualites\/#website\"},\"primaryImageOfPage\":{\"@id\":\"https:\/\/vieassociative.be\/actualites\/le-guide-de-la-culture-des-enfants-pour-les-adultes-deconnectes-que-sont-les-oeufs-encadres\/#primaryimage\"},\"image\":{\"@id\":\"https:\/\/vieassociative.be\/actualites\/le-guide-de-la-culture-des-enfants-pour-les-adultes-deconnectes-que-sont-les-oeufs-encadres\/#primaryimage\"},\"thumbnailUrl\":\"https:\/\/vieassociative.be\/actualites\/wp-content\/uploads\/2026\/03\/1773670646_Le-guide-de-la-culture-des-enfants-pour-les-adultes.png\",\"datePublished\":\"2026-03-16T14:17:25+00:00\",\"dateModified\":\"2026-03-16T14:17:25+00:00\",\"breadcrumb\":{\"@id\":\"https:\/\/vieassociative.be\/actualites\/le-guide-de-la-culture-des-enfants-pour-les-adultes-deconnectes-que-sont-les-oeufs-encadres\/#breadcrumb\"},\"inLanguage\":\"fr-BE\",\"potentialAction\":[{\"@type\":\"ReadAction\",\"target\":[\"https:\/\/vieassociative.be\/actualites\/le-guide-de-la-culture-des-enfants-pour-les-adultes-deconnectes-que-sont-les-oeufs-encadres\/\"]}]},{\"@type\":\"ImageObject\",\"inLanguage\":\"fr-BE\",\"@id\":\"https:\/\/vieassociative.be\/actualites\/le-guide-de-la-culture-des-enfants-pour-les-adultes-deconnectes-que-sont-les-oeufs-encadres\/#primaryimage\",\"url\":\"https:\/\/vieassociative.be\/actualites\/wp-content\/uploads\/2026\/03\/1773670646_Le-guide-de-la-culture-des-enfants-pour-les-adultes.png\",\"contentUrl\":\"https:\/\/vieassociative.be\/actualites\/wp-content\/uploads\/2026\/03\/1773670646_Le-guide-de-la-culture-des-enfants-pour-les-adultes.png\",\"width\":1200,\"height\":675,\"caption\":\"Le guide de la culture des enfants pour les adultes d\u00e9connect\u00e9s\u00a0: que sont les \u0153ufs \u00ab\u00a0encadr\u00e9s\u00a0\u00bb\u00a0?\"},{\"@type\":\"BreadcrumbList\",\"@id\":\"https:\/\/vieassociative.be\/actualites\/le-guide-de-la-culture-des-enfants-pour-les-adultes-deconnectes-que-sont-les-oeufs-encadres\/#breadcrumb\",\"itemListElement\":[{\"@type\":\"ListItem\",\"position\":1,\"name\":\"Accueil\",\"item\":\"https:\/\/vieassociative.be\/actualites\/\"},{\"@type\":\"ListItem\",\"position\":2,\"name\":\"Le guide de la culture des enfants pour les adultes d\u00e9connect\u00e9s\u00a0: que sont les \u0153ufs \u00ab\u00a0encadr\u00e9s\u00a0\u00bb\u00a0?\"}]},{\"@type\":\"WebSite\",\"@id\":\"https:\/\/vieassociative.be\/actualites\/#website\",\"url\":\"https:\/\/vieassociative.be\/actualites\/\",\"name\":\"Vie Associative\",\"description\":\"\",\"publisher\":{\"@id\":\"https:\/\/vieassociative.be\/actualites\/#organization\"},\"potentialAction\":[{\"@type\":\"SearchAction\",\"target\":{\"@type\":\"EntryPoint\",\"urlTemplate\":\"https:\/\/vieassociative.be\/actualites\/?s={search_term_string}\"},\"query-input\":{\"@type\":\"PropertyValueSpecification\",\"valueRequired\":true,\"valueName\":\"search_term_string\"}}],\"inLanguage\":\"fr-BE\"},{\"@type\":\"Organization\",\"@id\":\"https:\/\/vieassociative.be\/actualites\/#organization\",\"name\":\"Vie Associative\",\"url\":\"https:\/\/vieassociative.be\/actualites\/\",\"logo\":{\"@type\":\"ImageObject\",\"inLanguage\":\"fr-BE\",\"@id\":\"https:\/\/vieassociative.be\/actualites\/#\/schema\/logo\/image\/\",\"url\":\"https:\/\/vieassociative.be\/actualites\/wp-content\/uploads\/2024\/09\/cropped-vieassociative_favicon.ico.png\",\"contentUrl\":\"https:\/\/vieassociative.be\/actualites\/wp-content\/uploads\/2024\/09\/cropped-vieassociative_favicon.ico.png\",\"width\":512,\"height\":512,\"caption\":\"Vie Associative\"},\"image\":{\"@id\":\"https:\/\/vieassociative.be\/actualites\/#\/schema\/logo\/image\/\"}},{\"@type\":\"Person\",\"@id\":\"https:\/\/vieassociative.be\/actualites\/#\/schema\/person\/b87ac4f82f9d4e7b7cec7395b679edc4\",\"name\":\"Julien\",\"image\":{\"@type\":\"ImageObject\",\"inLanguage\":\"fr-BE\",\"@id\":\"https:\/\/vieassociative.be\/actualites\/#\/schema\/person\/image\/\",\"url\":\"https:\/\/vieassociative.be\/actualites\/wp-content\/uploads\/2024\/09\/vie-associative-1-150x150.jpg\",\"contentUrl\":\"https:\/\/vieassociative.be\/actualites\/wp-content\/uploads\/2024\/09\/vie-associative-1-150x150.jpg\",\"caption\":\"Julien\"},\"description\":\"Je suis Julien, r\u00e9dacteur pour Vie Associative. Passionn\u00e9 par le monde associatif depuis plus de 10 ans, j'ai \u00e0 c\u0153ur de partager des histoires inspirantes et de mettre en lumi\u00e8re les initiatives locales. Mon objectif est de sensibiliser et d'encourager l'engagement communautaire \u00e0 travers mes articles.\",\"sameAs\":[\"https:\/\/vieassociative.be\/\"]}]}<\/script>\n<!-- \/ Yoast SEO plugin. -->","yoast_head_json":{"title":"Le guide de la culture des enfants pour les adultes d\u00e9connect\u00e9s\u00a0: que sont les \u0153ufs \u00ab\u00a0encadr\u00e9s\u00a0\u00bb\u00a0? | Vie Associative","robots":{"index":"index","follow":"follow","max-snippet":"max-snippet:-1","max-image-preview":"max-image-preview:large","max-video-preview":"max-video-preview:-1"},"canonical":"https:\/\/vieassociative.be\/actualites\/le-guide-de-la-culture-des-enfants-pour-les-adultes-deconnectes-que-sont-les-oeufs-encadres\/","og_locale":"fr_FR","og_type":"article","og_title":"Le guide de la culture des enfants pour les adultes d\u00e9connect\u00e9s\u00a0: que sont les \u0153ufs \u00ab\u00a0encadr\u00e9s\u00a0\u00bb\u00a0? | Vie Associative","og_description":"Cette semaine, les jeunes de TikTok ont \u200b\u200bd\u00e9couvert une nouvelle fa\u00e7on de pr\u00e9parer le petit-d\u00e9jeuner et une mani\u00e8re \u00e9vocatrice de d\u00e9crire le sentiment que quelque","og_url":"https:\/\/vieassociative.be\/actualites\/le-guide-de-la-culture-des-enfants-pour-les-adultes-deconnectes-que-sont-les-oeufs-encadres\/","og_site_name":"Vie Associative","article_published_time":"2026-03-16T14:17:25+00:00","og_image":[{"url":"https:\/\/vieassociative.be\/actualites\/wp-content\/uploads\/2026\/03\/1773670645_27_Le-guide-de-la-culture-des-enfants-pour-les-adultes.png","type":"","width":"","height":""}],"author":"Julien","twitter_card":"summary_large_image","twitter_misc":{"\u00c9crit par":"Julien","Dur\u00e9e de lecture est.":"5 minutes"},"schema":{"@context":"https:\/\/schema.org","@graph":[{"@type":"Article","@id":"https:\/\/vieassociative.be\/actualites\/le-guide-de-la-culture-des-enfants-pour-les-adultes-deconnectes-que-sont-les-oeufs-encadres\/#article","isPartOf":{"@id":"https:\/\/vieassociative.be\/actualites\/le-guide-de-la-culture-des-enfants-pour-les-adultes-deconnectes-que-sont-les-oeufs-encadres\/"},"author":{"name":"Julien","@id":"https:\/\/vieassociative.be\/actualites\/#\/schema\/person\/b87ac4f82f9d4e7b7cec7395b679edc4"},"headline":"Le guide de la culture des enfants pour les adultes d\u00e9connect\u00e9s\u00a0: que sont les \u0153ufs \u00ab\u00a0encadr\u00e9s\u00a0\u00bb\u00a0?","datePublished":"2026-03-16T14:17:25+00:00","dateModified":"2026-03-16T14:17:25+00:00","mainEntityOfPage":{"@id":"https:\/\/vieassociative.be\/actualites\/le-guide-de-la-culture-des-enfants-pour-les-adultes-deconnectes-que-sont-les-oeufs-encadres\/"},"wordCount":1030,"publisher":{"@id":"https:\/\/vieassociative.be\/actualites\/#organization"},"image":{"@id":"https:\/\/vieassociative.be\/actualites\/le-guide-de-la-culture-des-enfants-pour-les-adultes-deconnectes-que-sont-les-oeufs-encadres\/#primaryimage"},"thumbnailUrl":"https:\/\/vieassociative.be\/actualites\/wp-content\/uploads\/2026\/03\/1773670646_Le-guide-de-la-culture-des-enfants-pour-les-adultes.png","keywords":["adultes","culture","d\u00e9connect\u00e9s","Des","encadr\u00e9s","enfants","Guide","Les","\u0153ufs","pour","sont"],"articleSection":["Divertissement"],"inLanguage":"fr-BE"},{"@type":"WebPage","@id":"https:\/\/vieassociative.be\/actualites\/le-guide-de-la-culture-des-enfants-pour-les-adultes-deconnectes-que-sont-les-oeufs-encadres\/","url":"https:\/\/vieassociative.be\/actualites\/le-guide-de-la-culture-des-enfants-pour-les-adultes-deconnectes-que-sont-les-oeufs-encadres\/","name":"Le guide de la culture des enfants pour les adultes d\u00e9connect\u00e9s\u00a0: que sont les \u0153ufs \u00ab\u00a0encadr\u00e9s\u00a0\u00bb\u00a0? | Vie Associative","isPartOf":{"@id":"https:\/\/vieassociative.be\/actualites\/#website"},"primaryImageOfPage":{"@id":"https:\/\/vieassociative.be\/actualites\/le-guide-de-la-culture-des-enfants-pour-les-adultes-deconnectes-que-sont-les-oeufs-encadres\/#primaryimage"},"image":{"@id":"https:\/\/vieassociative.be\/actualites\/le-guide-de-la-culture-des-enfants-pour-les-adultes-deconnectes-que-sont-les-oeufs-encadres\/#primaryimage"},"thumbnailUrl":"https:\/\/vieassociative.be\/actualites\/wp-content\/uploads\/2026\/03\/1773670646_Le-guide-de-la-culture-des-enfants-pour-les-adultes.png","datePublished":"2026-03-16T14:17:25+00:00","dateModified":"2026-03-16T14:17:25+00:00","breadcrumb":{"@id":"https:\/\/vieassociative.be\/actualites\/le-guide-de-la-culture-des-enfants-pour-les-adultes-deconnectes-que-sont-les-oeufs-encadres\/#breadcrumb"},"inLanguage":"fr-BE","potentialAction":[{"@type":"ReadAction","target":["https:\/\/vieassociative.be\/actualites\/le-guide-de-la-culture-des-enfants-pour-les-adultes-deconnectes-que-sont-les-oeufs-encadres\/"]}]},{"@type":"ImageObject","inLanguage":"fr-BE","@id":"https:\/\/vieassociative.be\/actualites\/le-guide-de-la-culture-des-enfants-pour-les-adultes-deconnectes-que-sont-les-oeufs-encadres\/#primaryimage","url":"https:\/\/vieassociative.be\/actualites\/wp-content\/uploads\/2026\/03\/1773670646_Le-guide-de-la-culture-des-enfants-pour-les-adultes.png","contentUrl":"https:\/\/vieassociative.be\/actualites\/wp-content\/uploads\/2026\/03\/1773670646_Le-guide-de-la-culture-des-enfants-pour-les-adultes.png","width":1200,"height":675,"caption":"Le guide de la culture des enfants pour les adultes d\u00e9connect\u00e9s\u00a0: que sont les \u0153ufs \u00ab\u00a0encadr\u00e9s\u00a0\u00bb\u00a0?"},{"@type":"BreadcrumbList","@id":"https:\/\/vieassociative.be\/actualites\/le-guide-de-la-culture-des-enfants-pour-les-adultes-deconnectes-que-sont-les-oeufs-encadres\/#breadcrumb","itemListElement":[{"@type":"ListItem","position":1,"name":"Accueil","item":"https:\/\/vieassociative.be\/actualites\/"},{"@type":"ListItem","position":2,"name":"Le guide de la culture des enfants pour les adultes d\u00e9connect\u00e9s\u00a0: que sont les \u0153ufs \u00ab\u00a0encadr\u00e9s\u00a0\u00bb\u00a0?"}]},{"@type":"WebSite","@id":"https:\/\/vieassociative.be\/actualites\/#website","url":"https:\/\/vieassociative.be\/actualites\/","name":"Vie Associative","description":"","publisher":{"@id":"https:\/\/vieassociative.be\/actualites\/#organization"},"potentialAction":[{"@type":"SearchAction","target":{"@type":"EntryPoint","urlTemplate":"https:\/\/vieassociative.be\/actualites\/?s={search_term_string}"},"query-input":{"@type":"PropertyValueSpecification","valueRequired":true,"valueName":"search_term_string"}}],"inLanguage":"fr-BE"},{"@type":"Organization","@id":"https:\/\/vieassociative.be\/actualites\/#organization","name":"Vie Associative","url":"https:\/\/vieassociative.be\/actualites\/","logo":{"@type":"ImageObject","inLanguage":"fr-BE","@id":"https:\/\/vieassociative.be\/actualites\/#\/schema\/logo\/image\/","url":"https:\/\/vieassociative.be\/actualites\/wp-content\/uploads\/2024\/09\/cropped-vieassociative_favicon.ico.png","contentUrl":"https:\/\/vieassociative.be\/actualites\/wp-content\/uploads\/2024\/09\/cropped-vieassociative_favicon.ico.png","width":512,"height":512,"caption":"Vie Associative"},"image":{"@id":"https:\/\/vieassociative.be\/actualites\/#\/schema\/logo\/image\/"}},{"@type":"Person","@id":"https:\/\/vieassociative.be\/actualites\/#\/schema\/person\/b87ac4f82f9d4e7b7cec7395b679edc4","name":"Julien","image":{"@type":"ImageObject","inLanguage":"fr-BE","@id":"https:\/\/vieassociative.be\/actualites\/#\/schema\/person\/image\/","url":"https:\/\/vieassociative.be\/actualites\/wp-content\/uploads\/2024\/09\/vie-associative-1-150x150.jpg","contentUrl":"https:\/\/vieassociative.be\/actualites\/wp-content\/uploads\/2024\/09\/vie-associative-1-150x150.jpg","caption":"Julien"},"description":"Je suis Julien, r\u00e9dacteur pour Vie Associative. Passionn\u00e9 par le monde associatif depuis plus de 10 ans, j'ai \u00e0 c\u0153ur de partager des histoires inspirantes et de mettre en lumi\u00e8re les initiatives locales. Mon objectif est de sensibiliser et d'encourager l'engagement communautaire \u00e0 travers mes articles.","sameAs":["https:\/\/vieassociative.be\/"]}]}},"_links":{"self":[{"href":"https:\/\/vieassociative.be\/actualites\/wp-json\/wp\/v2\/posts\/13049"}],"collection":[{"href":"https:\/\/vieassociative.be\/actualites\/wp-json\/wp\/v2\/posts"}],"about":[{"href":"https:\/\/vieassociative.be\/actualites\/wp-json\/wp\/v2\/types\/post"}],"author":[{"embeddable":true,"href":"https:\/\/vieassociative.be\/actualites\/wp-json\/wp\/v2\/users\/1"}],"replies":[{"embeddable":true,"href":"https:\/\/vieassociative.be\/actualites\/wp-json\/wp\/v2\/comments?post=13049"}],"version-history":[{"count":0,"href":"https:\/\/vieassociative.be\/actualites\/wp-json\/wp\/v2\/posts\/13049\/revisions"}],"wp:featuredmedia":[{"embeddable":true,"href":"https:\/\/vieassociative.be\/actualites\/wp-json\/wp\/v2\/media\/13050"}],"wp:attachment":[{"href":"https:\/\/vieassociative.be\/actualites\/wp-json\/wp\/v2\/media?parent=13049"}],"wp:term":[{"taxonomy":"category","embeddable":true,"href":"https:\/\/vieassociative.be\/actualites\/wp-json\/wp\/v2\/categories?post=13049"},{"taxonomy":"post_tag","embeddable":true,"href":"https:\/\/vieassociative.be\/actualites\/wp-json\/wp\/v2\/tags?post=13049"}],"curies":[{"name":"wp","href":"https:\/\/api.w.org\/{rel}","templated":true}]}}