{"id":13047,"date":"2026-03-16T10:17:26","date_gmt":"2026-03-16T09:17:26","guid":{"rendered":"https:\/\/vieassociative.be\/actualites\/un-seisme-de-magnitude-31-lundi-matin-avec-pour-epicentre-les-hautes-fagnes-dans-la-commune-de-baelen\/"},"modified":"2026-03-16T10:17:26","modified_gmt":"2026-03-16T09:17:26","slug":"un-seisme-de-magnitude-31-lundi-matin-avec-pour-epicentre-les-hautes-fagnes-dans-la-commune-de-baelen","status":"publish","type":"post","link":"https:\/\/vieassociative.be\/actualites\/un-seisme-de-magnitude-31-lundi-matin-avec-pour-epicentre-les-hautes-fagnes-dans-la-commune-de-baelen\/","title":{"rendered":"Un s\u00e9isme de magnitude 3,1 lundi matin avec pour \u00e9picentre les Hautes Fagnes dans la commune de Baelen"},"content":{"rendered":"<p><strong>Lundi matin 16 mars 2026, \u00e0 5h28, la terre a trembl\u00e9 dans le secteur de la commune de Baelen.<\/strong><\/p>\n<p><span id=\"more-437772\"><\/span>L&rsquo;\u00e9picentre du s\u00e9isme se trouvait \u00e0 une dizaine de kilom\u00e8tres de profondeur dans les Hautes Fagnes, sur la commune de Baelen. Sa magnitude \u00e9tait de 3,1 sur l&rsquo;\u00e9chelle de Richter.<\/p>\n<p>Comme le rapporte Sudinfo, de nombreux habitants de la r\u00e9gion ont \u00e9t\u00e9 r\u00e9veill\u00e9s de leur sommeil par les secousses. \u00ab\u00a0Nous avons \u00e9t\u00e9 secou\u00e9s dans notre lit, c&rsquo;\u00e9tait effrayant ! La sensation ressemblait plus \u00e0 une onde de choc apr\u00e8s une bombe\u00a0\u00bb, a d\u00e9clar\u00e9 un habitant.<\/p>\n<div id=\"attachment_271827\" class=\"wp-caption alignleft\" style=\"max-width: 300px\"><img fetchpriority=\"high\" decoding=\"async\" class=\"wp-image-271827 size-medium\" src=\"https:\/\/vieassociative.be\/actualites\/wp-content\/uploads\/2026\/03\/Un-seisme-de-magnitude-31-lundi-matin-avec-pour-epicentre.jpeg\" alt=\"\" width=\"300\" height=\"187\"><\/div>\n<p>En g\u00e9n\u00e9ral, des tremblements de terre d&rsquo;une magnitude de 2,5 \u00e0 3,5 sur l&rsquo;\u00e9chelle de Richter sont ressentis. Des tremblements de terre plus forts, d&rsquo;une magnitude comprise entre 3,5 et 4, sont rares dans l&rsquo;est de la Belgique, mais ils se produisent. Des dommages mat\u00e9riels ne sont attendus qu&rsquo;\u00e0 partir d&rsquo;une magnitude de 4.<\/p>\n<p>Le dernier tremblement de terre majeur dans la r\u00e9gion s&rsquo;est produit \u00e0 Roermond en 1992. Il s&rsquo;agissait du tremblement de terre le plus puissant en Europe centrale depuis plus de 200 ans : les secousses ont atteint 5,5 points sur l&rsquo;\u00e9chelle de Richter. (cr\u00e9er)<\/p>\n","protected":false},"excerpt":{"rendered":"<p>Lundi matin 16 mars 2026, \u00e0 5h28, la terre a trembl\u00e9 dans le secteur de la commune de Baelen. L&rsquo;\u00e9picentre du s\u00e9isme se trouvait \u00e0<\/p>\n","protected":false},"author":1,"featured_media":13048,"comment_status":"","ping_status":"","sticky":false,"template":"","format":"standard","meta":{"footnotes":""},"categories":[298],"tags":[61,5677,4685,166,6064,10263,10262,14,550,10261,2005,81,10260],"class_list":["post-13047","post","type-post","status-publish","format-standard","has-post-thumbnail","hentry","category-belgique","tag-avec","tag-baelen","tag-commune","tag-dans","tag-epicentre","tag-fagnes","tag-hautes","tag-les","tag-lundi","tag-magnitude","tag-matin","tag-pour","tag-seisme","generate-columns","tablet-grid-50","mobile-grid-100","grid-parent","grid-33"],"yoast_head":"<!-- This site is optimized with the Yoast SEO plugin v24.0 - https:\/\/yoast.com\/wordpress\/plugins\/seo\/ -->\n<title>Un s\u00e9isme de magnitude 3,1 lundi matin avec pour \u00e9picentre les Hautes Fagnes dans la commune de Baelen | Vie Associative<\/title>\n<meta name=\"robots\" content=\"index, follow, max-snippet:-1, max-image-preview:large, max-video-preview:-1\" \/>\n<link rel=\"canonical\" href=\"https:\/\/vieassociative.be\/actualites\/un-seisme-de-magnitude-31-lundi-matin-avec-pour-epicentre-les-hautes-fagnes-dans-la-commune-de-baelen\/\" \/>\n<meta property=\"og:locale\" content=\"fr_FR\" \/>\n<meta property=\"og:type\" content=\"article\" \/>\n<meta property=\"og:title\" content=\"Un s\u00e9isme de magnitude 3,1 lundi matin avec pour \u00e9picentre les Hautes Fagnes dans la commune de Baelen | Vie Associative\" \/>\n<meta property=\"og:description\" content=\"Lundi matin 16 mars 2026, \u00e0 5h28, la terre a trembl\u00e9 dans le secteur de la commune de Baelen. L&rsquo;\u00e9picentre du s\u00e9isme se trouvait \u00e0\" \/>\n<meta property=\"og:url\" content=\"https:\/\/vieassociative.be\/actualites\/un-seisme-de-magnitude-31-lundi-matin-avec-pour-epicentre-les-hautes-fagnes-dans-la-commune-de-baelen\/\" \/>\n<meta property=\"og:site_name\" content=\"Vie Associative\" \/>\n<meta property=\"article:published_time\" content=\"2026-03-16T09:17:26+00:00\" \/>\n<meta property=\"og:image\" content=\"https:\/\/vieassociative.be\/actualites\/wp-content\/uploads\/2024\/09\/header_backgroundk-01-e1726694325946.png\" \/>\n\t<meta property=\"og:image:width\" content=\"279\" \/>\n\t<meta property=\"og:image:height\" content=\"92\" \/>\n\t<meta property=\"og:image:type\" content=\"image\/png\" \/>\n<meta name=\"author\" content=\"Julien\" \/>\n<meta name=\"twitter:card\" content=\"summary_large_image\" \/>\n<meta name=\"twitter:label1\" content=\"\u00c9crit par\" \/>\n\t<meta name=\"twitter:data1\" content=\"Julien\" \/>\n\t<meta name=\"twitter:label2\" content=\"Dur\u00e9e de lecture est.\" \/>\n\t<meta name=\"twitter:data2\" content=\"1 minute\" \/>\n<script type=\"application\/ld+json\" class=\"yoast-schema-graph\">{\"@context\":\"https:\/\/schema.org\",\"@graph\":[{\"@type\":\"Article\",\"@id\":\"https:\/\/vieassociative.be\/actualites\/un-seisme-de-magnitude-31-lundi-matin-avec-pour-epicentre-les-hautes-fagnes-dans-la-commune-de-baelen\/#article\",\"isPartOf\":{\"@id\":\"https:\/\/vieassociative.be\/actualites\/un-seisme-de-magnitude-31-lundi-matin-avec-pour-epicentre-les-hautes-fagnes-dans-la-commune-de-baelen\/\"},\"author\":{\"name\":\"Julien\",\"@id\":\"https:\/\/vieassociative.be\/actualites\/#\/schema\/person\/b87ac4f82f9d4e7b7cec7395b679edc4\"},\"headline\":\"Un s\u00e9isme de magnitude 3,1 lundi matin avec pour \u00e9picentre les Hautes Fagnes dans la commune de Baelen\",\"datePublished\":\"2026-03-16T09:17:26+00:00\",\"dateModified\":\"2026-03-16T09:17:26+00:00\",\"mainEntityOfPage\":{\"@id\":\"https:\/\/vieassociative.be\/actualites\/un-seisme-de-magnitude-31-lundi-matin-avec-pour-epicentre-les-hautes-fagnes-dans-la-commune-de-baelen\/\"},\"wordCount\":216,\"publisher\":{\"@id\":\"https:\/\/vieassociative.be\/actualites\/#organization\"},\"image\":{\"@id\":\"https:\/\/vieassociative.be\/actualites\/un-seisme-de-magnitude-31-lundi-matin-avec-pour-epicentre-les-hautes-fagnes-dans-la-commune-de-baelen\/#primaryimage\"},\"thumbnailUrl\":\"https:\/\/vieassociative.be\/actualites\/wp-content\/uploads\/2026\/03\/1773652646_Un-seisme-de-magnitude-31-lundi-matin-avec-pour-epicentre.jpeg\",\"keywords\":[\"avec\",\"Baelen\",\"commune\",\"dans\",\"\u00e9picentre\",\"Fagnes\",\"Hautes\",\"Les\",\"lundi\",\"magnitude\",\"matin\",\"pour\",\"s\u00e9isme\"],\"articleSection\":[\"Belgique\"],\"inLanguage\":\"fr-BE\"},{\"@type\":\"WebPage\",\"@id\":\"https:\/\/vieassociative.be\/actualites\/un-seisme-de-magnitude-31-lundi-matin-avec-pour-epicentre-les-hautes-fagnes-dans-la-commune-de-baelen\/\",\"url\":\"https:\/\/vieassociative.be\/actualites\/un-seisme-de-magnitude-31-lundi-matin-avec-pour-epicentre-les-hautes-fagnes-dans-la-commune-de-baelen\/\",\"name\":\"Un s\u00e9isme de magnitude 3,1 lundi matin avec pour \u00e9picentre les Hautes Fagnes dans la commune de Baelen | Vie Associative\",\"isPartOf\":{\"@id\":\"https:\/\/vieassociative.be\/actualites\/#website\"},\"primaryImageOfPage\":{\"@id\":\"https:\/\/vieassociative.be\/actualites\/un-seisme-de-magnitude-31-lundi-matin-avec-pour-epicentre-les-hautes-fagnes-dans-la-commune-de-baelen\/#primaryimage\"},\"image\":{\"@id\":\"https:\/\/vieassociative.be\/actualites\/un-seisme-de-magnitude-31-lundi-matin-avec-pour-epicentre-les-hautes-fagnes-dans-la-commune-de-baelen\/#primaryimage\"},\"thumbnailUrl\":\"https:\/\/vieassociative.be\/actualites\/wp-content\/uploads\/2026\/03\/1773652646_Un-seisme-de-magnitude-31-lundi-matin-avec-pour-epicentre.jpeg\",\"datePublished\":\"2026-03-16T09:17:26+00:00\",\"dateModified\":\"2026-03-16T09:17:26+00:00\",\"breadcrumb\":{\"@id\":\"https:\/\/vieassociative.be\/actualites\/un-seisme-de-magnitude-31-lundi-matin-avec-pour-epicentre-les-hautes-fagnes-dans-la-commune-de-baelen\/#breadcrumb\"},\"inLanguage\":\"fr-BE\",\"potentialAction\":[{\"@type\":\"ReadAction\",\"target\":[\"https:\/\/vieassociative.be\/actualites\/un-seisme-de-magnitude-31-lundi-matin-avec-pour-epicentre-les-hautes-fagnes-dans-la-commune-de-baelen\/\"]}]},{\"@type\":\"ImageObject\",\"inLanguage\":\"fr-BE\",\"@id\":\"https:\/\/vieassociative.be\/actualites\/un-seisme-de-magnitude-31-lundi-matin-avec-pour-epicentre-les-hautes-fagnes-dans-la-commune-de-baelen\/#primaryimage\",\"url\":\"https:\/\/vieassociative.be\/actualites\/wp-content\/uploads\/2026\/03\/1773652646_Un-seisme-de-magnitude-31-lundi-matin-avec-pour-epicentre.jpeg\",\"contentUrl\":\"https:\/\/vieassociative.be\/actualites\/wp-content\/uploads\/2026\/03\/1773652646_Un-seisme-de-magnitude-31-lundi-matin-avec-pour-epicentre.jpeg\",\"width\":1000,\"height\":550,\"caption\":\"Un s\u00e9isme de magnitude 3,1 lundi matin avec pour \u00e9picentre les Hautes Fagnes dans la commune de Baelen\"},{\"@type\":\"BreadcrumbList\",\"@id\":\"https:\/\/vieassociative.be\/actualites\/un-seisme-de-magnitude-31-lundi-matin-avec-pour-epicentre-les-hautes-fagnes-dans-la-commune-de-baelen\/#breadcrumb\",\"itemListElement\":[{\"@type\":\"ListItem\",\"position\":1,\"name\":\"Accueil\",\"item\":\"https:\/\/vieassociative.be\/actualites\/\"},{\"@type\":\"ListItem\",\"position\":2,\"name\":\"Un s\u00e9isme de magnitude 3,1 lundi matin avec pour \u00e9picentre les Hautes Fagnes dans la commune de Baelen\"}]},{\"@type\":\"WebSite\",\"@id\":\"https:\/\/vieassociative.be\/actualites\/#website\",\"url\":\"https:\/\/vieassociative.be\/actualites\/\",\"name\":\"Vie Associative\",\"description\":\"\",\"publisher\":{\"@id\":\"https:\/\/vieassociative.be\/actualites\/#organization\"},\"potentialAction\":[{\"@type\":\"SearchAction\",\"target\":{\"@type\":\"EntryPoint\",\"urlTemplate\":\"https:\/\/vieassociative.be\/actualites\/?s={search_term_string}\"},\"query-input\":{\"@type\":\"PropertyValueSpecification\",\"valueRequired\":true,\"valueName\":\"search_term_string\"}}],\"inLanguage\":\"fr-BE\"},{\"@type\":\"Organization\",\"@id\":\"https:\/\/vieassociative.be\/actualites\/#organization\",\"name\":\"Vie Associative\",\"url\":\"https:\/\/vieassociative.be\/actualites\/\",\"logo\":{\"@type\":\"ImageObject\",\"inLanguage\":\"fr-BE\",\"@id\":\"https:\/\/vieassociative.be\/actualites\/#\/schema\/logo\/image\/\",\"url\":\"https:\/\/vieassociative.be\/actualites\/wp-content\/uploads\/2024\/09\/cropped-vieassociative_favicon.ico.png\",\"contentUrl\":\"https:\/\/vieassociative.be\/actualites\/wp-content\/uploads\/2024\/09\/cropped-vieassociative_favicon.ico.png\",\"width\":512,\"height\":512,\"caption\":\"Vie Associative\"},\"image\":{\"@id\":\"https:\/\/vieassociative.be\/actualites\/#\/schema\/logo\/image\/\"}},{\"@type\":\"Person\",\"@id\":\"https:\/\/vieassociative.be\/actualites\/#\/schema\/person\/b87ac4f82f9d4e7b7cec7395b679edc4\",\"name\":\"Julien\",\"image\":{\"@type\":\"ImageObject\",\"inLanguage\":\"fr-BE\",\"@id\":\"https:\/\/vieassociative.be\/actualites\/#\/schema\/person\/image\/\",\"url\":\"https:\/\/vieassociative.be\/actualites\/wp-content\/uploads\/2024\/09\/vie-associative-1-150x150.jpg\",\"contentUrl\":\"https:\/\/vieassociative.be\/actualites\/wp-content\/uploads\/2024\/09\/vie-associative-1-150x150.jpg\",\"caption\":\"Julien\"},\"description\":\"Je suis Julien, r\u00e9dacteur pour Vie Associative. Passionn\u00e9 par le monde associatif depuis plus de 10 ans, j'ai \u00e0 c\u0153ur de partager des histoires inspirantes et de mettre en lumi\u00e8re les initiatives locales. Mon objectif est de sensibiliser et d'encourager l'engagement communautaire \u00e0 travers mes articles.\",\"sameAs\":[\"https:\/\/vieassociative.be\/\"]}]}<\/script>\n<!-- \/ Yoast SEO plugin. -->","yoast_head_json":{"title":"Un s\u00e9isme de magnitude 3,1 lundi matin avec pour \u00e9picentre les Hautes Fagnes dans la commune de Baelen | Vie Associative","robots":{"index":"index","follow":"follow","max-snippet":"max-snippet:-1","max-image-preview":"max-image-preview:large","max-video-preview":"max-video-preview:-1"},"canonical":"https:\/\/vieassociative.be\/actualites\/un-seisme-de-magnitude-31-lundi-matin-avec-pour-epicentre-les-hautes-fagnes-dans-la-commune-de-baelen\/","og_locale":"fr_FR","og_type":"article","og_title":"Un s\u00e9isme de magnitude 3,1 lundi matin avec pour \u00e9picentre les Hautes Fagnes dans la commune de Baelen | Vie Associative","og_description":"Lundi matin 16 mars 2026, \u00e0 5h28, la terre a trembl\u00e9 dans le secteur de la commune de Baelen. L&rsquo;\u00e9picentre du s\u00e9isme se trouvait \u00e0","og_url":"https:\/\/vieassociative.be\/actualites\/un-seisme-de-magnitude-31-lundi-matin-avec-pour-epicentre-les-hautes-fagnes-dans-la-commune-de-baelen\/","og_site_name":"Vie Associative","article_published_time":"2026-03-16T09:17:26+00:00","og_image":[{"width":279,"height":92,"url":"https:\/\/vieassociative.be\/actualites\/wp-content\/uploads\/2024\/09\/header_backgroundk-01-e1726694325946.png","type":"image\/png"}],"author":"Julien","twitter_card":"summary_large_image","twitter_misc":{"\u00c9crit par":"Julien","Dur\u00e9e de lecture est.":"1 minute"},"schema":{"@context":"https:\/\/schema.org","@graph":[{"@type":"Article","@id":"https:\/\/vieassociative.be\/actualites\/un-seisme-de-magnitude-31-lundi-matin-avec-pour-epicentre-les-hautes-fagnes-dans-la-commune-de-baelen\/#article","isPartOf":{"@id":"https:\/\/vieassociative.be\/actualites\/un-seisme-de-magnitude-31-lundi-matin-avec-pour-epicentre-les-hautes-fagnes-dans-la-commune-de-baelen\/"},"author":{"name":"Julien","@id":"https:\/\/vieassociative.be\/actualites\/#\/schema\/person\/b87ac4f82f9d4e7b7cec7395b679edc4"},"headline":"Un s\u00e9isme de magnitude 3,1 lundi matin avec pour \u00e9picentre les Hautes Fagnes dans la commune de Baelen","datePublished":"2026-03-16T09:17:26+00:00","dateModified":"2026-03-16T09:17:26+00:00","mainEntityOfPage":{"@id":"https:\/\/vieassociative.be\/actualites\/un-seisme-de-magnitude-31-lundi-matin-avec-pour-epicentre-les-hautes-fagnes-dans-la-commune-de-baelen\/"},"wordCount":216,"publisher":{"@id":"https:\/\/vieassociative.be\/actualites\/#organization"},"image":{"@id":"https:\/\/vieassociative.be\/actualites\/un-seisme-de-magnitude-31-lundi-matin-avec-pour-epicentre-les-hautes-fagnes-dans-la-commune-de-baelen\/#primaryimage"},"thumbnailUrl":"https:\/\/vieassociative.be\/actualites\/wp-content\/uploads\/2026\/03\/1773652646_Un-seisme-de-magnitude-31-lundi-matin-avec-pour-epicentre.jpeg","keywords":["avec","Baelen","commune","dans","\u00e9picentre","Fagnes","Hautes","Les","lundi","magnitude","matin","pour","s\u00e9isme"],"articleSection":["Belgique"],"inLanguage":"fr-BE"},{"@type":"WebPage","@id":"https:\/\/vieassociative.be\/actualites\/un-seisme-de-magnitude-31-lundi-matin-avec-pour-epicentre-les-hautes-fagnes-dans-la-commune-de-baelen\/","url":"https:\/\/vieassociative.be\/actualites\/un-seisme-de-magnitude-31-lundi-matin-avec-pour-epicentre-les-hautes-fagnes-dans-la-commune-de-baelen\/","name":"Un s\u00e9isme de magnitude 3,1 lundi matin avec pour \u00e9picentre les Hautes Fagnes dans la commune de Baelen | Vie Associative","isPartOf":{"@id":"https:\/\/vieassociative.be\/actualites\/#website"},"primaryImageOfPage":{"@id":"https:\/\/vieassociative.be\/actualites\/un-seisme-de-magnitude-31-lundi-matin-avec-pour-epicentre-les-hautes-fagnes-dans-la-commune-de-baelen\/#primaryimage"},"image":{"@id":"https:\/\/vieassociative.be\/actualites\/un-seisme-de-magnitude-31-lundi-matin-avec-pour-epicentre-les-hautes-fagnes-dans-la-commune-de-baelen\/#primaryimage"},"thumbnailUrl":"https:\/\/vieassociative.be\/actualites\/wp-content\/uploads\/2026\/03\/1773652646_Un-seisme-de-magnitude-31-lundi-matin-avec-pour-epicentre.jpeg","datePublished":"2026-03-16T09:17:26+00:00","dateModified":"2026-03-16T09:17:26+00:00","breadcrumb":{"@id":"https:\/\/vieassociative.be\/actualites\/un-seisme-de-magnitude-31-lundi-matin-avec-pour-epicentre-les-hautes-fagnes-dans-la-commune-de-baelen\/#breadcrumb"},"inLanguage":"fr-BE","potentialAction":[{"@type":"ReadAction","target":["https:\/\/vieassociative.be\/actualites\/un-seisme-de-magnitude-31-lundi-matin-avec-pour-epicentre-les-hautes-fagnes-dans-la-commune-de-baelen\/"]}]},{"@type":"ImageObject","inLanguage":"fr-BE","@id":"https:\/\/vieassociative.be\/actualites\/un-seisme-de-magnitude-31-lundi-matin-avec-pour-epicentre-les-hautes-fagnes-dans-la-commune-de-baelen\/#primaryimage","url":"https:\/\/vieassociative.be\/actualites\/wp-content\/uploads\/2026\/03\/1773652646_Un-seisme-de-magnitude-31-lundi-matin-avec-pour-epicentre.jpeg","contentUrl":"https:\/\/vieassociative.be\/actualites\/wp-content\/uploads\/2026\/03\/1773652646_Un-seisme-de-magnitude-31-lundi-matin-avec-pour-epicentre.jpeg","width":1000,"height":550,"caption":"Un s\u00e9isme de magnitude 3,1 lundi matin avec pour \u00e9picentre les Hautes Fagnes dans la commune de Baelen"},{"@type":"BreadcrumbList","@id":"https:\/\/vieassociative.be\/actualites\/un-seisme-de-magnitude-31-lundi-matin-avec-pour-epicentre-les-hautes-fagnes-dans-la-commune-de-baelen\/#breadcrumb","itemListElement":[{"@type":"ListItem","position":1,"name":"Accueil","item":"https:\/\/vieassociative.be\/actualites\/"},{"@type":"ListItem","position":2,"name":"Un s\u00e9isme de magnitude 3,1 lundi matin avec pour \u00e9picentre les Hautes Fagnes dans la commune de Baelen"}]},{"@type":"WebSite","@id":"https:\/\/vieassociative.be\/actualites\/#website","url":"https:\/\/vieassociative.be\/actualites\/","name":"Vie Associative","description":"","publisher":{"@id":"https:\/\/vieassociative.be\/actualites\/#organization"},"potentialAction":[{"@type":"SearchAction","target":{"@type":"EntryPoint","urlTemplate":"https:\/\/vieassociative.be\/actualites\/?s={search_term_string}"},"query-input":{"@type":"PropertyValueSpecification","valueRequired":true,"valueName":"search_term_string"}}],"inLanguage":"fr-BE"},{"@type":"Organization","@id":"https:\/\/vieassociative.be\/actualites\/#organization","name":"Vie Associative","url":"https:\/\/vieassociative.be\/actualites\/","logo":{"@type":"ImageObject","inLanguage":"fr-BE","@id":"https:\/\/vieassociative.be\/actualites\/#\/schema\/logo\/image\/","url":"https:\/\/vieassociative.be\/actualites\/wp-content\/uploads\/2024\/09\/cropped-vieassociative_favicon.ico.png","contentUrl":"https:\/\/vieassociative.be\/actualites\/wp-content\/uploads\/2024\/09\/cropped-vieassociative_favicon.ico.png","width":512,"height":512,"caption":"Vie Associative"},"image":{"@id":"https:\/\/vieassociative.be\/actualites\/#\/schema\/logo\/image\/"}},{"@type":"Person","@id":"https:\/\/vieassociative.be\/actualites\/#\/schema\/person\/b87ac4f82f9d4e7b7cec7395b679edc4","name":"Julien","image":{"@type":"ImageObject","inLanguage":"fr-BE","@id":"https:\/\/vieassociative.be\/actualites\/#\/schema\/person\/image\/","url":"https:\/\/vieassociative.be\/actualites\/wp-content\/uploads\/2024\/09\/vie-associative-1-150x150.jpg","contentUrl":"https:\/\/vieassociative.be\/actualites\/wp-content\/uploads\/2024\/09\/vie-associative-1-150x150.jpg","caption":"Julien"},"description":"Je suis Julien, r\u00e9dacteur pour Vie Associative. Passionn\u00e9 par le monde associatif depuis plus de 10 ans, j'ai \u00e0 c\u0153ur de partager des histoires inspirantes et de mettre en lumi\u00e8re les initiatives locales. Mon objectif est de sensibiliser et d'encourager l'engagement communautaire \u00e0 travers mes articles.","sameAs":["https:\/\/vieassociative.be\/"]}]}},"_links":{"self":[{"href":"https:\/\/vieassociative.be\/actualites\/wp-json\/wp\/v2\/posts\/13047"}],"collection":[{"href":"https:\/\/vieassociative.be\/actualites\/wp-json\/wp\/v2\/posts"}],"about":[{"href":"https:\/\/vieassociative.be\/actualites\/wp-json\/wp\/v2\/types\/post"}],"author":[{"embeddable":true,"href":"https:\/\/vieassociative.be\/actualites\/wp-json\/wp\/v2\/users\/1"}],"replies":[{"embeddable":true,"href":"https:\/\/vieassociative.be\/actualites\/wp-json\/wp\/v2\/comments?post=13047"}],"version-history":[{"count":0,"href":"https:\/\/vieassociative.be\/actualites\/wp-json\/wp\/v2\/posts\/13047\/revisions"}],"wp:featuredmedia":[{"embeddable":true,"href":"https:\/\/vieassociative.be\/actualites\/wp-json\/wp\/v2\/media\/13048"}],"wp:attachment":[{"href":"https:\/\/vieassociative.be\/actualites\/wp-json\/wp\/v2\/media?parent=13047"}],"wp:term":[{"taxonomy":"category","embeddable":true,"href":"https:\/\/vieassociative.be\/actualites\/wp-json\/wp\/v2\/categories?post=13047"},{"taxonomy":"post_tag","embeddable":true,"href":"https:\/\/vieassociative.be\/actualites\/wp-json\/wp\/v2\/tags?post=13047"}],"curies":[{"name":"wp","href":"https:\/\/api.w.org\/{rel}","templated":true}]}}