{"id":13039,"date":"2026-03-15T22:19:20","date_gmt":"2026-03-15T21:19:20","guid":{"rendered":"https:\/\/vieassociative.be\/actualites\/photos-de-la-procession-de-mi-jeune-de-wehelo-galerie-de-photos\/"},"modified":"2026-03-15T22:19:20","modified_gmt":"2026-03-15T21:19:20","slug":"photos-de-la-procession-de-mi-jeune-de-wehelo-galerie-de-photos","status":"publish","type":"post","link":"https:\/\/vieassociative.be\/actualites\/photos-de-la-procession-de-mi-jeune-de-wehelo-galerie-de-photos\/","title":{"rendered":"Photos de la procession de mi-je\u00fbne de WeHeLo (galerie de photos)"},"content":{"rendered":"<p><strong>Il se passait vraiment quelque chose ce dimanche \u00e0 Welkenraedt, Herbesthal et Lontzen. Le d\u00e9fil\u00e9 de je\u00fbne de WeHeLo est le seul d\u00e9fil\u00e9 de carnaval intercommunautaire, puisque Welkenraedt est une communaut\u00e9 francophone et Lontzen-Herbesthal est une communaut\u00e9 germanophone. Le photographe Patrick von Staufenberg \u00e9tait sur place pour \u00ab Ostbelgien Direkt \u00bb. Voici ses photos (voir GALERIE DE PHOTOS ci-dessous).<\/strong><\/p>\n<p><span id=\"more-437571\"><\/span>Le d\u00e9fil\u00e9 a d\u00e9but\u00e9 en d\u00e9but d&rsquo;apr\u00e8s-midi et s&rsquo;est d\u00e9roul\u00e9 dans les rues de Welkenraedt et Lontzen-Herbesthal. De nombreuses soci\u00e9t\u00e9s de carnaval, clubs de musique et groupes de danse y ont particip\u00e9.<\/p>\n<p>Le d\u00e9fil\u00e9 du Laetare est une occasion bienvenue, notamment pour les groupes du nord de la DG qui ont particip\u00e9 au dimanche du carnaval \u00e0 Raeren ou au lundi des roses \u00e0 Eupen ou \u00e0 Kelmis, de se pr\u00e9senter \u00e0 nouveau dans les costumes du carnaval de cette ann\u00e9e et de suivre le grand char qui avait d\u00e9j\u00e0 attir\u00e9 l&rsquo;attention des spectateurs \u00e0 Raeren, Eupen ou Kelmis.<\/p>\n<div id=\"attachment_437771\" class=\"wp-caption alignleft\" style=\"max-width: 300px\"><img fetchpriority=\"high\" decoding=\"async\" class=\"wp-image-437771 size-medium\" src=\"https:\/\/vieassociative.be\/actualites\/wp-content\/uploads\/2026\/03\/Photos-de-la-procession-de-mi-jeune-de-WeHeLo-galerie-de.jpg\" alt=\"\" width=\"300\" height=\"225\"  ><\/div>\n<p>Les participants au train du lundi gras \u00e0 Eupen et Calamine ne pouvaient que r\u00eaver d&rsquo;un temps comme ce dimanche de mi-car\u00eame.<\/p>\n<p>Ce jour se situe \u00e0 peu pr\u00e8s \u00e0 la moiti\u00e9 de la p\u00e9riode de 40 jours du Car\u00eame pr\u00e9c\u00e9dant P\u00e2ques. Son nom vient du mot latin laetare (\u00ab r\u00e9jouissez-vous \u00bb) et d\u00e9crit dans la liturgie catholique un moment de soulagement pendant la p\u00e9riode par ailleurs plut\u00f4t stricte du Car\u00eame. Dans de nombreuses r\u00e9gions d&rsquo;Europe, cela s&rsquo;est transform\u00e9 en une sorte de \u00ab deuxi\u00e8me carnaval \u00bb. Cette tradition a \u00e9t\u00e9 pr\u00e9serv\u00e9e jusqu&rsquo;\u00e0 nos jours, notamment en Wallonie &#8211; avec comme point culminant le Laetare de Stavelot.<\/p>\n<p>Le programme du week-end de Laetare comprend g\u00e9n\u00e9ralement d&rsquo;autres \u00e9v\u00e9nements comme un d\u00e9fil\u00e9 d&rsquo;enfants, des rencontres de diff\u00e9rents princes du carnaval de la r\u00e9gion ainsi que des f\u00eates mondaines et des bals en soir\u00e9e. Cela fait de Laetare une f\u00eate pour toutes les g\u00e9n\u00e9rations et un \u00e9v\u00e9nement social important dans le calendrier local.<\/p>\n<p><i><b>Vous trouverez ci-dessous une GALERIE DE PHOTOS avec des photos du photographe Patrick von Staufenberg de la procession Mid-Fast du dimanche 15 mars 2026 \u00e0 WeHeLo. Cliquez sur l&rsquo;image pour l&rsquo;agrandir. Pour passer d&rsquo;une photo \u00e0 l&rsquo;autre, il suffit de cliquer sur la fl\u00e8che situ\u00e9e \u00e0 droite de l&rsquo;image :<\/b><\/i><\/p>\n<div class=\"wp-gallery row\">\n<figure class=\"column small-6 medium-3 end\"><img decoding=\"async\" src=\"https:\/\/vieassociative.be\/actualites\/wp-content\/uploads\/2026\/03\/1773609540_385_Photos-de-la-procession-de-mi-jeune-de-WeHeLo-galerie-de.jpg\" width=\"159\" height=\"159\" alt=\"\"><\/figure>\n<figure class=\"column small-6 medium-3 end\"><img decoding=\"async\" src=\"https:\/\/vieassociative.be\/actualites\/wp-content\/uploads\/2026\/03\/1773609540_644_Photos-de-la-procession-de-mi-jeune-de-WeHeLo-galerie-de.jpg\" width=\"159\" height=\"159\" alt=\"\"><\/figure>\n<figure class=\"column small-6 medium-3 end\"><img loading=\"lazy\" decoding=\"async\" src=\"https:\/\/vieassociative.be\/actualites\/wp-content\/uploads\/2026\/03\/1773609540_353_Photos-de-la-procession-de-mi-jeune-de-WeHeLo-galerie-de.jpg\" width=\"159\" height=\"159\" alt=\"\"><\/figure>\n<figure class=\"column small-6 medium-3 end\"><img loading=\"lazy\" decoding=\"async\" src=\"https:\/\/vieassociative.be\/actualites\/wp-content\/uploads\/2026\/03\/1773609540_63_Photos-de-la-procession-de-mi-jeune-de-WeHeLo-galerie-de.jpg\" width=\"159\" height=\"159\" alt=\"\"><\/figure>\n<figure class=\"column small-6 medium-3 end\"><img loading=\"lazy\" decoding=\"async\" src=\"https:\/\/vieassociative.be\/actualites\/wp-content\/uploads\/2026\/03\/1773609540_273_Photos-de-la-procession-de-mi-jeune-de-WeHeLo-galerie-de.jpg\" width=\"159\" height=\"159\" alt=\"\"><\/figure>\n<figure class=\"column small-6 medium-3 end\"><img loading=\"lazy\" decoding=\"async\" src=\"https:\/\/vieassociative.be\/actualites\/wp-content\/uploads\/2026\/03\/1773609540_348_Photos-de-la-procession-de-mi-jeune-de-WeHeLo-galerie-de.jpg\" width=\"159\" height=\"159\" alt=\"\"><\/figure>\n<figure class=\"column small-6 medium-3 end\"><img loading=\"lazy\" decoding=\"async\" src=\"https:\/\/vieassociative.be\/actualites\/wp-content\/uploads\/2026\/03\/1773609540_630_Photos-de-la-procession-de-mi-jeune-de-WeHeLo-galerie-de.jpg\" width=\"159\" height=\"159\" alt=\"\"><\/figure>\n<figure class=\"column small-6 medium-3 end\"><img loading=\"lazy\" decoding=\"async\" src=\"https:\/\/vieassociative.be\/actualites\/wp-content\/uploads\/2026\/03\/1773609540_641_Photos-de-la-procession-de-mi-jeune-de-WeHeLo-galerie-de.jpg\" width=\"159\" height=\"159\" alt=\"\"><\/figure>\n<figure class=\"column small-6 medium-3 end\"><img loading=\"lazy\" decoding=\"async\" src=\"https:\/\/vieassociative.be\/actualites\/wp-content\/uploads\/2026\/03\/1773609541_735_Photos-de-la-procession-de-mi-jeune-de-WeHeLo-galerie-de.jpg\" width=\"159\" height=\"159\" alt=\"\"><\/figure>\n<figure class=\"column small-6 medium-3 end\"><img loading=\"lazy\" decoding=\"async\" src=\"https:\/\/vieassociative.be\/actualites\/wp-content\/uploads\/2026\/03\/1773609541_30_Photos-de-la-procession-de-mi-jeune-de-WeHeLo-galerie-de.jpg\" width=\"159\" height=\"159\" alt=\"\"><\/figure>\n<figure class=\"column small-6 medium-3 end\"><img loading=\"lazy\" decoding=\"async\" src=\"https:\/\/vieassociative.be\/actualites\/wp-content\/uploads\/2026\/03\/1773609541_315_Photos-de-la-procession-de-mi-jeune-de-WeHeLo-galerie-de.jpg\" width=\"159\" height=\"159\" alt=\"\"><\/figure>\n<figure class=\"column small-6 medium-3 end\"><img loading=\"lazy\" decoding=\"async\" src=\"https:\/\/vieassociative.be\/actualites\/wp-content\/uploads\/2026\/03\/1773609541_252_Photos-de-la-procession-de-mi-jeune-de-WeHeLo-galerie-de.jpg\" width=\"159\" height=\"159\" alt=\"\"><\/figure>\n<figure class=\"column small-6 medium-3 end\"><img loading=\"lazy\" decoding=\"async\" src=\"https:\/\/vieassociative.be\/actualites\/wp-content\/uploads\/2026\/03\/1773609541_321_Photos-de-la-procession-de-mi-jeune-de-WeHeLo-galerie-de.jpg\" width=\"159\" height=\"159\" alt=\"\"><\/figure>\n<figure class=\"column small-6 medium-3 end\"><img loading=\"lazy\" decoding=\"async\" src=\"https:\/\/vieassociative.be\/actualites\/wp-content\/uploads\/2026\/03\/1773609541_903_Photos-de-la-procession-de-mi-jeune-de-WeHeLo-galerie-de.jpg\" width=\"159\" height=\"159\" alt=\"\"><\/figure>\n<figure class=\"column small-6 medium-3 end\"><img loading=\"lazy\" decoding=\"async\" src=\"https:\/\/vieassociative.be\/actualites\/wp-content\/uploads\/2026\/03\/1773609541_437_Photos-de-la-procession-de-mi-jeune-de-WeHeLo-galerie-de.jpg\" width=\"159\" height=\"159\" alt=\"\"><\/figure>\n<figure class=\"column small-6 medium-3 end\"><img loading=\"lazy\" decoding=\"async\" src=\"https:\/\/vieassociative.be\/actualites\/wp-content\/uploads\/2026\/03\/1773609541_791_Photos-de-la-procession-de-mi-jeune-de-WeHeLo-galerie-de.jpg\" width=\"159\" height=\"159\" alt=\"\"><\/figure>\n<figure class=\"column small-6 medium-3 end\"><img loading=\"lazy\" decoding=\"async\" src=\"https:\/\/vieassociative.be\/actualites\/wp-content\/uploads\/2026\/03\/1773609541_772_Photos-de-la-procession-de-mi-jeune-de-WeHeLo-galerie-de.jpg\" width=\"159\" height=\"159\" alt=\"\"><\/figure>\n<figure class=\"column small-6 medium-3 end\"><img loading=\"lazy\" decoding=\"async\" src=\"https:\/\/vieassociative.be\/actualites\/wp-content\/uploads\/2026\/03\/1773609542_974_Photos-de-la-procession-de-mi-jeune-de-WeHeLo-galerie-de.jpg\" width=\"159\" height=\"159\" alt=\"\"><\/figure>\n<figure class=\"column small-6 medium-3 end\"><img loading=\"lazy\" decoding=\"async\" src=\"https:\/\/vieassociative.be\/actualites\/wp-content\/uploads\/2026\/03\/1773609542_955_Photos-de-la-procession-de-mi-jeune-de-WeHeLo-galerie-de.jpg\" width=\"159\" height=\"159\" alt=\"\"><\/figure>\n<figure class=\"column small-6 medium-3 end\"><img loading=\"lazy\" decoding=\"async\" src=\"https:\/\/vieassociative.be\/actualites\/wp-content\/uploads\/2026\/03\/1773609542_450_Photos-de-la-procession-de-mi-jeune-de-WeHeLo-galerie-de.jpg\" width=\"159\" height=\"159\" alt=\"\"><\/figure>\n<figure class=\"column small-6 medium-3 end\"><img loading=\"lazy\" decoding=\"async\" src=\"https:\/\/vieassociative.be\/actualites\/wp-content\/uploads\/2026\/03\/1773609542_164_Photos-de-la-procession-de-mi-jeune-de-WeHeLo-galerie-de.jpg\" width=\"159\" height=\"159\" alt=\"\"><\/figure>\n<figure class=\"column small-6 medium-3 end\"><img loading=\"lazy\" decoding=\"async\" src=\"https:\/\/vieassociative.be\/actualites\/wp-content\/uploads\/2026\/03\/1773609542_960_Photos-de-la-procession-de-mi-jeune-de-WeHeLo-galerie-de.jpg\" width=\"159\" height=\"159\" alt=\"\"><\/figure>\n<figure class=\"column small-6 medium-3 end\"><img loading=\"lazy\" decoding=\"async\" src=\"https:\/\/vieassociative.be\/actualites\/wp-content\/uploads\/2026\/03\/1773609542_876_Photos-de-la-procession-de-mi-jeune-de-WeHeLo-galerie-de.jpg\" width=\"159\" height=\"159\" alt=\"\"><\/figure>\n<figure class=\"column small-6 medium-3 end\"><img loading=\"lazy\" decoding=\"async\" src=\"https:\/\/vieassociative.be\/actualites\/wp-content\/uploads\/2026\/03\/1773609542_932_Photos-de-la-procession-de-mi-jeune-de-WeHeLo-galerie-de.jpg\" width=\"159\" height=\"159\" alt=\"\"><\/figure>\n<figure class=\"column small-6 medium-3 end\"><img loading=\"lazy\" decoding=\"async\" src=\"https:\/\/vieassociative.be\/actualites\/wp-content\/uploads\/2026\/03\/1773609542_915_Photos-de-la-procession-de-mi-jeune-de-WeHeLo-galerie-de.jpg\" width=\"159\" height=\"159\" alt=\"\"><\/figure>\n<figure class=\"column small-6 medium-3 end\"><img loading=\"lazy\" decoding=\"async\" src=\"https:\/\/vieassociative.be\/actualites\/wp-content\/uploads\/2026\/03\/1773609542_581_Photos-de-la-procession-de-mi-jeune-de-WeHeLo-galerie-de.jpg\" width=\"159\" height=\"159\" alt=\"\"><\/figure>\n<figure class=\"column small-6 medium-3 end\"><img loading=\"lazy\" decoding=\"async\" src=\"https:\/\/vieassociative.be\/actualites\/wp-content\/uploads\/2026\/03\/1773609543_780_Photos-de-la-procession-de-mi-jeune-de-WeHeLo-galerie-de.jpg\" width=\"159\" height=\"159\" alt=\"\"><\/figure>\n<figure class=\"column small-6 medium-3 end\"><img loading=\"lazy\" decoding=\"async\" src=\"https:\/\/vieassociative.be\/actualites\/wp-content\/uploads\/2026\/03\/1773609543_406_Photos-de-la-procession-de-mi-jeune-de-WeHeLo-galerie-de.jpg\" width=\"159\" height=\"159\" alt=\"\"><\/figure>\n<figure class=\"column small-6 medium-3 end\"><img loading=\"lazy\" decoding=\"async\" src=\"https:\/\/vieassociative.be\/actualites\/wp-content\/uploads\/2026\/03\/1773609543_855_Photos-de-la-procession-de-mi-jeune-de-WeHeLo-galerie-de.jpg\" width=\"159\" height=\"159\" alt=\"\"><\/figure>\n<figure class=\"column small-6 medium-3 end\"><img loading=\"lazy\" decoding=\"async\" src=\"https:\/\/vieassociative.be\/actualites\/wp-content\/uploads\/2026\/03\/1773609543_709_Photos-de-la-procession-de-mi-jeune-de-WeHeLo-galerie-de.jpg\" width=\"159\" height=\"159\" alt=\"\"><\/figure>\n<figure class=\"column small-6 medium-3 end\"><img loading=\"lazy\" decoding=\"async\" src=\"https:\/\/vieassociative.be\/actualites\/wp-content\/uploads\/2026\/03\/1773609543_153_Photos-de-la-procession-de-mi-jeune-de-WeHeLo-galerie-de.jpg\" width=\"159\" height=\"159\" alt=\"\"><\/figure>\n<figure class=\"column small-6 medium-3 end\"><img loading=\"lazy\" decoding=\"async\" src=\"https:\/\/vieassociative.be\/actualites\/wp-content\/uploads\/2026\/03\/1773609543_339_Photos-de-la-procession-de-mi-jeune-de-WeHeLo-galerie-de.jpg\" width=\"159\" height=\"159\" alt=\"\"><\/figure>\n<figure class=\"column small-6 medium-3 end\"><img loading=\"lazy\" decoding=\"async\" src=\"https:\/\/vieassociative.be\/actualites\/wp-content\/uploads\/2026\/03\/1773609543_303_Photos-de-la-procession-de-mi-jeune-de-WeHeLo-galerie-de.jpg\" width=\"159\" height=\"159\" alt=\"\"><\/figure>\n<figure class=\"column small-6 medium-3 end\"><img loading=\"lazy\" decoding=\"async\" src=\"https:\/\/vieassociative.be\/actualites\/wp-content\/uploads\/2026\/03\/1773609543_968_Photos-de-la-procession-de-mi-jeune-de-WeHeLo-galerie-de.jpg\" width=\"159\" height=\"159\" alt=\"\"><\/figure>\n<figure class=\"column small-6 medium-3 end\"><img loading=\"lazy\" decoding=\"async\" src=\"https:\/\/vieassociative.be\/actualites\/wp-content\/uploads\/2026\/03\/1773609543_189_Photos-de-la-procession-de-mi-jeune-de-WeHeLo-galerie-de.jpg\" width=\"159\" height=\"159\" alt=\"\"><\/figure>\n<figure class=\"column small-6 medium-3 end\"><img loading=\"lazy\" decoding=\"async\" src=\"https:\/\/vieassociative.be\/actualites\/wp-content\/uploads\/2026\/03\/1773609544_582_Photos-de-la-procession-de-mi-jeune-de-WeHeLo-galerie-de.jpg\" width=\"159\" height=\"159\" alt=\"\"><\/figure>\n<figure class=\"column small-6 medium-3 end\"><img loading=\"lazy\" decoding=\"async\" src=\"https:\/\/vieassociative.be\/actualites\/wp-content\/uploads\/2026\/03\/1773609544_850_Photos-de-la-procession-de-mi-jeune-de-WeHeLo-galerie-de.jpg\" width=\"159\" height=\"159\" alt=\"\"><\/figure>\n<figure class=\"column small-6 medium-3 end\"><img loading=\"lazy\" decoding=\"async\" src=\"https:\/\/vieassociative.be\/actualites\/wp-content\/uploads\/2026\/03\/1773609544_922_Photos-de-la-procession-de-mi-jeune-de-WeHeLo-galerie-de.jpg\" width=\"159\" height=\"159\" alt=\"\"><\/figure>\n<figure class=\"column small-6 medium-3 end\"><img loading=\"lazy\" decoding=\"async\" src=\"https:\/\/vieassociative.be\/actualites\/wp-content\/uploads\/2026\/03\/1773609544_619_Photos-de-la-procession-de-mi-jeune-de-WeHeLo-galerie-de.jpg\" width=\"159\" height=\"159\" alt=\"\"><\/figure>\n<figure class=\"column small-6 medium-3 end\"><img loading=\"lazy\" decoding=\"async\" src=\"https:\/\/vieassociative.be\/actualites\/wp-content\/uploads\/2026\/03\/1773609544_918_Photos-de-la-procession-de-mi-jeune-de-WeHeLo-galerie-de.jpg\" width=\"159\" height=\"159\" alt=\"\"><\/figure>\n<figure class=\"column small-6 medium-3 end\"><img loading=\"lazy\" decoding=\"async\" src=\"https:\/\/vieassociative.be\/actualites\/wp-content\/uploads\/2026\/03\/1773609544_213_Photos-de-la-procession-de-mi-jeune-de-WeHeLo-galerie-de.jpg\" width=\"159\" height=\"159\" alt=\"\"><\/figure>\n<figure class=\"column small-6 medium-3 end\"><img loading=\"lazy\" decoding=\"async\" src=\"https:\/\/vieassociative.be\/actualites\/wp-content\/uploads\/2026\/03\/1773609544_668_Photos-de-la-procession-de-mi-jeune-de-WeHeLo-galerie-de.jpg\" width=\"159\" height=\"159\" alt=\"\"><\/figure>\n<figure class=\"column small-6 medium-3 end\"><img loading=\"lazy\" decoding=\"async\" src=\"https:\/\/vieassociative.be\/actualites\/wp-content\/uploads\/2026\/03\/1773609544_952_Photos-de-la-procession-de-mi-jeune-de-WeHeLo-galerie-de.jpg\" width=\"159\" height=\"159\" alt=\"\"><\/figure>\n<figure class=\"column small-6 medium-3 end\"><img loading=\"lazy\" decoding=\"async\" src=\"https:\/\/vieassociative.be\/actualites\/wp-content\/uploads\/2026\/03\/1773609545_183_Photos-de-la-procession-de-mi-jeune-de-WeHeLo-galerie-de.jpg\" width=\"159\" height=\"159\" alt=\"\"><\/figure>\n<figure class=\"column small-6 medium-3 end\"><img loading=\"lazy\" decoding=\"async\" src=\"https:\/\/vieassociative.be\/actualites\/wp-content\/uploads\/2026\/03\/1773609545_688_Photos-de-la-procession-de-mi-jeune-de-WeHeLo-galerie-de.jpg\" width=\"159\" height=\"159\" alt=\"\"><\/figure>\n<figure class=\"column small-6 medium-3 end\"><img loading=\"lazy\" decoding=\"async\" src=\"https:\/\/vieassociative.be\/actualites\/wp-content\/uploads\/2026\/03\/1773609545_600_Photos-de-la-procession-de-mi-jeune-de-WeHeLo-galerie-de.jpg\" width=\"159\" height=\"159\" alt=\"\"><\/figure>\n<figure class=\"column small-6 medium-3 end\"><img loading=\"lazy\" decoding=\"async\" src=\"https:\/\/vieassociative.be\/actualites\/wp-content\/uploads\/2026\/03\/1773609545_300_Photos-de-la-procession-de-mi-jeune-de-WeHeLo-galerie-de.jpg\" width=\"159\" height=\"159\" alt=\"\"><\/figure>\n<figure class=\"column small-6 medium-3 end\"><img loading=\"lazy\" decoding=\"async\" src=\"https:\/\/vieassociative.be\/actualites\/wp-content\/uploads\/2026\/03\/1773609545_161_Photos-de-la-procession-de-mi-jeune-de-WeHeLo-galerie-de.jpg\" width=\"159\" height=\"159\" alt=\"\"><\/figure>\n<figure class=\"column small-6 medium-3 end\"><img loading=\"lazy\" decoding=\"async\" src=\"https:\/\/vieassociative.be\/actualites\/wp-content\/uploads\/2026\/03\/1773609545_53_Photos-de-la-procession-de-mi-jeune-de-WeHeLo-galerie-de.jpg\" width=\"159\" height=\"159\" alt=\"\"><\/figure>\n<figure class=\"column small-6 medium-3 end\"><img loading=\"lazy\" decoding=\"async\" src=\"https:\/\/vieassociative.be\/actualites\/wp-content\/uploads\/2026\/03\/1773609545_111_Photos-de-la-procession-de-mi-jeune-de-WeHeLo-galerie-de.jpg\" width=\"159\" height=\"159\" alt=\"\"><\/figure>\n<figure class=\"column small-6 medium-3 end\"><img loading=\"lazy\" decoding=\"async\" src=\"https:\/\/vieassociative.be\/actualites\/wp-content\/uploads\/2026\/03\/1773609545_922_Photos-de-la-procession-de-mi-jeune-de-WeHeLo-galerie-de.jpg\" width=\"159\" height=\"159\" alt=\"\"><\/figure>\n<figure class=\"column small-6 medium-3 end\"><img loading=\"lazy\" decoding=\"async\" src=\"https:\/\/vieassociative.be\/actualites\/wp-content\/uploads\/2026\/03\/1773609545_456_Photos-de-la-procession-de-mi-jeune-de-WeHeLo-galerie-de.jpg\" width=\"159\" height=\"159\" alt=\"\"><\/figure>\n<figure class=\"column small-6 medium-3 end\"><img loading=\"lazy\" decoding=\"async\" src=\"https:\/\/vieassociative.be\/actualites\/wp-content\/uploads\/2026\/03\/1773609545_259_Photos-de-la-procession-de-mi-jeune-de-WeHeLo-galerie-de.jpg\" width=\"159\" height=\"159\" alt=\"\"><\/figure>\n<figure class=\"column small-6 medium-3 end\"><img loading=\"lazy\" decoding=\"async\" src=\"https:\/\/vieassociative.be\/actualites\/wp-content\/uploads\/2026\/03\/1773609546_31_Photos-de-la-procession-de-mi-jeune-de-WeHeLo-galerie-de.jpg\" width=\"159\" height=\"159\" alt=\"\"><\/figure>\n<figure class=\"column small-6 medium-3 end\"><img loading=\"lazy\" decoding=\"async\" src=\"https:\/\/vieassociative.be\/actualites\/wp-content\/uploads\/2026\/03\/1773609546_768_Photos-de-la-procession-de-mi-jeune-de-WeHeLo-galerie-de.jpg\" width=\"159\" height=\"159\" alt=\"\"><\/figure>\n<figure class=\"column small-6 medium-3 end\"><img loading=\"lazy\" decoding=\"async\" src=\"https:\/\/vieassociative.be\/actualites\/wp-content\/uploads\/2026\/03\/1773609546_479_Photos-de-la-procession-de-mi-jeune-de-WeHeLo-galerie-de.jpg\" width=\"159\" height=\"159\" alt=\"\"><\/figure>\n<figure class=\"column small-6 medium-3 end\"><img loading=\"lazy\" decoding=\"async\" src=\"https:\/\/vieassociative.be\/actualites\/wp-content\/uploads\/2026\/03\/1773609546_780_Photos-de-la-procession-de-mi-jeune-de-WeHeLo-galerie-de.jpg\" width=\"159\" height=\"159\" alt=\"\"><\/figure>\n<figure class=\"column small-6 medium-3 end\"><img loading=\"lazy\" decoding=\"async\" src=\"https:\/\/vieassociative.be\/actualites\/wp-content\/uploads\/2026\/03\/1773609546_437_Photos-de-la-procession-de-mi-jeune-de-WeHeLo-galerie-de.jpg\" width=\"159\" height=\"159\" alt=\"\"><\/figure>\n<figure class=\"column small-6 medium-3 end\"><img loading=\"lazy\" decoding=\"async\" src=\"https:\/\/vieassociative.be\/actualites\/wp-content\/uploads\/2026\/03\/1773609546_995_Photos-de-la-procession-de-mi-jeune-de-WeHeLo-galerie-de.jpg\" width=\"159\" height=\"159\" alt=\"\"><\/figure>\n<figure class=\"column small-6 medium-3 end\"><img loading=\"lazy\" decoding=\"async\" src=\"https:\/\/vieassociative.be\/actualites\/wp-content\/uploads\/2026\/03\/1773609546_555_Photos-de-la-procession-de-mi-jeune-de-WeHeLo-galerie-de.jpg\" width=\"159\" height=\"159\" alt=\"\"><\/figure>\n<figure class=\"column small-6 medium-3 end\"><img loading=\"lazy\" decoding=\"async\" src=\"https:\/\/vieassociative.be\/actualites\/wp-content\/uploads\/2026\/03\/1773609546_357_Photos-de-la-procession-de-mi-jeune-de-WeHeLo-galerie-de.jpg\" width=\"159\" height=\"159\" alt=\"\"><\/figure>\n<figure class=\"column small-6 medium-3 end\"><img loading=\"lazy\" decoding=\"async\" src=\"https:\/\/vieassociative.be\/actualites\/wp-content\/uploads\/2026\/03\/1773609546_572_Photos-de-la-procession-de-mi-jeune-de-WeHeLo-galerie-de.jpg\" width=\"159\" height=\"159\" alt=\"\"><\/figure>\n<figure class=\"column small-6 medium-3 end\"><img loading=\"lazy\" decoding=\"async\" src=\"https:\/\/vieassociative.be\/actualites\/wp-content\/uploads\/2026\/03\/1773609547_93_Photos-de-la-procession-de-mi-jeune-de-WeHeLo-galerie-de.jpg\" width=\"159\" height=\"159\" alt=\"\"><\/figure>\n<figure class=\"column small-6 medium-3 end\"><img loading=\"lazy\" decoding=\"async\" src=\"https:\/\/vieassociative.be\/actualites\/wp-content\/uploads\/2026\/03\/1773609547_828_Photos-de-la-procession-de-mi-jeune-de-WeHeLo-galerie-de.jpg\" width=\"159\" height=\"159\" alt=\"\"><\/figure>\n<figure class=\"column small-6 medium-3 end\"><img loading=\"lazy\" decoding=\"async\" src=\"https:\/\/vieassociative.be\/actualites\/wp-content\/uploads\/2026\/03\/1773609547_370_Photos-de-la-procession-de-mi-jeune-de-WeHeLo-galerie-de.jpg\" width=\"159\" height=\"159\" alt=\"\"><\/figure>\n<figure class=\"column small-6 medium-3 end\"><img loading=\"lazy\" decoding=\"async\" src=\"https:\/\/vieassociative.be\/actualites\/wp-content\/uploads\/2026\/03\/1773609547_839_Photos-de-la-procession-de-mi-jeune-de-WeHeLo-galerie-de.jpg\" width=\"159\" height=\"159\" alt=\"\"><\/figure>\n<figure class=\"column small-6 medium-3 end\"><img loading=\"lazy\" decoding=\"async\" src=\"https:\/\/vieassociative.be\/actualites\/wp-content\/uploads\/2026\/03\/1773609547_393_Photos-de-la-procession-de-mi-jeune-de-WeHeLo-galerie-de.jpg\" width=\"159\" height=\"159\" alt=\"\"><\/figure>\n<figure class=\"column small-6 medium-3 end\"><img loading=\"lazy\" decoding=\"async\" src=\"https:\/\/vieassociative.be\/actualites\/wp-content\/uploads\/2026\/03\/1773609547_941_Photos-de-la-procession-de-mi-jeune-de-WeHeLo-galerie-de.jpg\" width=\"159\" height=\"159\" alt=\"\"><\/figure>\n<figure class=\"column small-6 medium-3 end\"><img loading=\"lazy\" decoding=\"async\" src=\"https:\/\/vieassociative.be\/actualites\/wp-content\/uploads\/2026\/03\/1773609547_197_Photos-de-la-procession-de-mi-jeune-de-WeHeLo-galerie-de.jpg\" width=\"159\" height=\"159\" alt=\"\"><\/figure>\n<figure class=\"column small-6 medium-3 end\"><img loading=\"lazy\" decoding=\"async\" src=\"https:\/\/vieassociative.be\/actualites\/wp-content\/uploads\/2026\/03\/1773609547_419_Photos-de-la-procession-de-mi-jeune-de-WeHeLo-galerie-de.jpg\" width=\"159\" height=\"159\" alt=\"\"><\/figure>\n<figure class=\"column small-6 medium-3 end\"><img loading=\"lazy\" decoding=\"async\" src=\"https:\/\/vieassociative.be\/actualites\/wp-content\/uploads\/2026\/03\/1773609547_32_Photos-de-la-procession-de-mi-jeune-de-WeHeLo-galerie-de.jpg\" width=\"159\" height=\"159\" alt=\"\"><\/figure>\n<figure class=\"column small-6 medium-3 end\"><img loading=\"lazy\" decoding=\"async\" src=\"https:\/\/vieassociative.be\/actualites\/wp-content\/uploads\/2026\/03\/1773609548_407_Photos-de-la-procession-de-mi-jeune-de-WeHeLo-galerie-de.jpg\" width=\"159\" height=\"159\" alt=\"\"><\/figure>\n<figure class=\"column small-6 medium-3 end\"><img loading=\"lazy\" decoding=\"async\" src=\"https:\/\/vieassociative.be\/actualites\/wp-content\/uploads\/2026\/03\/1773609548_217_Photos-de-la-procession-de-mi-jeune-de-WeHeLo-galerie-de.jpg\" width=\"159\" height=\"159\" alt=\"\"><\/figure>\n<figure class=\"column small-6 medium-3 end\"><img loading=\"lazy\" decoding=\"async\" src=\"https:\/\/vieassociative.be\/actualites\/wp-content\/uploads\/2026\/03\/1773609548_721_Photos-de-la-procession-de-mi-jeune-de-WeHeLo-galerie-de.jpg\" width=\"159\" height=\"159\" alt=\"\"><\/figure>\n<figure class=\"column small-6 medium-3 end\"><img loading=\"lazy\" decoding=\"async\" src=\"https:\/\/vieassociative.be\/actualites\/wp-content\/uploads\/2026\/03\/1773609548_99_Photos-de-la-procession-de-mi-jeune-de-WeHeLo-galerie-de.jpg\" width=\"159\" height=\"159\" alt=\"\"><\/figure>\n<figure class=\"column small-6 medium-3 end\"><img loading=\"lazy\" decoding=\"async\" src=\"https:\/\/vieassociative.be\/actualites\/wp-content\/uploads\/2026\/03\/1773609548_104_Photos-de-la-procession-de-mi-jeune-de-WeHeLo-galerie-de.jpg\" width=\"159\" height=\"159\" alt=\"\"><\/figure>\n<figure class=\"column small-6 medium-3 end\"><img loading=\"lazy\" decoding=\"async\" src=\"https:\/\/vieassociative.be\/actualites\/wp-content\/uploads\/2026\/03\/1773609548_439_Photos-de-la-procession-de-mi-jeune-de-WeHeLo-galerie-de.jpg\" width=\"159\" height=\"159\" alt=\"\"><\/figure>\n<figure class=\"column small-6 medium-3 end\"><img loading=\"lazy\" decoding=\"async\" src=\"https:\/\/vieassociative.be\/actualites\/wp-content\/uploads\/2026\/03\/1773609548_459_Photos-de-la-procession-de-mi-jeune-de-WeHeLo-galerie-de.jpg\" width=\"159\" height=\"159\" alt=\"\"><\/figure>\n<figure class=\"column small-6 medium-3 end\"><img loading=\"lazy\" decoding=\"async\" src=\"https:\/\/vieassociative.be\/actualites\/wp-content\/uploads\/2026\/03\/1773609548_346_Photos-de-la-procession-de-mi-jeune-de-WeHeLo-galerie-de.jpg\" width=\"159\" height=\"159\" alt=\"\"><\/figure>\n<figure class=\"column small-6 medium-3 end\"><img loading=\"lazy\" decoding=\"async\" src=\"https:\/\/vieassociative.be\/actualites\/wp-content\/uploads\/2026\/03\/1773609548_48_Photos-de-la-procession-de-mi-jeune-de-WeHeLo-galerie-de.jpg\" width=\"159\" height=\"159\" alt=\"\"><\/figure>\n<figure class=\"column small-6 medium-3 end\"><img loading=\"lazy\" decoding=\"async\" src=\"https:\/\/vieassociative.be\/actualites\/wp-content\/uploads\/2026\/03\/1773609549_828_Photos-de-la-procession-de-mi-jeune-de-WeHeLo-galerie-de.jpg\" width=\"159\" height=\"159\" alt=\"\"><\/figure>\n<figure class=\"column small-6 medium-3 end\"><img loading=\"lazy\" decoding=\"async\" src=\"https:\/\/vieassociative.be\/actualites\/wp-content\/uploads\/2026\/03\/1773609549_265_Photos-de-la-procession-de-mi-jeune-de-WeHeLo-galerie-de.jpg\" width=\"159\" height=\"159\" alt=\"\"><\/figure>\n<figure class=\"column small-6 medium-3 end\"><img loading=\"lazy\" decoding=\"async\" src=\"https:\/\/vieassociative.be\/actualites\/wp-content\/uploads\/2026\/03\/1773609549_627_Photos-de-la-procession-de-mi-jeune-de-WeHeLo-galerie-de.jpg\" width=\"159\" height=\"159\" alt=\"\"><\/figure>\n<figure class=\"column small-6 medium-3 end\"><img loading=\"lazy\" decoding=\"async\" src=\"https:\/\/vieassociative.be\/actualites\/wp-content\/uploads\/2026\/03\/1773609549_934_Photos-de-la-procession-de-mi-jeune-de-WeHeLo-galerie-de.jpg\" width=\"159\" height=\"159\" alt=\"\"><\/figure>\n<figure class=\"column small-6 medium-3 end\"><img loading=\"lazy\" decoding=\"async\" src=\"https:\/\/vieassociative.be\/actualites\/wp-content\/uploads\/2026\/03\/1773609549_305_Photos-de-la-procession-de-mi-jeune-de-WeHeLo-galerie-de.jpg\" width=\"159\" height=\"159\" alt=\"\"><\/figure>\n<figure class=\"column small-6 medium-3 end\"><img loading=\"lazy\" decoding=\"async\" src=\"https:\/\/vieassociative.be\/actualites\/wp-content\/uploads\/2026\/03\/1773609549_735_Photos-de-la-procession-de-mi-jeune-de-WeHeLo-galerie-de.jpg\" width=\"159\" height=\"159\" alt=\"\"><\/figure>\n<figure class=\"column small-6 medium-3 end\"><img loading=\"lazy\" decoding=\"async\" src=\"https:\/\/vieassociative.be\/actualites\/wp-content\/uploads\/2026\/03\/1773609549_20_Photos-de-la-procession-de-mi-jeune-de-WeHeLo-galerie-de.jpg\" width=\"159\" height=\"159\" alt=\"\"><\/figure>\n<figure class=\"column small-6 medium-3 end\"><img loading=\"lazy\" decoding=\"async\" src=\"https:\/\/vieassociative.be\/actualites\/wp-content\/uploads\/2026\/03\/1773609549_511_Photos-de-la-procession-de-mi-jeune-de-WeHeLo-galerie-de.jpg\" width=\"159\" height=\"159\" alt=\"\"><\/figure>\n<figure class=\"column small-6 medium-3 end\"><img loading=\"lazy\" decoding=\"async\" src=\"https:\/\/vieassociative.be\/actualites\/wp-content\/uploads\/2026\/03\/1773609549_219_Photos-de-la-procession-de-mi-jeune-de-WeHeLo-galerie-de.jpg\" width=\"159\" height=\"159\" alt=\"\"><\/figure>\n<figure class=\"column small-6 medium-3 end\"><img loading=\"lazy\" decoding=\"async\" src=\"https:\/\/vieassociative.be\/actualites\/wp-content\/uploads\/2026\/03\/1773609550_331_Photos-de-la-procession-de-mi-jeune-de-WeHeLo-galerie-de.jpg\" width=\"159\" height=\"159\" alt=\"\"><\/figure>\n<figure class=\"column small-6 medium-3 end\"><img loading=\"lazy\" decoding=\"async\" src=\"https:\/\/vieassociative.be\/actualites\/wp-content\/uploads\/2026\/03\/1773609550_763_Photos-de-la-procession-de-mi-jeune-de-WeHeLo-galerie-de.jpg\" width=\"159\" height=\"159\" alt=\"\"><\/figure>\n<figure class=\"column small-6 medium-3 end\"><img loading=\"lazy\" decoding=\"async\" src=\"https:\/\/vieassociative.be\/actualites\/wp-content\/uploads\/2026\/03\/1773609550_865_Photos-de-la-procession-de-mi-jeune-de-WeHeLo-galerie-de.jpg\" width=\"159\" height=\"159\" alt=\"\"><\/figure>\n<figure class=\"column small-6 medium-3 end\"><img loading=\"lazy\" decoding=\"async\" src=\"https:\/\/vieassociative.be\/actualites\/wp-content\/uploads\/2026\/03\/1773609550_611_Photos-de-la-procession-de-mi-jeune-de-WeHeLo-galerie-de.jpg\" width=\"159\" height=\"159\" alt=\"\"><\/figure>\n<figure class=\"column small-6 medium-3 end\"><img loading=\"lazy\" decoding=\"async\" src=\"https:\/\/vieassociative.be\/actualites\/wp-content\/uploads\/2026\/03\/1773609550_640_Photos-de-la-procession-de-mi-jeune-de-WeHeLo-galerie-de.jpg\" width=\"159\" height=\"159\" alt=\"\"><\/figure>\n<figure class=\"column small-6 medium-3 end\"><img loading=\"lazy\" decoding=\"async\" src=\"https:\/\/vieassociative.be\/actualites\/wp-content\/uploads\/2026\/03\/1773609550_822_Photos-de-la-procession-de-mi-jeune-de-WeHeLo-galerie-de.jpg\" width=\"159\" height=\"159\" alt=\"\"><\/figure>\n<figure class=\"column small-6 medium-3 end\"><img loading=\"lazy\" decoding=\"async\" src=\"https:\/\/vieassociative.be\/actualites\/wp-content\/uploads\/2026\/03\/1773609550_730_Photos-de-la-procession-de-mi-jeune-de-WeHeLo-galerie-de.jpg\" width=\"159\" height=\"159\" alt=\"\"><\/figure>\n<figure class=\"column small-6 medium-3 end\"><img loading=\"lazy\" decoding=\"async\" src=\"https:\/\/vieassociative.be\/actualites\/wp-content\/uploads\/2026\/03\/1773609550_167_Photos-de-la-procession-de-mi-jeune-de-WeHeLo-galerie-de.jpg\" width=\"159\" height=\"159\" alt=\"\"><\/figure>\n<figure class=\"column small-6 medium-3 end\"><img loading=\"lazy\" decoding=\"async\" src=\"https:\/\/vieassociative.be\/actualites\/wp-content\/uploads\/2026\/03\/1773609550_805_Photos-de-la-procession-de-mi-jeune-de-WeHeLo-galerie-de.jpg\" width=\"159\" height=\"159\" alt=\"\"><\/figure>\n<figure class=\"column small-6 medium-3 end\"><img loading=\"lazy\" decoding=\"async\" src=\"https:\/\/vieassociative.be\/actualites\/wp-content\/uploads\/2026\/03\/1773609551_619_Photos-de-la-procession-de-mi-jeune-de-WeHeLo-galerie-de.jpg\" width=\"159\" height=\"159\" alt=\"\"><\/figure>\n<figure class=\"column small-6 medium-3 end\"><img loading=\"lazy\" decoding=\"async\" src=\"https:\/\/vieassociative.be\/actualites\/wp-content\/uploads\/2026\/03\/1773609551_67_Photos-de-la-procession-de-mi-jeune-de-WeHeLo-galerie-de.jpg\" width=\"159\" height=\"159\" alt=\"\"><\/figure>\n<figure class=\"column small-6 medium-3 end\"><img loading=\"lazy\" decoding=\"async\" src=\"https:\/\/vieassociative.be\/actualites\/wp-content\/uploads\/2026\/03\/1773609551_965_Photos-de-la-procession-de-mi-jeune-de-WeHeLo-galerie-de.jpg\" width=\"159\" height=\"159\" alt=\"\"><\/figure>\n<figure class=\"column small-6 medium-3 end\"><img loading=\"lazy\" decoding=\"async\" src=\"https:\/\/vieassociative.be\/actualites\/wp-content\/uploads\/2026\/03\/1773609551_138_Photos-de-la-procession-de-mi-jeune-de-WeHeLo-galerie-de.jpg\" width=\"159\" height=\"159\" alt=\"\"><\/figure>\n<figure class=\"column small-6 medium-3 end\"><img loading=\"lazy\" decoding=\"async\" src=\"https:\/\/vieassociative.be\/actualites\/wp-content\/uploads\/2026\/03\/1773609551_46_Photos-de-la-procession-de-mi-jeune-de-WeHeLo-galerie-de.jpg\" width=\"159\" height=\"159\" alt=\"\"><\/figure>\n<figure class=\"column small-6 medium-3 end\"><img loading=\"lazy\" decoding=\"async\" src=\"https:\/\/vieassociative.be\/actualites\/wp-content\/uploads\/2026\/03\/1773609551_829_Photos-de-la-procession-de-mi-jeune-de-WeHeLo-galerie-de.jpg\" width=\"159\" height=\"159\" alt=\"\"><\/figure>\n<figure class=\"column small-6 medium-3 end\"><img loading=\"lazy\" decoding=\"async\" src=\"https:\/\/vieassociative.be\/actualites\/wp-content\/uploads\/2026\/03\/1773609551_687_Photos-de-la-procession-de-mi-jeune-de-WeHeLo-galerie-de.jpg\" width=\"159\" height=\"159\" alt=\"\"><\/figure>\n<figure class=\"column small-6 medium-3 end\"><img loading=\"lazy\" decoding=\"async\" src=\"https:\/\/vieassociative.be\/actualites\/wp-content\/uploads\/2026\/03\/1773609551_822_Photos-de-la-procession-de-mi-jeune-de-WeHeLo-galerie-de.jpg\" width=\"159\" height=\"159\" alt=\"\"><\/figure>\n<figure class=\"column small-6 medium-3 end\"><img loading=\"lazy\" decoding=\"async\" src=\"https:\/\/vieassociative.be\/actualites\/wp-content\/uploads\/2026\/03\/1773609551_53_Photos-de-la-procession-de-mi-jeune-de-WeHeLo-galerie-de.jpg\" width=\"159\" height=\"159\" alt=\"\"><\/figure>\n<figure class=\"column small-6 medium-3 end\"><img loading=\"lazy\" decoding=\"async\" src=\"https:\/\/vieassociative.be\/actualites\/wp-content\/uploads\/2026\/03\/1773609552_494_Photos-de-la-procession-de-mi-jeune-de-WeHeLo-galerie-de.jpg\" width=\"159\" height=\"159\" alt=\"\"><\/figure>\n<figure class=\"column small-6 medium-3 end\"><img loading=\"lazy\" decoding=\"async\" src=\"https:\/\/vieassociative.be\/actualites\/wp-content\/uploads\/2026\/03\/1773609552_356_Photos-de-la-procession-de-mi-jeune-de-WeHeLo-galerie-de.jpg\" width=\"159\" height=\"159\" alt=\"\"><\/figure>\n<figure class=\"column small-6 medium-3 end\"><img loading=\"lazy\" decoding=\"async\" src=\"https:\/\/vieassociative.be\/actualites\/wp-content\/uploads\/2026\/03\/1773609552_641_Photos-de-la-procession-de-mi-jeune-de-WeHeLo-galerie-de.jpg\" width=\"159\" height=\"159\" alt=\"\"><\/figure>\n<figure class=\"column small-6 medium-3 end\"><img loading=\"lazy\" decoding=\"async\" src=\"https:\/\/vieassociative.be\/actualites\/wp-content\/uploads\/2026\/03\/1773609552_365_Photos-de-la-procession-de-mi-jeune-de-WeHeLo-galerie-de.jpg\" width=\"159\" height=\"159\" alt=\"\"><\/figure>\n<figure class=\"column small-6 medium-3 end\"><img loading=\"lazy\" decoding=\"async\" src=\"https:\/\/vieassociative.be\/actualites\/wp-content\/uploads\/2026\/03\/1773609552_889_Photos-de-la-procession-de-mi-jeune-de-WeHeLo-galerie-de.jpg\" width=\"159\" height=\"159\" alt=\"\"><\/figure>\n<figure class=\"column small-6 medium-3 end\"><img loading=\"lazy\" decoding=\"async\" src=\"https:\/\/vieassociative.be\/actualites\/wp-content\/uploads\/2026\/03\/1773609552_573_Photos-de-la-procession-de-mi-jeune-de-WeHeLo-galerie-de.jpg\" width=\"159\" height=\"159\" alt=\"\"><\/figure>\n<figure class=\"column small-6 medium-3 end\"><img loading=\"lazy\" decoding=\"async\" src=\"https:\/\/vieassociative.be\/actualites\/wp-content\/uploads\/2026\/03\/1773609552_62_Photos-de-la-procession-de-mi-jeune-de-WeHeLo-galerie-de.jpg\" width=\"159\" height=\"159\" alt=\"\"><\/figure>\n<figure class=\"column small-6 medium-3 end\"><img loading=\"lazy\" decoding=\"async\" src=\"https:\/\/vieassociative.be\/actualites\/wp-content\/uploads\/2026\/03\/1773609552_761_Photos-de-la-procession-de-mi-jeune-de-WeHeLo-galerie-de.jpg\" width=\"159\" height=\"159\" alt=\"\"><\/figure>\n<figure class=\"column small-6 medium-3 end\"><img loading=\"lazy\" decoding=\"async\" src=\"https:\/\/vieassociative.be\/actualites\/wp-content\/uploads\/2026\/03\/1773609552_181_Photos-de-la-procession-de-mi-jeune-de-WeHeLo-galerie-de.jpg\" width=\"159\" height=\"159\" alt=\"\"><\/figure>\n<figure class=\"column small-6 medium-3 end\"><img loading=\"lazy\" decoding=\"async\" src=\"https:\/\/vieassociative.be\/actualites\/wp-content\/uploads\/2026\/03\/1773609553_482_Photos-de-la-procession-de-mi-jeune-de-WeHeLo-galerie-de.jpg\" width=\"159\" height=\"159\" alt=\"\"><\/figure>\n<figure class=\"column small-6 medium-3 end\"><img loading=\"lazy\" decoding=\"async\" src=\"https:\/\/vieassociative.be\/actualites\/wp-content\/uploads\/2026\/03\/1773609553_351_Photos-de-la-procession-de-mi-jeune-de-WeHeLo-galerie-de.jpg\" width=\"159\" height=\"159\" alt=\"\"><\/figure>\n<figure class=\"column small-6 medium-3 end\"><img loading=\"lazy\" decoding=\"async\" src=\"https:\/\/vieassociative.be\/actualites\/wp-content\/uploads\/2026\/03\/1773609553_465_Photos-de-la-procession-de-mi-jeune-de-WeHeLo-galerie-de.jpg\" width=\"159\" height=\"159\" alt=\"\"><\/figure>\n<figure class=\"column small-6 medium-3 end\"><img loading=\"lazy\" decoding=\"async\" src=\"https:\/\/vieassociative.be\/actualites\/wp-content\/uploads\/2026\/03\/1773609553_212_Photos-de-la-procession-de-mi-jeune-de-WeHeLo-galerie-de.jpg\" width=\"159\" height=\"159\" alt=\"\"><\/figure>\n<figure class=\"column small-6 medium-3 end\"><img loading=\"lazy\" decoding=\"async\" src=\"https:\/\/vieassociative.be\/actualites\/wp-content\/uploads\/2026\/03\/1773609553_781_Photos-de-la-procession-de-mi-jeune-de-WeHeLo-galerie-de.jpg\" width=\"159\" height=\"159\" alt=\"\"><\/figure>\n<figure class=\"column small-6 medium-3 end\"><img loading=\"lazy\" decoding=\"async\" src=\"https:\/\/vieassociative.be\/actualites\/wp-content\/uploads\/2026\/03\/1773609553_572_Photos-de-la-procession-de-mi-jeune-de-WeHeLo-galerie-de.jpg\" width=\"159\" height=\"159\" alt=\"\"><\/figure>\n<figure class=\"column small-6 medium-3 end\"><img loading=\"lazy\" decoding=\"async\" src=\"https:\/\/vieassociative.be\/actualites\/wp-content\/uploads\/2026\/03\/1773609553_454_Photos-de-la-procession-de-mi-jeune-de-WeHeLo-galerie-de.jpg\" width=\"159\" height=\"159\" alt=\"\"><\/figure>\n<figure class=\"column small-6 medium-3 end\"><img loading=\"lazy\" decoding=\"async\" src=\"https:\/\/vieassociative.be\/actualites\/wp-content\/uploads\/2026\/03\/1773609553_659_Photos-de-la-procession-de-mi-jeune-de-WeHeLo-galerie-de.jpg\" width=\"159\" height=\"159\" alt=\"\"><\/figure>\n<figure class=\"column small-6 medium-3 end\"><img loading=\"lazy\" decoding=\"async\" src=\"https:\/\/vieassociative.be\/actualites\/wp-content\/uploads\/2026\/03\/1773609553_968_Photos-de-la-procession-de-mi-jeune-de-WeHeLo-galerie-de.jpg\" width=\"159\" height=\"159\" alt=\"\"><\/figure>\n<figure class=\"column small-6 medium-3 end\"><img loading=\"lazy\" decoding=\"async\" src=\"https:\/\/vieassociative.be\/actualites\/wp-content\/uploads\/2026\/03\/1773609554_473_Photos-de-la-procession-de-mi-jeune-de-WeHeLo-galerie-de.jpg\" width=\"159\" height=\"159\" alt=\"\"><\/figure>\n<figure class=\"column small-6 medium-3 end\"><img loading=\"lazy\" decoding=\"async\" src=\"https:\/\/vieassociative.be\/actualites\/wp-content\/uploads\/2026\/03\/1773609554_549_Photos-de-la-procession-de-mi-jeune-de-WeHeLo-galerie-de.jpg\" width=\"159\" height=\"159\" alt=\"\"><\/figure>\n<figure class=\"column small-6 medium-3 end\"><img loading=\"lazy\" decoding=\"async\" src=\"https:\/\/vieassociative.be\/actualites\/wp-content\/uploads\/2026\/03\/1773609554_124_Photos-de-la-procession-de-mi-jeune-de-WeHeLo-galerie-de.jpg\" width=\"159\" height=\"159\" alt=\"\"><\/figure>\n<figure class=\"column small-6 medium-3 end\"><img loading=\"lazy\" decoding=\"async\" src=\"https:\/\/vieassociative.be\/actualites\/wp-content\/uploads\/2026\/03\/1773609554_57_Photos-de-la-procession-de-mi-jeune-de-WeHeLo-galerie-de.jpg\" width=\"159\" height=\"159\" alt=\"\"><\/figure>\n<figure class=\"column small-6 medium-3 end\"><img loading=\"lazy\" decoding=\"async\" src=\"https:\/\/vieassociative.be\/actualites\/wp-content\/uploads\/2026\/03\/1773609554_580_Photos-de-la-procession-de-mi-jeune-de-WeHeLo-galerie-de.jpg\" width=\"159\" height=\"159\" alt=\"\"><\/figure>\n<figure class=\"column small-6 medium-3 end\"><img loading=\"lazy\" decoding=\"async\" src=\"https:\/\/vieassociative.be\/actualites\/wp-content\/uploads\/2026\/03\/1773609554_40_Photos-de-la-procession-de-mi-jeune-de-WeHeLo-galerie-de.jpg\" width=\"159\" height=\"159\" alt=\"\"><\/figure>\n<figure class=\"column small-6 medium-3 end\"><img loading=\"lazy\" decoding=\"async\" src=\"https:\/\/vieassociative.be\/actualites\/wp-content\/uploads\/2026\/03\/1773609554_690_Photos-de-la-procession-de-mi-jeune-de-WeHeLo-galerie-de.jpg\" width=\"159\" height=\"159\" alt=\"\"><\/figure>\n<figure class=\"column small-6 medium-3 end\"><img loading=\"lazy\" decoding=\"async\" src=\"https:\/\/vieassociative.be\/actualites\/wp-content\/uploads\/2026\/03\/1773609554_100_Photos-de-la-procession-de-mi-jeune-de-WeHeLo-galerie-de.jpg\" width=\"159\" height=\"159\" alt=\"\"><\/figure>\n<figure class=\"column small-6 medium-3 end\"><img loading=\"lazy\" decoding=\"async\" src=\"https:\/\/vieassociative.be\/actualites\/wp-content\/uploads\/2026\/03\/1773609554_453_Photos-de-la-procession-de-mi-jeune-de-WeHeLo-galerie-de.jpg\" width=\"159\" height=\"159\" alt=\"\"><\/figure>\n<figure class=\"column small-6 medium-3 end\"><img loading=\"lazy\" decoding=\"async\" src=\"https:\/\/vieassociative.be\/actualites\/wp-content\/uploads\/2026\/03\/1773609555_10_Photos-de-la-procession-de-mi-jeune-de-WeHeLo-galerie-de.jpg\" width=\"159\" height=\"159\" alt=\"\"><\/figure>\n<figure class=\"column small-6 medium-3 end\"><img loading=\"lazy\" decoding=\"async\" src=\"https:\/\/vieassociative.be\/actualites\/wp-content\/uploads\/2026\/03\/1773609555_76_Photos-de-la-procession-de-mi-jeune-de-WeHeLo-galerie-de.jpg\" width=\"159\" height=\"159\" alt=\"\"><\/figure>\n<figure class=\"column small-6 medium-3 end\"><img loading=\"lazy\" decoding=\"async\" src=\"https:\/\/vieassociative.be\/actualites\/wp-content\/uploads\/2026\/03\/1773609555_442_Photos-de-la-procession-de-mi-jeune-de-WeHeLo-galerie-de.jpg\" width=\"159\" height=\"159\" alt=\"\"><\/figure>\n<figure class=\"column small-6 medium-3 end\"><img loading=\"lazy\" decoding=\"async\" src=\"https:\/\/vieassociative.be\/actualites\/wp-content\/uploads\/2026\/03\/1773609555_32_Photos-de-la-procession-de-mi-jeune-de-WeHeLo-galerie-de.jpg\" width=\"159\" height=\"159\" alt=\"\"><\/figure>\n<figure class=\"column small-6 medium-3 end\"><img loading=\"lazy\" decoding=\"async\" src=\"https:\/\/vieassociative.be\/actualites\/wp-content\/uploads\/2026\/03\/1773609555_33_Photos-de-la-procession-de-mi-jeune-de-WeHeLo-galerie-de.jpg\" width=\"159\" height=\"159\" alt=\"\"><\/figure>\n<figure class=\"column small-6 medium-3 end\"><img loading=\"lazy\" decoding=\"async\" src=\"https:\/\/vieassociative.be\/actualites\/wp-content\/uploads\/2026\/03\/1773609555_36_Photos-de-la-procession-de-mi-jeune-de-WeHeLo-galerie-de.jpg\" width=\"159\" height=\"159\" alt=\"\"><\/figure>\n<figure class=\"column small-6 medium-3 end\"><img loading=\"lazy\" decoding=\"async\" src=\"https:\/\/vieassociative.be\/actualites\/wp-content\/uploads\/2026\/03\/1773609555_584_Photos-de-la-procession-de-mi-jeune-de-WeHeLo-galerie-de.jpg\" width=\"159\" height=\"159\" alt=\"\"><\/figure>\n<figure class=\"column small-6 medium-3 end\"><img loading=\"lazy\" decoding=\"async\" src=\"https:\/\/vieassociative.be\/actualites\/wp-content\/uploads\/2026\/03\/1773609555_985_Photos-de-la-procession-de-mi-jeune-de-WeHeLo-galerie-de.jpg\" width=\"159\" height=\"159\" alt=\"\"><\/figure>\n<figure class=\"column small-6 medium-3 end\"><img loading=\"lazy\" decoding=\"async\" src=\"https:\/\/vieassociative.be\/actualites\/wp-content\/uploads\/2026\/03\/1773609555_640_Photos-de-la-procession-de-mi-jeune-de-WeHeLo-galerie-de.jpg\" width=\"159\" height=\"159\" alt=\"\"><\/figure>\n<figure class=\"column small-6 medium-3 end\"><img loading=\"lazy\" decoding=\"async\" src=\"https:\/\/vieassociative.be\/actualites\/wp-content\/uploads\/2026\/03\/1773609556_583_Photos-de-la-procession-de-mi-jeune-de-WeHeLo-galerie-de.jpg\" width=\"159\" height=\"159\" alt=\"\"><\/figure>\n<figure class=\"column small-6 medium-3 end\"><img loading=\"lazy\" decoding=\"async\" src=\"https:\/\/vieassociative.be\/actualites\/wp-content\/uploads\/2026\/03\/1773609556_697_Photos-de-la-procession-de-mi-jeune-de-WeHeLo-galerie-de.jpg\" width=\"159\" height=\"159\" alt=\"\"><\/figure>\n<figure class=\"column small-6 medium-3 end\"><img loading=\"lazy\" decoding=\"async\" src=\"https:\/\/vieassociative.be\/actualites\/wp-content\/uploads\/2026\/03\/1773609556_59_Photos-de-la-procession-de-mi-jeune-de-WeHeLo-galerie-de.jpg\" width=\"159\" height=\"159\" alt=\"\"><\/figure>\n<figure class=\"column small-6 medium-3 end\"><img loading=\"lazy\" decoding=\"async\" src=\"https:\/\/vieassociative.be\/actualites\/wp-content\/uploads\/2026\/03\/1773609556_239_Photos-de-la-procession-de-mi-jeune-de-WeHeLo-galerie-de.jpg\" width=\"159\" height=\"159\" alt=\"\"><\/figure>\n<figure class=\"column small-6 medium-3 end\"><img loading=\"lazy\" decoding=\"async\" src=\"https:\/\/vieassociative.be\/actualites\/wp-content\/uploads\/2026\/03\/1773609556_186_Photos-de-la-procession-de-mi-jeune-de-WeHeLo-galerie-de.jpg\" width=\"159\" height=\"159\" alt=\"\"><\/figure>\n<figure class=\"column small-6 medium-3 end\"><img loading=\"lazy\" decoding=\"async\" src=\"https:\/\/vieassociative.be\/actualites\/wp-content\/uploads\/2026\/03\/1773609556_890_Photos-de-la-procession-de-mi-jeune-de-WeHeLo-galerie-de.jpg\" width=\"159\" height=\"159\" alt=\"\"><\/figure>\n<figure class=\"column small-6 medium-3 end\"><img loading=\"lazy\" decoding=\"async\" src=\"https:\/\/vieassociative.be\/actualites\/wp-content\/uploads\/2026\/03\/1773609556_22_Photos-de-la-procession-de-mi-jeune-de-WeHeLo-galerie-de.jpg\" width=\"159\" height=\"159\" alt=\"\"><\/figure>\n<figure class=\"column small-6 medium-3 end\"><img loading=\"lazy\" decoding=\"async\" src=\"https:\/\/vieassociative.be\/actualites\/wp-content\/uploads\/2026\/03\/1773609556_592_Photos-de-la-procession-de-mi-jeune-de-WeHeLo-galerie-de.jpg\" width=\"159\" height=\"159\" alt=\"\"><\/figure>\n<figure class=\"column small-6 medium-3 end\"><img loading=\"lazy\" decoding=\"async\" src=\"https:\/\/vieassociative.be\/actualites\/wp-content\/uploads\/2026\/03\/1773609556_378_Photos-de-la-procession-de-mi-jeune-de-WeHeLo-galerie-de.jpg\" width=\"159\" height=\"159\" alt=\"\"><\/figure>\n<figure class=\"column small-6 medium-3 end\"><img loading=\"lazy\" decoding=\"async\" src=\"https:\/\/vieassociative.be\/actualites\/wp-content\/uploads\/2026\/03\/1773609557_587_Photos-de-la-procession-de-mi-jeune-de-WeHeLo-galerie-de.jpg\" width=\"159\" height=\"159\" alt=\"\"><\/figure>\n<figure class=\"column small-6 medium-3 end\"><img loading=\"lazy\" decoding=\"async\" src=\"https:\/\/vieassociative.be\/actualites\/wp-content\/uploads\/2026\/03\/1773609557_174_Photos-de-la-procession-de-mi-jeune-de-WeHeLo-galerie-de.jpg\" width=\"159\" height=\"159\" alt=\"\"><\/figure>\n<figure class=\"column small-6 medium-3 end\"><img loading=\"lazy\" decoding=\"async\" src=\"https:\/\/vieassociative.be\/actualites\/wp-content\/uploads\/2026\/03\/1773609557_240_Photos-de-la-procession-de-mi-jeune-de-WeHeLo-galerie-de.jpg\" width=\"159\" height=\"159\" alt=\"\"><\/figure>\n<figure class=\"column small-6 medium-3 end\"><img loading=\"lazy\" decoding=\"async\" src=\"https:\/\/vieassociative.be\/actualites\/wp-content\/uploads\/2026\/03\/1773609557_200_Photos-de-la-procession-de-mi-jeune-de-WeHeLo-galerie-de.jpg\" width=\"159\" height=\"159\" alt=\"\"><\/figure>\n<figure class=\"column small-6 medium-3 end\"><img loading=\"lazy\" decoding=\"async\" src=\"https:\/\/vieassociative.be\/actualites\/wp-content\/uploads\/2026\/03\/1773609557_196_Photos-de-la-procession-de-mi-jeune-de-WeHeLo-galerie-de.jpg\" width=\"159\" height=\"159\" alt=\"\"><\/figure>\n<figure class=\"column small-6 medium-3 end\"><img loading=\"lazy\" decoding=\"async\" src=\"https:\/\/vieassociative.be\/actualites\/wp-content\/uploads\/2026\/03\/1773609557_177_Photos-de-la-procession-de-mi-jeune-de-WeHeLo-galerie-de.jpg\" width=\"159\" height=\"159\" alt=\"\"><\/figure>\n<figure class=\"column small-6 medium-3 end\"><img loading=\"lazy\" decoding=\"async\" src=\"https:\/\/vieassociative.be\/actualites\/wp-content\/uploads\/2026\/03\/1773609557_999_Photos-de-la-procession-de-mi-jeune-de-WeHeLo-galerie-de.jpg\" width=\"159\" height=\"159\" alt=\"\"><\/figure>\n<figure class=\"column small-6 medium-3 end\"><img loading=\"lazy\" decoding=\"async\" src=\"https:\/\/vieassociative.be\/actualites\/wp-content\/uploads\/2026\/03\/1773609557_690_Photos-de-la-procession-de-mi-jeune-de-WeHeLo-galerie-de.jpg\" width=\"159\" height=\"159\" alt=\"\"><\/figure>\n<figure class=\"column small-6 medium-3 end\"><img loading=\"lazy\" decoding=\"async\" src=\"https:\/\/vieassociative.be\/actualites\/wp-content\/uploads\/2026\/03\/1773609557_674_Photos-de-la-procession-de-mi-jeune-de-WeHeLo-galerie-de.jpg\" width=\"159\" height=\"159\" alt=\"\"><\/figure>\n<figure class=\"column small-6 medium-3 end\"><img loading=\"lazy\" decoding=\"async\" src=\"https:\/\/vieassociative.be\/actualites\/wp-content\/uploads\/2026\/03\/1773609558_485_Photos-de-la-procession-de-mi-jeune-de-WeHeLo-galerie-de.jpg\" width=\"159\" height=\"159\" alt=\"\"><\/figure>\n<figure class=\"column small-6 medium-3 end\"><img loading=\"lazy\" decoding=\"async\" src=\"https:\/\/vieassociative.be\/actualites\/wp-content\/uploads\/2026\/03\/1773609558_406_Photos-de-la-procession-de-mi-jeune-de-WeHeLo-galerie-de.jpg\" width=\"159\" height=\"159\" alt=\"\"><\/figure>\n<figure class=\"column small-6 medium-3 end\"><img loading=\"lazy\" decoding=\"async\" src=\"https:\/\/vieassociative.be\/actualites\/wp-content\/uploads\/2026\/03\/1773609558_726_Photos-de-la-procession-de-mi-jeune-de-WeHeLo-galerie-de.jpg\" width=\"159\" height=\"159\" alt=\"\"><\/figure>\n<figure class=\"column small-6 medium-3 end\"><img loading=\"lazy\" decoding=\"async\" src=\"https:\/\/vieassociative.be\/actualites\/wp-content\/uploads\/2026\/03\/1773609558_558_Photos-de-la-procession-de-mi-jeune-de-WeHeLo-galerie-de.jpg\" width=\"159\" height=\"159\" alt=\"\"><\/figure>\n<figure class=\"column small-6 medium-3 end\"><img loading=\"lazy\" decoding=\"async\" src=\"https:\/\/vieassociative.be\/actualites\/wp-content\/uploads\/2026\/03\/1773609558_415_Photos-de-la-procession-de-mi-jeune-de-WeHeLo-galerie-de.jpg\" width=\"159\" height=\"159\" alt=\"\"><\/figure>\n<figure class=\"column small-6 medium-3 end\"><img loading=\"lazy\" decoding=\"async\" src=\"https:\/\/vieassociative.be\/actualites\/wp-content\/uploads\/2026\/03\/1773609558_67_Photos-de-la-procession-de-mi-jeune-de-WeHeLo-galerie-de.jpg\" width=\"159\" height=\"159\" alt=\"\"><\/figure>\n<figure class=\"column small-6 medium-3 end\"><img loading=\"lazy\" decoding=\"async\" src=\"https:\/\/vieassociative.be\/actualites\/wp-content\/uploads\/2026\/03\/1773609558_619_Photos-de-la-procession-de-mi-jeune-de-WeHeLo-galerie-de.jpg\" width=\"159\" height=\"159\" alt=\"\"><\/figure>\n<figure class=\"column small-6 medium-3 end\"><img loading=\"lazy\" decoding=\"async\" src=\"https:\/\/vieassociative.be\/actualites\/wp-content\/uploads\/2026\/03\/1773609558_485_Photos-de-la-procession-de-mi-jeune-de-WeHeLo-galerie-de.jpg\" width=\"159\" height=\"159\" alt=\"\"><\/figure>\n<figure class=\"column small-6 medium-3 end\"><img loading=\"lazy\" decoding=\"async\" src=\"https:\/\/vieassociative.be\/actualites\/wp-content\/uploads\/2026\/03\/1773609558_407_Photos-de-la-procession-de-mi-jeune-de-WeHeLo-galerie-de.jpg\" width=\"159\" height=\"159\" alt=\"\"><\/figure>\n<figure class=\"column small-6 medium-3 end\"><img loading=\"lazy\" decoding=\"async\" src=\"https:\/\/vieassociative.be\/actualites\/wp-content\/uploads\/2026\/03\/1773609559_551_Photos-de-la-procession-de-mi-jeune-de-WeHeLo-galerie-de.jpg\" width=\"159\" height=\"159\" alt=\"\"><\/figure>\n<figure class=\"column small-6 medium-3 end\"><img loading=\"lazy\" decoding=\"async\" src=\"https:\/\/vieassociative.be\/actualites\/wp-content\/uploads\/2026\/03\/1773609559_717_Photos-de-la-procession-de-mi-jeune-de-WeHeLo-galerie-de.jpg\" width=\"159\" height=\"159\" alt=\"\"><\/figure>\n<figure class=\"column small-6 medium-3 end\"><img loading=\"lazy\" decoding=\"async\" src=\"https:\/\/vieassociative.be\/actualites\/wp-content\/uploads\/2026\/03\/1773609559_89_Photos-de-la-procession-de-mi-jeune-de-WeHeLo-galerie-de.jpg\" width=\"159\" height=\"159\" alt=\"\"><\/figure>\n<figure class=\"column small-6 medium-3 end\"><img loading=\"lazy\" decoding=\"async\" src=\"https:\/\/vieassociative.be\/actualites\/wp-content\/uploads\/2026\/03\/1773609559_895_Photos-de-la-procession-de-mi-jeune-de-WeHeLo-galerie-de.jpg\" width=\"159\" height=\"159\" alt=\"\"><\/figure>\n<figure class=\"column small-6 medium-3 end\"><img loading=\"lazy\" decoding=\"async\" src=\"https:\/\/vieassociative.be\/actualites\/wp-content\/uploads\/2026\/03\/1773609559_470_Photos-de-la-procession-de-mi-jeune-de-WeHeLo-galerie-de.jpg\" width=\"159\" height=\"159\" alt=\"\"><\/figure>\n<figure class=\"column small-6 medium-3 end\"><img loading=\"lazy\" decoding=\"async\" src=\"https:\/\/vieassociative.be\/actualites\/wp-content\/uploads\/2026\/03\/1773609559_641_Photos-de-la-procession-de-mi-jeune-de-WeHeLo-galerie-de.jpg\" width=\"159\" height=\"159\" alt=\"\"><\/figure>\n<figure class=\"column small-6 medium-3 end\"><img loading=\"lazy\" decoding=\"async\" src=\"https:\/\/vieassociative.be\/actualites\/wp-content\/uploads\/2026\/03\/1773609559_101_Photos-de-la-procession-de-mi-jeune-de-WeHeLo-galerie-de.jpg\" width=\"159\" height=\"159\" alt=\"\"><\/figure>\n<figure class=\"column small-6 medium-3 end\"><img loading=\"lazy\" decoding=\"async\" src=\"https:\/\/vieassociative.be\/actualites\/wp-content\/uploads\/2026\/03\/1773609559_856_Photos-de-la-procession-de-mi-jeune-de-WeHeLo-galerie-de.jpg\" width=\"159\" height=\"159\" alt=\"\"><\/figure>\n<figure class=\"column small-6 medium-3 end\"><img loading=\"lazy\" decoding=\"async\" src=\"https:\/\/vieassociative.be\/actualites\/wp-content\/uploads\/2026\/03\/1773609559_626_Photos-de-la-procession-de-mi-jeune-de-WeHeLo-galerie-de.jpg\" width=\"159\" height=\"159\" alt=\"\"><\/figure>\n<figure class=\"column small-6 medium-3 end\"><img loading=\"lazy\" decoding=\"async\" src=\"https:\/\/vieassociative.be\/actualites\/wp-content\/uploads\/2026\/03\/1773609560_988_Photos-de-la-procession-de-mi-jeune-de-WeHeLo-galerie-de.jpg\" width=\"159\" height=\"159\" alt=\"\"><\/figure>\n<figure class=\"column small-6 medium-3 end\"><img loading=\"lazy\" decoding=\"async\" src=\"https:\/\/vieassociative.be\/actualites\/wp-content\/uploads\/2026\/03\/1773609560_307_Photos-de-la-procession-de-mi-jeune-de-WeHeLo-galerie-de.jpg\" width=\"159\" height=\"159\" alt=\"\"><\/figure>\n<figure class=\"column small-6 medium-3 end\"><img loading=\"lazy\" decoding=\"async\" src=\"https:\/\/vieassociative.be\/actualites\/wp-content\/uploads\/2026\/03\/1773609560_630_Photos-de-la-procession-de-mi-jeune-de-WeHeLo-galerie-de.jpg\" width=\"159\" height=\"159\" alt=\"\"><\/figure>\n<figure class=\"column small-6 medium-3 end\"><img loading=\"lazy\" decoding=\"async\" src=\"https:\/\/vieassociative.be\/actualites\/wp-content\/uploads\/2026\/03\/1773609560_878_Photos-de-la-procession-de-mi-jeune-de-WeHeLo-galerie-de.jpg\" width=\"159\" height=\"159\" alt=\"\"><\/figure>\n<figure class=\"column small-6 medium-3 end\"><img loading=\"lazy\" decoding=\"async\" src=\"https:\/\/vieassociative.be\/actualites\/wp-content\/uploads\/2026\/03\/1773609560_907_Photos-de-la-procession-de-mi-jeune-de-WeHeLo-galerie-de.jpg\" width=\"159\" height=\"159\" alt=\"\"><\/figure>\n<\/div>\n","protected":false},"excerpt":{"rendered":"<p>Il se passait vraiment quelque chose ce dimanche \u00e0 Welkenraedt, Herbesthal et Lontzen. Le d\u00e9fil\u00e9 de je\u00fbne de WeHeLo est le seul d\u00e9fil\u00e9 de carnaval<\/p>\n","protected":false},"author":1,"featured_media":13040,"comment_status":"","ping_status":"","sticky":false,"template":"","format":"standard","meta":{"footnotes":""},"categories":[298],"tags":[3257,10255,283,9185,6105],"class_list":["post-13039","post","type-post","status-publish","format-standard","has-post-thumbnail","hentry","category-belgique","tag-galerie","tag-mijeune","tag-photos","tag-procession","tag-wehelo","generate-columns","tablet-grid-50","mobile-grid-100","grid-parent","grid-33"],"yoast_head":"<!-- This site is optimized with the Yoast SEO plugin v24.0 - https:\/\/yoast.com\/wordpress\/plugins\/seo\/ -->\n<title>Photos de la procession de mi-je\u00fbne de WeHeLo (galerie de photos) | Vie Associative<\/title>\n<meta name=\"robots\" content=\"index, follow, max-snippet:-1, max-image-preview:large, max-video-preview:-1\" \/>\n<link rel=\"canonical\" href=\"https:\/\/vieassociative.be\/actualites\/photos-de-la-procession-de-mi-jeune-de-wehelo-galerie-de-photos\/\" \/>\n<meta property=\"og:locale\" content=\"fr_FR\" \/>\n<meta property=\"og:type\" content=\"article\" \/>\n<meta property=\"og:title\" content=\"Photos de la procession de mi-je\u00fbne de WeHeLo (galerie de photos) | Vie Associative\" \/>\n<meta property=\"og:description\" content=\"Il se passait vraiment quelque chose ce dimanche \u00e0 Welkenraedt, Herbesthal et Lontzen. Le d\u00e9fil\u00e9 de je\u00fbne de WeHeLo est le seul d\u00e9fil\u00e9 de carnaval\" \/>\n<meta property=\"og:url\" content=\"https:\/\/vieassociative.be\/actualites\/photos-de-la-procession-de-mi-jeune-de-wehelo-galerie-de-photos\/\" \/>\n<meta property=\"og:site_name\" content=\"Vie Associative\" \/>\n<meta property=\"article:published_time\" content=\"2026-03-15T21:19:20+00:00\" \/>\n<meta property=\"og:image\" content=\"https:\/\/vieassociative.be\/actualites\/wp-content\/uploads\/2024\/09\/header_backgroundk-01-e1726694325946.png\" \/>\n\t<meta property=\"og:image:width\" content=\"279\" \/>\n\t<meta property=\"og:image:height\" content=\"92\" \/>\n\t<meta property=\"og:image:type\" content=\"image\/png\" \/>\n<meta name=\"author\" content=\"Julien\" \/>\n<meta name=\"twitter:card\" content=\"summary_large_image\" \/>\n<meta name=\"twitter:label1\" content=\"\u00c9crit par\" \/>\n\t<meta name=\"twitter:data1\" content=\"Julien\" \/>\n\t<meta name=\"twitter:label2\" content=\"Dur\u00e9e de lecture est.\" \/>\n\t<meta name=\"twitter:data2\" content=\"2 minutes\" \/>\n<script type=\"application\/ld+json\" class=\"yoast-schema-graph\">{\"@context\":\"https:\/\/schema.org\",\"@graph\":[{\"@type\":\"Article\",\"@id\":\"https:\/\/vieassociative.be\/actualites\/photos-de-la-procession-de-mi-jeune-de-wehelo-galerie-de-photos\/#article\",\"isPartOf\":{\"@id\":\"https:\/\/vieassociative.be\/actualites\/photos-de-la-procession-de-mi-jeune-de-wehelo-galerie-de-photos\/\"},\"author\":{\"name\":\"Julien\",\"@id\":\"https:\/\/vieassociative.be\/actualites\/#\/schema\/person\/b87ac4f82f9d4e7b7cec7395b679edc4\"},\"headline\":\"Photos de la procession de mi-je\u00fbne de WeHeLo (galerie de photos)\",\"datePublished\":\"2026-03-15T21:19:20+00:00\",\"dateModified\":\"2026-03-15T21:19:20+00:00\",\"mainEntityOfPage\":{\"@id\":\"https:\/\/vieassociative.be\/actualites\/photos-de-la-procession-de-mi-jeune-de-wehelo-galerie-de-photos\/\"},\"wordCount\":416,\"publisher\":{\"@id\":\"https:\/\/vieassociative.be\/actualites\/#organization\"},\"image\":{\"@id\":\"https:\/\/vieassociative.be\/actualites\/photos-de-la-procession-de-mi-jeune-de-wehelo-galerie-de-photos\/#primaryimage\"},\"thumbnailUrl\":\"https:\/\/vieassociative.be\/actualites\/wp-content\/uploads\/2026\/03\/1773609581_Photos-de-la-procession-de-mi-jeune-de-WeHeLo-galerie-de.jpg\",\"keywords\":[\"galerie\",\"mije\u00fbne\",\"Photos\",\"procession\",\"Wehelo\"],\"articleSection\":[\"Belgique\"],\"inLanguage\":\"fr-BE\"},{\"@type\":\"WebPage\",\"@id\":\"https:\/\/vieassociative.be\/actualites\/photos-de-la-procession-de-mi-jeune-de-wehelo-galerie-de-photos\/\",\"url\":\"https:\/\/vieassociative.be\/actualites\/photos-de-la-procession-de-mi-jeune-de-wehelo-galerie-de-photos\/\",\"name\":\"Photos de la procession de mi-je\u00fbne de WeHeLo (galerie de photos) | Vie Associative\",\"isPartOf\":{\"@id\":\"https:\/\/vieassociative.be\/actualites\/#website\"},\"primaryImageOfPage\":{\"@id\":\"https:\/\/vieassociative.be\/actualites\/photos-de-la-procession-de-mi-jeune-de-wehelo-galerie-de-photos\/#primaryimage\"},\"image\":{\"@id\":\"https:\/\/vieassociative.be\/actualites\/photos-de-la-procession-de-mi-jeune-de-wehelo-galerie-de-photos\/#primaryimage\"},\"thumbnailUrl\":\"https:\/\/vieassociative.be\/actualites\/wp-content\/uploads\/2026\/03\/1773609581_Photos-de-la-procession-de-mi-jeune-de-WeHeLo-galerie-de.jpg\",\"datePublished\":\"2026-03-15T21:19:20+00:00\",\"dateModified\":\"2026-03-15T21:19:20+00:00\",\"breadcrumb\":{\"@id\":\"https:\/\/vieassociative.be\/actualites\/photos-de-la-procession-de-mi-jeune-de-wehelo-galerie-de-photos\/#breadcrumb\"},\"inLanguage\":\"fr-BE\",\"potentialAction\":[{\"@type\":\"ReadAction\",\"target\":[\"https:\/\/vieassociative.be\/actualites\/photos-de-la-procession-de-mi-jeune-de-wehelo-galerie-de-photos\/\"]}]},{\"@type\":\"ImageObject\",\"inLanguage\":\"fr-BE\",\"@id\":\"https:\/\/vieassociative.be\/actualites\/photos-de-la-procession-de-mi-jeune-de-wehelo-galerie-de-photos\/#primaryimage\",\"url\":\"https:\/\/vieassociative.be\/actualites\/wp-content\/uploads\/2026\/03\/1773609581_Photos-de-la-procession-de-mi-jeune-de-WeHeLo-galerie-de.jpg\",\"contentUrl\":\"https:\/\/vieassociative.be\/actualites\/wp-content\/uploads\/2026\/03\/1773609581_Photos-de-la-procession-de-mi-jeune-de-WeHeLo-galerie-de.jpg\",\"width\":1200,\"height\":800,\"caption\":\"Photos de la procession de mi-je\u00fbne de WeHeLo (galerie de photos)\"},{\"@type\":\"BreadcrumbList\",\"@id\":\"https:\/\/vieassociative.be\/actualites\/photos-de-la-procession-de-mi-jeune-de-wehelo-galerie-de-photos\/#breadcrumb\",\"itemListElement\":[{\"@type\":\"ListItem\",\"position\":1,\"name\":\"Accueil\",\"item\":\"https:\/\/vieassociative.be\/actualites\/\"},{\"@type\":\"ListItem\",\"position\":2,\"name\":\"Photos de la procession de mi-je\u00fbne de WeHeLo (galerie de photos)\"}]},{\"@type\":\"WebSite\",\"@id\":\"https:\/\/vieassociative.be\/actualites\/#website\",\"url\":\"https:\/\/vieassociative.be\/actualites\/\",\"name\":\"Vie Associative\",\"description\":\"\",\"publisher\":{\"@id\":\"https:\/\/vieassociative.be\/actualites\/#organization\"},\"potentialAction\":[{\"@type\":\"SearchAction\",\"target\":{\"@type\":\"EntryPoint\",\"urlTemplate\":\"https:\/\/vieassociative.be\/actualites\/?s={search_term_string}\"},\"query-input\":{\"@type\":\"PropertyValueSpecification\",\"valueRequired\":true,\"valueName\":\"search_term_string\"}}],\"inLanguage\":\"fr-BE\"},{\"@type\":\"Organization\",\"@id\":\"https:\/\/vieassociative.be\/actualites\/#organization\",\"name\":\"Vie Associative\",\"url\":\"https:\/\/vieassociative.be\/actualites\/\",\"logo\":{\"@type\":\"ImageObject\",\"inLanguage\":\"fr-BE\",\"@id\":\"https:\/\/vieassociative.be\/actualites\/#\/schema\/logo\/image\/\",\"url\":\"https:\/\/vieassociative.be\/actualites\/wp-content\/uploads\/2024\/09\/cropped-vieassociative_favicon.ico.png\",\"contentUrl\":\"https:\/\/vieassociative.be\/actualites\/wp-content\/uploads\/2024\/09\/cropped-vieassociative_favicon.ico.png\",\"width\":512,\"height\":512,\"caption\":\"Vie Associative\"},\"image\":{\"@id\":\"https:\/\/vieassociative.be\/actualites\/#\/schema\/logo\/image\/\"}},{\"@type\":\"Person\",\"@id\":\"https:\/\/vieassociative.be\/actualites\/#\/schema\/person\/b87ac4f82f9d4e7b7cec7395b679edc4\",\"name\":\"Julien\",\"image\":{\"@type\":\"ImageObject\",\"inLanguage\":\"fr-BE\",\"@id\":\"https:\/\/vieassociative.be\/actualites\/#\/schema\/person\/image\/\",\"url\":\"https:\/\/vieassociative.be\/actualites\/wp-content\/uploads\/2024\/09\/vie-associative-1-150x150.jpg\",\"contentUrl\":\"https:\/\/vieassociative.be\/actualites\/wp-content\/uploads\/2024\/09\/vie-associative-1-150x150.jpg\",\"caption\":\"Julien\"},\"description\":\"Je suis Julien, r\u00e9dacteur pour Vie Associative. Passionn\u00e9 par le monde associatif depuis plus de 10 ans, j'ai \u00e0 c\u0153ur de partager des histoires inspirantes et de mettre en lumi\u00e8re les initiatives locales. Mon objectif est de sensibiliser et d'encourager l'engagement communautaire \u00e0 travers mes articles.\",\"sameAs\":[\"https:\/\/vieassociative.be\/\"]}]}<\/script>\n<!-- \/ Yoast SEO plugin. -->","yoast_head_json":{"title":"Photos de la procession de mi-je\u00fbne de WeHeLo (galerie de photos) | Vie Associative","robots":{"index":"index","follow":"follow","max-snippet":"max-snippet:-1","max-image-preview":"max-image-preview:large","max-video-preview":"max-video-preview:-1"},"canonical":"https:\/\/vieassociative.be\/actualites\/photos-de-la-procession-de-mi-jeune-de-wehelo-galerie-de-photos\/","og_locale":"fr_FR","og_type":"article","og_title":"Photos de la procession de mi-je\u00fbne de WeHeLo (galerie de photos) | Vie Associative","og_description":"Il se passait vraiment quelque chose ce dimanche \u00e0 Welkenraedt, Herbesthal et Lontzen. Le d\u00e9fil\u00e9 de je\u00fbne de WeHeLo est le seul d\u00e9fil\u00e9 de carnaval","og_url":"https:\/\/vieassociative.be\/actualites\/photos-de-la-procession-de-mi-jeune-de-wehelo-galerie-de-photos\/","og_site_name":"Vie Associative","article_published_time":"2026-03-15T21:19:20+00:00","og_image":[{"width":279,"height":92,"url":"https:\/\/vieassociative.be\/actualites\/wp-content\/uploads\/2024\/09\/header_backgroundk-01-e1726694325946.png","type":"image\/png"}],"author":"Julien","twitter_card":"summary_large_image","twitter_misc":{"\u00c9crit par":"Julien","Dur\u00e9e de lecture est.":"2 minutes"},"schema":{"@context":"https:\/\/schema.org","@graph":[{"@type":"Article","@id":"https:\/\/vieassociative.be\/actualites\/photos-de-la-procession-de-mi-jeune-de-wehelo-galerie-de-photos\/#article","isPartOf":{"@id":"https:\/\/vieassociative.be\/actualites\/photos-de-la-procession-de-mi-jeune-de-wehelo-galerie-de-photos\/"},"author":{"name":"Julien","@id":"https:\/\/vieassociative.be\/actualites\/#\/schema\/person\/b87ac4f82f9d4e7b7cec7395b679edc4"},"headline":"Photos de la procession de mi-je\u00fbne de WeHeLo (galerie de photos)","datePublished":"2026-03-15T21:19:20+00:00","dateModified":"2026-03-15T21:19:20+00:00","mainEntityOfPage":{"@id":"https:\/\/vieassociative.be\/actualites\/photos-de-la-procession-de-mi-jeune-de-wehelo-galerie-de-photos\/"},"wordCount":416,"publisher":{"@id":"https:\/\/vieassociative.be\/actualites\/#organization"},"image":{"@id":"https:\/\/vieassociative.be\/actualites\/photos-de-la-procession-de-mi-jeune-de-wehelo-galerie-de-photos\/#primaryimage"},"thumbnailUrl":"https:\/\/vieassociative.be\/actualites\/wp-content\/uploads\/2026\/03\/1773609581_Photos-de-la-procession-de-mi-jeune-de-WeHeLo-galerie-de.jpg","keywords":["galerie","mije\u00fbne","Photos","procession","Wehelo"],"articleSection":["Belgique"],"inLanguage":"fr-BE"},{"@type":"WebPage","@id":"https:\/\/vieassociative.be\/actualites\/photos-de-la-procession-de-mi-jeune-de-wehelo-galerie-de-photos\/","url":"https:\/\/vieassociative.be\/actualites\/photos-de-la-procession-de-mi-jeune-de-wehelo-galerie-de-photos\/","name":"Photos de la procession de mi-je\u00fbne de WeHeLo (galerie de photos) | Vie Associative","isPartOf":{"@id":"https:\/\/vieassociative.be\/actualites\/#website"},"primaryImageOfPage":{"@id":"https:\/\/vieassociative.be\/actualites\/photos-de-la-procession-de-mi-jeune-de-wehelo-galerie-de-photos\/#primaryimage"},"image":{"@id":"https:\/\/vieassociative.be\/actualites\/photos-de-la-procession-de-mi-jeune-de-wehelo-galerie-de-photos\/#primaryimage"},"thumbnailUrl":"https:\/\/vieassociative.be\/actualites\/wp-content\/uploads\/2026\/03\/1773609581_Photos-de-la-procession-de-mi-jeune-de-WeHeLo-galerie-de.jpg","datePublished":"2026-03-15T21:19:20+00:00","dateModified":"2026-03-15T21:19:20+00:00","breadcrumb":{"@id":"https:\/\/vieassociative.be\/actualites\/photos-de-la-procession-de-mi-jeune-de-wehelo-galerie-de-photos\/#breadcrumb"},"inLanguage":"fr-BE","potentialAction":[{"@type":"ReadAction","target":["https:\/\/vieassociative.be\/actualites\/photos-de-la-procession-de-mi-jeune-de-wehelo-galerie-de-photos\/"]}]},{"@type":"ImageObject","inLanguage":"fr-BE","@id":"https:\/\/vieassociative.be\/actualites\/photos-de-la-procession-de-mi-jeune-de-wehelo-galerie-de-photos\/#primaryimage","url":"https:\/\/vieassociative.be\/actualites\/wp-content\/uploads\/2026\/03\/1773609581_Photos-de-la-procession-de-mi-jeune-de-WeHeLo-galerie-de.jpg","contentUrl":"https:\/\/vieassociative.be\/actualites\/wp-content\/uploads\/2026\/03\/1773609581_Photos-de-la-procession-de-mi-jeune-de-WeHeLo-galerie-de.jpg","width":1200,"height":800,"caption":"Photos de la procession de mi-je\u00fbne de WeHeLo (galerie de photos)"},{"@type":"BreadcrumbList","@id":"https:\/\/vieassociative.be\/actualites\/photos-de-la-procession-de-mi-jeune-de-wehelo-galerie-de-photos\/#breadcrumb","itemListElement":[{"@type":"ListItem","position":1,"name":"Accueil","item":"https:\/\/vieassociative.be\/actualites\/"},{"@type":"ListItem","position":2,"name":"Photos de la procession de mi-je\u00fbne de WeHeLo (galerie de photos)"}]},{"@type":"WebSite","@id":"https:\/\/vieassociative.be\/actualites\/#website","url":"https:\/\/vieassociative.be\/actualites\/","name":"Vie Associative","description":"","publisher":{"@id":"https:\/\/vieassociative.be\/actualites\/#organization"},"potentialAction":[{"@type":"SearchAction","target":{"@type":"EntryPoint","urlTemplate":"https:\/\/vieassociative.be\/actualites\/?s={search_term_string}"},"query-input":{"@type":"PropertyValueSpecification","valueRequired":true,"valueName":"search_term_string"}}],"inLanguage":"fr-BE"},{"@type":"Organization","@id":"https:\/\/vieassociative.be\/actualites\/#organization","name":"Vie Associative","url":"https:\/\/vieassociative.be\/actualites\/","logo":{"@type":"ImageObject","inLanguage":"fr-BE","@id":"https:\/\/vieassociative.be\/actualites\/#\/schema\/logo\/image\/","url":"https:\/\/vieassociative.be\/actualites\/wp-content\/uploads\/2024\/09\/cropped-vieassociative_favicon.ico.png","contentUrl":"https:\/\/vieassociative.be\/actualites\/wp-content\/uploads\/2024\/09\/cropped-vieassociative_favicon.ico.png","width":512,"height":512,"caption":"Vie Associative"},"image":{"@id":"https:\/\/vieassociative.be\/actualites\/#\/schema\/logo\/image\/"}},{"@type":"Person","@id":"https:\/\/vieassociative.be\/actualites\/#\/schema\/person\/b87ac4f82f9d4e7b7cec7395b679edc4","name":"Julien","image":{"@type":"ImageObject","inLanguage":"fr-BE","@id":"https:\/\/vieassociative.be\/actualites\/#\/schema\/person\/image\/","url":"https:\/\/vieassociative.be\/actualites\/wp-content\/uploads\/2024\/09\/vie-associative-1-150x150.jpg","contentUrl":"https:\/\/vieassociative.be\/actualites\/wp-content\/uploads\/2024\/09\/vie-associative-1-150x150.jpg","caption":"Julien"},"description":"Je suis Julien, r\u00e9dacteur pour Vie Associative. Passionn\u00e9 par le monde associatif depuis plus de 10 ans, j'ai \u00e0 c\u0153ur de partager des histoires inspirantes et de mettre en lumi\u00e8re les initiatives locales. Mon objectif est de sensibiliser et d'encourager l'engagement communautaire \u00e0 travers mes articles.","sameAs":["https:\/\/vieassociative.be\/"]}]}},"_links":{"self":[{"href":"https:\/\/vieassociative.be\/actualites\/wp-json\/wp\/v2\/posts\/13039"}],"collection":[{"href":"https:\/\/vieassociative.be\/actualites\/wp-json\/wp\/v2\/posts"}],"about":[{"href":"https:\/\/vieassociative.be\/actualites\/wp-json\/wp\/v2\/types\/post"}],"author":[{"embeddable":true,"href":"https:\/\/vieassociative.be\/actualites\/wp-json\/wp\/v2\/users\/1"}],"replies":[{"embeddable":true,"href":"https:\/\/vieassociative.be\/actualites\/wp-json\/wp\/v2\/comments?post=13039"}],"version-history":[{"count":0,"href":"https:\/\/vieassociative.be\/actualites\/wp-json\/wp\/v2\/posts\/13039\/revisions"}],"wp:featuredmedia":[{"embeddable":true,"href":"https:\/\/vieassociative.be\/actualites\/wp-json\/wp\/v2\/media\/13040"}],"wp:attachment":[{"href":"https:\/\/vieassociative.be\/actualites\/wp-json\/wp\/v2\/media?parent=13039"}],"wp:term":[{"taxonomy":"category","embeddable":true,"href":"https:\/\/vieassociative.be\/actualites\/wp-json\/wp\/v2\/categories?post=13039"},{"taxonomy":"post_tag","embeddable":true,"href":"https:\/\/vieassociative.be\/actualites\/wp-json\/wp\/v2\/tags?post=13039"}],"curies":[{"name":"wp","href":"https:\/\/api.w.org\/{rel}","templated":true}]}}