{"id":13037,"date":"2026-03-15T21:17:21","date_gmt":"2026-03-15T20:17:21","guid":{"rendered":"https:\/\/vieassociative.be\/actualites\/pourquoi-le-macbook-neo-pourrait-ne-pas-remplacer-un-ordinateur-portable-windows\/"},"modified":"2026-03-15T21:17:21","modified_gmt":"2026-03-15T20:17:21","slug":"pourquoi-le-macbook-neo-pourrait-ne-pas-remplacer-un-ordinateur-portable-windows","status":"publish","type":"post","link":"https:\/\/vieassociative.be\/actualites\/pourquoi-le-macbook-neo-pourrait-ne-pas-remplacer-un-ordinateur-portable-windows\/","title":{"rendered":"Pourquoi le MacBook Neo pourrait ne pas remplacer un ordinateur portable Windows"},"content":{"rendered":"<p>Nous pouvons gagner une commission sur les liens sur cette page.<\/p>\n<p>Le MacBook Neo semble \u00eatre tout ce dont tout le monde de la technologie peut parler cette semaine. Apple a en quelque sorte cr\u00e9\u00e9 un MacBook qui fait \u00e0 peu pr\u00e8s tout ce que vous voulez qu&rsquo;un MacBook fasse, le tout pour 599 $ (499 $ avec une r\u00e9duction pour l&rsquo;\u00e9ducation). Ce niveau de prix fait que l&rsquo;ordinateur le moins cher d&rsquo;Apple, le MacBook Air, semble \u00e0 la limite d\u00e9raisonnable pour 1 099 $. <\/p>\n<div class=\"pogoClear mb-12 mt-10 rounded-md border-2 border-gray-100 py-7 shadow-xl md:py-6\">\n<div class=\"flex flex-wrap justify-between px-7 text-black no-underline md:flex-nowrap md:px-8\">\n<div class=\"order-1 mx-auto flex flex-col justify-center md:order-2 md:ml-4 md:w-full md:grow\">\n<div class=\"block cursor-pointer text-center font-akshar text-2xl font-medium leading-7 text-brand-green duration-200 ease-in-out hover:text-brand-green-700 md:text-left md:text-xl md:leading-6\">MacBook N\u00e9o\n                <\/div>\n<div class=\"mt-4 hidden md:flex md:justify-between\">\n<div class=\"self-end\">\n<div class=\"mb-0 h-11 md:flex md:flex-col md:justify-center\">\n<div class=\" font-sans leading-4 text-black\">\n<div class=\"flex flex-wrap items-center justify-center gap-1 md:justify-start\">\n        <span class=\"font-bold\"><\/p>\n<p>            599,00\u00a0$<br \/>\n                            <span class=\"font-medium\">chez Amazon<\/span><br \/>\n                    <\/span>\n            <\/div>\n<\/p><\/div>\n<\/p><\/div>\n<\/p><\/div>\n<div class=\"w-44 self-end\">\n                            <button class=\"flex justify-center items-center w-full bg-brand-green text-white text-base font-sans font-medium rounded-md hover:bg-brand-green-700 hover:cursor-pointer md:text-sm h-11\"><\/p>\n<p>    Achetez maintenant<br \/>\n<\/button>\n                        <\/div>\n<\/p><\/div>\n<\/p><\/div>\n<div class=\"order-2 mt-5 h-auto w-full md:order-1 md:mt-0 md:hidden\">\n<div class=\"flex aspect-video items-center justify-center\">\n                                            <img decoding=\"async\" class=\"m-0 max-h-full max-w-full rounded-md\" src=\"https:\/\/vieassociative.be\/actualites\/wp-content\/uploads\/2026\/03\/Pourquoi-le-MacBook-Neo-pourrait-ne-pas-remplacer-un-ordinateur.jpg\" alt=\"Ordinateur portable Apple 2026 MacBook Neo 13 pouces avec puce A18 Pro : con\u00e7u pour l'IA et l'intelligence Apple, \u00e9cran Liquid Retina, m\u00e9moire unifi\u00e9e de 8 Go, stockage SSD de 256 Go, cam\u00e9ra FaceTime HD 1080p ; Rougir\" width=\"auto\" height=\"auto\" loading=\"lazy\">\n                                    <\/div>\n<\/p><\/div>\n<div class=\"order-2 ml-2 hidden w-32 shrink-0 items-center md:order-1 md:ml-0 md:flex\">\n<div class=\"flex aspect-video items-center justify-center\">\n                                            <img decoding=\"async\" class=\"m-0 max-h-full max-w-full rounded-md\" src=\"https:\/\/vieassociative.be\/actualites\/wp-content\/uploads\/2026\/03\/Pourquoi-le-MacBook-Neo-pourrait-ne-pas-remplacer-un-ordinateur.jpg\" alt=\"Ordinateur portable Apple 2026 MacBook Neo 13 pouces avec puce A18 Pro : con\u00e7u pour l'IA et l'intelligence Apple, \u00e9cran Liquid Retina, m\u00e9moire unifi\u00e9e de 8 Go, stockage SSD de 256 Go, cam\u00e9ra FaceTime HD 1080p ; Rougir\" width=\"auto\" height=\"auto\" loading=\"lazy\">\n                                    <\/div>\n<\/p><\/div>\n<div class=\"order-3 flex grow flex-wrap md:hidden md:grow-0\">\n<div class=\"mt-4 w-full\">\n                        <button class=\"flex justify-center items-center w-full bg-brand-green text-white text-base font-sans font-medium rounded-md hover:bg-brand-green-700 hover:cursor-pointer md:text-sm h-11\"><\/p>\n<p>    Achetez maintenant<br \/>\n<\/button>\n                    <\/div>\n<div class=\"mx-2 mt-4 w-full\">\n<div class=\" font-sans leading-4 text-black\">\n<div class=\"flex flex-wrap items-center justify-center gap-1 md:justify-start\">\n        <span class=\"font-bold\"><\/p>\n<p>            599,00\u00a0$<br \/>\n                            <span class=\"font-medium\">chez Amazon<\/span><br \/>\n                    <\/span>\n            <\/div>\n<\/p><\/div>\n<\/p><\/div>\n<\/p><\/div>\n<\/p><\/div>\n<\/div>\n<p>Une partie de ce qui alimente ce battage m\u00e9diatique ici est \u00e0 quel point le MacBook Neo pourrait perturber les march\u00e9s des ordinateurs portables \u00e9conomiques et de milieu de gamme. Pourquoi d\u00e9penser 200 $ ou 300 $ sur un Chromebook alors que pour un peu plus, vous pourriez vivre une exp\u00e9rience macOS presque compl\u00e8te ? Dans le m\u00eame ordre d&rsquo;id\u00e9es, si vous \u00eates d\u00e9courag\u00e9 par l&rsquo;insistance de Windows sur les fonctionnalit\u00e9s d&rsquo;IA inutiles et les publicit\u00e9s agressives, mais que vous \u00e9vitez les Mac en raison de leur prix \u00e9lev\u00e9, le Neo pourrait vous d\u00e9tourner du PC. En fait, une grande partie de la discussion autour du Neo porte sur la mani\u00e8re dont il pourrait enfin devenir le remplacement des ordinateurs portables Windows de milieu de gamme que le march\u00e9 recherchait.  <\/p>\n<p>Mais un MacBook \u00e0 499 $ n&rsquo;est pas sans compromis. Le Neo pr\u00e9sente certaines limitations auxquelles vous n&rsquo;\u00eates peut-\u00eatre pas habitu\u00e9 sur les Mac habituels d&rsquo;Apple ou sur votre PC Windows : il n&rsquo;y a que 8 Go de RAM, m\u00eame si vous payez pour le mod\u00e8le avec 512 Go de stockage ; le clavier n&rsquo;a pas de r\u00e9tro\u00e9clairage ; et les ports USB-C sont plus anciens, ce qui signifie que vous ne pouvez pas charger aussi vite que d&rsquo;autres appareils, ni transf\u00e9rer des donn\u00e9es aussi rapidement. <\/p>\n<p>Mais si vous venez d&rsquo;une machine Windows et que vous \u00eates habitu\u00e9 \u00e0 une certaine fa\u00e7on de faire les choses, vous vous demandez peut-\u00eatre : le MacBook Neo peut-il ex\u00e9cuter Windows ? Il semble que la r\u00e9ponse soit oui, mais vous ne devriez probablement pas l&rsquo;acheter pour cela. <\/p>\n<h2 id=\"the-macbook-neo-isnt-the-perfect-windows-replacement\">Le MacBook Neo n&rsquo;est pas le remplacement parfait de Windows<\/h2>\n<p>Tout d\u2019abord : le MacBook Neo ne peut pas ex\u00e9cuter Windows de mani\u00e8re native. Ces jours sont derri\u00e8re nous depuis longtemps, une fois qu&rsquo;Apple est pass\u00e9 des puces Intel \u00e0 son propre silicium Apple bas\u00e9 sur ARM. Les Mac Intel disposent de \u00ab Boot Camp \u00bb, qui permet d&rsquo;installer Windows directement sur une partition de la machine. Avec les Mac Apple Silicon, vous devez utiliser un programme tiers pour ex\u00e9cuter Windows sur une machine virtuelle. <\/p>\n<p>L&rsquo;un de ces programmes est Parallels, une option depuis longtemps pour les utilisateurs de Mac souhaitant ex\u00e9cuter Windows tout en ayant toujours un acc\u00e8s facile \u00e0 macOS. En l&rsquo;occurrence, Parallels a confirm\u00e9 que le MacBook Neo est compatible avec son application, ce qui signifie que la puce A18 Pro de l&rsquo;ordinateur peut g\u00e9rer l&rsquo;ex\u00e9cution de Windows dans une machine virtuelle. Probl\u00e8me r\u00e9solu, non ?<\/p>\n<p>Malheureusement non. Bien que Windows fonctionne dans Parallels sur MacBook Neo, ce n&rsquo;est peut-\u00eatre pas une exp\u00e9rience id\u00e9ale pour de nombreux utilisateurs de PC. Cela vient directement de Parallels lui-m\u00eame, qui a comment\u00e9 : \u00ab\u00a0Pour une utilisation l\u00e9g\u00e8re et occasionnelle de Windows, comme un outil professionnel existant ou un utilitaire Windows uniquement, le MacBook Neo peut offrir une exp\u00e9rience acceptable. Pour les applications Windows gourmandes en CPU ou en GPU, cet ordinateur n&rsquo;est pas le bon choix.\u00a0\u00bb<\/p>\n<p>Une partie du probl\u00e8me r\u00e9side dans le fait que la machine virtuelle ex\u00e9cutant Windows 11 n\u00e9cessite au moins 4 Go de RAM. Le MacBook Neo est verrouill\u00e9 \u00e0 8 Go, ce qui ne laisse pas beaucoup de place \u00e0 macOS. Parallels s&rsquo;ex\u00e9cute simultan\u00e9ment avec macOS, puisqu&rsquo;il ex\u00e9cute Windows 11 dans sa propre fen\u00eatre. C&rsquo;est comme si Windows 11 \u00e9tait une application sur votre Mac, aux c\u00f4t\u00e9s de Safari, Messages ou Mail. Une fois que vous commencez \u00e0 trop courir d\u2019un coup, vous pourriez facilement \u00e9touffer votre machine. <\/p>\n<h2 id=\"if-you-need-to-run-windows-consider-these-cheap-laptops\">Si vous devez ex\u00e9cuter Windows, pensez \u00e0 ces ordinateurs portables bon march\u00e9<\/h2>\n<p>Si vous ne vous souciez pas vraiment de la prise en charge de Windows et que vous recherchez simplement un ordinateur portable performant \u00e0 un prix de 500 $ ou 600 $, le MacBook Neo pourrait certainement remplacer une machine Windows comparable. Il ex\u00e9cutera \u00e9galement des applications Microsoft prenant en charge Mac, telles que Word, PowerPoint et Teams. Mais je ne le recommanderais pas aux utilisateurs recherchant quelque chose qui <em>court <\/em>Windows et les programmes Windows uniquement auxquels ils sont habitu\u00e9s. Si cela vous ressemble, vous voudrez peut-\u00eatre vous tourner vers les ordinateurs portables Windows \u00e9conomiques et de milieu de gamme, comme l&rsquo;Acer Aspire 3 ou l&rsquo;Acer Aspire 16.<\/p>\n<p>Si vous souhaitez toujours acc\u00e9der \u00e0 Windows et \u00e0 macOS, envisagez un autre MacBook. \u00c0 ce prix Neo, vous pouvez trouver un MacBook Air M1 avec 16 Go de RAM. Le Neo surpasse en fait le M1 \u00e0 certains \u00e9gards, mais cette RAM suppl\u00e9mentaire vous aidera \u00e0 mieux ex\u00e9cuter Windows dans Parallels.  <\/p>\n","protected":false},"excerpt":{"rendered":"<p>Nous pouvons gagner une commission sur les liens sur cette page. Le MacBook Neo semble \u00eatre tout ce dont tout le monde de la technologie<\/p>\n","protected":false},"author":1,"featured_media":13038,"comment_status":"","ping_status":"","sticky":false,"template":"","format":"standard","meta":{"footnotes":""},"categories":[10230],"tags":[686,10155,169,126,170,734,1041,1452,171],"class_list":["post-13037","post","type-post","status-publish","format-standard","has-post-thumbnail","hentry","category-apple","tag-macbook","tag-neo","tag-ordinateur","tag-pas","tag-portable","tag-pourquoi","tag-pourrait","tag-remplacer","tag-windows","generate-columns","tablet-grid-50","mobile-grid-100","grid-parent","grid-33"],"yoast_head":"<!-- This site is optimized with the Yoast SEO plugin v24.0 - https:\/\/yoast.com\/wordpress\/plugins\/seo\/ -->\n<title>Pourquoi le MacBook Neo pourrait ne pas remplacer un ordinateur portable Windows | Vie Associative<\/title>\n<meta name=\"robots\" content=\"index, follow, max-snippet:-1, max-image-preview:large, max-video-preview:-1\" \/>\n<link rel=\"canonical\" href=\"https:\/\/vieassociative.be\/actualites\/pourquoi-le-macbook-neo-pourrait-ne-pas-remplacer-un-ordinateur-portable-windows\/\" \/>\n<meta property=\"og:locale\" content=\"fr_FR\" \/>\n<meta property=\"og:type\" content=\"article\" \/>\n<meta property=\"og:title\" content=\"Pourquoi le MacBook Neo pourrait ne pas remplacer un ordinateur portable Windows | Vie Associative\" \/>\n<meta property=\"og:description\" content=\"Nous pouvons gagner une commission sur les liens sur cette page. Le MacBook Neo semble \u00eatre tout ce dont tout le monde de la technologie\" \/>\n<meta property=\"og:url\" content=\"https:\/\/vieassociative.be\/actualites\/pourquoi-le-macbook-neo-pourrait-ne-pas-remplacer-un-ordinateur-portable-windows\/\" \/>\n<meta property=\"og:site_name\" content=\"Vie Associative\" \/>\n<meta property=\"article:published_time\" content=\"2026-03-15T20:17:21+00:00\" \/>\n<meta property=\"og:image\" content=\"https:\/\/vieassociative.be\/actualites\/wp-content\/uploads\/2026\/03\/Pourquoi-le-MacBook-Neo-pourrait-ne-pas-remplacer-un-ordinateur.jpg\" \/>\n<meta name=\"author\" content=\"Julien\" \/>\n<meta name=\"twitter:card\" content=\"summary_large_image\" \/>\n<meta name=\"twitter:label1\" content=\"\u00c9crit par\" \/>\n\t<meta name=\"twitter:data1\" content=\"Julien\" \/>\n\t<meta name=\"twitter:label2\" content=\"Dur\u00e9e de lecture est.\" \/>\n\t<meta name=\"twitter:data2\" content=\"4 minutes\" \/>\n<script type=\"application\/ld+json\" class=\"yoast-schema-graph\">{\"@context\":\"https:\/\/schema.org\",\"@graph\":[{\"@type\":\"Article\",\"@id\":\"https:\/\/vieassociative.be\/actualites\/pourquoi-le-macbook-neo-pourrait-ne-pas-remplacer-un-ordinateur-portable-windows\/#article\",\"isPartOf\":{\"@id\":\"https:\/\/vieassociative.be\/actualites\/pourquoi-le-macbook-neo-pourrait-ne-pas-remplacer-un-ordinateur-portable-windows\/\"},\"author\":{\"name\":\"Julien\",\"@id\":\"https:\/\/vieassociative.be\/actualites\/#\/schema\/person\/b87ac4f82f9d4e7b7cec7395b679edc4\"},\"headline\":\"Pourquoi le MacBook Neo pourrait ne pas remplacer un ordinateur portable Windows\",\"datePublished\":\"2026-03-15T20:17:21+00:00\",\"dateModified\":\"2026-03-15T20:17:21+00:00\",\"mainEntityOfPage\":{\"@id\":\"https:\/\/vieassociative.be\/actualites\/pourquoi-le-macbook-neo-pourrait-ne-pas-remplacer-un-ordinateur-portable-windows\/\"},\"wordCount\":896,\"publisher\":{\"@id\":\"https:\/\/vieassociative.be\/actualites\/#organization\"},\"image\":{\"@id\":\"https:\/\/vieassociative.be\/actualites\/pourquoi-le-macbook-neo-pourrait-ne-pas-remplacer-un-ordinateur-portable-windows\/#primaryimage\"},\"thumbnailUrl\":\"https:\/\/vieassociative.be\/actualites\/wp-content\/uploads\/2026\/03\/1773605843_Pourquoi-le-MacBook-Neo-pourrait-ne-pas-remplacer-un-ordinateur.jpg\",\"keywords\":[\"MacBook\",\"Neo\",\"ordinateur\",\"pas\",\"portable\",\"Pourquoi\",\"pourrait\",\"remplacer\",\"Windows\"],\"articleSection\":[\"Apple\"],\"inLanguage\":\"fr-BE\"},{\"@type\":\"WebPage\",\"@id\":\"https:\/\/vieassociative.be\/actualites\/pourquoi-le-macbook-neo-pourrait-ne-pas-remplacer-un-ordinateur-portable-windows\/\",\"url\":\"https:\/\/vieassociative.be\/actualites\/pourquoi-le-macbook-neo-pourrait-ne-pas-remplacer-un-ordinateur-portable-windows\/\",\"name\":\"Pourquoi le MacBook Neo pourrait ne pas remplacer un ordinateur portable Windows | Vie Associative\",\"isPartOf\":{\"@id\":\"https:\/\/vieassociative.be\/actualites\/#website\"},\"primaryImageOfPage\":{\"@id\":\"https:\/\/vieassociative.be\/actualites\/pourquoi-le-macbook-neo-pourrait-ne-pas-remplacer-un-ordinateur-portable-windows\/#primaryimage\"},\"image\":{\"@id\":\"https:\/\/vieassociative.be\/actualites\/pourquoi-le-macbook-neo-pourrait-ne-pas-remplacer-un-ordinateur-portable-windows\/#primaryimage\"},\"thumbnailUrl\":\"https:\/\/vieassociative.be\/actualites\/wp-content\/uploads\/2026\/03\/1773605843_Pourquoi-le-MacBook-Neo-pourrait-ne-pas-remplacer-un-ordinateur.jpg\",\"datePublished\":\"2026-03-15T20:17:21+00:00\",\"dateModified\":\"2026-03-15T20:17:21+00:00\",\"breadcrumb\":{\"@id\":\"https:\/\/vieassociative.be\/actualites\/pourquoi-le-macbook-neo-pourrait-ne-pas-remplacer-un-ordinateur-portable-windows\/#breadcrumb\"},\"inLanguage\":\"fr-BE\",\"potentialAction\":[{\"@type\":\"ReadAction\",\"target\":[\"https:\/\/vieassociative.be\/actualites\/pourquoi-le-macbook-neo-pourrait-ne-pas-remplacer-un-ordinateur-portable-windows\/\"]}]},{\"@type\":\"ImageObject\",\"inLanguage\":\"fr-BE\",\"@id\":\"https:\/\/vieassociative.be\/actualites\/pourquoi-le-macbook-neo-pourrait-ne-pas-remplacer-un-ordinateur-portable-windows\/#primaryimage\",\"url\":\"https:\/\/vieassociative.be\/actualites\/wp-content\/uploads\/2026\/03\/1773605843_Pourquoi-le-MacBook-Neo-pourrait-ne-pas-remplacer-un-ordinateur.jpg\",\"contentUrl\":\"https:\/\/vieassociative.be\/actualites\/wp-content\/uploads\/2026\/03\/1773605843_Pourquoi-le-MacBook-Neo-pourrait-ne-pas-remplacer-un-ordinateur.jpg\",\"width\":1200,\"height\":675,\"caption\":\"Pourquoi le MacBook Neo pourrait ne pas remplacer un ordinateur portable Windows\"},{\"@type\":\"BreadcrumbList\",\"@id\":\"https:\/\/vieassociative.be\/actualites\/pourquoi-le-macbook-neo-pourrait-ne-pas-remplacer-un-ordinateur-portable-windows\/#breadcrumb\",\"itemListElement\":[{\"@type\":\"ListItem\",\"position\":1,\"name\":\"Accueil\",\"item\":\"https:\/\/vieassociative.be\/actualites\/\"},{\"@type\":\"ListItem\",\"position\":2,\"name\":\"Pourquoi le MacBook Neo pourrait ne pas remplacer un ordinateur portable Windows\"}]},{\"@type\":\"WebSite\",\"@id\":\"https:\/\/vieassociative.be\/actualites\/#website\",\"url\":\"https:\/\/vieassociative.be\/actualites\/\",\"name\":\"Vie Associative\",\"description\":\"\",\"publisher\":{\"@id\":\"https:\/\/vieassociative.be\/actualites\/#organization\"},\"potentialAction\":[{\"@type\":\"SearchAction\",\"target\":{\"@type\":\"EntryPoint\",\"urlTemplate\":\"https:\/\/vieassociative.be\/actualites\/?s={search_term_string}\"},\"query-input\":{\"@type\":\"PropertyValueSpecification\",\"valueRequired\":true,\"valueName\":\"search_term_string\"}}],\"inLanguage\":\"fr-BE\"},{\"@type\":\"Organization\",\"@id\":\"https:\/\/vieassociative.be\/actualites\/#organization\",\"name\":\"Vie Associative\",\"url\":\"https:\/\/vieassociative.be\/actualites\/\",\"logo\":{\"@type\":\"ImageObject\",\"inLanguage\":\"fr-BE\",\"@id\":\"https:\/\/vieassociative.be\/actualites\/#\/schema\/logo\/image\/\",\"url\":\"https:\/\/vieassociative.be\/actualites\/wp-content\/uploads\/2024\/09\/cropped-vieassociative_favicon.ico.png\",\"contentUrl\":\"https:\/\/vieassociative.be\/actualites\/wp-content\/uploads\/2024\/09\/cropped-vieassociative_favicon.ico.png\",\"width\":512,\"height\":512,\"caption\":\"Vie Associative\"},\"image\":{\"@id\":\"https:\/\/vieassociative.be\/actualites\/#\/schema\/logo\/image\/\"}},{\"@type\":\"Person\",\"@id\":\"https:\/\/vieassociative.be\/actualites\/#\/schema\/person\/b87ac4f82f9d4e7b7cec7395b679edc4\",\"name\":\"Julien\",\"image\":{\"@type\":\"ImageObject\",\"inLanguage\":\"fr-BE\",\"@id\":\"https:\/\/vieassociative.be\/actualites\/#\/schema\/person\/image\/\",\"url\":\"https:\/\/vieassociative.be\/actualites\/wp-content\/uploads\/2024\/09\/vie-associative-1-150x150.jpg\",\"contentUrl\":\"https:\/\/vieassociative.be\/actualites\/wp-content\/uploads\/2024\/09\/vie-associative-1-150x150.jpg\",\"caption\":\"Julien\"},\"description\":\"Je suis Julien, r\u00e9dacteur pour Vie Associative. Passionn\u00e9 par le monde associatif depuis plus de 10 ans, j'ai \u00e0 c\u0153ur de partager des histoires inspirantes et de mettre en lumi\u00e8re les initiatives locales. Mon objectif est de sensibiliser et d'encourager l'engagement communautaire \u00e0 travers mes articles.\",\"sameAs\":[\"https:\/\/vieassociative.be\/\"]}]}<\/script>\n<!-- \/ Yoast SEO plugin. -->","yoast_head_json":{"title":"Pourquoi le MacBook Neo pourrait ne pas remplacer un ordinateur portable Windows | Vie Associative","robots":{"index":"index","follow":"follow","max-snippet":"max-snippet:-1","max-image-preview":"max-image-preview:large","max-video-preview":"max-video-preview:-1"},"canonical":"https:\/\/vieassociative.be\/actualites\/pourquoi-le-macbook-neo-pourrait-ne-pas-remplacer-un-ordinateur-portable-windows\/","og_locale":"fr_FR","og_type":"article","og_title":"Pourquoi le MacBook Neo pourrait ne pas remplacer un ordinateur portable Windows | Vie Associative","og_description":"Nous pouvons gagner une commission sur les liens sur cette page. Le MacBook Neo semble \u00eatre tout ce dont tout le monde de la technologie","og_url":"https:\/\/vieassociative.be\/actualites\/pourquoi-le-macbook-neo-pourrait-ne-pas-remplacer-un-ordinateur-portable-windows\/","og_site_name":"Vie Associative","article_published_time":"2026-03-15T20:17:21+00:00","og_image":[{"url":"https:\/\/vieassociative.be\/actualites\/wp-content\/uploads\/2026\/03\/Pourquoi-le-MacBook-Neo-pourrait-ne-pas-remplacer-un-ordinateur.jpg","type":"","width":"","height":""}],"author":"Julien","twitter_card":"summary_large_image","twitter_misc":{"\u00c9crit par":"Julien","Dur\u00e9e de lecture est.":"4 minutes"},"schema":{"@context":"https:\/\/schema.org","@graph":[{"@type":"Article","@id":"https:\/\/vieassociative.be\/actualites\/pourquoi-le-macbook-neo-pourrait-ne-pas-remplacer-un-ordinateur-portable-windows\/#article","isPartOf":{"@id":"https:\/\/vieassociative.be\/actualites\/pourquoi-le-macbook-neo-pourrait-ne-pas-remplacer-un-ordinateur-portable-windows\/"},"author":{"name":"Julien","@id":"https:\/\/vieassociative.be\/actualites\/#\/schema\/person\/b87ac4f82f9d4e7b7cec7395b679edc4"},"headline":"Pourquoi le MacBook Neo pourrait ne pas remplacer un ordinateur portable Windows","datePublished":"2026-03-15T20:17:21+00:00","dateModified":"2026-03-15T20:17:21+00:00","mainEntityOfPage":{"@id":"https:\/\/vieassociative.be\/actualites\/pourquoi-le-macbook-neo-pourrait-ne-pas-remplacer-un-ordinateur-portable-windows\/"},"wordCount":896,"publisher":{"@id":"https:\/\/vieassociative.be\/actualites\/#organization"},"image":{"@id":"https:\/\/vieassociative.be\/actualites\/pourquoi-le-macbook-neo-pourrait-ne-pas-remplacer-un-ordinateur-portable-windows\/#primaryimage"},"thumbnailUrl":"https:\/\/vieassociative.be\/actualites\/wp-content\/uploads\/2026\/03\/1773605843_Pourquoi-le-MacBook-Neo-pourrait-ne-pas-remplacer-un-ordinateur.jpg","keywords":["MacBook","Neo","ordinateur","pas","portable","Pourquoi","pourrait","remplacer","Windows"],"articleSection":["Apple"],"inLanguage":"fr-BE"},{"@type":"WebPage","@id":"https:\/\/vieassociative.be\/actualites\/pourquoi-le-macbook-neo-pourrait-ne-pas-remplacer-un-ordinateur-portable-windows\/","url":"https:\/\/vieassociative.be\/actualites\/pourquoi-le-macbook-neo-pourrait-ne-pas-remplacer-un-ordinateur-portable-windows\/","name":"Pourquoi le MacBook Neo pourrait ne pas remplacer un ordinateur portable Windows | Vie Associative","isPartOf":{"@id":"https:\/\/vieassociative.be\/actualites\/#website"},"primaryImageOfPage":{"@id":"https:\/\/vieassociative.be\/actualites\/pourquoi-le-macbook-neo-pourrait-ne-pas-remplacer-un-ordinateur-portable-windows\/#primaryimage"},"image":{"@id":"https:\/\/vieassociative.be\/actualites\/pourquoi-le-macbook-neo-pourrait-ne-pas-remplacer-un-ordinateur-portable-windows\/#primaryimage"},"thumbnailUrl":"https:\/\/vieassociative.be\/actualites\/wp-content\/uploads\/2026\/03\/1773605843_Pourquoi-le-MacBook-Neo-pourrait-ne-pas-remplacer-un-ordinateur.jpg","datePublished":"2026-03-15T20:17:21+00:00","dateModified":"2026-03-15T20:17:21+00:00","breadcrumb":{"@id":"https:\/\/vieassociative.be\/actualites\/pourquoi-le-macbook-neo-pourrait-ne-pas-remplacer-un-ordinateur-portable-windows\/#breadcrumb"},"inLanguage":"fr-BE","potentialAction":[{"@type":"ReadAction","target":["https:\/\/vieassociative.be\/actualites\/pourquoi-le-macbook-neo-pourrait-ne-pas-remplacer-un-ordinateur-portable-windows\/"]}]},{"@type":"ImageObject","inLanguage":"fr-BE","@id":"https:\/\/vieassociative.be\/actualites\/pourquoi-le-macbook-neo-pourrait-ne-pas-remplacer-un-ordinateur-portable-windows\/#primaryimage","url":"https:\/\/vieassociative.be\/actualites\/wp-content\/uploads\/2026\/03\/1773605843_Pourquoi-le-MacBook-Neo-pourrait-ne-pas-remplacer-un-ordinateur.jpg","contentUrl":"https:\/\/vieassociative.be\/actualites\/wp-content\/uploads\/2026\/03\/1773605843_Pourquoi-le-MacBook-Neo-pourrait-ne-pas-remplacer-un-ordinateur.jpg","width":1200,"height":675,"caption":"Pourquoi le MacBook Neo pourrait ne pas remplacer un ordinateur portable Windows"},{"@type":"BreadcrumbList","@id":"https:\/\/vieassociative.be\/actualites\/pourquoi-le-macbook-neo-pourrait-ne-pas-remplacer-un-ordinateur-portable-windows\/#breadcrumb","itemListElement":[{"@type":"ListItem","position":1,"name":"Accueil","item":"https:\/\/vieassociative.be\/actualites\/"},{"@type":"ListItem","position":2,"name":"Pourquoi le MacBook Neo pourrait ne pas remplacer un ordinateur portable Windows"}]},{"@type":"WebSite","@id":"https:\/\/vieassociative.be\/actualites\/#website","url":"https:\/\/vieassociative.be\/actualites\/","name":"Vie Associative","description":"","publisher":{"@id":"https:\/\/vieassociative.be\/actualites\/#organization"},"potentialAction":[{"@type":"SearchAction","target":{"@type":"EntryPoint","urlTemplate":"https:\/\/vieassociative.be\/actualites\/?s={search_term_string}"},"query-input":{"@type":"PropertyValueSpecification","valueRequired":true,"valueName":"search_term_string"}}],"inLanguage":"fr-BE"},{"@type":"Organization","@id":"https:\/\/vieassociative.be\/actualites\/#organization","name":"Vie Associative","url":"https:\/\/vieassociative.be\/actualites\/","logo":{"@type":"ImageObject","inLanguage":"fr-BE","@id":"https:\/\/vieassociative.be\/actualites\/#\/schema\/logo\/image\/","url":"https:\/\/vieassociative.be\/actualites\/wp-content\/uploads\/2024\/09\/cropped-vieassociative_favicon.ico.png","contentUrl":"https:\/\/vieassociative.be\/actualites\/wp-content\/uploads\/2024\/09\/cropped-vieassociative_favicon.ico.png","width":512,"height":512,"caption":"Vie Associative"},"image":{"@id":"https:\/\/vieassociative.be\/actualites\/#\/schema\/logo\/image\/"}},{"@type":"Person","@id":"https:\/\/vieassociative.be\/actualites\/#\/schema\/person\/b87ac4f82f9d4e7b7cec7395b679edc4","name":"Julien","image":{"@type":"ImageObject","inLanguage":"fr-BE","@id":"https:\/\/vieassociative.be\/actualites\/#\/schema\/person\/image\/","url":"https:\/\/vieassociative.be\/actualites\/wp-content\/uploads\/2024\/09\/vie-associative-1-150x150.jpg","contentUrl":"https:\/\/vieassociative.be\/actualites\/wp-content\/uploads\/2024\/09\/vie-associative-1-150x150.jpg","caption":"Julien"},"description":"Je suis Julien, r\u00e9dacteur pour Vie Associative. Passionn\u00e9 par le monde associatif depuis plus de 10 ans, j'ai \u00e0 c\u0153ur de partager des histoires inspirantes et de mettre en lumi\u00e8re les initiatives locales. Mon objectif est de sensibiliser et d'encourager l'engagement communautaire \u00e0 travers mes articles.","sameAs":["https:\/\/vieassociative.be\/"]}]}},"_links":{"self":[{"href":"https:\/\/vieassociative.be\/actualites\/wp-json\/wp\/v2\/posts\/13037"}],"collection":[{"href":"https:\/\/vieassociative.be\/actualites\/wp-json\/wp\/v2\/posts"}],"about":[{"href":"https:\/\/vieassociative.be\/actualites\/wp-json\/wp\/v2\/types\/post"}],"author":[{"embeddable":true,"href":"https:\/\/vieassociative.be\/actualites\/wp-json\/wp\/v2\/users\/1"}],"replies":[{"embeddable":true,"href":"https:\/\/vieassociative.be\/actualites\/wp-json\/wp\/v2\/comments?post=13037"}],"version-history":[{"count":0,"href":"https:\/\/vieassociative.be\/actualites\/wp-json\/wp\/v2\/posts\/13037\/revisions"}],"wp:featuredmedia":[{"embeddable":true,"href":"https:\/\/vieassociative.be\/actualites\/wp-json\/wp\/v2\/media\/13038"}],"wp:attachment":[{"href":"https:\/\/vieassociative.be\/actualites\/wp-json\/wp\/v2\/media?parent=13037"}],"wp:term":[{"taxonomy":"category","embeddable":true,"href":"https:\/\/vieassociative.be\/actualites\/wp-json\/wp\/v2\/categories?post=13037"},{"taxonomy":"post_tag","embeddable":true,"href":"https:\/\/vieassociative.be\/actualites\/wp-json\/wp\/v2\/tags?post=13037"}],"curies":[{"name":"wp","href":"https:\/\/api.w.org\/{rel}","templated":true}]}}