{"id":13035,"date":"2026-03-15T16:17:09","date_gmt":"2026-03-15T15:17:09","guid":{"rendered":"https:\/\/vieassociative.be\/actualites\/arimont-les-droits-des-vacanciers-sont-renforces\/"},"modified":"2026-03-15T16:17:09","modified_gmt":"2026-03-15T15:17:09","slug":"arimont-les-droits-des-vacanciers-sont-renforces","status":"publish","type":"post","link":"https:\/\/vieassociative.be\/actualites\/arimont-les-droits-des-vacanciers-sont-renforces\/","title":{"rendered":"Arimont : \u00ab Les droits des vacanciers sont renforc\u00e9s \u00bb"},"content":{"rendered":"<p><strong>Le Parlement europ\u00e9en a adopt\u00e9 des r\u00e8gles visant \u00e0 offrir davantage de protection aux voyageurs \u00e0 forfait en cas d&rsquo;annulation et de remboursement. Une large majorit\u00e9 des d\u00e9put\u00e9s ont vot\u00e9 en faveur d&rsquo;un nouveau r\u00e8glement pr\u00e9alablement n\u00e9goci\u00e9 avec les \u00c9tats membres de l&rsquo;UE. <\/strong><\/p>\n<p><span id=\"more-437535\"><\/span>\u00ab\u00a0Les vacances \u00e0 forfait sont des offres de vacances dans lesquelles plusieurs services de voyage &#8211; tels que les vols et l&rsquo;h\u00e9bergement &#8211; sont combin\u00e9s en un seul forfait. Surtout dans le cas des r\u00e9servations en ligne, il \u00e9tait souvent difficile de savoir quand de telles offres tombaient sous la protection des r\u00e8gles de l&rsquo;UE. Avec la r\u00e9forme, nous cr\u00e9ons plus de clart\u00e9 et renfor\u00e7ons consid\u00e9rablement les droits des voyageurs\u00a0\u00bb, explique le d\u00e9put\u00e9 europ\u00e9en de l&rsquo;Est de la Belgique Pascal Arimont (CSP-PPE), qui a soutenu l&rsquo;accord correspondant entre le Parlement europ\u00e9en et les \u00c9tats membres.<\/p>\n<div id=\"attachment_437538\" class=\"wp-caption alignleft\" style=\"max-width: 300px\"><img fetchpriority=\"high\" decoding=\"async\" class=\"wp-image-437538 size-medium\" src=\"https:\/\/vieassociative.be\/actualites\/wp-content\/uploads\/2026\/03\/Arimont-Les-droits-des-vacanciers-sont-renforces.jpg\" alt=\"\" width=\"300\" height=\"194\"><\/div>\n<p>Un avion survole des tournesols. Photo : Christoph Schmidt\/dpa \u00ab\u00a0Nous introduisons des d\u00e9lais contraignants pour le traitement des plaintes afin que les personnes re\u00e7oivent rapidement une r\u00e9ponse motiv\u00e9e en cas de probl\u00e8me. Dans le m\u00eame temps, nous fixons des r\u00e8gles claires pour les bons : les bons restent volontaires et doivent \u00eatre rembours\u00e9s s&rsquo;ils ne sont pas utilis\u00e9s pendant leur p\u00e9riode de validit\u00e9. De plus, les voyageurs peuvent annuler leur voyage sans frais si des circonstances exceptionnelles affectent de mani\u00e8re significative la r\u00e9alisation du voyage\u00a0\u00bb, r\u00e9sume le d\u00e9put\u00e9 europ\u00e9en de l&rsquo;Est de la Belgique.<\/p>\n<p>La directive r\u00e9vis\u00e9e pr\u00e9cise \u00e9galement dans quels cas une combinaison de services de voyage \u2013 tels que des vols, des transferts, un h\u00e9bergement ou des excursions \u2013 est consid\u00e9r\u00e9e comme un s\u00e9jour \u00e0 forfait. Les r\u00e9servations en ligne sont consid\u00e9r\u00e9es comme un voyage \u00e0 forfait si des processus de r\u00e9servation li\u00e9s permettent la combinaison de prestations de diff\u00e9rents prestataires, si le premier prestataire transmet les donn\u00e9es personnelles du voyageur \u00e0 d&rsquo;autres prestataires et si le contrat est conclu dans les 24 heures.<\/p>\n<p>En outre, la directive contient pour la premi\u00e8re fois des r\u00e8gles d\u00e9taill\u00e9es sur l\u2019utilisation des bons, qui ont \u00e9t\u00e9 largement utilis\u00e9s pendant la pand\u00e9mie de COVID-19. Les consommateurs peuvent refuser les bons et demander un remboursement dans les 14 jours. Les bons peuvent \u00eatre valables pendant une dur\u00e9e maximale de douze mois et les montants non utilis\u00e9s doivent \u00eatre automatiquement rembours\u00e9s apr\u00e8s expiration.<\/p>\n<div id=\"attachment_396867\" class=\"wp-caption alignleft\" style=\"max-width: 300px\"><img decoding=\"async\" class=\"wp-image-396867 size-medium\" src=\"https:\/\/vieassociative.be\/actualites\/wp-content\/uploads\/2026\/03\/1773587829_115_Arimont-Les-droits-des-vacanciers-sont-renforces.jpg\" alt=\"\" width=\"300\" height=\"200\"><\/div>\n<p>D&rsquo;autres innovations concernent un meilleur acc\u00e8s aux proc\u00e9dures de plainte. Les voyagistes et les agences devront \u00e0 l&rsquo;avenir mettre en place un syst\u00e8me de traitement des plaintes accessible. Les plaintes doivent \u00eatre confirm\u00e9es dans les sept jours et r\u00e9pondues avec motivation dans les 60 jours.<\/p>\n<p>La protection en cas d&rsquo;insolvabilit\u00e9 des voyagistes \u00e0 forfait sera \u00e9galement renforc\u00e9e : \u00e0 l&rsquo;avenir, les clients devraient g\u00e9n\u00e9ralement recevoir un remboursement du syst\u00e8me de protection contre l&rsquo;insolvabilit\u00e9 dans un d\u00e9lai de six mois et, dans des cas exceptionnels, au plus tard au bout de neuf mois.<\/p>\n<p>\u00ab\u00a0La pand\u00e9mie de COVID-19 en particulier a montr\u00e9 clairement que les consommateurs devaient souvent attendre trop longtemps pour obtenir leur argent ou leur remboursement ou qu&rsquo;ils avaient du mal \u00e0 faire valoir leurs droits. La r\u00e9forme de la directive garantit plus de s\u00e9curit\u00e9 financi\u00e8re et des r\u00e8gles compr\u00e9hensibles. Cela renforce la confiance des gens dans les vacances \u00e0 forfait et cr\u00e9e en m\u00eame temps un cadre fiable pour le secteur du tourisme en Europe\u00a0\u00bb, a conclu Arimont.<\/p>\n<p>Les \u00c9tats membres de l&rsquo;UE disposent de 28 mois apr\u00e8s l&rsquo;entr\u00e9e en vigueur de la directive pour adapter leur l\u00e9gislation nationale et de six mois suppl\u00e9mentaires pour appliquer les nouvelles r\u00e8gles. (cr\u00e9\/dpa)<\/p>\n","protected":false},"excerpt":{"rendered":"<p>Le Parlement europ\u00e9en a adopt\u00e9 des r\u00e8gles visant \u00e0 offrir davantage de protection aux voyageurs \u00e0 forfait en cas d&rsquo;annulation et de remboursement. Une large<\/p>\n","protected":false},"author":1,"featured_media":13036,"comment_status":"","ping_status":"","sticky":false,"template":"","format":"standard","meta":{"footnotes":""},"categories":[298],"tags":[2890,29,779,14,10254,18,8096],"class_list":["post-13035","post","type-post","status-publish","format-standard","has-post-thumbnail","hentry","category-belgique","tag-arimont","tag-des","tag-droits","tag-les","tag-renforces","tag-sont","tag-vacanciers","generate-columns","tablet-grid-50","mobile-grid-100","grid-parent","grid-33"],"yoast_head":"<!-- This site is optimized with the Yoast SEO plugin v24.0 - https:\/\/yoast.com\/wordpress\/plugins\/seo\/ -->\n<title>Arimont : \u00ab Les droits des vacanciers sont renforc\u00e9s \u00bb | Vie Associative<\/title>\n<meta name=\"robots\" content=\"index, follow, max-snippet:-1, max-image-preview:large, max-video-preview:-1\" \/>\n<link rel=\"canonical\" href=\"https:\/\/vieassociative.be\/actualites\/arimont-les-droits-des-vacanciers-sont-renforces\/\" \/>\n<meta property=\"og:locale\" content=\"fr_FR\" \/>\n<meta property=\"og:type\" content=\"article\" \/>\n<meta property=\"og:title\" content=\"Arimont : \u00ab Les droits des vacanciers sont renforc\u00e9s \u00bb | Vie Associative\" \/>\n<meta property=\"og:description\" content=\"Le Parlement europ\u00e9en a adopt\u00e9 des r\u00e8gles visant \u00e0 offrir davantage de protection aux voyageurs \u00e0 forfait en cas d&rsquo;annulation et de remboursement. Une large\" \/>\n<meta property=\"og:url\" content=\"https:\/\/vieassociative.be\/actualites\/arimont-les-droits-des-vacanciers-sont-renforces\/\" \/>\n<meta property=\"og:site_name\" content=\"Vie Associative\" \/>\n<meta property=\"article:published_time\" content=\"2026-03-15T15:17:09+00:00\" \/>\n<meta property=\"og:image\" content=\"https:\/\/vieassociative.be\/actualites\/wp-content\/uploads\/2024\/09\/header_backgroundk-01-e1726694325946.png\" \/>\n\t<meta property=\"og:image:width\" content=\"279\" \/>\n\t<meta property=\"og:image:height\" content=\"92\" \/>\n\t<meta property=\"og:image:type\" content=\"image\/png\" \/>\n<meta name=\"author\" content=\"Julien\" \/>\n<meta name=\"twitter:card\" content=\"summary_large_image\" \/>\n<meta name=\"twitter:label1\" content=\"\u00c9crit par\" \/>\n\t<meta name=\"twitter:data1\" content=\"Julien\" \/>\n\t<meta name=\"twitter:label2\" content=\"Dur\u00e9e de lecture est.\" \/>\n\t<meta name=\"twitter:data2\" content=\"3 minutes\" \/>\n<script type=\"application\/ld+json\" class=\"yoast-schema-graph\">{\"@context\":\"https:\/\/schema.org\",\"@graph\":[{\"@type\":\"Article\",\"@id\":\"https:\/\/vieassociative.be\/actualites\/arimont-les-droits-des-vacanciers-sont-renforces\/#article\",\"isPartOf\":{\"@id\":\"https:\/\/vieassociative.be\/actualites\/arimont-les-droits-des-vacanciers-sont-renforces\/\"},\"author\":{\"name\":\"Julien\",\"@id\":\"https:\/\/vieassociative.be\/actualites\/#\/schema\/person\/b87ac4f82f9d4e7b7cec7395b679edc4\"},\"headline\":\"Arimont : \u00ab Les droits des vacanciers sont renforc\u00e9s \u00bb\",\"datePublished\":\"2026-03-15T15:17:09+00:00\",\"dateModified\":\"2026-03-15T15:17:09+00:00\",\"mainEntityOfPage\":{\"@id\":\"https:\/\/vieassociative.be\/actualites\/arimont-les-droits-des-vacanciers-sont-renforces\/\"},\"wordCount\":667,\"publisher\":{\"@id\":\"https:\/\/vieassociative.be\/actualites\/#organization\"},\"image\":{\"@id\":\"https:\/\/vieassociative.be\/actualites\/arimont-les-droits-des-vacanciers-sont-renforces\/#primaryimage\"},\"thumbnailUrl\":\"https:\/\/vieassociative.be\/actualites\/wp-content\/uploads\/2026\/03\/Arimont-Les-droits-des-vacanciers-sont-renforces.jpeg\",\"keywords\":[\"Arimont\",\"Des\",\"droits\",\"Les\",\"renforc\u00e9s\",\"sont\",\"vacanciers\"],\"articleSection\":[\"Belgique\"],\"inLanguage\":\"fr-BE\"},{\"@type\":\"WebPage\",\"@id\":\"https:\/\/vieassociative.be\/actualites\/arimont-les-droits-des-vacanciers-sont-renforces\/\",\"url\":\"https:\/\/vieassociative.be\/actualites\/arimont-les-droits-des-vacanciers-sont-renforces\/\",\"name\":\"Arimont : \u00ab Les droits des vacanciers sont renforc\u00e9s \u00bb | Vie Associative\",\"isPartOf\":{\"@id\":\"https:\/\/vieassociative.be\/actualites\/#website\"},\"primaryImageOfPage\":{\"@id\":\"https:\/\/vieassociative.be\/actualites\/arimont-les-droits-des-vacanciers-sont-renforces\/#primaryimage\"},\"image\":{\"@id\":\"https:\/\/vieassociative.be\/actualites\/arimont-les-droits-des-vacanciers-sont-renforces\/#primaryimage\"},\"thumbnailUrl\":\"https:\/\/vieassociative.be\/actualites\/wp-content\/uploads\/2026\/03\/Arimont-Les-droits-des-vacanciers-sont-renforces.jpeg\",\"datePublished\":\"2026-03-15T15:17:09+00:00\",\"dateModified\":\"2026-03-15T15:17:09+00:00\",\"breadcrumb\":{\"@id\":\"https:\/\/vieassociative.be\/actualites\/arimont-les-droits-des-vacanciers-sont-renforces\/#breadcrumb\"},\"inLanguage\":\"fr-BE\",\"potentialAction\":[{\"@type\":\"ReadAction\",\"target\":[\"https:\/\/vieassociative.be\/actualites\/arimont-les-droits-des-vacanciers-sont-renforces\/\"]}]},{\"@type\":\"ImageObject\",\"inLanguage\":\"fr-BE\",\"@id\":\"https:\/\/vieassociative.be\/actualites\/arimont-les-droits-des-vacanciers-sont-renforces\/#primaryimage\",\"url\":\"https:\/\/vieassociative.be\/actualites\/wp-content\/uploads\/2026\/03\/Arimont-Les-droits-des-vacanciers-sont-renforces.jpeg\",\"contentUrl\":\"https:\/\/vieassociative.be\/actualites\/wp-content\/uploads\/2026\/03\/Arimont-Les-droits-des-vacanciers-sont-renforces.jpeg\",\"width\":1200,\"height\":772,\"caption\":\"Arimont : \u00ab Les droits des vacanciers sont renforc\u00e9s \u00bb\"},{\"@type\":\"BreadcrumbList\",\"@id\":\"https:\/\/vieassociative.be\/actualites\/arimont-les-droits-des-vacanciers-sont-renforces\/#breadcrumb\",\"itemListElement\":[{\"@type\":\"ListItem\",\"position\":1,\"name\":\"Accueil\",\"item\":\"https:\/\/vieassociative.be\/actualites\/\"},{\"@type\":\"ListItem\",\"position\":2,\"name\":\"Arimont : \u00ab Les droits des vacanciers sont renforc\u00e9s \u00bb\"}]},{\"@type\":\"WebSite\",\"@id\":\"https:\/\/vieassociative.be\/actualites\/#website\",\"url\":\"https:\/\/vieassociative.be\/actualites\/\",\"name\":\"Vie Associative\",\"description\":\"\",\"publisher\":{\"@id\":\"https:\/\/vieassociative.be\/actualites\/#organization\"},\"potentialAction\":[{\"@type\":\"SearchAction\",\"target\":{\"@type\":\"EntryPoint\",\"urlTemplate\":\"https:\/\/vieassociative.be\/actualites\/?s={search_term_string}\"},\"query-input\":{\"@type\":\"PropertyValueSpecification\",\"valueRequired\":true,\"valueName\":\"search_term_string\"}}],\"inLanguage\":\"fr-BE\"},{\"@type\":\"Organization\",\"@id\":\"https:\/\/vieassociative.be\/actualites\/#organization\",\"name\":\"Vie Associative\",\"url\":\"https:\/\/vieassociative.be\/actualites\/\",\"logo\":{\"@type\":\"ImageObject\",\"inLanguage\":\"fr-BE\",\"@id\":\"https:\/\/vieassociative.be\/actualites\/#\/schema\/logo\/image\/\",\"url\":\"https:\/\/vieassociative.be\/actualites\/wp-content\/uploads\/2024\/09\/cropped-vieassociative_favicon.ico.png\",\"contentUrl\":\"https:\/\/vieassociative.be\/actualites\/wp-content\/uploads\/2024\/09\/cropped-vieassociative_favicon.ico.png\",\"width\":512,\"height\":512,\"caption\":\"Vie Associative\"},\"image\":{\"@id\":\"https:\/\/vieassociative.be\/actualites\/#\/schema\/logo\/image\/\"}},{\"@type\":\"Person\",\"@id\":\"https:\/\/vieassociative.be\/actualites\/#\/schema\/person\/b87ac4f82f9d4e7b7cec7395b679edc4\",\"name\":\"Julien\",\"image\":{\"@type\":\"ImageObject\",\"inLanguage\":\"fr-BE\",\"@id\":\"https:\/\/vieassociative.be\/actualites\/#\/schema\/person\/image\/\",\"url\":\"https:\/\/vieassociative.be\/actualites\/wp-content\/uploads\/2024\/09\/vie-associative-1-150x150.jpg\",\"contentUrl\":\"https:\/\/vieassociative.be\/actualites\/wp-content\/uploads\/2024\/09\/vie-associative-1-150x150.jpg\",\"caption\":\"Julien\"},\"description\":\"Je suis Julien, r\u00e9dacteur pour Vie Associative. Passionn\u00e9 par le monde associatif depuis plus de 10 ans, j'ai \u00e0 c\u0153ur de partager des histoires inspirantes et de mettre en lumi\u00e8re les initiatives locales. Mon objectif est de sensibiliser et d'encourager l'engagement communautaire \u00e0 travers mes articles.\",\"sameAs\":[\"https:\/\/vieassociative.be\/\"]}]}<\/script>\n<!-- \/ Yoast SEO plugin. -->","yoast_head_json":{"title":"Arimont : \u00ab Les droits des vacanciers sont renforc\u00e9s \u00bb | Vie Associative","robots":{"index":"index","follow":"follow","max-snippet":"max-snippet:-1","max-image-preview":"max-image-preview:large","max-video-preview":"max-video-preview:-1"},"canonical":"https:\/\/vieassociative.be\/actualites\/arimont-les-droits-des-vacanciers-sont-renforces\/","og_locale":"fr_FR","og_type":"article","og_title":"Arimont : \u00ab Les droits des vacanciers sont renforc\u00e9s \u00bb | Vie Associative","og_description":"Le Parlement europ\u00e9en a adopt\u00e9 des r\u00e8gles visant \u00e0 offrir davantage de protection aux voyageurs \u00e0 forfait en cas d&rsquo;annulation et de remboursement. Une large","og_url":"https:\/\/vieassociative.be\/actualites\/arimont-les-droits-des-vacanciers-sont-renforces\/","og_site_name":"Vie Associative","article_published_time":"2026-03-15T15:17:09+00:00","og_image":[{"width":279,"height":92,"url":"https:\/\/vieassociative.be\/actualites\/wp-content\/uploads\/2024\/09\/header_backgroundk-01-e1726694325946.png","type":"image\/png"}],"author":"Julien","twitter_card":"summary_large_image","twitter_misc":{"\u00c9crit par":"Julien","Dur\u00e9e de lecture est.":"3 minutes"},"schema":{"@context":"https:\/\/schema.org","@graph":[{"@type":"Article","@id":"https:\/\/vieassociative.be\/actualites\/arimont-les-droits-des-vacanciers-sont-renforces\/#article","isPartOf":{"@id":"https:\/\/vieassociative.be\/actualites\/arimont-les-droits-des-vacanciers-sont-renforces\/"},"author":{"name":"Julien","@id":"https:\/\/vieassociative.be\/actualites\/#\/schema\/person\/b87ac4f82f9d4e7b7cec7395b679edc4"},"headline":"Arimont : \u00ab Les droits des vacanciers sont renforc\u00e9s \u00bb","datePublished":"2026-03-15T15:17:09+00:00","dateModified":"2026-03-15T15:17:09+00:00","mainEntityOfPage":{"@id":"https:\/\/vieassociative.be\/actualites\/arimont-les-droits-des-vacanciers-sont-renforces\/"},"wordCount":667,"publisher":{"@id":"https:\/\/vieassociative.be\/actualites\/#organization"},"image":{"@id":"https:\/\/vieassociative.be\/actualites\/arimont-les-droits-des-vacanciers-sont-renforces\/#primaryimage"},"thumbnailUrl":"https:\/\/vieassociative.be\/actualites\/wp-content\/uploads\/2026\/03\/Arimont-Les-droits-des-vacanciers-sont-renforces.jpeg","keywords":["Arimont","Des","droits","Les","renforc\u00e9s","sont","vacanciers"],"articleSection":["Belgique"],"inLanguage":"fr-BE"},{"@type":"WebPage","@id":"https:\/\/vieassociative.be\/actualites\/arimont-les-droits-des-vacanciers-sont-renforces\/","url":"https:\/\/vieassociative.be\/actualites\/arimont-les-droits-des-vacanciers-sont-renforces\/","name":"Arimont : \u00ab Les droits des vacanciers sont renforc\u00e9s \u00bb | Vie Associative","isPartOf":{"@id":"https:\/\/vieassociative.be\/actualites\/#website"},"primaryImageOfPage":{"@id":"https:\/\/vieassociative.be\/actualites\/arimont-les-droits-des-vacanciers-sont-renforces\/#primaryimage"},"image":{"@id":"https:\/\/vieassociative.be\/actualites\/arimont-les-droits-des-vacanciers-sont-renforces\/#primaryimage"},"thumbnailUrl":"https:\/\/vieassociative.be\/actualites\/wp-content\/uploads\/2026\/03\/Arimont-Les-droits-des-vacanciers-sont-renforces.jpeg","datePublished":"2026-03-15T15:17:09+00:00","dateModified":"2026-03-15T15:17:09+00:00","breadcrumb":{"@id":"https:\/\/vieassociative.be\/actualites\/arimont-les-droits-des-vacanciers-sont-renforces\/#breadcrumb"},"inLanguage":"fr-BE","potentialAction":[{"@type":"ReadAction","target":["https:\/\/vieassociative.be\/actualites\/arimont-les-droits-des-vacanciers-sont-renforces\/"]}]},{"@type":"ImageObject","inLanguage":"fr-BE","@id":"https:\/\/vieassociative.be\/actualites\/arimont-les-droits-des-vacanciers-sont-renforces\/#primaryimage","url":"https:\/\/vieassociative.be\/actualites\/wp-content\/uploads\/2026\/03\/Arimont-Les-droits-des-vacanciers-sont-renforces.jpeg","contentUrl":"https:\/\/vieassociative.be\/actualites\/wp-content\/uploads\/2026\/03\/Arimont-Les-droits-des-vacanciers-sont-renforces.jpeg","width":1200,"height":772,"caption":"Arimont : \u00ab Les droits des vacanciers sont renforc\u00e9s \u00bb"},{"@type":"BreadcrumbList","@id":"https:\/\/vieassociative.be\/actualites\/arimont-les-droits-des-vacanciers-sont-renforces\/#breadcrumb","itemListElement":[{"@type":"ListItem","position":1,"name":"Accueil","item":"https:\/\/vieassociative.be\/actualites\/"},{"@type":"ListItem","position":2,"name":"Arimont : \u00ab Les droits des vacanciers sont renforc\u00e9s \u00bb"}]},{"@type":"WebSite","@id":"https:\/\/vieassociative.be\/actualites\/#website","url":"https:\/\/vieassociative.be\/actualites\/","name":"Vie Associative","description":"","publisher":{"@id":"https:\/\/vieassociative.be\/actualites\/#organization"},"potentialAction":[{"@type":"SearchAction","target":{"@type":"EntryPoint","urlTemplate":"https:\/\/vieassociative.be\/actualites\/?s={search_term_string}"},"query-input":{"@type":"PropertyValueSpecification","valueRequired":true,"valueName":"search_term_string"}}],"inLanguage":"fr-BE"},{"@type":"Organization","@id":"https:\/\/vieassociative.be\/actualites\/#organization","name":"Vie Associative","url":"https:\/\/vieassociative.be\/actualites\/","logo":{"@type":"ImageObject","inLanguage":"fr-BE","@id":"https:\/\/vieassociative.be\/actualites\/#\/schema\/logo\/image\/","url":"https:\/\/vieassociative.be\/actualites\/wp-content\/uploads\/2024\/09\/cropped-vieassociative_favicon.ico.png","contentUrl":"https:\/\/vieassociative.be\/actualites\/wp-content\/uploads\/2024\/09\/cropped-vieassociative_favicon.ico.png","width":512,"height":512,"caption":"Vie Associative"},"image":{"@id":"https:\/\/vieassociative.be\/actualites\/#\/schema\/logo\/image\/"}},{"@type":"Person","@id":"https:\/\/vieassociative.be\/actualites\/#\/schema\/person\/b87ac4f82f9d4e7b7cec7395b679edc4","name":"Julien","image":{"@type":"ImageObject","inLanguage":"fr-BE","@id":"https:\/\/vieassociative.be\/actualites\/#\/schema\/person\/image\/","url":"https:\/\/vieassociative.be\/actualites\/wp-content\/uploads\/2024\/09\/vie-associative-1-150x150.jpg","contentUrl":"https:\/\/vieassociative.be\/actualites\/wp-content\/uploads\/2024\/09\/vie-associative-1-150x150.jpg","caption":"Julien"},"description":"Je suis Julien, r\u00e9dacteur pour Vie Associative. Passionn\u00e9 par le monde associatif depuis plus de 10 ans, j'ai \u00e0 c\u0153ur de partager des histoires inspirantes et de mettre en lumi\u00e8re les initiatives locales. Mon objectif est de sensibiliser et d'encourager l'engagement communautaire \u00e0 travers mes articles.","sameAs":["https:\/\/vieassociative.be\/"]}]}},"_links":{"self":[{"href":"https:\/\/vieassociative.be\/actualites\/wp-json\/wp\/v2\/posts\/13035"}],"collection":[{"href":"https:\/\/vieassociative.be\/actualites\/wp-json\/wp\/v2\/posts"}],"about":[{"href":"https:\/\/vieassociative.be\/actualites\/wp-json\/wp\/v2\/types\/post"}],"author":[{"embeddable":true,"href":"https:\/\/vieassociative.be\/actualites\/wp-json\/wp\/v2\/users\/1"}],"replies":[{"embeddable":true,"href":"https:\/\/vieassociative.be\/actualites\/wp-json\/wp\/v2\/comments?post=13035"}],"version-history":[{"count":0,"href":"https:\/\/vieassociative.be\/actualites\/wp-json\/wp\/v2\/posts\/13035\/revisions"}],"wp:featuredmedia":[{"embeddable":true,"href":"https:\/\/vieassociative.be\/actualites\/wp-json\/wp\/v2\/media\/13036"}],"wp:attachment":[{"href":"https:\/\/vieassociative.be\/actualites\/wp-json\/wp\/v2\/media?parent=13035"}],"wp:term":[{"taxonomy":"category","embeddable":true,"href":"https:\/\/vieassociative.be\/actualites\/wp-json\/wp\/v2\/categories?post=13035"},{"taxonomy":"post_tag","embeddable":true,"href":"https:\/\/vieassociative.be\/actualites\/wp-json\/wp\/v2\/tags?post=13035"}],"curies":[{"name":"wp","href":"https:\/\/api.w.org\/{rel}","templated":true}]}}