{"id":1303,"date":"2024-10-16T22:17:01","date_gmt":"2024-10-16T20:17:01","guid":{"rendered":"https:\/\/vieassociative.be\/actualites\/comment-sexcuser-quand-on-nest-pas-desole\/"},"modified":"2024-10-16T22:17:01","modified_gmt":"2024-10-16T20:17:01","slug":"comment-sexcuser-quand-on-nest-pas-desole","status":"publish","type":"post","link":"https:\/\/vieassociative.be\/actualites\/comment-sexcuser-quand-on-nest-pas-desole\/","title":{"rendered":"Comment s&rsquo;excuser quand on n&rsquo;est pas d\u00e9sol\u00e9"},"content":{"rendered":"<div class=\"mt-4 leading-6 md:mb-8\">Si vous n&rsquo;avez pas de remords, c&rsquo;est votre affaire, mais vous devez quand m\u00eame \u00eatre pratique \u00e0 ce sujet.<\/div>\n<p><\/p>\n<p>L\u2019une des le\u00e7ons les plus d\u00e9vastatrices de la petite enfance est qu\u2019il faut parfois s\u2019excuser m\u00eame si l\u2019on ne l\u2019est pas. De nos jours, vous n&rsquo;arrachez peut-\u00eatre pas un jouet \u00e0 un autre enfant simplement parce que vous avez d\u00e9cid\u00e9 qu&rsquo;il l&rsquo;avait depuis assez longtemps, mais cela ne facilite pas pour autant le fait de devoir forcer des excuses. Voici comment proc\u00e9der et pourquoi vous devriez le faire.<\/p>\n<p>Il y aura des incidents dans votre vie professionnelle et sociale o\u00f9 vous devrez vous excuser simplement pour maintenir une relation fonctionnelle. S&rsquo;excuser signale une volont\u00e9 de maintenir la relation amicale. Angela Gorman, associ\u00e9e directrice et pr\u00e9sidente d&rsquo;AMW PR, a d\u00e9clar\u00e9 que les excuses sont puissantes et que si vous h\u00e9sitez \u00e0 en proposer une, demandez-vous \u00e0 quel point la relation en question compte pour vous.<\/p>\n<p>\u00ab\u00a0Si vous appr\u00e9ciez la relation, consid\u00e9rez les excuses comme un pont pour apaiser les tensions et une opportunit\u00e9 de reconstruire\u00a0\u00bb, a-t-elle d\u00e9clar\u00e9, ajoutant qu&rsquo;il s&rsquo;agit d&rsquo;une pratique courante pour \u00ab\u00a0maintenir la paix et la s\u00e9r\u00e9nit\u00e9\u00a0\u00bb.<\/p>\n<p>N&rsquo;en faites pas une rencontre trop sentimentale et verbeuse. Plus vous parlez du probl\u00e8me, plus vous aurez l&rsquo;air faux et plus vous aurez de chances de laisser entendre que vous n&rsquo;\u00eates pas particuli\u00e8rement d\u00e9sol\u00e9, ce qui irait \u00e0 l&rsquo;encontre du but de ce que vous essayez d&rsquo;accomplir. Soyez plut\u00f4t direct.<\/p>\n<p>Gorman a sugg\u00e9r\u00e9 de se concentrer sur ce que ressent l&rsquo;autre personne : \u00ab Il ne s&rsquo;agit pas tant d&rsquo;excuses que d&#8217;empathie envers le fait qu&rsquo;elle se sent l\u00e9s\u00e9e d&rsquo;une mani\u00e8re ou d&rsquo;une autre. \u00bb Elle a dit que vous devriez essayer de voir la situation de leur point de vue. Mettez-vous \u00e0 leur place, comme vos parents vous l&rsquo;ont appris lorsque vous \u00e9tiez enfant, lorsque vous \u00e9tiez un petit voleur de jouets.<\/p>\n<p>\u00ab\u00a0Cela fonctionne autant pour les tout-petits que pour les adultes\u00a0\u00bb, a d\u00e9clar\u00e9 Gorman. \u00ab\u00a0Reconnaissez qu&rsquo;ils ressentent ce qu&rsquo;ils ressentent et que vous \u00eates d\u00e9sol\u00e9 qu&rsquo;ils ressentent cela.\u00a0\u00bb<\/p>\n<p>Cependant, ne vous fiez pas enti\u00e8rement au mod\u00e8le \u00ab\u00a0d\u00e9sol\u00e9 de vous sentir bless\u00e9\u00a0\u00bb. Assumez-vous aussi un peu et dites que vous \u00eates d\u00e9sol\u00e9 <em>ton <\/em>les actions ont conduit \u00e0 cette blessure. Ensuite, laissez-le tranquille. Ne vous attardez pas sur le sujet. Sugg\u00e9rez plut\u00f4t de retourner travailler sur une coentreprise, de prendre un caf\u00e9 \u00e0 l&rsquo;avenir ou une autre activit\u00e9 qui vous aidera \u00e0 remettre la relation sur les rails. <\/p>\n<p><\/p>\n","protected":false},"excerpt":{"rendered":"<p>Si vous n&rsquo;avez pas de remords, c&rsquo;est votre affaire, mais vous devez quand m\u00eame \u00eatre pratique \u00e0 ce sujet. L\u2019une des le\u00e7ons les plus d\u00e9vastatrices<\/p>\n","protected":false},"author":1,"featured_media":1304,"comment_status":"","ping_status":"","sticky":false,"template":"","format":"standard","meta":{"footnotes":""},"categories":[42],"tags":[44,1886,1082,126,123,1885],"class_list":["post-1303","post","type-post","status-publish","format-standard","has-post-thumbnail","hentry","category-relations","tag-comment","tag-desole","tag-nest","tag-pas","tag-quand","tag-sexcuser","generate-columns","tablet-grid-50","mobile-grid-100","grid-parent","grid-33"],"yoast_head":"<!-- This site is optimized with the Yoast SEO plugin v24.0 - https:\/\/yoast.com\/wordpress\/plugins\/seo\/ -->\n<title>Comment s&#039;excuser quand on n&#039;est pas d\u00e9sol\u00e9 | Vie Associative<\/title>\n<meta name=\"robots\" content=\"index, follow, max-snippet:-1, max-image-preview:large, max-video-preview:-1\" \/>\n<link rel=\"canonical\" href=\"https:\/\/vieassociative.be\/actualites\/comment-sexcuser-quand-on-nest-pas-desole\/\" \/>\n<meta property=\"og:locale\" content=\"fr_FR\" \/>\n<meta property=\"og:type\" content=\"article\" \/>\n<meta property=\"og:title\" content=\"Comment s&#039;excuser quand on n&#039;est pas d\u00e9sol\u00e9 | Vie Associative\" \/>\n<meta property=\"og:description\" content=\"Si vous n&rsquo;avez pas de remords, c&rsquo;est votre affaire, mais vous devez quand m\u00eame \u00eatre pratique \u00e0 ce sujet. L\u2019une des le\u00e7ons les plus d\u00e9vastatrices\" \/>\n<meta property=\"og:url\" content=\"https:\/\/vieassociative.be\/actualites\/comment-sexcuser-quand-on-nest-pas-desole\/\" \/>\n<meta property=\"og:site_name\" content=\"Vie Associative\" \/>\n<meta property=\"article:published_time\" content=\"2024-10-16T20:17:01+00:00\" \/>\n<meta property=\"og:image\" content=\"https:\/\/vieassociative.be\/actualites\/wp-content\/uploads\/2024\/09\/header_backgroundk-01-e1726694325946.png\" \/>\n\t<meta property=\"og:image:width\" content=\"279\" \/>\n\t<meta property=\"og:image:height\" content=\"92\" \/>\n\t<meta property=\"og:image:type\" content=\"image\/png\" \/>\n<meta name=\"author\" content=\"Julien\" \/>\n<meta name=\"twitter:card\" content=\"summary_large_image\" \/>\n<meta name=\"twitter:label1\" content=\"\u00c9crit par\" \/>\n\t<meta name=\"twitter:data1\" content=\"Julien\" \/>\n\t<meta name=\"twitter:label2\" content=\"Dur\u00e9e de lecture est.\" \/>\n\t<meta name=\"twitter:data2\" content=\"2 minutes\" \/>\n<script type=\"application\/ld+json\" class=\"yoast-schema-graph\">{\"@context\":\"https:\/\/schema.org\",\"@graph\":[{\"@type\":\"Article\",\"@id\":\"https:\/\/vieassociative.be\/actualites\/comment-sexcuser-quand-on-nest-pas-desole\/#article\",\"isPartOf\":{\"@id\":\"https:\/\/vieassociative.be\/actualites\/comment-sexcuser-quand-on-nest-pas-desole\/\"},\"author\":{\"name\":\"Julien\",\"@id\":\"https:\/\/vieassociative.be\/actualites\/#\/schema\/person\/b87ac4f82f9d4e7b7cec7395b679edc4\"},\"headline\":\"Comment s&rsquo;excuser quand on n&rsquo;est pas d\u00e9sol\u00e9\",\"datePublished\":\"2024-10-16T20:17:01+00:00\",\"dateModified\":\"2024-10-16T20:17:01+00:00\",\"mainEntityOfPage\":{\"@id\":\"https:\/\/vieassociative.be\/actualites\/comment-sexcuser-quand-on-nest-pas-desole\/\"},\"wordCount\":469,\"publisher\":{\"@id\":\"https:\/\/vieassociative.be\/actualites\/#organization\"},\"image\":{\"@id\":\"https:\/\/vieassociative.be\/actualites\/comment-sexcuser-quand-on-nest-pas-desole\/#primaryimage\"},\"thumbnailUrl\":\"https:\/\/vieassociative.be\/actualites\/wp-content\/uploads\/2024\/10\/Comment-sexcuser-quand-on-nest-pas-desole.jpg\",\"keywords\":[\"Comment\",\"d\u00e9sol\u00e9\",\"nest\",\"pas\",\"Quand\",\"sexcuser\"],\"articleSection\":[\"Relations\"],\"inLanguage\":\"fr-BE\"},{\"@type\":\"WebPage\",\"@id\":\"https:\/\/vieassociative.be\/actualites\/comment-sexcuser-quand-on-nest-pas-desole\/\",\"url\":\"https:\/\/vieassociative.be\/actualites\/comment-sexcuser-quand-on-nest-pas-desole\/\",\"name\":\"Comment s'excuser quand on n'est pas d\u00e9sol\u00e9 | Vie Associative\",\"isPartOf\":{\"@id\":\"https:\/\/vieassociative.be\/actualites\/#website\"},\"primaryImageOfPage\":{\"@id\":\"https:\/\/vieassociative.be\/actualites\/comment-sexcuser-quand-on-nest-pas-desole\/#primaryimage\"},\"image\":{\"@id\":\"https:\/\/vieassociative.be\/actualites\/comment-sexcuser-quand-on-nest-pas-desole\/#primaryimage\"},\"thumbnailUrl\":\"https:\/\/vieassociative.be\/actualites\/wp-content\/uploads\/2024\/10\/Comment-sexcuser-quand-on-nest-pas-desole.jpg\",\"datePublished\":\"2024-10-16T20:17:01+00:00\",\"dateModified\":\"2024-10-16T20:17:01+00:00\",\"breadcrumb\":{\"@id\":\"https:\/\/vieassociative.be\/actualites\/comment-sexcuser-quand-on-nest-pas-desole\/#breadcrumb\"},\"inLanguage\":\"fr-BE\",\"potentialAction\":[{\"@type\":\"ReadAction\",\"target\":[\"https:\/\/vieassociative.be\/actualites\/comment-sexcuser-quand-on-nest-pas-desole\/\"]}]},{\"@type\":\"ImageObject\",\"inLanguage\":\"fr-BE\",\"@id\":\"https:\/\/vieassociative.be\/actualites\/comment-sexcuser-quand-on-nest-pas-desole\/#primaryimage\",\"url\":\"https:\/\/vieassociative.be\/actualites\/wp-content\/uploads\/2024\/10\/Comment-sexcuser-quand-on-nest-pas-desole.jpg\",\"contentUrl\":\"https:\/\/vieassociative.be\/actualites\/wp-content\/uploads\/2024\/10\/Comment-sexcuser-quand-on-nest-pas-desole.jpg\",\"width\":1200,\"height\":675,\"caption\":\"Comment s'excuser quand on n'est pas d\u00e9sol\u00e9\"},{\"@type\":\"BreadcrumbList\",\"@id\":\"https:\/\/vieassociative.be\/actualites\/comment-sexcuser-quand-on-nest-pas-desole\/#breadcrumb\",\"itemListElement\":[{\"@type\":\"ListItem\",\"position\":1,\"name\":\"Accueil\",\"item\":\"https:\/\/vieassociative.be\/actualites\/\"},{\"@type\":\"ListItem\",\"position\":2,\"name\":\"Comment s&rsquo;excuser quand on n&rsquo;est pas d\u00e9sol\u00e9\"}]},{\"@type\":\"WebSite\",\"@id\":\"https:\/\/vieassociative.be\/actualites\/#website\",\"url\":\"https:\/\/vieassociative.be\/actualites\/\",\"name\":\"Vie Associative\",\"description\":\"\",\"publisher\":{\"@id\":\"https:\/\/vieassociative.be\/actualites\/#organization\"},\"potentialAction\":[{\"@type\":\"SearchAction\",\"target\":{\"@type\":\"EntryPoint\",\"urlTemplate\":\"https:\/\/vieassociative.be\/actualites\/?s={search_term_string}\"},\"query-input\":{\"@type\":\"PropertyValueSpecification\",\"valueRequired\":true,\"valueName\":\"search_term_string\"}}],\"inLanguage\":\"fr-BE\"},{\"@type\":\"Organization\",\"@id\":\"https:\/\/vieassociative.be\/actualites\/#organization\",\"name\":\"Vie Associative\",\"url\":\"https:\/\/vieassociative.be\/actualites\/\",\"logo\":{\"@type\":\"ImageObject\",\"inLanguage\":\"fr-BE\",\"@id\":\"https:\/\/vieassociative.be\/actualites\/#\/schema\/logo\/image\/\",\"url\":\"https:\/\/vieassociative.be\/actualites\/wp-content\/uploads\/2024\/09\/cropped-vieassociative_favicon.ico.png\",\"contentUrl\":\"https:\/\/vieassociative.be\/actualites\/wp-content\/uploads\/2024\/09\/cropped-vieassociative_favicon.ico.png\",\"width\":512,\"height\":512,\"caption\":\"Vie Associative\"},\"image\":{\"@id\":\"https:\/\/vieassociative.be\/actualites\/#\/schema\/logo\/image\/\"}},{\"@type\":\"Person\",\"@id\":\"https:\/\/vieassociative.be\/actualites\/#\/schema\/person\/b87ac4f82f9d4e7b7cec7395b679edc4\",\"name\":\"Julien\",\"image\":{\"@type\":\"ImageObject\",\"inLanguage\":\"fr-BE\",\"@id\":\"https:\/\/vieassociative.be\/actualites\/#\/schema\/person\/image\/\",\"url\":\"https:\/\/vieassociative.be\/actualites\/wp-content\/uploads\/2024\/09\/vie-associative-1-150x150.jpg\",\"contentUrl\":\"https:\/\/vieassociative.be\/actualites\/wp-content\/uploads\/2024\/09\/vie-associative-1-150x150.jpg\",\"caption\":\"Julien\"},\"description\":\"Je suis Julien, r\u00e9dacteur pour Vie Associative. Passionn\u00e9 par le monde associatif depuis plus de 10 ans, j'ai \u00e0 c\u0153ur de partager des histoires inspirantes et de mettre en lumi\u00e8re les initiatives locales. Mon objectif est de sensibiliser et d'encourager l'engagement communautaire \u00e0 travers mes articles.\",\"sameAs\":[\"https:\/\/vieassociative.be\/\"]}]}<\/script>\n<!-- \/ Yoast SEO plugin. -->","yoast_head_json":{"title":"Comment s'excuser quand on n'est pas d\u00e9sol\u00e9 | Vie Associative","robots":{"index":"index","follow":"follow","max-snippet":"max-snippet:-1","max-image-preview":"max-image-preview:large","max-video-preview":"max-video-preview:-1"},"canonical":"https:\/\/vieassociative.be\/actualites\/comment-sexcuser-quand-on-nest-pas-desole\/","og_locale":"fr_FR","og_type":"article","og_title":"Comment s'excuser quand on n'est pas d\u00e9sol\u00e9 | Vie Associative","og_description":"Si vous n&rsquo;avez pas de remords, c&rsquo;est votre affaire, mais vous devez quand m\u00eame \u00eatre pratique \u00e0 ce sujet. L\u2019une des le\u00e7ons les plus d\u00e9vastatrices","og_url":"https:\/\/vieassociative.be\/actualites\/comment-sexcuser-quand-on-nest-pas-desole\/","og_site_name":"Vie Associative","article_published_time":"2024-10-16T20:17:01+00:00","og_image":[{"width":279,"height":92,"url":"https:\/\/vieassociative.be\/actualites\/wp-content\/uploads\/2024\/09\/header_backgroundk-01-e1726694325946.png","type":"image\/png"}],"author":"Julien","twitter_card":"summary_large_image","twitter_misc":{"\u00c9crit par":"Julien","Dur\u00e9e de lecture est.":"2 minutes"},"schema":{"@context":"https:\/\/schema.org","@graph":[{"@type":"Article","@id":"https:\/\/vieassociative.be\/actualites\/comment-sexcuser-quand-on-nest-pas-desole\/#article","isPartOf":{"@id":"https:\/\/vieassociative.be\/actualites\/comment-sexcuser-quand-on-nest-pas-desole\/"},"author":{"name":"Julien","@id":"https:\/\/vieassociative.be\/actualites\/#\/schema\/person\/b87ac4f82f9d4e7b7cec7395b679edc4"},"headline":"Comment s&rsquo;excuser quand on n&rsquo;est pas d\u00e9sol\u00e9","datePublished":"2024-10-16T20:17:01+00:00","dateModified":"2024-10-16T20:17:01+00:00","mainEntityOfPage":{"@id":"https:\/\/vieassociative.be\/actualites\/comment-sexcuser-quand-on-nest-pas-desole\/"},"wordCount":469,"publisher":{"@id":"https:\/\/vieassociative.be\/actualites\/#organization"},"image":{"@id":"https:\/\/vieassociative.be\/actualites\/comment-sexcuser-quand-on-nest-pas-desole\/#primaryimage"},"thumbnailUrl":"https:\/\/vieassociative.be\/actualites\/wp-content\/uploads\/2024\/10\/Comment-sexcuser-quand-on-nest-pas-desole.jpg","keywords":["Comment","d\u00e9sol\u00e9","nest","pas","Quand","sexcuser"],"articleSection":["Relations"],"inLanguage":"fr-BE"},{"@type":"WebPage","@id":"https:\/\/vieassociative.be\/actualites\/comment-sexcuser-quand-on-nest-pas-desole\/","url":"https:\/\/vieassociative.be\/actualites\/comment-sexcuser-quand-on-nest-pas-desole\/","name":"Comment s'excuser quand on n'est pas d\u00e9sol\u00e9 | Vie Associative","isPartOf":{"@id":"https:\/\/vieassociative.be\/actualites\/#website"},"primaryImageOfPage":{"@id":"https:\/\/vieassociative.be\/actualites\/comment-sexcuser-quand-on-nest-pas-desole\/#primaryimage"},"image":{"@id":"https:\/\/vieassociative.be\/actualites\/comment-sexcuser-quand-on-nest-pas-desole\/#primaryimage"},"thumbnailUrl":"https:\/\/vieassociative.be\/actualites\/wp-content\/uploads\/2024\/10\/Comment-sexcuser-quand-on-nest-pas-desole.jpg","datePublished":"2024-10-16T20:17:01+00:00","dateModified":"2024-10-16T20:17:01+00:00","breadcrumb":{"@id":"https:\/\/vieassociative.be\/actualites\/comment-sexcuser-quand-on-nest-pas-desole\/#breadcrumb"},"inLanguage":"fr-BE","potentialAction":[{"@type":"ReadAction","target":["https:\/\/vieassociative.be\/actualites\/comment-sexcuser-quand-on-nest-pas-desole\/"]}]},{"@type":"ImageObject","inLanguage":"fr-BE","@id":"https:\/\/vieassociative.be\/actualites\/comment-sexcuser-quand-on-nest-pas-desole\/#primaryimage","url":"https:\/\/vieassociative.be\/actualites\/wp-content\/uploads\/2024\/10\/Comment-sexcuser-quand-on-nest-pas-desole.jpg","contentUrl":"https:\/\/vieassociative.be\/actualites\/wp-content\/uploads\/2024\/10\/Comment-sexcuser-quand-on-nest-pas-desole.jpg","width":1200,"height":675,"caption":"Comment s'excuser quand on n'est pas d\u00e9sol\u00e9"},{"@type":"BreadcrumbList","@id":"https:\/\/vieassociative.be\/actualites\/comment-sexcuser-quand-on-nest-pas-desole\/#breadcrumb","itemListElement":[{"@type":"ListItem","position":1,"name":"Accueil","item":"https:\/\/vieassociative.be\/actualites\/"},{"@type":"ListItem","position":2,"name":"Comment s&rsquo;excuser quand on n&rsquo;est pas d\u00e9sol\u00e9"}]},{"@type":"WebSite","@id":"https:\/\/vieassociative.be\/actualites\/#website","url":"https:\/\/vieassociative.be\/actualites\/","name":"Vie Associative","description":"","publisher":{"@id":"https:\/\/vieassociative.be\/actualites\/#organization"},"potentialAction":[{"@type":"SearchAction","target":{"@type":"EntryPoint","urlTemplate":"https:\/\/vieassociative.be\/actualites\/?s={search_term_string}"},"query-input":{"@type":"PropertyValueSpecification","valueRequired":true,"valueName":"search_term_string"}}],"inLanguage":"fr-BE"},{"@type":"Organization","@id":"https:\/\/vieassociative.be\/actualites\/#organization","name":"Vie Associative","url":"https:\/\/vieassociative.be\/actualites\/","logo":{"@type":"ImageObject","inLanguage":"fr-BE","@id":"https:\/\/vieassociative.be\/actualites\/#\/schema\/logo\/image\/","url":"https:\/\/vieassociative.be\/actualites\/wp-content\/uploads\/2024\/09\/cropped-vieassociative_favicon.ico.png","contentUrl":"https:\/\/vieassociative.be\/actualites\/wp-content\/uploads\/2024\/09\/cropped-vieassociative_favicon.ico.png","width":512,"height":512,"caption":"Vie Associative"},"image":{"@id":"https:\/\/vieassociative.be\/actualites\/#\/schema\/logo\/image\/"}},{"@type":"Person","@id":"https:\/\/vieassociative.be\/actualites\/#\/schema\/person\/b87ac4f82f9d4e7b7cec7395b679edc4","name":"Julien","image":{"@type":"ImageObject","inLanguage":"fr-BE","@id":"https:\/\/vieassociative.be\/actualites\/#\/schema\/person\/image\/","url":"https:\/\/vieassociative.be\/actualites\/wp-content\/uploads\/2024\/09\/vie-associative-1-150x150.jpg","contentUrl":"https:\/\/vieassociative.be\/actualites\/wp-content\/uploads\/2024\/09\/vie-associative-1-150x150.jpg","caption":"Julien"},"description":"Je suis Julien, r\u00e9dacteur pour Vie Associative. Passionn\u00e9 par le monde associatif depuis plus de 10 ans, j'ai \u00e0 c\u0153ur de partager des histoires inspirantes et de mettre en lumi\u00e8re les initiatives locales. Mon objectif est de sensibiliser et d'encourager l'engagement communautaire \u00e0 travers mes articles.","sameAs":["https:\/\/vieassociative.be\/"]}]}},"_links":{"self":[{"href":"https:\/\/vieassociative.be\/actualites\/wp-json\/wp\/v2\/posts\/1303"}],"collection":[{"href":"https:\/\/vieassociative.be\/actualites\/wp-json\/wp\/v2\/posts"}],"about":[{"href":"https:\/\/vieassociative.be\/actualites\/wp-json\/wp\/v2\/types\/post"}],"author":[{"embeddable":true,"href":"https:\/\/vieassociative.be\/actualites\/wp-json\/wp\/v2\/users\/1"}],"replies":[{"embeddable":true,"href":"https:\/\/vieassociative.be\/actualites\/wp-json\/wp\/v2\/comments?post=1303"}],"version-history":[{"count":0,"href":"https:\/\/vieassociative.be\/actualites\/wp-json\/wp\/v2\/posts\/1303\/revisions"}],"wp:featuredmedia":[{"embeddable":true,"href":"https:\/\/vieassociative.be\/actualites\/wp-json\/wp\/v2\/media\/1304"}],"wp:attachment":[{"href":"https:\/\/vieassociative.be\/actualites\/wp-json\/wp\/v2\/media?parent=1303"}],"wp:term":[{"taxonomy":"category","embeddable":true,"href":"https:\/\/vieassociative.be\/actualites\/wp-json\/wp\/v2\/categories?post=1303"},{"taxonomy":"post_tag","embeddable":true,"href":"https:\/\/vieassociative.be\/actualites\/wp-json\/wp\/v2\/tags?post=1303"}],"curies":[{"name":"wp","href":"https:\/\/api.w.org\/{rel}","templated":true}]}}