{"id":13029,"date":"2026-03-15T04:17:23","date_gmt":"2026-03-15T03:17:23","guid":{"rendered":"https:\/\/vieassociative.be\/actualites\/le-philosophe-jurgen-habermas-est-decede-a-lage-de-96-ans\/"},"modified":"2026-03-15T04:17:23","modified_gmt":"2026-03-15T03:17:23","slug":"le-philosophe-jurgen-habermas-est-decede-a-lage-de-96-ans","status":"publish","type":"post","link":"https:\/\/vieassociative.be\/actualites\/le-philosophe-jurgen-habermas-est-decede-a-lage-de-96-ans\/","title":{"rendered":"Le philosophe J\u00fcrgen Habermas est d\u00e9c\u00e9d\u00e9 \u00e0 l&rsquo;\u00e2ge de 96 ans"},"content":{"rendered":"<p><strong>Du mouvement \u00e9tudiant au d\u00e9bat contemporain : J\u00fcrgen Habermas a influenc\u00e9 des g\u00e9n\u00e9rations de penseurs. Maintenant, il est mort.<\/strong><\/p>\n<p><span id=\"more-437550\"><\/span>L&rsquo;une des voix les plus influentes d&rsquo;Allemagne s&rsquo;est tue : samedi, le philosophe et sociologue J\u00fcrgen Habermas est d\u00e9c\u00e9d\u00e9 \u00e0 Starnberg \u00e0 l&rsquo;\u00e2ge de 96 ans, comme l&rsquo;a annonc\u00e9 Suhrkamp Verlag \u00e0 l&rsquo;agence de presse allemande, citant la famille.<\/p>\n<p>Habermas \u00e9tait l&rsquo;un des penseurs les plus importants de notre \u00e9poque. Ses \u0153uvres majeures ont \u00e9t\u00e9 cr\u00e9\u00e9es \u00e0 Francfort-sur-le-Main, o\u00f9 sa carri\u00e8re a d\u00e9but\u00e9 dans les ann\u00e9es 1950 \u00e0 l&rsquo;Institut de recherche sociale sous la direction de Theodor W. Adorno. En 1961, il compl\u00e8te son habilitation \u00e0 Marburg avec l&rsquo;ouvrage \u00ab\u00a0Changement structurel dans la sph\u00e8re publique\u00a0\u00bb.<\/p>\n<div id=\"attachment_437553\" class=\"wp-caption alignleft\" style=\"max-width: 300px\"><img fetchpriority=\"high\" decoding=\"async\" class=\"wp-image-437553 size-medium\" src=\"https:\/\/vieassociative.be\/actualites\/wp-content\/uploads\/2026\/03\/Le-philosophe-Jurgen-Habermas-est-decede-a-lage-de-96.jpg\" alt=\"\" width=\"300\" height=\"203\"><\/div>\n<p>Apr\u00e8s quelques ann\u00e9es \u00e0 l&rsquo;Universit\u00e9 de Heidelberg, il reprend en 1964 la chaire de philosophie et de sociologie de Max Horkheimer \u00e0 l&rsquo;Universit\u00e9 de Francfort. Sa conf\u00e9rence inaugurale en 1968 devient le livre \u00ab Connaissance et int\u00e9r\u00eat \u00bb (1968). Lors de la r\u00e9volte \u00e9tudiante, Habermas est per\u00e7u comme un partisan, mais rejette la radicalisation du mouvement.<\/p>\n<p>En 1971, il s&rsquo;installe \u00e0 Starnberg, pr\u00e8s de Munich, o\u00f9 il dirige jusqu&rsquo;en 1981 l&rsquo;Institut Max Planck pour la recherche sur les conditions de vie du monde scientifique et technique. Au cours de sa derni\u00e8re ann\u00e9e, il publie son ouvrage majeur \u00ab Th\u00e9orie de l&rsquo;action communicative \u00bb. En 1983, il retourne \u00e0 Francfort, o\u00f9 il reprend une chaire de philosophie jusqu&rsquo;\u00e0 sa retraite en 1994.<\/p>\n<p>Habermas a re\u00e7u de nombreux prix prestigieux et hautement dot\u00e9s, comme le Prix de la paix du commerce du livre allemand ou le Prix Kyoto d&rsquo;une valeur de 50 millions de yens (364 000 euros).<\/p>\n<p>Durant sa vieillesse, qu&rsquo;il passa au bord du lac de Starnberg, il s&rsquo;exprima sur des questions politiques telles que la guerre du Kosovo, la recherche sur le cerveau ou les luttes religieuses.<\/p>\n<p>Habermas a \u00e9pous\u00e9 Ute Wesselhoeft en 1955. Le couple a eu trois enfants, dont deux sont devenus plus tard professeurs d&rsquo;universit\u00e9 comme leur p\u00e8re.(dpa)<\/p>\n","protected":false},"excerpt":{"rendered":"<p>Du mouvement \u00e9tudiant au d\u00e9bat contemporain : J\u00fcrgen Habermas a influenc\u00e9 des g\u00e9n\u00e9rations de penseurs. Maintenant, il est mort. L&rsquo;une des voix les plus influentes<\/p>\n","protected":false},"author":1,"featured_media":13030,"comment_status":"","ping_status":"","sticky":false,"template":"","format":"standard","meta":{"footnotes":""},"categories":[298],"tags":[584,1223,76,10251,4738,501,10250],"class_list":["post-13029","post","type-post","status-publish","format-standard","has-post-thumbnail","hentry","category-belgique","tag-ans","tag-decede","tag-est","tag-habermas","tag-jurgen","tag-lage","tag-philosophe","generate-columns","tablet-grid-50","mobile-grid-100","grid-parent","grid-33"],"yoast_head":"<!-- This site is optimized with the Yoast SEO plugin v24.0 - https:\/\/yoast.com\/wordpress\/plugins\/seo\/ -->\n<title>Le philosophe J\u00fcrgen Habermas est d\u00e9c\u00e9d\u00e9 \u00e0 l&#039;\u00e2ge de 96 ans | Vie Associative<\/title>\n<meta name=\"robots\" content=\"index, follow, max-snippet:-1, max-image-preview:large, max-video-preview:-1\" \/>\n<link rel=\"canonical\" href=\"https:\/\/vieassociative.be\/actualites\/le-philosophe-jurgen-habermas-est-decede-a-lage-de-96-ans\/\" \/>\n<meta property=\"og:locale\" content=\"fr_FR\" \/>\n<meta property=\"og:type\" content=\"article\" \/>\n<meta property=\"og:title\" content=\"Le philosophe J\u00fcrgen Habermas est d\u00e9c\u00e9d\u00e9 \u00e0 l&#039;\u00e2ge de 96 ans | Vie Associative\" \/>\n<meta property=\"og:description\" content=\"Du mouvement \u00e9tudiant au d\u00e9bat contemporain : J\u00fcrgen Habermas a influenc\u00e9 des g\u00e9n\u00e9rations de penseurs. Maintenant, il est mort. L&rsquo;une des voix les plus influentes\" \/>\n<meta property=\"og:url\" content=\"https:\/\/vieassociative.be\/actualites\/le-philosophe-jurgen-habermas-est-decede-a-lage-de-96-ans\/\" \/>\n<meta property=\"og:site_name\" content=\"Vie Associative\" \/>\n<meta property=\"article:published_time\" content=\"2026-03-15T03:17:23+00:00\" \/>\n<meta property=\"og:image\" content=\"https:\/\/vieassociative.be\/actualites\/wp-content\/uploads\/2024\/09\/header_backgroundk-01-e1726694325946.png\" \/>\n\t<meta property=\"og:image:width\" content=\"279\" \/>\n\t<meta property=\"og:image:height\" content=\"92\" \/>\n\t<meta property=\"og:image:type\" content=\"image\/png\" \/>\n<meta name=\"author\" content=\"Julien\" \/>\n<meta name=\"twitter:card\" content=\"summary_large_image\" \/>\n<meta name=\"twitter:label1\" content=\"\u00c9crit par\" \/>\n\t<meta name=\"twitter:data1\" content=\"Julien\" \/>\n\t<meta name=\"twitter:label2\" content=\"Dur\u00e9e de lecture est.\" \/>\n\t<meta name=\"twitter:data2\" content=\"2 minutes\" \/>\n<script type=\"application\/ld+json\" class=\"yoast-schema-graph\">{\"@context\":\"https:\/\/schema.org\",\"@graph\":[{\"@type\":\"Article\",\"@id\":\"https:\/\/vieassociative.be\/actualites\/le-philosophe-jurgen-habermas-est-decede-a-lage-de-96-ans\/#article\",\"isPartOf\":{\"@id\":\"https:\/\/vieassociative.be\/actualites\/le-philosophe-jurgen-habermas-est-decede-a-lage-de-96-ans\/\"},\"author\":{\"name\":\"Julien\",\"@id\":\"https:\/\/vieassociative.be\/actualites\/#\/schema\/person\/b87ac4f82f9d4e7b7cec7395b679edc4\"},\"headline\":\"Le philosophe J\u00fcrgen Habermas est d\u00e9c\u00e9d\u00e9 \u00e0 l&rsquo;\u00e2ge de 96 ans\",\"datePublished\":\"2026-03-15T03:17:23+00:00\",\"dateModified\":\"2026-03-15T03:17:23+00:00\",\"mainEntityOfPage\":{\"@id\":\"https:\/\/vieassociative.be\/actualites\/le-philosophe-jurgen-habermas-est-decede-a-lage-de-96-ans\/\"},\"wordCount\":356,\"publisher\":{\"@id\":\"https:\/\/vieassociative.be\/actualites\/#organization\"},\"image\":{\"@id\":\"https:\/\/vieassociative.be\/actualites\/le-philosophe-jurgen-habermas-est-decede-a-lage-de-96-ans\/#primaryimage\"},\"thumbnailUrl\":\"https:\/\/vieassociative.be\/actualites\/wp-content\/uploads\/2026\/03\/1773544644_Le-philosophe-Jurgen-Habermas-est-decede-a-lage-de-96.jpg\",\"keywords\":[\"ans\",\"d\u00e9c\u00e9d\u00e9\",\"est\",\"Habermas\",\"J\u00fcrgen\",\"l\u00e2ge\",\"philosophe\"],\"articleSection\":[\"Belgique\"],\"inLanguage\":\"fr-BE\"},{\"@type\":\"WebPage\",\"@id\":\"https:\/\/vieassociative.be\/actualites\/le-philosophe-jurgen-habermas-est-decede-a-lage-de-96-ans\/\",\"url\":\"https:\/\/vieassociative.be\/actualites\/le-philosophe-jurgen-habermas-est-decede-a-lage-de-96-ans\/\",\"name\":\"Le philosophe J\u00fcrgen Habermas est d\u00e9c\u00e9d\u00e9 \u00e0 l'\u00e2ge de 96 ans | Vie Associative\",\"isPartOf\":{\"@id\":\"https:\/\/vieassociative.be\/actualites\/#website\"},\"primaryImageOfPage\":{\"@id\":\"https:\/\/vieassociative.be\/actualites\/le-philosophe-jurgen-habermas-est-decede-a-lage-de-96-ans\/#primaryimage\"},\"image\":{\"@id\":\"https:\/\/vieassociative.be\/actualites\/le-philosophe-jurgen-habermas-est-decede-a-lage-de-96-ans\/#primaryimage\"},\"thumbnailUrl\":\"https:\/\/vieassociative.be\/actualites\/wp-content\/uploads\/2026\/03\/1773544644_Le-philosophe-Jurgen-Habermas-est-decede-a-lage-de-96.jpg\",\"datePublished\":\"2026-03-15T03:17:23+00:00\",\"dateModified\":\"2026-03-15T03:17:23+00:00\",\"breadcrumb\":{\"@id\":\"https:\/\/vieassociative.be\/actualites\/le-philosophe-jurgen-habermas-est-decede-a-lage-de-96-ans\/#breadcrumb\"},\"inLanguage\":\"fr-BE\",\"potentialAction\":[{\"@type\":\"ReadAction\",\"target\":[\"https:\/\/vieassociative.be\/actualites\/le-philosophe-jurgen-habermas-est-decede-a-lage-de-96-ans\/\"]}]},{\"@type\":\"ImageObject\",\"inLanguage\":\"fr-BE\",\"@id\":\"https:\/\/vieassociative.be\/actualites\/le-philosophe-jurgen-habermas-est-decede-a-lage-de-96-ans\/#primaryimage\",\"url\":\"https:\/\/vieassociative.be\/actualites\/wp-content\/uploads\/2026\/03\/1773544644_Le-philosophe-Jurgen-Habermas-est-decede-a-lage-de-96.jpg\",\"contentUrl\":\"https:\/\/vieassociative.be\/actualites\/wp-content\/uploads\/2026\/03\/1773544644_Le-philosophe-Jurgen-Habermas-est-decede-a-lage-de-96.jpg\",\"width\":1200,\"height\":836,\"caption\":\"Le philosophe J\u00fcrgen Habermas est d\u00e9c\u00e9d\u00e9 \u00e0 l'\u00e2ge de 96 ans\"},{\"@type\":\"BreadcrumbList\",\"@id\":\"https:\/\/vieassociative.be\/actualites\/le-philosophe-jurgen-habermas-est-decede-a-lage-de-96-ans\/#breadcrumb\",\"itemListElement\":[{\"@type\":\"ListItem\",\"position\":1,\"name\":\"Accueil\",\"item\":\"https:\/\/vieassociative.be\/actualites\/\"},{\"@type\":\"ListItem\",\"position\":2,\"name\":\"Le philosophe J\u00fcrgen Habermas est d\u00e9c\u00e9d\u00e9 \u00e0 l&rsquo;\u00e2ge de 96 ans\"}]},{\"@type\":\"WebSite\",\"@id\":\"https:\/\/vieassociative.be\/actualites\/#website\",\"url\":\"https:\/\/vieassociative.be\/actualites\/\",\"name\":\"Vie Associative\",\"description\":\"\",\"publisher\":{\"@id\":\"https:\/\/vieassociative.be\/actualites\/#organization\"},\"potentialAction\":[{\"@type\":\"SearchAction\",\"target\":{\"@type\":\"EntryPoint\",\"urlTemplate\":\"https:\/\/vieassociative.be\/actualites\/?s={search_term_string}\"},\"query-input\":{\"@type\":\"PropertyValueSpecification\",\"valueRequired\":true,\"valueName\":\"search_term_string\"}}],\"inLanguage\":\"fr-BE\"},{\"@type\":\"Organization\",\"@id\":\"https:\/\/vieassociative.be\/actualites\/#organization\",\"name\":\"Vie Associative\",\"url\":\"https:\/\/vieassociative.be\/actualites\/\",\"logo\":{\"@type\":\"ImageObject\",\"inLanguage\":\"fr-BE\",\"@id\":\"https:\/\/vieassociative.be\/actualites\/#\/schema\/logo\/image\/\",\"url\":\"https:\/\/vieassociative.be\/actualites\/wp-content\/uploads\/2024\/09\/cropped-vieassociative_favicon.ico.png\",\"contentUrl\":\"https:\/\/vieassociative.be\/actualites\/wp-content\/uploads\/2024\/09\/cropped-vieassociative_favicon.ico.png\",\"width\":512,\"height\":512,\"caption\":\"Vie Associative\"},\"image\":{\"@id\":\"https:\/\/vieassociative.be\/actualites\/#\/schema\/logo\/image\/\"}},{\"@type\":\"Person\",\"@id\":\"https:\/\/vieassociative.be\/actualites\/#\/schema\/person\/b87ac4f82f9d4e7b7cec7395b679edc4\",\"name\":\"Julien\",\"image\":{\"@type\":\"ImageObject\",\"inLanguage\":\"fr-BE\",\"@id\":\"https:\/\/vieassociative.be\/actualites\/#\/schema\/person\/image\/\",\"url\":\"https:\/\/vieassociative.be\/actualites\/wp-content\/uploads\/2024\/09\/vie-associative-1-150x150.jpg\",\"contentUrl\":\"https:\/\/vieassociative.be\/actualites\/wp-content\/uploads\/2024\/09\/vie-associative-1-150x150.jpg\",\"caption\":\"Julien\"},\"description\":\"Je suis Julien, r\u00e9dacteur pour Vie Associative. Passionn\u00e9 par le monde associatif depuis plus de 10 ans, j'ai \u00e0 c\u0153ur de partager des histoires inspirantes et de mettre en lumi\u00e8re les initiatives locales. Mon objectif est de sensibiliser et d'encourager l'engagement communautaire \u00e0 travers mes articles.\",\"sameAs\":[\"https:\/\/vieassociative.be\/\"]}]}<\/script>\n<!-- \/ Yoast SEO plugin. -->","yoast_head_json":{"title":"Le philosophe J\u00fcrgen Habermas est d\u00e9c\u00e9d\u00e9 \u00e0 l'\u00e2ge de 96 ans | Vie Associative","robots":{"index":"index","follow":"follow","max-snippet":"max-snippet:-1","max-image-preview":"max-image-preview:large","max-video-preview":"max-video-preview:-1"},"canonical":"https:\/\/vieassociative.be\/actualites\/le-philosophe-jurgen-habermas-est-decede-a-lage-de-96-ans\/","og_locale":"fr_FR","og_type":"article","og_title":"Le philosophe J\u00fcrgen Habermas est d\u00e9c\u00e9d\u00e9 \u00e0 l'\u00e2ge de 96 ans | Vie Associative","og_description":"Du mouvement \u00e9tudiant au d\u00e9bat contemporain : J\u00fcrgen Habermas a influenc\u00e9 des g\u00e9n\u00e9rations de penseurs. Maintenant, il est mort. L&rsquo;une des voix les plus influentes","og_url":"https:\/\/vieassociative.be\/actualites\/le-philosophe-jurgen-habermas-est-decede-a-lage-de-96-ans\/","og_site_name":"Vie Associative","article_published_time":"2026-03-15T03:17:23+00:00","og_image":[{"width":279,"height":92,"url":"https:\/\/vieassociative.be\/actualites\/wp-content\/uploads\/2024\/09\/header_backgroundk-01-e1726694325946.png","type":"image\/png"}],"author":"Julien","twitter_card":"summary_large_image","twitter_misc":{"\u00c9crit par":"Julien","Dur\u00e9e de lecture est.":"2 minutes"},"schema":{"@context":"https:\/\/schema.org","@graph":[{"@type":"Article","@id":"https:\/\/vieassociative.be\/actualites\/le-philosophe-jurgen-habermas-est-decede-a-lage-de-96-ans\/#article","isPartOf":{"@id":"https:\/\/vieassociative.be\/actualites\/le-philosophe-jurgen-habermas-est-decede-a-lage-de-96-ans\/"},"author":{"name":"Julien","@id":"https:\/\/vieassociative.be\/actualites\/#\/schema\/person\/b87ac4f82f9d4e7b7cec7395b679edc4"},"headline":"Le philosophe J\u00fcrgen Habermas est d\u00e9c\u00e9d\u00e9 \u00e0 l&rsquo;\u00e2ge de 96 ans","datePublished":"2026-03-15T03:17:23+00:00","dateModified":"2026-03-15T03:17:23+00:00","mainEntityOfPage":{"@id":"https:\/\/vieassociative.be\/actualites\/le-philosophe-jurgen-habermas-est-decede-a-lage-de-96-ans\/"},"wordCount":356,"publisher":{"@id":"https:\/\/vieassociative.be\/actualites\/#organization"},"image":{"@id":"https:\/\/vieassociative.be\/actualites\/le-philosophe-jurgen-habermas-est-decede-a-lage-de-96-ans\/#primaryimage"},"thumbnailUrl":"https:\/\/vieassociative.be\/actualites\/wp-content\/uploads\/2026\/03\/1773544644_Le-philosophe-Jurgen-Habermas-est-decede-a-lage-de-96.jpg","keywords":["ans","d\u00e9c\u00e9d\u00e9","est","Habermas","J\u00fcrgen","l\u00e2ge","philosophe"],"articleSection":["Belgique"],"inLanguage":"fr-BE"},{"@type":"WebPage","@id":"https:\/\/vieassociative.be\/actualites\/le-philosophe-jurgen-habermas-est-decede-a-lage-de-96-ans\/","url":"https:\/\/vieassociative.be\/actualites\/le-philosophe-jurgen-habermas-est-decede-a-lage-de-96-ans\/","name":"Le philosophe J\u00fcrgen Habermas est d\u00e9c\u00e9d\u00e9 \u00e0 l'\u00e2ge de 96 ans | Vie Associative","isPartOf":{"@id":"https:\/\/vieassociative.be\/actualites\/#website"},"primaryImageOfPage":{"@id":"https:\/\/vieassociative.be\/actualites\/le-philosophe-jurgen-habermas-est-decede-a-lage-de-96-ans\/#primaryimage"},"image":{"@id":"https:\/\/vieassociative.be\/actualites\/le-philosophe-jurgen-habermas-est-decede-a-lage-de-96-ans\/#primaryimage"},"thumbnailUrl":"https:\/\/vieassociative.be\/actualites\/wp-content\/uploads\/2026\/03\/1773544644_Le-philosophe-Jurgen-Habermas-est-decede-a-lage-de-96.jpg","datePublished":"2026-03-15T03:17:23+00:00","dateModified":"2026-03-15T03:17:23+00:00","breadcrumb":{"@id":"https:\/\/vieassociative.be\/actualites\/le-philosophe-jurgen-habermas-est-decede-a-lage-de-96-ans\/#breadcrumb"},"inLanguage":"fr-BE","potentialAction":[{"@type":"ReadAction","target":["https:\/\/vieassociative.be\/actualites\/le-philosophe-jurgen-habermas-est-decede-a-lage-de-96-ans\/"]}]},{"@type":"ImageObject","inLanguage":"fr-BE","@id":"https:\/\/vieassociative.be\/actualites\/le-philosophe-jurgen-habermas-est-decede-a-lage-de-96-ans\/#primaryimage","url":"https:\/\/vieassociative.be\/actualites\/wp-content\/uploads\/2026\/03\/1773544644_Le-philosophe-Jurgen-Habermas-est-decede-a-lage-de-96.jpg","contentUrl":"https:\/\/vieassociative.be\/actualites\/wp-content\/uploads\/2026\/03\/1773544644_Le-philosophe-Jurgen-Habermas-est-decede-a-lage-de-96.jpg","width":1200,"height":836,"caption":"Le philosophe J\u00fcrgen Habermas est d\u00e9c\u00e9d\u00e9 \u00e0 l'\u00e2ge de 96 ans"},{"@type":"BreadcrumbList","@id":"https:\/\/vieassociative.be\/actualites\/le-philosophe-jurgen-habermas-est-decede-a-lage-de-96-ans\/#breadcrumb","itemListElement":[{"@type":"ListItem","position":1,"name":"Accueil","item":"https:\/\/vieassociative.be\/actualites\/"},{"@type":"ListItem","position":2,"name":"Le philosophe J\u00fcrgen Habermas est d\u00e9c\u00e9d\u00e9 \u00e0 l&rsquo;\u00e2ge de 96 ans"}]},{"@type":"WebSite","@id":"https:\/\/vieassociative.be\/actualites\/#website","url":"https:\/\/vieassociative.be\/actualites\/","name":"Vie Associative","description":"","publisher":{"@id":"https:\/\/vieassociative.be\/actualites\/#organization"},"potentialAction":[{"@type":"SearchAction","target":{"@type":"EntryPoint","urlTemplate":"https:\/\/vieassociative.be\/actualites\/?s={search_term_string}"},"query-input":{"@type":"PropertyValueSpecification","valueRequired":true,"valueName":"search_term_string"}}],"inLanguage":"fr-BE"},{"@type":"Organization","@id":"https:\/\/vieassociative.be\/actualites\/#organization","name":"Vie Associative","url":"https:\/\/vieassociative.be\/actualites\/","logo":{"@type":"ImageObject","inLanguage":"fr-BE","@id":"https:\/\/vieassociative.be\/actualites\/#\/schema\/logo\/image\/","url":"https:\/\/vieassociative.be\/actualites\/wp-content\/uploads\/2024\/09\/cropped-vieassociative_favicon.ico.png","contentUrl":"https:\/\/vieassociative.be\/actualites\/wp-content\/uploads\/2024\/09\/cropped-vieassociative_favicon.ico.png","width":512,"height":512,"caption":"Vie Associative"},"image":{"@id":"https:\/\/vieassociative.be\/actualites\/#\/schema\/logo\/image\/"}},{"@type":"Person","@id":"https:\/\/vieassociative.be\/actualites\/#\/schema\/person\/b87ac4f82f9d4e7b7cec7395b679edc4","name":"Julien","image":{"@type":"ImageObject","inLanguage":"fr-BE","@id":"https:\/\/vieassociative.be\/actualites\/#\/schema\/person\/image\/","url":"https:\/\/vieassociative.be\/actualites\/wp-content\/uploads\/2024\/09\/vie-associative-1-150x150.jpg","contentUrl":"https:\/\/vieassociative.be\/actualites\/wp-content\/uploads\/2024\/09\/vie-associative-1-150x150.jpg","caption":"Julien"},"description":"Je suis Julien, r\u00e9dacteur pour Vie Associative. Passionn\u00e9 par le monde associatif depuis plus de 10 ans, j'ai \u00e0 c\u0153ur de partager des histoires inspirantes et de mettre en lumi\u00e8re les initiatives locales. Mon objectif est de sensibiliser et d'encourager l'engagement communautaire \u00e0 travers mes articles.","sameAs":["https:\/\/vieassociative.be\/"]}]}},"_links":{"self":[{"href":"https:\/\/vieassociative.be\/actualites\/wp-json\/wp\/v2\/posts\/13029"}],"collection":[{"href":"https:\/\/vieassociative.be\/actualites\/wp-json\/wp\/v2\/posts"}],"about":[{"href":"https:\/\/vieassociative.be\/actualites\/wp-json\/wp\/v2\/types\/post"}],"author":[{"embeddable":true,"href":"https:\/\/vieassociative.be\/actualites\/wp-json\/wp\/v2\/users\/1"}],"replies":[{"embeddable":true,"href":"https:\/\/vieassociative.be\/actualites\/wp-json\/wp\/v2\/comments?post=13029"}],"version-history":[{"count":0,"href":"https:\/\/vieassociative.be\/actualites\/wp-json\/wp\/v2\/posts\/13029\/revisions"}],"wp:featuredmedia":[{"embeddable":true,"href":"https:\/\/vieassociative.be\/actualites\/wp-json\/wp\/v2\/media\/13030"}],"wp:attachment":[{"href":"https:\/\/vieassociative.be\/actualites\/wp-json\/wp\/v2\/media?parent=13029"}],"wp:term":[{"taxonomy":"category","embeddable":true,"href":"https:\/\/vieassociative.be\/actualites\/wp-json\/wp\/v2\/categories?post=13029"},{"taxonomy":"post_tag","embeddable":true,"href":"https:\/\/vieassociative.be\/actualites\/wp-json\/wp\/v2\/tags?post=13029"}],"curies":[{"name":"wp","href":"https:\/\/api.w.org\/{rel}","templated":true}]}}