{"id":13027,"date":"2026-03-15T03:17:06","date_gmt":"2026-03-15T02:17:06","guid":{"rendered":"https:\/\/vieassociative.be\/actualites\/amazon-vous-offrira-une-carte-cadeau-de-200-a-lachat-du-nouveau-samsung-galaxy-s26\/"},"modified":"2026-03-15T03:17:06","modified_gmt":"2026-03-15T02:17:06","slug":"amazon-vous-offrira-une-carte-cadeau-de-200-a-lachat-du-nouveau-samsung-galaxy-s26","status":"publish","type":"post","link":"https:\/\/vieassociative.be\/actualites\/amazon-vous-offrira-une-carte-cadeau-de-200-a-lachat-du-nouveau-samsung-galaxy-s26\/","title":{"rendered":"Amazon vous offrira une carte-cadeau de 200 $ \u00e0 l&rsquo;achat du nouveau Samsung Galaxy S26"},"content":{"rendered":"<p>Nous pouvons gagner une commission sur les liens sur cette page. Les prix et la disponibilit\u00e9 de l&rsquo;offre sont sujets \u00e0 changement apr\u00e8s la publication.<\/p>\n<p>Cela ne fait m\u00eame pas un mois que Samsung a annonc\u00e9 la nouvelle gamme de t\u00e9l\u00e9phones Galaxy S26 et la version phare, le Galaxy S26 Ultra, qui commence \u00e0 <strong>1\u00a0299,99\u00a0$<\/strong>b\u00e9n\u00e9ficie d\u00e9j\u00e0 d&rsquo;une bonne affaire d&rsquo;Amazon : vous pouvez obtenir une carte-cadeau Amazon de 200 $ lorsque vous passez votre commande via le d\u00e9taillant en ligne. L\u2019accord s\u2019applique aux quatre couleurs, ainsi qu\u2019\u00e0 la version de base de 256 Go et \u00e0 l\u2019option de stockage maximale de 512 Go. <\/p>\n<p>Il convient de noter que si vous envisagez d&rsquo;effectuer un \u00e9change, Samsung propose de meilleurs cr\u00e9dits d&rsquo;\u00e9change qu&rsquo;Amazon, allant jusqu&rsquo;\u00e0 720 $. <\/p>\n<div class=\"pogoClear mb-12 mt-10 rounded-md border-2 border-gray-100 py-7 shadow-xl md:py-6\">\n<div class=\"flex flex-wrap justify-between px-7 text-black no-underline md:flex-nowrap md:px-8\">\n<div class=\"order-1 mx-auto flex flex-col justify-center md:order-2 md:ml-4 md:w-full md:grow\">\n<div class=\"block cursor-pointer text-center font-akshar text-2xl font-medium leading-7 text-brand-green duration-200 ease-in-out hover:text-brand-green-700 md:text-left md:text-xl md:leading-6\">Samsung Galaxy S26 Ultra + carte-cadeau de 200\u00a0$\n                <\/div>\n<div class=\"mt-4 block font-sans text-sm font-medium leading-4 text-gray-900 md:mx-0 md:mt-2\">256 Go, \u00e9cran de confidentialit\u00e9, Galaxy AI, cam\u00e9ra AI, charge ultra rapide 3.0, batterie durable, 2026, garantie am\u00e9ricaine d&rsquo;un an\n                    <\/div>\n<div class=\"mt-4 hidden md:flex md:justify-between\">\n<div class=\"self-end\">\n<div class=\"mb-0 h-11 md:flex md:flex-col md:justify-center\">\n<div class=\" font-sans leading-4 text-black\">\n<div class=\"flex flex-wrap items-center justify-center gap-1 md:justify-start\">\n        <span class=\"font-bold\"><\/p>\n<p>            1\u00a0299,99\u00a0$<br \/>\n                            <span class=\"font-medium\">chez Amazon<\/span><br \/>\n                    <\/span>\n            <\/div>\n<\/p><\/div>\n<\/p><\/div>\n<\/p><\/div>\n<div class=\"w-44 self-end\">\n                            <button class=\"flex justify-center items-center w-full bg-brand-green text-white text-base font-sans font-medium rounded-md hover:bg-brand-green-700 hover:cursor-pointer md:text-sm h-11\"><\/p>\n<p>    Obtenez une offre<br \/>\n<\/button>\n                        <\/div>\n<\/p><\/div>\n<\/p><\/div>\n<div class=\"order-2 mt-5 h-auto w-full md:order-1 md:mt-0 md:hidden\">\n<div class=\"flex aspect-video items-center justify-center\">\n                                            <img decoding=\"async\" class=\"m-0 max-h-full max-w-full rounded-md\" src=\"https:\/\/vieassociative.be\/actualites\/wp-content\/uploads\/2026\/03\/Amazon-vous-offrira-une-carte-cadeau-de-200-a-lachat.jpg\" alt=\"Smartphone Samsung Galaxy S26 Ultra AI\" width=\"auto\" height=\"auto\" loading=\"lazy\">\n                                    <\/div>\n<\/p><\/div>\n<div class=\"order-2 ml-2 hidden w-32 shrink-0 items-center md:order-1 md:ml-0 md:flex\">\n<div class=\"flex aspect-video items-center justify-center\">\n                                            <img decoding=\"async\" class=\"m-0 max-h-full max-w-full rounded-md\" src=\"https:\/\/vieassociative.be\/actualites\/wp-content\/uploads\/2026\/03\/Amazon-vous-offrira-une-carte-cadeau-de-200-a-lachat.jpg\" alt=\"Smartphone Samsung Galaxy S26 Ultra AI\" width=\"auto\" height=\"auto\" loading=\"lazy\">\n                                    <\/div>\n<\/p><\/div>\n<div class=\"order-3 flex grow flex-wrap md:hidden md:grow-0\">\n<div class=\"mt-4 w-full\">\n                        <button class=\"flex justify-center items-center w-full bg-brand-green text-white text-base font-sans font-medium rounded-md hover:bg-brand-green-700 hover:cursor-pointer md:text-sm h-11\"><\/p>\n<p>    Obtenez une offre<br \/>\n<\/button>\n                    <\/div>\n<div class=\"mx-2 mt-4 w-full\">\n<div class=\" font-sans leading-4 text-black\">\n<div class=\"flex flex-wrap items-center justify-center gap-1 md:justify-start\">\n        <span class=\"font-bold\"><\/p>\n<p>            1\u00a0299,99\u00a0$<br \/>\n                            <span class=\"font-medium\">chez Amazon<\/span><br \/>\n                    <\/span>\n            <\/div>\n<\/p><\/div>\n<\/p><\/div>\n<\/p><\/div>\n<\/p><\/div>\n<\/div>\n<p>Le nouveau Samsung Galaxy S26 Ultra est impressionnant, tant par ses sp\u00e9cifications, son design que par ses nouvelles fonctionnalit\u00e9s pratiques. La nouvelle fonctionnalit\u00e9 la plus impressionnante que vous remarquerez est l&rsquo;\u00e9cran de confidentialit\u00e9 int\u00e9gr\u00e9, qui fonctionne comme un \u00e9cran de confidentialit\u00e9 que vous ach\u00e8teriez aupr\u00e8s d&rsquo;un vendeur tiers. C&rsquo;est une fonctionnalit\u00e9 qu&rsquo;aucune compagnie de t\u00e9l\u00e9phone n&rsquo;a essay\u00e9e auparavant, mais si elle fonctionne, je ne serais pas surpris si d&rsquo;autres embo\u00eetent le pas. (La fonctionnalit\u00e9 peut \u00eatre activ\u00e9e et d\u00e9sactiv\u00e9e.) <\/p>\n<p>Les appareils photo sont excellents, avec trois objectifs (200MP, 50MP, 50MP et 10MP). La cam\u00e9ra frontale est une 12MP. Vous remarquerez que le mat\u00e9riel n&rsquo;est pas tr\u00e8s diff\u00e9rent du Galaxy S25 Ultra, mais il y a de nouvelles fonctionnalit\u00e9s. L&rsquo;une est la fonction d&rsquo;enregistrement vid\u00e9o professionnelle, qui vous permet d&rsquo;enregistrer sur des disques externes et de filmer avec le codec APV (le codec vid\u00e9o professionnel de Samsung)\u00a0; les photographes plus avanc\u00e9s appr\u00e9cieront les formats vid\u00e9o \u00e0 plus haute r\u00e9solution. Il existe \u00e9galement un nouveau stabilisateur vid\u00e9o pour \u00e9viter que vos vid\u00e9os ne paraissent cahoteuses, de nouveaux processeurs IA pour faire ressortir les d\u00e9tails des photos, de meilleures fonctionnalit\u00e9s de prise de vue nocturne, et bien plus encore.<\/p>\n<p>Vous remarquerez qu&rsquo;il y a une nette augmentation des prix par rapport \u00e0 la g\u00e9n\u00e9ration pr\u00e9c\u00e9dente, mais j&rsquo;esp\u00e8re que la carte-cadeau Amazon de 200 $ aidera \u00e0 att\u00e9nuer cette douleur. Vous pouvez en savoir plus sur le Galaxy S26 Ultra dans l&rsquo;excellente critique de PCMag.<\/p>\n<div class=\"mx-auto mt-8 w-full max-w-4xl aspect-video\">\n<div id=\"video-container-01KKQJWQ162QYN91NPJJGT90B7\"><\/div>\n<\/div>\n<div class=\" relative flex justify-center py-16 md:left-1\/2 md:w-(780px) md:max-w-max md:-translate-x-1\/2\">\n<div class=\"w-max text-center sm:text-left\">\n<div class=\"custom-gradient-background mb-6 rounded-md p-(2px) sm:rounded-tl-none\">\n<div class=\"flex flex-col rounded bg-white sm:rounded-tl-none\">\n                    <span class=\"-mt-4 block w-fit max-w-(calc(100%-1rem)) self-center bg-white px-3 text-center font-akshar text-xl font-medium capitalize text-gray-800 sm:max-w-(calc(100%-2.5rem)) sm:self-start sm:px-10 sm:text-left sm:text-2xl\">Nos meilleures offres technologiques approuv\u00e9es par les \u00e9diteurs en ce moment<\/span><\/p>\n<div class=\"flex flex-col gap-3 p-3 pb-4 text-sm sm:p-10 sm:pt-6 sm:text-justify sm:text-base\">\n<div>\n<p>    \u00c9couteurs sans fil \u00e0 suppression active du bruit Apple AirPods 4<\/p>\n<p>                                <span class=\"text-black\"><br \/>\n                                    \u2014<br \/>\n                                    <span class=\"font-bold\">119,99\u00a0$<\/span><br \/>\n                                    <span class=\"!text-xs italic sm:!text-sm\"><\/p>\n<p>                                        (Prix catalogue 179,00 $)<br \/>\n                                    <\/span><br \/>\n                                <\/span>\n                            <\/div>\n<div>\n<p>    Samsung Galaxy S26 512 Go + carte-cadeau Amazon de 100 $ (noir)<\/p>\n<p>                                <span class=\"text-black\"><br \/>\n                                    \u2014<br \/>\n                                    <span class=\"font-bold\">1\u00a0099,99\u00a0$<\/span><br \/>\n                                    <span class=\"!text-xs italic sm:!text-sm\"><\/p>\n<p>                                        (Prix catalogue 1\u00a0099,99\u00a0$)<br \/>\n                                    <\/span><br \/>\n                                <\/span>\n                            <\/div>\n<div>\n<p>    Google Pixel 10a 128 Go 6,3&Prime; Smartphone d\u00e9bloqu\u00e9 + carte-cadeau de 100\u00a0$<\/p>\n<p>                                <span class=\"text-black\"><br \/>\n                                    \u2014<br \/>\n                                    <span class=\"font-bold\">599,00\u00a0$<\/span><br \/>\n                                    <span class=\"!text-xs italic sm:!text-sm\"><\/p>\n<p>                                        (Prix catalogue 599,00 $)<br \/>\n                                    <\/span><br \/>\n                                <\/span>\n                            <\/div>\n<div>\n<p>    Apple iPad 11&Prime; 128 Go A16 WiFi Tablette (Bleu, 2025)<\/p>\n<p>                                <span class=\"text-black\"><br \/>\n                                    \u2014<br \/>\n                                    <span class=\"font-bold\">299,00\u00a0$<\/span><br \/>\n                                    <span class=\"!text-xs italic sm:!text-sm\"><\/p>\n<p>                                        (Prix catalogue 349,00 $)<br \/>\n                                    <\/span><br \/>\n                                <\/span>\n                            <\/div>\n<div>\n<p>    Apple Watch Series 11 (GPS, 42 mm, bracelet sport noir S\/M)<\/p>\n<p>                                <span class=\"text-black\"><br \/>\n                                    \u2014<br \/>\n                                    <span class=\"font-bold\">299,00\u00a0$<\/span><br \/>\n                                    <span class=\"!text-xs italic sm:!text-sm\"><\/p>\n<p>                                        (Prix catalogue 399,00 $)<br \/>\n                                    <\/span><br \/>\n                                <\/span>\n                            <\/div>\n<div>\n<p>    Barre de son Amazon Fire TV<\/p>\n<p>                                <span class=\"text-black\"><br \/>\n                                    \u2014<br \/>\n                                    <span class=\"font-bold\">99,99\u00a0$<\/span><br \/>\n                                    <span class=\"!text-xs italic sm:!text-sm\"><\/p>\n<p>                                        (Prix catalogue 119,99 $)<br \/>\n                                    <\/span><br \/>\n                                <\/span>\n                            <\/div>\n<\/p><\/div>\n<\/p><\/div>\n<\/p><\/div>\n<div class=\"flex flex-col items-center justify-between text-black sm:flex-row sm:px-6\">\n                <span class=\"text-xs italic sm:ml-7 sm:text-sm\">Les offres sont s\u00e9lectionn\u00e9es par notre \u00e9quipe commerciale<\/span><\/p><\/div>\n<\/p><\/div>\n<\/p><\/div>\n","protected":false},"excerpt":{"rendered":"<p>Nous pouvons gagner une commission sur les liens sur cette page. Les prix et la disponibilit\u00e9 de l&rsquo;offre sont sujets \u00e0 changement apr\u00e8s la publication.<\/p>\n","protected":false},"author":1,"featured_media":13028,"comment_status":"","ping_status":"","sticky":false,"template":"","format":"standard","meta":{"footnotes":""},"categories":[10249],"tags":[51,1224,4183,2128,553,8563,920,1878,110,4],"class_list":["post-13027","post","type-post","status-publish","format-standard","has-post-thumbnail","hentry","category-android","tag-amazon","tag-cartecadeau","tag-galaxy","tag-lachat","tag-nouveau","tag-offrira","tag-s26","tag-samsung","tag-une","tag-vous","generate-columns","tablet-grid-50","mobile-grid-100","grid-parent","grid-33"],"yoast_head":"<!-- This site is optimized with the Yoast SEO plugin v24.0 - https:\/\/yoast.com\/wordpress\/plugins\/seo\/ -->\n<title>Amazon vous offrira une carte-cadeau de 200 $ \u00e0 l&#039;achat du nouveau Samsung Galaxy S26 | Vie Associative<\/title>\n<meta name=\"robots\" content=\"index, follow, max-snippet:-1, max-image-preview:large, max-video-preview:-1\" \/>\n<link rel=\"canonical\" href=\"https:\/\/vieassociative.be\/actualites\/amazon-vous-offrira-une-carte-cadeau-de-200-a-lachat-du-nouveau-samsung-galaxy-s26\/\" \/>\n<meta property=\"og:locale\" content=\"fr_FR\" \/>\n<meta property=\"og:type\" content=\"article\" \/>\n<meta property=\"og:title\" content=\"Amazon vous offrira une carte-cadeau de 200 $ \u00e0 l&#039;achat du nouveau Samsung Galaxy S26 | Vie Associative\" \/>\n<meta property=\"og:description\" content=\"Nous pouvons gagner une commission sur les liens sur cette page. Les prix et la disponibilit\u00e9 de l&rsquo;offre sont sujets \u00e0 changement apr\u00e8s la publication.\" \/>\n<meta property=\"og:url\" content=\"https:\/\/vieassociative.be\/actualites\/amazon-vous-offrira-une-carte-cadeau-de-200-a-lachat-du-nouveau-samsung-galaxy-s26\/\" \/>\n<meta property=\"og:site_name\" content=\"Vie Associative\" \/>\n<meta property=\"article:published_time\" content=\"2026-03-15T02:17:06+00:00\" \/>\n<meta property=\"og:image\" content=\"https:\/\/vieassociative.be\/actualites\/wp-content\/uploads\/2026\/03\/Amazon-vous-offrira-une-carte-cadeau-de-200-a-lachat.jpg\" \/>\n<meta name=\"author\" content=\"Julien\" \/>\n<meta name=\"twitter:card\" content=\"summary_large_image\" \/>\n<meta name=\"twitter:label1\" content=\"\u00c9crit par\" \/>\n\t<meta name=\"twitter:data1\" content=\"Julien\" \/>\n\t<meta name=\"twitter:label2\" content=\"Dur\u00e9e de lecture est.\" \/>\n\t<meta name=\"twitter:data2\" content=\"3 minutes\" \/>\n<script type=\"application\/ld+json\" class=\"yoast-schema-graph\">{\"@context\":\"https:\/\/schema.org\",\"@graph\":[{\"@type\":\"Article\",\"@id\":\"https:\/\/vieassociative.be\/actualites\/amazon-vous-offrira-une-carte-cadeau-de-200-a-lachat-du-nouveau-samsung-galaxy-s26\/#article\",\"isPartOf\":{\"@id\":\"https:\/\/vieassociative.be\/actualites\/amazon-vous-offrira-une-carte-cadeau-de-200-a-lachat-du-nouveau-samsung-galaxy-s26\/\"},\"author\":{\"name\":\"Julien\",\"@id\":\"https:\/\/vieassociative.be\/actualites\/#\/schema\/person\/b87ac4f82f9d4e7b7cec7395b679edc4\"},\"headline\":\"Amazon vous offrira une carte-cadeau de 200 $ \u00e0 l&rsquo;achat du nouveau Samsung Galaxy S26\",\"datePublished\":\"2026-03-15T02:17:06+00:00\",\"dateModified\":\"2026-03-15T02:17:06+00:00\",\"mainEntityOfPage\":{\"@id\":\"https:\/\/vieassociative.be\/actualites\/amazon-vous-offrira-une-carte-cadeau-de-200-a-lachat-du-nouveau-samsung-galaxy-s26\/\"},\"wordCount\":547,\"publisher\":{\"@id\":\"https:\/\/vieassociative.be\/actualites\/#organization\"},\"image\":{\"@id\":\"https:\/\/vieassociative.be\/actualites\/amazon-vous-offrira-une-carte-cadeau-de-200-a-lachat-du-nouveau-samsung-galaxy-s26\/#primaryimage\"},\"thumbnailUrl\":\"https:\/\/vieassociative.be\/actualites\/wp-content\/uploads\/2026\/03\/Amazon-vous-offrira-une-carte-cadeau-de-200-a-lachat.png\",\"keywords\":[\"Amazon\",\"cartecadeau\",\"Galaxy\",\"lachat\",\"nouveau\",\"offrira\",\"S26\",\"Samsung\",\"une\",\"Vous\"],\"articleSection\":[\"Android\"],\"inLanguage\":\"fr-BE\"},{\"@type\":\"WebPage\",\"@id\":\"https:\/\/vieassociative.be\/actualites\/amazon-vous-offrira-une-carte-cadeau-de-200-a-lachat-du-nouveau-samsung-galaxy-s26\/\",\"url\":\"https:\/\/vieassociative.be\/actualites\/amazon-vous-offrira-une-carte-cadeau-de-200-a-lachat-du-nouveau-samsung-galaxy-s26\/\",\"name\":\"Amazon vous offrira une carte-cadeau de 200 $ \u00e0 l'achat du nouveau Samsung Galaxy S26 | Vie Associative\",\"isPartOf\":{\"@id\":\"https:\/\/vieassociative.be\/actualites\/#website\"},\"primaryImageOfPage\":{\"@id\":\"https:\/\/vieassociative.be\/actualites\/amazon-vous-offrira-une-carte-cadeau-de-200-a-lachat-du-nouveau-samsung-galaxy-s26\/#primaryimage\"},\"image\":{\"@id\":\"https:\/\/vieassociative.be\/actualites\/amazon-vous-offrira-une-carte-cadeau-de-200-a-lachat-du-nouveau-samsung-galaxy-s26\/#primaryimage\"},\"thumbnailUrl\":\"https:\/\/vieassociative.be\/actualites\/wp-content\/uploads\/2026\/03\/Amazon-vous-offrira-une-carte-cadeau-de-200-a-lachat.png\",\"datePublished\":\"2026-03-15T02:17:06+00:00\",\"dateModified\":\"2026-03-15T02:17:06+00:00\",\"breadcrumb\":{\"@id\":\"https:\/\/vieassociative.be\/actualites\/amazon-vous-offrira-une-carte-cadeau-de-200-a-lachat-du-nouveau-samsung-galaxy-s26\/#breadcrumb\"},\"inLanguage\":\"fr-BE\",\"potentialAction\":[{\"@type\":\"ReadAction\",\"target\":[\"https:\/\/vieassociative.be\/actualites\/amazon-vous-offrira-une-carte-cadeau-de-200-a-lachat-du-nouveau-samsung-galaxy-s26\/\"]}]},{\"@type\":\"ImageObject\",\"inLanguage\":\"fr-BE\",\"@id\":\"https:\/\/vieassociative.be\/actualites\/amazon-vous-offrira-une-carte-cadeau-de-200-a-lachat-du-nouveau-samsung-galaxy-s26\/#primaryimage\",\"url\":\"https:\/\/vieassociative.be\/actualites\/wp-content\/uploads\/2026\/03\/Amazon-vous-offrira-une-carte-cadeau-de-200-a-lachat.png\",\"contentUrl\":\"https:\/\/vieassociative.be\/actualites\/wp-content\/uploads\/2026\/03\/Amazon-vous-offrira-une-carte-cadeau-de-200-a-lachat.png\",\"width\":1200,\"height\":675,\"caption\":\"Amazon vous offrira une carte-cadeau de 200 $ \u00e0 l'achat du nouveau Samsung Galaxy S26\"},{\"@type\":\"BreadcrumbList\",\"@id\":\"https:\/\/vieassociative.be\/actualites\/amazon-vous-offrira-une-carte-cadeau-de-200-a-lachat-du-nouveau-samsung-galaxy-s26\/#breadcrumb\",\"itemListElement\":[{\"@type\":\"ListItem\",\"position\":1,\"name\":\"Accueil\",\"item\":\"https:\/\/vieassociative.be\/actualites\/\"},{\"@type\":\"ListItem\",\"position\":2,\"name\":\"Amazon vous offrira une carte-cadeau de 200 $ \u00e0 l&rsquo;achat du nouveau Samsung Galaxy S26\"}]},{\"@type\":\"WebSite\",\"@id\":\"https:\/\/vieassociative.be\/actualites\/#website\",\"url\":\"https:\/\/vieassociative.be\/actualites\/\",\"name\":\"Vie Associative\",\"description\":\"\",\"publisher\":{\"@id\":\"https:\/\/vieassociative.be\/actualites\/#organization\"},\"potentialAction\":[{\"@type\":\"SearchAction\",\"target\":{\"@type\":\"EntryPoint\",\"urlTemplate\":\"https:\/\/vieassociative.be\/actualites\/?s={search_term_string}\"},\"query-input\":{\"@type\":\"PropertyValueSpecification\",\"valueRequired\":true,\"valueName\":\"search_term_string\"}}],\"inLanguage\":\"fr-BE\"},{\"@type\":\"Organization\",\"@id\":\"https:\/\/vieassociative.be\/actualites\/#organization\",\"name\":\"Vie Associative\",\"url\":\"https:\/\/vieassociative.be\/actualites\/\",\"logo\":{\"@type\":\"ImageObject\",\"inLanguage\":\"fr-BE\",\"@id\":\"https:\/\/vieassociative.be\/actualites\/#\/schema\/logo\/image\/\",\"url\":\"https:\/\/vieassociative.be\/actualites\/wp-content\/uploads\/2024\/09\/cropped-vieassociative_favicon.ico.png\",\"contentUrl\":\"https:\/\/vieassociative.be\/actualites\/wp-content\/uploads\/2024\/09\/cropped-vieassociative_favicon.ico.png\",\"width\":512,\"height\":512,\"caption\":\"Vie Associative\"},\"image\":{\"@id\":\"https:\/\/vieassociative.be\/actualites\/#\/schema\/logo\/image\/\"}},{\"@type\":\"Person\",\"@id\":\"https:\/\/vieassociative.be\/actualites\/#\/schema\/person\/b87ac4f82f9d4e7b7cec7395b679edc4\",\"name\":\"Julien\",\"image\":{\"@type\":\"ImageObject\",\"inLanguage\":\"fr-BE\",\"@id\":\"https:\/\/vieassociative.be\/actualites\/#\/schema\/person\/image\/\",\"url\":\"https:\/\/vieassociative.be\/actualites\/wp-content\/uploads\/2024\/09\/vie-associative-1-150x150.jpg\",\"contentUrl\":\"https:\/\/vieassociative.be\/actualites\/wp-content\/uploads\/2024\/09\/vie-associative-1-150x150.jpg\",\"caption\":\"Julien\"},\"description\":\"Je suis Julien, r\u00e9dacteur pour Vie Associative. Passionn\u00e9 par le monde associatif depuis plus de 10 ans, j'ai \u00e0 c\u0153ur de partager des histoires inspirantes et de mettre en lumi\u00e8re les initiatives locales. Mon objectif est de sensibiliser et d'encourager l'engagement communautaire \u00e0 travers mes articles.\",\"sameAs\":[\"https:\/\/vieassociative.be\/\"]}]}<\/script>\n<!-- \/ Yoast SEO plugin. -->","yoast_head_json":{"title":"Amazon vous offrira une carte-cadeau de 200 $ \u00e0 l'achat du nouveau Samsung Galaxy S26 | Vie Associative","robots":{"index":"index","follow":"follow","max-snippet":"max-snippet:-1","max-image-preview":"max-image-preview:large","max-video-preview":"max-video-preview:-1"},"canonical":"https:\/\/vieassociative.be\/actualites\/amazon-vous-offrira-une-carte-cadeau-de-200-a-lachat-du-nouveau-samsung-galaxy-s26\/","og_locale":"fr_FR","og_type":"article","og_title":"Amazon vous offrira une carte-cadeau de 200 $ \u00e0 l'achat du nouveau Samsung Galaxy S26 | Vie Associative","og_description":"Nous pouvons gagner une commission sur les liens sur cette page. Les prix et la disponibilit\u00e9 de l&rsquo;offre sont sujets \u00e0 changement apr\u00e8s la publication.","og_url":"https:\/\/vieassociative.be\/actualites\/amazon-vous-offrira-une-carte-cadeau-de-200-a-lachat-du-nouveau-samsung-galaxy-s26\/","og_site_name":"Vie Associative","article_published_time":"2026-03-15T02:17:06+00:00","og_image":[{"url":"https:\/\/vieassociative.be\/actualites\/wp-content\/uploads\/2026\/03\/Amazon-vous-offrira-une-carte-cadeau-de-200-a-lachat.jpg","type":"","width":"","height":""}],"author":"Julien","twitter_card":"summary_large_image","twitter_misc":{"\u00c9crit par":"Julien","Dur\u00e9e de lecture est.":"3 minutes"},"schema":{"@context":"https:\/\/schema.org","@graph":[{"@type":"Article","@id":"https:\/\/vieassociative.be\/actualites\/amazon-vous-offrira-une-carte-cadeau-de-200-a-lachat-du-nouveau-samsung-galaxy-s26\/#article","isPartOf":{"@id":"https:\/\/vieassociative.be\/actualites\/amazon-vous-offrira-une-carte-cadeau-de-200-a-lachat-du-nouveau-samsung-galaxy-s26\/"},"author":{"name":"Julien","@id":"https:\/\/vieassociative.be\/actualites\/#\/schema\/person\/b87ac4f82f9d4e7b7cec7395b679edc4"},"headline":"Amazon vous offrira une carte-cadeau de 200 $ \u00e0 l&rsquo;achat du nouveau Samsung Galaxy S26","datePublished":"2026-03-15T02:17:06+00:00","dateModified":"2026-03-15T02:17:06+00:00","mainEntityOfPage":{"@id":"https:\/\/vieassociative.be\/actualites\/amazon-vous-offrira-une-carte-cadeau-de-200-a-lachat-du-nouveau-samsung-galaxy-s26\/"},"wordCount":547,"publisher":{"@id":"https:\/\/vieassociative.be\/actualites\/#organization"},"image":{"@id":"https:\/\/vieassociative.be\/actualites\/amazon-vous-offrira-une-carte-cadeau-de-200-a-lachat-du-nouveau-samsung-galaxy-s26\/#primaryimage"},"thumbnailUrl":"https:\/\/vieassociative.be\/actualites\/wp-content\/uploads\/2026\/03\/Amazon-vous-offrira-une-carte-cadeau-de-200-a-lachat.png","keywords":["Amazon","cartecadeau","Galaxy","lachat","nouveau","offrira","S26","Samsung","une","Vous"],"articleSection":["Android"],"inLanguage":"fr-BE"},{"@type":"WebPage","@id":"https:\/\/vieassociative.be\/actualites\/amazon-vous-offrira-une-carte-cadeau-de-200-a-lachat-du-nouveau-samsung-galaxy-s26\/","url":"https:\/\/vieassociative.be\/actualites\/amazon-vous-offrira-une-carte-cadeau-de-200-a-lachat-du-nouveau-samsung-galaxy-s26\/","name":"Amazon vous offrira une carte-cadeau de 200 $ \u00e0 l'achat du nouveau Samsung Galaxy S26 | Vie Associative","isPartOf":{"@id":"https:\/\/vieassociative.be\/actualites\/#website"},"primaryImageOfPage":{"@id":"https:\/\/vieassociative.be\/actualites\/amazon-vous-offrira-une-carte-cadeau-de-200-a-lachat-du-nouveau-samsung-galaxy-s26\/#primaryimage"},"image":{"@id":"https:\/\/vieassociative.be\/actualites\/amazon-vous-offrira-une-carte-cadeau-de-200-a-lachat-du-nouveau-samsung-galaxy-s26\/#primaryimage"},"thumbnailUrl":"https:\/\/vieassociative.be\/actualites\/wp-content\/uploads\/2026\/03\/Amazon-vous-offrira-une-carte-cadeau-de-200-a-lachat.png","datePublished":"2026-03-15T02:17:06+00:00","dateModified":"2026-03-15T02:17:06+00:00","breadcrumb":{"@id":"https:\/\/vieassociative.be\/actualites\/amazon-vous-offrira-une-carte-cadeau-de-200-a-lachat-du-nouveau-samsung-galaxy-s26\/#breadcrumb"},"inLanguage":"fr-BE","potentialAction":[{"@type":"ReadAction","target":["https:\/\/vieassociative.be\/actualites\/amazon-vous-offrira-une-carte-cadeau-de-200-a-lachat-du-nouveau-samsung-galaxy-s26\/"]}]},{"@type":"ImageObject","inLanguage":"fr-BE","@id":"https:\/\/vieassociative.be\/actualites\/amazon-vous-offrira-une-carte-cadeau-de-200-a-lachat-du-nouveau-samsung-galaxy-s26\/#primaryimage","url":"https:\/\/vieassociative.be\/actualites\/wp-content\/uploads\/2026\/03\/Amazon-vous-offrira-une-carte-cadeau-de-200-a-lachat.png","contentUrl":"https:\/\/vieassociative.be\/actualites\/wp-content\/uploads\/2026\/03\/Amazon-vous-offrira-une-carte-cadeau-de-200-a-lachat.png","width":1200,"height":675,"caption":"Amazon vous offrira une carte-cadeau de 200 $ \u00e0 l'achat du nouveau Samsung Galaxy S26"},{"@type":"BreadcrumbList","@id":"https:\/\/vieassociative.be\/actualites\/amazon-vous-offrira-une-carte-cadeau-de-200-a-lachat-du-nouveau-samsung-galaxy-s26\/#breadcrumb","itemListElement":[{"@type":"ListItem","position":1,"name":"Accueil","item":"https:\/\/vieassociative.be\/actualites\/"},{"@type":"ListItem","position":2,"name":"Amazon vous offrira une carte-cadeau de 200 $ \u00e0 l&rsquo;achat du nouveau Samsung Galaxy S26"}]},{"@type":"WebSite","@id":"https:\/\/vieassociative.be\/actualites\/#website","url":"https:\/\/vieassociative.be\/actualites\/","name":"Vie Associative","description":"","publisher":{"@id":"https:\/\/vieassociative.be\/actualites\/#organization"},"potentialAction":[{"@type":"SearchAction","target":{"@type":"EntryPoint","urlTemplate":"https:\/\/vieassociative.be\/actualites\/?s={search_term_string}"},"query-input":{"@type":"PropertyValueSpecification","valueRequired":true,"valueName":"search_term_string"}}],"inLanguage":"fr-BE"},{"@type":"Organization","@id":"https:\/\/vieassociative.be\/actualites\/#organization","name":"Vie Associative","url":"https:\/\/vieassociative.be\/actualites\/","logo":{"@type":"ImageObject","inLanguage":"fr-BE","@id":"https:\/\/vieassociative.be\/actualites\/#\/schema\/logo\/image\/","url":"https:\/\/vieassociative.be\/actualites\/wp-content\/uploads\/2024\/09\/cropped-vieassociative_favicon.ico.png","contentUrl":"https:\/\/vieassociative.be\/actualites\/wp-content\/uploads\/2024\/09\/cropped-vieassociative_favicon.ico.png","width":512,"height":512,"caption":"Vie Associative"},"image":{"@id":"https:\/\/vieassociative.be\/actualites\/#\/schema\/logo\/image\/"}},{"@type":"Person","@id":"https:\/\/vieassociative.be\/actualites\/#\/schema\/person\/b87ac4f82f9d4e7b7cec7395b679edc4","name":"Julien","image":{"@type":"ImageObject","inLanguage":"fr-BE","@id":"https:\/\/vieassociative.be\/actualites\/#\/schema\/person\/image\/","url":"https:\/\/vieassociative.be\/actualites\/wp-content\/uploads\/2024\/09\/vie-associative-1-150x150.jpg","contentUrl":"https:\/\/vieassociative.be\/actualites\/wp-content\/uploads\/2024\/09\/vie-associative-1-150x150.jpg","caption":"Julien"},"description":"Je suis Julien, r\u00e9dacteur pour Vie Associative. Passionn\u00e9 par le monde associatif depuis plus de 10 ans, j'ai \u00e0 c\u0153ur de partager des histoires inspirantes et de mettre en lumi\u00e8re les initiatives locales. Mon objectif est de sensibiliser et d'encourager l'engagement communautaire \u00e0 travers mes articles.","sameAs":["https:\/\/vieassociative.be\/"]}]}},"_links":{"self":[{"href":"https:\/\/vieassociative.be\/actualites\/wp-json\/wp\/v2\/posts\/13027"}],"collection":[{"href":"https:\/\/vieassociative.be\/actualites\/wp-json\/wp\/v2\/posts"}],"about":[{"href":"https:\/\/vieassociative.be\/actualites\/wp-json\/wp\/v2\/types\/post"}],"author":[{"embeddable":true,"href":"https:\/\/vieassociative.be\/actualites\/wp-json\/wp\/v2\/users\/1"}],"replies":[{"embeddable":true,"href":"https:\/\/vieassociative.be\/actualites\/wp-json\/wp\/v2\/comments?post=13027"}],"version-history":[{"count":0,"href":"https:\/\/vieassociative.be\/actualites\/wp-json\/wp\/v2\/posts\/13027\/revisions"}],"wp:featuredmedia":[{"embeddable":true,"href":"https:\/\/vieassociative.be\/actualites\/wp-json\/wp\/v2\/media\/13028"}],"wp:attachment":[{"href":"https:\/\/vieassociative.be\/actualites\/wp-json\/wp\/v2\/media?parent=13027"}],"wp:term":[{"taxonomy":"category","embeddable":true,"href":"https:\/\/vieassociative.be\/actualites\/wp-json\/wp\/v2\/categories?post=13027"},{"taxonomy":"post_tag","embeddable":true,"href":"https:\/\/vieassociative.be\/actualites\/wp-json\/wp\/v2\/tags?post=13027"}],"curies":[{"name":"wp","href":"https:\/\/api.w.org\/{rel}","templated":true}]}}