{"id":13025,"date":"2026-03-14T22:16:59","date_gmt":"2026-03-14T21:16:59","guid":{"rendered":"https:\/\/vieassociative.be\/actualites\/le-fc-bayern-ne-peut-pas-etre-battu-meme-a-neuf-1-1-au-bayer-leverkusen-apres-un-duel-rapide\/"},"modified":"2026-03-14T22:16:59","modified_gmt":"2026-03-14T21:16:59","slug":"le-fc-bayern-ne-peut-pas-etre-battu-meme-a-neuf-1-1-au-bayer-leverkusen-apres-un-duel-rapide","status":"publish","type":"post","link":"https:\/\/vieassociative.be\/actualites\/le-fc-bayern-ne-peut-pas-etre-battu-meme-a-neuf-1-1-au-bayer-leverkusen-apres-un-duel-rapide\/","title":{"rendered":"Le FC Bayern ne peut pas \u00eatre battu m\u00eame \u00e0 neuf \u2013 1-1 au Bayer Leverkusen apr\u00e8s un duel rapide"},"content":{"rendered":"<p><strong>Les participants \u00e0 la Ligue des Champions, le Bayer Leverkusen et le Bayern Munich, se livrent un duel rapide dans lequel l&rsquo;assistant vid\u00e9o joue un r\u00f4le central.<\/strong><\/p>\n<p><span id=\"more-437554\"><\/span>Le Bayern Munich, dominateur de la Bundesliga, ne s&rsquo;est pas laiss\u00e9 d\u00e9courager dans son chemin vers son 35e titre de champion, m\u00eame lorsqu&rsquo;il \u00e9tait en inf\u00e9riorit\u00e9 num\u00e9rique. Quatre jours apr\u00e8s le gala 6-1 des huiti\u00e8mes de finale de la cat\u00e9gorie reine \u00e0 Bergame, les leaders du championnat se sont battus pour un match nul 1-1 (0-1) au Bayer Leverkusen avec seulement neuf hommes.<\/p>\n<p>Apr\u00e8s le nul, le Bayern dispose toujours d&rsquo;une avance confortable de neuf points sur son poursuivant, le Borussia Dortmund. Cependant, dans un match de haut niveau au rythme rapide, l&rsquo;\u00e9quipe de Munich a perdu deux joueurs. Nicolas Jackson (42e) a d&rsquo;abord re\u00e7u un carton rouge pour faute grave, puis Luis Diaz (83e) a re\u00e7u un carton jaune-rouge apr\u00e8s une vol\u00e9e.<\/p>\n<div id=\"attachment_437557\" class=\"wp-caption alignleft\" style=\"max-width: 300px\"><img fetchpriority=\"high\" decoding=\"async\" class=\"wp-image-437557 size-medium\" src=\"https:\/\/vieassociative.be\/actualites\/wp-content\/uploads\/2026\/03\/Le-FC-Bayern-ne-peut-pas-etre-battu-meme-a.jpg\" alt=\"\" width=\"300\" height=\"200\"><\/div>\n<p>Devant 30 210 spectateurs, l&rsquo;ailier a \u00e9galis\u00e9 l&rsquo;avance du Bayer gr\u00e2ce \u00e0 Aleix Garcia (6e) \u00e0 la 69e minute. Deux autres buts du Bayern par Jonathan Tah et Harry Kane ont \u00e9t\u00e9 encaiss\u00e9s selon des preuves vid\u00e9o, tout comme le but de Leverkusen par Jonas Hofmann dans les arr\u00eats de jeu.<\/p>\n<p>Kane initialement uniquement sur le banc<br \/>\nL&rsquo;entra\u00eeneur du Bayern, Vincent Kompany, a initialement laiss\u00e9 sur le banc le meilleur buteur Kane, r\u00e9cemment bless\u00e9, car l&rsquo;Anglais n&rsquo;est pas encore \u00e0 100 pour cent apr\u00e8s sa pause pour blessure. \u00ab\u00a0Nous esp\u00e9rions qu&rsquo;il puisse jouer d\u00e8s le d\u00e9but. Mais tout n&rsquo;est pas parfait\u00a0\u00bb, a d\u00e9clar\u00e9 Kompany avant le coup d&rsquo;envoi.<\/p>\n<p>Kane n&rsquo;est pas arriv\u00e9 avant une heure. Jackson a de nouveau jou\u00e9 pour lui en tant qu&rsquo;attaquant de l&rsquo;\u00e9quipe de Munich, qui a d\u00fb se passer de Hiroki Ito, Alphonso Davies et Jamal Musiala ainsi que des gardiens Manuel Neuer et Jonas Urbig, \u00e9galement bless\u00e9s.<\/p>\n<p>C&rsquo;est pourquoi Sven Ulreich a fait son retour entre les postes apr\u00e8s presque un an et demi. Le joueur de 37 ans, qui a gard\u00e9 pour la derni\u00e8re fois le but du champion du record d&rsquo;Allemagne le 21 septembre 2024 lors d&rsquo;une victoire 5-0 \u00e0 Br\u00eame, a r\u00e9alis\u00e9 une solide performance.<\/p>\n<p><strong>\u2013 Bayer avec un d\u00e9part \u00e9clair :<\/strong> Les choses n\u2019ont pas bien commenc\u00e9. L&rsquo;aiguille des minutes n&rsquo;avait pas encore fait six tours que le v\u00e9t\u00e9ran dut se placer derri\u00e8re lui. Dans une attaque rapide, Aleix Garcia a tir\u00e9 depuis une position \u00e0 mi-droite dans la surface de r\u00e9paration et a eu la chance que son tir soit d\u00e9vi\u00e9 de mani\u00e8re imparable par le joueur national Tah. Il s&rsquo;agissait de la premi\u00e8re apparition du d\u00e9fenseur du Bayern sur son ancien lieu de travail depuis son d\u00e9m\u00e9nagement \u00e0 l&rsquo;\u00e9t\u00e9 2025.<\/p>\n<\/p>\n<div id=\"attachment_437558\" class=\"wp-caption alignleft\" style=\"max-width: 300px\"><img decoding=\"async\" class=\"wp-image-437558 size-medium\" src=\"https:\/\/vieassociative.be\/actualites\/wp-content\/uploads\/2026\/03\/1773523019_321_Le-FC-Bayern-ne-peut-pas-etre-battu-meme-a.jpg\" alt=\"\" width=\"300\" height=\"200\"><\/div>\n<p>\u00ab\u00a0Toute l&rsquo;\u00e9quipe est concentr\u00e9e et je pense que nous pouvons faire un grand match\u00a0\u00bb, a annonc\u00e9 le buteur de Leverkusen peu avant le match \u2013 et il avait raison. Depuis une d\u00e9fense compacte, le Bayer a lanc\u00e9 \u00e0 plusieurs reprises des contre-attaques dangereuses, dont l&rsquo;une a failli conduire \u00e0 un deuxi\u00e8me but. Montrell Culbreath a rat\u00e9 de peu le but avec un tir \u00e0 16 m\u00e8tres.<\/p>\n<p>Le Bayern avait plus de possession de balle et plus de part de jeu, mais n&rsquo;a pas pu en profiter. Les invit\u00e9s restaient coinc\u00e9s dans la surface de r\u00e9paration adverse. Seules deux demi-occasions pour Jackson et un but irr\u00e9gulier de Tah, qui, selon la preuve vid\u00e9o, n&rsquo;a pas \u00e9t\u00e9 reconnu \u00e0 juste titre en raison d&rsquo;un handball du tireur, ont \u00e9t\u00e9 cr\u00e9\u00e9s en premi\u00e8re mi-temps.<\/p>\n<p><strong>\u2013 Jackson affaiblit le Bayern :<\/strong> Peu avant la pause, la situation s&rsquo;est encore aggrav\u00e9e pour l&rsquo;\u00e9quipe munichoise : Jackson a re\u00e7u un carton rouge apr\u00e8s une grossi\u00e8re faute sur Martin Terrier. Le VAR a de nouveau fait un rapport depuis le sous-sol de Cologne. Peu de temps apr\u00e8s, Ulreich a emp\u00each\u00e9 le score de revenir \u00e0 0-2 gr\u00e2ce \u00e0 un arr\u00eat puissant contre Malik Tillmann.<\/p>\n<p>Les choses ne sont pas all\u00e9es plus loin pour Terrier apr\u00e8s le changement. Le Fran\u00e7ais a \u00e9t\u00e9 remplac\u00e9 par Ibrahim Maza. Avec cet avantage, le Bayer avait d\u00e9sormais plusieurs occasions. Les meilleurs ont rat\u00e9 Tillmann et Patrik Schick dans les 60 secondes, qui n&rsquo;ont pas r\u00e9ussi \u00e0 mettre le ballon dans le but devant Ulreich seul.<\/p>\n<p>Cela s&rsquo;est veng\u00e9 plus tard. L&rsquo;\u00e9quipe locale a d&rsquo;abord eu de la chance qu&rsquo;un but de Kane ait \u00e9t\u00e9 annul\u00e9 en raison d&rsquo;un pr\u00e9c\u00e9dent handball du joueur de 32 ans, selon les images vid\u00e9o. Mais il n&rsquo;y avait rien \u00e0 redire lorsque Luis Diaz \u00e9galisait. Cela a \u00e9t\u00e9 pr\u00e9c\u00e9d\u00e9 d&rsquo;une mauvaise passe du chef de la d\u00e9fense de Leverkusen, Robert Andrich. (dpa)<\/p>\n<p><em><strong>Sur le sujet, voir aussi l&rsquo;article suivant sur l&rsquo;OD :<\/strong><\/em><\/p>\n<div class=\"responsive-embed widescreen\">\n<blockquote class=\"wp-embedded-content\" data-secret=\"MqC0zqN4Cx\">\n<p>Vincent Kompany fait preuve d&rsquo;\u00e9l\u00e9gance en marge : l&rsquo;entra\u00eeneur \u00e0 succ\u00e8s du Bayern est d\u00e9sormais aussi un pionnier de la mode<\/p>\n<\/blockquote>\n<p><iframe loading=\"lazy\" class=\"wp-embedded-content\" sandbox=\"allow-scripts\" security=\"restricted\" style=\"position: absolute; visibility: hidden;\" title=\"\u201eVincent Kompany zeigt Eleganz an der Seitenlinie: Bayern-Erfolgscoach ist jetzt auch Mode-Trendsetter\u201c \u2013 Ostbelgien Direkt\" src=\"https:\/\/ostbelgiendirekt.be\/about:blank\" data-secret=\"MqC0zqN4Cx\" width=\"500\" height=\"282\" frameborder=\"0\" marginwidth=\"0\" marginheight=\"0\" scrolling=\"no\" data-rocket-lazyload=\"fitvidscompatible\" data-lazy-src=\"https:\/\/ostbelgiendirekt.be\/kompany-erfolg-und-eleganz-437545\/embed#?secret=Dw7tdxyZYH#?secret=MqC0zqN4Cx\"><\/iframe><noscript><iframe class=\"wp-embedded-content\" sandbox=\"allow-scripts\" security=\"restricted\" style=\"position: absolute; visibility: hidden;\" title=\"\u201eVincent Kompany zeigt Eleganz an der Seitenlinie: Bayern-Erfolgscoach ist jetzt auch Mode-Trendsetter\u201c \u2013 Ostbelgien Direkt\" src=\"https:\/\/ostbelgiendirekt.be\/kompany-erfolg-und-eleganz-437545\/embed#?secret=Dw7tdxyZYH#?secret=MqC0zqN4Cx\" data-secret=\"MqC0zqN4Cx\" width=\"500\" height=\"282\" frameborder=\"0\" marginwidth=\"0\" marginheight=\"0\" scrolling=\"no\"><\/iframe><\/noscript><\/p>\n<\/div>\n","protected":false},"excerpt":{"rendered":"<p>Les participants \u00e0 la Ligue des Champions, le Bayer Leverkusen et le Bayern Munich, se livrent un duel rapide dans lequel l&rsquo;assistant vid\u00e9o joue un<\/p>\n","protected":false},"author":1,"featured_media":13026,"comment_status":"","ping_status":"","sticky":false,"template":"","format":"standard","meta":{"footnotes":""},"categories":[298],"tags":[472,9125,2821,2298,4821,23,2822,891,437,126,22,1339],"class_list":["post-13025","post","type-post","status-publish","format-standard","has-post-thumbnail","hentry","category-belgique","tag-apres","tag-battu","tag-bayer","tag-bayern","tag-duel","tag-etre","tag-leverkusen","tag-meme","tag-neuf","tag-pas","tag-peut","tag-rapide","generate-columns","tablet-grid-50","mobile-grid-100","grid-parent","grid-33"],"yoast_head":"<!-- This site is optimized with the Yoast SEO plugin v24.0 - https:\/\/yoast.com\/wordpress\/plugins\/seo\/ -->\n<title>Le FC Bayern ne peut pas \u00eatre battu m\u00eame \u00e0 neuf \u2013 1-1 au Bayer Leverkusen apr\u00e8s un duel rapide | Vie Associative<\/title>\n<meta name=\"robots\" content=\"index, follow, max-snippet:-1, max-image-preview:large, max-video-preview:-1\" \/>\n<link rel=\"canonical\" href=\"https:\/\/vieassociative.be\/actualites\/le-fc-bayern-ne-peut-pas-etre-battu-meme-a-neuf-1-1-au-bayer-leverkusen-apres-un-duel-rapide\/\" \/>\n<meta property=\"og:locale\" content=\"fr_FR\" \/>\n<meta property=\"og:type\" content=\"article\" \/>\n<meta property=\"og:title\" content=\"Le FC Bayern ne peut pas \u00eatre battu m\u00eame \u00e0 neuf \u2013 1-1 au Bayer Leverkusen apr\u00e8s un duel rapide | Vie Associative\" \/>\n<meta property=\"og:description\" content=\"Les participants \u00e0 la Ligue des Champions, le Bayer Leverkusen et le Bayern Munich, se livrent un duel rapide dans lequel l&rsquo;assistant vid\u00e9o joue un\" \/>\n<meta property=\"og:url\" content=\"https:\/\/vieassociative.be\/actualites\/le-fc-bayern-ne-peut-pas-etre-battu-meme-a-neuf-1-1-au-bayer-leverkusen-apres-un-duel-rapide\/\" \/>\n<meta property=\"og:site_name\" content=\"Vie Associative\" \/>\n<meta property=\"article:published_time\" content=\"2026-03-14T21:16:59+00:00\" \/>\n<meta property=\"og:image\" content=\"https:\/\/vieassociative.be\/actualites\/wp-content\/uploads\/2024\/09\/header_backgroundk-01-e1726694325946.png\" \/>\n\t<meta property=\"og:image:width\" content=\"279\" \/>\n\t<meta property=\"og:image:height\" content=\"92\" \/>\n\t<meta property=\"og:image:type\" content=\"image\/png\" \/>\n<meta name=\"author\" content=\"Julien\" \/>\n<meta name=\"twitter:card\" content=\"summary_large_image\" \/>\n<meta name=\"twitter:label1\" content=\"\u00c9crit par\" \/>\n\t<meta name=\"twitter:data1\" content=\"Julien\" \/>\n\t<meta name=\"twitter:label2\" content=\"Dur\u00e9e de lecture est.\" \/>\n\t<meta name=\"twitter:data2\" content=\"4 minutes\" \/>\n<script type=\"application\/ld+json\" class=\"yoast-schema-graph\">{\"@context\":\"https:\/\/schema.org\",\"@graph\":[{\"@type\":\"Article\",\"@id\":\"https:\/\/vieassociative.be\/actualites\/le-fc-bayern-ne-peut-pas-etre-battu-meme-a-neuf-1-1-au-bayer-leverkusen-apres-un-duel-rapide\/#article\",\"isPartOf\":{\"@id\":\"https:\/\/vieassociative.be\/actualites\/le-fc-bayern-ne-peut-pas-etre-battu-meme-a-neuf-1-1-au-bayer-leverkusen-apres-un-duel-rapide\/\"},\"author\":{\"name\":\"Julien\",\"@id\":\"https:\/\/vieassociative.be\/actualites\/#\/schema\/person\/b87ac4f82f9d4e7b7cec7395b679edc4\"},\"headline\":\"Le FC Bayern ne peut pas \u00eatre battu m\u00eame \u00e0 neuf \u2013 1-1 au Bayer Leverkusen apr\u00e8s un duel rapide\",\"datePublished\":\"2026-03-14T21:16:59+00:00\",\"dateModified\":\"2026-03-14T21:16:59+00:00\",\"mainEntityOfPage\":{\"@id\":\"https:\/\/vieassociative.be\/actualites\/le-fc-bayern-ne-peut-pas-etre-battu-meme-a-neuf-1-1-au-bayer-leverkusen-apres-un-duel-rapide\/\"},\"wordCount\":892,\"publisher\":{\"@id\":\"https:\/\/vieassociative.be\/actualites\/#organization\"},\"image\":{\"@id\":\"https:\/\/vieassociative.be\/actualites\/le-fc-bayern-ne-peut-pas-etre-battu-meme-a-neuf-1-1-au-bayer-leverkusen-apres-un-duel-rapide\/#primaryimage\"},\"thumbnailUrl\":\"https:\/\/vieassociative.be\/actualites\/wp-content\/uploads\/2026\/03\/1773523020_Le-FC-Bayern-ne-peut-pas-etre-battu-meme-a.jpg\",\"keywords\":[\"Apr\u00e8s\",\"battu\",\"Bayer\",\"Bayern\",\"duel\",\"\u00eatre\",\"Leverkusen\",\"m\u00eame\",\"Neuf\",\"pas\",\"peut\",\"rapide\"],\"articleSection\":[\"Belgique\"],\"inLanguage\":\"fr-BE\"},{\"@type\":\"WebPage\",\"@id\":\"https:\/\/vieassociative.be\/actualites\/le-fc-bayern-ne-peut-pas-etre-battu-meme-a-neuf-1-1-au-bayer-leverkusen-apres-un-duel-rapide\/\",\"url\":\"https:\/\/vieassociative.be\/actualites\/le-fc-bayern-ne-peut-pas-etre-battu-meme-a-neuf-1-1-au-bayer-leverkusen-apres-un-duel-rapide\/\",\"name\":\"Le FC Bayern ne peut pas \u00eatre battu m\u00eame \u00e0 neuf \u2013 1-1 au Bayer Leverkusen apr\u00e8s un duel rapide | Vie Associative\",\"isPartOf\":{\"@id\":\"https:\/\/vieassociative.be\/actualites\/#website\"},\"primaryImageOfPage\":{\"@id\":\"https:\/\/vieassociative.be\/actualites\/le-fc-bayern-ne-peut-pas-etre-battu-meme-a-neuf-1-1-au-bayer-leverkusen-apres-un-duel-rapide\/#primaryimage\"},\"image\":{\"@id\":\"https:\/\/vieassociative.be\/actualites\/le-fc-bayern-ne-peut-pas-etre-battu-meme-a-neuf-1-1-au-bayer-leverkusen-apres-un-duel-rapide\/#primaryimage\"},\"thumbnailUrl\":\"https:\/\/vieassociative.be\/actualites\/wp-content\/uploads\/2026\/03\/1773523020_Le-FC-Bayern-ne-peut-pas-etre-battu-meme-a.jpg\",\"datePublished\":\"2026-03-14T21:16:59+00:00\",\"dateModified\":\"2026-03-14T21:16:59+00:00\",\"breadcrumb\":{\"@id\":\"https:\/\/vieassociative.be\/actualites\/le-fc-bayern-ne-peut-pas-etre-battu-meme-a-neuf-1-1-au-bayer-leverkusen-apres-un-duel-rapide\/#breadcrumb\"},\"inLanguage\":\"fr-BE\",\"potentialAction\":[{\"@type\":\"ReadAction\",\"target\":[\"https:\/\/vieassociative.be\/actualites\/le-fc-bayern-ne-peut-pas-etre-battu-meme-a-neuf-1-1-au-bayer-leverkusen-apres-un-duel-rapide\/\"]}]},{\"@type\":\"ImageObject\",\"inLanguage\":\"fr-BE\",\"@id\":\"https:\/\/vieassociative.be\/actualites\/le-fc-bayern-ne-peut-pas-etre-battu-meme-a-neuf-1-1-au-bayer-leverkusen-apres-un-duel-rapide\/#primaryimage\",\"url\":\"https:\/\/vieassociative.be\/actualites\/wp-content\/uploads\/2026\/03\/1773523020_Le-FC-Bayern-ne-peut-pas-etre-battu-meme-a.jpg\",\"contentUrl\":\"https:\/\/vieassociative.be\/actualites\/wp-content\/uploads\/2026\/03\/1773523020_Le-FC-Bayern-ne-peut-pas-etre-battu-meme-a.jpg\",\"width\":2560,\"height\":1565,\"caption\":\"Le FC Bayern ne peut pas \u00eatre battu m\u00eame \u00e0 neuf \u2013 1-1 au Bayer Leverkusen apr\u00e8s un duel rapide\"},{\"@type\":\"BreadcrumbList\",\"@id\":\"https:\/\/vieassociative.be\/actualites\/le-fc-bayern-ne-peut-pas-etre-battu-meme-a-neuf-1-1-au-bayer-leverkusen-apres-un-duel-rapide\/#breadcrumb\",\"itemListElement\":[{\"@type\":\"ListItem\",\"position\":1,\"name\":\"Accueil\",\"item\":\"https:\/\/vieassociative.be\/actualites\/\"},{\"@type\":\"ListItem\",\"position\":2,\"name\":\"Le FC Bayern ne peut pas \u00eatre battu m\u00eame \u00e0 neuf \u2013 1-1 au Bayer Leverkusen apr\u00e8s un duel rapide\"}]},{\"@type\":\"WebSite\",\"@id\":\"https:\/\/vieassociative.be\/actualites\/#website\",\"url\":\"https:\/\/vieassociative.be\/actualites\/\",\"name\":\"Vie Associative\",\"description\":\"\",\"publisher\":{\"@id\":\"https:\/\/vieassociative.be\/actualites\/#organization\"},\"potentialAction\":[{\"@type\":\"SearchAction\",\"target\":{\"@type\":\"EntryPoint\",\"urlTemplate\":\"https:\/\/vieassociative.be\/actualites\/?s={search_term_string}\"},\"query-input\":{\"@type\":\"PropertyValueSpecification\",\"valueRequired\":true,\"valueName\":\"search_term_string\"}}],\"inLanguage\":\"fr-BE\"},{\"@type\":\"Organization\",\"@id\":\"https:\/\/vieassociative.be\/actualites\/#organization\",\"name\":\"Vie Associative\",\"url\":\"https:\/\/vieassociative.be\/actualites\/\",\"logo\":{\"@type\":\"ImageObject\",\"inLanguage\":\"fr-BE\",\"@id\":\"https:\/\/vieassociative.be\/actualites\/#\/schema\/logo\/image\/\",\"url\":\"https:\/\/vieassociative.be\/actualites\/wp-content\/uploads\/2024\/09\/cropped-vieassociative_favicon.ico.png\",\"contentUrl\":\"https:\/\/vieassociative.be\/actualites\/wp-content\/uploads\/2024\/09\/cropped-vieassociative_favicon.ico.png\",\"width\":512,\"height\":512,\"caption\":\"Vie Associative\"},\"image\":{\"@id\":\"https:\/\/vieassociative.be\/actualites\/#\/schema\/logo\/image\/\"}},{\"@type\":\"Person\",\"@id\":\"https:\/\/vieassociative.be\/actualites\/#\/schema\/person\/b87ac4f82f9d4e7b7cec7395b679edc4\",\"name\":\"Julien\",\"image\":{\"@type\":\"ImageObject\",\"inLanguage\":\"fr-BE\",\"@id\":\"https:\/\/vieassociative.be\/actualites\/#\/schema\/person\/image\/\",\"url\":\"https:\/\/vieassociative.be\/actualites\/wp-content\/uploads\/2024\/09\/vie-associative-1-150x150.jpg\",\"contentUrl\":\"https:\/\/vieassociative.be\/actualites\/wp-content\/uploads\/2024\/09\/vie-associative-1-150x150.jpg\",\"caption\":\"Julien\"},\"description\":\"Je suis Julien, r\u00e9dacteur pour Vie Associative. Passionn\u00e9 par le monde associatif depuis plus de 10 ans, j'ai \u00e0 c\u0153ur de partager des histoires inspirantes et de mettre en lumi\u00e8re les initiatives locales. Mon objectif est de sensibiliser et d'encourager l'engagement communautaire \u00e0 travers mes articles.\",\"sameAs\":[\"https:\/\/vieassociative.be\/\"]}]}<\/script>\n<!-- \/ Yoast SEO plugin. -->","yoast_head_json":{"title":"Le FC Bayern ne peut pas \u00eatre battu m\u00eame \u00e0 neuf \u2013 1-1 au Bayer Leverkusen apr\u00e8s un duel rapide | Vie Associative","robots":{"index":"index","follow":"follow","max-snippet":"max-snippet:-1","max-image-preview":"max-image-preview:large","max-video-preview":"max-video-preview:-1"},"canonical":"https:\/\/vieassociative.be\/actualites\/le-fc-bayern-ne-peut-pas-etre-battu-meme-a-neuf-1-1-au-bayer-leverkusen-apres-un-duel-rapide\/","og_locale":"fr_FR","og_type":"article","og_title":"Le FC Bayern ne peut pas \u00eatre battu m\u00eame \u00e0 neuf \u2013 1-1 au Bayer Leverkusen apr\u00e8s un duel rapide | Vie Associative","og_description":"Les participants \u00e0 la Ligue des Champions, le Bayer Leverkusen et le Bayern Munich, se livrent un duel rapide dans lequel l&rsquo;assistant vid\u00e9o joue un","og_url":"https:\/\/vieassociative.be\/actualites\/le-fc-bayern-ne-peut-pas-etre-battu-meme-a-neuf-1-1-au-bayer-leverkusen-apres-un-duel-rapide\/","og_site_name":"Vie Associative","article_published_time":"2026-03-14T21:16:59+00:00","og_image":[{"width":279,"height":92,"url":"https:\/\/vieassociative.be\/actualites\/wp-content\/uploads\/2024\/09\/header_backgroundk-01-e1726694325946.png","type":"image\/png"}],"author":"Julien","twitter_card":"summary_large_image","twitter_misc":{"\u00c9crit par":"Julien","Dur\u00e9e de lecture est.":"4 minutes"},"schema":{"@context":"https:\/\/schema.org","@graph":[{"@type":"Article","@id":"https:\/\/vieassociative.be\/actualites\/le-fc-bayern-ne-peut-pas-etre-battu-meme-a-neuf-1-1-au-bayer-leverkusen-apres-un-duel-rapide\/#article","isPartOf":{"@id":"https:\/\/vieassociative.be\/actualites\/le-fc-bayern-ne-peut-pas-etre-battu-meme-a-neuf-1-1-au-bayer-leverkusen-apres-un-duel-rapide\/"},"author":{"name":"Julien","@id":"https:\/\/vieassociative.be\/actualites\/#\/schema\/person\/b87ac4f82f9d4e7b7cec7395b679edc4"},"headline":"Le FC Bayern ne peut pas \u00eatre battu m\u00eame \u00e0 neuf \u2013 1-1 au Bayer Leverkusen apr\u00e8s un duel rapide","datePublished":"2026-03-14T21:16:59+00:00","dateModified":"2026-03-14T21:16:59+00:00","mainEntityOfPage":{"@id":"https:\/\/vieassociative.be\/actualites\/le-fc-bayern-ne-peut-pas-etre-battu-meme-a-neuf-1-1-au-bayer-leverkusen-apres-un-duel-rapide\/"},"wordCount":892,"publisher":{"@id":"https:\/\/vieassociative.be\/actualites\/#organization"},"image":{"@id":"https:\/\/vieassociative.be\/actualites\/le-fc-bayern-ne-peut-pas-etre-battu-meme-a-neuf-1-1-au-bayer-leverkusen-apres-un-duel-rapide\/#primaryimage"},"thumbnailUrl":"https:\/\/vieassociative.be\/actualites\/wp-content\/uploads\/2026\/03\/1773523020_Le-FC-Bayern-ne-peut-pas-etre-battu-meme-a.jpg","keywords":["Apr\u00e8s","battu","Bayer","Bayern","duel","\u00eatre","Leverkusen","m\u00eame","Neuf","pas","peut","rapide"],"articleSection":["Belgique"],"inLanguage":"fr-BE"},{"@type":"WebPage","@id":"https:\/\/vieassociative.be\/actualites\/le-fc-bayern-ne-peut-pas-etre-battu-meme-a-neuf-1-1-au-bayer-leverkusen-apres-un-duel-rapide\/","url":"https:\/\/vieassociative.be\/actualites\/le-fc-bayern-ne-peut-pas-etre-battu-meme-a-neuf-1-1-au-bayer-leverkusen-apres-un-duel-rapide\/","name":"Le FC Bayern ne peut pas \u00eatre battu m\u00eame \u00e0 neuf \u2013 1-1 au Bayer Leverkusen apr\u00e8s un duel rapide | Vie Associative","isPartOf":{"@id":"https:\/\/vieassociative.be\/actualites\/#website"},"primaryImageOfPage":{"@id":"https:\/\/vieassociative.be\/actualites\/le-fc-bayern-ne-peut-pas-etre-battu-meme-a-neuf-1-1-au-bayer-leverkusen-apres-un-duel-rapide\/#primaryimage"},"image":{"@id":"https:\/\/vieassociative.be\/actualites\/le-fc-bayern-ne-peut-pas-etre-battu-meme-a-neuf-1-1-au-bayer-leverkusen-apres-un-duel-rapide\/#primaryimage"},"thumbnailUrl":"https:\/\/vieassociative.be\/actualites\/wp-content\/uploads\/2026\/03\/1773523020_Le-FC-Bayern-ne-peut-pas-etre-battu-meme-a.jpg","datePublished":"2026-03-14T21:16:59+00:00","dateModified":"2026-03-14T21:16:59+00:00","breadcrumb":{"@id":"https:\/\/vieassociative.be\/actualites\/le-fc-bayern-ne-peut-pas-etre-battu-meme-a-neuf-1-1-au-bayer-leverkusen-apres-un-duel-rapide\/#breadcrumb"},"inLanguage":"fr-BE","potentialAction":[{"@type":"ReadAction","target":["https:\/\/vieassociative.be\/actualites\/le-fc-bayern-ne-peut-pas-etre-battu-meme-a-neuf-1-1-au-bayer-leverkusen-apres-un-duel-rapide\/"]}]},{"@type":"ImageObject","inLanguage":"fr-BE","@id":"https:\/\/vieassociative.be\/actualites\/le-fc-bayern-ne-peut-pas-etre-battu-meme-a-neuf-1-1-au-bayer-leverkusen-apres-un-duel-rapide\/#primaryimage","url":"https:\/\/vieassociative.be\/actualites\/wp-content\/uploads\/2026\/03\/1773523020_Le-FC-Bayern-ne-peut-pas-etre-battu-meme-a.jpg","contentUrl":"https:\/\/vieassociative.be\/actualites\/wp-content\/uploads\/2026\/03\/1773523020_Le-FC-Bayern-ne-peut-pas-etre-battu-meme-a.jpg","width":2560,"height":1565,"caption":"Le FC Bayern ne peut pas \u00eatre battu m\u00eame \u00e0 neuf \u2013 1-1 au Bayer Leverkusen apr\u00e8s un duel rapide"},{"@type":"BreadcrumbList","@id":"https:\/\/vieassociative.be\/actualites\/le-fc-bayern-ne-peut-pas-etre-battu-meme-a-neuf-1-1-au-bayer-leverkusen-apres-un-duel-rapide\/#breadcrumb","itemListElement":[{"@type":"ListItem","position":1,"name":"Accueil","item":"https:\/\/vieassociative.be\/actualites\/"},{"@type":"ListItem","position":2,"name":"Le FC Bayern ne peut pas \u00eatre battu m\u00eame \u00e0 neuf \u2013 1-1 au Bayer Leverkusen apr\u00e8s un duel rapide"}]},{"@type":"WebSite","@id":"https:\/\/vieassociative.be\/actualites\/#website","url":"https:\/\/vieassociative.be\/actualites\/","name":"Vie Associative","description":"","publisher":{"@id":"https:\/\/vieassociative.be\/actualites\/#organization"},"potentialAction":[{"@type":"SearchAction","target":{"@type":"EntryPoint","urlTemplate":"https:\/\/vieassociative.be\/actualites\/?s={search_term_string}"},"query-input":{"@type":"PropertyValueSpecification","valueRequired":true,"valueName":"search_term_string"}}],"inLanguage":"fr-BE"},{"@type":"Organization","@id":"https:\/\/vieassociative.be\/actualites\/#organization","name":"Vie Associative","url":"https:\/\/vieassociative.be\/actualites\/","logo":{"@type":"ImageObject","inLanguage":"fr-BE","@id":"https:\/\/vieassociative.be\/actualites\/#\/schema\/logo\/image\/","url":"https:\/\/vieassociative.be\/actualites\/wp-content\/uploads\/2024\/09\/cropped-vieassociative_favicon.ico.png","contentUrl":"https:\/\/vieassociative.be\/actualites\/wp-content\/uploads\/2024\/09\/cropped-vieassociative_favicon.ico.png","width":512,"height":512,"caption":"Vie Associative"},"image":{"@id":"https:\/\/vieassociative.be\/actualites\/#\/schema\/logo\/image\/"}},{"@type":"Person","@id":"https:\/\/vieassociative.be\/actualites\/#\/schema\/person\/b87ac4f82f9d4e7b7cec7395b679edc4","name":"Julien","image":{"@type":"ImageObject","inLanguage":"fr-BE","@id":"https:\/\/vieassociative.be\/actualites\/#\/schema\/person\/image\/","url":"https:\/\/vieassociative.be\/actualites\/wp-content\/uploads\/2024\/09\/vie-associative-1-150x150.jpg","contentUrl":"https:\/\/vieassociative.be\/actualites\/wp-content\/uploads\/2024\/09\/vie-associative-1-150x150.jpg","caption":"Julien"},"description":"Je suis Julien, r\u00e9dacteur pour Vie Associative. Passionn\u00e9 par le monde associatif depuis plus de 10 ans, j'ai \u00e0 c\u0153ur de partager des histoires inspirantes et de mettre en lumi\u00e8re les initiatives locales. Mon objectif est de sensibiliser et d'encourager l'engagement communautaire \u00e0 travers mes articles.","sameAs":["https:\/\/vieassociative.be\/"]}]}},"_links":{"self":[{"href":"https:\/\/vieassociative.be\/actualites\/wp-json\/wp\/v2\/posts\/13025"}],"collection":[{"href":"https:\/\/vieassociative.be\/actualites\/wp-json\/wp\/v2\/posts"}],"about":[{"href":"https:\/\/vieassociative.be\/actualites\/wp-json\/wp\/v2\/types\/post"}],"author":[{"embeddable":true,"href":"https:\/\/vieassociative.be\/actualites\/wp-json\/wp\/v2\/users\/1"}],"replies":[{"embeddable":true,"href":"https:\/\/vieassociative.be\/actualites\/wp-json\/wp\/v2\/comments?post=13025"}],"version-history":[{"count":0,"href":"https:\/\/vieassociative.be\/actualites\/wp-json\/wp\/v2\/posts\/13025\/revisions"}],"wp:featuredmedia":[{"embeddable":true,"href":"https:\/\/vieassociative.be\/actualites\/wp-json\/wp\/v2\/media\/13026"}],"wp:attachment":[{"href":"https:\/\/vieassociative.be\/actualites\/wp-json\/wp\/v2\/media?parent=13025"}],"wp:term":[{"taxonomy":"category","embeddable":true,"href":"https:\/\/vieassociative.be\/actualites\/wp-json\/wp\/v2\/categories?post=13025"},{"taxonomy":"post_tag","embeddable":true,"href":"https:\/\/vieassociative.be\/actualites\/wp-json\/wp\/v2\/tags?post=13025"}],"curies":[{"name":"wp","href":"https:\/\/api.w.org\/{rel}","templated":true}]}}