{"id":13023,"date":"2026-03-14T21:17:13","date_gmt":"2026-03-14T20:17:13","guid":{"rendered":"https:\/\/vieassociative.be\/actualites\/mettez-a-jour-chrome-immediatement-pour-corriger-cet-exploit-zero-day\/"},"modified":"2026-03-14T21:17:13","modified_gmt":"2026-03-14T20:17:13","slug":"mettez-a-jour-chrome-immediatement-pour-corriger-cet-exploit-zero-day","status":"publish","type":"post","link":"https:\/\/vieassociative.be\/actualites\/mettez-a-jour-chrome-immediatement-pour-corriger-cet-exploit-zero-day\/","title":{"rendered":"Mettez \u00e0 jour Chrome imm\u00e9diatement pour corriger cet exploit Zero-Day"},"content":{"rendered":"<p>Si vous \u00eates un utilisateur de Chrome, ceci vous rappelle de ne pas ignorer les mises \u00e0 jour de s\u00e9curit\u00e9 disponibles. Google propose un correctif d&rsquo;urgence pour une vuln\u00e9rabilit\u00e9 Zero Day qui a \u00e9t\u00e9 exploit\u00e9e dans la nature, et un deuxi\u00e8me Zero Day a \u00e9t\u00e9 identifi\u00e9 et devrait \u00eatre corrig\u00e9 dans une future mise \u00e0 jour. <\/p>\n<p>Pour rappel, les zero-days sont des failles de s\u00e9curit\u00e9 qui ont \u00e9t\u00e9 activement exploit\u00e9es ou divulgu\u00e9es publiquement avant que le d\u00e9veloppeur ne publie un correctif officiel. Ces derniers bugs de Chrome sont les deuxi\u00e8me et troisi\u00e8me z\u00e9ro-day r\u00e9solus jusqu\u2019\u00e0 pr\u00e9sent en 2026 \u2013 Google a corrig\u00e9 le premier en f\u00e9vrier. <\/p>\n<h2 id=\"what-this-google-chrome-patch-fixes\">Ce que corrige ce correctif de Google Chrome<\/h2>\n<p>La vuln\u00e9rabilit\u00e9 corrig\u00e9e par la mise \u00e0 jour actuelle est \u00e9tiquet\u00e9e CVE-2026-3910 et constitue une impl\u00e9mentation inappropri\u00e9e dans la V8, le moteur JavaScript et WebAssembly de Google. La faille a \u00e9t\u00e9 signal\u00e9e par le Google Threat Analysis Group le 10 mars, mais aucun d\u00e9tail suppl\u00e9mentaire sur la mani\u00e8re dont elle a \u00e9t\u00e9 exploit\u00e9e n&rsquo;a \u00e9t\u00e9 publi\u00e9. <\/p>\n<p>Google avait initialement pr\u00e9vu de corriger avec cette mise \u00e0 jour un deuxi\u00e8me zero-day, baptis\u00e9 CVE-2026-3909, une faiblesse d&rsquo;\u00e9criture hors limites dans la biblioth\u00e8que graphique 2D (Skia). En cas d&rsquo;exploitation, les attaquants pourraient faire planter Chrome ou ex\u00e9cuter du code \u00e0 distance. Le correctif de cette vuln\u00e9rabilit\u00e9 est d\u00e9sormais attendu dans une future mise \u00e0 jour. <\/p>\n<h2 id=\"what-chrome-users-need-to-do\">Ce que les utilisateurs de Chrome doivent faire<\/h2>\n<p>Google a publi\u00e9 une mise \u00e0 jour Stable Channel le 12 mars, vous devez donc vous assurer que vous utilisez la derni\u00e8re version de Chrome : 146.0.7680.75\/76 pour Windows\/Mac et 146.0.7680.75 pour Linux. Le d\u00e9ploiement aupr\u00e8s de tout le monde peut prendre plusieurs jours, voire plusieurs semaines, alors installez-le d\u00e8s que vous voyez l&rsquo;option. Vous pouvez v\u00e9rifier votre version via le <strong>Menu Chrome > \u00c0 propos de Google Chrome<\/strong>. <\/p>\n<p>Si vous quittez et red\u00e9marrez r\u00e9guli\u00e8rement votre navigateur, la mise \u00e0 jour sera appliqu\u00e9e automatiquement. Vous pouvez \u00e9galement le faire manuellement en appuyant sur les trois points dans le coin sup\u00e9rieur droit de la fen\u00eatre du navigateur. Vous devrez red\u00e9marrer Chrome pour finaliser la mise \u00e0 jour. <\/p>\n","protected":false},"excerpt":{"rendered":"<p>Si vous \u00eates un utilisateur de Chrome, ceci vous rappelle de ne pas ignorer les mises \u00e0 jour de s\u00e9curit\u00e9 disponibles. Google propose un correctif<\/p>\n","protected":false},"author":1,"featured_media":13024,"comment_status":"","ping_status":"","sticky":false,"template":"","format":"standard","meta":{"footnotes":""},"categories":[13],"tags":[216,2499,2900,10248,1631,53,1424,81,9231],"class_list":["post-13023","post","type-post","status-publish","format-standard","has-post-thumbnail","hentry","category-technologie","tag-cet","tag-chrome","tag-corriger","tag-exploit","tag-immediatement","tag-jour","tag-mettez","tag-pour","tag-zeroday","generate-columns","tablet-grid-50","mobile-grid-100","grid-parent","grid-33"],"yoast_head":"<!-- This site is optimized with the Yoast SEO plugin v24.0 - https:\/\/yoast.com\/wordpress\/plugins\/seo\/ -->\n<title>Mettez \u00e0 jour Chrome imm\u00e9diatement pour corriger cet exploit Zero-Day | Vie Associative<\/title>\n<meta name=\"robots\" content=\"index, follow, max-snippet:-1, max-image-preview:large, max-video-preview:-1\" \/>\n<link rel=\"canonical\" href=\"https:\/\/vieassociative.be\/actualites\/mettez-a-jour-chrome-immediatement-pour-corriger-cet-exploit-zero-day\/\" \/>\n<meta property=\"og:locale\" content=\"fr_FR\" \/>\n<meta property=\"og:type\" content=\"article\" \/>\n<meta property=\"og:title\" content=\"Mettez \u00e0 jour Chrome imm\u00e9diatement pour corriger cet exploit Zero-Day | Vie Associative\" \/>\n<meta property=\"og:description\" content=\"Si vous \u00eates un utilisateur de Chrome, ceci vous rappelle de ne pas ignorer les mises \u00e0 jour de s\u00e9curit\u00e9 disponibles. Google propose un correctif\" \/>\n<meta property=\"og:url\" content=\"https:\/\/vieassociative.be\/actualites\/mettez-a-jour-chrome-immediatement-pour-corriger-cet-exploit-zero-day\/\" \/>\n<meta property=\"og:site_name\" content=\"Vie Associative\" \/>\n<meta property=\"article:published_time\" content=\"2026-03-14T20:17:13+00:00\" \/>\n<meta property=\"og:image\" content=\"https:\/\/vieassociative.be\/actualites\/wp-content\/uploads\/2024\/09\/header_backgroundk-01-e1726694325946.png\" \/>\n\t<meta property=\"og:image:width\" content=\"279\" \/>\n\t<meta property=\"og:image:height\" content=\"92\" \/>\n\t<meta property=\"og:image:type\" content=\"image\/png\" \/>\n<meta name=\"author\" content=\"Julien\" \/>\n<meta name=\"twitter:card\" content=\"summary_large_image\" \/>\n<meta name=\"twitter:label1\" content=\"\u00c9crit par\" \/>\n\t<meta name=\"twitter:data1\" content=\"Julien\" \/>\n\t<meta name=\"twitter:label2\" content=\"Dur\u00e9e de lecture est.\" \/>\n\t<meta name=\"twitter:data2\" content=\"2 minutes\" \/>\n<script type=\"application\/ld+json\" class=\"yoast-schema-graph\">{\"@context\":\"https:\/\/schema.org\",\"@graph\":[{\"@type\":\"Article\",\"@id\":\"https:\/\/vieassociative.be\/actualites\/mettez-a-jour-chrome-immediatement-pour-corriger-cet-exploit-zero-day\/#article\",\"isPartOf\":{\"@id\":\"https:\/\/vieassociative.be\/actualites\/mettez-a-jour-chrome-immediatement-pour-corriger-cet-exploit-zero-day\/\"},\"author\":{\"name\":\"Julien\",\"@id\":\"https:\/\/vieassociative.be\/actualites\/#\/schema\/person\/b87ac4f82f9d4e7b7cec7395b679edc4\"},\"headline\":\"Mettez \u00e0 jour Chrome imm\u00e9diatement pour corriger cet exploit Zero-Day\",\"datePublished\":\"2026-03-14T20:17:13+00:00\",\"dateModified\":\"2026-03-14T20:17:13+00:00\",\"mainEntityOfPage\":{\"@id\":\"https:\/\/vieassociative.be\/actualites\/mettez-a-jour-chrome-immediatement-pour-corriger-cet-exploit-zero-day\/\"},\"wordCount\":392,\"publisher\":{\"@id\":\"https:\/\/vieassociative.be\/actualites\/#organization\"},\"image\":{\"@id\":\"https:\/\/vieassociative.be\/actualites\/mettez-a-jour-chrome-immediatement-pour-corriger-cet-exploit-zero-day\/#primaryimage\"},\"thumbnailUrl\":\"https:\/\/vieassociative.be\/actualites\/wp-content\/uploads\/2026\/03\/Mettez-a-jour-Chrome-immediatement-pour-corriger-cet-exploit-Zero-Day.png\",\"keywords\":[\"cet\",\"Chrome\",\"corriger\",\"exploit\",\"imm\u00e9diatement\",\"jour\",\"Mettez\",\"pour\",\"ZeroDay\"],\"articleSection\":[\"Technologie\"],\"inLanguage\":\"fr-BE\"},{\"@type\":\"WebPage\",\"@id\":\"https:\/\/vieassociative.be\/actualites\/mettez-a-jour-chrome-immediatement-pour-corriger-cet-exploit-zero-day\/\",\"url\":\"https:\/\/vieassociative.be\/actualites\/mettez-a-jour-chrome-immediatement-pour-corriger-cet-exploit-zero-day\/\",\"name\":\"Mettez \u00e0 jour Chrome imm\u00e9diatement pour corriger cet exploit Zero-Day | Vie Associative\",\"isPartOf\":{\"@id\":\"https:\/\/vieassociative.be\/actualites\/#website\"},\"primaryImageOfPage\":{\"@id\":\"https:\/\/vieassociative.be\/actualites\/mettez-a-jour-chrome-immediatement-pour-corriger-cet-exploit-zero-day\/#primaryimage\"},\"image\":{\"@id\":\"https:\/\/vieassociative.be\/actualites\/mettez-a-jour-chrome-immediatement-pour-corriger-cet-exploit-zero-day\/#primaryimage\"},\"thumbnailUrl\":\"https:\/\/vieassociative.be\/actualites\/wp-content\/uploads\/2026\/03\/Mettez-a-jour-Chrome-immediatement-pour-corriger-cet-exploit-Zero-Day.png\",\"datePublished\":\"2026-03-14T20:17:13+00:00\",\"dateModified\":\"2026-03-14T20:17:13+00:00\",\"breadcrumb\":{\"@id\":\"https:\/\/vieassociative.be\/actualites\/mettez-a-jour-chrome-immediatement-pour-corriger-cet-exploit-zero-day\/#breadcrumb\"},\"inLanguage\":\"fr-BE\",\"potentialAction\":[{\"@type\":\"ReadAction\",\"target\":[\"https:\/\/vieassociative.be\/actualites\/mettez-a-jour-chrome-immediatement-pour-corriger-cet-exploit-zero-day\/\"]}]},{\"@type\":\"ImageObject\",\"inLanguage\":\"fr-BE\",\"@id\":\"https:\/\/vieassociative.be\/actualites\/mettez-a-jour-chrome-immediatement-pour-corriger-cet-exploit-zero-day\/#primaryimage\",\"url\":\"https:\/\/vieassociative.be\/actualites\/wp-content\/uploads\/2026\/03\/Mettez-a-jour-Chrome-immediatement-pour-corriger-cet-exploit-Zero-Day.png\",\"contentUrl\":\"https:\/\/vieassociative.be\/actualites\/wp-content\/uploads\/2026\/03\/Mettez-a-jour-Chrome-immediatement-pour-corriger-cet-exploit-Zero-Day.png\",\"width\":1200,\"height\":675,\"caption\":\"Mettez \u00e0 jour Chrome imm\u00e9diatement pour corriger cet exploit Zero-Day\"},{\"@type\":\"BreadcrumbList\",\"@id\":\"https:\/\/vieassociative.be\/actualites\/mettez-a-jour-chrome-immediatement-pour-corriger-cet-exploit-zero-day\/#breadcrumb\",\"itemListElement\":[{\"@type\":\"ListItem\",\"position\":1,\"name\":\"Accueil\",\"item\":\"https:\/\/vieassociative.be\/actualites\/\"},{\"@type\":\"ListItem\",\"position\":2,\"name\":\"Mettez \u00e0 jour Chrome imm\u00e9diatement pour corriger cet exploit Zero-Day\"}]},{\"@type\":\"WebSite\",\"@id\":\"https:\/\/vieassociative.be\/actualites\/#website\",\"url\":\"https:\/\/vieassociative.be\/actualites\/\",\"name\":\"Vie Associative\",\"description\":\"\",\"publisher\":{\"@id\":\"https:\/\/vieassociative.be\/actualites\/#organization\"},\"potentialAction\":[{\"@type\":\"SearchAction\",\"target\":{\"@type\":\"EntryPoint\",\"urlTemplate\":\"https:\/\/vieassociative.be\/actualites\/?s={search_term_string}\"},\"query-input\":{\"@type\":\"PropertyValueSpecification\",\"valueRequired\":true,\"valueName\":\"search_term_string\"}}],\"inLanguage\":\"fr-BE\"},{\"@type\":\"Organization\",\"@id\":\"https:\/\/vieassociative.be\/actualites\/#organization\",\"name\":\"Vie Associative\",\"url\":\"https:\/\/vieassociative.be\/actualites\/\",\"logo\":{\"@type\":\"ImageObject\",\"inLanguage\":\"fr-BE\",\"@id\":\"https:\/\/vieassociative.be\/actualites\/#\/schema\/logo\/image\/\",\"url\":\"https:\/\/vieassociative.be\/actualites\/wp-content\/uploads\/2024\/09\/cropped-vieassociative_favicon.ico.png\",\"contentUrl\":\"https:\/\/vieassociative.be\/actualites\/wp-content\/uploads\/2024\/09\/cropped-vieassociative_favicon.ico.png\",\"width\":512,\"height\":512,\"caption\":\"Vie Associative\"},\"image\":{\"@id\":\"https:\/\/vieassociative.be\/actualites\/#\/schema\/logo\/image\/\"}},{\"@type\":\"Person\",\"@id\":\"https:\/\/vieassociative.be\/actualites\/#\/schema\/person\/b87ac4f82f9d4e7b7cec7395b679edc4\",\"name\":\"Julien\",\"image\":{\"@type\":\"ImageObject\",\"inLanguage\":\"fr-BE\",\"@id\":\"https:\/\/vieassociative.be\/actualites\/#\/schema\/person\/image\/\",\"url\":\"https:\/\/vieassociative.be\/actualites\/wp-content\/uploads\/2024\/09\/vie-associative-1-150x150.jpg\",\"contentUrl\":\"https:\/\/vieassociative.be\/actualites\/wp-content\/uploads\/2024\/09\/vie-associative-1-150x150.jpg\",\"caption\":\"Julien\"},\"description\":\"Je suis Julien, r\u00e9dacteur pour Vie Associative. Passionn\u00e9 par le monde associatif depuis plus de 10 ans, j'ai \u00e0 c\u0153ur de partager des histoires inspirantes et de mettre en lumi\u00e8re les initiatives locales. Mon objectif est de sensibiliser et d'encourager l'engagement communautaire \u00e0 travers mes articles.\",\"sameAs\":[\"https:\/\/vieassociative.be\/\"]}]}<\/script>\n<!-- \/ Yoast SEO plugin. -->","yoast_head_json":{"title":"Mettez \u00e0 jour Chrome imm\u00e9diatement pour corriger cet exploit Zero-Day | Vie Associative","robots":{"index":"index","follow":"follow","max-snippet":"max-snippet:-1","max-image-preview":"max-image-preview:large","max-video-preview":"max-video-preview:-1"},"canonical":"https:\/\/vieassociative.be\/actualites\/mettez-a-jour-chrome-immediatement-pour-corriger-cet-exploit-zero-day\/","og_locale":"fr_FR","og_type":"article","og_title":"Mettez \u00e0 jour Chrome imm\u00e9diatement pour corriger cet exploit Zero-Day | Vie Associative","og_description":"Si vous \u00eates un utilisateur de Chrome, ceci vous rappelle de ne pas ignorer les mises \u00e0 jour de s\u00e9curit\u00e9 disponibles. Google propose un correctif","og_url":"https:\/\/vieassociative.be\/actualites\/mettez-a-jour-chrome-immediatement-pour-corriger-cet-exploit-zero-day\/","og_site_name":"Vie Associative","article_published_time":"2026-03-14T20:17:13+00:00","og_image":[{"width":279,"height":92,"url":"https:\/\/vieassociative.be\/actualites\/wp-content\/uploads\/2024\/09\/header_backgroundk-01-e1726694325946.png","type":"image\/png"}],"author":"Julien","twitter_card":"summary_large_image","twitter_misc":{"\u00c9crit par":"Julien","Dur\u00e9e de lecture est.":"2 minutes"},"schema":{"@context":"https:\/\/schema.org","@graph":[{"@type":"Article","@id":"https:\/\/vieassociative.be\/actualites\/mettez-a-jour-chrome-immediatement-pour-corriger-cet-exploit-zero-day\/#article","isPartOf":{"@id":"https:\/\/vieassociative.be\/actualites\/mettez-a-jour-chrome-immediatement-pour-corriger-cet-exploit-zero-day\/"},"author":{"name":"Julien","@id":"https:\/\/vieassociative.be\/actualites\/#\/schema\/person\/b87ac4f82f9d4e7b7cec7395b679edc4"},"headline":"Mettez \u00e0 jour Chrome imm\u00e9diatement pour corriger cet exploit Zero-Day","datePublished":"2026-03-14T20:17:13+00:00","dateModified":"2026-03-14T20:17:13+00:00","mainEntityOfPage":{"@id":"https:\/\/vieassociative.be\/actualites\/mettez-a-jour-chrome-immediatement-pour-corriger-cet-exploit-zero-day\/"},"wordCount":392,"publisher":{"@id":"https:\/\/vieassociative.be\/actualites\/#organization"},"image":{"@id":"https:\/\/vieassociative.be\/actualites\/mettez-a-jour-chrome-immediatement-pour-corriger-cet-exploit-zero-day\/#primaryimage"},"thumbnailUrl":"https:\/\/vieassociative.be\/actualites\/wp-content\/uploads\/2026\/03\/Mettez-a-jour-Chrome-immediatement-pour-corriger-cet-exploit-Zero-Day.png","keywords":["cet","Chrome","corriger","exploit","imm\u00e9diatement","jour","Mettez","pour","ZeroDay"],"articleSection":["Technologie"],"inLanguage":"fr-BE"},{"@type":"WebPage","@id":"https:\/\/vieassociative.be\/actualites\/mettez-a-jour-chrome-immediatement-pour-corriger-cet-exploit-zero-day\/","url":"https:\/\/vieassociative.be\/actualites\/mettez-a-jour-chrome-immediatement-pour-corriger-cet-exploit-zero-day\/","name":"Mettez \u00e0 jour Chrome imm\u00e9diatement pour corriger cet exploit Zero-Day | Vie Associative","isPartOf":{"@id":"https:\/\/vieassociative.be\/actualites\/#website"},"primaryImageOfPage":{"@id":"https:\/\/vieassociative.be\/actualites\/mettez-a-jour-chrome-immediatement-pour-corriger-cet-exploit-zero-day\/#primaryimage"},"image":{"@id":"https:\/\/vieassociative.be\/actualites\/mettez-a-jour-chrome-immediatement-pour-corriger-cet-exploit-zero-day\/#primaryimage"},"thumbnailUrl":"https:\/\/vieassociative.be\/actualites\/wp-content\/uploads\/2026\/03\/Mettez-a-jour-Chrome-immediatement-pour-corriger-cet-exploit-Zero-Day.png","datePublished":"2026-03-14T20:17:13+00:00","dateModified":"2026-03-14T20:17:13+00:00","breadcrumb":{"@id":"https:\/\/vieassociative.be\/actualites\/mettez-a-jour-chrome-immediatement-pour-corriger-cet-exploit-zero-day\/#breadcrumb"},"inLanguage":"fr-BE","potentialAction":[{"@type":"ReadAction","target":["https:\/\/vieassociative.be\/actualites\/mettez-a-jour-chrome-immediatement-pour-corriger-cet-exploit-zero-day\/"]}]},{"@type":"ImageObject","inLanguage":"fr-BE","@id":"https:\/\/vieassociative.be\/actualites\/mettez-a-jour-chrome-immediatement-pour-corriger-cet-exploit-zero-day\/#primaryimage","url":"https:\/\/vieassociative.be\/actualites\/wp-content\/uploads\/2026\/03\/Mettez-a-jour-Chrome-immediatement-pour-corriger-cet-exploit-Zero-Day.png","contentUrl":"https:\/\/vieassociative.be\/actualites\/wp-content\/uploads\/2026\/03\/Mettez-a-jour-Chrome-immediatement-pour-corriger-cet-exploit-Zero-Day.png","width":1200,"height":675,"caption":"Mettez \u00e0 jour Chrome imm\u00e9diatement pour corriger cet exploit Zero-Day"},{"@type":"BreadcrumbList","@id":"https:\/\/vieassociative.be\/actualites\/mettez-a-jour-chrome-immediatement-pour-corriger-cet-exploit-zero-day\/#breadcrumb","itemListElement":[{"@type":"ListItem","position":1,"name":"Accueil","item":"https:\/\/vieassociative.be\/actualites\/"},{"@type":"ListItem","position":2,"name":"Mettez \u00e0 jour Chrome imm\u00e9diatement pour corriger cet exploit Zero-Day"}]},{"@type":"WebSite","@id":"https:\/\/vieassociative.be\/actualites\/#website","url":"https:\/\/vieassociative.be\/actualites\/","name":"Vie Associative","description":"","publisher":{"@id":"https:\/\/vieassociative.be\/actualites\/#organization"},"potentialAction":[{"@type":"SearchAction","target":{"@type":"EntryPoint","urlTemplate":"https:\/\/vieassociative.be\/actualites\/?s={search_term_string}"},"query-input":{"@type":"PropertyValueSpecification","valueRequired":true,"valueName":"search_term_string"}}],"inLanguage":"fr-BE"},{"@type":"Organization","@id":"https:\/\/vieassociative.be\/actualites\/#organization","name":"Vie Associative","url":"https:\/\/vieassociative.be\/actualites\/","logo":{"@type":"ImageObject","inLanguage":"fr-BE","@id":"https:\/\/vieassociative.be\/actualites\/#\/schema\/logo\/image\/","url":"https:\/\/vieassociative.be\/actualites\/wp-content\/uploads\/2024\/09\/cropped-vieassociative_favicon.ico.png","contentUrl":"https:\/\/vieassociative.be\/actualites\/wp-content\/uploads\/2024\/09\/cropped-vieassociative_favicon.ico.png","width":512,"height":512,"caption":"Vie Associative"},"image":{"@id":"https:\/\/vieassociative.be\/actualites\/#\/schema\/logo\/image\/"}},{"@type":"Person","@id":"https:\/\/vieassociative.be\/actualites\/#\/schema\/person\/b87ac4f82f9d4e7b7cec7395b679edc4","name":"Julien","image":{"@type":"ImageObject","inLanguage":"fr-BE","@id":"https:\/\/vieassociative.be\/actualites\/#\/schema\/person\/image\/","url":"https:\/\/vieassociative.be\/actualites\/wp-content\/uploads\/2024\/09\/vie-associative-1-150x150.jpg","contentUrl":"https:\/\/vieassociative.be\/actualites\/wp-content\/uploads\/2024\/09\/vie-associative-1-150x150.jpg","caption":"Julien"},"description":"Je suis Julien, r\u00e9dacteur pour Vie Associative. Passionn\u00e9 par le monde associatif depuis plus de 10 ans, j'ai \u00e0 c\u0153ur de partager des histoires inspirantes et de mettre en lumi\u00e8re les initiatives locales. Mon objectif est de sensibiliser et d'encourager l'engagement communautaire \u00e0 travers mes articles.","sameAs":["https:\/\/vieassociative.be\/"]}]}},"_links":{"self":[{"href":"https:\/\/vieassociative.be\/actualites\/wp-json\/wp\/v2\/posts\/13023"}],"collection":[{"href":"https:\/\/vieassociative.be\/actualites\/wp-json\/wp\/v2\/posts"}],"about":[{"href":"https:\/\/vieassociative.be\/actualites\/wp-json\/wp\/v2\/types\/post"}],"author":[{"embeddable":true,"href":"https:\/\/vieassociative.be\/actualites\/wp-json\/wp\/v2\/users\/1"}],"replies":[{"embeddable":true,"href":"https:\/\/vieassociative.be\/actualites\/wp-json\/wp\/v2\/comments?post=13023"}],"version-history":[{"count":0,"href":"https:\/\/vieassociative.be\/actualites\/wp-json\/wp\/v2\/posts\/13023\/revisions"}],"wp:featuredmedia":[{"embeddable":true,"href":"https:\/\/vieassociative.be\/actualites\/wp-json\/wp\/v2\/media\/13024"}],"wp:attachment":[{"href":"https:\/\/vieassociative.be\/actualites\/wp-json\/wp\/v2\/media?parent=13023"}],"wp:term":[{"taxonomy":"category","embeddable":true,"href":"https:\/\/vieassociative.be\/actualites\/wp-json\/wp\/v2\/categories?post=13023"},{"taxonomy":"post_tag","embeddable":true,"href":"https:\/\/vieassociative.be\/actualites\/wp-json\/wp\/v2\/tags?post=13023"}],"curies":[{"name":"wp","href":"https:\/\/api.w.org\/{rel}","templated":true}]}}