{"id":13021,"date":"2026-03-14T16:17:31","date_gmt":"2026-03-14T15:17:31","guid":{"rendered":"https:\/\/vieassociative.be\/actualites\/vincent-kompany-fait-preuve-delegance-en-marge-lentraineur-a-succes-du-bayern-est-desormais-aussi-un-pionnier-de-la-mode\/"},"modified":"2026-03-14T16:17:31","modified_gmt":"2026-03-14T15:17:31","slug":"vincent-kompany-fait-preuve-delegance-en-marge-lentraineur-a-succes-du-bayern-est-desormais-aussi-un-pionnier-de-la-mode","status":"publish","type":"post","link":"https:\/\/vieassociative.be\/actualites\/vincent-kompany-fait-preuve-delegance-en-marge-lentraineur-a-succes-du-bayern-est-desormais-aussi-un-pionnier-de-la-mode\/","title":{"rendered":"Vincent Kompany fait preuve d&rsquo;\u00e9l\u00e9gance en marge : l&rsquo;entra\u00eeneur \u00e0 succ\u00e8s du Bayern est d\u00e9sormais aussi un pionnier de la mode"},"content":{"rendered":"<p><strong>Lorsque les gens parlent des entra\u00eeneurs de la Bundesliga, l&rsquo;accent est g\u00e9n\u00e9ralement mis sur la tactique, les transferts et les positions en championnat. Mais chez Vincent Kompany, il y a un autre facteur : le style. Depuis qu&rsquo;il a pris ses fonctions au FC Bayern Munich, le Belge n&rsquo;a pas seulement attir\u00e9 l&rsquo;attention en termes de sport, mais aussi de mode.<\/strong><\/p>\n<p><span id=\"more-437545\"><\/span>Alors que de nombreux entra\u00eeneurs apparaissent sur la touche en surv\u00eatement ou en veste fonctionnelle, Kompany ressemble souvent davantage \u00e0 un manager d&rsquo;une entreprise internationale. Son look est d\u00e9lib\u00e9r\u00e9ment simple, moderne et compos\u00e9 avec pr\u00e9cision \u2013 un m\u00e9lange d&rsquo;\u00e9l\u00e9gance classique et de retenue sportive.<\/p>\n<p>La pr\u00e9f\u00e9rence de Kompany pour les manteaux longs et structur\u00e9s est particuli\u00e8rement visible. Il porte souvent des mod\u00e8les en laine \u00e9paisse ou en laine m\u00e9lang\u00e9e, g\u00e9n\u00e9ralement dans des couleurs sombres comme le noir, l&rsquo;anthracite ou le bleu marine. La coupe est nette et pr\u00e8s du corps : des \u00e9paules \u00e9troites, des lignes \u00e9pur\u00e9es et une longueur juste au-dessus du genou.<\/p>\n<div id=\"attachment_437548\" class=\"wp-caption alignleft\" style=\"max-width: 300px\"><img fetchpriority=\"high\" decoding=\"async\" class=\"wp-image-437548 size-medium\" src=\"https:\/\/vieassociative.be\/actualites\/wp-content\/uploads\/2026\/03\/Vincent-Kompany-fait-preuve-delegance-en-marge-lentraineur-a.jpg\" alt=\"\" width=\"300\" height=\"200\"><\/div>\n<p>Ce manteau est d\u00e9sormais presque devenu une marque. Tandis que d&rsquo;autres entra\u00eeneurs se prot\u00e8gent du vent et des intemp\u00e9ries avec d&rsquo;\u00e9paisses vestes fonctionnelles, Kompany se tient debout et \u00e9l\u00e9gant sur le banc de touche, habill\u00e9 avec style mais de mani\u00e8re pratique.<\/p>\n<p>L&rsquo;entra\u00eeneur \u00e0 succ\u00e8s du FC Bayern combine souvent sous son manteau de fins pulls \u00e0 col roul\u00e9, souvent en laine m\u00e9rinos ou en cachemire. Le col roul\u00e9 remplace la combinaison classique chemise-cravate. Le r\u00e9sultat semble moderne et confiant : assez formel pour la grande sc\u00e8ne, mais d\u00e9tendu en m\u00eame temps.<\/p>\n<p>Le choix de la couleur suit \u00e9galement un concept clair. Kompany mise presque exclusivement sur des tons neutres \u2013 noir, gris fonc\u00e9 ou bleu marine. Parfois, un manteau beige ou camel est ajout\u00e9. Il \u00e9vite syst\u00e9matiquement les motifs ou logos visibles. Au lieu de cela, les tissus de haute qualit\u00e9 et les lignes claires dominent. Il porte g\u00e9n\u00e9ralement un pantalon slim, des chaussures classiques en cuir ou des baskets minimalistes. Parfois, une \u00e9charpe \u00e9troite compl\u00e8te le look. Tout semble bien pens\u00e9 sans \u00eatre mis en sc\u00e8ne.<\/p>\n<p><strong>\u2013 Le style comme \u00e9l\u00e9ment de la personnalit\u00e9\u00a0:<\/strong> L&rsquo;apparence \u00e0 la mode n&rsquo;est pas une co\u00efncidence. M\u00eame au cours de sa carri\u00e8re de joueur, Kompany \u00e9tait consid\u00e9r\u00e9 comme un joueur dot\u00e9 de qualit\u00e9s de leadership et d&rsquo;un fort sens du professionnalisme. En tant que capitaine de longue date de Manchester City, il n\u2019\u00e9tait pas seulement une figure influente sur le terrain.<\/p>\n<p>Outre le football, Kompany \u00e9tait intens\u00e9ment pr\u00e9occup\u00e9 par les questions \u00e9conomiques et sociales et \u00e9tait \u00e9galement politiquement actif dans sa ville natale de Bruxelles. Ce profil polyvalent se refl\u00e8te \u00e9galement dans son apparence : structur\u00e9, confiant et international.<\/p>\n<div id=\"attachment_437549\" class=\"wp-caption alignleft\" style=\"max-width: 300px\"><img decoding=\"async\" class=\"wp-image-437549 size-medium\" src=\"https:\/\/vieassociative.be\/actualites\/wp-content\/uploads\/2026\/03\/1773501451_317_Vincent-Kompany-fait-preuve-delegance-en-marge-lentraineur-a.jpg\" alt=\"\" width=\"300\" height=\"200\"><\/div>\n<p><strong>\u2013 Un nouveau style de coaching en Bundesliga :<\/strong> Avec son look \u00e9l\u00e9gant, Kompany s&rsquo;inscrit dans la lign\u00e9e des baskets qui mettent consciemment l&rsquo;accent sur le style. Au niveau international, des personnalit\u00e9s comme Pep Guardiola et Carlo Ancelotti ont montr\u00e9 depuis longtemps que les entra\u00eeneurs peuvent aussi mettre des accents \u00e0 la mode.<\/p>\n<p>Pendant longtemps, cela a \u00e9t\u00e9 moins prononc\u00e9 en Bundesliga. Des entra\u00eeneurs comme J\u00fcrgen Klopp ou Thomas Tuchel misent g\u00e9n\u00e9ralement sur des v\u00eatements de sport fonctionnels. Kompany apporte d\u00e9sormais une nouvelle esth\u00e9tique \u00e0 la ligue \u2013 une esth\u00e9tique qui allie \u00e9l\u00e9gance, modernit\u00e9 et autorit\u00e9.<\/p>\n<p>Un style qui convient au succ\u00e8s : Mais en fin de compte, la garde-robe de Kompany ne serait qu&rsquo;une note secondaire si les r\u00e9sultats n&rsquo;\u00e9taient pas \u00e9galement bons. Avec son concept de jeu clair, son football offensif courageux et son style de leadership calme, l&rsquo;entra\u00eeneur impressionne \u00e9galement sur le plan sportif. La victoire 6-1 de Munich \u00e0 l&rsquo;ext\u00e9rieur contre l&rsquo;Atalanta Bergame lors du match aller des huiti\u00e8mes de finale de la Ligue des champions a fait la une des journaux dans toute l&rsquo;Europe.<\/p>\n<p>L&rsquo;attitude de Kompany transmet un message clair : le leadership ne se refl\u00e8te pas seulement dans les d\u00e9cisions tactiques, mais aussi dans le charisme. Le Belge fa\u00e7onne actuellement non seulement le jeu du FC Bayern, mais aussi l&rsquo;image de l&rsquo;entra\u00eeneur moderne de la Bundesliga &#8211; performant, international et soucieux de son style. (par exemple)<\/p>\n","protected":false},"excerpt":{"rendered":"<p>Lorsque les gens parlent des entra\u00eeneurs de la Bundesliga, l&rsquo;accent est g\u00e9n\u00e9ralement mis sur la tactique, les transferts et les positions en championnat. Mais chez<\/p>\n","protected":false},"author":1,"featured_media":13022,"comment_status":"","ping_status":"","sticky":false,"template":"","format":"standard","meta":{"footnotes":""},"categories":[298],"tags":[1350,2298,10245,6,76,635,4024,3314,10246,2050,10247,10060,96,4513],"class_list":["post-13021","post","type-post","status-publish","format-standard","has-post-thumbnail","hentry","category-belgique","tag-aussi","tag-bayern","tag-delegance","tag-desormais","tag-est","tag-fait","tag-kompany","tag-lentraineur","tag-marge","tag-mode","tag-pionnier","tag-preuve","tag-succes","tag-vincent","generate-columns","tablet-grid-50","mobile-grid-100","grid-parent","grid-33"],"yoast_head":"<!-- This site is optimized with the Yoast SEO plugin v24.0 - https:\/\/yoast.com\/wordpress\/plugins\/seo\/ -->\n<title>Vincent Kompany fait preuve d&#039;\u00e9l\u00e9gance en marge : l&#039;entra\u00eeneur \u00e0 succ\u00e8s du Bayern est d\u00e9sormais aussi un pionnier de la mode | Vie Associative<\/title>\n<meta name=\"robots\" content=\"index, follow, max-snippet:-1, max-image-preview:large, max-video-preview:-1\" \/>\n<link rel=\"canonical\" href=\"https:\/\/vieassociative.be\/actualites\/vincent-kompany-fait-preuve-delegance-en-marge-lentraineur-a-succes-du-bayern-est-desormais-aussi-un-pionnier-de-la-mode\/\" \/>\n<meta property=\"og:locale\" content=\"fr_FR\" \/>\n<meta property=\"og:type\" content=\"article\" \/>\n<meta property=\"og:title\" content=\"Vincent Kompany fait preuve d&#039;\u00e9l\u00e9gance en marge : l&#039;entra\u00eeneur \u00e0 succ\u00e8s du Bayern est d\u00e9sormais aussi un pionnier de la mode | Vie Associative\" \/>\n<meta property=\"og:description\" content=\"Lorsque les gens parlent des entra\u00eeneurs de la Bundesliga, l&rsquo;accent est g\u00e9n\u00e9ralement mis sur la tactique, les transferts et les positions en championnat. Mais chez\" \/>\n<meta property=\"og:url\" content=\"https:\/\/vieassociative.be\/actualites\/vincent-kompany-fait-preuve-delegance-en-marge-lentraineur-a-succes-du-bayern-est-desormais-aussi-un-pionnier-de-la-mode\/\" \/>\n<meta property=\"og:site_name\" content=\"Vie Associative\" \/>\n<meta property=\"article:published_time\" content=\"2026-03-14T15:17:31+00:00\" \/>\n<meta property=\"og:image\" content=\"https:\/\/vieassociative.be\/actualites\/wp-content\/uploads\/2024\/09\/header_backgroundk-01-e1726694325946.png\" \/>\n\t<meta property=\"og:image:width\" content=\"279\" \/>\n\t<meta property=\"og:image:height\" content=\"92\" \/>\n\t<meta property=\"og:image:type\" content=\"image\/png\" \/>\n<meta name=\"author\" content=\"Julien\" \/>\n<meta name=\"twitter:card\" content=\"summary_large_image\" \/>\n<meta name=\"twitter:label1\" content=\"\u00c9crit par\" \/>\n\t<meta name=\"twitter:data1\" content=\"Julien\" \/>\n\t<meta name=\"twitter:label2\" content=\"Dur\u00e9e de lecture est.\" \/>\n\t<meta name=\"twitter:data2\" content=\"4 minutes\" \/>\n<script type=\"application\/ld+json\" class=\"yoast-schema-graph\">{\"@context\":\"https:\/\/schema.org\",\"@graph\":[{\"@type\":\"Article\",\"@id\":\"https:\/\/vieassociative.be\/actualites\/vincent-kompany-fait-preuve-delegance-en-marge-lentraineur-a-succes-du-bayern-est-desormais-aussi-un-pionnier-de-la-mode\/#article\",\"isPartOf\":{\"@id\":\"https:\/\/vieassociative.be\/actualites\/vincent-kompany-fait-preuve-delegance-en-marge-lentraineur-a-succes-du-bayern-est-desormais-aussi-un-pionnier-de-la-mode\/\"},\"author\":{\"name\":\"Julien\",\"@id\":\"https:\/\/vieassociative.be\/actualites\/#\/schema\/person\/b87ac4f82f9d4e7b7cec7395b679edc4\"},\"headline\":\"Vincent Kompany fait preuve d&rsquo;\u00e9l\u00e9gance en marge : l&rsquo;entra\u00eeneur \u00e0 succ\u00e8s du Bayern est d\u00e9sormais aussi un pionnier de la mode\",\"datePublished\":\"2026-03-14T15:17:31+00:00\",\"dateModified\":\"2026-03-14T15:17:31+00:00\",\"mainEntityOfPage\":{\"@id\":\"https:\/\/vieassociative.be\/actualites\/vincent-kompany-fait-preuve-delegance-en-marge-lentraineur-a-succes-du-bayern-est-desormais-aussi-un-pionnier-de-la-mode\/\"},\"wordCount\":776,\"publisher\":{\"@id\":\"https:\/\/vieassociative.be\/actualites\/#organization\"},\"image\":{\"@id\":\"https:\/\/vieassociative.be\/actualites\/vincent-kompany-fait-preuve-delegance-en-marge-lentraineur-a-succes-du-bayern-est-desormais-aussi-un-pionnier-de-la-mode\/#primaryimage\"},\"thumbnailUrl\":\"https:\/\/vieassociative.be\/actualites\/wp-content\/uploads\/2026\/03\/1773501452_Vincent-Kompany-fait-preuve-delegance-en-marge-lentraineur-a.jpg\",\"keywords\":[\"aussi\",\"Bayern\",\"d\u00e9l\u00e9gance\",\"d\u00e9sormais\",\"est\",\"fait\",\"Kompany\",\"lentra\u00eeneur\",\"marge\",\"mode\",\"pionnier\",\"preuve\",\"succ\u00e8s\",\"Vincent\"],\"articleSection\":[\"Belgique\"],\"inLanguage\":\"fr-BE\"},{\"@type\":\"WebPage\",\"@id\":\"https:\/\/vieassociative.be\/actualites\/vincent-kompany-fait-preuve-delegance-en-marge-lentraineur-a-succes-du-bayern-est-desormais-aussi-un-pionnier-de-la-mode\/\",\"url\":\"https:\/\/vieassociative.be\/actualites\/vincent-kompany-fait-preuve-delegance-en-marge-lentraineur-a-succes-du-bayern-est-desormais-aussi-un-pionnier-de-la-mode\/\",\"name\":\"Vincent Kompany fait preuve d'\u00e9l\u00e9gance en marge : l'entra\u00eeneur \u00e0 succ\u00e8s du Bayern est d\u00e9sormais aussi un pionnier de la mode | Vie Associative\",\"isPartOf\":{\"@id\":\"https:\/\/vieassociative.be\/actualites\/#website\"},\"primaryImageOfPage\":{\"@id\":\"https:\/\/vieassociative.be\/actualites\/vincent-kompany-fait-preuve-delegance-en-marge-lentraineur-a-succes-du-bayern-est-desormais-aussi-un-pionnier-de-la-mode\/#primaryimage\"},\"image\":{\"@id\":\"https:\/\/vieassociative.be\/actualites\/vincent-kompany-fait-preuve-delegance-en-marge-lentraineur-a-succes-du-bayern-est-desormais-aussi-un-pionnier-de-la-mode\/#primaryimage\"},\"thumbnailUrl\":\"https:\/\/vieassociative.be\/actualites\/wp-content\/uploads\/2026\/03\/1773501452_Vincent-Kompany-fait-preuve-delegance-en-marge-lentraineur-a.jpg\",\"datePublished\":\"2026-03-14T15:17:31+00:00\",\"dateModified\":\"2026-03-14T15:17:31+00:00\",\"breadcrumb\":{\"@id\":\"https:\/\/vieassociative.be\/actualites\/vincent-kompany-fait-preuve-delegance-en-marge-lentraineur-a-succes-du-bayern-est-desormais-aussi-un-pionnier-de-la-mode\/#breadcrumb\"},\"inLanguage\":\"fr-BE\",\"potentialAction\":[{\"@type\":\"ReadAction\",\"target\":[\"https:\/\/vieassociative.be\/actualites\/vincent-kompany-fait-preuve-delegance-en-marge-lentraineur-a-succes-du-bayern-est-desormais-aussi-un-pionnier-de-la-mode\/\"]}]},{\"@type\":\"ImageObject\",\"inLanguage\":\"fr-BE\",\"@id\":\"https:\/\/vieassociative.be\/actualites\/vincent-kompany-fait-preuve-delegance-en-marge-lentraineur-a-succes-du-bayern-est-desormais-aussi-un-pionnier-de-la-mode\/#primaryimage\",\"url\":\"https:\/\/vieassociative.be\/actualites\/wp-content\/uploads\/2026\/03\/1773501452_Vincent-Kompany-fait-preuve-delegance-en-marge-lentraineur-a.jpg\",\"contentUrl\":\"https:\/\/vieassociative.be\/actualites\/wp-content\/uploads\/2026\/03\/1773501452_Vincent-Kompany-fait-preuve-delegance-en-marge-lentraineur-a.jpg\",\"width\":1200,\"height\":800,\"caption\":\"Vincent Kompany fait preuve d'\u00e9l\u00e9gance en marge : l'entra\u00eeneur \u00e0 succ\u00e8s du Bayern est d\u00e9sormais aussi un pionnier de la mode\"},{\"@type\":\"BreadcrumbList\",\"@id\":\"https:\/\/vieassociative.be\/actualites\/vincent-kompany-fait-preuve-delegance-en-marge-lentraineur-a-succes-du-bayern-est-desormais-aussi-un-pionnier-de-la-mode\/#breadcrumb\",\"itemListElement\":[{\"@type\":\"ListItem\",\"position\":1,\"name\":\"Accueil\",\"item\":\"https:\/\/vieassociative.be\/actualites\/\"},{\"@type\":\"ListItem\",\"position\":2,\"name\":\"Vincent Kompany fait preuve d&rsquo;\u00e9l\u00e9gance en marge : l&rsquo;entra\u00eeneur \u00e0 succ\u00e8s du Bayern est d\u00e9sormais aussi un pionnier de la mode\"}]},{\"@type\":\"WebSite\",\"@id\":\"https:\/\/vieassociative.be\/actualites\/#website\",\"url\":\"https:\/\/vieassociative.be\/actualites\/\",\"name\":\"Vie Associative\",\"description\":\"\",\"publisher\":{\"@id\":\"https:\/\/vieassociative.be\/actualites\/#organization\"},\"potentialAction\":[{\"@type\":\"SearchAction\",\"target\":{\"@type\":\"EntryPoint\",\"urlTemplate\":\"https:\/\/vieassociative.be\/actualites\/?s={search_term_string}\"},\"query-input\":{\"@type\":\"PropertyValueSpecification\",\"valueRequired\":true,\"valueName\":\"search_term_string\"}}],\"inLanguage\":\"fr-BE\"},{\"@type\":\"Organization\",\"@id\":\"https:\/\/vieassociative.be\/actualites\/#organization\",\"name\":\"Vie Associative\",\"url\":\"https:\/\/vieassociative.be\/actualites\/\",\"logo\":{\"@type\":\"ImageObject\",\"inLanguage\":\"fr-BE\",\"@id\":\"https:\/\/vieassociative.be\/actualites\/#\/schema\/logo\/image\/\",\"url\":\"https:\/\/vieassociative.be\/actualites\/wp-content\/uploads\/2024\/09\/cropped-vieassociative_favicon.ico.png\",\"contentUrl\":\"https:\/\/vieassociative.be\/actualites\/wp-content\/uploads\/2024\/09\/cropped-vieassociative_favicon.ico.png\",\"width\":512,\"height\":512,\"caption\":\"Vie Associative\"},\"image\":{\"@id\":\"https:\/\/vieassociative.be\/actualites\/#\/schema\/logo\/image\/\"}},{\"@type\":\"Person\",\"@id\":\"https:\/\/vieassociative.be\/actualites\/#\/schema\/person\/b87ac4f82f9d4e7b7cec7395b679edc4\",\"name\":\"Julien\",\"image\":{\"@type\":\"ImageObject\",\"inLanguage\":\"fr-BE\",\"@id\":\"https:\/\/vieassociative.be\/actualites\/#\/schema\/person\/image\/\",\"url\":\"https:\/\/vieassociative.be\/actualites\/wp-content\/uploads\/2024\/09\/vie-associative-1-150x150.jpg\",\"contentUrl\":\"https:\/\/vieassociative.be\/actualites\/wp-content\/uploads\/2024\/09\/vie-associative-1-150x150.jpg\",\"caption\":\"Julien\"},\"description\":\"Je suis Julien, r\u00e9dacteur pour Vie Associative. Passionn\u00e9 par le monde associatif depuis plus de 10 ans, j'ai \u00e0 c\u0153ur de partager des histoires inspirantes et de mettre en lumi\u00e8re les initiatives locales. Mon objectif est de sensibiliser et d'encourager l'engagement communautaire \u00e0 travers mes articles.\",\"sameAs\":[\"https:\/\/vieassociative.be\/\"]}]}<\/script>\n<!-- \/ Yoast SEO plugin. -->","yoast_head_json":{"title":"Vincent Kompany fait preuve d'\u00e9l\u00e9gance en marge : l'entra\u00eeneur \u00e0 succ\u00e8s du Bayern est d\u00e9sormais aussi un pionnier de la mode | Vie Associative","robots":{"index":"index","follow":"follow","max-snippet":"max-snippet:-1","max-image-preview":"max-image-preview:large","max-video-preview":"max-video-preview:-1"},"canonical":"https:\/\/vieassociative.be\/actualites\/vincent-kompany-fait-preuve-delegance-en-marge-lentraineur-a-succes-du-bayern-est-desormais-aussi-un-pionnier-de-la-mode\/","og_locale":"fr_FR","og_type":"article","og_title":"Vincent Kompany fait preuve d'\u00e9l\u00e9gance en marge : l'entra\u00eeneur \u00e0 succ\u00e8s du Bayern est d\u00e9sormais aussi un pionnier de la mode | Vie Associative","og_description":"Lorsque les gens parlent des entra\u00eeneurs de la Bundesliga, l&rsquo;accent est g\u00e9n\u00e9ralement mis sur la tactique, les transferts et les positions en championnat. Mais chez","og_url":"https:\/\/vieassociative.be\/actualites\/vincent-kompany-fait-preuve-delegance-en-marge-lentraineur-a-succes-du-bayern-est-desormais-aussi-un-pionnier-de-la-mode\/","og_site_name":"Vie Associative","article_published_time":"2026-03-14T15:17:31+00:00","og_image":[{"width":279,"height":92,"url":"https:\/\/vieassociative.be\/actualites\/wp-content\/uploads\/2024\/09\/header_backgroundk-01-e1726694325946.png","type":"image\/png"}],"author":"Julien","twitter_card":"summary_large_image","twitter_misc":{"\u00c9crit par":"Julien","Dur\u00e9e de lecture est.":"4 minutes"},"schema":{"@context":"https:\/\/schema.org","@graph":[{"@type":"Article","@id":"https:\/\/vieassociative.be\/actualites\/vincent-kompany-fait-preuve-delegance-en-marge-lentraineur-a-succes-du-bayern-est-desormais-aussi-un-pionnier-de-la-mode\/#article","isPartOf":{"@id":"https:\/\/vieassociative.be\/actualites\/vincent-kompany-fait-preuve-delegance-en-marge-lentraineur-a-succes-du-bayern-est-desormais-aussi-un-pionnier-de-la-mode\/"},"author":{"name":"Julien","@id":"https:\/\/vieassociative.be\/actualites\/#\/schema\/person\/b87ac4f82f9d4e7b7cec7395b679edc4"},"headline":"Vincent Kompany fait preuve d&rsquo;\u00e9l\u00e9gance en marge : l&rsquo;entra\u00eeneur \u00e0 succ\u00e8s du Bayern est d\u00e9sormais aussi un pionnier de la mode","datePublished":"2026-03-14T15:17:31+00:00","dateModified":"2026-03-14T15:17:31+00:00","mainEntityOfPage":{"@id":"https:\/\/vieassociative.be\/actualites\/vincent-kompany-fait-preuve-delegance-en-marge-lentraineur-a-succes-du-bayern-est-desormais-aussi-un-pionnier-de-la-mode\/"},"wordCount":776,"publisher":{"@id":"https:\/\/vieassociative.be\/actualites\/#organization"},"image":{"@id":"https:\/\/vieassociative.be\/actualites\/vincent-kompany-fait-preuve-delegance-en-marge-lentraineur-a-succes-du-bayern-est-desormais-aussi-un-pionnier-de-la-mode\/#primaryimage"},"thumbnailUrl":"https:\/\/vieassociative.be\/actualites\/wp-content\/uploads\/2026\/03\/1773501452_Vincent-Kompany-fait-preuve-delegance-en-marge-lentraineur-a.jpg","keywords":["aussi","Bayern","d\u00e9l\u00e9gance","d\u00e9sormais","est","fait","Kompany","lentra\u00eeneur","marge","mode","pionnier","preuve","succ\u00e8s","Vincent"],"articleSection":["Belgique"],"inLanguage":"fr-BE"},{"@type":"WebPage","@id":"https:\/\/vieassociative.be\/actualites\/vincent-kompany-fait-preuve-delegance-en-marge-lentraineur-a-succes-du-bayern-est-desormais-aussi-un-pionnier-de-la-mode\/","url":"https:\/\/vieassociative.be\/actualites\/vincent-kompany-fait-preuve-delegance-en-marge-lentraineur-a-succes-du-bayern-est-desormais-aussi-un-pionnier-de-la-mode\/","name":"Vincent Kompany fait preuve d'\u00e9l\u00e9gance en marge : l'entra\u00eeneur \u00e0 succ\u00e8s du Bayern est d\u00e9sormais aussi un pionnier de la mode | Vie Associative","isPartOf":{"@id":"https:\/\/vieassociative.be\/actualites\/#website"},"primaryImageOfPage":{"@id":"https:\/\/vieassociative.be\/actualites\/vincent-kompany-fait-preuve-delegance-en-marge-lentraineur-a-succes-du-bayern-est-desormais-aussi-un-pionnier-de-la-mode\/#primaryimage"},"image":{"@id":"https:\/\/vieassociative.be\/actualites\/vincent-kompany-fait-preuve-delegance-en-marge-lentraineur-a-succes-du-bayern-est-desormais-aussi-un-pionnier-de-la-mode\/#primaryimage"},"thumbnailUrl":"https:\/\/vieassociative.be\/actualites\/wp-content\/uploads\/2026\/03\/1773501452_Vincent-Kompany-fait-preuve-delegance-en-marge-lentraineur-a.jpg","datePublished":"2026-03-14T15:17:31+00:00","dateModified":"2026-03-14T15:17:31+00:00","breadcrumb":{"@id":"https:\/\/vieassociative.be\/actualites\/vincent-kompany-fait-preuve-delegance-en-marge-lentraineur-a-succes-du-bayern-est-desormais-aussi-un-pionnier-de-la-mode\/#breadcrumb"},"inLanguage":"fr-BE","potentialAction":[{"@type":"ReadAction","target":["https:\/\/vieassociative.be\/actualites\/vincent-kompany-fait-preuve-delegance-en-marge-lentraineur-a-succes-du-bayern-est-desormais-aussi-un-pionnier-de-la-mode\/"]}]},{"@type":"ImageObject","inLanguage":"fr-BE","@id":"https:\/\/vieassociative.be\/actualites\/vincent-kompany-fait-preuve-delegance-en-marge-lentraineur-a-succes-du-bayern-est-desormais-aussi-un-pionnier-de-la-mode\/#primaryimage","url":"https:\/\/vieassociative.be\/actualites\/wp-content\/uploads\/2026\/03\/1773501452_Vincent-Kompany-fait-preuve-delegance-en-marge-lentraineur-a.jpg","contentUrl":"https:\/\/vieassociative.be\/actualites\/wp-content\/uploads\/2026\/03\/1773501452_Vincent-Kompany-fait-preuve-delegance-en-marge-lentraineur-a.jpg","width":1200,"height":800,"caption":"Vincent Kompany fait preuve d'\u00e9l\u00e9gance en marge : l'entra\u00eeneur \u00e0 succ\u00e8s du Bayern est d\u00e9sormais aussi un pionnier de la mode"},{"@type":"BreadcrumbList","@id":"https:\/\/vieassociative.be\/actualites\/vincent-kompany-fait-preuve-delegance-en-marge-lentraineur-a-succes-du-bayern-est-desormais-aussi-un-pionnier-de-la-mode\/#breadcrumb","itemListElement":[{"@type":"ListItem","position":1,"name":"Accueil","item":"https:\/\/vieassociative.be\/actualites\/"},{"@type":"ListItem","position":2,"name":"Vincent Kompany fait preuve d&rsquo;\u00e9l\u00e9gance en marge : l&rsquo;entra\u00eeneur \u00e0 succ\u00e8s du Bayern est d\u00e9sormais aussi un pionnier de la mode"}]},{"@type":"WebSite","@id":"https:\/\/vieassociative.be\/actualites\/#website","url":"https:\/\/vieassociative.be\/actualites\/","name":"Vie Associative","description":"","publisher":{"@id":"https:\/\/vieassociative.be\/actualites\/#organization"},"potentialAction":[{"@type":"SearchAction","target":{"@type":"EntryPoint","urlTemplate":"https:\/\/vieassociative.be\/actualites\/?s={search_term_string}"},"query-input":{"@type":"PropertyValueSpecification","valueRequired":true,"valueName":"search_term_string"}}],"inLanguage":"fr-BE"},{"@type":"Organization","@id":"https:\/\/vieassociative.be\/actualites\/#organization","name":"Vie Associative","url":"https:\/\/vieassociative.be\/actualites\/","logo":{"@type":"ImageObject","inLanguage":"fr-BE","@id":"https:\/\/vieassociative.be\/actualites\/#\/schema\/logo\/image\/","url":"https:\/\/vieassociative.be\/actualites\/wp-content\/uploads\/2024\/09\/cropped-vieassociative_favicon.ico.png","contentUrl":"https:\/\/vieassociative.be\/actualites\/wp-content\/uploads\/2024\/09\/cropped-vieassociative_favicon.ico.png","width":512,"height":512,"caption":"Vie Associative"},"image":{"@id":"https:\/\/vieassociative.be\/actualites\/#\/schema\/logo\/image\/"}},{"@type":"Person","@id":"https:\/\/vieassociative.be\/actualites\/#\/schema\/person\/b87ac4f82f9d4e7b7cec7395b679edc4","name":"Julien","image":{"@type":"ImageObject","inLanguage":"fr-BE","@id":"https:\/\/vieassociative.be\/actualites\/#\/schema\/person\/image\/","url":"https:\/\/vieassociative.be\/actualites\/wp-content\/uploads\/2024\/09\/vie-associative-1-150x150.jpg","contentUrl":"https:\/\/vieassociative.be\/actualites\/wp-content\/uploads\/2024\/09\/vie-associative-1-150x150.jpg","caption":"Julien"},"description":"Je suis Julien, r\u00e9dacteur pour Vie Associative. Passionn\u00e9 par le monde associatif depuis plus de 10 ans, j'ai \u00e0 c\u0153ur de partager des histoires inspirantes et de mettre en lumi\u00e8re les initiatives locales. Mon objectif est de sensibiliser et d'encourager l'engagement communautaire \u00e0 travers mes articles.","sameAs":["https:\/\/vieassociative.be\/"]}]}},"_links":{"self":[{"href":"https:\/\/vieassociative.be\/actualites\/wp-json\/wp\/v2\/posts\/13021"}],"collection":[{"href":"https:\/\/vieassociative.be\/actualites\/wp-json\/wp\/v2\/posts"}],"about":[{"href":"https:\/\/vieassociative.be\/actualites\/wp-json\/wp\/v2\/types\/post"}],"author":[{"embeddable":true,"href":"https:\/\/vieassociative.be\/actualites\/wp-json\/wp\/v2\/users\/1"}],"replies":[{"embeddable":true,"href":"https:\/\/vieassociative.be\/actualites\/wp-json\/wp\/v2\/comments?post=13021"}],"version-history":[{"count":0,"href":"https:\/\/vieassociative.be\/actualites\/wp-json\/wp\/v2\/posts\/13021\/revisions"}],"wp:featuredmedia":[{"embeddable":true,"href":"https:\/\/vieassociative.be\/actualites\/wp-json\/wp\/v2\/media\/13022"}],"wp:attachment":[{"href":"https:\/\/vieassociative.be\/actualites\/wp-json\/wp\/v2\/media?parent=13021"}],"wp:term":[{"taxonomy":"category","embeddable":true,"href":"https:\/\/vieassociative.be\/actualites\/wp-json\/wp\/v2\/categories?post=13021"},{"taxonomy":"post_tag","embeddable":true,"href":"https:\/\/vieassociative.be\/actualites\/wp-json\/wp\/v2\/tags?post=13021"}],"curies":[{"name":"wp","href":"https:\/\/api.w.org\/{rel}","templated":true}]}}