{"id":13019,"date":"2026-03-14T15:17:05","date_gmt":"2026-03-14T14:17:05","guid":{"rendered":"https:\/\/vieassociative.be\/actualites\/le-macbook-neo-est-en-fait-quelque-peu-reparable\/"},"modified":"2026-03-14T15:17:05","modified_gmt":"2026-03-14T14:17:05","slug":"le-macbook-neo-est-en-fait-quelque-peu-reparable","status":"publish","type":"post","link":"https:\/\/vieassociative.be\/actualites\/le-macbook-neo-est-en-fait-quelque-peu-reparable\/","title":{"rendered":"Le MacBook Neo est en fait (quelque peu) r\u00e9parable"},"content":{"rendered":"<p>Nous pouvons gagner une commission sur les liens sur cette page.<\/p>\n<p>Autrefois, les MacBook \u00e9taient des objets largement r\u00e9parables et \u00e9volutifs. Si trop d&rsquo;onglets ralentissaient macOS, vous pouvez ajouter plus de RAM ; si vous manquez de stockage, vous pouvez installer un disque dur plus grand ; si la batterie \u00e9tait vieille, vous pouvez facilement la remplacer. Mais \u00e0 mesure qu\u2019Apple \u2013 et l\u2019industrie dans son ensemble \u2013 recherchaient des designs plus fins et plus \u00e9l\u00e9gants, les ordinateurs portables en g\u00e9n\u00e9ral sont devenus plus difficiles \u00e0 utiliser. Les entreprises ont commenc\u00e9 \u00e0 souder tous les composants ensemble sur la carte, ce qui a permis de produire des machines fines et l\u00e9g\u00e8res, mais a rendu impossible leur mise \u00e0 niveau et extr\u00eamement peu pratique \u00e0 r\u00e9parer.<\/p>\n<p>Cela n\u2019a pas beaucoup chang\u00e9 \u00e0 l\u2019\u00e8re du silicium Apple. Bien que les MacBook modernes d&rsquo;Apple aient une certaine endurance et offrent un excellent rapport qualit\u00e9-prix, ils ne sont pas faciles \u00e0 r\u00e9parer. Loin de l\u00e0, en fait. Prenez le MacBook Pro M5\u00a0: lorsque iFixit a examin\u00e9 cet ordinateur portable, ils ont constat\u00e9 qu&rsquo;Apple vous obligeait \u00e0 retirer tous les composants du MacBook juste pour remplacer la batterie, du moins en suivant les instructions officielles d&rsquo;Apple. <\/p>\n<h2 id=\"the-macbook-neo-is-apples-most-repairable-laptop-in-years\">Le MacBook Neo est l&rsquo;ordinateur portable Apple le plus r\u00e9parable depuis des ann\u00e9es<\/h2>\n<p>Mais il y a de l&rsquo;espoir pour ceux d&rsquo;entre nous qui souhaitent qu&rsquo;Apple rende leurs appareils plus r\u00e9parables, \u00e0 partir d&rsquo;un produit auquel je ne m&rsquo;attendais pas \u00e0 ce qu&rsquo;Apple rende tout cela r\u00e9parable en premier lieu : le MacBook Neo. Le nouveau MacBook \u00e9conomique d&rsquo;Apple a fait fureur au cours de la derni\u00e8re semaine et demie, en grande partie, en partie, \u00e0 cause de son prix de d\u00e9part de 599 $ (499 $ avec une r\u00e9duction pour l&rsquo;\u00e9ducation). Bien que ce PDSF fasse du Neo un excellent choix pour les \u00e9tudiants, les parents et, vraiment, tous ceux qui souhaitent un Mac abordable, j&rsquo;imaginais que cela en ferait \u00e9galement davantage un produit consommable. Apple d\u00e9ploierait-il vraiment autant d\u2019efforts pour qu\u2019un MacBook \u00e0 500 $ dure aussi longtemps ?<\/p>\n<p>Il s\u2019av\u00e8re que c\u2019est en quelque sorte ce qu\u2019ils ont fait. En plus d&rsquo;utiliser davantage de pi\u00e8ces haut de gamme que les autres produits de cette gamme de prix (c&rsquo;est-\u00e0-dire en aluminium ou en plastique), le MacBook Neo simplifie le processus de r\u00e9paration et facilite le remplacement des composants cl\u00e9s. Ars Technica a fouill\u00e9 dans la documentation du Neo et a d\u00e9couvert que les r\u00e9parations de la plupart des composants comportent moins d&rsquo;\u00e9tapes et utilisent moins d&rsquo;outils que le MacBook Air M5. Ce sera une bonne nouvelle pour tous ceux qui conservent leur MacBook Neo pendant quelques ann\u00e9es et qui font face \u00e0 une batterie vieillissante : lorsque viendra le temps de remplacer cette batterie, il vous suffira de retirer les vis, les clips et les c\u00e2bles flexibles. Cela peut para\u00eetre un peu compliqu\u00e9, mais c&rsquo;est <em>loin<\/em> plus simple que les autres MacBook, qui utilisent des batteries coll\u00e9es avec de l&rsquo;adh\u00e9sif. Sur ces mod\u00e8les, vous devez tirer sur des languettes capricieuses pour briser cet adh\u00e9sif, apr\u00e8s avoir retir\u00e9 encore plus de vis. <\/p>\n<p>La cha\u00eene YouTube TECH RE-NU est arriv\u00e9e \u00e0 des conclusions similaires lors de leur d\u00e9montage \u00ab\u00a0speedrun\u00a0\u00bb. Ils ont pu d\u00e9monter le Neo en moins de 10 minutes, \u00ab ce qui est absolument incroyable pour un ordinateur portable Apple \u00bb. Ils ont lou\u00e9 le manque d&rsquo;adh\u00e9sifs et de ruban adh\u00e9sif, ainsi que l&rsquo;inclusion de pi\u00e8ces modulaires (y compris des ports USB-C modulaires, des haut-parleurs et une prise casque), tout en maintenant le prix bas :   <\/p>\n<div class=\"mx-auto mt-8 w-full max-w-4xl aspect-video\">\n<div id=\"video-container-01KKP9JSSMMTX7WV9MKENS06EE\"><\/div>\n<\/div>\n<p>Un autre point cl\u00e9 ? Le clavier est rempla\u00e7able tout seul. Pendant des ann\u00e9es, si quelque chose n&rsquo;allait pas avec le clavier de votre MacBook, Apple vous obligeait \u00e0 remplacer l&rsquo;int\u00e9gralit\u00e9 du \u00ab Top Case \u00bb, ou la moiti\u00e9 sup\u00e9rieure de la partie inf\u00e9rieure de votre ordinateur portable. Cela inclut \u00e9galement la batterie, ce qui en fait une solution inutilement co\u00fbteuse. D\u00e9sormais, le clavier et le Top Case sont des pi\u00e8ces de r\u00e9paration distinctes. Vous devrez manipuler un certain nombre de vis pour acc\u00e9der au clavier, mais c&rsquo;est beaucoup plus simple (et moins cher) que de remplacer une fraction importante du MacBook lui-m\u00eame. <\/p>\n<p>Maintenant, le Neo ne l&rsquo;est toujours pas <em>\u00e9volutif<\/em>. Il est tristement c\u00e9l\u00e8bre avec seulement 8 Go de RAM, et il ex\u00e9cutera ces 8 Go de RAM jusqu&rsquo;au jour o\u00f9 vous vous en s\u00e9parerez. Vous \u00eates \u00e9galement limit\u00e9 \u00e0 la taille de stockage que vous choisissez au moment de l&rsquo;achat, donc si vous pensez vouloir plus de 256 Go, vous devrez opter pour le mod\u00e8le de 512 Go (qui, commod\u00e9ment, est livr\u00e9 avec Touch ID dans le clavier). Si vous manquez d&rsquo;espace sur le v\u00f4tre, vous devrez vous procurer un disque externe pour continuer \u00e0 enregistrer les fichiers localement. <\/p>\n<h2 id=\"why-is-the-macbook-neo-apples-most-repairable-mac\">Pourquoi le MacBook Neo est-il le Mac le plus r\u00e9parable d&rsquo;Apple ?<\/h2>\n<p>Alors, pourquoi le MacBook Neo, le MacBook le moins cher d&rsquo;Apple, est-il \u00e9galement le plus r\u00e9parable ? Apple ne le dit pas, mais \u00e9tant donn\u00e9 que le MacBook Neo est destin\u00e9 aux \u00e9tudiants, en particulier aux plus jeunes, il serait logique de rendre ces probl\u00e8mes plus faciles et moins co\u00fbteux \u00e0 r\u00e9parer. Si les parents et les \u00e9coles commencent \u00e0 acheter le MacBook Neo pour les \u00e9l\u00e8ves du primaire, ces \u00e9l\u00e9ments seront sujets \u00e0 des chutes, des d\u00e9versements et d&rsquo;autres utilisations brutales. Les rendre irr\u00e9parables co\u00fbterait rapidement cher et pourrait dissuader les parents et les \u00e9coles d\u2019investir davantage dans ces appareils plut\u00f4t que dans les Chromebooks.<\/p>\n<p>Si cela est vrai, cela ne repr\u00e9sente qu\u2019un avantage net pour les consommateurs en g\u00e9n\u00e9ral. Quiconque ach\u00e8te un MacBook Neo b\u00e9n\u00e9ficie de l&rsquo;avantage d&rsquo;une machine qui n&rsquo;est pas trop co\u00fbteuse \u00e0 r\u00e9parer le moment venu. Et bien que l\u2019A18 Pro puisse commencer \u00e0 montrer son \u00e2ge plus t\u00f4t qu\u2019une toute nouvelle puce M5, cette politique pourrait prolonger encore plus votre temps avec votre MacBook Neo.      <\/p>\n","protected":false},"excerpt":{"rendered":"<p>Nous pouvons gagner une commission sur les liens sur cette page. Autrefois, les MacBook \u00e9taient des objets largement r\u00e9parables et \u00e9volutifs. Si trop d&rsquo;onglets ralentissaient<\/p>\n","protected":false},"author":1,"featured_media":13020,"comment_status":"","ping_status":"","sticky":false,"template":"","format":"standard","meta":{"footnotes":""},"categories":[10230],"tags":[76,635,686,10155,302,1061,10244],"class_list":["post-13019","post","type-post","status-publish","format-standard","has-post-thumbnail","hentry","category-apple","tag-est","tag-fait","tag-macbook","tag-neo","tag-peu","tag-quelque","tag-reparable","generate-columns","tablet-grid-50","mobile-grid-100","grid-parent","grid-33"],"yoast_head":"<!-- This site is optimized with the Yoast SEO plugin v24.0 - https:\/\/yoast.com\/wordpress\/plugins\/seo\/ -->\n<title>Le MacBook Neo est en fait (quelque peu) r\u00e9parable | Vie Associative<\/title>\n<meta name=\"robots\" content=\"index, follow, max-snippet:-1, max-image-preview:large, max-video-preview:-1\" \/>\n<link rel=\"canonical\" href=\"https:\/\/vieassociative.be\/actualites\/le-macbook-neo-est-en-fait-quelque-peu-reparable\/\" \/>\n<meta property=\"og:locale\" content=\"fr_FR\" \/>\n<meta property=\"og:type\" content=\"article\" \/>\n<meta property=\"og:title\" content=\"Le MacBook Neo est en fait (quelque peu) r\u00e9parable | Vie Associative\" \/>\n<meta property=\"og:description\" content=\"Nous pouvons gagner une commission sur les liens sur cette page. Autrefois, les MacBook \u00e9taient des objets largement r\u00e9parables et \u00e9volutifs. Si trop d&rsquo;onglets ralentissaient\" \/>\n<meta property=\"og:url\" content=\"https:\/\/vieassociative.be\/actualites\/le-macbook-neo-est-en-fait-quelque-peu-reparable\/\" \/>\n<meta property=\"og:site_name\" content=\"Vie Associative\" \/>\n<meta property=\"article:published_time\" content=\"2026-03-14T14:17:05+00:00\" \/>\n<meta property=\"og:image\" content=\"https:\/\/vieassociative.be\/actualites\/wp-content\/uploads\/2024\/09\/header_backgroundk-01-e1726694325946.png\" \/>\n\t<meta property=\"og:image:width\" content=\"279\" \/>\n\t<meta property=\"og:image:height\" content=\"92\" \/>\n\t<meta property=\"og:image:type\" content=\"image\/png\" \/>\n<meta name=\"author\" content=\"Julien\" \/>\n<meta name=\"twitter:card\" content=\"summary_large_image\" \/>\n<meta name=\"twitter:label1\" content=\"\u00c9crit par\" \/>\n\t<meta name=\"twitter:data1\" content=\"Julien\" \/>\n\t<meta name=\"twitter:label2\" content=\"Dur\u00e9e de lecture est.\" \/>\n\t<meta name=\"twitter:data2\" content=\"5 minutes\" \/>\n<script type=\"application\/ld+json\" class=\"yoast-schema-graph\">{\"@context\":\"https:\/\/schema.org\",\"@graph\":[{\"@type\":\"Article\",\"@id\":\"https:\/\/vieassociative.be\/actualites\/le-macbook-neo-est-en-fait-quelque-peu-reparable\/#article\",\"isPartOf\":{\"@id\":\"https:\/\/vieassociative.be\/actualites\/le-macbook-neo-est-en-fait-quelque-peu-reparable\/\"},\"author\":{\"name\":\"Julien\",\"@id\":\"https:\/\/vieassociative.be\/actualites\/#\/schema\/person\/b87ac4f82f9d4e7b7cec7395b679edc4\"},\"headline\":\"Le MacBook Neo est en fait (quelque peu) r\u00e9parable\",\"datePublished\":\"2026-03-14T14:17:05+00:00\",\"dateModified\":\"2026-03-14T14:17:05+00:00\",\"mainEntityOfPage\":{\"@id\":\"https:\/\/vieassociative.be\/actualites\/le-macbook-neo-est-en-fait-quelque-peu-reparable\/\"},\"wordCount\":1060,\"publisher\":{\"@id\":\"https:\/\/vieassociative.be\/actualites\/#organization\"},\"image\":{\"@id\":\"https:\/\/vieassociative.be\/actualites\/le-macbook-neo-est-en-fait-quelque-peu-reparable\/#primaryimage\"},\"thumbnailUrl\":\"https:\/\/vieassociative.be\/actualites\/wp-content\/uploads\/2026\/03\/Le-MacBook-Neo-est-en-fait-quelque-peu-reparable.jpg\",\"keywords\":[\"est\",\"fait\",\"MacBook\",\"Neo\",\"peu\",\"quelque\",\"r\u00e9parable\"],\"articleSection\":[\"Apple\"],\"inLanguage\":\"fr-BE\"},{\"@type\":\"WebPage\",\"@id\":\"https:\/\/vieassociative.be\/actualites\/le-macbook-neo-est-en-fait-quelque-peu-reparable\/\",\"url\":\"https:\/\/vieassociative.be\/actualites\/le-macbook-neo-est-en-fait-quelque-peu-reparable\/\",\"name\":\"Le MacBook Neo est en fait (quelque peu) r\u00e9parable | Vie Associative\",\"isPartOf\":{\"@id\":\"https:\/\/vieassociative.be\/actualites\/#website\"},\"primaryImageOfPage\":{\"@id\":\"https:\/\/vieassociative.be\/actualites\/le-macbook-neo-est-en-fait-quelque-peu-reparable\/#primaryimage\"},\"image\":{\"@id\":\"https:\/\/vieassociative.be\/actualites\/le-macbook-neo-est-en-fait-quelque-peu-reparable\/#primaryimage\"},\"thumbnailUrl\":\"https:\/\/vieassociative.be\/actualites\/wp-content\/uploads\/2026\/03\/Le-MacBook-Neo-est-en-fait-quelque-peu-reparable.jpg\",\"datePublished\":\"2026-03-14T14:17:05+00:00\",\"dateModified\":\"2026-03-14T14:17:05+00:00\",\"breadcrumb\":{\"@id\":\"https:\/\/vieassociative.be\/actualites\/le-macbook-neo-est-en-fait-quelque-peu-reparable\/#breadcrumb\"},\"inLanguage\":\"fr-BE\",\"potentialAction\":[{\"@type\":\"ReadAction\",\"target\":[\"https:\/\/vieassociative.be\/actualites\/le-macbook-neo-est-en-fait-quelque-peu-reparable\/\"]}]},{\"@type\":\"ImageObject\",\"inLanguage\":\"fr-BE\",\"@id\":\"https:\/\/vieassociative.be\/actualites\/le-macbook-neo-est-en-fait-quelque-peu-reparable\/#primaryimage\",\"url\":\"https:\/\/vieassociative.be\/actualites\/wp-content\/uploads\/2026\/03\/Le-MacBook-Neo-est-en-fait-quelque-peu-reparable.jpg\",\"contentUrl\":\"https:\/\/vieassociative.be\/actualites\/wp-content\/uploads\/2026\/03\/Le-MacBook-Neo-est-en-fait-quelque-peu-reparable.jpg\",\"width\":1200,\"height\":675,\"caption\":\"Le MacBook Neo est en fait (quelque peu) r\u00e9parable\"},{\"@type\":\"BreadcrumbList\",\"@id\":\"https:\/\/vieassociative.be\/actualites\/le-macbook-neo-est-en-fait-quelque-peu-reparable\/#breadcrumb\",\"itemListElement\":[{\"@type\":\"ListItem\",\"position\":1,\"name\":\"Accueil\",\"item\":\"https:\/\/vieassociative.be\/actualites\/\"},{\"@type\":\"ListItem\",\"position\":2,\"name\":\"Le MacBook Neo est en fait (quelque peu) r\u00e9parable\"}]},{\"@type\":\"WebSite\",\"@id\":\"https:\/\/vieassociative.be\/actualites\/#website\",\"url\":\"https:\/\/vieassociative.be\/actualites\/\",\"name\":\"Vie Associative\",\"description\":\"\",\"publisher\":{\"@id\":\"https:\/\/vieassociative.be\/actualites\/#organization\"},\"potentialAction\":[{\"@type\":\"SearchAction\",\"target\":{\"@type\":\"EntryPoint\",\"urlTemplate\":\"https:\/\/vieassociative.be\/actualites\/?s={search_term_string}\"},\"query-input\":{\"@type\":\"PropertyValueSpecification\",\"valueRequired\":true,\"valueName\":\"search_term_string\"}}],\"inLanguage\":\"fr-BE\"},{\"@type\":\"Organization\",\"@id\":\"https:\/\/vieassociative.be\/actualites\/#organization\",\"name\":\"Vie Associative\",\"url\":\"https:\/\/vieassociative.be\/actualites\/\",\"logo\":{\"@type\":\"ImageObject\",\"inLanguage\":\"fr-BE\",\"@id\":\"https:\/\/vieassociative.be\/actualites\/#\/schema\/logo\/image\/\",\"url\":\"https:\/\/vieassociative.be\/actualites\/wp-content\/uploads\/2024\/09\/cropped-vieassociative_favicon.ico.png\",\"contentUrl\":\"https:\/\/vieassociative.be\/actualites\/wp-content\/uploads\/2024\/09\/cropped-vieassociative_favicon.ico.png\",\"width\":512,\"height\":512,\"caption\":\"Vie Associative\"},\"image\":{\"@id\":\"https:\/\/vieassociative.be\/actualites\/#\/schema\/logo\/image\/\"}},{\"@type\":\"Person\",\"@id\":\"https:\/\/vieassociative.be\/actualites\/#\/schema\/person\/b87ac4f82f9d4e7b7cec7395b679edc4\",\"name\":\"Julien\",\"image\":{\"@type\":\"ImageObject\",\"inLanguage\":\"fr-BE\",\"@id\":\"https:\/\/vieassociative.be\/actualites\/#\/schema\/person\/image\/\",\"url\":\"https:\/\/vieassociative.be\/actualites\/wp-content\/uploads\/2024\/09\/vie-associative-1-150x150.jpg\",\"contentUrl\":\"https:\/\/vieassociative.be\/actualites\/wp-content\/uploads\/2024\/09\/vie-associative-1-150x150.jpg\",\"caption\":\"Julien\"},\"description\":\"Je suis Julien, r\u00e9dacteur pour Vie Associative. Passionn\u00e9 par le monde associatif depuis plus de 10 ans, j'ai \u00e0 c\u0153ur de partager des histoires inspirantes et de mettre en lumi\u00e8re les initiatives locales. Mon objectif est de sensibiliser et d'encourager l'engagement communautaire \u00e0 travers mes articles.\",\"sameAs\":[\"https:\/\/vieassociative.be\/\"]}]}<\/script>\n<!-- \/ Yoast SEO plugin. -->","yoast_head_json":{"title":"Le MacBook Neo est en fait (quelque peu) r\u00e9parable | Vie Associative","robots":{"index":"index","follow":"follow","max-snippet":"max-snippet:-1","max-image-preview":"max-image-preview:large","max-video-preview":"max-video-preview:-1"},"canonical":"https:\/\/vieassociative.be\/actualites\/le-macbook-neo-est-en-fait-quelque-peu-reparable\/","og_locale":"fr_FR","og_type":"article","og_title":"Le MacBook Neo est en fait (quelque peu) r\u00e9parable | Vie Associative","og_description":"Nous pouvons gagner une commission sur les liens sur cette page. Autrefois, les MacBook \u00e9taient des objets largement r\u00e9parables et \u00e9volutifs. Si trop d&rsquo;onglets ralentissaient","og_url":"https:\/\/vieassociative.be\/actualites\/le-macbook-neo-est-en-fait-quelque-peu-reparable\/","og_site_name":"Vie Associative","article_published_time":"2026-03-14T14:17:05+00:00","og_image":[{"width":279,"height":92,"url":"https:\/\/vieassociative.be\/actualites\/wp-content\/uploads\/2024\/09\/header_backgroundk-01-e1726694325946.png","type":"image\/png"}],"author":"Julien","twitter_card":"summary_large_image","twitter_misc":{"\u00c9crit par":"Julien","Dur\u00e9e de lecture est.":"5 minutes"},"schema":{"@context":"https:\/\/schema.org","@graph":[{"@type":"Article","@id":"https:\/\/vieassociative.be\/actualites\/le-macbook-neo-est-en-fait-quelque-peu-reparable\/#article","isPartOf":{"@id":"https:\/\/vieassociative.be\/actualites\/le-macbook-neo-est-en-fait-quelque-peu-reparable\/"},"author":{"name":"Julien","@id":"https:\/\/vieassociative.be\/actualites\/#\/schema\/person\/b87ac4f82f9d4e7b7cec7395b679edc4"},"headline":"Le MacBook Neo est en fait (quelque peu) r\u00e9parable","datePublished":"2026-03-14T14:17:05+00:00","dateModified":"2026-03-14T14:17:05+00:00","mainEntityOfPage":{"@id":"https:\/\/vieassociative.be\/actualites\/le-macbook-neo-est-en-fait-quelque-peu-reparable\/"},"wordCount":1060,"publisher":{"@id":"https:\/\/vieassociative.be\/actualites\/#organization"},"image":{"@id":"https:\/\/vieassociative.be\/actualites\/le-macbook-neo-est-en-fait-quelque-peu-reparable\/#primaryimage"},"thumbnailUrl":"https:\/\/vieassociative.be\/actualites\/wp-content\/uploads\/2026\/03\/Le-MacBook-Neo-est-en-fait-quelque-peu-reparable.jpg","keywords":["est","fait","MacBook","Neo","peu","quelque","r\u00e9parable"],"articleSection":["Apple"],"inLanguage":"fr-BE"},{"@type":"WebPage","@id":"https:\/\/vieassociative.be\/actualites\/le-macbook-neo-est-en-fait-quelque-peu-reparable\/","url":"https:\/\/vieassociative.be\/actualites\/le-macbook-neo-est-en-fait-quelque-peu-reparable\/","name":"Le MacBook Neo est en fait (quelque peu) r\u00e9parable | Vie Associative","isPartOf":{"@id":"https:\/\/vieassociative.be\/actualites\/#website"},"primaryImageOfPage":{"@id":"https:\/\/vieassociative.be\/actualites\/le-macbook-neo-est-en-fait-quelque-peu-reparable\/#primaryimage"},"image":{"@id":"https:\/\/vieassociative.be\/actualites\/le-macbook-neo-est-en-fait-quelque-peu-reparable\/#primaryimage"},"thumbnailUrl":"https:\/\/vieassociative.be\/actualites\/wp-content\/uploads\/2026\/03\/Le-MacBook-Neo-est-en-fait-quelque-peu-reparable.jpg","datePublished":"2026-03-14T14:17:05+00:00","dateModified":"2026-03-14T14:17:05+00:00","breadcrumb":{"@id":"https:\/\/vieassociative.be\/actualites\/le-macbook-neo-est-en-fait-quelque-peu-reparable\/#breadcrumb"},"inLanguage":"fr-BE","potentialAction":[{"@type":"ReadAction","target":["https:\/\/vieassociative.be\/actualites\/le-macbook-neo-est-en-fait-quelque-peu-reparable\/"]}]},{"@type":"ImageObject","inLanguage":"fr-BE","@id":"https:\/\/vieassociative.be\/actualites\/le-macbook-neo-est-en-fait-quelque-peu-reparable\/#primaryimage","url":"https:\/\/vieassociative.be\/actualites\/wp-content\/uploads\/2026\/03\/Le-MacBook-Neo-est-en-fait-quelque-peu-reparable.jpg","contentUrl":"https:\/\/vieassociative.be\/actualites\/wp-content\/uploads\/2026\/03\/Le-MacBook-Neo-est-en-fait-quelque-peu-reparable.jpg","width":1200,"height":675,"caption":"Le MacBook Neo est en fait (quelque peu) r\u00e9parable"},{"@type":"BreadcrumbList","@id":"https:\/\/vieassociative.be\/actualites\/le-macbook-neo-est-en-fait-quelque-peu-reparable\/#breadcrumb","itemListElement":[{"@type":"ListItem","position":1,"name":"Accueil","item":"https:\/\/vieassociative.be\/actualites\/"},{"@type":"ListItem","position":2,"name":"Le MacBook Neo est en fait (quelque peu) r\u00e9parable"}]},{"@type":"WebSite","@id":"https:\/\/vieassociative.be\/actualites\/#website","url":"https:\/\/vieassociative.be\/actualites\/","name":"Vie Associative","description":"","publisher":{"@id":"https:\/\/vieassociative.be\/actualites\/#organization"},"potentialAction":[{"@type":"SearchAction","target":{"@type":"EntryPoint","urlTemplate":"https:\/\/vieassociative.be\/actualites\/?s={search_term_string}"},"query-input":{"@type":"PropertyValueSpecification","valueRequired":true,"valueName":"search_term_string"}}],"inLanguage":"fr-BE"},{"@type":"Organization","@id":"https:\/\/vieassociative.be\/actualites\/#organization","name":"Vie Associative","url":"https:\/\/vieassociative.be\/actualites\/","logo":{"@type":"ImageObject","inLanguage":"fr-BE","@id":"https:\/\/vieassociative.be\/actualites\/#\/schema\/logo\/image\/","url":"https:\/\/vieassociative.be\/actualites\/wp-content\/uploads\/2024\/09\/cropped-vieassociative_favicon.ico.png","contentUrl":"https:\/\/vieassociative.be\/actualites\/wp-content\/uploads\/2024\/09\/cropped-vieassociative_favicon.ico.png","width":512,"height":512,"caption":"Vie Associative"},"image":{"@id":"https:\/\/vieassociative.be\/actualites\/#\/schema\/logo\/image\/"}},{"@type":"Person","@id":"https:\/\/vieassociative.be\/actualites\/#\/schema\/person\/b87ac4f82f9d4e7b7cec7395b679edc4","name":"Julien","image":{"@type":"ImageObject","inLanguage":"fr-BE","@id":"https:\/\/vieassociative.be\/actualites\/#\/schema\/person\/image\/","url":"https:\/\/vieassociative.be\/actualites\/wp-content\/uploads\/2024\/09\/vie-associative-1-150x150.jpg","contentUrl":"https:\/\/vieassociative.be\/actualites\/wp-content\/uploads\/2024\/09\/vie-associative-1-150x150.jpg","caption":"Julien"},"description":"Je suis Julien, r\u00e9dacteur pour Vie Associative. Passionn\u00e9 par le monde associatif depuis plus de 10 ans, j'ai \u00e0 c\u0153ur de partager des histoires inspirantes et de mettre en lumi\u00e8re les initiatives locales. Mon objectif est de sensibiliser et d'encourager l'engagement communautaire \u00e0 travers mes articles.","sameAs":["https:\/\/vieassociative.be\/"]}]}},"_links":{"self":[{"href":"https:\/\/vieassociative.be\/actualites\/wp-json\/wp\/v2\/posts\/13019"}],"collection":[{"href":"https:\/\/vieassociative.be\/actualites\/wp-json\/wp\/v2\/posts"}],"about":[{"href":"https:\/\/vieassociative.be\/actualites\/wp-json\/wp\/v2\/types\/post"}],"author":[{"embeddable":true,"href":"https:\/\/vieassociative.be\/actualites\/wp-json\/wp\/v2\/users\/1"}],"replies":[{"embeddable":true,"href":"https:\/\/vieassociative.be\/actualites\/wp-json\/wp\/v2\/comments?post=13019"}],"version-history":[{"count":0,"href":"https:\/\/vieassociative.be\/actualites\/wp-json\/wp\/v2\/posts\/13019\/revisions"}],"wp:featuredmedia":[{"embeddable":true,"href":"https:\/\/vieassociative.be\/actualites\/wp-json\/wp\/v2\/media\/13020"}],"wp:attachment":[{"href":"https:\/\/vieassociative.be\/actualites\/wp-json\/wp\/v2\/media?parent=13019"}],"wp:term":[{"taxonomy":"category","embeddable":true,"href":"https:\/\/vieassociative.be\/actualites\/wp-json\/wp\/v2\/categories?post=13019"},{"taxonomy":"post_tag","embeddable":true,"href":"https:\/\/vieassociative.be\/actualites\/wp-json\/wp\/v2\/tags?post=13019"}],"curies":[{"name":"wp","href":"https:\/\/api.w.org\/{rel}","templated":true}]}}