{"id":13015,"date":"2026-03-14T03:17:26","date_gmt":"2026-03-14T02:17:26","guid":{"rendered":"https:\/\/vieassociative.be\/actualites\/comment-reperer-les-attaques-informatiques-vivre-de-la-terre\/"},"modified":"2026-03-14T03:17:26","modified_gmt":"2026-03-14T02:17:26","slug":"comment-reperer-les-attaques-informatiques-vivre-de-la-terre","status":"publish","type":"post","link":"https:\/\/vieassociative.be\/actualites\/comment-reperer-les-attaques-informatiques-vivre-de-la-terre\/","title":{"rendered":"Comment rep\u00e9rer les attaques informatiques \u00ab Vivre de la terre \u00bb"},"content":{"rendered":"<p>J&rsquo;\u00e9cris fr\u00e9quemment sur la menace des logiciels malveillants et sur la mani\u00e8re dont les auteurs de menaces les utilisent pour tout faire, du vol d&rsquo;informations personnelles \u00e0 la prise de contr\u00f4le compl\u00e8te des appareils des utilisateurs ou \u00e0 leur ajout \u00e0 des botnets. Ces programmes malveillants se propagent via diverses formes de phishing, d&rsquo;attaques ClickFix, de publicit\u00e9s malveillantes et m\u00eame d&rsquo;applications v\u00e9rifi\u00e9es et approuv\u00e9es par Apple et Google. <\/p>\n<p>Cependant, \u00e0 mesure que les utilisateurs (et les outils de s\u00e9curit\u00e9) identifient mieux les signes d&rsquo;une infection par un logiciel malveillant et sont suffisamment avis\u00e9s pour les \u00e9viter d\u00e8s le d\u00e9part, certains cybercriminels ont chang\u00e9 de tactique : les attaques Living Off the Land (LOTL) exploitent des utilitaires et des outils int\u00e9gr\u00e9s au syst\u00e8me qui peuvent \u00eatre moins susceptibles de d\u00e9clencher des signaux d&rsquo;alarme.<\/p>\n<h2 id=\"how-living-off-the-land-attacks-work\">Comment fonctionnent les attaques Living Off the Land<\/h2>\n<p>Comme le d\u00e9crit Huntress, LOTL fait r\u00e9f\u00e9rence \u00e0 l&rsquo;utilisation de ressources locales au lieu d&rsquo;en importer de nouvelles de l&rsquo;ext\u00e9rieur. Plut\u00f4t que d&rsquo;introduire des logiciels malveillants personnalis\u00e9s sur la machine d&rsquo;un utilisateur, les attaquants exploitent des outils tels que PowerShell, Windows Management Instrumentation (WMI), des utilitaires int\u00e9gr\u00e9s et des applications fiables telles que Microsoft Teams \u00e0 des fins malveillantes. Il est peu probable que les programmes antivirus signalent ces outils comme suspects (dans la plupart des cas, ils ne le sont pas) car ils se fondent dans les processus normaux du syst\u00e8me et sont <em>cens\u00e9<\/em> \u00eatre l\u00e0. <\/p>\n<p>En d\u00e9tournant des outils l\u00e9gitimes, les acteurs malveillants peuvent acc\u00e9der aux syst\u00e8mes et aux r\u00e9seaux, ex\u00e9cuter du code \u00e0 distance, \u00e9lever leurs privil\u00e8ges, voler des donn\u00e9es ou m\u00eame installer d&rsquo;autres formes de logiciels malveillants. L&rsquo;interface de ligne de commande PowerShell permet le t\u00e9l\u00e9chargement de fichiers et l&rsquo;ex\u00e9cution de commandes, ce qui en fait un outil populaire pour les mauvais acteurs, aux c\u00f4t\u00e9s de WMI, bien que les binaires Unix et les pilotes Windows sign\u00e9s soient \u00e9galement fr\u00e9quemment exploit\u00e9s. <\/p>\n<p>Les attaquants LOTL peuvent utiliser des kits d&rsquo;exploitation, qui peuvent propager des logiciels malveillants sans fichier via le phishing ou d&rsquo;autres formes d&rsquo;ing\u00e9nierie sociale, ainsi que des informations d&rsquo;identification vol\u00e9es et des ransomwares sans fichier pour acc\u00e9der aux outils natifs. Malwarebytes Labs a r\u00e9cemment identifi\u00e9 une campagne diffus\u00e9e via de fausses mises \u00e0 jour de Google Meet pour exploiter une fonctionnalit\u00e9 l\u00e9gitime d&rsquo;inscription d&rsquo;appareils Windows, ex\u00e9cut\u00e9e via un serveur d&rsquo;attaque h\u00e9berg\u00e9 sur une plate-forme de gestion d&rsquo;appareils mobiles r\u00e9put\u00e9e.<\/p>\n<h2 id=\"how-to-detect-an-lotl-attack\">Comment d\u00e9tecter une attaque LOTL<\/h2>\n<p>De nombreuses tactiques permettant d&rsquo;identifier, de traiter et de pr\u00e9venir les attaques LOTL ciblent les organisations disposant de grandes infrastructures \u00e0 d\u00e9fendre, mais les utilisateurs individuels peuvent (et doivent) \u00e9galement \u00eatre vigilants face \u00e0 ce type de menace. Comme toujours, soyez attentif aux signes de phishing et autres formes d\u2019ing\u00e9nierie sociale que les acteurs malveillants utilisent pour voler des informations d\u2019identification et acc\u00e9der aux r\u00e9seaux et appareils. M\u00e9fiez-vous des communications non sollicit\u00e9es contenant des liens, des notifications concernant des mises \u00e0 jour de logiciels et de s\u00e9curit\u00e9, ainsi que de tout ce qui suscite la curiosit\u00e9, l&rsquo;anxi\u00e9t\u00e9, l&rsquo;urgence ou la peur. Installez les mises \u00e0 jour de s\u00e9curit\u00e9 d\u00e8s qu&rsquo;elles sont disponibles pour emp\u00eacher l&rsquo;exploitation des vuln\u00e9rabilit\u00e9s. <\/p>\n<p>Lorsqu&rsquo;il s&rsquo;agit de d\u00e9tecter sp\u00e9cifiquement LOTL, Huntress conseille de rechercher un comportement inhabituel plut\u00f4t que simplement des fichiers ou des programmes suspects\u00a0: par exemple, des outils ex\u00e9cut\u00e9s en dehors de leur contexte normal ou selon des mod\u00e8les inattendus, ainsi que des connexions r\u00e9seau inhabituelles provenant d&rsquo;utilitaires syst\u00e8me. Surveillez et enregistrez l&rsquo;utilisation des outils couramment exploit\u00e9s, et auditez tous les outils d&rsquo;acc\u00e8s \u00e0 distance et les inscriptions d&rsquo;appareils. <\/p>\n","protected":false},"excerpt":{"rendered":"<p>J&rsquo;\u00e9cris fr\u00e9quemment sur la menace des logiciels malveillants et sur la mani\u00e8re dont les auteurs de menaces les utilisent pour tout faire, du vol d&rsquo;informations<\/p>\n","protected":false},"author":1,"featured_media":13016,"comment_status":"","ping_status":"","sticky":false,"template":"","format":"standard","meta":{"footnotes":""},"categories":[13],"tags":[2959,44,4120,14,604,1166,1028],"class_list":["post-13015","post","type-post","status-publish","format-standard","has-post-thumbnail","hentry","category-technologie","tag-attaques","tag-comment","tag-informatiques","tag-les","tag-reperer","tag-terre","tag-vivre","generate-columns","tablet-grid-50","mobile-grid-100","grid-parent","grid-33"],"yoast_head":"<!-- This site is optimized with the Yoast SEO plugin v24.0 - https:\/\/yoast.com\/wordpress\/plugins\/seo\/ -->\n<title>Comment rep\u00e9rer les attaques informatiques \u00ab Vivre de la terre \u00bb | Vie Associative<\/title>\n<meta name=\"robots\" content=\"index, follow, max-snippet:-1, max-image-preview:large, max-video-preview:-1\" \/>\n<link rel=\"canonical\" href=\"https:\/\/vieassociative.be\/actualites\/comment-reperer-les-attaques-informatiques-vivre-de-la-terre\/\" \/>\n<meta property=\"og:locale\" content=\"fr_FR\" \/>\n<meta property=\"og:type\" content=\"article\" \/>\n<meta property=\"og:title\" content=\"Comment rep\u00e9rer les attaques informatiques \u00ab Vivre de la terre \u00bb | Vie Associative\" \/>\n<meta property=\"og:description\" content=\"J&rsquo;\u00e9cris fr\u00e9quemment sur la menace des logiciels malveillants et sur la mani\u00e8re dont les auteurs de menaces les utilisent pour tout faire, du vol d&rsquo;informations\" \/>\n<meta property=\"og:url\" content=\"https:\/\/vieassociative.be\/actualites\/comment-reperer-les-attaques-informatiques-vivre-de-la-terre\/\" \/>\n<meta property=\"og:site_name\" content=\"Vie Associative\" \/>\n<meta property=\"article:published_time\" content=\"2026-03-14T02:17:26+00:00\" \/>\n<meta property=\"og:image\" content=\"https:\/\/vieassociative.be\/actualites\/wp-content\/uploads\/2024\/09\/header_backgroundk-01-e1726694325946.png\" \/>\n\t<meta property=\"og:image:width\" content=\"279\" \/>\n\t<meta property=\"og:image:height\" content=\"92\" \/>\n\t<meta property=\"og:image:type\" content=\"image\/png\" \/>\n<meta name=\"author\" content=\"Julien\" \/>\n<meta name=\"twitter:card\" content=\"summary_large_image\" \/>\n<meta name=\"twitter:label1\" content=\"\u00c9crit par\" \/>\n\t<meta name=\"twitter:data1\" content=\"Julien\" \/>\n\t<meta name=\"twitter:label2\" content=\"Dur\u00e9e de lecture est.\" \/>\n\t<meta name=\"twitter:data2\" content=\"3 minutes\" \/>\n<script type=\"application\/ld+json\" class=\"yoast-schema-graph\">{\"@context\":\"https:\/\/schema.org\",\"@graph\":[{\"@type\":\"Article\",\"@id\":\"https:\/\/vieassociative.be\/actualites\/comment-reperer-les-attaques-informatiques-vivre-de-la-terre\/#article\",\"isPartOf\":{\"@id\":\"https:\/\/vieassociative.be\/actualites\/comment-reperer-les-attaques-informatiques-vivre-de-la-terre\/\"},\"author\":{\"name\":\"Julien\",\"@id\":\"https:\/\/vieassociative.be\/actualites\/#\/schema\/person\/b87ac4f82f9d4e7b7cec7395b679edc4\"},\"headline\":\"Comment rep\u00e9rer les attaques informatiques \u00ab Vivre de la terre \u00bb\",\"datePublished\":\"2026-03-14T02:17:26+00:00\",\"dateModified\":\"2026-03-14T02:17:26+00:00\",\"mainEntityOfPage\":{\"@id\":\"https:\/\/vieassociative.be\/actualites\/comment-reperer-les-attaques-informatiques-vivre-de-la-terre\/\"},\"wordCount\":693,\"publisher\":{\"@id\":\"https:\/\/vieassociative.be\/actualites\/#organization\"},\"image\":{\"@id\":\"https:\/\/vieassociative.be\/actualites\/comment-reperer-les-attaques-informatiques-vivre-de-la-terre\/#primaryimage\"},\"thumbnailUrl\":\"https:\/\/vieassociative.be\/actualites\/wp-content\/uploads\/2026\/03\/Comment-reperer-les-attaques-informatiques-Vivre-de-la-terre.jpg\",\"keywords\":[\"attaques\",\"Comment\",\"informatiques\",\"Les\",\"rep\u00e9rer\",\"terre\",\"vivre\"],\"articleSection\":[\"Technologie\"],\"inLanguage\":\"fr-BE\"},{\"@type\":\"WebPage\",\"@id\":\"https:\/\/vieassociative.be\/actualites\/comment-reperer-les-attaques-informatiques-vivre-de-la-terre\/\",\"url\":\"https:\/\/vieassociative.be\/actualites\/comment-reperer-les-attaques-informatiques-vivre-de-la-terre\/\",\"name\":\"Comment rep\u00e9rer les attaques informatiques \u00ab Vivre de la terre \u00bb | Vie Associative\",\"isPartOf\":{\"@id\":\"https:\/\/vieassociative.be\/actualites\/#website\"},\"primaryImageOfPage\":{\"@id\":\"https:\/\/vieassociative.be\/actualites\/comment-reperer-les-attaques-informatiques-vivre-de-la-terre\/#primaryimage\"},\"image\":{\"@id\":\"https:\/\/vieassociative.be\/actualites\/comment-reperer-les-attaques-informatiques-vivre-de-la-terre\/#primaryimage\"},\"thumbnailUrl\":\"https:\/\/vieassociative.be\/actualites\/wp-content\/uploads\/2026\/03\/Comment-reperer-les-attaques-informatiques-Vivre-de-la-terre.jpg\",\"datePublished\":\"2026-03-14T02:17:26+00:00\",\"dateModified\":\"2026-03-14T02:17:26+00:00\",\"breadcrumb\":{\"@id\":\"https:\/\/vieassociative.be\/actualites\/comment-reperer-les-attaques-informatiques-vivre-de-la-terre\/#breadcrumb\"},\"inLanguage\":\"fr-BE\",\"potentialAction\":[{\"@type\":\"ReadAction\",\"target\":[\"https:\/\/vieassociative.be\/actualites\/comment-reperer-les-attaques-informatiques-vivre-de-la-terre\/\"]}]},{\"@type\":\"ImageObject\",\"inLanguage\":\"fr-BE\",\"@id\":\"https:\/\/vieassociative.be\/actualites\/comment-reperer-les-attaques-informatiques-vivre-de-la-terre\/#primaryimage\",\"url\":\"https:\/\/vieassociative.be\/actualites\/wp-content\/uploads\/2026\/03\/Comment-reperer-les-attaques-informatiques-Vivre-de-la-terre.jpg\",\"contentUrl\":\"https:\/\/vieassociative.be\/actualites\/wp-content\/uploads\/2026\/03\/Comment-reperer-les-attaques-informatiques-Vivre-de-la-terre.jpg\",\"width\":1200,\"height\":675,\"caption\":\"Comment rep\u00e9rer les attaques informatiques \u00ab Vivre de la terre \u00bb\"},{\"@type\":\"BreadcrumbList\",\"@id\":\"https:\/\/vieassociative.be\/actualites\/comment-reperer-les-attaques-informatiques-vivre-de-la-terre\/#breadcrumb\",\"itemListElement\":[{\"@type\":\"ListItem\",\"position\":1,\"name\":\"Accueil\",\"item\":\"https:\/\/vieassociative.be\/actualites\/\"},{\"@type\":\"ListItem\",\"position\":2,\"name\":\"Comment rep\u00e9rer les attaques informatiques \u00ab Vivre de la terre \u00bb\"}]},{\"@type\":\"WebSite\",\"@id\":\"https:\/\/vieassociative.be\/actualites\/#website\",\"url\":\"https:\/\/vieassociative.be\/actualites\/\",\"name\":\"Vie Associative\",\"description\":\"\",\"publisher\":{\"@id\":\"https:\/\/vieassociative.be\/actualites\/#organization\"},\"potentialAction\":[{\"@type\":\"SearchAction\",\"target\":{\"@type\":\"EntryPoint\",\"urlTemplate\":\"https:\/\/vieassociative.be\/actualites\/?s={search_term_string}\"},\"query-input\":{\"@type\":\"PropertyValueSpecification\",\"valueRequired\":true,\"valueName\":\"search_term_string\"}}],\"inLanguage\":\"fr-BE\"},{\"@type\":\"Organization\",\"@id\":\"https:\/\/vieassociative.be\/actualites\/#organization\",\"name\":\"Vie Associative\",\"url\":\"https:\/\/vieassociative.be\/actualites\/\",\"logo\":{\"@type\":\"ImageObject\",\"inLanguage\":\"fr-BE\",\"@id\":\"https:\/\/vieassociative.be\/actualites\/#\/schema\/logo\/image\/\",\"url\":\"https:\/\/vieassociative.be\/actualites\/wp-content\/uploads\/2024\/09\/cropped-vieassociative_favicon.ico.png\",\"contentUrl\":\"https:\/\/vieassociative.be\/actualites\/wp-content\/uploads\/2024\/09\/cropped-vieassociative_favicon.ico.png\",\"width\":512,\"height\":512,\"caption\":\"Vie Associative\"},\"image\":{\"@id\":\"https:\/\/vieassociative.be\/actualites\/#\/schema\/logo\/image\/\"}},{\"@type\":\"Person\",\"@id\":\"https:\/\/vieassociative.be\/actualites\/#\/schema\/person\/b87ac4f82f9d4e7b7cec7395b679edc4\",\"name\":\"Julien\",\"image\":{\"@type\":\"ImageObject\",\"inLanguage\":\"fr-BE\",\"@id\":\"https:\/\/vieassociative.be\/actualites\/#\/schema\/person\/image\/\",\"url\":\"https:\/\/vieassociative.be\/actualites\/wp-content\/uploads\/2024\/09\/vie-associative-1-150x150.jpg\",\"contentUrl\":\"https:\/\/vieassociative.be\/actualites\/wp-content\/uploads\/2024\/09\/vie-associative-1-150x150.jpg\",\"caption\":\"Julien\"},\"description\":\"Je suis Julien, r\u00e9dacteur pour Vie Associative. Passionn\u00e9 par le monde associatif depuis plus de 10 ans, j'ai \u00e0 c\u0153ur de partager des histoires inspirantes et de mettre en lumi\u00e8re les initiatives locales. Mon objectif est de sensibiliser et d'encourager l'engagement communautaire \u00e0 travers mes articles.\",\"sameAs\":[\"https:\/\/vieassociative.be\/\"]}]}<\/script>\n<!-- \/ Yoast SEO plugin. -->","yoast_head_json":{"title":"Comment rep\u00e9rer les attaques informatiques \u00ab Vivre de la terre \u00bb | Vie Associative","robots":{"index":"index","follow":"follow","max-snippet":"max-snippet:-1","max-image-preview":"max-image-preview:large","max-video-preview":"max-video-preview:-1"},"canonical":"https:\/\/vieassociative.be\/actualites\/comment-reperer-les-attaques-informatiques-vivre-de-la-terre\/","og_locale":"fr_FR","og_type":"article","og_title":"Comment rep\u00e9rer les attaques informatiques \u00ab Vivre de la terre \u00bb | Vie Associative","og_description":"J&rsquo;\u00e9cris fr\u00e9quemment sur la menace des logiciels malveillants et sur la mani\u00e8re dont les auteurs de menaces les utilisent pour tout faire, du vol d&rsquo;informations","og_url":"https:\/\/vieassociative.be\/actualites\/comment-reperer-les-attaques-informatiques-vivre-de-la-terre\/","og_site_name":"Vie Associative","article_published_time":"2026-03-14T02:17:26+00:00","og_image":[{"width":279,"height":92,"url":"https:\/\/vieassociative.be\/actualites\/wp-content\/uploads\/2024\/09\/header_backgroundk-01-e1726694325946.png","type":"image\/png"}],"author":"Julien","twitter_card":"summary_large_image","twitter_misc":{"\u00c9crit par":"Julien","Dur\u00e9e de lecture est.":"3 minutes"},"schema":{"@context":"https:\/\/schema.org","@graph":[{"@type":"Article","@id":"https:\/\/vieassociative.be\/actualites\/comment-reperer-les-attaques-informatiques-vivre-de-la-terre\/#article","isPartOf":{"@id":"https:\/\/vieassociative.be\/actualites\/comment-reperer-les-attaques-informatiques-vivre-de-la-terre\/"},"author":{"name":"Julien","@id":"https:\/\/vieassociative.be\/actualites\/#\/schema\/person\/b87ac4f82f9d4e7b7cec7395b679edc4"},"headline":"Comment rep\u00e9rer les attaques informatiques \u00ab Vivre de la terre \u00bb","datePublished":"2026-03-14T02:17:26+00:00","dateModified":"2026-03-14T02:17:26+00:00","mainEntityOfPage":{"@id":"https:\/\/vieassociative.be\/actualites\/comment-reperer-les-attaques-informatiques-vivre-de-la-terre\/"},"wordCount":693,"publisher":{"@id":"https:\/\/vieassociative.be\/actualites\/#organization"},"image":{"@id":"https:\/\/vieassociative.be\/actualites\/comment-reperer-les-attaques-informatiques-vivre-de-la-terre\/#primaryimage"},"thumbnailUrl":"https:\/\/vieassociative.be\/actualites\/wp-content\/uploads\/2026\/03\/Comment-reperer-les-attaques-informatiques-Vivre-de-la-terre.jpg","keywords":["attaques","Comment","informatiques","Les","rep\u00e9rer","terre","vivre"],"articleSection":["Technologie"],"inLanguage":"fr-BE"},{"@type":"WebPage","@id":"https:\/\/vieassociative.be\/actualites\/comment-reperer-les-attaques-informatiques-vivre-de-la-terre\/","url":"https:\/\/vieassociative.be\/actualites\/comment-reperer-les-attaques-informatiques-vivre-de-la-terre\/","name":"Comment rep\u00e9rer les attaques informatiques \u00ab Vivre de la terre \u00bb | Vie Associative","isPartOf":{"@id":"https:\/\/vieassociative.be\/actualites\/#website"},"primaryImageOfPage":{"@id":"https:\/\/vieassociative.be\/actualites\/comment-reperer-les-attaques-informatiques-vivre-de-la-terre\/#primaryimage"},"image":{"@id":"https:\/\/vieassociative.be\/actualites\/comment-reperer-les-attaques-informatiques-vivre-de-la-terre\/#primaryimage"},"thumbnailUrl":"https:\/\/vieassociative.be\/actualites\/wp-content\/uploads\/2026\/03\/Comment-reperer-les-attaques-informatiques-Vivre-de-la-terre.jpg","datePublished":"2026-03-14T02:17:26+00:00","dateModified":"2026-03-14T02:17:26+00:00","breadcrumb":{"@id":"https:\/\/vieassociative.be\/actualites\/comment-reperer-les-attaques-informatiques-vivre-de-la-terre\/#breadcrumb"},"inLanguage":"fr-BE","potentialAction":[{"@type":"ReadAction","target":["https:\/\/vieassociative.be\/actualites\/comment-reperer-les-attaques-informatiques-vivre-de-la-terre\/"]}]},{"@type":"ImageObject","inLanguage":"fr-BE","@id":"https:\/\/vieassociative.be\/actualites\/comment-reperer-les-attaques-informatiques-vivre-de-la-terre\/#primaryimage","url":"https:\/\/vieassociative.be\/actualites\/wp-content\/uploads\/2026\/03\/Comment-reperer-les-attaques-informatiques-Vivre-de-la-terre.jpg","contentUrl":"https:\/\/vieassociative.be\/actualites\/wp-content\/uploads\/2026\/03\/Comment-reperer-les-attaques-informatiques-Vivre-de-la-terre.jpg","width":1200,"height":675,"caption":"Comment rep\u00e9rer les attaques informatiques \u00ab Vivre de la terre \u00bb"},{"@type":"BreadcrumbList","@id":"https:\/\/vieassociative.be\/actualites\/comment-reperer-les-attaques-informatiques-vivre-de-la-terre\/#breadcrumb","itemListElement":[{"@type":"ListItem","position":1,"name":"Accueil","item":"https:\/\/vieassociative.be\/actualites\/"},{"@type":"ListItem","position":2,"name":"Comment rep\u00e9rer les attaques informatiques \u00ab Vivre de la terre \u00bb"}]},{"@type":"WebSite","@id":"https:\/\/vieassociative.be\/actualites\/#website","url":"https:\/\/vieassociative.be\/actualites\/","name":"Vie Associative","description":"","publisher":{"@id":"https:\/\/vieassociative.be\/actualites\/#organization"},"potentialAction":[{"@type":"SearchAction","target":{"@type":"EntryPoint","urlTemplate":"https:\/\/vieassociative.be\/actualites\/?s={search_term_string}"},"query-input":{"@type":"PropertyValueSpecification","valueRequired":true,"valueName":"search_term_string"}}],"inLanguage":"fr-BE"},{"@type":"Organization","@id":"https:\/\/vieassociative.be\/actualites\/#organization","name":"Vie Associative","url":"https:\/\/vieassociative.be\/actualites\/","logo":{"@type":"ImageObject","inLanguage":"fr-BE","@id":"https:\/\/vieassociative.be\/actualites\/#\/schema\/logo\/image\/","url":"https:\/\/vieassociative.be\/actualites\/wp-content\/uploads\/2024\/09\/cropped-vieassociative_favicon.ico.png","contentUrl":"https:\/\/vieassociative.be\/actualites\/wp-content\/uploads\/2024\/09\/cropped-vieassociative_favicon.ico.png","width":512,"height":512,"caption":"Vie Associative"},"image":{"@id":"https:\/\/vieassociative.be\/actualites\/#\/schema\/logo\/image\/"}},{"@type":"Person","@id":"https:\/\/vieassociative.be\/actualites\/#\/schema\/person\/b87ac4f82f9d4e7b7cec7395b679edc4","name":"Julien","image":{"@type":"ImageObject","inLanguage":"fr-BE","@id":"https:\/\/vieassociative.be\/actualites\/#\/schema\/person\/image\/","url":"https:\/\/vieassociative.be\/actualites\/wp-content\/uploads\/2024\/09\/vie-associative-1-150x150.jpg","contentUrl":"https:\/\/vieassociative.be\/actualites\/wp-content\/uploads\/2024\/09\/vie-associative-1-150x150.jpg","caption":"Julien"},"description":"Je suis Julien, r\u00e9dacteur pour Vie Associative. Passionn\u00e9 par le monde associatif depuis plus de 10 ans, j'ai \u00e0 c\u0153ur de partager des histoires inspirantes et de mettre en lumi\u00e8re les initiatives locales. Mon objectif est de sensibiliser et d'encourager l'engagement communautaire \u00e0 travers mes articles.","sameAs":["https:\/\/vieassociative.be\/"]}]}},"_links":{"self":[{"href":"https:\/\/vieassociative.be\/actualites\/wp-json\/wp\/v2\/posts\/13015"}],"collection":[{"href":"https:\/\/vieassociative.be\/actualites\/wp-json\/wp\/v2\/posts"}],"about":[{"href":"https:\/\/vieassociative.be\/actualites\/wp-json\/wp\/v2\/types\/post"}],"author":[{"embeddable":true,"href":"https:\/\/vieassociative.be\/actualites\/wp-json\/wp\/v2\/users\/1"}],"replies":[{"embeddable":true,"href":"https:\/\/vieassociative.be\/actualites\/wp-json\/wp\/v2\/comments?post=13015"}],"version-history":[{"count":0,"href":"https:\/\/vieassociative.be\/actualites\/wp-json\/wp\/v2\/posts\/13015\/revisions"}],"wp:featuredmedia":[{"embeddable":true,"href":"https:\/\/vieassociative.be\/actualites\/wp-json\/wp\/v2\/media\/13016"}],"wp:attachment":[{"href":"https:\/\/vieassociative.be\/actualites\/wp-json\/wp\/v2\/media?parent=13015"}],"wp:term":[{"taxonomy":"category","embeddable":true,"href":"https:\/\/vieassociative.be\/actualites\/wp-json\/wp\/v2\/categories?post=13015"},{"taxonomy":"post_tag","embeddable":true,"href":"https:\/\/vieassociative.be\/actualites\/wp-json\/wp\/v2\/tags?post=13015"}],"curies":[{"name":"wp","href":"https:\/\/api.w.org\/{rel}","templated":true}]}}