{"id":13013,"date":"2026-03-13T22:17:16","date_gmt":"2026-03-13T21:17:16","guid":{"rendered":"https:\/\/vieassociative.be\/actualites\/mark-muller-marque-et-marco-hiller-sauve-las-eupen-simpose-1-0-au-rsc-anderlecht-futures\/"},"modified":"2026-03-13T22:17:16","modified_gmt":"2026-03-13T21:17:16","slug":"mark-muller-marque-et-marco-hiller-sauve-las-eupen-simpose-1-0-au-rsc-anderlecht-futures","status":"publish","type":"post","link":"https:\/\/vieassociative.be\/actualites\/mark-muller-marque-et-marco-hiller-sauve-las-eupen-simpose-1-0-au-rsc-anderlecht-futures\/","title":{"rendered":"Mark M\u00fcller marque et Marco Hiller sauve : l&rsquo;AS Eupen s&rsquo;impose 1-0 au RSC Anderlecht Futures"},"content":{"rendered":"<p><strong>L&rsquo;AS Eupen conserve sa derni\u00e8re chance dans la course au top 6. Malgr\u00e9 une deuxi\u00e8me mi-temps faible, les noirs et blancs ont r\u00e9ussi \u00e0 s&rsquo;imposer de justesse 1-0 \u00e0 Deinze contre Anderlecht Futures. Cependant, la seconde moiti\u00e9 des invit\u00e9s de l\u2019Est de la Belgique laissait beaucoup \u00e0 d\u00e9sirer.<\/strong><\/p>\n<p><span id=\"more-437539\"><\/span>Alors que 72 heures seulement s&rsquo;\u00e9taient \u00e9coul\u00e9es depuis le dernier match de championnat contre le Lierse SK, l&rsquo;entra\u00eeneur de l&rsquo;AS Bruno Pinheiro s&rsquo;est senti oblig\u00e9 de proc\u00e9der \u00e0 quatre changements de personnel. Comme pr\u00e9vu, Merveille Bokadi n&rsquo;\u00e9tait plus titulaire apr\u00e8s ses deux erreurs de mardi qui ont co\u00fbt\u00e9 cher \u00e0 Eupen.<\/p>\n<p>Outre Bokadi, Isaac Nuhu, Kevin M\u00f6hwald et Gabriel Bar\u00e8s ont \u00e9galement perdu leur place de titulaire ou ont \u00e9t\u00e9 \u00e9pargn\u00e9s. Igor Plastun, Nathan Bitumazala, Oriol Busquets et Amadou Keita ont jou\u00e9 pour eux d\u00e8s le d\u00e9but.<\/p>\n<div id=\"attachment_432241\" class=\"wp-caption alignleft\" style=\"max-width: 205px\"><img fetchpriority=\"high\" decoding=\"async\" class=\"wp-image-432241 size-medium\" src=\"https:\/\/vieassociative.be\/actualites\/wp-content\/uploads\/2025\/12\/LAS-Eupen-a-remporte-une-troisieme-victoire-consecutive-a-Eisden.jpg\" alt=\"\" width=\"205\" height=\"300\"  ><\/div>\n<p>Le onze de d\u00e9part d&rsquo;Eupen : Hiller \u2013 Van Genechten, Paeshuyse, Plastun, Kennedy \u2013 Bitumazala, Caliskan, M\u00fcller, Busquets, Keita \u2013 Kikas.<\/p>\n<p>L&rsquo;entra\u00eeneur Pinheiro a fait une impression plut\u00f4t r\u00e9sign\u00e9e avant le coup d&rsquo;envoi du match. La d\u00e9faite contre le Lierse semblait encore avoir un impact.<\/p>\n<p>Le stade de Deinze, dont la tribune fant\u00f4me temporaire en face de la tribune principale a d\u00fb \u00eatre d\u00e9mont\u00e9e suite \u00e0 une d\u00e9cision du Conseil d&rsquo;\u00c9tat suite \u00e0 la faillite du KMSK Deinze, offrait tout sauf un d\u00e9cor atmosph\u00e9rique. Seuls les projecteurs lumineux et la publicit\u00e9 p\u00e9riph\u00e9rique donnaient l\u2019impression qu\u2019il s\u2019agissait d\u2019un match de Pro League.<\/p>\n<p>Rien ne s&rsquo;est pass\u00e9 dans le premier quart d&rsquo;heure, mais aux 16e et 19e minutes, Anderlecht Futures a failli prendre l&rsquo;avantage, ce que, heureusement pour le gardien de l&rsquo;AS, Hiller a pu emp\u00eacher avec deux arr\u00eats.<\/p>\n<p>Comme c&rsquo;est souvent le cas dans le football, l&rsquo;\u00e9quipe de l&rsquo;AS Eupen, jusqu&rsquo;alors peu apparue, a marqu\u00e9 un but par l&rsquo;interm\u00e9diaire de M\u00fcller apr\u00e8s un une-deux parfait avec Caliskan, 0-1.<\/p>\n<p>Peu de temps apr\u00e8s, Hiller a emp\u00each\u00e9 l&rsquo;\u00e9galisation imm\u00e9diate avec un troisi\u00e8me arr\u00eat. L&rsquo;ancien gardien de Munich 1860 est sans aucun doute le seul nouveau venu \u00e0 avoir pu faire ses preuves tout au long de la saison.<\/p>\n<div id=\"attachment_303838\" class=\"wp-caption alignleft\" style=\"max-width: 300px\"><img decoding=\"async\" class=\"wp-image-303838 size-medium\" src=\"https:\/\/vieassociative.be\/actualites\/wp-content\/uploads\/2025\/11\/Les-supporters-de-lAS-nont-pas-eu-de-quoi-rire.jpeg\" alt=\"\" width=\"300\" height=\"300\"  ><\/div>\n<p>\u00c0 la 32e minute, Keita avait le deuxi\u00e8me but d&rsquo;Eupen apr\u00e8s une passe de Van Genechten. Malheureusement, le ballon a rat\u00e9 de peu le but. Peu de temps apr\u00e8s, Kikas a eu sa premi\u00e8re occasion, mais le gardien d&rsquo;Anderlecht Imbrechts n&rsquo;a eu aucun probl\u00e8me avec cela. Le score est rest\u00e9 0-1 jusqu&rsquo;\u00e0 la mi-temps.<\/p>\n<p>Apr\u00e8s la reprise, l&rsquo;AS Eupen \u00e9tait visiblement en difficult\u00e9. Elle a laiss\u00e9 l&rsquo;initiative \u00e0 Anderlecht, m\u00eame si l&rsquo;entra\u00eeneur Pinheiro avait expliqu\u00e9 avant le match qu&rsquo;ils ne devraient pas faire cela. \u00c0 la 60e minute, Eupen a de nouveau pu remercier le gardien Hiller, qui a emp\u00each\u00e9 l&rsquo;\u00e9galisation gr\u00e2ce \u00e0 un double arr\u00eat. Deux minutes plus tard, Hiller \u00e9tait battu, mais cette fois la barre transversale \u00e9tait sauv\u00e9e. Eupen dans le bonheur.<\/p>\n<p>Eupen s&rsquo;est comport\u00e9 de mani\u00e8re beaucoup trop passive. Un jeu dangereux. L&rsquo;entra\u00eeneur Pinheiro a r\u00e9agi. Gavory et Nuhu sont venus chercher Kennedy et Bitumazala.<\/p>\n<p>\u00c0 la 71e minute, les visiteurs ont eu leur premi\u00e8re occasion de la seconde p\u00e9riode : le gardien Imbrechts a par\u00e9 un tir de M\u00fcller avant que le rempla\u00e7ant Nuhu ne rate une autre occasion. \u00c0 la 76e minute, Hiller a de nouveau d\u00e9fendu l&rsquo;\u00e9troite avance d&rsquo;AS. A la 84e minute, les Flips d&rsquo;Anderlecht ont eu une chance d&rsquo;\u00e9galiser, mais son tir est pass\u00e9 au-dessus du but.<\/p>\n<p>Zague et Kasper sont venus. Atteri, qui avait \u00e9t\u00e9 remplac\u00e9 auparavant, a rat\u00e9 le 0:2. Cependant, Anderlecht restait dangereux mais ne parvenait pas \u00e0 capitaliser sur ses occasions. C&rsquo;est ainsi que cela s&rsquo;est pass\u00e9 avec une victoire 1-0 des visiteurs d&rsquo;Eupen, qui ne sont plus qu&rsquo;\u00e0 deux points du FC Li\u00e8ge, qui a cependant jou\u00e9 un match de moins. <\/p>\n<p>Le SK Lommel compte 5 points d&rsquo;avance sur l&rsquo;AS et Eisden, vainqueur 2-1 au Lierse SK vendredi, compte m\u00eame 6 points d&rsquo;avance, avec toutefois un match de plus. Vendredi 20 mars prochain, le RFC Seraing sera l&rsquo;invit\u00e9 du Stade Eupen Kehrweg. (cr\u00e9er)<\/p>\n","protected":false},"excerpt":{"rendered":"<p>L&rsquo;AS Eupen conserve sa derni\u00e8re chance dans la course au top 6. Malgr\u00e9 une deuxi\u00e8me mi-temps faible, les noirs et blancs ont r\u00e9ussi \u00e0 s&rsquo;imposer<\/p>\n","protected":false},"author":1,"featured_media":13014,"comment_status":"","ping_status":"","sticky":false,"template":"","format":"standard","meta":{"footnotes":""},"categories":[298],"tags":[2623,2329,10237,10241,2353,7522,10240,5641,6931,2622,3773,8936],"class_list":["post-13013","post","type-post","status-publish","format-standard","has-post-thumbnail","hentry","category-belgique","tag-anderlecht","tag-eupen","tag-futures","tag-hiller","tag-las","tag-marco","tag-mark","tag-marque","tag-muller","tag-rsc","tag-sauve","tag-simpose","generate-columns","tablet-grid-50","mobile-grid-100","grid-parent","grid-33"],"yoast_head":"<!-- This site is optimized with the Yoast SEO plugin v24.0 - https:\/\/yoast.com\/wordpress\/plugins\/seo\/ -->\n<title>Mark M\u00fcller marque et Marco Hiller sauve : l&#039;AS Eupen s&#039;impose 1-0 au RSC Anderlecht Futures | Vie Associative<\/title>\n<meta name=\"robots\" content=\"index, follow, max-snippet:-1, max-image-preview:large, max-video-preview:-1\" \/>\n<link rel=\"canonical\" href=\"https:\/\/vieassociative.be\/actualites\/mark-muller-marque-et-marco-hiller-sauve-las-eupen-simpose-1-0-au-rsc-anderlecht-futures\/\" \/>\n<meta property=\"og:locale\" content=\"fr_FR\" \/>\n<meta property=\"og:type\" content=\"article\" \/>\n<meta property=\"og:title\" content=\"Mark M\u00fcller marque et Marco Hiller sauve : l&#039;AS Eupen s&#039;impose 1-0 au RSC Anderlecht Futures | Vie Associative\" \/>\n<meta property=\"og:description\" content=\"L&rsquo;AS Eupen conserve sa derni\u00e8re chance dans la course au top 6. Malgr\u00e9 une deuxi\u00e8me mi-temps faible, les noirs et blancs ont r\u00e9ussi \u00e0 s&rsquo;imposer\" \/>\n<meta property=\"og:url\" content=\"https:\/\/vieassociative.be\/actualites\/mark-muller-marque-et-marco-hiller-sauve-las-eupen-simpose-1-0-au-rsc-anderlecht-futures\/\" \/>\n<meta property=\"og:site_name\" content=\"Vie Associative\" \/>\n<meta property=\"article:published_time\" content=\"2026-03-13T21:17:16+00:00\" \/>\n<meta property=\"og:image\" content=\"https:\/\/vieassociative.be\/actualites\/wp-content\/uploads\/2024\/09\/header_backgroundk-01-e1726694325946.png\" \/>\n\t<meta property=\"og:image:width\" content=\"279\" \/>\n\t<meta property=\"og:image:height\" content=\"92\" \/>\n\t<meta property=\"og:image:type\" content=\"image\/png\" \/>\n<meta name=\"author\" content=\"Julien\" \/>\n<meta name=\"twitter:card\" content=\"summary_large_image\" \/>\n<meta name=\"twitter:label1\" content=\"\u00c9crit par\" \/>\n\t<meta name=\"twitter:data1\" content=\"Julien\" \/>\n\t<meta name=\"twitter:label2\" content=\"Dur\u00e9e de lecture est.\" \/>\n\t<meta name=\"twitter:data2\" content=\"4 minutes\" \/>\n<script type=\"application\/ld+json\" class=\"yoast-schema-graph\">{\"@context\":\"https:\/\/schema.org\",\"@graph\":[{\"@type\":\"Article\",\"@id\":\"https:\/\/vieassociative.be\/actualites\/mark-muller-marque-et-marco-hiller-sauve-las-eupen-simpose-1-0-au-rsc-anderlecht-futures\/#article\",\"isPartOf\":{\"@id\":\"https:\/\/vieassociative.be\/actualites\/mark-muller-marque-et-marco-hiller-sauve-las-eupen-simpose-1-0-au-rsc-anderlecht-futures\/\"},\"author\":{\"name\":\"Julien\",\"@id\":\"https:\/\/vieassociative.be\/actualites\/#\/schema\/person\/b87ac4f82f9d4e7b7cec7395b679edc4\"},\"headline\":\"Mark M\u00fcller marque et Marco Hiller sauve : l&rsquo;AS Eupen s&rsquo;impose 1-0 au RSC Anderlecht Futures\",\"datePublished\":\"2026-03-13T21:17:16+00:00\",\"dateModified\":\"2026-03-13T21:17:16+00:00\",\"mainEntityOfPage\":{\"@id\":\"https:\/\/vieassociative.be\/actualites\/mark-muller-marque-et-marco-hiller-sauve-las-eupen-simpose-1-0-au-rsc-anderlecht-futures\/\"},\"wordCount\":760,\"publisher\":{\"@id\":\"https:\/\/vieassociative.be\/actualites\/#organization\"},\"image\":{\"@id\":\"https:\/\/vieassociative.be\/actualites\/mark-muller-marque-et-marco-hiller-sauve-las-eupen-simpose-1-0-au-rsc-anderlecht-futures\/#primaryimage\"},\"thumbnailUrl\":\"https:\/\/vieassociative.be\/actualites\/wp-content\/uploads\/2026\/03\/Mark-Muller-marque-et-Marco-Hiller-sauve-lAS-Eupen.jpg\",\"keywords\":[\"Anderlecht\",\"Eupen\",\"Futures\",\"Hiller\",\"lAS\",\"Marco\",\"Mark\",\"marque\",\"M\u00fcller\",\"RSC\",\"sauve\",\"simpose\"],\"articleSection\":[\"Belgique\"],\"inLanguage\":\"fr-BE\"},{\"@type\":\"WebPage\",\"@id\":\"https:\/\/vieassociative.be\/actualites\/mark-muller-marque-et-marco-hiller-sauve-las-eupen-simpose-1-0-au-rsc-anderlecht-futures\/\",\"url\":\"https:\/\/vieassociative.be\/actualites\/mark-muller-marque-et-marco-hiller-sauve-las-eupen-simpose-1-0-au-rsc-anderlecht-futures\/\",\"name\":\"Mark M\u00fcller marque et Marco Hiller sauve : l'AS Eupen s'impose 1-0 au RSC Anderlecht Futures | Vie Associative\",\"isPartOf\":{\"@id\":\"https:\/\/vieassociative.be\/actualites\/#website\"},\"primaryImageOfPage\":{\"@id\":\"https:\/\/vieassociative.be\/actualites\/mark-muller-marque-et-marco-hiller-sauve-las-eupen-simpose-1-0-au-rsc-anderlecht-futures\/#primaryimage\"},\"image\":{\"@id\":\"https:\/\/vieassociative.be\/actualites\/mark-muller-marque-et-marco-hiller-sauve-las-eupen-simpose-1-0-au-rsc-anderlecht-futures\/#primaryimage\"},\"thumbnailUrl\":\"https:\/\/vieassociative.be\/actualites\/wp-content\/uploads\/2026\/03\/Mark-Muller-marque-et-Marco-Hiller-sauve-lAS-Eupen.jpg\",\"datePublished\":\"2026-03-13T21:17:16+00:00\",\"dateModified\":\"2026-03-13T21:17:16+00:00\",\"breadcrumb\":{\"@id\":\"https:\/\/vieassociative.be\/actualites\/mark-muller-marque-et-marco-hiller-sauve-las-eupen-simpose-1-0-au-rsc-anderlecht-futures\/#breadcrumb\"},\"inLanguage\":\"fr-BE\",\"potentialAction\":[{\"@type\":\"ReadAction\",\"target\":[\"https:\/\/vieassociative.be\/actualites\/mark-muller-marque-et-marco-hiller-sauve-las-eupen-simpose-1-0-au-rsc-anderlecht-futures\/\"]}]},{\"@type\":\"ImageObject\",\"inLanguage\":\"fr-BE\",\"@id\":\"https:\/\/vieassociative.be\/actualites\/mark-muller-marque-et-marco-hiller-sauve-las-eupen-simpose-1-0-au-rsc-anderlecht-futures\/#primaryimage\",\"url\":\"https:\/\/vieassociative.be\/actualites\/wp-content\/uploads\/2026\/03\/Mark-Muller-marque-et-Marco-Hiller-sauve-lAS-Eupen.jpg\",\"contentUrl\":\"https:\/\/vieassociative.be\/actualites\/wp-content\/uploads\/2026\/03\/Mark-Muller-marque-et-Marco-Hiller-sauve-lAS-Eupen.jpg\",\"width\":1200,\"height\":842,\"caption\":\"Mark M\u00fcller marque et Marco Hiller sauve : l'AS Eupen s'impose 1-0 au RSC Anderlecht Futures\"},{\"@type\":\"BreadcrumbList\",\"@id\":\"https:\/\/vieassociative.be\/actualites\/mark-muller-marque-et-marco-hiller-sauve-las-eupen-simpose-1-0-au-rsc-anderlecht-futures\/#breadcrumb\",\"itemListElement\":[{\"@type\":\"ListItem\",\"position\":1,\"name\":\"Accueil\",\"item\":\"https:\/\/vieassociative.be\/actualites\/\"},{\"@type\":\"ListItem\",\"position\":2,\"name\":\"Mark M\u00fcller marque et Marco Hiller sauve : l&rsquo;AS Eupen s&rsquo;impose 1-0 au RSC Anderlecht Futures\"}]},{\"@type\":\"WebSite\",\"@id\":\"https:\/\/vieassociative.be\/actualites\/#website\",\"url\":\"https:\/\/vieassociative.be\/actualites\/\",\"name\":\"Vie Associative\",\"description\":\"\",\"publisher\":{\"@id\":\"https:\/\/vieassociative.be\/actualites\/#organization\"},\"potentialAction\":[{\"@type\":\"SearchAction\",\"target\":{\"@type\":\"EntryPoint\",\"urlTemplate\":\"https:\/\/vieassociative.be\/actualites\/?s={search_term_string}\"},\"query-input\":{\"@type\":\"PropertyValueSpecification\",\"valueRequired\":true,\"valueName\":\"search_term_string\"}}],\"inLanguage\":\"fr-BE\"},{\"@type\":\"Organization\",\"@id\":\"https:\/\/vieassociative.be\/actualites\/#organization\",\"name\":\"Vie Associative\",\"url\":\"https:\/\/vieassociative.be\/actualites\/\",\"logo\":{\"@type\":\"ImageObject\",\"inLanguage\":\"fr-BE\",\"@id\":\"https:\/\/vieassociative.be\/actualites\/#\/schema\/logo\/image\/\",\"url\":\"https:\/\/vieassociative.be\/actualites\/wp-content\/uploads\/2024\/09\/cropped-vieassociative_favicon.ico.png\",\"contentUrl\":\"https:\/\/vieassociative.be\/actualites\/wp-content\/uploads\/2024\/09\/cropped-vieassociative_favicon.ico.png\",\"width\":512,\"height\":512,\"caption\":\"Vie Associative\"},\"image\":{\"@id\":\"https:\/\/vieassociative.be\/actualites\/#\/schema\/logo\/image\/\"}},{\"@type\":\"Person\",\"@id\":\"https:\/\/vieassociative.be\/actualites\/#\/schema\/person\/b87ac4f82f9d4e7b7cec7395b679edc4\",\"name\":\"Julien\",\"image\":{\"@type\":\"ImageObject\",\"inLanguage\":\"fr-BE\",\"@id\":\"https:\/\/vieassociative.be\/actualites\/#\/schema\/person\/image\/\",\"url\":\"https:\/\/vieassociative.be\/actualites\/wp-content\/uploads\/2024\/09\/vie-associative-1-150x150.jpg\",\"contentUrl\":\"https:\/\/vieassociative.be\/actualites\/wp-content\/uploads\/2024\/09\/vie-associative-1-150x150.jpg\",\"caption\":\"Julien\"},\"description\":\"Je suis Julien, r\u00e9dacteur pour Vie Associative. Passionn\u00e9 par le monde associatif depuis plus de 10 ans, j'ai \u00e0 c\u0153ur de partager des histoires inspirantes et de mettre en lumi\u00e8re les initiatives locales. Mon objectif est de sensibiliser et d'encourager l'engagement communautaire \u00e0 travers mes articles.\",\"sameAs\":[\"https:\/\/vieassociative.be\/\"]}]}<\/script>\n<!-- \/ Yoast SEO plugin. -->","yoast_head_json":{"title":"Mark M\u00fcller marque et Marco Hiller sauve : l'AS Eupen s'impose 1-0 au RSC Anderlecht Futures | Vie Associative","robots":{"index":"index","follow":"follow","max-snippet":"max-snippet:-1","max-image-preview":"max-image-preview:large","max-video-preview":"max-video-preview:-1"},"canonical":"https:\/\/vieassociative.be\/actualites\/mark-muller-marque-et-marco-hiller-sauve-las-eupen-simpose-1-0-au-rsc-anderlecht-futures\/","og_locale":"fr_FR","og_type":"article","og_title":"Mark M\u00fcller marque et Marco Hiller sauve : l'AS Eupen s'impose 1-0 au RSC Anderlecht Futures | Vie Associative","og_description":"L&rsquo;AS Eupen conserve sa derni\u00e8re chance dans la course au top 6. Malgr\u00e9 une deuxi\u00e8me mi-temps faible, les noirs et blancs ont r\u00e9ussi \u00e0 s&rsquo;imposer","og_url":"https:\/\/vieassociative.be\/actualites\/mark-muller-marque-et-marco-hiller-sauve-las-eupen-simpose-1-0-au-rsc-anderlecht-futures\/","og_site_name":"Vie Associative","article_published_time":"2026-03-13T21:17:16+00:00","og_image":[{"width":279,"height":92,"url":"https:\/\/vieassociative.be\/actualites\/wp-content\/uploads\/2024\/09\/header_backgroundk-01-e1726694325946.png","type":"image\/png"}],"author":"Julien","twitter_card":"summary_large_image","twitter_misc":{"\u00c9crit par":"Julien","Dur\u00e9e de lecture est.":"4 minutes"},"schema":{"@context":"https:\/\/schema.org","@graph":[{"@type":"Article","@id":"https:\/\/vieassociative.be\/actualites\/mark-muller-marque-et-marco-hiller-sauve-las-eupen-simpose-1-0-au-rsc-anderlecht-futures\/#article","isPartOf":{"@id":"https:\/\/vieassociative.be\/actualites\/mark-muller-marque-et-marco-hiller-sauve-las-eupen-simpose-1-0-au-rsc-anderlecht-futures\/"},"author":{"name":"Julien","@id":"https:\/\/vieassociative.be\/actualites\/#\/schema\/person\/b87ac4f82f9d4e7b7cec7395b679edc4"},"headline":"Mark M\u00fcller marque et Marco Hiller sauve : l&rsquo;AS Eupen s&rsquo;impose 1-0 au RSC Anderlecht Futures","datePublished":"2026-03-13T21:17:16+00:00","dateModified":"2026-03-13T21:17:16+00:00","mainEntityOfPage":{"@id":"https:\/\/vieassociative.be\/actualites\/mark-muller-marque-et-marco-hiller-sauve-las-eupen-simpose-1-0-au-rsc-anderlecht-futures\/"},"wordCount":760,"publisher":{"@id":"https:\/\/vieassociative.be\/actualites\/#organization"},"image":{"@id":"https:\/\/vieassociative.be\/actualites\/mark-muller-marque-et-marco-hiller-sauve-las-eupen-simpose-1-0-au-rsc-anderlecht-futures\/#primaryimage"},"thumbnailUrl":"https:\/\/vieassociative.be\/actualites\/wp-content\/uploads\/2026\/03\/Mark-Muller-marque-et-Marco-Hiller-sauve-lAS-Eupen.jpg","keywords":["Anderlecht","Eupen","Futures","Hiller","lAS","Marco","Mark","marque","M\u00fcller","RSC","sauve","simpose"],"articleSection":["Belgique"],"inLanguage":"fr-BE"},{"@type":"WebPage","@id":"https:\/\/vieassociative.be\/actualites\/mark-muller-marque-et-marco-hiller-sauve-las-eupen-simpose-1-0-au-rsc-anderlecht-futures\/","url":"https:\/\/vieassociative.be\/actualites\/mark-muller-marque-et-marco-hiller-sauve-las-eupen-simpose-1-0-au-rsc-anderlecht-futures\/","name":"Mark M\u00fcller marque et Marco Hiller sauve : l'AS Eupen s'impose 1-0 au RSC Anderlecht Futures | Vie Associative","isPartOf":{"@id":"https:\/\/vieassociative.be\/actualites\/#website"},"primaryImageOfPage":{"@id":"https:\/\/vieassociative.be\/actualites\/mark-muller-marque-et-marco-hiller-sauve-las-eupen-simpose-1-0-au-rsc-anderlecht-futures\/#primaryimage"},"image":{"@id":"https:\/\/vieassociative.be\/actualites\/mark-muller-marque-et-marco-hiller-sauve-las-eupen-simpose-1-0-au-rsc-anderlecht-futures\/#primaryimage"},"thumbnailUrl":"https:\/\/vieassociative.be\/actualites\/wp-content\/uploads\/2026\/03\/Mark-Muller-marque-et-Marco-Hiller-sauve-lAS-Eupen.jpg","datePublished":"2026-03-13T21:17:16+00:00","dateModified":"2026-03-13T21:17:16+00:00","breadcrumb":{"@id":"https:\/\/vieassociative.be\/actualites\/mark-muller-marque-et-marco-hiller-sauve-las-eupen-simpose-1-0-au-rsc-anderlecht-futures\/#breadcrumb"},"inLanguage":"fr-BE","potentialAction":[{"@type":"ReadAction","target":["https:\/\/vieassociative.be\/actualites\/mark-muller-marque-et-marco-hiller-sauve-las-eupen-simpose-1-0-au-rsc-anderlecht-futures\/"]}]},{"@type":"ImageObject","inLanguage":"fr-BE","@id":"https:\/\/vieassociative.be\/actualites\/mark-muller-marque-et-marco-hiller-sauve-las-eupen-simpose-1-0-au-rsc-anderlecht-futures\/#primaryimage","url":"https:\/\/vieassociative.be\/actualites\/wp-content\/uploads\/2026\/03\/Mark-Muller-marque-et-Marco-Hiller-sauve-lAS-Eupen.jpg","contentUrl":"https:\/\/vieassociative.be\/actualites\/wp-content\/uploads\/2026\/03\/Mark-Muller-marque-et-Marco-Hiller-sauve-lAS-Eupen.jpg","width":1200,"height":842,"caption":"Mark M\u00fcller marque et Marco Hiller sauve : l'AS Eupen s'impose 1-0 au RSC Anderlecht Futures"},{"@type":"BreadcrumbList","@id":"https:\/\/vieassociative.be\/actualites\/mark-muller-marque-et-marco-hiller-sauve-las-eupen-simpose-1-0-au-rsc-anderlecht-futures\/#breadcrumb","itemListElement":[{"@type":"ListItem","position":1,"name":"Accueil","item":"https:\/\/vieassociative.be\/actualites\/"},{"@type":"ListItem","position":2,"name":"Mark M\u00fcller marque et Marco Hiller sauve : l&rsquo;AS Eupen s&rsquo;impose 1-0 au RSC Anderlecht Futures"}]},{"@type":"WebSite","@id":"https:\/\/vieassociative.be\/actualites\/#website","url":"https:\/\/vieassociative.be\/actualites\/","name":"Vie Associative","description":"","publisher":{"@id":"https:\/\/vieassociative.be\/actualites\/#organization"},"potentialAction":[{"@type":"SearchAction","target":{"@type":"EntryPoint","urlTemplate":"https:\/\/vieassociative.be\/actualites\/?s={search_term_string}"},"query-input":{"@type":"PropertyValueSpecification","valueRequired":true,"valueName":"search_term_string"}}],"inLanguage":"fr-BE"},{"@type":"Organization","@id":"https:\/\/vieassociative.be\/actualites\/#organization","name":"Vie Associative","url":"https:\/\/vieassociative.be\/actualites\/","logo":{"@type":"ImageObject","inLanguage":"fr-BE","@id":"https:\/\/vieassociative.be\/actualites\/#\/schema\/logo\/image\/","url":"https:\/\/vieassociative.be\/actualites\/wp-content\/uploads\/2024\/09\/cropped-vieassociative_favicon.ico.png","contentUrl":"https:\/\/vieassociative.be\/actualites\/wp-content\/uploads\/2024\/09\/cropped-vieassociative_favicon.ico.png","width":512,"height":512,"caption":"Vie Associative"},"image":{"@id":"https:\/\/vieassociative.be\/actualites\/#\/schema\/logo\/image\/"}},{"@type":"Person","@id":"https:\/\/vieassociative.be\/actualites\/#\/schema\/person\/b87ac4f82f9d4e7b7cec7395b679edc4","name":"Julien","image":{"@type":"ImageObject","inLanguage":"fr-BE","@id":"https:\/\/vieassociative.be\/actualites\/#\/schema\/person\/image\/","url":"https:\/\/vieassociative.be\/actualites\/wp-content\/uploads\/2024\/09\/vie-associative-1-150x150.jpg","contentUrl":"https:\/\/vieassociative.be\/actualites\/wp-content\/uploads\/2024\/09\/vie-associative-1-150x150.jpg","caption":"Julien"},"description":"Je suis Julien, r\u00e9dacteur pour Vie Associative. Passionn\u00e9 par le monde associatif depuis plus de 10 ans, j'ai \u00e0 c\u0153ur de partager des histoires inspirantes et de mettre en lumi\u00e8re les initiatives locales. Mon objectif est de sensibiliser et d'encourager l'engagement communautaire \u00e0 travers mes articles.","sameAs":["https:\/\/vieassociative.be\/"]}]}},"_links":{"self":[{"href":"https:\/\/vieassociative.be\/actualites\/wp-json\/wp\/v2\/posts\/13013"}],"collection":[{"href":"https:\/\/vieassociative.be\/actualites\/wp-json\/wp\/v2\/posts"}],"about":[{"href":"https:\/\/vieassociative.be\/actualites\/wp-json\/wp\/v2\/types\/post"}],"author":[{"embeddable":true,"href":"https:\/\/vieassociative.be\/actualites\/wp-json\/wp\/v2\/users\/1"}],"replies":[{"embeddable":true,"href":"https:\/\/vieassociative.be\/actualites\/wp-json\/wp\/v2\/comments?post=13013"}],"version-history":[{"count":0,"href":"https:\/\/vieassociative.be\/actualites\/wp-json\/wp\/v2\/posts\/13013\/revisions"}],"wp:featuredmedia":[{"embeddable":true,"href":"https:\/\/vieassociative.be\/actualites\/wp-json\/wp\/v2\/media\/13014"}],"wp:attachment":[{"href":"https:\/\/vieassociative.be\/actualites\/wp-json\/wp\/v2\/media?parent=13013"}],"wp:term":[{"taxonomy":"category","embeddable":true,"href":"https:\/\/vieassociative.be\/actualites\/wp-json\/wp\/v2\/categories?post=13013"},{"taxonomy":"post_tag","embeddable":true,"href":"https:\/\/vieassociative.be\/actualites\/wp-json\/wp\/v2\/tags?post=13013"}],"curies":[{"name":"wp","href":"https:\/\/api.w.org\/{rel}","templated":true}]}}