{"id":13010,"date":"2026-03-13T16:17:58","date_gmt":"2026-03-13T15:17:58","guid":{"rendered":"https:\/\/vieassociative.be\/actualites\/aujourdhui-prochaine-finale-de-las-eupen-a-deinze-contre-anderlecht-futures-20h\/"},"modified":"2026-03-13T16:17:58","modified_gmt":"2026-03-13T15:17:58","slug":"aujourdhui-prochaine-finale-de-las-eupen-a-deinze-contre-anderlecht-futures-20h","status":"publish","type":"post","link":"https:\/\/vieassociative.be\/actualites\/aujourdhui-prochaine-finale-de-las-eupen-a-deinze-contre-anderlecht-futures-20h\/","title":{"rendered":"Aujourd&rsquo;hui, prochaine \u00ab finale \u00bb de l&rsquo;AS Eupen \u2013 A Deinze contre Anderlecht Futures (20h)"},"content":{"rendered":"<p><strong>Apr\u00e8s l&rsquo;am\u00e8re d\u00e9faite 0-1 contre le Lierse SK, l&rsquo;\u00e9quipe de football de deuxi\u00e8me division de l&rsquo;AS Eupen disputera une nouvelle \u00ab finale \u00bb ce vendredi soir pour une place dans le top 6 et les barrages de promotion.<\/strong><\/p>\n<p><span id=\"more-437531\"><\/span>Avant le match \u00e0 domicile contre les Francs Borains le 21 f\u00e9vrier, le capitaine de l&rsquo;AS, Rune Paeshuyse, avait d\u00e9clar\u00e9 qu&rsquo;ils affrontaient neuf \u00ab finales \u00bb. Sur les quatre matches disput\u00e9s depuis, deux se sont sold\u00e9s par un match nul (Francs Borains et RWDM), un par une victoire (Jong Gent) et un autre par une d\u00e9faite (Lierse SK).<\/p>\n<p>Si l&rsquo;AS Eupen a encore une chance de figurer dans le top 6, c&rsquo;est uniquement gr\u00e2ce au fait que ses concurrents SK Lommel, Patro Eisden et FC L\u00fcttich ont \u00e9galement parfois abandonn\u00e9.<\/p>\n<div id=\"attachment_437533\" class=\"wp-caption alignleft\" style=\"max-width: 300px\"><img fetchpriority=\"high\" decoding=\"async\" class=\"wp-image-437533 size-medium\" src=\"https:\/\/vieassociative.be\/actualites\/wp-content\/uploads\/2026\/03\/Aujourdhui-prochaine-finale-de-lAS-Eupen-\u2013-A.jpg\" alt=\"\" width=\"300\" height=\"200\"><\/div>\n<p>Ce soir \u00e0 Deinze contre le Futures d&rsquo;Anderlecht, comme on appelle les U23 champions du record, Eupen disputera la prochaine \u00ab finale \u00bb, peut-\u00eatre m\u00eame la derni\u00e8re. Une d\u00e9faite serait fatale, m\u00eame un nul pourrait s&rsquo;av\u00e9rer insuffisant en fonction des performances des concurrents d&rsquo;Eisden et de Li\u00e8ge.<\/p>\n<p>Pour le match d&rsquo;aujourd&rsquo;hui contre le RSC Anderlecht Futures, l&rsquo;entra\u00eeneur Pinheiro devra encore se passer de Logan Delaurier-Chabet, Moustafa Mashaal et Ga\u00ebtan Hendrickx. Malgr\u00e9 son carton rouge contre le Lierse SK, Merveille Bokadi est toujours \u00e9ligible pour jouer contre Anderlecht, mais ses deux mauvaises erreurs de mardi dernier pourraient lui co\u00fbter une place dans le onze de d\u00e9part.<\/p>\n<p>Le match d&rsquo;aujourd&rsquo;hui \u00e0 Deinze contre Anderlecht (20h00 \/ en direct sur l&rsquo;application DAZN) ne fera avancer l&rsquo;AS qu&rsquo;en cas de victoire. Un match nul ne signifie pas que tout est fini, mais dans ce cas, il faudrait r\u00e9aliser le m\u00eame nombre de victoires lors des trois matches suivants pour pouvoir \u00e9ventuellement disputer une \u00ab\u00a0finale\u00a0\u00bb vraiment d\u00e9cisive pour le top 6 lors de la derni\u00e8re journ\u00e9e au FC Li\u00e8ge. <\/p>\n<p>Jusqu&rsquo;\u00e0 pr\u00e9sent, Eupen n&rsquo;a pas perdu contre Anderlecht Futures : sur trois matches, deux se sont sold\u00e9s par un match nul et l&rsquo;AS en a gagn\u00e9 un. (cr\u00e9er)<\/p>\n<p><em><strong>La situation du tableau cinq jours de match avant la fin (parties, victoires, points) :<\/strong><\/em><\/p>\n<p>4. Lommel SK 28 13 47<br \/>\n5. Patro Eisden 28 12 45<br \/>\n6. FC Li\u00e8ge 27 13 44<br \/>\n7. AS Eupen 27 10 39<br \/>\n8. Jong Gand 27 11 37<\/p>\n","protected":false},"excerpt":{"rendered":"<p>Apr\u00e8s l&rsquo;am\u00e8re d\u00e9faite 0-1 contre le Lierse SK, l&rsquo;\u00e9quipe de football de deuxi\u00e8me division de l&rsquo;AS Eupen disputera une nouvelle \u00ab finale \u00bb ce vendredi<\/p>\n","protected":false},"author":1,"featured_media":5339,"comment_status":"","ping_status":"","sticky":false,"template":"","format":"standard","meta":{"footnotes":""},"categories":[298],"tags":[10238,2623,2330,796,3946,2329,879,10237,2353,773],"class_list":["post-13010","post","type-post","status-publish","format-standard","has-post-thumbnail","hentry","category-belgique","tag-20h","tag-anderlecht","tag-aujourdhui","tag-contre","tag-deinze","tag-eupen","tag-finale","tag-futures","tag-las","tag-prochaine","generate-columns","tablet-grid-50","mobile-grid-100","grid-parent","grid-33"],"yoast_head":"<!-- This site is optimized with the Yoast SEO plugin v24.0 - https:\/\/yoast.com\/wordpress\/plugins\/seo\/ -->\n<title>Aujourd&#039;hui, prochaine \u00ab finale \u00bb de l&#039;AS Eupen \u2013 A Deinze contre Anderlecht Futures (20h) | Vie Associative<\/title>\n<meta name=\"robots\" content=\"index, follow, max-snippet:-1, max-image-preview:large, max-video-preview:-1\" \/>\n<link rel=\"canonical\" href=\"https:\/\/vieassociative.be\/actualites\/aujourdhui-prochaine-finale-de-las-eupen-a-deinze-contre-anderlecht-futures-20h\/\" \/>\n<meta property=\"og:locale\" content=\"fr_FR\" \/>\n<meta property=\"og:type\" content=\"article\" \/>\n<meta property=\"og:title\" content=\"Aujourd&#039;hui, prochaine \u00ab finale \u00bb de l&#039;AS Eupen \u2013 A Deinze contre Anderlecht Futures (20h) | Vie Associative\" \/>\n<meta property=\"og:description\" content=\"Apr\u00e8s l&rsquo;am\u00e8re d\u00e9faite 0-1 contre le Lierse SK, l&rsquo;\u00e9quipe de football de deuxi\u00e8me division de l&rsquo;AS Eupen disputera une nouvelle \u00ab finale \u00bb ce vendredi\" \/>\n<meta property=\"og:url\" content=\"https:\/\/vieassociative.be\/actualites\/aujourdhui-prochaine-finale-de-las-eupen-a-deinze-contre-anderlecht-futures-20h\/\" \/>\n<meta property=\"og:site_name\" content=\"Vie Associative\" \/>\n<meta property=\"article:published_time\" content=\"2026-03-13T15:17:58+00:00\" \/>\n<meta property=\"og:image\" content=\"https:\/\/vieassociative.be\/actualites\/wp-content\/uploads\/2024\/09\/header_backgroundk-01-e1726694325946.png\" \/>\n\t<meta property=\"og:image:width\" content=\"279\" \/>\n\t<meta property=\"og:image:height\" content=\"92\" \/>\n\t<meta property=\"og:image:type\" content=\"image\/png\" \/>\n<meta name=\"author\" content=\"Julien\" \/>\n<meta name=\"twitter:card\" content=\"summary_large_image\" \/>\n<meta name=\"twitter:label1\" content=\"\u00c9crit par\" \/>\n\t<meta name=\"twitter:data1\" content=\"Julien\" \/>\n\t<meta name=\"twitter:label2\" content=\"Dur\u00e9e de lecture est.\" \/>\n\t<meta name=\"twitter:data2\" content=\"2 minutes\" \/>\n<script type=\"application\/ld+json\" class=\"yoast-schema-graph\">{\"@context\":\"https:\/\/schema.org\",\"@graph\":[{\"@type\":\"Article\",\"@id\":\"https:\/\/vieassociative.be\/actualites\/aujourdhui-prochaine-finale-de-las-eupen-a-deinze-contre-anderlecht-futures-20h\/#article\",\"isPartOf\":{\"@id\":\"https:\/\/vieassociative.be\/actualites\/aujourdhui-prochaine-finale-de-las-eupen-a-deinze-contre-anderlecht-futures-20h\/\"},\"author\":{\"name\":\"Julien\",\"@id\":\"https:\/\/vieassociative.be\/actualites\/#\/schema\/person\/b87ac4f82f9d4e7b7cec7395b679edc4\"},\"headline\":\"Aujourd&rsquo;hui, prochaine \u00ab finale \u00bb de l&rsquo;AS Eupen \u2013 A Deinze contre Anderlecht Futures (20h)\",\"datePublished\":\"2026-03-13T15:17:58+00:00\",\"dateModified\":\"2026-03-13T15:17:58+00:00\",\"mainEntityOfPage\":{\"@id\":\"https:\/\/vieassociative.be\/actualites\/aujourdhui-prochaine-finale-de-las-eupen-a-deinze-contre-anderlecht-futures-20h\/\"},\"wordCount\":405,\"publisher\":{\"@id\":\"https:\/\/vieassociative.be\/actualites\/#organization\"},\"image\":{\"@id\":\"https:\/\/vieassociative.be\/actualites\/aujourdhui-prochaine-finale-de-las-eupen-a-deinze-contre-anderlecht-futures-20h\/#primaryimage\"},\"thumbnailUrl\":\"https:\/\/vieassociative.be\/actualites\/wp-content\/uploads\/2025\/02\/Jan-Gorenc-Premier-accident-de-Raven-puis-Sauveur-dans-le.jpg\",\"keywords\":[\"20h\",\"Anderlecht\",\"aujourdhui\",\"contre\",\"Deinze\",\"Eupen\",\"finale\",\"Futures\",\"lAS\",\"prochaine\"],\"articleSection\":[\"Belgique\"],\"inLanguage\":\"fr-BE\"},{\"@type\":\"WebPage\",\"@id\":\"https:\/\/vieassociative.be\/actualites\/aujourdhui-prochaine-finale-de-las-eupen-a-deinze-contre-anderlecht-futures-20h\/\",\"url\":\"https:\/\/vieassociative.be\/actualites\/aujourdhui-prochaine-finale-de-las-eupen-a-deinze-contre-anderlecht-futures-20h\/\",\"name\":\"Aujourd'hui, prochaine \u00ab finale \u00bb de l'AS Eupen \u2013 A Deinze contre Anderlecht Futures (20h) | Vie Associative\",\"isPartOf\":{\"@id\":\"https:\/\/vieassociative.be\/actualites\/#website\"},\"primaryImageOfPage\":{\"@id\":\"https:\/\/vieassociative.be\/actualites\/aujourdhui-prochaine-finale-de-las-eupen-a-deinze-contre-anderlecht-futures-20h\/#primaryimage\"},\"image\":{\"@id\":\"https:\/\/vieassociative.be\/actualites\/aujourdhui-prochaine-finale-de-las-eupen-a-deinze-contre-anderlecht-futures-20h\/#primaryimage\"},\"thumbnailUrl\":\"https:\/\/vieassociative.be\/actualites\/wp-content\/uploads\/2025\/02\/Jan-Gorenc-Premier-accident-de-Raven-puis-Sauveur-dans-le.jpg\",\"datePublished\":\"2026-03-13T15:17:58+00:00\",\"dateModified\":\"2026-03-13T15:17:58+00:00\",\"breadcrumb\":{\"@id\":\"https:\/\/vieassociative.be\/actualites\/aujourdhui-prochaine-finale-de-las-eupen-a-deinze-contre-anderlecht-futures-20h\/#breadcrumb\"},\"inLanguage\":\"fr-BE\",\"potentialAction\":[{\"@type\":\"ReadAction\",\"target\":[\"https:\/\/vieassociative.be\/actualites\/aujourdhui-prochaine-finale-de-las-eupen-a-deinze-contre-anderlecht-futures-20h\/\"]}]},{\"@type\":\"ImageObject\",\"inLanguage\":\"fr-BE\",\"@id\":\"https:\/\/vieassociative.be\/actualites\/aujourdhui-prochaine-finale-de-las-eupen-a-deinze-contre-anderlecht-futures-20h\/#primaryimage\",\"url\":\"https:\/\/vieassociative.be\/actualites\/wp-content\/uploads\/2025\/02\/Jan-Gorenc-Premier-accident-de-Raven-puis-Sauveur-dans-le.jpg\",\"contentUrl\":\"https:\/\/vieassociative.be\/actualites\/wp-content\/uploads\/2025\/02\/Jan-Gorenc-Premier-accident-de-Raven-puis-Sauveur-dans-le.jpg\",\"width\":1200,\"height\":806,\"caption\":\"Jan Gorenc Premier accident de Raven puis Sauveur dans le 2-2 de l'As Eupen contre le U23 du RSC Anderlecht\"},{\"@type\":\"BreadcrumbList\",\"@id\":\"https:\/\/vieassociative.be\/actualites\/aujourdhui-prochaine-finale-de-las-eupen-a-deinze-contre-anderlecht-futures-20h\/#breadcrumb\",\"itemListElement\":[{\"@type\":\"ListItem\",\"position\":1,\"name\":\"Accueil\",\"item\":\"https:\/\/vieassociative.be\/actualites\/\"},{\"@type\":\"ListItem\",\"position\":2,\"name\":\"Aujourd&rsquo;hui, prochaine \u00ab finale \u00bb de l&rsquo;AS Eupen \u2013 A Deinze contre Anderlecht Futures (20h)\"}]},{\"@type\":\"WebSite\",\"@id\":\"https:\/\/vieassociative.be\/actualites\/#website\",\"url\":\"https:\/\/vieassociative.be\/actualites\/\",\"name\":\"Vie Associative\",\"description\":\"\",\"publisher\":{\"@id\":\"https:\/\/vieassociative.be\/actualites\/#organization\"},\"potentialAction\":[{\"@type\":\"SearchAction\",\"target\":{\"@type\":\"EntryPoint\",\"urlTemplate\":\"https:\/\/vieassociative.be\/actualites\/?s={search_term_string}\"},\"query-input\":{\"@type\":\"PropertyValueSpecification\",\"valueRequired\":true,\"valueName\":\"search_term_string\"}}],\"inLanguage\":\"fr-BE\"},{\"@type\":\"Organization\",\"@id\":\"https:\/\/vieassociative.be\/actualites\/#organization\",\"name\":\"Vie Associative\",\"url\":\"https:\/\/vieassociative.be\/actualites\/\",\"logo\":{\"@type\":\"ImageObject\",\"inLanguage\":\"fr-BE\",\"@id\":\"https:\/\/vieassociative.be\/actualites\/#\/schema\/logo\/image\/\",\"url\":\"https:\/\/vieassociative.be\/actualites\/wp-content\/uploads\/2024\/09\/cropped-vieassociative_favicon.ico.png\",\"contentUrl\":\"https:\/\/vieassociative.be\/actualites\/wp-content\/uploads\/2024\/09\/cropped-vieassociative_favicon.ico.png\",\"width\":512,\"height\":512,\"caption\":\"Vie Associative\"},\"image\":{\"@id\":\"https:\/\/vieassociative.be\/actualites\/#\/schema\/logo\/image\/\"}},{\"@type\":\"Person\",\"@id\":\"https:\/\/vieassociative.be\/actualites\/#\/schema\/person\/b87ac4f82f9d4e7b7cec7395b679edc4\",\"name\":\"Julien\",\"image\":{\"@type\":\"ImageObject\",\"inLanguage\":\"fr-BE\",\"@id\":\"https:\/\/vieassociative.be\/actualites\/#\/schema\/person\/image\/\",\"url\":\"https:\/\/vieassociative.be\/actualites\/wp-content\/uploads\/2024\/09\/vie-associative-1-150x150.jpg\",\"contentUrl\":\"https:\/\/vieassociative.be\/actualites\/wp-content\/uploads\/2024\/09\/vie-associative-1-150x150.jpg\",\"caption\":\"Julien\"},\"description\":\"Je suis Julien, r\u00e9dacteur pour Vie Associative. Passionn\u00e9 par le monde associatif depuis plus de 10 ans, j'ai \u00e0 c\u0153ur de partager des histoires inspirantes et de mettre en lumi\u00e8re les initiatives locales. Mon objectif est de sensibiliser et d'encourager l'engagement communautaire \u00e0 travers mes articles.\",\"sameAs\":[\"https:\/\/vieassociative.be\/\"]}]}<\/script>\n<!-- \/ Yoast SEO plugin. -->","yoast_head_json":{"title":"Aujourd'hui, prochaine \u00ab finale \u00bb de l'AS Eupen \u2013 A Deinze contre Anderlecht Futures (20h) | Vie Associative","robots":{"index":"index","follow":"follow","max-snippet":"max-snippet:-1","max-image-preview":"max-image-preview:large","max-video-preview":"max-video-preview:-1"},"canonical":"https:\/\/vieassociative.be\/actualites\/aujourdhui-prochaine-finale-de-las-eupen-a-deinze-contre-anderlecht-futures-20h\/","og_locale":"fr_FR","og_type":"article","og_title":"Aujourd'hui, prochaine \u00ab finale \u00bb de l'AS Eupen \u2013 A Deinze contre Anderlecht Futures (20h) | Vie Associative","og_description":"Apr\u00e8s l&rsquo;am\u00e8re d\u00e9faite 0-1 contre le Lierse SK, l&rsquo;\u00e9quipe de football de deuxi\u00e8me division de l&rsquo;AS Eupen disputera une nouvelle \u00ab finale \u00bb ce vendredi","og_url":"https:\/\/vieassociative.be\/actualites\/aujourdhui-prochaine-finale-de-las-eupen-a-deinze-contre-anderlecht-futures-20h\/","og_site_name":"Vie Associative","article_published_time":"2026-03-13T15:17:58+00:00","og_image":[{"width":279,"height":92,"url":"https:\/\/vieassociative.be\/actualites\/wp-content\/uploads\/2024\/09\/header_backgroundk-01-e1726694325946.png","type":"image\/png"}],"author":"Julien","twitter_card":"summary_large_image","twitter_misc":{"\u00c9crit par":"Julien","Dur\u00e9e de lecture est.":"2 minutes"},"schema":{"@context":"https:\/\/schema.org","@graph":[{"@type":"Article","@id":"https:\/\/vieassociative.be\/actualites\/aujourdhui-prochaine-finale-de-las-eupen-a-deinze-contre-anderlecht-futures-20h\/#article","isPartOf":{"@id":"https:\/\/vieassociative.be\/actualites\/aujourdhui-prochaine-finale-de-las-eupen-a-deinze-contre-anderlecht-futures-20h\/"},"author":{"name":"Julien","@id":"https:\/\/vieassociative.be\/actualites\/#\/schema\/person\/b87ac4f82f9d4e7b7cec7395b679edc4"},"headline":"Aujourd&rsquo;hui, prochaine \u00ab finale \u00bb de l&rsquo;AS Eupen \u2013 A Deinze contre Anderlecht Futures (20h)","datePublished":"2026-03-13T15:17:58+00:00","dateModified":"2026-03-13T15:17:58+00:00","mainEntityOfPage":{"@id":"https:\/\/vieassociative.be\/actualites\/aujourdhui-prochaine-finale-de-las-eupen-a-deinze-contre-anderlecht-futures-20h\/"},"wordCount":405,"publisher":{"@id":"https:\/\/vieassociative.be\/actualites\/#organization"},"image":{"@id":"https:\/\/vieassociative.be\/actualites\/aujourdhui-prochaine-finale-de-las-eupen-a-deinze-contre-anderlecht-futures-20h\/#primaryimage"},"thumbnailUrl":"https:\/\/vieassociative.be\/actualites\/wp-content\/uploads\/2025\/02\/Jan-Gorenc-Premier-accident-de-Raven-puis-Sauveur-dans-le.jpg","keywords":["20h","Anderlecht","aujourdhui","contre","Deinze","Eupen","finale","Futures","lAS","prochaine"],"articleSection":["Belgique"],"inLanguage":"fr-BE"},{"@type":"WebPage","@id":"https:\/\/vieassociative.be\/actualites\/aujourdhui-prochaine-finale-de-las-eupen-a-deinze-contre-anderlecht-futures-20h\/","url":"https:\/\/vieassociative.be\/actualites\/aujourdhui-prochaine-finale-de-las-eupen-a-deinze-contre-anderlecht-futures-20h\/","name":"Aujourd'hui, prochaine \u00ab finale \u00bb de l'AS Eupen \u2013 A Deinze contre Anderlecht Futures (20h) | Vie Associative","isPartOf":{"@id":"https:\/\/vieassociative.be\/actualites\/#website"},"primaryImageOfPage":{"@id":"https:\/\/vieassociative.be\/actualites\/aujourdhui-prochaine-finale-de-las-eupen-a-deinze-contre-anderlecht-futures-20h\/#primaryimage"},"image":{"@id":"https:\/\/vieassociative.be\/actualites\/aujourdhui-prochaine-finale-de-las-eupen-a-deinze-contre-anderlecht-futures-20h\/#primaryimage"},"thumbnailUrl":"https:\/\/vieassociative.be\/actualites\/wp-content\/uploads\/2025\/02\/Jan-Gorenc-Premier-accident-de-Raven-puis-Sauveur-dans-le.jpg","datePublished":"2026-03-13T15:17:58+00:00","dateModified":"2026-03-13T15:17:58+00:00","breadcrumb":{"@id":"https:\/\/vieassociative.be\/actualites\/aujourdhui-prochaine-finale-de-las-eupen-a-deinze-contre-anderlecht-futures-20h\/#breadcrumb"},"inLanguage":"fr-BE","potentialAction":[{"@type":"ReadAction","target":["https:\/\/vieassociative.be\/actualites\/aujourdhui-prochaine-finale-de-las-eupen-a-deinze-contre-anderlecht-futures-20h\/"]}]},{"@type":"ImageObject","inLanguage":"fr-BE","@id":"https:\/\/vieassociative.be\/actualites\/aujourdhui-prochaine-finale-de-las-eupen-a-deinze-contre-anderlecht-futures-20h\/#primaryimage","url":"https:\/\/vieassociative.be\/actualites\/wp-content\/uploads\/2025\/02\/Jan-Gorenc-Premier-accident-de-Raven-puis-Sauveur-dans-le.jpg","contentUrl":"https:\/\/vieassociative.be\/actualites\/wp-content\/uploads\/2025\/02\/Jan-Gorenc-Premier-accident-de-Raven-puis-Sauveur-dans-le.jpg","width":1200,"height":806,"caption":"Jan Gorenc Premier accident de Raven puis Sauveur dans le 2-2 de l'As Eupen contre le U23 du RSC Anderlecht"},{"@type":"BreadcrumbList","@id":"https:\/\/vieassociative.be\/actualites\/aujourdhui-prochaine-finale-de-las-eupen-a-deinze-contre-anderlecht-futures-20h\/#breadcrumb","itemListElement":[{"@type":"ListItem","position":1,"name":"Accueil","item":"https:\/\/vieassociative.be\/actualites\/"},{"@type":"ListItem","position":2,"name":"Aujourd&rsquo;hui, prochaine \u00ab finale \u00bb de l&rsquo;AS Eupen \u2013 A Deinze contre Anderlecht Futures (20h)"}]},{"@type":"WebSite","@id":"https:\/\/vieassociative.be\/actualites\/#website","url":"https:\/\/vieassociative.be\/actualites\/","name":"Vie Associative","description":"","publisher":{"@id":"https:\/\/vieassociative.be\/actualites\/#organization"},"potentialAction":[{"@type":"SearchAction","target":{"@type":"EntryPoint","urlTemplate":"https:\/\/vieassociative.be\/actualites\/?s={search_term_string}"},"query-input":{"@type":"PropertyValueSpecification","valueRequired":true,"valueName":"search_term_string"}}],"inLanguage":"fr-BE"},{"@type":"Organization","@id":"https:\/\/vieassociative.be\/actualites\/#organization","name":"Vie Associative","url":"https:\/\/vieassociative.be\/actualites\/","logo":{"@type":"ImageObject","inLanguage":"fr-BE","@id":"https:\/\/vieassociative.be\/actualites\/#\/schema\/logo\/image\/","url":"https:\/\/vieassociative.be\/actualites\/wp-content\/uploads\/2024\/09\/cropped-vieassociative_favicon.ico.png","contentUrl":"https:\/\/vieassociative.be\/actualites\/wp-content\/uploads\/2024\/09\/cropped-vieassociative_favicon.ico.png","width":512,"height":512,"caption":"Vie Associative"},"image":{"@id":"https:\/\/vieassociative.be\/actualites\/#\/schema\/logo\/image\/"}},{"@type":"Person","@id":"https:\/\/vieassociative.be\/actualites\/#\/schema\/person\/b87ac4f82f9d4e7b7cec7395b679edc4","name":"Julien","image":{"@type":"ImageObject","inLanguage":"fr-BE","@id":"https:\/\/vieassociative.be\/actualites\/#\/schema\/person\/image\/","url":"https:\/\/vieassociative.be\/actualites\/wp-content\/uploads\/2024\/09\/vie-associative-1-150x150.jpg","contentUrl":"https:\/\/vieassociative.be\/actualites\/wp-content\/uploads\/2024\/09\/vie-associative-1-150x150.jpg","caption":"Julien"},"description":"Je suis Julien, r\u00e9dacteur pour Vie Associative. Passionn\u00e9 par le monde associatif depuis plus de 10 ans, j'ai \u00e0 c\u0153ur de partager des histoires inspirantes et de mettre en lumi\u00e8re les initiatives locales. Mon objectif est de sensibiliser et d'encourager l'engagement communautaire \u00e0 travers mes articles.","sameAs":["https:\/\/vieassociative.be\/"]}]}},"_links":{"self":[{"href":"https:\/\/vieassociative.be\/actualites\/wp-json\/wp\/v2\/posts\/13010"}],"collection":[{"href":"https:\/\/vieassociative.be\/actualites\/wp-json\/wp\/v2\/posts"}],"about":[{"href":"https:\/\/vieassociative.be\/actualites\/wp-json\/wp\/v2\/types\/post"}],"author":[{"embeddable":true,"href":"https:\/\/vieassociative.be\/actualites\/wp-json\/wp\/v2\/users\/1"}],"replies":[{"embeddable":true,"href":"https:\/\/vieassociative.be\/actualites\/wp-json\/wp\/v2\/comments?post=13010"}],"version-history":[{"count":0,"href":"https:\/\/vieassociative.be\/actualites\/wp-json\/wp\/v2\/posts\/13010\/revisions"}],"wp:featuredmedia":[{"embeddable":true,"href":"https:\/\/vieassociative.be\/actualites\/wp-json\/wp\/v2\/media\/5339"}],"wp:attachment":[{"href":"https:\/\/vieassociative.be\/actualites\/wp-json\/wp\/v2\/media?parent=13010"}],"wp:term":[{"taxonomy":"category","embeddable":true,"href":"https:\/\/vieassociative.be\/actualites\/wp-json\/wp\/v2\/categories?post=13010"},{"taxonomy":"post_tag","embeddable":true,"href":"https:\/\/vieassociative.be\/actualites\/wp-json\/wp\/v2\/tags?post=13010"}],"curies":[{"name":"wp","href":"https:\/\/api.w.org\/{rel}","templated":true}]}}