{"id":1301,"date":"2024-10-16T21:17:37","date_gmt":"2024-10-16T19:17:37","guid":{"rendered":"https:\/\/vieassociative.be\/actualites\/ne-sous-estimez-pas-la-maladresse-de-votre-enfant\/"},"modified":"2024-10-16T21:17:37","modified_gmt":"2024-10-16T19:17:37","slug":"ne-sous-estimez-pas-la-maladresse-de-votre-enfant","status":"publish","type":"post","link":"https:\/\/vieassociative.be\/actualites\/ne-sous-estimez-pas-la-maladresse-de-votre-enfant\/","title":{"rendered":"Ne sous-estimez pas la maladresse de votre enfant"},"content":{"rendered":"<div class=\"mt-4 leading-6 md:mb-8\">La maladresse peut entra\u00eener un certain nombre de cons\u00e9quences \u00e0 long terme sur un enfant. Voici comment les aider.<\/div>\n<p><\/p>\n<p>Qu&rsquo;il s&rsquo;agisse d&rsquo;apprendre \u00e0 ramper, de faire les premiers pas instables ou d&rsquo;apprendre \u00e0 tenir un crayon, le processus d&rsquo;apprentissage des capacit\u00e9s motrices pendant l&rsquo;enfance prend un certain temps et s&rsquo;accompagne \u00e9galement de nombreuses \u00e9tapes h\u00e9sitantes. Pour un certain nombre d\u2019enfants, l\u2019acquisition de ces comp\u00e9tences peut prendre beaucoup plus de temps \u2013 un retard qui, s\u2019il n\u2019est pas r\u00e9gl\u00e9, peut avoir de nombreux effets \u00e0 long terme sur leur bien-\u00eatre social, \u00e9motionnel et physique.<\/p>\n<p>Au d\u00e9but, ce retard moteur peut se manifester par une maladresse, mais comme plusieurs experts commencent \u00e0 le comprendre, ses effets peuvent avoir un impact sur diff\u00e9rents aspects de la vie d&rsquo;un enfant. <\/p>\n<h2 id=\"developmental-coordination-disorder-makes-it-hard-to-learn-motor-skills\"><strong>Le trouble d\u00e9veloppemental de la coordination rend difficile l\u2019apprentissage des capacit\u00e9s motrices<\/strong> <\/h2>\n<p>Le trouble d\u00e9veloppemental de la coordination, parfois appel\u00e9 dyspraxie, est un trouble neurod\u00e9veloppemental qui rend difficile l&rsquo;apprentissage des capacit\u00e9s motrices, comme attacher une chaussure, \u00e9crire avec un crayon ou apprendre de nouveaux mouvements. Environ cinq pour cent des enfants souffrent de ce trouble, et m\u00eame s&rsquo;il ne dispara\u00eet pas, il peut \u00eatre soulag\u00e9 par la pratique. <\/p>\n<p>\u00abLe trouble d\u00e9veloppemental de la coordination, \u00e0 certains \u00e9gards, s&rsquo;apparente \u00e0 une version motrice du dysfonctionnement ex\u00e9cutif\u00bb, explique Andrew Kahn, psychologue agr\u00e9\u00e9 et expert du comportement pour l&rsquo;organisation Understood, qui offre un soutien aux personnes ayant des difficult\u00e9s d&rsquo;apprentissage. La fonction ex\u00e9cutive est la capacit\u00e9 cognitive \u00e0 planifier, prioriser et ex\u00e9cuter des objectifs. Avec un trouble d\u00e9veloppemental de la coordination, une personne a du mal \u00e0 planifier et \u00e0 ex\u00e9cuter des mouvements, ce qui peut entra\u00eener une maladresse et des difficult\u00e9s dans l&rsquo;apprentissage de nouveaux types de mouvements. <\/p>\n<h2 id=\"untreated-developmental-coordination-disorder-can-lead-to-long-term-effects\"><strong>Un trouble d\u00e9veloppemental de la coordination non trait\u00e9 peut entra\u00eener des effets \u00e0 long terme<\/strong> <\/h2>\n<p>S&rsquo;il n&rsquo;est pas trait\u00e9, le trouble d\u00e9veloppemental de la coordination peut entra\u00eener d&rsquo;autres probl\u00e8mes, qu&rsquo;il s&rsquo;agisse d&rsquo;un enfant qui \u00e9vite certaines activit\u00e9s, comme faire du sport ou utiliser un crayon pour \u00e9crire, parce qu&rsquo;il a des difficult\u00e9s, ou une perte d&rsquo;estime de soi, qui peut provoquer sa propre perte d&rsquo;estime de soi. probl\u00e8mes. <\/p>\n<p>\u00ab\u00a0Dans le cas de pathologies telles que les troubles de la coordination du d\u00e9veloppement, plus elles ne sont pas trait\u00e9es longtemps, plus nous constatons de d\u00e9fis\u00a0\u00bb, explique Kahn. Au cours de son exp\u00e9rience de travail avec les enfants, il a constat\u00e9 un sch\u00e9ma du type\u00a0: \u00ab\u00a0Quand je ne peux pas, je vais finir par vous dire \u00ab\u00a0je ne le ferai pas\u00a0\u00bb et je vais agir de mani\u00e8re exag\u00e9r\u00e9e, pour \u00e9viter de faire des choses qui sont difficiles pour moi. moi \u00bb, a d\u00e9clar\u00e9 Kahn. <\/p>\n<p>Qu&rsquo;il refuse de faire ses devoirs parce qu&rsquo;il est g\u00ean\u00e9 de ne pas pouvoir tenir un crayon ou qu&rsquo;il \u00e9vite le terrain de jeu en raison de sa maladresse, le trouble d\u00e9veloppemental de la coordination d&rsquo;un enfant peut avoir un impact sur son bien-\u00eatre physique et mental de diff\u00e9rentes mani\u00e8res. <\/p>\n<h2 id=\"interventions-are-multi-faceted\"><strong>Les interventions sont multiformes<\/strong> <\/h2>\n<p>Lorsqu\u2019il s\u2019agit d\u2019aider un enfant atteint d\u2019un trouble d\u00e9veloppemental de la coordination, il existe plusieurs options diff\u00e9rentes. Comme l&rsquo;explique Kahn, il existe quelques approches majeures qui peuvent \u00eatre utiles \u00e0 un enfant qui a du mal \u00e0 acqu\u00e9rir certaines habilet\u00e9s motrices. <\/p>\n<p>La premi\u00e8re approche majeure consiste \u00e0 les aider \u00e0 acqu\u00e9rir les comp\u00e9tences physiques avec lesquelles ils ont du mal, qu&rsquo;il s&rsquo;agisse de s&rsquo;entra\u00eener \u00e0 tenir un crayon ou d&rsquo;apprendre \u00e0 attacher une chaussure. \u00abNous effectuons des r\u00e9partitions physiques des t\u00e2ches, que nous entra\u00eenons encore et encore, pour les t\u00e2ches de la vie quotidienne\u00bb, explique Kahn. Cela se fait g\u00e9n\u00e9ralement sous la direction d&rsquo;un ergoth\u00e9rapeute, exp\u00e9riment\u00e9 dans la recherche de moyens d&rsquo;aider un enfant \u00e0 acqu\u00e9rir ces comp\u00e9tences. <\/p>\n<p>La deuxi\u00e8me approche majeure consiste \u00e0 trouver des moyens de modifier l&rsquo;environnement pour mieux r\u00e9pondre \u00e0 leurs comp\u00e9tences et \u00e0 leurs besoins. \u00abIl s&rsquo;agit de trouver l&rsquo;ad\u00e9quation \u00e0 l&rsquo;individu\u00bb, explique Kahn. Un exemple pourrait \u00eatre de les laisser taper leurs devoirs, plut\u00f4t que d&rsquo;\u00e9crire avec un crayon, ou de les laisser trouver une activit\u00e9 physique qui correspond \u00e0 leurs propres comp\u00e9tences. \u00ab\u00a0Un enfant qui n&rsquo;est peut-\u00eatre pas coordonn\u00e9 pour un sport de balle peut faire du cross-country\u00a0\u00bb, explique Kahn. \u00ab\u00a0Cela peut avoir d&rsquo;\u00e9normes avantages pour l&rsquo;estime de soi.\u00a0\u00bb <\/p>\n<h2 id=\"how-to-get-support-for-your-child\"><strong>Comment obtenir de l&rsquo;aide pour votre enfant<\/strong> <\/h2>\n<p>Si votre enfant a du mal \u00e0 acqu\u00e9rir certaines comp\u00e9tences, qu&rsquo;il s&rsquo;agisse de marcher, de se nourrir ou de tenir un crayon, la premi\u00e8re \u00e9tape est d&rsquo;en parler soit \u00e0 son p\u00e9diatre, soit \u00e0 l&rsquo;\u00e9cole, qui sauront l&rsquo;orienter vers les bons services, comme l&rsquo;ergoth\u00e9rapie ou la physioth\u00e9rapie. <\/p>\n<p>Comme le note Kahn, fournir \u00e0 votre enfant le soutien ad\u00e9quat peut n\u00e9cessiter un plaidoyer. \u00ab Les p\u00e9diatres sont surcharg\u00e9s de travail, sous-soutenus et sous-pay\u00e9s, et ils doivent voir tellement d&rsquo;enfants et de familles par jour que la tendance est de dire : donnez-lui du temps, laissez-le faire, et nous verrons avec le temps s&rsquo;ils ont besoin de quelque chose. \u00a0\u00bb dit Kahn. \u00ab La r\u00e9alit\u00e9 est que si votre enfant \u00e9prouve de la d\u00e9tresse en raison des diff\u00e9rences entre ce qu\u2019il peut faire et ce que ses pairs peuvent faire, c\u2019est un \u00e9l\u00e9ment d\u00e9clencheur important, car cette d\u00e9tresse va entra\u00eener des probl\u00e8mes de comportement et des probl\u00e8mes \u00e9motionnels. Nous voulons emp\u00eacher cela. Je dis toujours aux parents que vous \u00eates le premier et le meilleur expert de votre enfant. Lorsque vous avez un sentiment de confiance, d\u00e9fendez-le avec force et gentillesse, et faites pression pour cette \u00e9valuation. <\/p>\n","protected":false},"excerpt":{"rendered":"<p>La maladresse peut entra\u00eener un certain nombre de cons\u00e9quences \u00e0 long terme sur un enfant. Voici comment les aider. Qu&rsquo;il s&rsquo;agisse d&rsquo;apprendre \u00e0 ramper, de<\/p>\n","protected":false},"author":1,"featured_media":1302,"comment_status":"","ping_status":"","sticky":false,"template":"","format":"standard","meta":{"footnotes":""},"categories":[37],"tags":[295,1884,126,1883,8],"class_list":["post-1301","post","type-post","status-publish","format-standard","has-post-thumbnail","hentry","category-famille","tag-enfant","tag-maladresse","tag-pas","tag-sousestimez","tag-votre","generate-columns","tablet-grid-50","mobile-grid-100","grid-parent","grid-33"],"yoast_head":"<!-- This site is optimized with the Yoast SEO plugin v24.0 - https:\/\/yoast.com\/wordpress\/plugins\/seo\/ -->\n<title>Ne sous-estimez pas la maladresse de votre enfant | Vie Associative<\/title>\n<meta name=\"robots\" content=\"index, follow, max-snippet:-1, max-image-preview:large, max-video-preview:-1\" \/>\n<link rel=\"canonical\" href=\"https:\/\/vieassociative.be\/actualites\/ne-sous-estimez-pas-la-maladresse-de-votre-enfant\/\" \/>\n<meta property=\"og:locale\" content=\"fr_FR\" \/>\n<meta property=\"og:type\" content=\"article\" \/>\n<meta property=\"og:title\" content=\"Ne sous-estimez pas la maladresse de votre enfant | Vie Associative\" \/>\n<meta property=\"og:description\" content=\"La maladresse peut entra\u00eener un certain nombre de cons\u00e9quences \u00e0 long terme sur un enfant. Voici comment les aider. Qu&rsquo;il s&rsquo;agisse d&rsquo;apprendre \u00e0 ramper, de\" \/>\n<meta property=\"og:url\" content=\"https:\/\/vieassociative.be\/actualites\/ne-sous-estimez-pas-la-maladresse-de-votre-enfant\/\" \/>\n<meta property=\"og:site_name\" content=\"Vie Associative\" \/>\n<meta property=\"article:published_time\" content=\"2024-10-16T19:17:37+00:00\" \/>\n<meta property=\"og:image\" content=\"https:\/\/vieassociative.be\/actualites\/wp-content\/uploads\/2024\/09\/header_backgroundk-01-e1726694325946.png\" \/>\n\t<meta property=\"og:image:width\" content=\"279\" \/>\n\t<meta property=\"og:image:height\" content=\"92\" \/>\n\t<meta property=\"og:image:type\" content=\"image\/png\" \/>\n<meta name=\"author\" content=\"Julien\" \/>\n<meta name=\"twitter:card\" content=\"summary_large_image\" \/>\n<meta name=\"twitter:label1\" content=\"\u00c9crit par\" \/>\n\t<meta name=\"twitter:data1\" content=\"Julien\" \/>\n\t<meta name=\"twitter:label2\" content=\"Dur\u00e9e de lecture est.\" \/>\n\t<meta name=\"twitter:data2\" content=\"5 minutes\" \/>\n<script type=\"application\/ld+json\" class=\"yoast-schema-graph\">{\"@context\":\"https:\/\/schema.org\",\"@graph\":[{\"@type\":\"Article\",\"@id\":\"https:\/\/vieassociative.be\/actualites\/ne-sous-estimez-pas-la-maladresse-de-votre-enfant\/#article\",\"isPartOf\":{\"@id\":\"https:\/\/vieassociative.be\/actualites\/ne-sous-estimez-pas-la-maladresse-de-votre-enfant\/\"},\"author\":{\"name\":\"Julien\",\"@id\":\"https:\/\/vieassociative.be\/actualites\/#\/schema\/person\/b87ac4f82f9d4e7b7cec7395b679edc4\"},\"headline\":\"Ne sous-estimez pas la maladresse de votre enfant\",\"datePublished\":\"2024-10-16T19:17:37+00:00\",\"dateModified\":\"2024-10-16T19:17:37+00:00\",\"mainEntityOfPage\":{\"@id\":\"https:\/\/vieassociative.be\/actualites\/ne-sous-estimez-pas-la-maladresse-de-votre-enfant\/\"},\"wordCount\":1027,\"publisher\":{\"@id\":\"https:\/\/vieassociative.be\/actualites\/#organization\"},\"image\":{\"@id\":\"https:\/\/vieassociative.be\/actualites\/ne-sous-estimez-pas-la-maladresse-de-votre-enfant\/#primaryimage\"},\"thumbnailUrl\":\"https:\/\/vieassociative.be\/actualites\/wp-content\/uploads\/2024\/10\/Ne-sous-estimez-pas-la-maladresse-de-votre-enfant.jpg\",\"keywords\":[\"enfant\",\"maladresse\",\"pas\",\"sousestimez\",\"votre\"],\"articleSection\":[\"Famille\"],\"inLanguage\":\"fr-BE\"},{\"@type\":\"WebPage\",\"@id\":\"https:\/\/vieassociative.be\/actualites\/ne-sous-estimez-pas-la-maladresse-de-votre-enfant\/\",\"url\":\"https:\/\/vieassociative.be\/actualites\/ne-sous-estimez-pas-la-maladresse-de-votre-enfant\/\",\"name\":\"Ne sous-estimez pas la maladresse de votre enfant | Vie Associative\",\"isPartOf\":{\"@id\":\"https:\/\/vieassociative.be\/actualites\/#website\"},\"primaryImageOfPage\":{\"@id\":\"https:\/\/vieassociative.be\/actualites\/ne-sous-estimez-pas-la-maladresse-de-votre-enfant\/#primaryimage\"},\"image\":{\"@id\":\"https:\/\/vieassociative.be\/actualites\/ne-sous-estimez-pas-la-maladresse-de-votre-enfant\/#primaryimage\"},\"thumbnailUrl\":\"https:\/\/vieassociative.be\/actualites\/wp-content\/uploads\/2024\/10\/Ne-sous-estimez-pas-la-maladresse-de-votre-enfant.jpg\",\"datePublished\":\"2024-10-16T19:17:37+00:00\",\"dateModified\":\"2024-10-16T19:17:37+00:00\",\"breadcrumb\":{\"@id\":\"https:\/\/vieassociative.be\/actualites\/ne-sous-estimez-pas-la-maladresse-de-votre-enfant\/#breadcrumb\"},\"inLanguage\":\"fr-BE\",\"potentialAction\":[{\"@type\":\"ReadAction\",\"target\":[\"https:\/\/vieassociative.be\/actualites\/ne-sous-estimez-pas-la-maladresse-de-votre-enfant\/\"]}]},{\"@type\":\"ImageObject\",\"inLanguage\":\"fr-BE\",\"@id\":\"https:\/\/vieassociative.be\/actualites\/ne-sous-estimez-pas-la-maladresse-de-votre-enfant\/#primaryimage\",\"url\":\"https:\/\/vieassociative.be\/actualites\/wp-content\/uploads\/2024\/10\/Ne-sous-estimez-pas-la-maladresse-de-votre-enfant.jpg\",\"contentUrl\":\"https:\/\/vieassociative.be\/actualites\/wp-content\/uploads\/2024\/10\/Ne-sous-estimez-pas-la-maladresse-de-votre-enfant.jpg\",\"width\":1200,\"height\":675,\"caption\":\"Ne sous-estimez pas la maladresse de votre enfant\"},{\"@type\":\"BreadcrumbList\",\"@id\":\"https:\/\/vieassociative.be\/actualites\/ne-sous-estimez-pas-la-maladresse-de-votre-enfant\/#breadcrumb\",\"itemListElement\":[{\"@type\":\"ListItem\",\"position\":1,\"name\":\"Accueil\",\"item\":\"https:\/\/vieassociative.be\/actualites\/\"},{\"@type\":\"ListItem\",\"position\":2,\"name\":\"Ne sous-estimez pas la maladresse de votre enfant\"}]},{\"@type\":\"WebSite\",\"@id\":\"https:\/\/vieassociative.be\/actualites\/#website\",\"url\":\"https:\/\/vieassociative.be\/actualites\/\",\"name\":\"Vie Associative\",\"description\":\"\",\"publisher\":{\"@id\":\"https:\/\/vieassociative.be\/actualites\/#organization\"},\"potentialAction\":[{\"@type\":\"SearchAction\",\"target\":{\"@type\":\"EntryPoint\",\"urlTemplate\":\"https:\/\/vieassociative.be\/actualites\/?s={search_term_string}\"},\"query-input\":{\"@type\":\"PropertyValueSpecification\",\"valueRequired\":true,\"valueName\":\"search_term_string\"}}],\"inLanguage\":\"fr-BE\"},{\"@type\":\"Organization\",\"@id\":\"https:\/\/vieassociative.be\/actualites\/#organization\",\"name\":\"Vie Associative\",\"url\":\"https:\/\/vieassociative.be\/actualites\/\",\"logo\":{\"@type\":\"ImageObject\",\"inLanguage\":\"fr-BE\",\"@id\":\"https:\/\/vieassociative.be\/actualites\/#\/schema\/logo\/image\/\",\"url\":\"https:\/\/vieassociative.be\/actualites\/wp-content\/uploads\/2024\/09\/cropped-vieassociative_favicon.ico.png\",\"contentUrl\":\"https:\/\/vieassociative.be\/actualites\/wp-content\/uploads\/2024\/09\/cropped-vieassociative_favicon.ico.png\",\"width\":512,\"height\":512,\"caption\":\"Vie Associative\"},\"image\":{\"@id\":\"https:\/\/vieassociative.be\/actualites\/#\/schema\/logo\/image\/\"}},{\"@type\":\"Person\",\"@id\":\"https:\/\/vieassociative.be\/actualites\/#\/schema\/person\/b87ac4f82f9d4e7b7cec7395b679edc4\",\"name\":\"Julien\",\"image\":{\"@type\":\"ImageObject\",\"inLanguage\":\"fr-BE\",\"@id\":\"https:\/\/vieassociative.be\/actualites\/#\/schema\/person\/image\/\",\"url\":\"https:\/\/vieassociative.be\/actualites\/wp-content\/uploads\/2024\/09\/vie-associative-1-150x150.jpg\",\"contentUrl\":\"https:\/\/vieassociative.be\/actualites\/wp-content\/uploads\/2024\/09\/vie-associative-1-150x150.jpg\",\"caption\":\"Julien\"},\"description\":\"Je suis Julien, r\u00e9dacteur pour Vie Associative. Passionn\u00e9 par le monde associatif depuis plus de 10 ans, j'ai \u00e0 c\u0153ur de partager des histoires inspirantes et de mettre en lumi\u00e8re les initiatives locales. Mon objectif est de sensibiliser et d'encourager l'engagement communautaire \u00e0 travers mes articles.\",\"sameAs\":[\"https:\/\/vieassociative.be\/\"]}]}<\/script>\n<!-- \/ Yoast SEO plugin. -->","yoast_head_json":{"title":"Ne sous-estimez pas la maladresse de votre enfant | Vie Associative","robots":{"index":"index","follow":"follow","max-snippet":"max-snippet:-1","max-image-preview":"max-image-preview:large","max-video-preview":"max-video-preview:-1"},"canonical":"https:\/\/vieassociative.be\/actualites\/ne-sous-estimez-pas-la-maladresse-de-votre-enfant\/","og_locale":"fr_FR","og_type":"article","og_title":"Ne sous-estimez pas la maladresse de votre enfant | Vie Associative","og_description":"La maladresse peut entra\u00eener un certain nombre de cons\u00e9quences \u00e0 long terme sur un enfant. Voici comment les aider. Qu&rsquo;il s&rsquo;agisse d&rsquo;apprendre \u00e0 ramper, de","og_url":"https:\/\/vieassociative.be\/actualites\/ne-sous-estimez-pas-la-maladresse-de-votre-enfant\/","og_site_name":"Vie Associative","article_published_time":"2024-10-16T19:17:37+00:00","og_image":[{"width":279,"height":92,"url":"https:\/\/vieassociative.be\/actualites\/wp-content\/uploads\/2024\/09\/header_backgroundk-01-e1726694325946.png","type":"image\/png"}],"author":"Julien","twitter_card":"summary_large_image","twitter_misc":{"\u00c9crit par":"Julien","Dur\u00e9e de lecture est.":"5 minutes"},"schema":{"@context":"https:\/\/schema.org","@graph":[{"@type":"Article","@id":"https:\/\/vieassociative.be\/actualites\/ne-sous-estimez-pas-la-maladresse-de-votre-enfant\/#article","isPartOf":{"@id":"https:\/\/vieassociative.be\/actualites\/ne-sous-estimez-pas-la-maladresse-de-votre-enfant\/"},"author":{"name":"Julien","@id":"https:\/\/vieassociative.be\/actualites\/#\/schema\/person\/b87ac4f82f9d4e7b7cec7395b679edc4"},"headline":"Ne sous-estimez pas la maladresse de votre enfant","datePublished":"2024-10-16T19:17:37+00:00","dateModified":"2024-10-16T19:17:37+00:00","mainEntityOfPage":{"@id":"https:\/\/vieassociative.be\/actualites\/ne-sous-estimez-pas-la-maladresse-de-votre-enfant\/"},"wordCount":1027,"publisher":{"@id":"https:\/\/vieassociative.be\/actualites\/#organization"},"image":{"@id":"https:\/\/vieassociative.be\/actualites\/ne-sous-estimez-pas-la-maladresse-de-votre-enfant\/#primaryimage"},"thumbnailUrl":"https:\/\/vieassociative.be\/actualites\/wp-content\/uploads\/2024\/10\/Ne-sous-estimez-pas-la-maladresse-de-votre-enfant.jpg","keywords":["enfant","maladresse","pas","sousestimez","votre"],"articleSection":["Famille"],"inLanguage":"fr-BE"},{"@type":"WebPage","@id":"https:\/\/vieassociative.be\/actualites\/ne-sous-estimez-pas-la-maladresse-de-votre-enfant\/","url":"https:\/\/vieassociative.be\/actualites\/ne-sous-estimez-pas-la-maladresse-de-votre-enfant\/","name":"Ne sous-estimez pas la maladresse de votre enfant | Vie Associative","isPartOf":{"@id":"https:\/\/vieassociative.be\/actualites\/#website"},"primaryImageOfPage":{"@id":"https:\/\/vieassociative.be\/actualites\/ne-sous-estimez-pas-la-maladresse-de-votre-enfant\/#primaryimage"},"image":{"@id":"https:\/\/vieassociative.be\/actualites\/ne-sous-estimez-pas-la-maladresse-de-votre-enfant\/#primaryimage"},"thumbnailUrl":"https:\/\/vieassociative.be\/actualites\/wp-content\/uploads\/2024\/10\/Ne-sous-estimez-pas-la-maladresse-de-votre-enfant.jpg","datePublished":"2024-10-16T19:17:37+00:00","dateModified":"2024-10-16T19:17:37+00:00","breadcrumb":{"@id":"https:\/\/vieassociative.be\/actualites\/ne-sous-estimez-pas-la-maladresse-de-votre-enfant\/#breadcrumb"},"inLanguage":"fr-BE","potentialAction":[{"@type":"ReadAction","target":["https:\/\/vieassociative.be\/actualites\/ne-sous-estimez-pas-la-maladresse-de-votre-enfant\/"]}]},{"@type":"ImageObject","inLanguage":"fr-BE","@id":"https:\/\/vieassociative.be\/actualites\/ne-sous-estimez-pas-la-maladresse-de-votre-enfant\/#primaryimage","url":"https:\/\/vieassociative.be\/actualites\/wp-content\/uploads\/2024\/10\/Ne-sous-estimez-pas-la-maladresse-de-votre-enfant.jpg","contentUrl":"https:\/\/vieassociative.be\/actualites\/wp-content\/uploads\/2024\/10\/Ne-sous-estimez-pas-la-maladresse-de-votre-enfant.jpg","width":1200,"height":675,"caption":"Ne sous-estimez pas la maladresse de votre enfant"},{"@type":"BreadcrumbList","@id":"https:\/\/vieassociative.be\/actualites\/ne-sous-estimez-pas-la-maladresse-de-votre-enfant\/#breadcrumb","itemListElement":[{"@type":"ListItem","position":1,"name":"Accueil","item":"https:\/\/vieassociative.be\/actualites\/"},{"@type":"ListItem","position":2,"name":"Ne sous-estimez pas la maladresse de votre enfant"}]},{"@type":"WebSite","@id":"https:\/\/vieassociative.be\/actualites\/#website","url":"https:\/\/vieassociative.be\/actualites\/","name":"Vie Associative","description":"","publisher":{"@id":"https:\/\/vieassociative.be\/actualites\/#organization"},"potentialAction":[{"@type":"SearchAction","target":{"@type":"EntryPoint","urlTemplate":"https:\/\/vieassociative.be\/actualites\/?s={search_term_string}"},"query-input":{"@type":"PropertyValueSpecification","valueRequired":true,"valueName":"search_term_string"}}],"inLanguage":"fr-BE"},{"@type":"Organization","@id":"https:\/\/vieassociative.be\/actualites\/#organization","name":"Vie Associative","url":"https:\/\/vieassociative.be\/actualites\/","logo":{"@type":"ImageObject","inLanguage":"fr-BE","@id":"https:\/\/vieassociative.be\/actualites\/#\/schema\/logo\/image\/","url":"https:\/\/vieassociative.be\/actualites\/wp-content\/uploads\/2024\/09\/cropped-vieassociative_favicon.ico.png","contentUrl":"https:\/\/vieassociative.be\/actualites\/wp-content\/uploads\/2024\/09\/cropped-vieassociative_favicon.ico.png","width":512,"height":512,"caption":"Vie Associative"},"image":{"@id":"https:\/\/vieassociative.be\/actualites\/#\/schema\/logo\/image\/"}},{"@type":"Person","@id":"https:\/\/vieassociative.be\/actualites\/#\/schema\/person\/b87ac4f82f9d4e7b7cec7395b679edc4","name":"Julien","image":{"@type":"ImageObject","inLanguage":"fr-BE","@id":"https:\/\/vieassociative.be\/actualites\/#\/schema\/person\/image\/","url":"https:\/\/vieassociative.be\/actualites\/wp-content\/uploads\/2024\/09\/vie-associative-1-150x150.jpg","contentUrl":"https:\/\/vieassociative.be\/actualites\/wp-content\/uploads\/2024\/09\/vie-associative-1-150x150.jpg","caption":"Julien"},"description":"Je suis Julien, r\u00e9dacteur pour Vie Associative. Passionn\u00e9 par le monde associatif depuis plus de 10 ans, j'ai \u00e0 c\u0153ur de partager des histoires inspirantes et de mettre en lumi\u00e8re les initiatives locales. Mon objectif est de sensibiliser et d'encourager l'engagement communautaire \u00e0 travers mes articles.","sameAs":["https:\/\/vieassociative.be\/"]}]}},"_links":{"self":[{"href":"https:\/\/vieassociative.be\/actualites\/wp-json\/wp\/v2\/posts\/1301"}],"collection":[{"href":"https:\/\/vieassociative.be\/actualites\/wp-json\/wp\/v2\/posts"}],"about":[{"href":"https:\/\/vieassociative.be\/actualites\/wp-json\/wp\/v2\/types\/post"}],"author":[{"embeddable":true,"href":"https:\/\/vieassociative.be\/actualites\/wp-json\/wp\/v2\/users\/1"}],"replies":[{"embeddable":true,"href":"https:\/\/vieassociative.be\/actualites\/wp-json\/wp\/v2\/comments?post=1301"}],"version-history":[{"count":0,"href":"https:\/\/vieassociative.be\/actualites\/wp-json\/wp\/v2\/posts\/1301\/revisions"}],"wp:featuredmedia":[{"embeddable":true,"href":"https:\/\/vieassociative.be\/actualites\/wp-json\/wp\/v2\/media\/1302"}],"wp:attachment":[{"href":"https:\/\/vieassociative.be\/actualites\/wp-json\/wp\/v2\/media?parent=1301"}],"wp:term":[{"taxonomy":"category","embeddable":true,"href":"https:\/\/vieassociative.be\/actualites\/wp-json\/wp\/v2\/categories?post=1301"},{"taxonomy":"post_tag","embeddable":true,"href":"https:\/\/vieassociative.be\/actualites\/wp-json\/wp\/v2\/tags?post=1301"}],"curies":[{"name":"wp","href":"https:\/\/api.w.org\/{rel}","templated":true}]}}