{"id":13006,"date":"2026-03-13T10:17:42","date_gmt":"2026-03-13T09:17:42","guid":{"rendered":"https:\/\/vieassociative.be\/actualites\/le-tourisme-en-tank-suscite-du-ressentiment-dans-lest-de-la-belgique\/"},"modified":"2026-03-13T10:17:42","modified_gmt":"2026-03-13T09:17:42","slug":"le-tourisme-en-tank-suscite-du-ressentiment-dans-lest-de-la-belgique","status":"publish","type":"post","link":"https:\/\/vieassociative.be\/actualites\/le-tourisme-en-tank-suscite-du-ressentiment-dans-lest-de-la-belgique\/","title":{"rendered":"Le tourisme en tank suscite du ressentiment dans l\u2019Est de la Belgique"},"content":{"rendered":"<p><strong>MISE \u00c0 JOUR &#8211; Les prix nettement plus \u00e9lev\u00e9s du carburant en Allemagne entra\u00eenent actuellement une augmentation du tourisme p\u00e9trolier de la r\u00e9gion d&rsquo;Aix-la-Chapelle vers l&rsquo;est de la Belgique. Les stations-service proches de la fronti\u00e8re connaissent notamment un fort afflux de conducteurs allemands souhaitant profiter des prix plus bas en Belgique. Il en r\u00e9sulte de longues files d\u2019attente et des tensions croissantes sur place.<\/strong><\/p>\n<p><span id=\"more-437516\"><\/span>La zone de police de Weser-G\u00f6hl a signal\u00e9 d\u00e8s le 5 mars la situation tendue. Leur rapport indique : \u00ab\u00a0En raison de l&rsquo;affluence accrue dans les stations-service, des probl\u00e8mes de circulation et des probl\u00e8mes entre les personnes sur place se sont produits \u00e0 plusieurs reprises. Les services de la zone de police de Weser-G\u00f6hl ont d\u00fb intervenir \u00e0 plusieurs reprises.\u00a0\u00bb<\/p>\n<p>Selon la police, il y a des retards de circulation autour des stations-service, surtout aux heures de pointe. Les v\u00e9hicules attendent parfois d&rsquo;atteindre les rues adjacentes, ce qui affecte la fluidit\u00e9 de la circulation. En outre, des conflits entre conducteurs ont \u00e9t\u00e9 signal\u00e9s \u00e0 plusieurs reprises, par exemple en raison de pouss\u00e9es, de pouss\u00e9es ou de longs d\u00e9lais d&rsquo;attente.<\/p>\n<\/p>\n<div id=\"attachment_437384\" class=\"wp-caption alignleft\" style=\"max-width: 300px\"><img fetchpriority=\"high\" decoding=\"async\" class=\"wp-image-437384 size-medium\" src=\"https:\/\/vieassociative.be\/actualites\/wp-content\/uploads\/2026\/03\/Le-PTB-veut-geler-les-prix-du-carburant-dans-les.jpg\" alt=\"\" width=\"300\" height=\"225\"><\/div>\n<p>Pendant ce temps, le m\u00e9contentement se r\u00e9pand, notamment parmi les conducteurs belges. Si les exploitants de stations-service profitent de la demande accrue, la forte affluence entra\u00eene \u00e9galement des difficult\u00e9s d&rsquo;organisation. Cependant, la situation devient de plus en plus frustrante pour de nombreux conducteurs belges, car ils doivent parfois attendre beaucoup plus longtemps pour faire le plein de leur v\u00e9hicule.<\/p>\n<p>\u00c0 l&rsquo;aire TotalEnergies d&rsquo;Eynatten, vous ne pouvez m\u00eame pas vous rendre au restaurant ou au magasin sans encombre car des dizaines de voitures immatricul\u00e9es \u00e0 Aix-la-Chapelle bloquent l&rsquo;entr\u00e9e et la sortie. De plus, des quasi-accidents se produisent souvent dans l&rsquo;Aachener Stra\u00dfe, car la voie de droite est occup\u00e9e par des v\u00e9hicules en attente.<\/p>\n<p>La police appelle donc tous les usagers de la route \u00e0 faire preuve de prudence et \u00e0 respecter le code de la route aux abords des stations-service.<\/p>\n<p>L&rsquo;am\u00e9lioration de la situation dans les semaines \u00e0 venir d\u00e9pend avant tout de l&rsquo;\u00e9volution future des prix du carburant en Allemagne et en Belgique. Tant que la diff\u00e9rence de prix persistera, le tourisme p\u00e9trolier continuera probablement \u00e0 garantir des pompes \u00e0 essence pleines et des d\u00e9ploiements de police suppl\u00e9mentaires.<\/p>\n<p>Les prix du carburant en Allemagne ont r\u00e9cemment augment\u00e9 encore plus rapidement que dans les pays voisins et stimulent le tourisme p\u00e9trolier. Le diesel et l\u2019essence super sont parfois plus de 50 centimes moins chers \u00e0 l\u2019\u00e9tranger que la moyenne allemande.<\/p>\n<p>En Belgique, l&rsquo;essence co\u00fbte plus de 40 centimes et le diesel, plus de 30 centimes moins cher qu&rsquo;en Allemagne. Dans ce pays, chaque jour ouvrable, un prix maximum est fix\u00e9 pour l&rsquo;essence, le diesel et d&rsquo;autres produits p\u00e9troliers, prix qui, selon le minist\u00e8re de l&rsquo;\u00c9conomie, est souvent inf\u00e9rieur aux prix des fournisseurs. Le m\u00e9canisme de d\u00e9termination des prix maximaux existe depuis 1974 et est une cons\u00e9quence de la crise p\u00e9troli\u00e8re. (cr\u00e9\/dpa)<\/p>\n<p><em><strong>Sur le sujet, voir aussi les articles suivants sur l&rsquo;OD :<\/strong><\/em><\/p>\n<div class=\"responsive-embed widescreen\">\n<blockquote class=\"wp-embedded-content\" data-secret=\"ewrfIOg6hm\">\n<p>\u00ab Folie du carburant \u00bb dans les stations-service de l\u2019Est de la Belgique \u2013 \u00c0 Eupen, il y a eu un diff\u00e9rend sur l\u2019ordre de ravitaillement<\/p>\n<\/blockquote>\n<p><iframe loading=\"lazy\" class=\"wp-embedded-content\" sandbox=\"allow-scripts\" security=\"restricted\" style=\"position: absolute; visibility: hidden;\" title=\"\u201e\u201eSprit-Wahnsinn\u201c an ostbelgischen Tankstellen \u2013 In Eupen gab es Streit \u00fcber Reihenfolge des Betankens\u201c \u2013 Ostbelgien Direkt\" src=\"https:\/\/ostbelgiendirekt.be\/about:blank\" data-secret=\"ewrfIOg6hm\" width=\"500\" height=\"282\" frameborder=\"0\" marginwidth=\"0\" marginheight=\"0\" scrolling=\"no\" data-rocket-lazyload=\"fitvidscompatible\" data-lazy-src=\"https:\/\/ostbelgiendirekt.be\/iran-oelpreise-steigen-437329\/embed#?secret=Wj062kPiKo#?secret=ewrfIOg6hm\"><\/iframe><noscript><iframe class=\"wp-embedded-content\" sandbox=\"allow-scripts\" security=\"restricted\" style=\"position: absolute; visibility: hidden;\" title=\"\u201e\u201eSprit-Wahnsinn\u201c an ostbelgischen Tankstellen \u2013 In Eupen gab es Streit \u00fcber Reihenfolge des Betankens\u201c \u2013 Ostbelgien Direkt\" src=\"https:\/\/ostbelgiendirekt.be\/iran-oelpreise-steigen-437329\/embed#?secret=Wj062kPiKo#?secret=ewrfIOg6hm\" data-secret=\"ewrfIOg6hm\" width=\"500\" height=\"282\" frameborder=\"0\" marginwidth=\"0\" marginheight=\"0\" scrolling=\"no\"><\/iframe><\/noscript><\/p>\n<\/div>\n<div class=\"responsive-embed widescreen\">\n<blockquote class=\"wp-embedded-content\" data-secret=\"wSOM3QMiP3\">\n<p>Le PTB veut geler les prix du carburant dans les stations-service \u2013 critique du gouvernement et des multinationales<\/p>\n<\/blockquote>\n<p><iframe loading=\"lazy\" class=\"wp-embedded-content\" sandbox=\"allow-scripts\" security=\"restricted\" style=\"position: absolute; visibility: hidden;\" title=\"\u201ePTB will Kraftstoffpreis an den Tankstellen einfrieren \u2013 Kritik an Regierung und multinationalen Konzernen\u201c \u2013 Ostbelgien Direkt\" src=\"https:\/\/ostbelgiendirekt.be\/about:blank\" data-secret=\"wSOM3QMiP3\" width=\"500\" height=\"282\" frameborder=\"0\" marginwidth=\"0\" marginheight=\"0\" scrolling=\"no\" data-rocket-lazyload=\"fitvidscompatible\" data-lazy-src=\"https:\/\/ostbelgiendirekt.be\/ptb-kraftstoffpreis-einfrieren-437382\/embed#?secret=yi2M4ltd6t#?secret=wSOM3QMiP3\"><\/iframe><noscript><iframe class=\"wp-embedded-content\" sandbox=\"allow-scripts\" security=\"restricted\" style=\"position: absolute; visibility: hidden;\" title=\"\u201ePTB will Kraftstoffpreis an den Tankstellen einfrieren \u2013 Kritik an Regierung und multinationalen Konzernen\u201c \u2013 Ostbelgien Direkt\" src=\"https:\/\/ostbelgiendirekt.be\/ptb-kraftstoffpreis-einfrieren-437382\/embed#?secret=yi2M4ltd6t#?secret=wSOM3QMiP3\" data-secret=\"wSOM3QMiP3\" width=\"500\" height=\"282\" frameborder=\"0\" marginwidth=\"0\" marginheight=\"0\" scrolling=\"no\"><\/iframe><\/noscript><\/p>\n<\/div>\n","protected":false},"excerpt":{"rendered":"<p>MISE \u00c0 JOUR &#8211; Les prix nettement plus \u00e9lev\u00e9s du carburant en Allemagne entra\u00eenent actuellement une augmentation du tourisme p\u00e9trolier de la r\u00e9gion d&rsquo;Aix-la-Chapelle vers<\/p>\n","protected":false},"author":1,"featured_media":13007,"comment_status":"","ping_status":"","sticky":false,"template":"","format":"standard","meta":{"footnotes":""},"categories":[298],"tags":[383,166,10236,9393,10235,8098],"class_list":["post-13006","post","type-post","status-publish","format-standard","has-post-thumbnail","hentry","category-belgique","tag-belgique","tag-dans","tag-ressentiment","tag-suscite","tag-tank","tag-tourisme","generate-columns","tablet-grid-50","mobile-grid-100","grid-parent","grid-33"],"yoast_head":"<!-- This site is optimized with the Yoast SEO plugin v24.0 - https:\/\/yoast.com\/wordpress\/plugins\/seo\/ -->\n<title>Le tourisme en tank suscite du ressentiment dans l\u2019Est de la Belgique | Vie Associative<\/title>\n<meta name=\"robots\" content=\"index, follow, max-snippet:-1, max-image-preview:large, max-video-preview:-1\" \/>\n<link rel=\"canonical\" href=\"https:\/\/vieassociative.be\/actualites\/le-tourisme-en-tank-suscite-du-ressentiment-dans-lest-de-la-belgique\/\" \/>\n<meta property=\"og:locale\" content=\"fr_FR\" \/>\n<meta property=\"og:type\" content=\"article\" \/>\n<meta property=\"og:title\" content=\"Le tourisme en tank suscite du ressentiment dans l\u2019Est de la Belgique | Vie Associative\" \/>\n<meta property=\"og:description\" content=\"MISE \u00c0 JOUR &#8211; Les prix nettement plus \u00e9lev\u00e9s du carburant en Allemagne entra\u00eenent actuellement une augmentation du tourisme p\u00e9trolier de la r\u00e9gion d&rsquo;Aix-la-Chapelle vers\" \/>\n<meta property=\"og:url\" content=\"https:\/\/vieassociative.be\/actualites\/le-tourisme-en-tank-suscite-du-ressentiment-dans-lest-de-la-belgique\/\" \/>\n<meta property=\"og:site_name\" content=\"Vie Associative\" \/>\n<meta property=\"article:published_time\" content=\"2026-03-13T09:17:42+00:00\" \/>\n<meta property=\"og:image\" content=\"https:\/\/vieassociative.be\/actualites\/wp-content\/uploads\/2024\/09\/header_backgroundk-01-e1726694325946.png\" \/>\n\t<meta property=\"og:image:width\" content=\"279\" \/>\n\t<meta property=\"og:image:height\" content=\"92\" \/>\n\t<meta property=\"og:image:type\" content=\"image\/png\" \/>\n<meta name=\"author\" content=\"Julien\" \/>\n<meta name=\"twitter:card\" content=\"summary_large_image\" \/>\n<meta name=\"twitter:label1\" content=\"\u00c9crit par\" \/>\n\t<meta name=\"twitter:data1\" content=\"Julien\" \/>\n\t<meta name=\"twitter:label2\" content=\"Dur\u00e9e de lecture est.\" \/>\n\t<meta name=\"twitter:data2\" content=\"3 minutes\" \/>\n<script type=\"application\/ld+json\" class=\"yoast-schema-graph\">{\"@context\":\"https:\/\/schema.org\",\"@graph\":[{\"@type\":\"Article\",\"@id\":\"https:\/\/vieassociative.be\/actualites\/le-tourisme-en-tank-suscite-du-ressentiment-dans-lest-de-la-belgique\/#article\",\"isPartOf\":{\"@id\":\"https:\/\/vieassociative.be\/actualites\/le-tourisme-en-tank-suscite-du-ressentiment-dans-lest-de-la-belgique\/\"},\"author\":{\"name\":\"Julien\",\"@id\":\"https:\/\/vieassociative.be\/actualites\/#\/schema\/person\/b87ac4f82f9d4e7b7cec7395b679edc4\"},\"headline\":\"Le tourisme en tank suscite du ressentiment dans l\u2019Est de la Belgique\",\"datePublished\":\"2026-03-13T09:17:42+00:00\",\"dateModified\":\"2026-03-13T09:17:42+00:00\",\"mainEntityOfPage\":{\"@id\":\"https:\/\/vieassociative.be\/actualites\/le-tourisme-en-tank-suscite-du-ressentiment-dans-lest-de-la-belgique\/\"},\"wordCount\":596,\"publisher\":{\"@id\":\"https:\/\/vieassociative.be\/actualites\/#organization\"},\"image\":{\"@id\":\"https:\/\/vieassociative.be\/actualites\/le-tourisme-en-tank-suscite-du-ressentiment-dans-lest-de-la-belgique\/#primaryimage\"},\"thumbnailUrl\":\"https:\/\/vieassociative.be\/actualites\/wp-content\/uploads\/2026\/03\/Le-tourisme-en-tank-suscite-du-ressentiment-dans-lEst-de.jpg\",\"keywords\":[\"Belgique\",\"dans\",\"ressentiment\",\"suscite\",\"tank\",\"tourisme\"],\"articleSection\":[\"Belgique\"],\"inLanguage\":\"fr-BE\"},{\"@type\":\"WebPage\",\"@id\":\"https:\/\/vieassociative.be\/actualites\/le-tourisme-en-tank-suscite-du-ressentiment-dans-lest-de-la-belgique\/\",\"url\":\"https:\/\/vieassociative.be\/actualites\/le-tourisme-en-tank-suscite-du-ressentiment-dans-lest-de-la-belgique\/\",\"name\":\"Le tourisme en tank suscite du ressentiment dans l\u2019Est de la Belgique | Vie Associative\",\"isPartOf\":{\"@id\":\"https:\/\/vieassociative.be\/actualites\/#website\"},\"primaryImageOfPage\":{\"@id\":\"https:\/\/vieassociative.be\/actualites\/le-tourisme-en-tank-suscite-du-ressentiment-dans-lest-de-la-belgique\/#primaryimage\"},\"image\":{\"@id\":\"https:\/\/vieassociative.be\/actualites\/le-tourisme-en-tank-suscite-du-ressentiment-dans-lest-de-la-belgique\/#primaryimage\"},\"thumbnailUrl\":\"https:\/\/vieassociative.be\/actualites\/wp-content\/uploads\/2026\/03\/Le-tourisme-en-tank-suscite-du-ressentiment-dans-lEst-de.jpg\",\"datePublished\":\"2026-03-13T09:17:42+00:00\",\"dateModified\":\"2026-03-13T09:17:42+00:00\",\"breadcrumb\":{\"@id\":\"https:\/\/vieassociative.be\/actualites\/le-tourisme-en-tank-suscite-du-ressentiment-dans-lest-de-la-belgique\/#breadcrumb\"},\"inLanguage\":\"fr-BE\",\"potentialAction\":[{\"@type\":\"ReadAction\",\"target\":[\"https:\/\/vieassociative.be\/actualites\/le-tourisme-en-tank-suscite-du-ressentiment-dans-lest-de-la-belgique\/\"]}]},{\"@type\":\"ImageObject\",\"inLanguage\":\"fr-BE\",\"@id\":\"https:\/\/vieassociative.be\/actualites\/le-tourisme-en-tank-suscite-du-ressentiment-dans-lest-de-la-belgique\/#primaryimage\",\"url\":\"https:\/\/vieassociative.be\/actualites\/wp-content\/uploads\/2026\/03\/Le-tourisme-en-tank-suscite-du-ressentiment-dans-lEst-de.jpg\",\"contentUrl\":\"https:\/\/vieassociative.be\/actualites\/wp-content\/uploads\/2026\/03\/Le-tourisme-en-tank-suscite-du-ressentiment-dans-lEst-de.jpg\",\"width\":1200,\"height\":800,\"caption\":\"Le tourisme en tank suscite du ressentiment dans l\u2019Est de la Belgique\"},{\"@type\":\"BreadcrumbList\",\"@id\":\"https:\/\/vieassociative.be\/actualites\/le-tourisme-en-tank-suscite-du-ressentiment-dans-lest-de-la-belgique\/#breadcrumb\",\"itemListElement\":[{\"@type\":\"ListItem\",\"position\":1,\"name\":\"Accueil\",\"item\":\"https:\/\/vieassociative.be\/actualites\/\"},{\"@type\":\"ListItem\",\"position\":2,\"name\":\"Le tourisme en tank suscite du ressentiment dans l\u2019Est de la Belgique\"}]},{\"@type\":\"WebSite\",\"@id\":\"https:\/\/vieassociative.be\/actualites\/#website\",\"url\":\"https:\/\/vieassociative.be\/actualites\/\",\"name\":\"Vie Associative\",\"description\":\"\",\"publisher\":{\"@id\":\"https:\/\/vieassociative.be\/actualites\/#organization\"},\"potentialAction\":[{\"@type\":\"SearchAction\",\"target\":{\"@type\":\"EntryPoint\",\"urlTemplate\":\"https:\/\/vieassociative.be\/actualites\/?s={search_term_string}\"},\"query-input\":{\"@type\":\"PropertyValueSpecification\",\"valueRequired\":true,\"valueName\":\"search_term_string\"}}],\"inLanguage\":\"fr-BE\"},{\"@type\":\"Organization\",\"@id\":\"https:\/\/vieassociative.be\/actualites\/#organization\",\"name\":\"Vie Associative\",\"url\":\"https:\/\/vieassociative.be\/actualites\/\",\"logo\":{\"@type\":\"ImageObject\",\"inLanguage\":\"fr-BE\",\"@id\":\"https:\/\/vieassociative.be\/actualites\/#\/schema\/logo\/image\/\",\"url\":\"https:\/\/vieassociative.be\/actualites\/wp-content\/uploads\/2024\/09\/cropped-vieassociative_favicon.ico.png\",\"contentUrl\":\"https:\/\/vieassociative.be\/actualites\/wp-content\/uploads\/2024\/09\/cropped-vieassociative_favicon.ico.png\",\"width\":512,\"height\":512,\"caption\":\"Vie Associative\"},\"image\":{\"@id\":\"https:\/\/vieassociative.be\/actualites\/#\/schema\/logo\/image\/\"}},{\"@type\":\"Person\",\"@id\":\"https:\/\/vieassociative.be\/actualites\/#\/schema\/person\/b87ac4f82f9d4e7b7cec7395b679edc4\",\"name\":\"Julien\",\"image\":{\"@type\":\"ImageObject\",\"inLanguage\":\"fr-BE\",\"@id\":\"https:\/\/vieassociative.be\/actualites\/#\/schema\/person\/image\/\",\"url\":\"https:\/\/vieassociative.be\/actualites\/wp-content\/uploads\/2024\/09\/vie-associative-1-150x150.jpg\",\"contentUrl\":\"https:\/\/vieassociative.be\/actualites\/wp-content\/uploads\/2024\/09\/vie-associative-1-150x150.jpg\",\"caption\":\"Julien\"},\"description\":\"Je suis Julien, r\u00e9dacteur pour Vie Associative. Passionn\u00e9 par le monde associatif depuis plus de 10 ans, j'ai \u00e0 c\u0153ur de partager des histoires inspirantes et de mettre en lumi\u00e8re les initiatives locales. Mon objectif est de sensibiliser et d'encourager l'engagement communautaire \u00e0 travers mes articles.\",\"sameAs\":[\"https:\/\/vieassociative.be\/\"]}]}<\/script>\n<!-- \/ Yoast SEO plugin. -->","yoast_head_json":{"title":"Le tourisme en tank suscite du ressentiment dans l\u2019Est de la Belgique | Vie Associative","robots":{"index":"index","follow":"follow","max-snippet":"max-snippet:-1","max-image-preview":"max-image-preview:large","max-video-preview":"max-video-preview:-1"},"canonical":"https:\/\/vieassociative.be\/actualites\/le-tourisme-en-tank-suscite-du-ressentiment-dans-lest-de-la-belgique\/","og_locale":"fr_FR","og_type":"article","og_title":"Le tourisme en tank suscite du ressentiment dans l\u2019Est de la Belgique | Vie Associative","og_description":"MISE \u00c0 JOUR &#8211; Les prix nettement plus \u00e9lev\u00e9s du carburant en Allemagne entra\u00eenent actuellement une augmentation du tourisme p\u00e9trolier de la r\u00e9gion d&rsquo;Aix-la-Chapelle vers","og_url":"https:\/\/vieassociative.be\/actualites\/le-tourisme-en-tank-suscite-du-ressentiment-dans-lest-de-la-belgique\/","og_site_name":"Vie Associative","article_published_time":"2026-03-13T09:17:42+00:00","og_image":[{"width":279,"height":92,"url":"https:\/\/vieassociative.be\/actualites\/wp-content\/uploads\/2024\/09\/header_backgroundk-01-e1726694325946.png","type":"image\/png"}],"author":"Julien","twitter_card":"summary_large_image","twitter_misc":{"\u00c9crit par":"Julien","Dur\u00e9e de lecture est.":"3 minutes"},"schema":{"@context":"https:\/\/schema.org","@graph":[{"@type":"Article","@id":"https:\/\/vieassociative.be\/actualites\/le-tourisme-en-tank-suscite-du-ressentiment-dans-lest-de-la-belgique\/#article","isPartOf":{"@id":"https:\/\/vieassociative.be\/actualites\/le-tourisme-en-tank-suscite-du-ressentiment-dans-lest-de-la-belgique\/"},"author":{"name":"Julien","@id":"https:\/\/vieassociative.be\/actualites\/#\/schema\/person\/b87ac4f82f9d4e7b7cec7395b679edc4"},"headline":"Le tourisme en tank suscite du ressentiment dans l\u2019Est de la Belgique","datePublished":"2026-03-13T09:17:42+00:00","dateModified":"2026-03-13T09:17:42+00:00","mainEntityOfPage":{"@id":"https:\/\/vieassociative.be\/actualites\/le-tourisme-en-tank-suscite-du-ressentiment-dans-lest-de-la-belgique\/"},"wordCount":596,"publisher":{"@id":"https:\/\/vieassociative.be\/actualites\/#organization"},"image":{"@id":"https:\/\/vieassociative.be\/actualites\/le-tourisme-en-tank-suscite-du-ressentiment-dans-lest-de-la-belgique\/#primaryimage"},"thumbnailUrl":"https:\/\/vieassociative.be\/actualites\/wp-content\/uploads\/2026\/03\/Le-tourisme-en-tank-suscite-du-ressentiment-dans-lEst-de.jpg","keywords":["Belgique","dans","ressentiment","suscite","tank","tourisme"],"articleSection":["Belgique"],"inLanguage":"fr-BE"},{"@type":"WebPage","@id":"https:\/\/vieassociative.be\/actualites\/le-tourisme-en-tank-suscite-du-ressentiment-dans-lest-de-la-belgique\/","url":"https:\/\/vieassociative.be\/actualites\/le-tourisme-en-tank-suscite-du-ressentiment-dans-lest-de-la-belgique\/","name":"Le tourisme en tank suscite du ressentiment dans l\u2019Est de la Belgique | Vie Associative","isPartOf":{"@id":"https:\/\/vieassociative.be\/actualites\/#website"},"primaryImageOfPage":{"@id":"https:\/\/vieassociative.be\/actualites\/le-tourisme-en-tank-suscite-du-ressentiment-dans-lest-de-la-belgique\/#primaryimage"},"image":{"@id":"https:\/\/vieassociative.be\/actualites\/le-tourisme-en-tank-suscite-du-ressentiment-dans-lest-de-la-belgique\/#primaryimage"},"thumbnailUrl":"https:\/\/vieassociative.be\/actualites\/wp-content\/uploads\/2026\/03\/Le-tourisme-en-tank-suscite-du-ressentiment-dans-lEst-de.jpg","datePublished":"2026-03-13T09:17:42+00:00","dateModified":"2026-03-13T09:17:42+00:00","breadcrumb":{"@id":"https:\/\/vieassociative.be\/actualites\/le-tourisme-en-tank-suscite-du-ressentiment-dans-lest-de-la-belgique\/#breadcrumb"},"inLanguage":"fr-BE","potentialAction":[{"@type":"ReadAction","target":["https:\/\/vieassociative.be\/actualites\/le-tourisme-en-tank-suscite-du-ressentiment-dans-lest-de-la-belgique\/"]}]},{"@type":"ImageObject","inLanguage":"fr-BE","@id":"https:\/\/vieassociative.be\/actualites\/le-tourisme-en-tank-suscite-du-ressentiment-dans-lest-de-la-belgique\/#primaryimage","url":"https:\/\/vieassociative.be\/actualites\/wp-content\/uploads\/2026\/03\/Le-tourisme-en-tank-suscite-du-ressentiment-dans-lEst-de.jpg","contentUrl":"https:\/\/vieassociative.be\/actualites\/wp-content\/uploads\/2026\/03\/Le-tourisme-en-tank-suscite-du-ressentiment-dans-lEst-de.jpg","width":1200,"height":800,"caption":"Le tourisme en tank suscite du ressentiment dans l\u2019Est de la Belgique"},{"@type":"BreadcrumbList","@id":"https:\/\/vieassociative.be\/actualites\/le-tourisme-en-tank-suscite-du-ressentiment-dans-lest-de-la-belgique\/#breadcrumb","itemListElement":[{"@type":"ListItem","position":1,"name":"Accueil","item":"https:\/\/vieassociative.be\/actualites\/"},{"@type":"ListItem","position":2,"name":"Le tourisme en tank suscite du ressentiment dans l\u2019Est de la Belgique"}]},{"@type":"WebSite","@id":"https:\/\/vieassociative.be\/actualites\/#website","url":"https:\/\/vieassociative.be\/actualites\/","name":"Vie Associative","description":"","publisher":{"@id":"https:\/\/vieassociative.be\/actualites\/#organization"},"potentialAction":[{"@type":"SearchAction","target":{"@type":"EntryPoint","urlTemplate":"https:\/\/vieassociative.be\/actualites\/?s={search_term_string}"},"query-input":{"@type":"PropertyValueSpecification","valueRequired":true,"valueName":"search_term_string"}}],"inLanguage":"fr-BE"},{"@type":"Organization","@id":"https:\/\/vieassociative.be\/actualites\/#organization","name":"Vie Associative","url":"https:\/\/vieassociative.be\/actualites\/","logo":{"@type":"ImageObject","inLanguage":"fr-BE","@id":"https:\/\/vieassociative.be\/actualites\/#\/schema\/logo\/image\/","url":"https:\/\/vieassociative.be\/actualites\/wp-content\/uploads\/2024\/09\/cropped-vieassociative_favicon.ico.png","contentUrl":"https:\/\/vieassociative.be\/actualites\/wp-content\/uploads\/2024\/09\/cropped-vieassociative_favicon.ico.png","width":512,"height":512,"caption":"Vie Associative"},"image":{"@id":"https:\/\/vieassociative.be\/actualites\/#\/schema\/logo\/image\/"}},{"@type":"Person","@id":"https:\/\/vieassociative.be\/actualites\/#\/schema\/person\/b87ac4f82f9d4e7b7cec7395b679edc4","name":"Julien","image":{"@type":"ImageObject","inLanguage":"fr-BE","@id":"https:\/\/vieassociative.be\/actualites\/#\/schema\/person\/image\/","url":"https:\/\/vieassociative.be\/actualites\/wp-content\/uploads\/2024\/09\/vie-associative-1-150x150.jpg","contentUrl":"https:\/\/vieassociative.be\/actualites\/wp-content\/uploads\/2024\/09\/vie-associative-1-150x150.jpg","caption":"Julien"},"description":"Je suis Julien, r\u00e9dacteur pour Vie Associative. Passionn\u00e9 par le monde associatif depuis plus de 10 ans, j'ai \u00e0 c\u0153ur de partager des histoires inspirantes et de mettre en lumi\u00e8re les initiatives locales. Mon objectif est de sensibiliser et d'encourager l'engagement communautaire \u00e0 travers mes articles.","sameAs":["https:\/\/vieassociative.be\/"]}]}},"_links":{"self":[{"href":"https:\/\/vieassociative.be\/actualites\/wp-json\/wp\/v2\/posts\/13006"}],"collection":[{"href":"https:\/\/vieassociative.be\/actualites\/wp-json\/wp\/v2\/posts"}],"about":[{"href":"https:\/\/vieassociative.be\/actualites\/wp-json\/wp\/v2\/types\/post"}],"author":[{"embeddable":true,"href":"https:\/\/vieassociative.be\/actualites\/wp-json\/wp\/v2\/users\/1"}],"replies":[{"embeddable":true,"href":"https:\/\/vieassociative.be\/actualites\/wp-json\/wp\/v2\/comments?post=13006"}],"version-history":[{"count":0,"href":"https:\/\/vieassociative.be\/actualites\/wp-json\/wp\/v2\/posts\/13006\/revisions"}],"wp:featuredmedia":[{"embeddable":true,"href":"https:\/\/vieassociative.be\/actualites\/wp-json\/wp\/v2\/media\/13007"}],"wp:attachment":[{"href":"https:\/\/vieassociative.be\/actualites\/wp-json\/wp\/v2\/media?parent=13006"}],"wp:term":[{"taxonomy":"category","embeddable":true,"href":"https:\/\/vieassociative.be\/actualites\/wp-json\/wp\/v2\/categories?post=13006"},{"taxonomy":"post_tag","embeddable":true,"href":"https:\/\/vieassociative.be\/actualites\/wp-json\/wp\/v2\/tags?post=13006"}],"curies":[{"name":"wp","href":"https:\/\/api.w.org\/{rel}","templated":true}]}}