{"id":13002,"date":"2026-03-13T04:16:56","date_gmt":"2026-03-13T03:16:56","guid":{"rendered":"https:\/\/vieassociative.be\/actualites\/le-krc-genk-remporte-le-duel-pour-la-huitieme-place-contre-fribourg-1-0-en-huitiemes-de-finale-de-la-ligue-europa\/"},"modified":"2026-03-13T04:16:56","modified_gmt":"2026-03-13T03:16:56","slug":"le-krc-genk-remporte-le-duel-pour-la-huitieme-place-contre-fribourg-1-0-en-huitiemes-de-finale-de-la-ligue-europa","status":"publish","type":"post","link":"https:\/\/vieassociative.be\/actualites\/le-krc-genk-remporte-le-duel-pour-la-huitieme-place-contre-fribourg-1-0-en-huitiemes-de-finale-de-la-ligue-europa\/","title":{"rendered":"Le KRC Genk remporte le duel pour la huiti\u00e8me place contre Fribourg 1-0 en huiti\u00e8mes de finale de la Ligue Europa"},"content":{"rendered":"<p><strong>Le KRC Genk a remport\u00e9 de justesse le premier duel entre l&rsquo;\u00e9quipe huiti\u00e8me de la Jupiler Pro League et l&rsquo;\u00e9quipe huiti\u00e8me de la Bundesliga : les Limbourgeois ont battu le SC Freiburg 1-0 lors du match aller des huiti\u00e8mes de finale de la Ligue Europa. La d\u00e9cision sera prise lors du match retour dans une semaine \u00e0 Breisgau (18h45 \/ en direct sur RTBF2 \u00ab Tipik \u00bb et RTL).<\/strong><\/p>\n<p><span id=\"more-437525\"><\/span>Zakaria El Ouahdi a inscrit l&rsquo;unique but de la soir\u00e9e (24e minute) apr\u00e8s un remarquable une-deux avec Bryan Heynen. Apr\u00e8s une prestation globalement d\u00e9pourvue d&rsquo;imagination, Fribourg a encore une fois \u00e9chou\u00e9 \u00e0 l&rsquo;ext\u00e9rieur.<\/p>\n<p>Les h\u00f4tes ont commenc\u00e9 avec audace. El Ouahdi a marqu\u00e9 le premier but. Cependant, le gardien du SC Noah Atubolu n\u2019a pas eu \u00e0 intervenir. De l\u2019autre c\u00f4t\u00e9, Johan Manzambi a frapp\u00e9 le ballon au-dessus de la ligne de but apr\u00e8s un coup franc. Pourtant, le prodige suisse \u00e9tait juste hors-jeu, comme l&rsquo;a montr\u00e9 l&rsquo;arbitre vid\u00e9o (9e).<\/p>\n<div id=\"attachment_437527\" class=\"wp-caption alignleft\" style=\"max-width: 300px\"><img fetchpriority=\"high\" decoding=\"async\" class=\"wp-image-437527 size-medium\" src=\"https:\/\/vieassociative.be\/actualites\/wp-content\/uploads\/2026\/03\/Le-KRC-Genk-remporte-le-duel-pour-la-huitieme-place.jpg\" alt=\"\" width=\"300\" height=\"200\"><\/div>\n<p>Dans un premier temps, les visiteurs ont profit\u00e9 des pertes de balle inconsid\u00e9r\u00e9es du KRC Genk, les Limbourgeois attendant un moment de changement pour finalement marquer apr\u00e8s un une-deux d&rsquo;El Ouahdi, 1-0. Au moins Fribourg a encore provoqu\u00e9 le danger avant la pause avec un tir contre le poteau (38e).<\/p>\n<p>L&rsquo;\u00e9quipe de Bundesliga a commenc\u00e9 la seconde p\u00e9riode avec plus de contr\u00f4le. Il avait d\u00e9sormais plus de possession du ballon, mais ne savait pas quoi en faire. M\u00eame lors de la phase finale, Fribourg n&rsquo;a pas pu s&rsquo;appuyer sur sa solide performance du match nul 3-3 contre le Bayer Leverkusen.<\/p>\n<p>L&rsquo;\u00e9quipe de Genk \u00e9tait finalement satisfaite de la victoire 1-0, m\u00eame si elle aurait d\u00fb savoir que Fribourg \u00e9tait bien plus performant \u00e0 domicile qu&rsquo;\u00e0 l&rsquo;ext\u00e9rieur. Pour ne rien arranger, El Ouahdi \u00e9cope d&rsquo;un deuxi\u00e8me carton jaune et est suspendu pour le match retour. (cr\u00e9\/dpa)<\/p>\n","protected":false},"excerpt":{"rendered":"<p>Le KRC Genk a remport\u00e9 de justesse le premier duel entre l&rsquo;\u00e9quipe huiti\u00e8me de la Jupiler Pro League et l&rsquo;\u00e9quipe huiti\u00e8me de la Bundesliga :<\/p>\n","protected":false},"author":1,"featured_media":13003,"comment_status":"","ping_status":"","sticky":false,"template":"","format":"standard","meta":{"footnotes":""},"categories":[298],"tags":[796,4821,724,879,10123,932,878,9881,931,2817,204,81,2809],"class_list":["post-13002","post","type-post","status-publish","format-standard","has-post-thumbnail","hentry","category-belgique","tag-contre","tag-duel","tag-europa","tag-finale","tag-fribourg","tag-genk","tag-huitieme","tag-huitiemes","tag-krc","tag-ligue","tag-place","tag-pour","tag-remporte","generate-columns","tablet-grid-50","mobile-grid-100","grid-parent","grid-33"],"yoast_head":"<!-- This site is optimized with the Yoast SEO plugin v24.0 - https:\/\/yoast.com\/wordpress\/plugins\/seo\/ -->\n<title>Le KRC Genk remporte le duel pour la huiti\u00e8me place contre Fribourg 1-0 en huiti\u00e8mes de finale de la Ligue Europa | Vie Associative<\/title>\n<meta name=\"robots\" content=\"index, follow, max-snippet:-1, max-image-preview:large, max-video-preview:-1\" \/>\n<link rel=\"canonical\" href=\"https:\/\/vieassociative.be\/actualites\/le-krc-genk-remporte-le-duel-pour-la-huitieme-place-contre-fribourg-1-0-en-huitiemes-de-finale-de-la-ligue-europa\/\" \/>\n<meta property=\"og:locale\" content=\"fr_FR\" \/>\n<meta property=\"og:type\" content=\"article\" \/>\n<meta property=\"og:title\" content=\"Le KRC Genk remporte le duel pour la huiti\u00e8me place contre Fribourg 1-0 en huiti\u00e8mes de finale de la Ligue Europa | Vie Associative\" \/>\n<meta property=\"og:description\" content=\"Le KRC Genk a remport\u00e9 de justesse le premier duel entre l&rsquo;\u00e9quipe huiti\u00e8me de la Jupiler Pro League et l&rsquo;\u00e9quipe huiti\u00e8me de la Bundesliga :\" \/>\n<meta property=\"og:url\" content=\"https:\/\/vieassociative.be\/actualites\/le-krc-genk-remporte-le-duel-pour-la-huitieme-place-contre-fribourg-1-0-en-huitiemes-de-finale-de-la-ligue-europa\/\" \/>\n<meta property=\"og:site_name\" content=\"Vie Associative\" \/>\n<meta property=\"article:published_time\" content=\"2026-03-13T03:16:56+00:00\" \/>\n<meta property=\"og:image\" content=\"https:\/\/vieassociative.be\/actualites\/wp-content\/uploads\/2024\/09\/header_backgroundk-01-e1726694325946.png\" \/>\n\t<meta property=\"og:image:width\" content=\"279\" \/>\n\t<meta property=\"og:image:height\" content=\"92\" \/>\n\t<meta property=\"og:image:type\" content=\"image\/png\" \/>\n<meta name=\"author\" content=\"Julien\" \/>\n<meta name=\"twitter:card\" content=\"summary_large_image\" \/>\n<meta name=\"twitter:label1\" content=\"\u00c9crit par\" \/>\n\t<meta name=\"twitter:data1\" content=\"Julien\" \/>\n\t<meta name=\"twitter:label2\" content=\"Dur\u00e9e de lecture est.\" \/>\n\t<meta name=\"twitter:data2\" content=\"2 minutes\" \/>\n<script type=\"application\/ld+json\" class=\"yoast-schema-graph\">{\"@context\":\"https:\/\/schema.org\",\"@graph\":[{\"@type\":\"Article\",\"@id\":\"https:\/\/vieassociative.be\/actualites\/le-krc-genk-remporte-le-duel-pour-la-huitieme-place-contre-fribourg-1-0-en-huitiemes-de-finale-de-la-ligue-europa\/#article\",\"isPartOf\":{\"@id\":\"https:\/\/vieassociative.be\/actualites\/le-krc-genk-remporte-le-duel-pour-la-huitieme-place-contre-fribourg-1-0-en-huitiemes-de-finale-de-la-ligue-europa\/\"},\"author\":{\"name\":\"Julien\",\"@id\":\"https:\/\/vieassociative.be\/actualites\/#\/schema\/person\/b87ac4f82f9d4e7b7cec7395b679edc4\"},\"headline\":\"Le KRC Genk remporte le duel pour la huiti\u00e8me place contre Fribourg 1-0 en huiti\u00e8mes de finale de la Ligue Europa\",\"datePublished\":\"2026-03-13T03:16:56+00:00\",\"dateModified\":\"2026-03-13T03:16:56+00:00\",\"mainEntityOfPage\":{\"@id\":\"https:\/\/vieassociative.be\/actualites\/le-krc-genk-remporte-le-duel-pour-la-huitieme-place-contre-fribourg-1-0-en-huitiemes-de-finale-de-la-ligue-europa\/\"},\"wordCount\":359,\"publisher\":{\"@id\":\"https:\/\/vieassociative.be\/actualites\/#organization\"},\"image\":{\"@id\":\"https:\/\/vieassociative.be\/actualites\/le-krc-genk-remporte-le-duel-pour-la-huitieme-place-contre-fribourg-1-0-en-huitiemes-de-finale-de-la-ligue-europa\/#primaryimage\"},\"thumbnailUrl\":\"https:\/\/vieassociative.be\/actualites\/wp-content\/uploads\/2026\/03\/1773371817_Le-KRC-Genk-remporte-le-duel-pour-la-huitieme-place.jpg\",\"keywords\":[\"contre\",\"duel\",\"Europa\",\"finale\",\"Fribourg\",\"Genk\",\"huiti\u00e8me\",\"huiti\u00e8mes\",\"KRC\",\"Ligue\",\"place\",\"pour\",\"remport\u00e9\"],\"articleSection\":[\"Belgique\"],\"inLanguage\":\"fr-BE\"},{\"@type\":\"WebPage\",\"@id\":\"https:\/\/vieassociative.be\/actualites\/le-krc-genk-remporte-le-duel-pour-la-huitieme-place-contre-fribourg-1-0-en-huitiemes-de-finale-de-la-ligue-europa\/\",\"url\":\"https:\/\/vieassociative.be\/actualites\/le-krc-genk-remporte-le-duel-pour-la-huitieme-place-contre-fribourg-1-0-en-huitiemes-de-finale-de-la-ligue-europa\/\",\"name\":\"Le KRC Genk remporte le duel pour la huiti\u00e8me place contre Fribourg 1-0 en huiti\u00e8mes de finale de la Ligue Europa | Vie Associative\",\"isPartOf\":{\"@id\":\"https:\/\/vieassociative.be\/actualites\/#website\"},\"primaryImageOfPage\":{\"@id\":\"https:\/\/vieassociative.be\/actualites\/le-krc-genk-remporte-le-duel-pour-la-huitieme-place-contre-fribourg-1-0-en-huitiemes-de-finale-de-la-ligue-europa\/#primaryimage\"},\"image\":{\"@id\":\"https:\/\/vieassociative.be\/actualites\/le-krc-genk-remporte-le-duel-pour-la-huitieme-place-contre-fribourg-1-0-en-huitiemes-de-finale-de-la-ligue-europa\/#primaryimage\"},\"thumbnailUrl\":\"https:\/\/vieassociative.be\/actualites\/wp-content\/uploads\/2026\/03\/1773371817_Le-KRC-Genk-remporte-le-duel-pour-la-huitieme-place.jpg\",\"datePublished\":\"2026-03-13T03:16:56+00:00\",\"dateModified\":\"2026-03-13T03:16:56+00:00\",\"breadcrumb\":{\"@id\":\"https:\/\/vieassociative.be\/actualites\/le-krc-genk-remporte-le-duel-pour-la-huitieme-place-contre-fribourg-1-0-en-huitiemes-de-finale-de-la-ligue-europa\/#breadcrumb\"},\"inLanguage\":\"fr-BE\",\"potentialAction\":[{\"@type\":\"ReadAction\",\"target\":[\"https:\/\/vieassociative.be\/actualites\/le-krc-genk-remporte-le-duel-pour-la-huitieme-place-contre-fribourg-1-0-en-huitiemes-de-finale-de-la-ligue-europa\/\"]}]},{\"@type\":\"ImageObject\",\"inLanguage\":\"fr-BE\",\"@id\":\"https:\/\/vieassociative.be\/actualites\/le-krc-genk-remporte-le-duel-pour-la-huitieme-place-contre-fribourg-1-0-en-huitiemes-de-finale-de-la-ligue-europa\/#primaryimage\",\"url\":\"https:\/\/vieassociative.be\/actualites\/wp-content\/uploads\/2026\/03\/1773371817_Le-KRC-Genk-remporte-le-duel-pour-la-huitieme-place.jpg\",\"contentUrl\":\"https:\/\/vieassociative.be\/actualites\/wp-content\/uploads\/2026\/03\/1773371817_Le-KRC-Genk-remporte-le-duel-pour-la-huitieme-place.jpg\",\"width\":1200,\"height\":800,\"caption\":\"Le KRC Genk remporte le duel pour la huiti\u00e8me place contre Fribourg 1-0 en huiti\u00e8mes de finale de la Ligue Europa\"},{\"@type\":\"BreadcrumbList\",\"@id\":\"https:\/\/vieassociative.be\/actualites\/le-krc-genk-remporte-le-duel-pour-la-huitieme-place-contre-fribourg-1-0-en-huitiemes-de-finale-de-la-ligue-europa\/#breadcrumb\",\"itemListElement\":[{\"@type\":\"ListItem\",\"position\":1,\"name\":\"Accueil\",\"item\":\"https:\/\/vieassociative.be\/actualites\/\"},{\"@type\":\"ListItem\",\"position\":2,\"name\":\"Le KRC Genk remporte le duel pour la huiti\u00e8me place contre Fribourg 1-0 en huiti\u00e8mes de finale de la Ligue Europa\"}]},{\"@type\":\"WebSite\",\"@id\":\"https:\/\/vieassociative.be\/actualites\/#website\",\"url\":\"https:\/\/vieassociative.be\/actualites\/\",\"name\":\"Vie Associative\",\"description\":\"\",\"publisher\":{\"@id\":\"https:\/\/vieassociative.be\/actualites\/#organization\"},\"potentialAction\":[{\"@type\":\"SearchAction\",\"target\":{\"@type\":\"EntryPoint\",\"urlTemplate\":\"https:\/\/vieassociative.be\/actualites\/?s={search_term_string}\"},\"query-input\":{\"@type\":\"PropertyValueSpecification\",\"valueRequired\":true,\"valueName\":\"search_term_string\"}}],\"inLanguage\":\"fr-BE\"},{\"@type\":\"Organization\",\"@id\":\"https:\/\/vieassociative.be\/actualites\/#organization\",\"name\":\"Vie Associative\",\"url\":\"https:\/\/vieassociative.be\/actualites\/\",\"logo\":{\"@type\":\"ImageObject\",\"inLanguage\":\"fr-BE\",\"@id\":\"https:\/\/vieassociative.be\/actualites\/#\/schema\/logo\/image\/\",\"url\":\"https:\/\/vieassociative.be\/actualites\/wp-content\/uploads\/2024\/09\/cropped-vieassociative_favicon.ico.png\",\"contentUrl\":\"https:\/\/vieassociative.be\/actualites\/wp-content\/uploads\/2024\/09\/cropped-vieassociative_favicon.ico.png\",\"width\":512,\"height\":512,\"caption\":\"Vie Associative\"},\"image\":{\"@id\":\"https:\/\/vieassociative.be\/actualites\/#\/schema\/logo\/image\/\"}},{\"@type\":\"Person\",\"@id\":\"https:\/\/vieassociative.be\/actualites\/#\/schema\/person\/b87ac4f82f9d4e7b7cec7395b679edc4\",\"name\":\"Julien\",\"image\":{\"@type\":\"ImageObject\",\"inLanguage\":\"fr-BE\",\"@id\":\"https:\/\/vieassociative.be\/actualites\/#\/schema\/person\/image\/\",\"url\":\"https:\/\/vieassociative.be\/actualites\/wp-content\/uploads\/2024\/09\/vie-associative-1-150x150.jpg\",\"contentUrl\":\"https:\/\/vieassociative.be\/actualites\/wp-content\/uploads\/2024\/09\/vie-associative-1-150x150.jpg\",\"caption\":\"Julien\"},\"description\":\"Je suis Julien, r\u00e9dacteur pour Vie Associative. Passionn\u00e9 par le monde associatif depuis plus de 10 ans, j'ai \u00e0 c\u0153ur de partager des histoires inspirantes et de mettre en lumi\u00e8re les initiatives locales. Mon objectif est de sensibiliser et d'encourager l'engagement communautaire \u00e0 travers mes articles.\",\"sameAs\":[\"https:\/\/vieassociative.be\/\"]}]}<\/script>\n<!-- \/ Yoast SEO plugin. -->","yoast_head_json":{"title":"Le KRC Genk remporte le duel pour la huiti\u00e8me place contre Fribourg 1-0 en huiti\u00e8mes de finale de la Ligue Europa | Vie Associative","robots":{"index":"index","follow":"follow","max-snippet":"max-snippet:-1","max-image-preview":"max-image-preview:large","max-video-preview":"max-video-preview:-1"},"canonical":"https:\/\/vieassociative.be\/actualites\/le-krc-genk-remporte-le-duel-pour-la-huitieme-place-contre-fribourg-1-0-en-huitiemes-de-finale-de-la-ligue-europa\/","og_locale":"fr_FR","og_type":"article","og_title":"Le KRC Genk remporte le duel pour la huiti\u00e8me place contre Fribourg 1-0 en huiti\u00e8mes de finale de la Ligue Europa | Vie Associative","og_description":"Le KRC Genk a remport\u00e9 de justesse le premier duel entre l&rsquo;\u00e9quipe huiti\u00e8me de la Jupiler Pro League et l&rsquo;\u00e9quipe huiti\u00e8me de la Bundesliga :","og_url":"https:\/\/vieassociative.be\/actualites\/le-krc-genk-remporte-le-duel-pour-la-huitieme-place-contre-fribourg-1-0-en-huitiemes-de-finale-de-la-ligue-europa\/","og_site_name":"Vie Associative","article_published_time":"2026-03-13T03:16:56+00:00","og_image":[{"width":279,"height":92,"url":"https:\/\/vieassociative.be\/actualites\/wp-content\/uploads\/2024\/09\/header_backgroundk-01-e1726694325946.png","type":"image\/png"}],"author":"Julien","twitter_card":"summary_large_image","twitter_misc":{"\u00c9crit par":"Julien","Dur\u00e9e de lecture est.":"2 minutes"},"schema":{"@context":"https:\/\/schema.org","@graph":[{"@type":"Article","@id":"https:\/\/vieassociative.be\/actualites\/le-krc-genk-remporte-le-duel-pour-la-huitieme-place-contre-fribourg-1-0-en-huitiemes-de-finale-de-la-ligue-europa\/#article","isPartOf":{"@id":"https:\/\/vieassociative.be\/actualites\/le-krc-genk-remporte-le-duel-pour-la-huitieme-place-contre-fribourg-1-0-en-huitiemes-de-finale-de-la-ligue-europa\/"},"author":{"name":"Julien","@id":"https:\/\/vieassociative.be\/actualites\/#\/schema\/person\/b87ac4f82f9d4e7b7cec7395b679edc4"},"headline":"Le KRC Genk remporte le duel pour la huiti\u00e8me place contre Fribourg 1-0 en huiti\u00e8mes de finale de la Ligue Europa","datePublished":"2026-03-13T03:16:56+00:00","dateModified":"2026-03-13T03:16:56+00:00","mainEntityOfPage":{"@id":"https:\/\/vieassociative.be\/actualites\/le-krc-genk-remporte-le-duel-pour-la-huitieme-place-contre-fribourg-1-0-en-huitiemes-de-finale-de-la-ligue-europa\/"},"wordCount":359,"publisher":{"@id":"https:\/\/vieassociative.be\/actualites\/#organization"},"image":{"@id":"https:\/\/vieassociative.be\/actualites\/le-krc-genk-remporte-le-duel-pour-la-huitieme-place-contre-fribourg-1-0-en-huitiemes-de-finale-de-la-ligue-europa\/#primaryimage"},"thumbnailUrl":"https:\/\/vieassociative.be\/actualites\/wp-content\/uploads\/2026\/03\/1773371817_Le-KRC-Genk-remporte-le-duel-pour-la-huitieme-place.jpg","keywords":["contre","duel","Europa","finale","Fribourg","Genk","huiti\u00e8me","huiti\u00e8mes","KRC","Ligue","place","pour","remport\u00e9"],"articleSection":["Belgique"],"inLanguage":"fr-BE"},{"@type":"WebPage","@id":"https:\/\/vieassociative.be\/actualites\/le-krc-genk-remporte-le-duel-pour-la-huitieme-place-contre-fribourg-1-0-en-huitiemes-de-finale-de-la-ligue-europa\/","url":"https:\/\/vieassociative.be\/actualites\/le-krc-genk-remporte-le-duel-pour-la-huitieme-place-contre-fribourg-1-0-en-huitiemes-de-finale-de-la-ligue-europa\/","name":"Le KRC Genk remporte le duel pour la huiti\u00e8me place contre Fribourg 1-0 en huiti\u00e8mes de finale de la Ligue Europa | Vie Associative","isPartOf":{"@id":"https:\/\/vieassociative.be\/actualites\/#website"},"primaryImageOfPage":{"@id":"https:\/\/vieassociative.be\/actualites\/le-krc-genk-remporte-le-duel-pour-la-huitieme-place-contre-fribourg-1-0-en-huitiemes-de-finale-de-la-ligue-europa\/#primaryimage"},"image":{"@id":"https:\/\/vieassociative.be\/actualites\/le-krc-genk-remporte-le-duel-pour-la-huitieme-place-contre-fribourg-1-0-en-huitiemes-de-finale-de-la-ligue-europa\/#primaryimage"},"thumbnailUrl":"https:\/\/vieassociative.be\/actualites\/wp-content\/uploads\/2026\/03\/1773371817_Le-KRC-Genk-remporte-le-duel-pour-la-huitieme-place.jpg","datePublished":"2026-03-13T03:16:56+00:00","dateModified":"2026-03-13T03:16:56+00:00","breadcrumb":{"@id":"https:\/\/vieassociative.be\/actualites\/le-krc-genk-remporte-le-duel-pour-la-huitieme-place-contre-fribourg-1-0-en-huitiemes-de-finale-de-la-ligue-europa\/#breadcrumb"},"inLanguage":"fr-BE","potentialAction":[{"@type":"ReadAction","target":["https:\/\/vieassociative.be\/actualites\/le-krc-genk-remporte-le-duel-pour-la-huitieme-place-contre-fribourg-1-0-en-huitiemes-de-finale-de-la-ligue-europa\/"]}]},{"@type":"ImageObject","inLanguage":"fr-BE","@id":"https:\/\/vieassociative.be\/actualites\/le-krc-genk-remporte-le-duel-pour-la-huitieme-place-contre-fribourg-1-0-en-huitiemes-de-finale-de-la-ligue-europa\/#primaryimage","url":"https:\/\/vieassociative.be\/actualites\/wp-content\/uploads\/2026\/03\/1773371817_Le-KRC-Genk-remporte-le-duel-pour-la-huitieme-place.jpg","contentUrl":"https:\/\/vieassociative.be\/actualites\/wp-content\/uploads\/2026\/03\/1773371817_Le-KRC-Genk-remporte-le-duel-pour-la-huitieme-place.jpg","width":1200,"height":800,"caption":"Le KRC Genk remporte le duel pour la huiti\u00e8me place contre Fribourg 1-0 en huiti\u00e8mes de finale de la Ligue Europa"},{"@type":"BreadcrumbList","@id":"https:\/\/vieassociative.be\/actualites\/le-krc-genk-remporte-le-duel-pour-la-huitieme-place-contre-fribourg-1-0-en-huitiemes-de-finale-de-la-ligue-europa\/#breadcrumb","itemListElement":[{"@type":"ListItem","position":1,"name":"Accueil","item":"https:\/\/vieassociative.be\/actualites\/"},{"@type":"ListItem","position":2,"name":"Le KRC Genk remporte le duel pour la huiti\u00e8me place contre Fribourg 1-0 en huiti\u00e8mes de finale de la Ligue Europa"}]},{"@type":"WebSite","@id":"https:\/\/vieassociative.be\/actualites\/#website","url":"https:\/\/vieassociative.be\/actualites\/","name":"Vie Associative","description":"","publisher":{"@id":"https:\/\/vieassociative.be\/actualites\/#organization"},"potentialAction":[{"@type":"SearchAction","target":{"@type":"EntryPoint","urlTemplate":"https:\/\/vieassociative.be\/actualites\/?s={search_term_string}"},"query-input":{"@type":"PropertyValueSpecification","valueRequired":true,"valueName":"search_term_string"}}],"inLanguage":"fr-BE"},{"@type":"Organization","@id":"https:\/\/vieassociative.be\/actualites\/#organization","name":"Vie Associative","url":"https:\/\/vieassociative.be\/actualites\/","logo":{"@type":"ImageObject","inLanguage":"fr-BE","@id":"https:\/\/vieassociative.be\/actualites\/#\/schema\/logo\/image\/","url":"https:\/\/vieassociative.be\/actualites\/wp-content\/uploads\/2024\/09\/cropped-vieassociative_favicon.ico.png","contentUrl":"https:\/\/vieassociative.be\/actualites\/wp-content\/uploads\/2024\/09\/cropped-vieassociative_favicon.ico.png","width":512,"height":512,"caption":"Vie Associative"},"image":{"@id":"https:\/\/vieassociative.be\/actualites\/#\/schema\/logo\/image\/"}},{"@type":"Person","@id":"https:\/\/vieassociative.be\/actualites\/#\/schema\/person\/b87ac4f82f9d4e7b7cec7395b679edc4","name":"Julien","image":{"@type":"ImageObject","inLanguage":"fr-BE","@id":"https:\/\/vieassociative.be\/actualites\/#\/schema\/person\/image\/","url":"https:\/\/vieassociative.be\/actualites\/wp-content\/uploads\/2024\/09\/vie-associative-1-150x150.jpg","contentUrl":"https:\/\/vieassociative.be\/actualites\/wp-content\/uploads\/2024\/09\/vie-associative-1-150x150.jpg","caption":"Julien"},"description":"Je suis Julien, r\u00e9dacteur pour Vie Associative. Passionn\u00e9 par le monde associatif depuis plus de 10 ans, j'ai \u00e0 c\u0153ur de partager des histoires inspirantes et de mettre en lumi\u00e8re les initiatives locales. Mon objectif est de sensibiliser et d'encourager l'engagement communautaire \u00e0 travers mes articles.","sameAs":["https:\/\/vieassociative.be\/"]}]}},"_links":{"self":[{"href":"https:\/\/vieassociative.be\/actualites\/wp-json\/wp\/v2\/posts\/13002"}],"collection":[{"href":"https:\/\/vieassociative.be\/actualites\/wp-json\/wp\/v2\/posts"}],"about":[{"href":"https:\/\/vieassociative.be\/actualites\/wp-json\/wp\/v2\/types\/post"}],"author":[{"embeddable":true,"href":"https:\/\/vieassociative.be\/actualites\/wp-json\/wp\/v2\/users\/1"}],"replies":[{"embeddable":true,"href":"https:\/\/vieassociative.be\/actualites\/wp-json\/wp\/v2\/comments?post=13002"}],"version-history":[{"count":0,"href":"https:\/\/vieassociative.be\/actualites\/wp-json\/wp\/v2\/posts\/13002\/revisions"}],"wp:featuredmedia":[{"embeddable":true,"href":"https:\/\/vieassociative.be\/actualites\/wp-json\/wp\/v2\/media\/13003"}],"wp:attachment":[{"href":"https:\/\/vieassociative.be\/actualites\/wp-json\/wp\/v2\/media?parent=13002"}],"wp:term":[{"taxonomy":"category","embeddable":true,"href":"https:\/\/vieassociative.be\/actualites\/wp-json\/wp\/v2\/categories?post=13002"},{"taxonomy":"post_tag","embeddable":true,"href":"https:\/\/vieassociative.be\/actualites\/wp-json\/wp\/v2\/tags?post=13002"}],"curies":[{"name":"wp","href":"https:\/\/api.w.org\/{rel}","templated":true}]}}