{"id":13000,"date":"2026-03-13T03:21:24","date_gmt":"2026-03-13T02:21:24","guid":{"rendered":"https:\/\/vieassociative.be\/actualites\/si-vous-possedez-lun-de-ces-appareils-apple-plus-anciens-mettez-le-a-jour-des-que-possible\/"},"modified":"2026-03-13T03:21:24","modified_gmt":"2026-03-13T02:21:24","slug":"si-vous-possedez-lun-de-ces-appareils-apple-plus-anciens-mettez-le-a-jour-des-que-possible","status":"publish","type":"post","link":"https:\/\/vieassociative.be\/actualites\/si-vous-possedez-lun-de-ces-appareils-apple-plus-anciens-mettez-le-a-jour-des-que-possible\/","title":{"rendered":"Si vous poss\u00e9dez l&rsquo;un de ces appareils Apple plus anciens, mettez-le \u00e0 jour d\u00e8s que possible"},"content":{"rendered":"<p>Si vous poss\u00e9dez un ancien appareil Apple qui ne prend pas en charge le syst\u00e8me d&rsquo;exploitation le plus r\u00e9cent, vous ne recevrez peut-\u00eatre pas toutes les mises \u00e0 jour de s\u00e9curit\u00e9 transf\u00e9r\u00e9es vers le dernier iOS, ou du moins pas en m\u00eame temps. Apple vient de publier un correctif pour les appareils plus anciens qui corrige une poign\u00e9e de bugs d\u00e9j\u00e0 r\u00e9solus dans les mises \u00e0 jour des mod\u00e8les plus r\u00e9cents. Beaucoup d\u2019entre eux ont \u00e9t\u00e9 exploit\u00e9s dans le cadre d\u2019attaques Zero Day. Par cons\u00e9quent, si vous poss\u00e9dez l\u2019un des appareils concern\u00e9s, vous devez vous assurer que ces mises \u00e0 jour sont install\u00e9es d\u00e8s que possible. <\/p>\n<h2 id=\"zero-day-exploits-fixed-with-the-update-to-older-iphones-and-ipads\">Exploits du jour z\u00e9ro corrig\u00e9s avec la mise \u00e0 jour des anciens iPhones et iPads<\/h2>\n<p>Comme le rapporte BleepingComputer, la mise \u00e0 jour de s\u00e9curit\u00e9 du 11 mars corrige les vuln\u00e9rabilit\u00e9s utilis\u00e9es dans les attaques de cyberespionnage et de vol de cryptomonnaie. Les bogues font partie du kit d&rsquo;exploit Coruna, un package de logiciels espions et de surveillance comprenant 23 exploits au total ciblant les versions iOS 13.0 \u00e0 17.2.1. Les chercheurs du Google Threat Intelligence Group ont observ\u00e9 son d\u00e9ploiement par des pirates informatiques russes soutenus par l&rsquo;\u00c9tat, des fournisseurs de services de surveillance et un acteur mena\u00e7ant chinois. <\/p>\n<p>Les vuln\u00e9rabilit\u00e9s qu&rsquo;Apple corrige permettraient aux attaquants d&rsquo;\u00e9lever les autorisations vers les privil\u00e8ges du noyau ou d&rsquo;obtenir des capacit\u00e9s d&rsquo;ex\u00e9cution de code \u00e0 distance sur les appareils concern\u00e9s. Les bogues incluent CVE-2023-43010, CVE-2024-23222, CVE-2023-43000 et CVE-2023-43010, qui affectent tous WebKit, et CVE-2023-41974, une vuln\u00e9rabilit\u00e9 du noyau. <\/p>\n<p>La mise \u00e0 jour s&rsquo;applique aux anciens mod\u00e8les ex\u00e9cutant iOS 15.8.7\/16.7.15 et iPadOS 15.8.7\/16.7.15\u00a0: <\/p>\n<ul>\n<li>\n<p>iPhone6s<\/p>\n<\/li>\n<li>\n<p>iPhone7<\/p>\n<\/li>\n<li>\n<p>iPhone SE (1\u00e8re g\u00e9n\u00e9ration)<\/p>\n<\/li>\n<li>\n<p>iPhone8<\/p>\n<\/li>\n<li>\n<p>iPhone 8 Plus<\/p>\n<\/li>\n<li>\n<p>iPhoneX<\/p>\n<\/li>\n<li>\n<p>iPad Air 2 <\/p>\n<\/li>\n<li>\n<p>iPad Mini (4e g\u00e9n\u00e9ration)<\/p>\n<\/li>\n<li>\n<p>iPod Touch (7e g\u00e9n\u00e9ration)<\/p>\n<\/li>\n<li>\n<p>iPad (5\u00e8me g\u00e9n\u00e9ration)<\/p>\n<\/li>\n<li>\n<p>iPad Pro 9,7 pouces<\/p>\n<\/li>\n<li>\n<p>iPad Pro 12,9 pouces (1\u00e8re g\u00e9n\u00e9ration)<\/p>\n<\/li>\n<\/ul>\n<p>Apple a corrig\u00e9 un autre jour z\u00e9ro en f\u00e9vrier de cette ann\u00e9e pour iOS 26, iPadOS 26 et macOS Tahoe qui, selon lui, auraient pu \u00eatre exploit\u00e9s dans le cadre d&rsquo;une \u00ab attaque extr\u00eamement sophistiqu\u00e9e contre des individus cibl\u00e9s sp\u00e9cifiques \u00bb.<\/p>\n","protected":false},"excerpt":{"rendered":"<p>Si vous poss\u00e9dez un ancien appareil Apple qui ne prend pas en charge le syst\u00e8me d&rsquo;exploitation le plus r\u00e9cent, vous ne recevrez peut-\u00eatre pas toutes<\/p>\n","protected":false},"author":1,"featured_media":13001,"comment_status":"","ping_status":"","sticky":false,"template":"","format":"standard","meta":{"footnotes":""},"categories":[10230],"tags":[1548,451,54,248,29,53,247,10233,776,4],"class_list":["post-13000","post","type-post","status-publish","format-standard","has-post-thumbnail","hentry","category-apple","tag-anciens","tag-appareils","tag-apple","tag-ces","tag-des","tag-jour","tag-lun","tag-mettezle","tag-possedez","tag-vous","generate-columns","tablet-grid-50","mobile-grid-100","grid-parent","grid-33"],"yoast_head":"<!-- This site is optimized with the Yoast SEO plugin v24.0 - https:\/\/yoast.com\/wordpress\/plugins\/seo\/ -->\n<title>Si vous poss\u00e9dez l&#039;un de ces appareils Apple plus anciens, mettez-le \u00e0 jour d\u00e8s que possible | Vie Associative<\/title>\n<meta name=\"robots\" content=\"index, follow, max-snippet:-1, max-image-preview:large, max-video-preview:-1\" \/>\n<link rel=\"canonical\" href=\"https:\/\/vieassociative.be\/actualites\/si-vous-possedez-lun-de-ces-appareils-apple-plus-anciens-mettez-le-a-jour-des-que-possible\/\" \/>\n<meta property=\"og:locale\" content=\"fr_FR\" \/>\n<meta property=\"og:type\" content=\"article\" \/>\n<meta property=\"og:title\" content=\"Si vous poss\u00e9dez l&#039;un de ces appareils Apple plus anciens, mettez-le \u00e0 jour d\u00e8s que possible | Vie Associative\" \/>\n<meta property=\"og:description\" content=\"Si vous poss\u00e9dez un ancien appareil Apple qui ne prend pas en charge le syst\u00e8me d&rsquo;exploitation le plus r\u00e9cent, vous ne recevrez peut-\u00eatre pas toutes\" \/>\n<meta property=\"og:url\" content=\"https:\/\/vieassociative.be\/actualites\/si-vous-possedez-lun-de-ces-appareils-apple-plus-anciens-mettez-le-a-jour-des-que-possible\/\" \/>\n<meta property=\"og:site_name\" content=\"Vie Associative\" \/>\n<meta property=\"article:published_time\" content=\"2026-03-13T02:21:24+00:00\" \/>\n<meta property=\"og:image\" content=\"https:\/\/vieassociative.be\/actualites\/wp-content\/uploads\/2024\/09\/header_backgroundk-01-e1726694325946.png\" \/>\n\t<meta property=\"og:image:width\" content=\"279\" \/>\n\t<meta property=\"og:image:height\" content=\"92\" \/>\n\t<meta property=\"og:image:type\" content=\"image\/png\" \/>\n<meta name=\"author\" content=\"Julien\" \/>\n<meta name=\"twitter:card\" content=\"summary_large_image\" \/>\n<meta name=\"twitter:label1\" content=\"\u00c9crit par\" \/>\n\t<meta name=\"twitter:data1\" content=\"Julien\" \/>\n\t<meta name=\"twitter:label2\" content=\"Dur\u00e9e de lecture est.\" \/>\n\t<meta name=\"twitter:data2\" content=\"2 minutes\" \/>\n<script type=\"application\/ld+json\" class=\"yoast-schema-graph\">{\"@context\":\"https:\/\/schema.org\",\"@graph\":[{\"@type\":\"Article\",\"@id\":\"https:\/\/vieassociative.be\/actualites\/si-vous-possedez-lun-de-ces-appareils-apple-plus-anciens-mettez-le-a-jour-des-que-possible\/#article\",\"isPartOf\":{\"@id\":\"https:\/\/vieassociative.be\/actualites\/si-vous-possedez-lun-de-ces-appareils-apple-plus-anciens-mettez-le-a-jour-des-que-possible\/\"},\"author\":{\"name\":\"Julien\",\"@id\":\"https:\/\/vieassociative.be\/actualites\/#\/schema\/person\/b87ac4f82f9d4e7b7cec7395b679edc4\"},\"headline\":\"Si vous poss\u00e9dez l&rsquo;un de ces appareils Apple plus anciens, mettez-le \u00e0 jour d\u00e8s que possible\",\"datePublished\":\"2026-03-13T02:21:24+00:00\",\"dateModified\":\"2026-03-13T02:21:24+00:00\",\"mainEntityOfPage\":{\"@id\":\"https:\/\/vieassociative.be\/actualites\/si-vous-possedez-lun-de-ces-appareils-apple-plus-anciens-mettez-le-a-jour-des-que-possible\/\"},\"wordCount\":410,\"publisher\":{\"@id\":\"https:\/\/vieassociative.be\/actualites\/#organization\"},\"image\":{\"@id\":\"https:\/\/vieassociative.be\/actualites\/si-vous-possedez-lun-de-ces-appareils-apple-plus-anciens-mettez-le-a-jour-des-que-possible\/#primaryimage\"},\"thumbnailUrl\":\"https:\/\/vieassociative.be\/actualites\/wp-content\/uploads\/2026\/03\/Si-vous-possedez-lun-de-ces-appareils-Apple-plus-anciens.png\",\"keywords\":[\"anciens\",\"appareils\",\"Apple\",\"ces\",\"Des\",\"jour\",\"lun\",\"mettezle\",\"poss\u00e9dez\",\"Vous\"],\"articleSection\":[\"Apple\"],\"inLanguage\":\"fr-BE\"},{\"@type\":\"WebPage\",\"@id\":\"https:\/\/vieassociative.be\/actualites\/si-vous-possedez-lun-de-ces-appareils-apple-plus-anciens-mettez-le-a-jour-des-que-possible\/\",\"url\":\"https:\/\/vieassociative.be\/actualites\/si-vous-possedez-lun-de-ces-appareils-apple-plus-anciens-mettez-le-a-jour-des-que-possible\/\",\"name\":\"Si vous poss\u00e9dez l'un de ces appareils Apple plus anciens, mettez-le \u00e0 jour d\u00e8s que possible | Vie Associative\",\"isPartOf\":{\"@id\":\"https:\/\/vieassociative.be\/actualites\/#website\"},\"primaryImageOfPage\":{\"@id\":\"https:\/\/vieassociative.be\/actualites\/si-vous-possedez-lun-de-ces-appareils-apple-plus-anciens-mettez-le-a-jour-des-que-possible\/#primaryimage\"},\"image\":{\"@id\":\"https:\/\/vieassociative.be\/actualites\/si-vous-possedez-lun-de-ces-appareils-apple-plus-anciens-mettez-le-a-jour-des-que-possible\/#primaryimage\"},\"thumbnailUrl\":\"https:\/\/vieassociative.be\/actualites\/wp-content\/uploads\/2026\/03\/Si-vous-possedez-lun-de-ces-appareils-Apple-plus-anciens.png\",\"datePublished\":\"2026-03-13T02:21:24+00:00\",\"dateModified\":\"2026-03-13T02:21:24+00:00\",\"breadcrumb\":{\"@id\":\"https:\/\/vieassociative.be\/actualites\/si-vous-possedez-lun-de-ces-appareils-apple-plus-anciens-mettez-le-a-jour-des-que-possible\/#breadcrumb\"},\"inLanguage\":\"fr-BE\",\"potentialAction\":[{\"@type\":\"ReadAction\",\"target\":[\"https:\/\/vieassociative.be\/actualites\/si-vous-possedez-lun-de-ces-appareils-apple-plus-anciens-mettez-le-a-jour-des-que-possible\/\"]}]},{\"@type\":\"ImageObject\",\"inLanguage\":\"fr-BE\",\"@id\":\"https:\/\/vieassociative.be\/actualites\/si-vous-possedez-lun-de-ces-appareils-apple-plus-anciens-mettez-le-a-jour-des-que-possible\/#primaryimage\",\"url\":\"https:\/\/vieassociative.be\/actualites\/wp-content\/uploads\/2026\/03\/Si-vous-possedez-lun-de-ces-appareils-Apple-plus-anciens.png\",\"contentUrl\":\"https:\/\/vieassociative.be\/actualites\/wp-content\/uploads\/2026\/03\/Si-vous-possedez-lun-de-ces-appareils-Apple-plus-anciens.png\",\"width\":1200,\"height\":675,\"caption\":\"Si vous poss\u00e9dez l'un de ces appareils Apple plus anciens, mettez-le \u00e0 jour d\u00e8s que possible\"},{\"@type\":\"BreadcrumbList\",\"@id\":\"https:\/\/vieassociative.be\/actualites\/si-vous-possedez-lun-de-ces-appareils-apple-plus-anciens-mettez-le-a-jour-des-que-possible\/#breadcrumb\",\"itemListElement\":[{\"@type\":\"ListItem\",\"position\":1,\"name\":\"Accueil\",\"item\":\"https:\/\/vieassociative.be\/actualites\/\"},{\"@type\":\"ListItem\",\"position\":2,\"name\":\"Si vous poss\u00e9dez l&rsquo;un de ces appareils Apple plus anciens, mettez-le \u00e0 jour d\u00e8s que possible\"}]},{\"@type\":\"WebSite\",\"@id\":\"https:\/\/vieassociative.be\/actualites\/#website\",\"url\":\"https:\/\/vieassociative.be\/actualites\/\",\"name\":\"Vie Associative\",\"description\":\"\",\"publisher\":{\"@id\":\"https:\/\/vieassociative.be\/actualites\/#organization\"},\"potentialAction\":[{\"@type\":\"SearchAction\",\"target\":{\"@type\":\"EntryPoint\",\"urlTemplate\":\"https:\/\/vieassociative.be\/actualites\/?s={search_term_string}\"},\"query-input\":{\"@type\":\"PropertyValueSpecification\",\"valueRequired\":true,\"valueName\":\"search_term_string\"}}],\"inLanguage\":\"fr-BE\"},{\"@type\":\"Organization\",\"@id\":\"https:\/\/vieassociative.be\/actualites\/#organization\",\"name\":\"Vie Associative\",\"url\":\"https:\/\/vieassociative.be\/actualites\/\",\"logo\":{\"@type\":\"ImageObject\",\"inLanguage\":\"fr-BE\",\"@id\":\"https:\/\/vieassociative.be\/actualites\/#\/schema\/logo\/image\/\",\"url\":\"https:\/\/vieassociative.be\/actualites\/wp-content\/uploads\/2024\/09\/cropped-vieassociative_favicon.ico.png\",\"contentUrl\":\"https:\/\/vieassociative.be\/actualites\/wp-content\/uploads\/2024\/09\/cropped-vieassociative_favicon.ico.png\",\"width\":512,\"height\":512,\"caption\":\"Vie Associative\"},\"image\":{\"@id\":\"https:\/\/vieassociative.be\/actualites\/#\/schema\/logo\/image\/\"}},{\"@type\":\"Person\",\"@id\":\"https:\/\/vieassociative.be\/actualites\/#\/schema\/person\/b87ac4f82f9d4e7b7cec7395b679edc4\",\"name\":\"Julien\",\"image\":{\"@type\":\"ImageObject\",\"inLanguage\":\"fr-BE\",\"@id\":\"https:\/\/vieassociative.be\/actualites\/#\/schema\/person\/image\/\",\"url\":\"https:\/\/vieassociative.be\/actualites\/wp-content\/uploads\/2024\/09\/vie-associative-1-150x150.jpg\",\"contentUrl\":\"https:\/\/vieassociative.be\/actualites\/wp-content\/uploads\/2024\/09\/vie-associative-1-150x150.jpg\",\"caption\":\"Julien\"},\"description\":\"Je suis Julien, r\u00e9dacteur pour Vie Associative. Passionn\u00e9 par le monde associatif depuis plus de 10 ans, j'ai \u00e0 c\u0153ur de partager des histoires inspirantes et de mettre en lumi\u00e8re les initiatives locales. Mon objectif est de sensibiliser et d'encourager l'engagement communautaire \u00e0 travers mes articles.\",\"sameAs\":[\"https:\/\/vieassociative.be\/\"]}]}<\/script>\n<!-- \/ Yoast SEO plugin. -->","yoast_head_json":{"title":"Si vous poss\u00e9dez l'un de ces appareils Apple plus anciens, mettez-le \u00e0 jour d\u00e8s que possible | Vie Associative","robots":{"index":"index","follow":"follow","max-snippet":"max-snippet:-1","max-image-preview":"max-image-preview:large","max-video-preview":"max-video-preview:-1"},"canonical":"https:\/\/vieassociative.be\/actualites\/si-vous-possedez-lun-de-ces-appareils-apple-plus-anciens-mettez-le-a-jour-des-que-possible\/","og_locale":"fr_FR","og_type":"article","og_title":"Si vous poss\u00e9dez l'un de ces appareils Apple plus anciens, mettez-le \u00e0 jour d\u00e8s que possible | Vie Associative","og_description":"Si vous poss\u00e9dez un ancien appareil Apple qui ne prend pas en charge le syst\u00e8me d&rsquo;exploitation le plus r\u00e9cent, vous ne recevrez peut-\u00eatre pas toutes","og_url":"https:\/\/vieassociative.be\/actualites\/si-vous-possedez-lun-de-ces-appareils-apple-plus-anciens-mettez-le-a-jour-des-que-possible\/","og_site_name":"Vie Associative","article_published_time":"2026-03-13T02:21:24+00:00","og_image":[{"width":279,"height":92,"url":"https:\/\/vieassociative.be\/actualites\/wp-content\/uploads\/2024\/09\/header_backgroundk-01-e1726694325946.png","type":"image\/png"}],"author":"Julien","twitter_card":"summary_large_image","twitter_misc":{"\u00c9crit par":"Julien","Dur\u00e9e de lecture est.":"2 minutes"},"schema":{"@context":"https:\/\/schema.org","@graph":[{"@type":"Article","@id":"https:\/\/vieassociative.be\/actualites\/si-vous-possedez-lun-de-ces-appareils-apple-plus-anciens-mettez-le-a-jour-des-que-possible\/#article","isPartOf":{"@id":"https:\/\/vieassociative.be\/actualites\/si-vous-possedez-lun-de-ces-appareils-apple-plus-anciens-mettez-le-a-jour-des-que-possible\/"},"author":{"name":"Julien","@id":"https:\/\/vieassociative.be\/actualites\/#\/schema\/person\/b87ac4f82f9d4e7b7cec7395b679edc4"},"headline":"Si vous poss\u00e9dez l&rsquo;un de ces appareils Apple plus anciens, mettez-le \u00e0 jour d\u00e8s que possible","datePublished":"2026-03-13T02:21:24+00:00","dateModified":"2026-03-13T02:21:24+00:00","mainEntityOfPage":{"@id":"https:\/\/vieassociative.be\/actualites\/si-vous-possedez-lun-de-ces-appareils-apple-plus-anciens-mettez-le-a-jour-des-que-possible\/"},"wordCount":410,"publisher":{"@id":"https:\/\/vieassociative.be\/actualites\/#organization"},"image":{"@id":"https:\/\/vieassociative.be\/actualites\/si-vous-possedez-lun-de-ces-appareils-apple-plus-anciens-mettez-le-a-jour-des-que-possible\/#primaryimage"},"thumbnailUrl":"https:\/\/vieassociative.be\/actualites\/wp-content\/uploads\/2026\/03\/Si-vous-possedez-lun-de-ces-appareils-Apple-plus-anciens.png","keywords":["anciens","appareils","Apple","ces","Des","jour","lun","mettezle","poss\u00e9dez","Vous"],"articleSection":["Apple"],"inLanguage":"fr-BE"},{"@type":"WebPage","@id":"https:\/\/vieassociative.be\/actualites\/si-vous-possedez-lun-de-ces-appareils-apple-plus-anciens-mettez-le-a-jour-des-que-possible\/","url":"https:\/\/vieassociative.be\/actualites\/si-vous-possedez-lun-de-ces-appareils-apple-plus-anciens-mettez-le-a-jour-des-que-possible\/","name":"Si vous poss\u00e9dez l'un de ces appareils Apple plus anciens, mettez-le \u00e0 jour d\u00e8s que possible | Vie Associative","isPartOf":{"@id":"https:\/\/vieassociative.be\/actualites\/#website"},"primaryImageOfPage":{"@id":"https:\/\/vieassociative.be\/actualites\/si-vous-possedez-lun-de-ces-appareils-apple-plus-anciens-mettez-le-a-jour-des-que-possible\/#primaryimage"},"image":{"@id":"https:\/\/vieassociative.be\/actualites\/si-vous-possedez-lun-de-ces-appareils-apple-plus-anciens-mettez-le-a-jour-des-que-possible\/#primaryimage"},"thumbnailUrl":"https:\/\/vieassociative.be\/actualites\/wp-content\/uploads\/2026\/03\/Si-vous-possedez-lun-de-ces-appareils-Apple-plus-anciens.png","datePublished":"2026-03-13T02:21:24+00:00","dateModified":"2026-03-13T02:21:24+00:00","breadcrumb":{"@id":"https:\/\/vieassociative.be\/actualites\/si-vous-possedez-lun-de-ces-appareils-apple-plus-anciens-mettez-le-a-jour-des-que-possible\/#breadcrumb"},"inLanguage":"fr-BE","potentialAction":[{"@type":"ReadAction","target":["https:\/\/vieassociative.be\/actualites\/si-vous-possedez-lun-de-ces-appareils-apple-plus-anciens-mettez-le-a-jour-des-que-possible\/"]}]},{"@type":"ImageObject","inLanguage":"fr-BE","@id":"https:\/\/vieassociative.be\/actualites\/si-vous-possedez-lun-de-ces-appareils-apple-plus-anciens-mettez-le-a-jour-des-que-possible\/#primaryimage","url":"https:\/\/vieassociative.be\/actualites\/wp-content\/uploads\/2026\/03\/Si-vous-possedez-lun-de-ces-appareils-Apple-plus-anciens.png","contentUrl":"https:\/\/vieassociative.be\/actualites\/wp-content\/uploads\/2026\/03\/Si-vous-possedez-lun-de-ces-appareils-Apple-plus-anciens.png","width":1200,"height":675,"caption":"Si vous poss\u00e9dez l'un de ces appareils Apple plus anciens, mettez-le \u00e0 jour d\u00e8s que possible"},{"@type":"BreadcrumbList","@id":"https:\/\/vieassociative.be\/actualites\/si-vous-possedez-lun-de-ces-appareils-apple-plus-anciens-mettez-le-a-jour-des-que-possible\/#breadcrumb","itemListElement":[{"@type":"ListItem","position":1,"name":"Accueil","item":"https:\/\/vieassociative.be\/actualites\/"},{"@type":"ListItem","position":2,"name":"Si vous poss\u00e9dez l&rsquo;un de ces appareils Apple plus anciens, mettez-le \u00e0 jour d\u00e8s que possible"}]},{"@type":"WebSite","@id":"https:\/\/vieassociative.be\/actualites\/#website","url":"https:\/\/vieassociative.be\/actualites\/","name":"Vie Associative","description":"","publisher":{"@id":"https:\/\/vieassociative.be\/actualites\/#organization"},"potentialAction":[{"@type":"SearchAction","target":{"@type":"EntryPoint","urlTemplate":"https:\/\/vieassociative.be\/actualites\/?s={search_term_string}"},"query-input":{"@type":"PropertyValueSpecification","valueRequired":true,"valueName":"search_term_string"}}],"inLanguage":"fr-BE"},{"@type":"Organization","@id":"https:\/\/vieassociative.be\/actualites\/#organization","name":"Vie Associative","url":"https:\/\/vieassociative.be\/actualites\/","logo":{"@type":"ImageObject","inLanguage":"fr-BE","@id":"https:\/\/vieassociative.be\/actualites\/#\/schema\/logo\/image\/","url":"https:\/\/vieassociative.be\/actualites\/wp-content\/uploads\/2024\/09\/cropped-vieassociative_favicon.ico.png","contentUrl":"https:\/\/vieassociative.be\/actualites\/wp-content\/uploads\/2024\/09\/cropped-vieassociative_favicon.ico.png","width":512,"height":512,"caption":"Vie Associative"},"image":{"@id":"https:\/\/vieassociative.be\/actualites\/#\/schema\/logo\/image\/"}},{"@type":"Person","@id":"https:\/\/vieassociative.be\/actualites\/#\/schema\/person\/b87ac4f82f9d4e7b7cec7395b679edc4","name":"Julien","image":{"@type":"ImageObject","inLanguage":"fr-BE","@id":"https:\/\/vieassociative.be\/actualites\/#\/schema\/person\/image\/","url":"https:\/\/vieassociative.be\/actualites\/wp-content\/uploads\/2024\/09\/vie-associative-1-150x150.jpg","contentUrl":"https:\/\/vieassociative.be\/actualites\/wp-content\/uploads\/2024\/09\/vie-associative-1-150x150.jpg","caption":"Julien"},"description":"Je suis Julien, r\u00e9dacteur pour Vie Associative. Passionn\u00e9 par le monde associatif depuis plus de 10 ans, j'ai \u00e0 c\u0153ur de partager des histoires inspirantes et de mettre en lumi\u00e8re les initiatives locales. Mon objectif est de sensibiliser et d'encourager l'engagement communautaire \u00e0 travers mes articles.","sameAs":["https:\/\/vieassociative.be\/"]}]}},"_links":{"self":[{"href":"https:\/\/vieassociative.be\/actualites\/wp-json\/wp\/v2\/posts\/13000"}],"collection":[{"href":"https:\/\/vieassociative.be\/actualites\/wp-json\/wp\/v2\/posts"}],"about":[{"href":"https:\/\/vieassociative.be\/actualites\/wp-json\/wp\/v2\/types\/post"}],"author":[{"embeddable":true,"href":"https:\/\/vieassociative.be\/actualites\/wp-json\/wp\/v2\/users\/1"}],"replies":[{"embeddable":true,"href":"https:\/\/vieassociative.be\/actualites\/wp-json\/wp\/v2\/comments?post=13000"}],"version-history":[{"count":0,"href":"https:\/\/vieassociative.be\/actualites\/wp-json\/wp\/v2\/posts\/13000\/revisions"}],"wp:featuredmedia":[{"embeddable":true,"href":"https:\/\/vieassociative.be\/actualites\/wp-json\/wp\/v2\/media\/13001"}],"wp:attachment":[{"href":"https:\/\/vieassociative.be\/actualites\/wp-json\/wp\/v2\/media?parent=13000"}],"wp:term":[{"taxonomy":"category","embeddable":true,"href":"https:\/\/vieassociative.be\/actualites\/wp-json\/wp\/v2\/categories?post=13000"},{"taxonomy":"post_tag","embeddable":true,"href":"https:\/\/vieassociative.be\/actualites\/wp-json\/wp\/v2\/tags?post=13000"}],"curies":[{"name":"wp","href":"https:\/\/api.w.org\/{rel}","templated":true}]}}