{"id":12998,"date":"2026-03-12T22:17:25","date_gmt":"2026-03-12T21:17:25","guid":{"rendered":"https:\/\/vieassociative.be\/actualites\/de-wever-se-detourner-de-lenergie-nucleaire-est-une-decision-desastreuse-lue-veut-promouvoir-des-reacteurs-plus-petits\/"},"modified":"2026-03-12T22:17:25","modified_gmt":"2026-03-12T21:17:25","slug":"de-wever-se-detourner-de-lenergie-nucleaire-est-une-decision-desastreuse-lue-veut-promouvoir-des-reacteurs-plus-petits","status":"publish","type":"post","link":"https:\/\/vieassociative.be\/actualites\/de-wever-se-detourner-de-lenergie-nucleaire-est-une-decision-desastreuse-lue-veut-promouvoir-des-reacteurs-plus-petits\/","title":{"rendered":"De Wever : Se d\u00e9tourner de l\u2019\u00e9nergie nucl\u00e9aire est \u00ab une d\u00e9cision d\u00e9sastreuse \u00bb \u2013 l\u2019UE veut promouvoir des r\u00e9acteurs plus petits"},"content":{"rendered":"<p><strong>Dans le cadre de la politique \u00e9nerg\u00e9tique europ\u00e9enne, de plus en plus de voix s\u2019\u00e9l\u00e8vent parmi les dirigeants politiques qui remettent ouvertement en question l\u2019abandon de l\u2019\u00e9nergie nucl\u00e9aire au cours des derni\u00e8res d\u00e9cennies. Le Premier ministre belge Bart De Wever (N-VA) s&rsquo;est exprim\u00e9 particuli\u00e8rement clairement. La Commission europ\u00e9enne a \u00e9galement annonc\u00e9 une nouvelle strat\u00e9gie.<\/strong><\/p>\n<p><span id=\"more-437509\"><\/span>De Wever a vivement critiqu\u00e9 la politique \u00e9nerg\u00e9tique europ\u00e9enne et a parl\u00e9 de d\u00e9cisions contre l\u2019\u00e9nergie nucl\u00e9aire influenc\u00e9es par des id\u00e9ologies. L\u2019Europe a pris des \u00ab d\u00e9cisions dogmatiques contre l\u2019\u00e9nergie nucl\u00e9aire \u00bb, a d\u00e9clar\u00e9 De Wever, et se d\u00e9tourner de l\u2019\u00e9nergie nucl\u00e9aire \u00e9tait une \u00ab d\u00e9cision d\u00e9sastreuse \u00bb. Selon lui, cela a affaibli la s\u00e9curit\u00e9 \u00e9nerg\u00e9tique de l&rsquo;Europe et rendu le syst\u00e8me \u00e9nerg\u00e9tique inutilement plus cher.<\/p>\n<\/p>\n<div id=\"attachment_437511\" class=\"wp-caption alignleft\" style=\"max-width: 300px\"><img fetchpriority=\"high\" decoding=\"async\" src=\"https:\/\/vieassociative.be\/actualites\/wp-content\/uploads\/2026\/03\/De-Wever-Se-detourner-de-lenergie-nucleaire-est.jpg\" alt=\"\" width=\"300\" height=\"200\" class=\"size-medium wp-image-437511\"><\/div>\n<p>Des sons similaires provenaient \u00e9galement de Bruxelles. Lors du sommet international sur l&rsquo;\u00e9nergie nucl\u00e9aire \u00e0 Paris, la pr\u00e9sidente de la Commission europ\u00e9enne, Ursula von der Leyen, a d\u00e9clar\u00e9 que l&rsquo;Europe avait commis une erreur strat\u00e9gique en r\u00e9duisant la part de l&rsquo;\u00e9nergie nucl\u00e9aire. \u00ab\u00a0Cette r\u00e9duction de la part de l&rsquo;\u00e9nergie nucl\u00e9aire \u00e9tait une d\u00e9cision consciente\u00a0\u00bb, a-t-elle d\u00e9clar\u00e9. \u00ab Et je pense que le fait que l\u2019Europe ait tourn\u00e9 le dos \u00e0 une source fiable et abordable d\u2019\u00e9nergie \u00e0 faibles \u00e9missions a \u00e9t\u00e9 une erreur strat\u00e9gique. \u00bb<\/p>\n<p>von der Leyen et De Wever ont tous deux \u00e9voqu\u00e9 les nouveaux d\u00e9veloppements de la technologie nucl\u00e9aire. L&rsquo;accent est mis sur les petits r\u00e9acteurs modulaires (SMR), des r\u00e9acteurs plus petits et modulaires qui peuvent \u00eatre construits plus rapidement et ont des co\u00fbts d&rsquo;investissement inf\u00e9rieurs \u00e0 ceux des grandes centrales \u00e9lectriques traditionnelles. Selon De Wever et von der Leyen, de tels r\u00e9acteurs pourraient jouer \u00e0 l&rsquo;avenir un r\u00f4le important dans l&rsquo;approvisionnement \u00e9nerg\u00e9tique de l&rsquo;Europe.<\/p>\n<p>Ces d\u00e9clarations refl\u00e8tent une r\u00e9\u00e9valuation plus large de la politique \u00e9nerg\u00e9tique qui s\u2019est intensifi\u00e9e depuis la crise \u00e9nerg\u00e9tique en Europe. Alors que plusieurs pays ont d\u00e9cid\u00e9 d&rsquo;abandonner progressivement l&rsquo;\u00e9nergie nucl\u00e9aire ces derni\u00e8res ann\u00e9es, de nombreux pays envisagent \u00e0 nouveau de prolonger la dur\u00e9e de vie des centrales existantes ou de construire de nouveaux r\u00e9acteurs. (cr\u00e9er)<\/p>\n","protected":false},"excerpt":{"rendered":"<p>Dans le cadre de la politique \u00e9nerg\u00e9tique europ\u00e9enne, de plus en plus de voix s\u2019\u00e9l\u00e8vent parmi les dirigeants politiques qui remettent ouvertement en question l\u2019abandon<\/p>\n","protected":false},"author":1,"featured_media":12999,"comment_status":"","ping_status":"","sticky":false,"template":"","format":"standard","meta":{"footnotes":""},"categories":[298],"tags":[7933,29,4724,10231,76,4701,3578,7035,323,9847,10232,110,2635,2755],"class_list":["post-12998","post","type-post","status-publish","format-standard","has-post-thumbnail","hentry","category-belgique","tag-decision","tag-des","tag-desastreuse","tag-detourner","tag-est","tag-lenergie","tag-lue","tag-nucleaire","tag-petits","tag-promouvoir","tag-reacteurs","tag-une","tag-veut","tag-wever","generate-columns","tablet-grid-50","mobile-grid-100","grid-parent","grid-33"],"yoast_head":"<!-- This site is optimized with the Yoast SEO plugin v24.0 - https:\/\/yoast.com\/wordpress\/plugins\/seo\/ -->\n<title>De Wever : Se d\u00e9tourner de l\u2019\u00e9nergie nucl\u00e9aire est \u00ab une d\u00e9cision d\u00e9sastreuse \u00bb \u2013 l\u2019UE veut promouvoir des r\u00e9acteurs plus petits | Vie Associative<\/title>\n<meta name=\"robots\" content=\"index, follow, max-snippet:-1, max-image-preview:large, max-video-preview:-1\" \/>\n<link rel=\"canonical\" href=\"https:\/\/vieassociative.be\/actualites\/de-wever-se-detourner-de-lenergie-nucleaire-est-une-decision-desastreuse-lue-veut-promouvoir-des-reacteurs-plus-petits\/\" \/>\n<meta property=\"og:locale\" content=\"fr_FR\" \/>\n<meta property=\"og:type\" content=\"article\" \/>\n<meta property=\"og:title\" content=\"De Wever : Se d\u00e9tourner de l\u2019\u00e9nergie nucl\u00e9aire est \u00ab une d\u00e9cision d\u00e9sastreuse \u00bb \u2013 l\u2019UE veut promouvoir des r\u00e9acteurs plus petits | Vie Associative\" \/>\n<meta property=\"og:description\" content=\"Dans le cadre de la politique \u00e9nerg\u00e9tique europ\u00e9enne, de plus en plus de voix s\u2019\u00e9l\u00e8vent parmi les dirigeants politiques qui remettent ouvertement en question l\u2019abandon\" \/>\n<meta property=\"og:url\" content=\"https:\/\/vieassociative.be\/actualites\/de-wever-se-detourner-de-lenergie-nucleaire-est-une-decision-desastreuse-lue-veut-promouvoir-des-reacteurs-plus-petits\/\" \/>\n<meta property=\"og:site_name\" content=\"Vie Associative\" \/>\n<meta property=\"article:published_time\" content=\"2026-03-12T21:17:25+00:00\" \/>\n<meta property=\"og:image\" content=\"https:\/\/vieassociative.be\/actualites\/wp-content\/uploads\/2024\/09\/header_backgroundk-01-e1726694325946.png\" \/>\n\t<meta property=\"og:image:width\" content=\"279\" \/>\n\t<meta property=\"og:image:height\" content=\"92\" \/>\n\t<meta property=\"og:image:type\" content=\"image\/png\" \/>\n<meta name=\"author\" content=\"Julien\" \/>\n<meta name=\"twitter:card\" content=\"summary_large_image\" \/>\n<meta name=\"twitter:label1\" content=\"\u00c9crit par\" \/>\n\t<meta name=\"twitter:data1\" content=\"Julien\" \/>\n\t<meta name=\"twitter:label2\" content=\"Dur\u00e9e de lecture est.\" \/>\n\t<meta name=\"twitter:data2\" content=\"2 minutes\" \/>\n<script type=\"application\/ld+json\" class=\"yoast-schema-graph\">{\"@context\":\"https:\/\/schema.org\",\"@graph\":[{\"@type\":\"Article\",\"@id\":\"https:\/\/vieassociative.be\/actualites\/de-wever-se-detourner-de-lenergie-nucleaire-est-une-decision-desastreuse-lue-veut-promouvoir-des-reacteurs-plus-petits\/#article\",\"isPartOf\":{\"@id\":\"https:\/\/vieassociative.be\/actualites\/de-wever-se-detourner-de-lenergie-nucleaire-est-une-decision-desastreuse-lue-veut-promouvoir-des-reacteurs-plus-petits\/\"},\"author\":{\"name\":\"Julien\",\"@id\":\"https:\/\/vieassociative.be\/actualites\/#\/schema\/person\/b87ac4f82f9d4e7b7cec7395b679edc4\"},\"headline\":\"De Wever : Se d\u00e9tourner de l\u2019\u00e9nergie nucl\u00e9aire est \u00ab une d\u00e9cision d\u00e9sastreuse \u00bb \u2013 l\u2019UE veut promouvoir des r\u00e9acteurs plus petits\",\"datePublished\":\"2026-03-12T21:17:25+00:00\",\"dateModified\":\"2026-03-12T21:17:25+00:00\",\"mainEntityOfPage\":{\"@id\":\"https:\/\/vieassociative.be\/actualites\/de-wever-se-detourner-de-lenergie-nucleaire-est-une-decision-desastreuse-lue-veut-promouvoir-des-reacteurs-plus-petits\/\"},\"wordCount\":429,\"publisher\":{\"@id\":\"https:\/\/vieassociative.be\/actualites\/#organization\"},\"image\":{\"@id\":\"https:\/\/vieassociative.be\/actualites\/de-wever-se-detourner-de-lenergie-nucleaire-est-une-decision-desastreuse-lue-veut-promouvoir-des-reacteurs-plus-petits\/#primaryimage\"},\"thumbnailUrl\":\"https:\/\/vieassociative.be\/actualites\/wp-content\/uploads\/2026\/03\/1773350246_De-Wever-Se-detourner-de-lenergie-nucleaire-est.jpg\",\"keywords\":[\"d\u00e9cision\",\"Des\",\"d\u00e9sastreuse\",\"d\u00e9tourner\",\"est\",\"L\u00e9nergie\",\"LUE\",\"nucl\u00e9aire\",\"petits\",\"promouvoir\",\"r\u00e9acteurs\",\"une\",\"veut\",\"Wever\"],\"articleSection\":[\"Belgique\"],\"inLanguage\":\"fr-BE\"},{\"@type\":\"WebPage\",\"@id\":\"https:\/\/vieassociative.be\/actualites\/de-wever-se-detourner-de-lenergie-nucleaire-est-une-decision-desastreuse-lue-veut-promouvoir-des-reacteurs-plus-petits\/\",\"url\":\"https:\/\/vieassociative.be\/actualites\/de-wever-se-detourner-de-lenergie-nucleaire-est-une-decision-desastreuse-lue-veut-promouvoir-des-reacteurs-plus-petits\/\",\"name\":\"De Wever : Se d\u00e9tourner de l\u2019\u00e9nergie nucl\u00e9aire est \u00ab une d\u00e9cision d\u00e9sastreuse \u00bb \u2013 l\u2019UE veut promouvoir des r\u00e9acteurs plus petits | Vie Associative\",\"isPartOf\":{\"@id\":\"https:\/\/vieassociative.be\/actualites\/#website\"},\"primaryImageOfPage\":{\"@id\":\"https:\/\/vieassociative.be\/actualites\/de-wever-se-detourner-de-lenergie-nucleaire-est-une-decision-desastreuse-lue-veut-promouvoir-des-reacteurs-plus-petits\/#primaryimage\"},\"image\":{\"@id\":\"https:\/\/vieassociative.be\/actualites\/de-wever-se-detourner-de-lenergie-nucleaire-est-une-decision-desastreuse-lue-veut-promouvoir-des-reacteurs-plus-petits\/#primaryimage\"},\"thumbnailUrl\":\"https:\/\/vieassociative.be\/actualites\/wp-content\/uploads\/2026\/03\/1773350246_De-Wever-Se-detourner-de-lenergie-nucleaire-est.jpg\",\"datePublished\":\"2026-03-12T21:17:25+00:00\",\"dateModified\":\"2026-03-12T21:17:25+00:00\",\"breadcrumb\":{\"@id\":\"https:\/\/vieassociative.be\/actualites\/de-wever-se-detourner-de-lenergie-nucleaire-est-une-decision-desastreuse-lue-veut-promouvoir-des-reacteurs-plus-petits\/#breadcrumb\"},\"inLanguage\":\"fr-BE\",\"potentialAction\":[{\"@type\":\"ReadAction\",\"target\":[\"https:\/\/vieassociative.be\/actualites\/de-wever-se-detourner-de-lenergie-nucleaire-est-une-decision-desastreuse-lue-veut-promouvoir-des-reacteurs-plus-petits\/\"]}]},{\"@type\":\"ImageObject\",\"inLanguage\":\"fr-BE\",\"@id\":\"https:\/\/vieassociative.be\/actualites\/de-wever-se-detourner-de-lenergie-nucleaire-est-une-decision-desastreuse-lue-veut-promouvoir-des-reacteurs-plus-petits\/#primaryimage\",\"url\":\"https:\/\/vieassociative.be\/actualites\/wp-content\/uploads\/2026\/03\/1773350246_De-Wever-Se-detourner-de-lenergie-nucleaire-est.jpg\",\"contentUrl\":\"https:\/\/vieassociative.be\/actualites\/wp-content\/uploads\/2026\/03\/1773350246_De-Wever-Se-detourner-de-lenergie-nucleaire-est.jpg\",\"width\":1200,\"height\":795,\"caption\":\"De Wever : Se d\u00e9tourner de l\u2019\u00e9nergie nucl\u00e9aire est \u00ab une d\u00e9cision d\u00e9sastreuse \u00bb \u2013 l\u2019UE veut promouvoir des r\u00e9acteurs plus petits\"},{\"@type\":\"BreadcrumbList\",\"@id\":\"https:\/\/vieassociative.be\/actualites\/de-wever-se-detourner-de-lenergie-nucleaire-est-une-decision-desastreuse-lue-veut-promouvoir-des-reacteurs-plus-petits\/#breadcrumb\",\"itemListElement\":[{\"@type\":\"ListItem\",\"position\":1,\"name\":\"Accueil\",\"item\":\"https:\/\/vieassociative.be\/actualites\/\"},{\"@type\":\"ListItem\",\"position\":2,\"name\":\"De Wever : Se d\u00e9tourner de l\u2019\u00e9nergie nucl\u00e9aire est \u00ab une d\u00e9cision d\u00e9sastreuse \u00bb \u2013 l\u2019UE veut promouvoir des r\u00e9acteurs plus petits\"}]},{\"@type\":\"WebSite\",\"@id\":\"https:\/\/vieassociative.be\/actualites\/#website\",\"url\":\"https:\/\/vieassociative.be\/actualites\/\",\"name\":\"Vie Associative\",\"description\":\"\",\"publisher\":{\"@id\":\"https:\/\/vieassociative.be\/actualites\/#organization\"},\"potentialAction\":[{\"@type\":\"SearchAction\",\"target\":{\"@type\":\"EntryPoint\",\"urlTemplate\":\"https:\/\/vieassociative.be\/actualites\/?s={search_term_string}\"},\"query-input\":{\"@type\":\"PropertyValueSpecification\",\"valueRequired\":true,\"valueName\":\"search_term_string\"}}],\"inLanguage\":\"fr-BE\"},{\"@type\":\"Organization\",\"@id\":\"https:\/\/vieassociative.be\/actualites\/#organization\",\"name\":\"Vie Associative\",\"url\":\"https:\/\/vieassociative.be\/actualites\/\",\"logo\":{\"@type\":\"ImageObject\",\"inLanguage\":\"fr-BE\",\"@id\":\"https:\/\/vieassociative.be\/actualites\/#\/schema\/logo\/image\/\",\"url\":\"https:\/\/vieassociative.be\/actualites\/wp-content\/uploads\/2024\/09\/cropped-vieassociative_favicon.ico.png\",\"contentUrl\":\"https:\/\/vieassociative.be\/actualites\/wp-content\/uploads\/2024\/09\/cropped-vieassociative_favicon.ico.png\",\"width\":512,\"height\":512,\"caption\":\"Vie Associative\"},\"image\":{\"@id\":\"https:\/\/vieassociative.be\/actualites\/#\/schema\/logo\/image\/\"}},{\"@type\":\"Person\",\"@id\":\"https:\/\/vieassociative.be\/actualites\/#\/schema\/person\/b87ac4f82f9d4e7b7cec7395b679edc4\",\"name\":\"Julien\",\"image\":{\"@type\":\"ImageObject\",\"inLanguage\":\"fr-BE\",\"@id\":\"https:\/\/vieassociative.be\/actualites\/#\/schema\/person\/image\/\",\"url\":\"https:\/\/vieassociative.be\/actualites\/wp-content\/uploads\/2024\/09\/vie-associative-1-150x150.jpg\",\"contentUrl\":\"https:\/\/vieassociative.be\/actualites\/wp-content\/uploads\/2024\/09\/vie-associative-1-150x150.jpg\",\"caption\":\"Julien\"},\"description\":\"Je suis Julien, r\u00e9dacteur pour Vie Associative. Passionn\u00e9 par le monde associatif depuis plus de 10 ans, j'ai \u00e0 c\u0153ur de partager des histoires inspirantes et de mettre en lumi\u00e8re les initiatives locales. Mon objectif est de sensibiliser et d'encourager l'engagement communautaire \u00e0 travers mes articles.\",\"sameAs\":[\"https:\/\/vieassociative.be\/\"]}]}<\/script>\n<!-- \/ Yoast SEO plugin. -->","yoast_head_json":{"title":"De Wever : Se d\u00e9tourner de l\u2019\u00e9nergie nucl\u00e9aire est \u00ab une d\u00e9cision d\u00e9sastreuse \u00bb \u2013 l\u2019UE veut promouvoir des r\u00e9acteurs plus petits | Vie Associative","robots":{"index":"index","follow":"follow","max-snippet":"max-snippet:-1","max-image-preview":"max-image-preview:large","max-video-preview":"max-video-preview:-1"},"canonical":"https:\/\/vieassociative.be\/actualites\/de-wever-se-detourner-de-lenergie-nucleaire-est-une-decision-desastreuse-lue-veut-promouvoir-des-reacteurs-plus-petits\/","og_locale":"fr_FR","og_type":"article","og_title":"De Wever : Se d\u00e9tourner de l\u2019\u00e9nergie nucl\u00e9aire est \u00ab une d\u00e9cision d\u00e9sastreuse \u00bb \u2013 l\u2019UE veut promouvoir des r\u00e9acteurs plus petits | Vie Associative","og_description":"Dans le cadre de la politique \u00e9nerg\u00e9tique europ\u00e9enne, de plus en plus de voix s\u2019\u00e9l\u00e8vent parmi les dirigeants politiques qui remettent ouvertement en question l\u2019abandon","og_url":"https:\/\/vieassociative.be\/actualites\/de-wever-se-detourner-de-lenergie-nucleaire-est-une-decision-desastreuse-lue-veut-promouvoir-des-reacteurs-plus-petits\/","og_site_name":"Vie Associative","article_published_time":"2026-03-12T21:17:25+00:00","og_image":[{"width":279,"height":92,"url":"https:\/\/vieassociative.be\/actualites\/wp-content\/uploads\/2024\/09\/header_backgroundk-01-e1726694325946.png","type":"image\/png"}],"author":"Julien","twitter_card":"summary_large_image","twitter_misc":{"\u00c9crit par":"Julien","Dur\u00e9e de lecture est.":"2 minutes"},"schema":{"@context":"https:\/\/schema.org","@graph":[{"@type":"Article","@id":"https:\/\/vieassociative.be\/actualites\/de-wever-se-detourner-de-lenergie-nucleaire-est-une-decision-desastreuse-lue-veut-promouvoir-des-reacteurs-plus-petits\/#article","isPartOf":{"@id":"https:\/\/vieassociative.be\/actualites\/de-wever-se-detourner-de-lenergie-nucleaire-est-une-decision-desastreuse-lue-veut-promouvoir-des-reacteurs-plus-petits\/"},"author":{"name":"Julien","@id":"https:\/\/vieassociative.be\/actualites\/#\/schema\/person\/b87ac4f82f9d4e7b7cec7395b679edc4"},"headline":"De Wever : Se d\u00e9tourner de l\u2019\u00e9nergie nucl\u00e9aire est \u00ab une d\u00e9cision d\u00e9sastreuse \u00bb \u2013 l\u2019UE veut promouvoir des r\u00e9acteurs plus petits","datePublished":"2026-03-12T21:17:25+00:00","dateModified":"2026-03-12T21:17:25+00:00","mainEntityOfPage":{"@id":"https:\/\/vieassociative.be\/actualites\/de-wever-se-detourner-de-lenergie-nucleaire-est-une-decision-desastreuse-lue-veut-promouvoir-des-reacteurs-plus-petits\/"},"wordCount":429,"publisher":{"@id":"https:\/\/vieassociative.be\/actualites\/#organization"},"image":{"@id":"https:\/\/vieassociative.be\/actualites\/de-wever-se-detourner-de-lenergie-nucleaire-est-une-decision-desastreuse-lue-veut-promouvoir-des-reacteurs-plus-petits\/#primaryimage"},"thumbnailUrl":"https:\/\/vieassociative.be\/actualites\/wp-content\/uploads\/2026\/03\/1773350246_De-Wever-Se-detourner-de-lenergie-nucleaire-est.jpg","keywords":["d\u00e9cision","Des","d\u00e9sastreuse","d\u00e9tourner","est","L\u00e9nergie","LUE","nucl\u00e9aire","petits","promouvoir","r\u00e9acteurs","une","veut","Wever"],"articleSection":["Belgique"],"inLanguage":"fr-BE"},{"@type":"WebPage","@id":"https:\/\/vieassociative.be\/actualites\/de-wever-se-detourner-de-lenergie-nucleaire-est-une-decision-desastreuse-lue-veut-promouvoir-des-reacteurs-plus-petits\/","url":"https:\/\/vieassociative.be\/actualites\/de-wever-se-detourner-de-lenergie-nucleaire-est-une-decision-desastreuse-lue-veut-promouvoir-des-reacteurs-plus-petits\/","name":"De Wever : Se d\u00e9tourner de l\u2019\u00e9nergie nucl\u00e9aire est \u00ab une d\u00e9cision d\u00e9sastreuse \u00bb \u2013 l\u2019UE veut promouvoir des r\u00e9acteurs plus petits | Vie Associative","isPartOf":{"@id":"https:\/\/vieassociative.be\/actualites\/#website"},"primaryImageOfPage":{"@id":"https:\/\/vieassociative.be\/actualites\/de-wever-se-detourner-de-lenergie-nucleaire-est-une-decision-desastreuse-lue-veut-promouvoir-des-reacteurs-plus-petits\/#primaryimage"},"image":{"@id":"https:\/\/vieassociative.be\/actualites\/de-wever-se-detourner-de-lenergie-nucleaire-est-une-decision-desastreuse-lue-veut-promouvoir-des-reacteurs-plus-petits\/#primaryimage"},"thumbnailUrl":"https:\/\/vieassociative.be\/actualites\/wp-content\/uploads\/2026\/03\/1773350246_De-Wever-Se-detourner-de-lenergie-nucleaire-est.jpg","datePublished":"2026-03-12T21:17:25+00:00","dateModified":"2026-03-12T21:17:25+00:00","breadcrumb":{"@id":"https:\/\/vieassociative.be\/actualites\/de-wever-se-detourner-de-lenergie-nucleaire-est-une-decision-desastreuse-lue-veut-promouvoir-des-reacteurs-plus-petits\/#breadcrumb"},"inLanguage":"fr-BE","potentialAction":[{"@type":"ReadAction","target":["https:\/\/vieassociative.be\/actualites\/de-wever-se-detourner-de-lenergie-nucleaire-est-une-decision-desastreuse-lue-veut-promouvoir-des-reacteurs-plus-petits\/"]}]},{"@type":"ImageObject","inLanguage":"fr-BE","@id":"https:\/\/vieassociative.be\/actualites\/de-wever-se-detourner-de-lenergie-nucleaire-est-une-decision-desastreuse-lue-veut-promouvoir-des-reacteurs-plus-petits\/#primaryimage","url":"https:\/\/vieassociative.be\/actualites\/wp-content\/uploads\/2026\/03\/1773350246_De-Wever-Se-detourner-de-lenergie-nucleaire-est.jpg","contentUrl":"https:\/\/vieassociative.be\/actualites\/wp-content\/uploads\/2026\/03\/1773350246_De-Wever-Se-detourner-de-lenergie-nucleaire-est.jpg","width":1200,"height":795,"caption":"De Wever : Se d\u00e9tourner de l\u2019\u00e9nergie nucl\u00e9aire est \u00ab une d\u00e9cision d\u00e9sastreuse \u00bb \u2013 l\u2019UE veut promouvoir des r\u00e9acteurs plus petits"},{"@type":"BreadcrumbList","@id":"https:\/\/vieassociative.be\/actualites\/de-wever-se-detourner-de-lenergie-nucleaire-est-une-decision-desastreuse-lue-veut-promouvoir-des-reacteurs-plus-petits\/#breadcrumb","itemListElement":[{"@type":"ListItem","position":1,"name":"Accueil","item":"https:\/\/vieassociative.be\/actualites\/"},{"@type":"ListItem","position":2,"name":"De Wever : Se d\u00e9tourner de l\u2019\u00e9nergie nucl\u00e9aire est \u00ab une d\u00e9cision d\u00e9sastreuse \u00bb \u2013 l\u2019UE veut promouvoir des r\u00e9acteurs plus petits"}]},{"@type":"WebSite","@id":"https:\/\/vieassociative.be\/actualites\/#website","url":"https:\/\/vieassociative.be\/actualites\/","name":"Vie Associative","description":"","publisher":{"@id":"https:\/\/vieassociative.be\/actualites\/#organization"},"potentialAction":[{"@type":"SearchAction","target":{"@type":"EntryPoint","urlTemplate":"https:\/\/vieassociative.be\/actualites\/?s={search_term_string}"},"query-input":{"@type":"PropertyValueSpecification","valueRequired":true,"valueName":"search_term_string"}}],"inLanguage":"fr-BE"},{"@type":"Organization","@id":"https:\/\/vieassociative.be\/actualites\/#organization","name":"Vie Associative","url":"https:\/\/vieassociative.be\/actualites\/","logo":{"@type":"ImageObject","inLanguage":"fr-BE","@id":"https:\/\/vieassociative.be\/actualites\/#\/schema\/logo\/image\/","url":"https:\/\/vieassociative.be\/actualites\/wp-content\/uploads\/2024\/09\/cropped-vieassociative_favicon.ico.png","contentUrl":"https:\/\/vieassociative.be\/actualites\/wp-content\/uploads\/2024\/09\/cropped-vieassociative_favicon.ico.png","width":512,"height":512,"caption":"Vie Associative"},"image":{"@id":"https:\/\/vieassociative.be\/actualites\/#\/schema\/logo\/image\/"}},{"@type":"Person","@id":"https:\/\/vieassociative.be\/actualites\/#\/schema\/person\/b87ac4f82f9d4e7b7cec7395b679edc4","name":"Julien","image":{"@type":"ImageObject","inLanguage":"fr-BE","@id":"https:\/\/vieassociative.be\/actualites\/#\/schema\/person\/image\/","url":"https:\/\/vieassociative.be\/actualites\/wp-content\/uploads\/2024\/09\/vie-associative-1-150x150.jpg","contentUrl":"https:\/\/vieassociative.be\/actualites\/wp-content\/uploads\/2024\/09\/vie-associative-1-150x150.jpg","caption":"Julien"},"description":"Je suis Julien, r\u00e9dacteur pour Vie Associative. Passionn\u00e9 par le monde associatif depuis plus de 10 ans, j'ai \u00e0 c\u0153ur de partager des histoires inspirantes et de mettre en lumi\u00e8re les initiatives locales. Mon objectif est de sensibiliser et d'encourager l'engagement communautaire \u00e0 travers mes articles.","sameAs":["https:\/\/vieassociative.be\/"]}]}},"_links":{"self":[{"href":"https:\/\/vieassociative.be\/actualites\/wp-json\/wp\/v2\/posts\/12998"}],"collection":[{"href":"https:\/\/vieassociative.be\/actualites\/wp-json\/wp\/v2\/posts"}],"about":[{"href":"https:\/\/vieassociative.be\/actualites\/wp-json\/wp\/v2\/types\/post"}],"author":[{"embeddable":true,"href":"https:\/\/vieassociative.be\/actualites\/wp-json\/wp\/v2\/users\/1"}],"replies":[{"embeddable":true,"href":"https:\/\/vieassociative.be\/actualites\/wp-json\/wp\/v2\/comments?post=12998"}],"version-history":[{"count":0,"href":"https:\/\/vieassociative.be\/actualites\/wp-json\/wp\/v2\/posts\/12998\/revisions"}],"wp:featuredmedia":[{"embeddable":true,"href":"https:\/\/vieassociative.be\/actualites\/wp-json\/wp\/v2\/media\/12999"}],"wp:attachment":[{"href":"https:\/\/vieassociative.be\/actualites\/wp-json\/wp\/v2\/media?parent=12998"}],"wp:term":[{"taxonomy":"category","embeddable":true,"href":"https:\/\/vieassociative.be\/actualites\/wp-json\/wp\/v2\/categories?post=12998"},{"taxonomy":"post_tag","embeddable":true,"href":"https:\/\/vieassociative.be\/actualites\/wp-json\/wp\/v2\/tags?post=12998"}],"curies":[{"name":"wp","href":"https:\/\/api.w.org\/{rel}","templated":true}]}}