{"id":12994,"date":"2026-03-12T16:17:08","date_gmt":"2026-03-12T15:17:08","guid":{"rendered":"https:\/\/vieassociative.be\/actualites\/le-leader-de-lafd-extremement-decu-par-donald-trump-giorgia-meloni-devient-elle-une-figure-de-proue-de-la-droite\/"},"modified":"2026-03-12T16:17:08","modified_gmt":"2026-03-12T15:17:08","slug":"le-leader-de-lafd-extremement-decu-par-donald-trump-giorgia-meloni-devient-elle-une-figure-de-proue-de-la-droite","status":"publish","type":"post","link":"https:\/\/vieassociative.be\/actualites\/le-leader-de-lafd-extremement-decu-par-donald-trump-giorgia-meloni-devient-elle-une-figure-de-proue-de-la-droite\/","title":{"rendered":"Le leader de l\u2019AfD \u00ab extr\u00eamement d\u00e9\u00e7u \u00bb par Donald Trump \u2013 Giorgia Meloni devient-elle une figure de proue de la droite ?"},"content":{"rendered":"<p><strong>Dans l&rsquo;\u00e9mission Markus Lanz de la ZDF, le pr\u00e9sident f\u00e9d\u00e9ral de l&rsquo;AfD, Tino Chrupalla, a exprim\u00e9 des critiques \u00e9tonnamment claires \u00e0 l&rsquo;\u00e9gard du pr\u00e9sident am\u00e9ricain Donald Trump. La principale raison \u00e9tait l\u2019escalade actuelle du conflit avec l\u2019Iran et le r\u00f4le des \u00c9tats-Unis dans ce conflit.<\/strong><\/p>\n<p><span id=\"more-437518\"><\/span>Dans l\u2019\u00e9mission, Chrupalla s\u2019est dit \u00ab extr\u00eamement d\u00e9\u00e7u par Donald Trump \u00bb. Il a particuli\u00e8rement critiqu\u00e9 ce qu\u2019il consid\u00e9rait comme un non-respect par Trump de ses principales promesses de campagne. Pendant la campagne \u00e9lectorale, Trump a accus\u00e9 ses adversaires d&rsquo;avoir d\u00e9clench\u00e9 une troisi\u00e8me guerre mondiale &#8211; maintenant, il voit lui-m\u00eame le danger que la situation ne d\u00e9g\u00e9n\u00e8re sous Trump.<\/p>\n<\/p>\n<div id=\"attachment_437520\" class=\"wp-caption alignleft\" style=\"max-width: 300px\"><img fetchpriority=\"high\" decoding=\"async\" class=\"wp-image-437520 size-medium\" src=\"https:\/\/vieassociative.be\/actualites\/wp-content\/uploads\/2026\/03\/Le-leader-de-lAfD-extremement-decu-par-Donald.jpg\" alt=\"\" width=\"300\" height=\"200\"><\/div>\n<p>Chrupalla a d\u00e9clar\u00e9 qu&rsquo;il ne voyait aucune strat\u00e9gie claire derri\u00e8re les actions militaires des \u00c9tats-Unis et d&rsquo;Isra\u00ebl dans le conflit avec l&rsquo;Iran. Selon lui, la guerre \u00e9tait \u00ab contraire au droit international \u00bb et il n\u2019existait aucune strat\u00e9gie de sortie perceptible.<\/p>\n<p><strong>\u2013 Avertissement d\u2019une plus grande guerre :<\/strong> Le politicien de l\u2019AfD a m\u00eame exprim\u00e9 sa crainte que cette \u00e9volution ne conduise \u00e0 une escalade mondiale. Il a litt\u00e9ralement dit que nous pourrions \u00eatre \u00ab au seuil \u00bb d\u2019une guerre majeure.<\/p>\n<p>Ce faisant, il s\u2019est clairement oppos\u00e9 \u00e0 la ligne de conduite du gouvernement am\u00e9ricain ainsi qu\u2019aux voix au sein de l\u2019AfD qui continuent de soutenir Trump. Il existe actuellement diff\u00e9rentes \u00e9valuations de la politique \u00e9trang\u00e8re am\u00e9ricaine au sein du parti.<\/p>\n<p>Ces propos ont \u00e9t\u00e9 tenus dans le cadre d&rsquo;une \u00e9mission dans laquelle le mod\u00e9rateur Lanz remettait en question la ligne de politique \u00e9trang\u00e8re de l&rsquo;AfD. Outre le conflit iranien, il y avait \u00e9galement des tensions internes au sein du parti et des all\u00e9gations de n\u00e9potisme.<\/p>\n<div id=\"attachment_437522\" class=\"wp-caption alignleft\" style=\"max-width: 300px\"><img decoding=\"async\" class=\"wp-image-437522 size-medium\" src=\"https:\/\/vieassociative.be\/actualites\/wp-content\/uploads\/2026\/03\/1773328628_135_Le-leader-de-lAfD-extremement-decu-par-Donald.jpg\" alt=\"\" width=\"300\" height=\"200\"><\/div>\n<p>Les critiques de Chrupalla sont particuli\u00e8rement visibles car il a \u00e9t\u00e9 invit\u00e9 \u00e0 l&rsquo;investiture de Trump \u00e0 Washington d\u00e9but 2025 et a parfois \u00e9t\u00e9 consid\u00e9r\u00e9 comme un sympathisant politique du pr\u00e9sident am\u00e9ricain.<\/p>\n<p><strong>\u2013 Meloni mod\u00e8le possible pour les partis de droite :<\/strong> Dans le d\u00e9bat politique, ce point est parfois compar\u00e9 aux \u00e9volutions dans d\u2019autres partis de droite europ\u00e9ens. Un exemple fr\u00e9quemment cit\u00e9 est celui de la Premi\u00e8re ministre italienne Giorgia Meloni, du parti Fratelli d&rsquo;Italia. Bien que son parti fasse \u00e9galement partie du spectre politique de droite, Meloni poursuit une politique \u00e9trang\u00e8re clairement pro-occidentale. Elle soutient les liens de l&rsquo;Italie avec l&rsquo;OTAN, prend clairement position contre le pr\u00e9sident russe Vladimir Poutine et soutient l&rsquo;Ukraine dans la guerre contre la Russie.<\/p>\n<p>Les politologues y voient un mod\u00e8le possible pour les partis de droite qui aspirent \u00e0 assumer des responsabilit\u00e9s gouvernementales : se montrer conservateurs ou critiques \u00e0 l\u2019\u00e9gard de l\u2019immigration dans leur politique int\u00e9rieure, mais en m\u00eame temps rester fermement dans le syst\u00e8me d\u2019alliance occidentale en mati\u00e8re de politique \u00e9trang\u00e8re. (cr\u00e9er)<\/p>\n","protected":false},"excerpt":{"rendered":"<p>Dans l&rsquo;\u00e9mission Markus Lanz de la ZDF, le pr\u00e9sident f\u00e9d\u00e9ral de l&rsquo;AfD, Tino Chrupalla, a exprim\u00e9 des critiques \u00e9tonnamment claires \u00e0 l&rsquo;\u00e9gard du pr\u00e9sident am\u00e9ricain<\/p>\n","protected":false},"author":1,"featured_media":12995,"comment_status":"","ping_status":"","sticky":false,"template":"","format":"standard","meta":{"footnotes":""},"categories":[298],"tags":[5260,10228,2424,2319,3890,8834,10227,3439,4502,4797,676,10229,2425,110],"class_list":["post-12994","post","type-post","status-publish","format-standard","has-post-thumbnail","hentry","category-belgique","tag-decu","tag-devientelle","tag-donald","tag-droite","tag-extremement","tag-figure","tag-giorgia","tag-lafd","tag-leader","tag-meloni","tag-par","tag-proue","tag-trump","tag-une","generate-columns","tablet-grid-50","mobile-grid-100","grid-parent","grid-33"],"yoast_head":"<!-- This site is optimized with the Yoast SEO plugin v24.0 - https:\/\/yoast.com\/wordpress\/plugins\/seo\/ -->\n<title>Le leader de l\u2019AfD \u00ab extr\u00eamement d\u00e9\u00e7u \u00bb par Donald Trump \u2013 Giorgia Meloni devient-elle une figure de proue de la droite ? | Vie Associative<\/title>\n<meta name=\"robots\" content=\"index, follow, max-snippet:-1, max-image-preview:large, max-video-preview:-1\" \/>\n<link rel=\"canonical\" href=\"https:\/\/vieassociative.be\/actualites\/le-leader-de-lafd-extremement-decu-par-donald-trump-giorgia-meloni-devient-elle-une-figure-de-proue-de-la-droite\/\" \/>\n<meta property=\"og:locale\" content=\"fr_FR\" \/>\n<meta property=\"og:type\" content=\"article\" \/>\n<meta property=\"og:title\" content=\"Le leader de l\u2019AfD \u00ab extr\u00eamement d\u00e9\u00e7u \u00bb par Donald Trump \u2013 Giorgia Meloni devient-elle une figure de proue de la droite ? | Vie Associative\" \/>\n<meta property=\"og:description\" content=\"Dans l&rsquo;\u00e9mission Markus Lanz de la ZDF, le pr\u00e9sident f\u00e9d\u00e9ral de l&rsquo;AfD, Tino Chrupalla, a exprim\u00e9 des critiques \u00e9tonnamment claires \u00e0 l&rsquo;\u00e9gard du pr\u00e9sident am\u00e9ricain\" \/>\n<meta property=\"og:url\" content=\"https:\/\/vieassociative.be\/actualites\/le-leader-de-lafd-extremement-decu-par-donald-trump-giorgia-meloni-devient-elle-une-figure-de-proue-de-la-droite\/\" \/>\n<meta property=\"og:site_name\" content=\"Vie Associative\" \/>\n<meta property=\"article:published_time\" content=\"2026-03-12T15:17:08+00:00\" \/>\n<meta property=\"og:image\" content=\"https:\/\/vieassociative.be\/actualites\/wp-content\/uploads\/2024\/09\/header_backgroundk-01-e1726694325946.png\" \/>\n\t<meta property=\"og:image:width\" content=\"279\" \/>\n\t<meta property=\"og:image:height\" content=\"92\" \/>\n\t<meta property=\"og:image:type\" content=\"image\/png\" \/>\n<meta name=\"author\" content=\"Julien\" \/>\n<meta name=\"twitter:card\" content=\"summary_large_image\" \/>\n<meta name=\"twitter:label1\" content=\"\u00c9crit par\" \/>\n\t<meta name=\"twitter:data1\" content=\"Julien\" \/>\n\t<meta name=\"twitter:label2\" content=\"Dur\u00e9e de lecture est.\" \/>\n\t<meta name=\"twitter:data2\" content=\"2 minutes\" \/>\n<script type=\"application\/ld+json\" class=\"yoast-schema-graph\">{\"@context\":\"https:\/\/schema.org\",\"@graph\":[{\"@type\":\"Article\",\"@id\":\"https:\/\/vieassociative.be\/actualites\/le-leader-de-lafd-extremement-decu-par-donald-trump-giorgia-meloni-devient-elle-une-figure-de-proue-de-la-droite\/#article\",\"isPartOf\":{\"@id\":\"https:\/\/vieassociative.be\/actualites\/le-leader-de-lafd-extremement-decu-par-donald-trump-giorgia-meloni-devient-elle-une-figure-de-proue-de-la-droite\/\"},\"author\":{\"name\":\"Julien\",\"@id\":\"https:\/\/vieassociative.be\/actualites\/#\/schema\/person\/b87ac4f82f9d4e7b7cec7395b679edc4\"},\"headline\":\"Le leader de l\u2019AfD \u00ab extr\u00eamement d\u00e9\u00e7u \u00bb par Donald Trump \u2013 Giorgia Meloni devient-elle une figure de proue de la droite ?\",\"datePublished\":\"2026-03-12T15:17:08+00:00\",\"dateModified\":\"2026-03-12T15:17:08+00:00\",\"mainEntityOfPage\":{\"@id\":\"https:\/\/vieassociative.be\/actualites\/le-leader-de-lafd-extremement-decu-par-donald-trump-giorgia-meloni-devient-elle-une-figure-de-proue-de-la-droite\/\"},\"wordCount\":525,\"publisher\":{\"@id\":\"https:\/\/vieassociative.be\/actualites\/#organization\"},\"image\":{\"@id\":\"https:\/\/vieassociative.be\/actualites\/le-leader-de-lafd-extremement-decu-par-donald-trump-giorgia-meloni-devient-elle-une-figure-de-proue-de-la-droite\/#primaryimage\"},\"thumbnailUrl\":\"https:\/\/vieassociative.be\/actualites\/wp-content\/uploads\/2026\/03\/1773328629_Le-leader-de-lAfD-extremement-decu-par-Donald.jpg\",\"keywords\":[\"d\u00e9\u00e7u\",\"devientelle\",\"Donald\",\"droite\",\"extr\u00eamement\",\"figure\",\"Giorgia\",\"lAfD\",\"leader\",\"Meloni\",\"par\",\"proue\",\"Trump\",\"une\"],\"articleSection\":[\"Belgique\"],\"inLanguage\":\"fr-BE\"},{\"@type\":\"WebPage\",\"@id\":\"https:\/\/vieassociative.be\/actualites\/le-leader-de-lafd-extremement-decu-par-donald-trump-giorgia-meloni-devient-elle-une-figure-de-proue-de-la-droite\/\",\"url\":\"https:\/\/vieassociative.be\/actualites\/le-leader-de-lafd-extremement-decu-par-donald-trump-giorgia-meloni-devient-elle-une-figure-de-proue-de-la-droite\/\",\"name\":\"Le leader de l\u2019AfD \u00ab extr\u00eamement d\u00e9\u00e7u \u00bb par Donald Trump \u2013 Giorgia Meloni devient-elle une figure de proue de la droite ? | Vie Associative\",\"isPartOf\":{\"@id\":\"https:\/\/vieassociative.be\/actualites\/#website\"},\"primaryImageOfPage\":{\"@id\":\"https:\/\/vieassociative.be\/actualites\/le-leader-de-lafd-extremement-decu-par-donald-trump-giorgia-meloni-devient-elle-une-figure-de-proue-de-la-droite\/#primaryimage\"},\"image\":{\"@id\":\"https:\/\/vieassociative.be\/actualites\/le-leader-de-lafd-extremement-decu-par-donald-trump-giorgia-meloni-devient-elle-une-figure-de-proue-de-la-droite\/#primaryimage\"},\"thumbnailUrl\":\"https:\/\/vieassociative.be\/actualites\/wp-content\/uploads\/2026\/03\/1773328629_Le-leader-de-lAfD-extremement-decu-par-Donald.jpg\",\"datePublished\":\"2026-03-12T15:17:08+00:00\",\"dateModified\":\"2026-03-12T15:17:08+00:00\",\"breadcrumb\":{\"@id\":\"https:\/\/vieassociative.be\/actualites\/le-leader-de-lafd-extremement-decu-par-donald-trump-giorgia-meloni-devient-elle-une-figure-de-proue-de-la-droite\/#breadcrumb\"},\"inLanguage\":\"fr-BE\",\"potentialAction\":[{\"@type\":\"ReadAction\",\"target\":[\"https:\/\/vieassociative.be\/actualites\/le-leader-de-lafd-extremement-decu-par-donald-trump-giorgia-meloni-devient-elle-une-figure-de-proue-de-la-droite\/\"]}]},{\"@type\":\"ImageObject\",\"inLanguage\":\"fr-BE\",\"@id\":\"https:\/\/vieassociative.be\/actualites\/le-leader-de-lafd-extremement-decu-par-donald-trump-giorgia-meloni-devient-elle-une-figure-de-proue-de-la-droite\/#primaryimage\",\"url\":\"https:\/\/vieassociative.be\/actualites\/wp-content\/uploads\/2026\/03\/1773328629_Le-leader-de-lAfD-extremement-decu-par-Donald.jpg\",\"contentUrl\":\"https:\/\/vieassociative.be\/actualites\/wp-content\/uploads\/2026\/03\/1773328629_Le-leader-de-lAfD-extremement-decu-par-Donald.jpg\",\"width\":1200,\"height\":800,\"caption\":\"Le leader de l\u2019AfD \u00ab extr\u00eamement d\u00e9\u00e7u \u00bb par Donald Trump \u2013 Giorgia Meloni devient-elle une figure de proue de la droite ?\"},{\"@type\":\"BreadcrumbList\",\"@id\":\"https:\/\/vieassociative.be\/actualites\/le-leader-de-lafd-extremement-decu-par-donald-trump-giorgia-meloni-devient-elle-une-figure-de-proue-de-la-droite\/#breadcrumb\",\"itemListElement\":[{\"@type\":\"ListItem\",\"position\":1,\"name\":\"Accueil\",\"item\":\"https:\/\/vieassociative.be\/actualites\/\"},{\"@type\":\"ListItem\",\"position\":2,\"name\":\"Le leader de l\u2019AfD \u00ab extr\u00eamement d\u00e9\u00e7u \u00bb par Donald Trump \u2013 Giorgia Meloni devient-elle une figure de proue de la droite ?\"}]},{\"@type\":\"WebSite\",\"@id\":\"https:\/\/vieassociative.be\/actualites\/#website\",\"url\":\"https:\/\/vieassociative.be\/actualites\/\",\"name\":\"Vie Associative\",\"description\":\"\",\"publisher\":{\"@id\":\"https:\/\/vieassociative.be\/actualites\/#organization\"},\"potentialAction\":[{\"@type\":\"SearchAction\",\"target\":{\"@type\":\"EntryPoint\",\"urlTemplate\":\"https:\/\/vieassociative.be\/actualites\/?s={search_term_string}\"},\"query-input\":{\"@type\":\"PropertyValueSpecification\",\"valueRequired\":true,\"valueName\":\"search_term_string\"}}],\"inLanguage\":\"fr-BE\"},{\"@type\":\"Organization\",\"@id\":\"https:\/\/vieassociative.be\/actualites\/#organization\",\"name\":\"Vie Associative\",\"url\":\"https:\/\/vieassociative.be\/actualites\/\",\"logo\":{\"@type\":\"ImageObject\",\"inLanguage\":\"fr-BE\",\"@id\":\"https:\/\/vieassociative.be\/actualites\/#\/schema\/logo\/image\/\",\"url\":\"https:\/\/vieassociative.be\/actualites\/wp-content\/uploads\/2024\/09\/cropped-vieassociative_favicon.ico.png\",\"contentUrl\":\"https:\/\/vieassociative.be\/actualites\/wp-content\/uploads\/2024\/09\/cropped-vieassociative_favicon.ico.png\",\"width\":512,\"height\":512,\"caption\":\"Vie Associative\"},\"image\":{\"@id\":\"https:\/\/vieassociative.be\/actualites\/#\/schema\/logo\/image\/\"}},{\"@type\":\"Person\",\"@id\":\"https:\/\/vieassociative.be\/actualites\/#\/schema\/person\/b87ac4f82f9d4e7b7cec7395b679edc4\",\"name\":\"Julien\",\"image\":{\"@type\":\"ImageObject\",\"inLanguage\":\"fr-BE\",\"@id\":\"https:\/\/vieassociative.be\/actualites\/#\/schema\/person\/image\/\",\"url\":\"https:\/\/vieassociative.be\/actualites\/wp-content\/uploads\/2024\/09\/vie-associative-1-150x150.jpg\",\"contentUrl\":\"https:\/\/vieassociative.be\/actualites\/wp-content\/uploads\/2024\/09\/vie-associative-1-150x150.jpg\",\"caption\":\"Julien\"},\"description\":\"Je suis Julien, r\u00e9dacteur pour Vie Associative. Passionn\u00e9 par le monde associatif depuis plus de 10 ans, j'ai \u00e0 c\u0153ur de partager des histoires inspirantes et de mettre en lumi\u00e8re les initiatives locales. Mon objectif est de sensibiliser et d'encourager l'engagement communautaire \u00e0 travers mes articles.\",\"sameAs\":[\"https:\/\/vieassociative.be\/\"]}]}<\/script>\n<!-- \/ Yoast SEO plugin. -->","yoast_head_json":{"title":"Le leader de l\u2019AfD \u00ab extr\u00eamement d\u00e9\u00e7u \u00bb par Donald Trump \u2013 Giorgia Meloni devient-elle une figure de proue de la droite ? | Vie Associative","robots":{"index":"index","follow":"follow","max-snippet":"max-snippet:-1","max-image-preview":"max-image-preview:large","max-video-preview":"max-video-preview:-1"},"canonical":"https:\/\/vieassociative.be\/actualites\/le-leader-de-lafd-extremement-decu-par-donald-trump-giorgia-meloni-devient-elle-une-figure-de-proue-de-la-droite\/","og_locale":"fr_FR","og_type":"article","og_title":"Le leader de l\u2019AfD \u00ab extr\u00eamement d\u00e9\u00e7u \u00bb par Donald Trump \u2013 Giorgia Meloni devient-elle une figure de proue de la droite ? | Vie Associative","og_description":"Dans l&rsquo;\u00e9mission Markus Lanz de la ZDF, le pr\u00e9sident f\u00e9d\u00e9ral de l&rsquo;AfD, Tino Chrupalla, a exprim\u00e9 des critiques \u00e9tonnamment claires \u00e0 l&rsquo;\u00e9gard du pr\u00e9sident am\u00e9ricain","og_url":"https:\/\/vieassociative.be\/actualites\/le-leader-de-lafd-extremement-decu-par-donald-trump-giorgia-meloni-devient-elle-une-figure-de-proue-de-la-droite\/","og_site_name":"Vie Associative","article_published_time":"2026-03-12T15:17:08+00:00","og_image":[{"width":279,"height":92,"url":"https:\/\/vieassociative.be\/actualites\/wp-content\/uploads\/2024\/09\/header_backgroundk-01-e1726694325946.png","type":"image\/png"}],"author":"Julien","twitter_card":"summary_large_image","twitter_misc":{"\u00c9crit par":"Julien","Dur\u00e9e de lecture est.":"2 minutes"},"schema":{"@context":"https:\/\/schema.org","@graph":[{"@type":"Article","@id":"https:\/\/vieassociative.be\/actualites\/le-leader-de-lafd-extremement-decu-par-donald-trump-giorgia-meloni-devient-elle-une-figure-de-proue-de-la-droite\/#article","isPartOf":{"@id":"https:\/\/vieassociative.be\/actualites\/le-leader-de-lafd-extremement-decu-par-donald-trump-giorgia-meloni-devient-elle-une-figure-de-proue-de-la-droite\/"},"author":{"name":"Julien","@id":"https:\/\/vieassociative.be\/actualites\/#\/schema\/person\/b87ac4f82f9d4e7b7cec7395b679edc4"},"headline":"Le leader de l\u2019AfD \u00ab extr\u00eamement d\u00e9\u00e7u \u00bb par Donald Trump \u2013 Giorgia Meloni devient-elle une figure de proue de la droite ?","datePublished":"2026-03-12T15:17:08+00:00","dateModified":"2026-03-12T15:17:08+00:00","mainEntityOfPage":{"@id":"https:\/\/vieassociative.be\/actualites\/le-leader-de-lafd-extremement-decu-par-donald-trump-giorgia-meloni-devient-elle-une-figure-de-proue-de-la-droite\/"},"wordCount":525,"publisher":{"@id":"https:\/\/vieassociative.be\/actualites\/#organization"},"image":{"@id":"https:\/\/vieassociative.be\/actualites\/le-leader-de-lafd-extremement-decu-par-donald-trump-giorgia-meloni-devient-elle-une-figure-de-proue-de-la-droite\/#primaryimage"},"thumbnailUrl":"https:\/\/vieassociative.be\/actualites\/wp-content\/uploads\/2026\/03\/1773328629_Le-leader-de-lAfD-extremement-decu-par-Donald.jpg","keywords":["d\u00e9\u00e7u","devientelle","Donald","droite","extr\u00eamement","figure","Giorgia","lAfD","leader","Meloni","par","proue","Trump","une"],"articleSection":["Belgique"],"inLanguage":"fr-BE"},{"@type":"WebPage","@id":"https:\/\/vieassociative.be\/actualites\/le-leader-de-lafd-extremement-decu-par-donald-trump-giorgia-meloni-devient-elle-une-figure-de-proue-de-la-droite\/","url":"https:\/\/vieassociative.be\/actualites\/le-leader-de-lafd-extremement-decu-par-donald-trump-giorgia-meloni-devient-elle-une-figure-de-proue-de-la-droite\/","name":"Le leader de l\u2019AfD \u00ab extr\u00eamement d\u00e9\u00e7u \u00bb par Donald Trump \u2013 Giorgia Meloni devient-elle une figure de proue de la droite ? | Vie Associative","isPartOf":{"@id":"https:\/\/vieassociative.be\/actualites\/#website"},"primaryImageOfPage":{"@id":"https:\/\/vieassociative.be\/actualites\/le-leader-de-lafd-extremement-decu-par-donald-trump-giorgia-meloni-devient-elle-une-figure-de-proue-de-la-droite\/#primaryimage"},"image":{"@id":"https:\/\/vieassociative.be\/actualites\/le-leader-de-lafd-extremement-decu-par-donald-trump-giorgia-meloni-devient-elle-une-figure-de-proue-de-la-droite\/#primaryimage"},"thumbnailUrl":"https:\/\/vieassociative.be\/actualites\/wp-content\/uploads\/2026\/03\/1773328629_Le-leader-de-lAfD-extremement-decu-par-Donald.jpg","datePublished":"2026-03-12T15:17:08+00:00","dateModified":"2026-03-12T15:17:08+00:00","breadcrumb":{"@id":"https:\/\/vieassociative.be\/actualites\/le-leader-de-lafd-extremement-decu-par-donald-trump-giorgia-meloni-devient-elle-une-figure-de-proue-de-la-droite\/#breadcrumb"},"inLanguage":"fr-BE","potentialAction":[{"@type":"ReadAction","target":["https:\/\/vieassociative.be\/actualites\/le-leader-de-lafd-extremement-decu-par-donald-trump-giorgia-meloni-devient-elle-une-figure-de-proue-de-la-droite\/"]}]},{"@type":"ImageObject","inLanguage":"fr-BE","@id":"https:\/\/vieassociative.be\/actualites\/le-leader-de-lafd-extremement-decu-par-donald-trump-giorgia-meloni-devient-elle-une-figure-de-proue-de-la-droite\/#primaryimage","url":"https:\/\/vieassociative.be\/actualites\/wp-content\/uploads\/2026\/03\/1773328629_Le-leader-de-lAfD-extremement-decu-par-Donald.jpg","contentUrl":"https:\/\/vieassociative.be\/actualites\/wp-content\/uploads\/2026\/03\/1773328629_Le-leader-de-lAfD-extremement-decu-par-Donald.jpg","width":1200,"height":800,"caption":"Le leader de l\u2019AfD \u00ab extr\u00eamement d\u00e9\u00e7u \u00bb par Donald Trump \u2013 Giorgia Meloni devient-elle une figure de proue de la droite ?"},{"@type":"BreadcrumbList","@id":"https:\/\/vieassociative.be\/actualites\/le-leader-de-lafd-extremement-decu-par-donald-trump-giorgia-meloni-devient-elle-une-figure-de-proue-de-la-droite\/#breadcrumb","itemListElement":[{"@type":"ListItem","position":1,"name":"Accueil","item":"https:\/\/vieassociative.be\/actualites\/"},{"@type":"ListItem","position":2,"name":"Le leader de l\u2019AfD \u00ab extr\u00eamement d\u00e9\u00e7u \u00bb par Donald Trump \u2013 Giorgia Meloni devient-elle une figure de proue de la droite ?"}]},{"@type":"WebSite","@id":"https:\/\/vieassociative.be\/actualites\/#website","url":"https:\/\/vieassociative.be\/actualites\/","name":"Vie Associative","description":"","publisher":{"@id":"https:\/\/vieassociative.be\/actualites\/#organization"},"potentialAction":[{"@type":"SearchAction","target":{"@type":"EntryPoint","urlTemplate":"https:\/\/vieassociative.be\/actualites\/?s={search_term_string}"},"query-input":{"@type":"PropertyValueSpecification","valueRequired":true,"valueName":"search_term_string"}}],"inLanguage":"fr-BE"},{"@type":"Organization","@id":"https:\/\/vieassociative.be\/actualites\/#organization","name":"Vie Associative","url":"https:\/\/vieassociative.be\/actualites\/","logo":{"@type":"ImageObject","inLanguage":"fr-BE","@id":"https:\/\/vieassociative.be\/actualites\/#\/schema\/logo\/image\/","url":"https:\/\/vieassociative.be\/actualites\/wp-content\/uploads\/2024\/09\/cropped-vieassociative_favicon.ico.png","contentUrl":"https:\/\/vieassociative.be\/actualites\/wp-content\/uploads\/2024\/09\/cropped-vieassociative_favicon.ico.png","width":512,"height":512,"caption":"Vie Associative"},"image":{"@id":"https:\/\/vieassociative.be\/actualites\/#\/schema\/logo\/image\/"}},{"@type":"Person","@id":"https:\/\/vieassociative.be\/actualites\/#\/schema\/person\/b87ac4f82f9d4e7b7cec7395b679edc4","name":"Julien","image":{"@type":"ImageObject","inLanguage":"fr-BE","@id":"https:\/\/vieassociative.be\/actualites\/#\/schema\/person\/image\/","url":"https:\/\/vieassociative.be\/actualites\/wp-content\/uploads\/2024\/09\/vie-associative-1-150x150.jpg","contentUrl":"https:\/\/vieassociative.be\/actualites\/wp-content\/uploads\/2024\/09\/vie-associative-1-150x150.jpg","caption":"Julien"},"description":"Je suis Julien, r\u00e9dacteur pour Vie Associative. Passionn\u00e9 par le monde associatif depuis plus de 10 ans, j'ai \u00e0 c\u0153ur de partager des histoires inspirantes et de mettre en lumi\u00e8re les initiatives locales. Mon objectif est de sensibiliser et d'encourager l'engagement communautaire \u00e0 travers mes articles.","sameAs":["https:\/\/vieassociative.be\/"]}]}},"_links":{"self":[{"href":"https:\/\/vieassociative.be\/actualites\/wp-json\/wp\/v2\/posts\/12994"}],"collection":[{"href":"https:\/\/vieassociative.be\/actualites\/wp-json\/wp\/v2\/posts"}],"about":[{"href":"https:\/\/vieassociative.be\/actualites\/wp-json\/wp\/v2\/types\/post"}],"author":[{"embeddable":true,"href":"https:\/\/vieassociative.be\/actualites\/wp-json\/wp\/v2\/users\/1"}],"replies":[{"embeddable":true,"href":"https:\/\/vieassociative.be\/actualites\/wp-json\/wp\/v2\/comments?post=12994"}],"version-history":[{"count":0,"href":"https:\/\/vieassociative.be\/actualites\/wp-json\/wp\/v2\/posts\/12994\/revisions"}],"wp:featuredmedia":[{"embeddable":true,"href":"https:\/\/vieassociative.be\/actualites\/wp-json\/wp\/v2\/media\/12995"}],"wp:attachment":[{"href":"https:\/\/vieassociative.be\/actualites\/wp-json\/wp\/v2\/media?parent=12994"}],"wp:term":[{"taxonomy":"category","embeddable":true,"href":"https:\/\/vieassociative.be\/actualites\/wp-json\/wp\/v2\/categories?post=12994"},{"taxonomy":"post_tag","embeddable":true,"href":"https:\/\/vieassociative.be\/actualites\/wp-json\/wp\/v2\/tags?post=12994"}],"curies":[{"name":"wp","href":"https:\/\/api.w.org\/{rel}","templated":true}]}}